{"id":112495,"date":"2014-09-29T23:33:19","date_gmt":"2014-09-29T21:33:19","guid":{"rendered":"https:\/\/sandzakpress.net\/arhiva\/?p=112495"},"modified":"2014-09-29T23:33:19","modified_gmt":"2014-09-29T21:33:19","slug":"drzavni-vrh-porucio-rozaje-vjecno-odano-crnoj-gori","status":"publish","type":"post","link":"https:\/\/sandzakpress.net\/arhiva\/drzavni-vrh-porucio-rozaje-vjecno-odano-crnoj-gori\/","title":{"rendered":"Dr\u017eavni vrh poru\u010dio &#8211; Ro\u017eaje vje\u010dno odano Crnoj Gori"},"content":{"rendered":"<p class=\"lead\" style=\"color: #000000;\"><img decoding=\"async\" src=\"http:\/\/gdb.rferl.org\/82108062-8918-4F54-AA1A-C10DC9C6F0D3_w640_r1_s.jpg\" alt=\"Milo \u0110ukanovi\u0107 i Ranko Krivokapi\u0107\" \/><\/p>\n<p class=\"lead\" style=\"color: #000000;\"><strong>Ro\u017eaje &#8211; Premijer Milo \u0110ukanovi\u0107 i predsjednik parlamenta Ranko Krivokapi\u0107 uputili su \u010destitke rukovodstvu op\u0161tine Ro\u017eaja, povodom dana tog \u00a0grada.<\/strong><\/p>\n<p style=\"color: #000000;\">\u201ePraznik koji slavite prilika je za podsje\u0107anje i isticanje za primjer kako Ro\u017eaje sa svojim ljudskim i prirodnim potencijalima tradicionalno doprinosi ukupnom razvoju i afirmaciji Crne Gore. Svakako treba naglasiti zavidnu ulogu gra\u0111ana Ro\u017eaja u procesu obnove njene dr\u017eavnosti, u\u010dvr\u0161\u0107ivanju multietni\u010dkog sklada i izgradnji gra\u0111anskog dru\u0161tva, po \u010demu je na\u0161a zemlja prepoznatljiva i uva\u017eena me\u0111u susjedima i u me\u0111unarodnoj zajednici. Sa tom legitimacijom Crna Gora je danas regionalni lider u procesu integracije u EU i NATO\u201d, navodi se u \u010destitki premijera \u0110ukanovi\u0107a.<\/p>\n<p style=\"color: #000000;\">On je izrazio uvjerenje da \u0107e nova lokalna uprava nastaviti na tim temeljnim vrijednostima da radi na valorizaciji izda\u0161nih prirodnih resursa, i stvaranju sigurnijih ekonomskih i socijalnih pretpostavki za bolji i kvalitetniji \u017eivot i dru\u0161tveni standard u Ro\u017eajama.<\/p>\n<p style=\"color: #000000;\">\u201cNa toj liniji mo\u017eete ra\u010dunati na punu i kontinuiranu podr\u0161ku Vlade\u201d, istakao je u \u010destitki premijer \u0110ukanovi\u0107.<\/p>\n<p style=\"color: #000000;\">Navode\u0107i kako su Ro\u017eaje, iako mali, grad\u00a0velike du\u0161e i mjesto u kojem su se uvijek ba\u0161tinili solidarnost, po\u0161tovanje razli\u010ditosti i vje\u010dna odanost svojoj dr\u017eavi Crnoj Gori, predsjednik Skup\u0161tine, Ranko Krivokapi\u0107, povodom Dana op\u0161tine kazao je da je gostoprimstvo gra\u0111ana Ro\u017eaja \u00a0nadaleko poznato.<\/p>\n<p style=\"color: #000000;\">&#8220;I svaki slu\u010dajni ili namjerni gost sa sobom ponese toplinu grada za\u0161ti\u0107enog prelijepom Hajlom i pro\u017eetog Ibrom. Stara izreka \u201cDa Carigrad izgori, Ro\u017eaje bi ga podiglo\u201d najbolje oslikava marljivost i umje\u0161nost Ro\u017eajaca\u201d, navodi se u \u010destitki Krivokapi\u0107a.<\/p>\n<p style=\"color: #000000;\">On je dodao da je Ro\u017eaje umjelo di\u0107i svoj glas i \u201czaiskriti lu\u010dom pravde i slobodarstva onda kada je to bilo najte\u017ee i najpotrebnije Crnoj Gori\u201d.<\/p>\n<p style=\"color: #000000;\">\u201cDr\u017eava i lokalna vlast moraju predano raditi na unaprije\u0111enju kvaliteta \u017eivota gara\u0111ana Ro\u017eaja, a uspje\u0161nost tih politka \u0107e se mjeriti brojem mladih koji ostaju, i brojem gra\u0111ana iz dijaspore koji se vra\u0107aju i tu stvaraju\u201d, navodi se u \u010destitki predsjednika Skup\u0161tine.<\/p>\n<p style=\"color: #000000;\">(CDM)<\/p>\n","protected":false},"excerpt":{"rendered":"<p>Ro\u017eaje &#8211; Premijer Milo \u0110ukanovi\u0107 i predsjednik parlamenta Ranko Krivokapi\u0107 uputili su \u010destitke rukovodstvu op\u0161tine Ro\u017eaja, povodom dana tog \u00a0grada. \u201ePraznik koji slavite prilika je za podsje\u0107anje i isticanje za primjer kako Ro\u017eaje sa svojim ljudskim i prirodnim potencijalima tradicionalno doprinosi ukupnom razvoju i afirmaciji Crne Gore. Svakako treba naglasiti zavidnu ulogu gra\u0111ana Ro\u017eaja u [&hellip;]<\/p>\n","protected":false},"author":83,"featured_media":112496,"comment_status":"open","ping_status":"open","sticky":false,"template":"","format":"standard","meta":{"footnotes":""},"categories":[398,1,8957],"tags":[10218,10465],"class_list":{"0":"post-112495","1":"post","2":"type-post","3":"status-publish","4":"format-standard","5":"has-post-thumbnail","7":"category-rozaje","8":"category-politika","9":"category-vijesti-dana","10":"tag-nepravde-crnogorske-vlasti","11":"tag-vlast-u-rozaju"},"yoast_head":"<!-- This site is optimized with the Yoast SEO Premium plugin v23.1 (Yoast SEO v24.9) - https:\/\/yoast.com\/wordpress\/plugins\/seo\/ -->\n<title>Dr\u017eavni vrh poru\u010dio - Ro\u017eaje vje\u010dno odano Crnoj Gori<\/title>\n<meta name=\"robots\" content=\"index, follow, max-snippet:-1, max-image-preview:large, max-video-preview:-1\" \/>\n<link rel=\"canonical\" href=\"https:\/\/sandzakpress.net\/arhiva\/drzavni-vrh-porucio-rozaje-vjecno-odano-crnoj-gori\/\" \/>\n<meta property=\"og:locale\" content=\"bs_BA\" \/>\n<meta property=\"og:type\" content=\"article\" \/>\n<meta property=\"og:title\" content=\"Dr\u017eavni vrh poru\u010dio - Ro\u017eaje vje\u010dno odano Crnoj Gori\" \/>\n<meta property=\"og:description\" content=\"Ro\u017eaje &#8211; Premijer Milo \u0110ukanovi\u0107 i predsjednik parlamenta Ranko Krivokapi\u0107 uputili su \u010destitke rukovodstvu op\u0161tine Ro\u017eaja, povodom dana tog \u00a0grada. \u201ePraznik koji slavite prilika je za podsje\u0107anje i isticanje za primjer kako Ro\u017eaje sa svojim ljudskim i prirodnim potencijalima tradicionalno doprinosi ukupnom razvoju i afirmaciji Crne Gore. Svakako treba naglasiti zavidnu ulogu gra\u0111ana Ro\u017eaja u [&hellip;]\" \/>\n<meta property=\"og:url\" content=\"https:\/\/sandzakpress.net\/arhiva\/drzavni-vrh-porucio-rozaje-vjecno-odano-crnoj-gori\/\" \/>\n<meta property=\"og:site_name\" content=\"Sand\u017eak PRESS\" \/>\n<meta property=\"article:published_time\" content=\"2014-09-29T21:33:19+00:00\" \/>\n<meta property=\"og:image\" content=\"https:\/\/sandzakpress.net\/arhiva\/wp-content\/uploads\/2014\/09\/82108062-8918-4F54-AA1A-C10DC9C6F0D3_w640_r1_s.jpg\" \/>\n\t<meta property=\"og:image:width\" content=\"640\" \/>\n\t<meta property=\"og:image:height\" content=\"360\" \/>\n\t<meta property=\"og:image:type\" content=\"image\/jpeg\" \/>\n<meta name=\"author\" content=\"bosniak\" \/>\n<meta name=\"twitter:card\" content=\"summary_large_image\" \/>\n<meta name=\"twitter:label1\" content=\"Written by\" \/>\n\t<meta name=\"twitter:data1\" content=\"bosniak\" \/>\n\t<meta name=\"twitter:label2\" content=\"Est. reading time\" \/>\n\t<meta name=\"twitter:data2\" content=\"2 minute\" \/>\n<script type=\"application\/ld+json\" class=\"yoast-schema-graph\">{\"@context\":\"https:\/\/schema.org\",\"@graph\":[{\"@type\":\"Article\",\"@id\":\"https:\/\/sandzakpress.net\/arhiva\/drzavni-vrh-porucio-rozaje-vjecno-odano-crnoj-gori\/#article\",\"isPartOf\":{\"@id\":\"https:\/\/sandzakpress.net\/arhiva\/drzavni-vrh-porucio-rozaje-vjecno-odano-crnoj-gori\/\"},\"author\":{\"name\":\"bosniak\",\"@id\":\"https:\/\/sandzakpress.net\/arhiva\/#\/schema\/person\/c8baee722073534b583ea7bdb2e36c02\"},\"headline\":\"Dr\u017eavni vrh poru\u010dio &#8211; Ro\u017eaje vje\u010dno odano Crnoj Gori\",\"datePublished\":\"2014-09-29T21:33:19+00:00\",\"mainEntityOfPage\":{\"@id\":\"https:\/\/sandzakpress.net\/arhiva\/drzavni-vrh-porucio-rozaje-vjecno-odano-crnoj-gori\/\"},\"wordCount\":374,\"commentCount\":14,\"publisher\":{\"@id\":\"https:\/\/sandzakpress.net\/arhiva\/#\/schema\/person\/6e72b67d6e51910a1117b3b483ba20bd\"},\"image\":{\"@id\":\"https:\/\/sandzakpress.net\/arhiva\/drzavni-vrh-porucio-rozaje-vjecno-odano-crnoj-gori\/#primaryimage\"},\"thumbnailUrl\":\"https:\/\/sandzakpress.net\/arhiva\/wp-content\/uploads\/2014\/09\/82108062-8918-4F54-AA1A-C10DC9C6F0D3_w640_r1_s.jpg\",\"keywords\":[\"nepravde crnogorske vlasti\",\"Vlast u Ro\u017eaju\"],\"articleSection\":[\"Ro\u017eaje\",\"Politika\",\"VIJESTI DANA\"],\"inLanguage\":\"bs-BA\",\"potentialAction\":[{\"@type\":\"CommentAction\",\"name\":\"Comment\",\"target\":[\"https:\/\/sandzakpress.net\/arhiva\/drzavni-vrh-porucio-rozaje-vjecno-odano-crnoj-gori\/#respond\"]}]},{\"@type\":\"WebPage\",\"@id\":\"https:\/\/sandzakpress.net\/arhiva\/drzavni-vrh-porucio-rozaje-vjecno-odano-crnoj-gori\/\",\"url\":\"https:\/\/sandzakpress.net\/arhiva\/drzavni-vrh-porucio-rozaje-vjecno-odano-crnoj-gori\/\",\"name\":\"Dr\u017eavni vrh poru\u010dio - Ro\u017eaje vje\u010dno odano Crnoj Gori\",\"isPartOf\":{\"@id\":\"https:\/\/sandzakpress.net\/arhiva\/#website\"},\"primaryImageOfPage\":{\"@id\":\"https:\/\/sandzakpress.net\/arhiva\/drzavni-vrh-porucio-rozaje-vjecno-odano-crnoj-gori\/#primaryimage\"},\"image\":{\"@id\":\"https:\/\/sandzakpress.net\/arhiva\/drzavni-vrh-porucio-rozaje-vjecno-odano-crnoj-gori\/#primaryimage\"},\"thumbnailUrl\":\"https:\/\/sandzakpress.net\/arhiva\/wp-content\/uploads\/2014\/09\/82108062-8918-4F54-AA1A-C10DC9C6F0D3_w640_r1_s.jpg\",\"datePublished\":\"2014-09-29T21:33:19+00:00\",\"breadcrumb\":{\"@id\":\"https:\/\/sandzakpress.net\/arhiva\/drzavni-vrh-porucio-rozaje-vjecno-odano-crnoj-gori\/#breadcrumb\"},\"inLanguage\":\"bs-BA\",\"potentialAction\":[{\"@type\":\"ReadAction\",\"target\":[\"https:\/\/sandzakpress.net\/arhiva\/drzavni-vrh-porucio-rozaje-vjecno-odano-crnoj-gori\/\"]}]},{\"@type\":\"ImageObject\",\"inLanguage\":\"bs-BA\",\"@id\":\"https:\/\/sandzakpress.net\/arhiva\/drzavni-vrh-porucio-rozaje-vjecno-odano-crnoj-gori\/#primaryimage\",\"url\":\"https:\/\/sandzakpress.net\/arhiva\/wp-content\/uploads\/2014\/09\/82108062-8918-4F54-AA1A-C10DC9C6F0D3_w640_r1_s.jpg\",\"contentUrl\":\"https:\/\/sandzakpress.net\/arhiva\/wp-content\/uploads\/2014\/09\/82108062-8918-4F54-AA1A-C10DC9C6F0D3_w640_r1_s.jpg\",\"width\":640,\"height\":360},{\"@type\":\"BreadcrumbList\",\"@id\":\"https:\/\/sandzakpress.net\/arhiva\/drzavni-vrh-porucio-rozaje-vjecno-odano-crnoj-gori\/#breadcrumb\",\"itemListElement\":[{\"@type\":\"ListItem\",\"position\":1,\"name\":\"Home\",\"item\":\"https:\/\/sandzakpress.net\/arhiva\/\"},{\"@type\":\"ListItem\",\"position\":2,\"name\":\"Dr\u017eavni vrh poru\u010dio &#8211; Ro\u017eaje vje\u010dno odano Crnoj Gori\"}]},{\"@type\":\"WebSite\",\"@id\":\"https:\/\/sandzakpress.net\/arhiva\/#website\",\"url\":\"https:\/\/sandzakpress.net\/arhiva\/\",\"name\":\"Sand\u017eak PRESS\",\"description\":\"Prve elektronske novine u Sand\u017eaku\",\"publisher\":{\"@id\":\"https:\/\/sandzakpress.net\/arhiva\/#\/schema\/person\/6e72b67d6e51910a1117b3b483ba20bd\"},\"potentialAction\":[{\"@type\":\"SearchAction\",\"target\":{\"@type\":\"EntryPoint\",\"urlTemplate\":\"https:\/\/sandzakpress.net\/arhiva\/?s={search_term_string}\"},\"query-input\":{\"@type\":\"PropertyValueSpecification\",\"valueRequired\":true,\"valueName\":\"search_term_string\"}}],\"inLanguage\":\"bs-BA\"},{\"@type\":[\"Person\",\"Organization\"],\"@id\":\"https:\/\/sandzakpress.net\/arhiva\/#\/schema\/person\/6e72b67d6e51910a1117b3b483ba20bd\",\"name\":\"Kul\",\"image\":{\"@type\":\"ImageObject\",\"inLanguage\":\"bs-BA\",\"@id\":\"https:\/\/sandzakpress.net\/arhiva\/#\/schema\/person\/image\/\",\"url\":\"https:\/\/secure.gravatar.com\/avatar\/42263f39aa27ac04c43cab85c280eb2e?s=96&d=mm&r=pg\",\"contentUrl\":\"https:\/\/secure.gravatar.com\/avatar\/42263f39aa27ac04c43cab85c280eb2e?s=96&d=mm&r=pg\",\"caption\":\"Kul\"},\"logo\":{\"@id\":\"https:\/\/sandzakpress.net\/arhiva\/#\/schema\/person\/image\/\"}},{\"@type\":\"Person\",\"@id\":\"https:\/\/sandzakpress.net\/arhiva\/#\/schema\/person\/c8baee722073534b583ea7bdb2e36c02\",\"name\":\"bosniak\",\"image\":{\"@type\":\"ImageObject\",\"inLanguage\":\"bs-BA\",\"@id\":\"https:\/\/sandzakpress.net\/arhiva\/#\/schema\/person\/image\/\",\"url\":\"https:\/\/secure.gravatar.com\/avatar\/a04fd330bfe3a36a72a0ad4a6d89fca7?s=96&d=mm&r=pg\",\"contentUrl\":\"https:\/\/secure.gravatar.com\/avatar\/a04fd330bfe3a36a72a0ad4a6d89fca7?s=96&d=mm&r=pg\",\"caption\":\"bosniak\"},\"url\":\"https:\/\/sandzakpress.net\/arhiva\/author\/bosniak\/\"}]}<\/script>\n<!-- \/ Yoast SEO Premium plugin. -->","yoast_head_json":{"title":"Dr\u017eavni vrh poru\u010dio - Ro\u017eaje vje\u010dno odano Crnoj Gori","robots":{"index":"index","follow":"follow","max-snippet":"max-snippet:-1","max-image-preview":"max-image-preview:large","max-video-preview":"max-video-preview:-1"},"canonical":"https:\/\/sandzakpress.net\/arhiva\/drzavni-vrh-porucio-rozaje-vjecno-odano-crnoj-gori\/","og_locale":"bs_BA","og_type":"article","og_title":"Dr\u017eavni vrh poru\u010dio - Ro\u017eaje vje\u010dno odano Crnoj Gori","og_description":"Ro\u017eaje &#8211; Premijer Milo \u0110ukanovi\u0107 i predsjednik parlamenta Ranko Krivokapi\u0107 uputili su \u010destitke rukovodstvu op\u0161tine Ro\u017eaja, povodom dana tog \u00a0grada. \u201ePraznik koji slavite prilika je za podsje\u0107anje i isticanje za primjer kako Ro\u017eaje sa svojim ljudskim i prirodnim potencijalima tradicionalno doprinosi ukupnom razvoju i afirmaciji Crne Gore. Svakako treba naglasiti zavidnu ulogu gra\u0111ana Ro\u017eaja u [&hellip;]","og_url":"https:\/\/sandzakpress.net\/arhiva\/drzavni-vrh-porucio-rozaje-vjecno-odano-crnoj-gori\/","og_site_name":"Sand\u017eak PRESS","article_published_time":"2014-09-29T21:33:19+00:00","og_image":[{"width":640,"height":360,"url":"https:\/\/sandzakpress.net\/arhiva\/wp-content\/uploads\/2014\/09\/82108062-8918-4F54-AA1A-C10DC9C6F0D3_w640_r1_s.jpg","type":"image\/jpeg"}],"author":"bosniak","twitter_card":"summary_large_image","twitter_misc":{"Written by":"bosniak","Est. reading time":"2 minute"},"schema":{"@context":"https:\/\/schema.org","@graph":[{"@type":"Article","@id":"https:\/\/sandzakpress.net\/arhiva\/drzavni-vrh-porucio-rozaje-vjecno-odano-crnoj-gori\/#article","isPartOf":{"@id":"https:\/\/sandzakpress.net\/arhiva\/drzavni-vrh-porucio-rozaje-vjecno-odano-crnoj-gori\/"},"author":{"name":"bosniak","@id":"https:\/\/sandzakpress.net\/arhiva\/#\/schema\/person\/c8baee722073534b583ea7bdb2e36c02"},"headline":"Dr\u017eavni vrh poru\u010dio &#8211; Ro\u017eaje vje\u010dno odano Crnoj Gori","datePublished":"2014-09-29T21:33:19+00:00","mainEntityOfPage":{"@id":"https:\/\/sandzakpress.net\/arhiva\/drzavni-vrh-porucio-rozaje-vjecno-odano-crnoj-gori\/"},"wordCount":374,"commentCount":14,"publisher":{"@id":"https:\/\/sandzakpress.net\/arhiva\/#\/schema\/person\/6e72b67d6e51910a1117b3b483ba20bd"},"image":{"@id":"https:\/\/sandzakpress.net\/arhiva\/drzavni-vrh-porucio-rozaje-vjecno-odano-crnoj-gori\/#primaryimage"},"thumbnailUrl":"https:\/\/sandzakpress.net\/arhiva\/wp-content\/uploads\/2014\/09\/82108062-8918-4F54-AA1A-C10DC9C6F0D3_w640_r1_s.jpg","keywords":["nepravde crnogorske vlasti","Vlast u Ro\u017eaju"],"articleSection":["Ro\u017eaje","Politika","VIJESTI DANA"],"inLanguage":"bs-BA","potentialAction":[{"@type":"CommentAction","name":"Comment","target":["https:\/\/sandzakpress.net\/arhiva\/drzavni-vrh-porucio-rozaje-vjecno-odano-crnoj-gori\/#respond"]}]},{"@type":"WebPage","@id":"https:\/\/sandzakpress.net\/arhiva\/drzavni-vrh-porucio-rozaje-vjecno-odano-crnoj-gori\/","url":"https:\/\/sandzakpress.net\/arhiva\/drzavni-vrh-porucio-rozaje-vjecno-odano-crnoj-gori\/","name":"Dr\u017eavni vrh poru\u010dio - Ro\u017eaje vje\u010dno odano Crnoj Gori","isPartOf":{"@id":"https:\/\/sandzakpress.net\/arhiva\/#website"},"primaryImageOfPage":{"@id":"https:\/\/sandzakpress.net\/arhiva\/drzavni-vrh-porucio-rozaje-vjecno-odano-crnoj-gori\/#primaryimage"},"image":{"@id":"https:\/\/sandzakpress.net\/arhiva\/drzavni-vrh-porucio-rozaje-vjecno-odano-crnoj-gori\/#primaryimage"},"thumbnailUrl":"https:\/\/sandzakpress.net\/arhiva\/wp-content\/uploads\/2014\/09\/82108062-8918-4F54-AA1A-C10DC9C6F0D3_w640_r1_s.jpg","datePublished":"2014-09-29T21:33:19+00:00","breadcrumb":{"@id":"https:\/\/sandzakpress.net\/arhiva\/drzavni-vrh-porucio-rozaje-vjecno-odano-crnoj-gori\/#breadcrumb"},"inLanguage":"bs-BA","potentialAction":[{"@type":"ReadAction","target":["https:\/\/sandzakpress.net\/arhiva\/drzavni-vrh-porucio-rozaje-vjecno-odano-crnoj-gori\/"]}]},{"@type":"ImageObject","inLanguage":"bs-BA","@id":"https:\/\/sandzakpress.net\/arhiva\/drzavni-vrh-porucio-rozaje-vjecno-odano-crnoj-gori\/#primaryimage","url":"https:\/\/sandzakpress.net\/arhiva\/wp-content\/uploads\/2014\/09\/82108062-8918-4F54-AA1A-C10DC9C6F0D3_w640_r1_s.jpg","contentUrl":"https:\/\/sandzakpress.net\/arhiva\/wp-content\/uploads\/2014\/09\/82108062-8918-4F54-AA1A-C10DC9C6F0D3_w640_r1_s.jpg","width":640,"height":360},{"@type":"BreadcrumbList","@id":"https:\/\/sandzakpress.net\/arhiva\/drzavni-vrh-porucio-rozaje-vjecno-odano-crnoj-gori\/#breadcrumb","itemListElement":[{"@type":"ListItem","position":1,"name":"Home","item":"https:\/\/sandzakpress.net\/arhiva\/"},{"@type":"ListItem","position":2,"name":"Dr\u017eavni vrh poru\u010dio &#8211; Ro\u017eaje vje\u010dno odano Crnoj Gori"}]},{"@type":"WebSite","@id":"https:\/\/sandzakpress.net\/arhiva\/#website","url":"https:\/\/sandzakpress.net\/arhiva\/","name":"Sand\u017eak PRESS","description":"Prve elektronske novine u Sand\u017eaku","publisher":{"@id":"https:\/\/sandzakpress.net\/arhiva\/#\/schema\/person\/6e72b67d6e51910a1117b3b483ba20bd"},"potentialAction":[{"@type":"SearchAction","target":{"@type":"EntryPoint","urlTemplate":"https:\/\/sandzakpress.net\/arhiva\/?s={search_term_string}"},"query-input":{"@type":"PropertyValueSpecification","valueRequired":true,"valueName":"search_term_string"}}],"inLanguage":"bs-BA"},{"@type":["Person","Organization"],"@id":"https:\/\/sandzakpress.net\/arhiva\/#\/schema\/person\/6e72b67d6e51910a1117b3b483ba20bd","name":"Kul","image":{"@type":"ImageObject","inLanguage":"bs-BA","@id":"https:\/\/sandzakpress.net\/arhiva\/#\/schema\/person\/image\/","url":"https:\/\/secure.gravatar.com\/avatar\/42263f39aa27ac04c43cab85c280eb2e?s=96&d=mm&r=pg","contentUrl":"https:\/\/secure.gravatar.com\/avatar\/42263f39aa27ac04c43cab85c280eb2e?s=96&d=mm&r=pg","caption":"Kul"},"logo":{"@id":"https:\/\/sandzakpress.net\/arhiva\/#\/schema\/person\/image\/"}},{"@type":"Person","@id":"https:\/\/sandzakpress.net\/arhiva\/#\/schema\/person\/c8baee722073534b583ea7bdb2e36c02","name":"bosniak","image":{"@type":"ImageObject","inLanguage":"bs-BA","@id":"https:\/\/sandzakpress.net\/arhiva\/#\/schema\/person\/image\/","url":"https:\/\/secure.gravatar.com\/avatar\/a04fd330bfe3a36a72a0ad4a6d89fca7?s=96&d=mm&r=pg","contentUrl":"https:\/\/secure.gravatar.com\/avatar\/a04fd330bfe3a36a72a0ad4a6d89fca7?s=96&d=mm&r=pg","caption":"bosniak"},"url":"https:\/\/sandzakpress.net\/arhiva\/author\/bosniak\/"}]}},"_links":{"self":[{"href":"https:\/\/sandzakpress.net\/arhiva\/wp-json\/wp\/v2\/posts\/112495"}],"collection":[{"href":"https:\/\/sandzakpress.net\/arhiva\/wp-json\/wp\/v2\/posts"}],"about":[{"href":"https:\/\/sandzakpress.net\/arhiva\/wp-json\/wp\/v2\/types\/post"}],"author":[{"embeddable":true,"href":"https:\/\/sandzakpress.net\/arhiva\/wp-json\/wp\/v2\/users\/83"}],"replies":[{"embeddable":true,"href":"https:\/\/sandzakpress.net\/arhiva\/wp-json\/wp\/v2\/comments?post=112495"}],"version-history":[{"count":0,"href":"https:\/\/sandzakpress.net\/arhiva\/wp-json\/wp\/v2\/posts\/112495\/revisions"}],"wp:featuredmedia":[{"embeddable":true,"href":"https:\/\/sandzakpress.net\/arhiva\/wp-json\/wp\/v2\/media\/112496"}],"wp:attachment":[{"href":"https:\/\/sandzakpress.net\/arhiva\/wp-json\/wp\/v2\/media?parent=112495"}],"wp:term":[{"taxonomy":"category","embeddable":true,"href":"https:\/\/sandzakpress.net\/arhiva\/wp-json\/wp\/v2\/categories?post=112495"},{"taxonomy":"post_tag","embeddable":true,"href":"https:\/\/sandzakpress.net\/arhiva\/wp-json\/wp\/v2\/tags?post=112495"}],"curies":[{"name":"wp","href":"https:\/\/api.w.org\/{rel}","templated":true}]}}