{"id":11245,"date":"2011-01-16T18:00:14","date_gmt":"2011-01-16T17:00:14","guid":{"rendered":"https:\/\/sandzakpress.net\/arhiva\/?p=11245"},"modified":"2011-01-16T18:00:14","modified_gmt":"2011-01-16T17:00:14","slug":"odrzano-takmicenje-mladih-ucaca-kurana-2","status":"publish","type":"post","link":"https:\/\/sandzakpress.net\/arhiva\/odrzano-takmicenje-mladih-ucaca-kurana-2\/","title":{"rendered":"Odr\u017eano takmi\u010denje mladih u\u010da\u010da Kur'ana"},"content":{"rendered":"<p><strong><a href=\"https:\/\/sandzakpress.net\/arhiva\/wp-content\/uploads\/2011\/01\/skola-kurana-casnopg-4.jpg\"><img loading=\"lazy\" decoding=\"async\" class=\"alignleft size-medium wp-image-11246\" title=\"skola kurana casnopg (4)\" src=\"https:\/\/sandzakpress.net\/arhiva\/wp-content\/uploads\/2011\/01\/skola-kurana-casnopg-4-300x199.jpg\" alt=\"\" width=\"300\" height=\"199\" \/><\/a>Novi Pazar &#8211; \u0160kola Kur'ana \u010dasnog iz Novog pazara u saradnji sa televizijom \u201eAl D\u017eezira\u201c i ministarstvom vakufa Katara organizovala je takmi\u010denje u u\u010denju Kur'ana za djecu uzrasta od 9 do 12 godina.<\/strong><\/p>\n<p>Takmi\u010denje je odr\u017eano u petak 14. januara 2011. godine u prostorijama \u0160kole Kur'ana u blizini \u017denske medrese. Za ovo takmi\u010denje se prijavilo preko pedesetoro djece iz Novog Pazara, Tutina i Ro\u017eaja.<\/p>\n<p>Prema propozicijama takmi\u010denja djeca su u\u010dila stranicu do dvije iz Kur'ana, a njihovo u\u010denje je snimao kamerom snimatelj televizije \u201eAl D\u017eezira\u201c koji \u0107e snimak poslati komisiji u Katar, a komisija \u0107e ocijenjivati u\u010denje. Najuspje\u0161niji \u0107e ste\u0107i pravo u\u010destvovanja na Svjetskom takmi\u010denju u\u010da\u010da Kur'ana koje \u0107e se ove godine odr\u017eati u Kataru, a imena pobjednika zna\u0107e se polovinom februara.<\/p>\n<p>Povodom ovog takmi\u010denja direktor \u0160kole Kur'ana \u010casnog, hafiz Irfan-ef. Mali\u0107 je rekao:<\/p>\n<p>\u201eDrago nam je \u0161to smo u prilici sprovesti ovaj projekat, i on \u0107e biti sebeb da se postakne na\u0161a mla\u0111a populacija da u\u010de Kur'an. Ono \u0161to nas posebno \u010dini sre\u0107nim i zadovoljnim jeste to \u0161to smo okupili preko pedeset mali\u0161ana koji znaju u\u010diti Kur'an i koji \u0107e pokazati svoje umje\u0107e. \u017delja nam je i cilj nam je da afirmi\u0161emo vrijednosti kur'ana i da \u0161to vi\u0161e ljudi po\u010dne u\u010diti Allahovu d\u017e.\u0161. Knjigu i da se u svakom domu po\u010dne u\u010diti Kur'an \u010casni i da se po Kur'anu i postupa.\u017delja nam je tako\u0111er da iznjedrimo \u0161to vi\u0161e hafiza. Ovo takmi\u010denje je organizirano na inicijativu uva\u017eenog alima, \u0161ejha Jusufa El-Kardavija i to nas posebno \u010dini sre\u0107nim i zadovoljnim. Nastoja\u0107emo da na ovom takmi\u010denju osvijetlimo obraz \u0160kole Kur'ana i Sand\u017eaka.\u201c<\/p>\n<p>\u0160kola Kur'ana \u010casnog otvorena je u aprilu 2010. godine i za nekoliko mjeseci svojeg rada i postojanja uspijela je obu\u010diti nekoliko desetina u\u010denika koji su nau\u010dili po nekoliku d\u017euzeva kur'ana na pamet, i vi\u0161e stotina onih koji su savladali pravilno \u010ditanje harfova i u\u010denje Kur'ana.<\/p>\n<p>Izvor: <strong>IslamskaZajednica.org<\/strong><\/p>\n","protected":false},"excerpt":{"rendered":"<p>Novi Pazar &#8211; \u0160kola Kur'ana \u010dasnog iz Novog pazara u saradnji sa televizijom \u201eAl D\u017eezira\u201c i ministarstvom vakufa Katara organizovala je takmi\u010denje u u\u010denju Kur'ana za djecu uzrasta od 9 do 12 godina. Takmi\u010denje je odr\u017eano u petak 14. januara 2011. godine u prostorijama \u0160kole Kur'ana u blizini \u017denske medrese. Za ovo takmi\u010denje se prijavilo [&hellip;]<\/p>\n","protected":false},"author":83,"featured_media":11246,"comment_status":"open","ping_status":"open","sticky":false,"template":"","format":"standard","meta":{"footnotes":""},"categories":[72,4],"tags":[],"class_list":{"0":"post-11245","1":"post","2":"type-post","3":"status-publish","4":"format-standard","5":"has-post-thumbnail","7":"category-novi-pazar","8":"category-obrazovanje"},"yoast_head":"<!-- This site is optimized with the Yoast SEO Premium plugin v23.1 (Yoast SEO v24.9) - https:\/\/yoast.com\/wordpress\/plugins\/seo\/ -->\n<title>Odr\u017eano takmi\u010denje mladih u\u010da\u010da Kur&#039;ana<\/title>\n<meta name=\"robots\" content=\"index, follow, max-snippet:-1, max-image-preview:large, max-video-preview:-1\" \/>\n<link rel=\"canonical\" href=\"https:\/\/sandzakpress.net\/arhiva\/odrzano-takmicenje-mladih-ucaca-kurana-2\/\" \/>\n<meta property=\"og:locale\" content=\"bs_BA\" \/>\n<meta property=\"og:type\" content=\"article\" \/>\n<meta property=\"og:title\" content=\"Odr\u017eano takmi\u010denje mladih u\u010da\u010da Kur&#039;ana\" \/>\n<meta property=\"og:description\" content=\"Novi Pazar &#8211; \u0160kola Kur&#039;ana \u010dasnog iz Novog pazara u saradnji sa televizijom \u201eAl D\u017eezira\u201c i ministarstvom vakufa Katara organizovala je takmi\u010denje u u\u010denju Kur&#039;ana za djecu uzrasta od 9 do 12 godina. Takmi\u010denje je odr\u017eano u petak 14. januara 2011. godine u prostorijama \u0160kole Kur&#039;ana u blizini \u017denske medrese. Za ovo takmi\u010denje se prijavilo [&hellip;]\" \/>\n<meta property=\"og:url\" content=\"https:\/\/sandzakpress.net\/arhiva\/odrzano-takmicenje-mladih-ucaca-kurana-2\/\" \/>\n<meta property=\"og:site_name\" content=\"Sand\u017eak PRESS\" \/>\n<meta property=\"article:published_time\" content=\"2011-01-16T17:00:14+00:00\" \/>\n<meta property=\"og:image\" content=\"https:\/\/sandzakpress.net\/arhiva\/wp-content\/uploads\/2011\/01\/skola-kurana-casnopg-4.jpg\" \/>\n\t<meta property=\"og:image:width\" content=\"600\" \/>\n\t<meta property=\"og:image:height\" content=\"399\" \/>\n\t<meta property=\"og:image:type\" content=\"image\/jpeg\" \/>\n<meta name=\"author\" content=\"bosniak\" \/>\n<meta name=\"twitter:card\" content=\"summary_large_image\" \/>\n<meta name=\"twitter:label1\" content=\"Written by\" \/>\n\t<meta name=\"twitter:data1\" content=\"bosniak\" \/>\n\t<meta name=\"twitter:label2\" content=\"Est. reading time\" \/>\n\t<meta name=\"twitter:data2\" content=\"2 minute\" \/>\n<script type=\"application\/ld+json\" class=\"yoast-schema-graph\">{\"@context\":\"https:\/\/schema.org\",\"@graph\":[{\"@type\":\"Article\",\"@id\":\"https:\/\/sandzakpress.net\/arhiva\/odrzano-takmicenje-mladih-ucaca-kurana-2\/#article\",\"isPartOf\":{\"@id\":\"https:\/\/sandzakpress.net\/arhiva\/odrzano-takmicenje-mladih-ucaca-kurana-2\/\"},\"author\":{\"name\":\"bosniak\",\"@id\":\"https:\/\/sandzakpress.net\/arhiva\/#\/schema\/person\/c8baee722073534b583ea7bdb2e36c02\"},\"headline\":\"Odr\u017eano takmi\u010denje mladih u\u010da\u010da Kur'ana\",\"datePublished\":\"2011-01-16T17:00:14+00:00\",\"mainEntityOfPage\":{\"@id\":\"https:\/\/sandzakpress.net\/arhiva\/odrzano-takmicenje-mladih-ucaca-kurana-2\/\"},\"wordCount\":377,\"commentCount\":0,\"publisher\":{\"@id\":\"https:\/\/sandzakpress.net\/arhiva\/#\/schema\/person\/6e72b67d6e51910a1117b3b483ba20bd\"},\"image\":{\"@id\":\"https:\/\/sandzakpress.net\/arhiva\/odrzano-takmicenje-mladih-ucaca-kurana-2\/#primaryimage\"},\"thumbnailUrl\":\"https:\/\/sandzakpress.net\/arhiva\/wp-content\/uploads\/2011\/01\/skola-kurana-casnopg-4.jpg\",\"articleSection\":[\"Novi Pazar\",\"Obrazovanje\"],\"inLanguage\":\"bs-BA\",\"potentialAction\":[{\"@type\":\"CommentAction\",\"name\":\"Comment\",\"target\":[\"https:\/\/sandzakpress.net\/arhiva\/odrzano-takmicenje-mladih-ucaca-kurana-2\/#respond\"]}]},{\"@type\":\"WebPage\",\"@id\":\"https:\/\/sandzakpress.net\/arhiva\/odrzano-takmicenje-mladih-ucaca-kurana-2\/\",\"url\":\"https:\/\/sandzakpress.net\/arhiva\/odrzano-takmicenje-mladih-ucaca-kurana-2\/\",\"name\":\"Odr\u017eano takmi\u010denje mladih u\u010da\u010da Kur'ana\",\"isPartOf\":{\"@id\":\"https:\/\/sandzakpress.net\/arhiva\/#website\"},\"primaryImageOfPage\":{\"@id\":\"https:\/\/sandzakpress.net\/arhiva\/odrzano-takmicenje-mladih-ucaca-kurana-2\/#primaryimage\"},\"image\":{\"@id\":\"https:\/\/sandzakpress.net\/arhiva\/odrzano-takmicenje-mladih-ucaca-kurana-2\/#primaryimage\"},\"thumbnailUrl\":\"https:\/\/sandzakpress.net\/arhiva\/wp-content\/uploads\/2011\/01\/skola-kurana-casnopg-4.jpg\",\"datePublished\":\"2011-01-16T17:00:14+00:00\",\"breadcrumb\":{\"@id\":\"https:\/\/sandzakpress.net\/arhiva\/odrzano-takmicenje-mladih-ucaca-kurana-2\/#breadcrumb\"},\"inLanguage\":\"bs-BA\",\"potentialAction\":[{\"@type\":\"ReadAction\",\"target\":[\"https:\/\/sandzakpress.net\/arhiva\/odrzano-takmicenje-mladih-ucaca-kurana-2\/\"]}]},{\"@type\":\"ImageObject\",\"inLanguage\":\"bs-BA\",\"@id\":\"https:\/\/sandzakpress.net\/arhiva\/odrzano-takmicenje-mladih-ucaca-kurana-2\/#primaryimage\",\"url\":\"https:\/\/sandzakpress.net\/arhiva\/wp-content\/uploads\/2011\/01\/skola-kurana-casnopg-4.jpg\",\"contentUrl\":\"https:\/\/sandzakpress.net\/arhiva\/wp-content\/uploads\/2011\/01\/skola-kurana-casnopg-4.jpg\",\"width\":600,\"height\":399},{\"@type\":\"BreadcrumbList\",\"@id\":\"https:\/\/sandzakpress.net\/arhiva\/odrzano-takmicenje-mladih-ucaca-kurana-2\/#breadcrumb\",\"itemListElement\":[{\"@type\":\"ListItem\",\"position\":1,\"name\":\"Home\",\"item\":\"https:\/\/sandzakpress.net\/arhiva\/\"},{\"@type\":\"ListItem\",\"position\":2,\"name\":\"Odr\u017eano takmi\u010denje mladih u\u010da\u010da Kur'ana\"}]},{\"@type\":\"WebSite\",\"@id\":\"https:\/\/sandzakpress.net\/arhiva\/#website\",\"url\":\"https:\/\/sandzakpress.net\/arhiva\/\",\"name\":\"Sand\u017eak PRESS\",\"description\":\"Prve elektronske novine u Sand\u017eaku\",\"publisher\":{\"@id\":\"https:\/\/sandzakpress.net\/arhiva\/#\/schema\/person\/6e72b67d6e51910a1117b3b483ba20bd\"},\"potentialAction\":[{\"@type\":\"SearchAction\",\"target\":{\"@type\":\"EntryPoint\",\"urlTemplate\":\"https:\/\/sandzakpress.net\/arhiva\/?s={search_term_string}\"},\"query-input\":{\"@type\":\"PropertyValueSpecification\",\"valueRequired\":true,\"valueName\":\"search_term_string\"}}],\"inLanguage\":\"bs-BA\"},{\"@type\":[\"Person\",\"Organization\"],\"@id\":\"https:\/\/sandzakpress.net\/arhiva\/#\/schema\/person\/6e72b67d6e51910a1117b3b483ba20bd\",\"name\":\"Kul\",\"image\":{\"@type\":\"ImageObject\",\"inLanguage\":\"bs-BA\",\"@id\":\"https:\/\/sandzakpress.net\/arhiva\/#\/schema\/person\/image\/\",\"url\":\"https:\/\/secure.gravatar.com\/avatar\/42263f39aa27ac04c43cab85c280eb2e?s=96&d=mm&r=pg\",\"contentUrl\":\"https:\/\/secure.gravatar.com\/avatar\/42263f39aa27ac04c43cab85c280eb2e?s=96&d=mm&r=pg\",\"caption\":\"Kul\"},\"logo\":{\"@id\":\"https:\/\/sandzakpress.net\/arhiva\/#\/schema\/person\/image\/\"}},{\"@type\":\"Person\",\"@id\":\"https:\/\/sandzakpress.net\/arhiva\/#\/schema\/person\/c8baee722073534b583ea7bdb2e36c02\",\"name\":\"bosniak\",\"image\":{\"@type\":\"ImageObject\",\"inLanguage\":\"bs-BA\",\"@id\":\"https:\/\/sandzakpress.net\/arhiva\/#\/schema\/person\/image\/\",\"url\":\"https:\/\/secure.gravatar.com\/avatar\/a04fd330bfe3a36a72a0ad4a6d89fca7?s=96&d=mm&r=pg\",\"contentUrl\":\"https:\/\/secure.gravatar.com\/avatar\/a04fd330bfe3a36a72a0ad4a6d89fca7?s=96&d=mm&r=pg\",\"caption\":\"bosniak\"},\"url\":\"https:\/\/sandzakpress.net\/arhiva\/author\/bosniak\/\"}]}<\/script>\n<!-- \/ Yoast SEO Premium plugin. -->","yoast_head_json":{"title":"Odr\u017eano takmi\u010denje mladih u\u010da\u010da Kur'ana","robots":{"index":"index","follow":"follow","max-snippet":"max-snippet:-1","max-image-preview":"max-image-preview:large","max-video-preview":"max-video-preview:-1"},"canonical":"https:\/\/sandzakpress.net\/arhiva\/odrzano-takmicenje-mladih-ucaca-kurana-2\/","og_locale":"bs_BA","og_type":"article","og_title":"Odr\u017eano takmi\u010denje mladih u\u010da\u010da Kur'ana","og_description":"Novi Pazar &#8211; \u0160kola Kur'ana \u010dasnog iz Novog pazara u saradnji sa televizijom \u201eAl D\u017eezira\u201c i ministarstvom vakufa Katara organizovala je takmi\u010denje u u\u010denju Kur'ana za djecu uzrasta od 9 do 12 godina. Takmi\u010denje je odr\u017eano u petak 14. januara 2011. godine u prostorijama \u0160kole Kur'ana u blizini \u017denske medrese. Za ovo takmi\u010denje se prijavilo [&hellip;]","og_url":"https:\/\/sandzakpress.net\/arhiva\/odrzano-takmicenje-mladih-ucaca-kurana-2\/","og_site_name":"Sand\u017eak PRESS","article_published_time":"2011-01-16T17:00:14+00:00","og_image":[{"width":600,"height":399,"url":"https:\/\/sandzakpress.net\/arhiva\/wp-content\/uploads\/2011\/01\/skola-kurana-casnopg-4.jpg","type":"image\/jpeg"}],"author":"bosniak","twitter_card":"summary_large_image","twitter_misc":{"Written by":"bosniak","Est. reading time":"2 minute"},"schema":{"@context":"https:\/\/schema.org","@graph":[{"@type":"Article","@id":"https:\/\/sandzakpress.net\/arhiva\/odrzano-takmicenje-mladih-ucaca-kurana-2\/#article","isPartOf":{"@id":"https:\/\/sandzakpress.net\/arhiva\/odrzano-takmicenje-mladih-ucaca-kurana-2\/"},"author":{"name":"bosniak","@id":"https:\/\/sandzakpress.net\/arhiva\/#\/schema\/person\/c8baee722073534b583ea7bdb2e36c02"},"headline":"Odr\u017eano takmi\u010denje mladih u\u010da\u010da Kur'ana","datePublished":"2011-01-16T17:00:14+00:00","mainEntityOfPage":{"@id":"https:\/\/sandzakpress.net\/arhiva\/odrzano-takmicenje-mladih-ucaca-kurana-2\/"},"wordCount":377,"commentCount":0,"publisher":{"@id":"https:\/\/sandzakpress.net\/arhiva\/#\/schema\/person\/6e72b67d6e51910a1117b3b483ba20bd"},"image":{"@id":"https:\/\/sandzakpress.net\/arhiva\/odrzano-takmicenje-mladih-ucaca-kurana-2\/#primaryimage"},"thumbnailUrl":"https:\/\/sandzakpress.net\/arhiva\/wp-content\/uploads\/2011\/01\/skola-kurana-casnopg-4.jpg","articleSection":["Novi Pazar","Obrazovanje"],"inLanguage":"bs-BA","potentialAction":[{"@type":"CommentAction","name":"Comment","target":["https:\/\/sandzakpress.net\/arhiva\/odrzano-takmicenje-mladih-ucaca-kurana-2\/#respond"]}]},{"@type":"WebPage","@id":"https:\/\/sandzakpress.net\/arhiva\/odrzano-takmicenje-mladih-ucaca-kurana-2\/","url":"https:\/\/sandzakpress.net\/arhiva\/odrzano-takmicenje-mladih-ucaca-kurana-2\/","name":"Odr\u017eano takmi\u010denje mladih u\u010da\u010da Kur'ana","isPartOf":{"@id":"https:\/\/sandzakpress.net\/arhiva\/#website"},"primaryImageOfPage":{"@id":"https:\/\/sandzakpress.net\/arhiva\/odrzano-takmicenje-mladih-ucaca-kurana-2\/#primaryimage"},"image":{"@id":"https:\/\/sandzakpress.net\/arhiva\/odrzano-takmicenje-mladih-ucaca-kurana-2\/#primaryimage"},"thumbnailUrl":"https:\/\/sandzakpress.net\/arhiva\/wp-content\/uploads\/2011\/01\/skola-kurana-casnopg-4.jpg","datePublished":"2011-01-16T17:00:14+00:00","breadcrumb":{"@id":"https:\/\/sandzakpress.net\/arhiva\/odrzano-takmicenje-mladih-ucaca-kurana-2\/#breadcrumb"},"inLanguage":"bs-BA","potentialAction":[{"@type":"ReadAction","target":["https:\/\/sandzakpress.net\/arhiva\/odrzano-takmicenje-mladih-ucaca-kurana-2\/"]}]},{"@type":"ImageObject","inLanguage":"bs-BA","@id":"https:\/\/sandzakpress.net\/arhiva\/odrzano-takmicenje-mladih-ucaca-kurana-2\/#primaryimage","url":"https:\/\/sandzakpress.net\/arhiva\/wp-content\/uploads\/2011\/01\/skola-kurana-casnopg-4.jpg","contentUrl":"https:\/\/sandzakpress.net\/arhiva\/wp-content\/uploads\/2011\/01\/skola-kurana-casnopg-4.jpg","width":600,"height":399},{"@type":"BreadcrumbList","@id":"https:\/\/sandzakpress.net\/arhiva\/odrzano-takmicenje-mladih-ucaca-kurana-2\/#breadcrumb","itemListElement":[{"@type":"ListItem","position":1,"name":"Home","item":"https:\/\/sandzakpress.net\/arhiva\/"},{"@type":"ListItem","position":2,"name":"Odr\u017eano takmi\u010denje mladih u\u010da\u010da Kur'ana"}]},{"@type":"WebSite","@id":"https:\/\/sandzakpress.net\/arhiva\/#website","url":"https:\/\/sandzakpress.net\/arhiva\/","name":"Sand\u017eak PRESS","description":"Prve elektronske novine u Sand\u017eaku","publisher":{"@id":"https:\/\/sandzakpress.net\/arhiva\/#\/schema\/person\/6e72b67d6e51910a1117b3b483ba20bd"},"potentialAction":[{"@type":"SearchAction","target":{"@type":"EntryPoint","urlTemplate":"https:\/\/sandzakpress.net\/arhiva\/?s={search_term_string}"},"query-input":{"@type":"PropertyValueSpecification","valueRequired":true,"valueName":"search_term_string"}}],"inLanguage":"bs-BA"},{"@type":["Person","Organization"],"@id":"https:\/\/sandzakpress.net\/arhiva\/#\/schema\/person\/6e72b67d6e51910a1117b3b483ba20bd","name":"Kul","image":{"@type":"ImageObject","inLanguage":"bs-BA","@id":"https:\/\/sandzakpress.net\/arhiva\/#\/schema\/person\/image\/","url":"https:\/\/secure.gravatar.com\/avatar\/42263f39aa27ac04c43cab85c280eb2e?s=96&d=mm&r=pg","contentUrl":"https:\/\/secure.gravatar.com\/avatar\/42263f39aa27ac04c43cab85c280eb2e?s=96&d=mm&r=pg","caption":"Kul"},"logo":{"@id":"https:\/\/sandzakpress.net\/arhiva\/#\/schema\/person\/image\/"}},{"@type":"Person","@id":"https:\/\/sandzakpress.net\/arhiva\/#\/schema\/person\/c8baee722073534b583ea7bdb2e36c02","name":"bosniak","image":{"@type":"ImageObject","inLanguage":"bs-BA","@id":"https:\/\/sandzakpress.net\/arhiva\/#\/schema\/person\/image\/","url":"https:\/\/secure.gravatar.com\/avatar\/a04fd330bfe3a36a72a0ad4a6d89fca7?s=96&d=mm&r=pg","contentUrl":"https:\/\/secure.gravatar.com\/avatar\/a04fd330bfe3a36a72a0ad4a6d89fca7?s=96&d=mm&r=pg","caption":"bosniak"},"url":"https:\/\/sandzakpress.net\/arhiva\/author\/bosniak\/"}]}},"_links":{"self":[{"href":"https:\/\/sandzakpress.net\/arhiva\/wp-json\/wp\/v2\/posts\/11245"}],"collection":[{"href":"https:\/\/sandzakpress.net\/arhiva\/wp-json\/wp\/v2\/posts"}],"about":[{"href":"https:\/\/sandzakpress.net\/arhiva\/wp-json\/wp\/v2\/types\/post"}],"author":[{"embeddable":true,"href":"https:\/\/sandzakpress.net\/arhiva\/wp-json\/wp\/v2\/users\/83"}],"replies":[{"embeddable":true,"href":"https:\/\/sandzakpress.net\/arhiva\/wp-json\/wp\/v2\/comments?post=11245"}],"version-history":[{"count":0,"href":"https:\/\/sandzakpress.net\/arhiva\/wp-json\/wp\/v2\/posts\/11245\/revisions"}],"wp:featuredmedia":[{"embeddable":true,"href":"https:\/\/sandzakpress.net\/arhiva\/wp-json\/wp\/v2\/media\/11246"}],"wp:attachment":[{"href":"https:\/\/sandzakpress.net\/arhiva\/wp-json\/wp\/v2\/media?parent=11245"}],"wp:term":[{"taxonomy":"category","embeddable":true,"href":"https:\/\/sandzakpress.net\/arhiva\/wp-json\/wp\/v2\/categories?post=11245"},{"taxonomy":"post_tag","embeddable":true,"href":"https:\/\/sandzakpress.net\/arhiva\/wp-json\/wp\/v2\/tags?post=11245"}],"curies":[{"name":"wp","href":"https:\/\/api.w.org\/{rel}","templated":true}]}}