{"id":112414,"date":"2014-09-28T17:23:04","date_gmt":"2014-09-28T15:23:04","guid":{"rendered":"https:\/\/sandzakpress.net\/arhiva\/?p=112414"},"modified":"2014-09-28T17:47:24","modified_gmt":"2014-09-28T15:47:24","slug":"srbija-odrzala-gej-paradu-sada-moze-u-evropsku-uniju","status":"publish","type":"post","link":"https:\/\/sandzakpress.net\/arhiva\/srbija-odrzala-gej-paradu-sada-moze-u-evropsku-uniju\/","title":{"rendered":"Srbija odr\u017eala &#8220;Gej paradu&#8221; &#8211; Sada mo\u017ee u Evropsku uniju"},"content":{"rendered":"<figure style=\"color: #000000;\"><img decoding=\"async\" src=\"http:\/\/images2.kurir-info.rs\/slika-620x419\/parada-ponosa-gej-parada-prajd-foto-kurir-1411915473-576145.jpg\" alt=\"parada ponosa, gej parada, prajd foto kurir\" \/><\/figure>\n<div class=\"clr_fix\" style=\"color: #000000;\">\n<div class=\"std_text_area fontzoom_2\">\n<p><strong>Srbija-\u00a0Parada ponosa\u00a0odr\u017eana je danas bez ve\u0107ih incidenata. Prajd je zavr\u0161en \u0161etnjom pripadnika LGBT populacije i gra\u0111ana koji ih podr\u017eavaju i obra\u0107anjem organizatora i u\u010desnika, a predstavnici stranih ambasada poru\u010dili su da je ovo historijski dan i da Srbija \u0161alje sna\u017enu, pozitivnu poruku da se u zemlji po\u0161tuju ljudska prava i da nema mjesta za govor mr\u017enje.<\/strong><\/p>\n<p>Strogi centar glavnog grada jutros je bio pod opsadom policije koja je zatvorila sve prilaze kuda je parada trebalo da pro\u0111e.<\/p>\n<div id=\"figure_575913\" class=\"figure  var_620x419\"><img decoding=\"async\" src=\"http:\/\/images.kurir-info.rs\/slika-620x419\/parada-ponosa-prajd-2014-foto-dragan-kadic-1411899268-575913.jpg\" alt=\"Foto Dragan Kadi\u0107\" \/><strong class=\"figcaption\"><b style=\"color: #ffffff;\">Foto Dragan Kadi\u0107<\/b><\/strong><\/div>\n<p>Pristalice Prajda i sami u\u010desnici okupljali su se u Nemanjinoj i spremali se za svoju \u0161etnju.<\/p>\n<div id=\"figure_576013\" class=\"figure  var_620x419\"><img decoding=\"async\" src=\"http:\/\/images2.kurir-info.rs\/slika-620x419\/parada-ponosa-prajd-2014-foto-nemanja-pancic-1411906439-576013.jpg\" alt=\"\" \/><\/div>\n<p>Njima su se pridru\u017eili i mnogi srpski politi\u010dari, izme\u0111u ostalih gradona\u010delnik Beograda Sini\u0161a Mali, ambasador Amerike Majkl Kirbi i Tanja Mi\u0161\u0107evi\u0107, \u0161efica Pregovara\u010dkog tima za pristupanje Srbije EU.<\/p>\n<div id=\"figure_576025\" class=\"figure  var_620x419\"><img decoding=\"async\" src=\"http:\/\/images2.kurir-info.rs\/slika-620x419\/parada-ponosa-prajd-2014-foto-nemanja-pancic-1411906439-576025.jpg\" alt=\"Foto Nemanja Pan\u010di\u0107\" \/><strong class=\"figcaption\"><b style=\"color: #ffffff;\">Foto Nemanja Pan\u010di\u0107<\/b><\/strong><\/div>\n<p>Nata\u0161a Kandi\u0107\u00a0je poku\u0161ala da u\u0111e na jednom od tri punkta gdje su gra\u0111ani mogli da se pridru\u017ee u\u010desnicima \u0161etnje, ali je policija nije odmah pustila. Poslije molbi uspjela je da se priklju\u010di \u0161etnji.<\/p>\n<div id=\"figure_575931\" class=\"figure  var_620x419\"><img decoding=\"async\" src=\"http:\/\/images.kurir-info.rs\/slika-620x419\/natasa-kandic-foto-dado-djilas-1411900428-575931.jpg\" alt=\"Foto Dado \u0110ilas\" \/><strong class=\"figcaption\"><b style=\"color: #ffffff;\">Foto Dado \u0110ilas<\/b><\/strong><\/div>\n<p>Dok su &#8220;prajdovci&#8221; \u0161etali centralnim ulicama Beograda, nekoliko stotina mladi\u0107a se okupilo oko Hrama Svetog Save. Kada je povorka krenula, sa Hrama Svetog Save i Saborne crkve \u010dula su se zvona. Zvona su se oglasila i na Vaznesenskoj crkvi kada joj nije vrijeme.<\/p>\n<div id=\"figure_576087\" class=\"figure  var_620x419\"><img decoding=\"async\" src=\"http:\/\/images.kurir-info.rs\/slika-620x419\/parada-ponosa-foto-kurir-1411910553-576087.jpg\" alt=\"\" \/><\/div>\n<p>Protivnici\u00a0Parade ponosa sukobili\u00a0su se sa na uglu Nemanjine i\u00a0Beogradske ulice. Poku\u0161ali su da krenu prema koloni u\u010desnika Parade ponosa, u \u010demu ih je \u017dandarmerija sprije\u010dila. Na \u017eandarme su ba\u010dene i kamenice.<\/p>\n<div id=\"figure_576079\" class=\"figure  var_620x419\"><img decoding=\"async\" src=\"http:\/\/images2.kurir-info.rs\/slika-620x419\/parada-ponosa-foto-kurir-1411910553-576079.jpg\" alt=\"\" \/><\/div>\n<p>Sve\u0161tenici koji su se \u017eestoko protivili odr\u017eavanju Prajda, a neki su i iza\u0161li na ulice Beograda i ispred koridora policije \u010ditali molitve.<\/p>\n<div id=\"figure_576103\" class=\"figure  var_620x419\"><img decoding=\"async\" src=\"http:\/\/images2.kurir-info.rs\/slika-620x419\/parada-ponosa-pop-gej-parada-foto-cile-1411912611-576103.jpg\" alt=\"\" \/><\/div>\n<p>\u0160etnja glavnim ulicama protekla je bez incidenata uz koridor policije.<\/p>\n<div id=\"figure_576041\" class=\"figure  var_620x419\"><img decoding=\"async\" src=\"http:\/\/images3.kurir-info.rs\/slika-620x419\/parada-ponosa-prajd-2014-foto-nemanja-pancic-1411906682-576041.jpg\" alt=\"Nemanja Pan\u010di\u0107 \" \/><strong class=\"figcaption\"><b style=\"color: #ffffff;\">Nemanja Pan\u010di\u0107<\/b><\/strong><\/div>\n<p>Srbija je, prema rije\u010dma stranih diplomata, pokazala da\u00a0\u0161alje sna\u017enu, pozitivnu poruku da se u zemlji po\u0161tuju ljudska prava i da nema mesta za govor mr\u017enje. Poljupci ispod zastave duginih boja bili su danas uobi\u010dajeni u centru Beograda.<\/p>\n<div id=\"figure_576135\" class=\"figure  var_620x419\"><img decoding=\"async\" src=\"http:\/\/images.kurir-info.rs\/slika-620x419\/parada-ponosa-gej-parada-prajd-foto-nemanja-pancic-1411914191-576135.jpg\" alt=\"Foto: Nemanja Pan\u010di\u0107\" \/><strong class=\"figcaption\"><b style=\"color: #ffffff;\">Foto: Nemanja Pan\u010di\u0107<\/b><\/strong><\/div>\n<p>A bilo je i ovakvih scena:<\/p>\n<div id=\"figure_576137\" class=\"figure  var_620x419\"><img decoding=\"async\" src=\"http:\/\/images3.kurir-info.rs\/slika-620x419\/parada-ponosa-gej-parada-prajd-foto-nemanja-pancic-1411914316-576137.jpg\" alt=\"Foto Nemanja Pan\u010di\u0107\" \/><strong class=\"figcaption\"><b style=\"color: #ffffff;\">Foto Nemanja Pan\u010di\u0107<\/b><\/strong><\/div>\n<p>I porde toga \u0161to je centar grada bio blokiran,\u00a0kordon policije kod Saborne crkve propustili su svatove koji su krenuli po mladu.\u00a0Mlada i mlado\u017eenja\u00a0su \u010dak i stigli da poziraju znati\u017eeljnim fotoreporterima.<\/p>\n<div id=\"figure_576111\" class=\"figure  var_620x419\"><img decoding=\"async\" src=\"http:\/\/images.kurir-info.rs\/slika-620x419\/vencanje-parada-ponosa-gej-parada-foto-dragan-kadic-1411912830-576111.jpg\" alt=\"Foto: Dragan Kadi\u0107\" \/><strong class=\"figcaption\"><b style=\"color: #ffffff;\">Foto: Dragan Kadi\u0107<\/b><\/strong><\/div>\n<p>Parada ponosa je zavr\u0161ena bez velikih incidenata, a u\u010desnici Prajda su maricama razvozeni svojim ku\u0107ama.<\/p>\n<div id=\"figure_576119\" class=\"figure  var_620x419\"><img decoding=\"async\" src=\"http:\/\/images3.kurir-info.rs\/slika-620x419\/parada-ponosa-gej-parada-foto-cile-1411913286-576119.jpg\" alt=\"Foto: Aleksandar Jovanovi\u0107 \" \/><\/div>\n<div class=\"figure  var_620x419\">(Kurir)<\/div>\n<div class=\"figure  var_620x419\"><\/div>\n<\/div>\n<\/div>\n","protected":false},"excerpt":{"rendered":"<p>Srbija-\u00a0Parada ponosa\u00a0odr\u017eana je danas bez ve\u0107ih incidenata. Prajd je zavr\u0161en \u0161etnjom pripadnika LGBT populacije i gra\u0111ana koji ih podr\u017eavaju i obra\u0107anjem organizatora i u\u010desnika, a predstavnici stranih ambasada poru\u010dili su da je ovo historijski dan i da Srbija \u0161alje sna\u017enu, pozitivnu poruku da se u zemlji po\u0161tuju ljudska prava i da nema mjesta za govor [&hellip;]<\/p>\n","protected":false},"author":83,"featured_media":112415,"comment_status":"open","ping_status":"open","sticky":false,"template":"","format":"standard","meta":{"footnotes":""},"categories":[1,10307,8957],"tags":[10396],"class_list":{"0":"post-112414","1":"post","2":"type-post","3":"status-publish","4":"format-standard","5":"has-post-thumbnail","7":"category-politika","8":"category-srbija","9":"category-vijesti-dana","10":"tag-nepravde-zapada"},"yoast_head":"<!-- This site is optimized with the Yoast SEO Premium plugin v23.1 (Yoast SEO v24.9) - https:\/\/yoast.com\/wordpress\/plugins\/seo\/ -->\n<title>Srbija odr\u017eala &quot;Gej paradu&quot; - Sada mo\u017ee u Evropsku uniju<\/title>\n<meta name=\"robots\" content=\"index, follow, max-snippet:-1, max-image-preview:large, max-video-preview:-1\" \/>\n<link rel=\"canonical\" href=\"https:\/\/sandzakpress.net\/arhiva\/srbija-odrzala-gej-paradu-sada-moze-u-evropsku-uniju\/\" \/>\n<meta property=\"og:locale\" content=\"bs_BA\" \/>\n<meta property=\"og:type\" content=\"article\" \/>\n<meta property=\"og:title\" content=\"Srbija odr\u017eala &quot;Gej paradu&quot; - Sada mo\u017ee u Evropsku uniju\" \/>\n<meta property=\"og:description\" content=\"Srbija-\u00a0Parada ponosa\u00a0odr\u017eana je danas bez ve\u0107ih incidenata. Prajd je zavr\u0161en \u0161etnjom pripadnika LGBT populacije i gra\u0111ana koji ih podr\u017eavaju i obra\u0107anjem organizatora i u\u010desnika, a predstavnici stranih ambasada poru\u010dili su da je ovo historijski dan i da Srbija \u0161alje sna\u017enu, pozitivnu poruku da se u zemlji po\u0161tuju ljudska prava i da nema mjesta za govor [&hellip;]\" \/>\n<meta property=\"og:url\" content=\"https:\/\/sandzakpress.net\/arhiva\/srbija-odrzala-gej-paradu-sada-moze-u-evropsku-uniju\/\" \/>\n<meta property=\"og:site_name\" content=\"Sand\u017eak PRESS\" \/>\n<meta property=\"article:published_time\" content=\"2014-09-28T15:23:04+00:00\" \/>\n<meta property=\"article:modified_time\" content=\"2014-09-28T15:47:24+00:00\" \/>\n<meta property=\"og:image\" content=\"https:\/\/sandzakpress.net\/arhiva\/wp-content\/uploads\/2014\/09\/parada-ponosa-gej-parada-prajd-foto-kurir-1411915473-576145.jpg\" \/>\n\t<meta property=\"og:image:width\" content=\"620\" \/>\n\t<meta property=\"og:image:height\" content=\"419\" \/>\n\t<meta property=\"og:image:type\" content=\"image\/jpeg\" \/>\n<meta name=\"author\" content=\"bosniak\" \/>\n<meta name=\"twitter:card\" content=\"summary_large_image\" \/>\n<meta name=\"twitter:label1\" content=\"Written by\" \/>\n\t<meta name=\"twitter:data1\" content=\"bosniak\" \/>\n\t<meta name=\"twitter:label2\" content=\"Est. reading time\" \/>\n\t<meta name=\"twitter:data2\" content=\"2 minute\" \/>\n<script type=\"application\/ld+json\" class=\"yoast-schema-graph\">{\"@context\":\"https:\/\/schema.org\",\"@graph\":[{\"@type\":\"Article\",\"@id\":\"https:\/\/sandzakpress.net\/arhiva\/srbija-odrzala-gej-paradu-sada-moze-u-evropsku-uniju\/#article\",\"isPartOf\":{\"@id\":\"https:\/\/sandzakpress.net\/arhiva\/srbija-odrzala-gej-paradu-sada-moze-u-evropsku-uniju\/\"},\"author\":{\"name\":\"bosniak\",\"@id\":\"https:\/\/sandzakpress.net\/arhiva\/#\/schema\/person\/c8baee722073534b583ea7bdb2e36c02\"},\"headline\":\"Srbija odr\u017eala &#8220;Gej paradu&#8221; &#8211; Sada mo\u017ee u Evropsku uniju\",\"datePublished\":\"2014-09-28T15:23:04+00:00\",\"dateModified\":\"2014-09-28T15:47:24+00:00\",\"mainEntityOfPage\":{\"@id\":\"https:\/\/sandzakpress.net\/arhiva\/srbija-odrzala-gej-paradu-sada-moze-u-evropsku-uniju\/\"},\"wordCount\":440,\"commentCount\":37,\"publisher\":{\"@id\":\"https:\/\/sandzakpress.net\/arhiva\/#\/schema\/person\/6e72b67d6e51910a1117b3b483ba20bd\"},\"image\":{\"@id\":\"https:\/\/sandzakpress.net\/arhiva\/srbija-odrzala-gej-paradu-sada-moze-u-evropsku-uniju\/#primaryimage\"},\"thumbnailUrl\":\"https:\/\/sandzakpress.net\/arhiva\/wp-content\/uploads\/2014\/09\/parada-ponosa-gej-parada-prajd-foto-kurir-1411915473-576145.jpg\",\"keywords\":[\"nepravde zapada\"],\"articleSection\":[\"Politika\",\"Srbija\",\"VIJESTI DANA\"],\"inLanguage\":\"bs-BA\",\"potentialAction\":[{\"@type\":\"CommentAction\",\"name\":\"Comment\",\"target\":[\"https:\/\/sandzakpress.net\/arhiva\/srbija-odrzala-gej-paradu-sada-moze-u-evropsku-uniju\/#respond\"]}]},{\"@type\":\"WebPage\",\"@id\":\"https:\/\/sandzakpress.net\/arhiva\/srbija-odrzala-gej-paradu-sada-moze-u-evropsku-uniju\/\",\"url\":\"https:\/\/sandzakpress.net\/arhiva\/srbija-odrzala-gej-paradu-sada-moze-u-evropsku-uniju\/\",\"name\":\"Srbija odr\u017eala \\\"Gej paradu\\\" - Sada mo\u017ee u Evropsku uniju\",\"isPartOf\":{\"@id\":\"https:\/\/sandzakpress.net\/arhiva\/#website\"},\"primaryImageOfPage\":{\"@id\":\"https:\/\/sandzakpress.net\/arhiva\/srbija-odrzala-gej-paradu-sada-moze-u-evropsku-uniju\/#primaryimage\"},\"image\":{\"@id\":\"https:\/\/sandzakpress.net\/arhiva\/srbija-odrzala-gej-paradu-sada-moze-u-evropsku-uniju\/#primaryimage\"},\"thumbnailUrl\":\"https:\/\/sandzakpress.net\/arhiva\/wp-content\/uploads\/2014\/09\/parada-ponosa-gej-parada-prajd-foto-kurir-1411915473-576145.jpg\",\"datePublished\":\"2014-09-28T15:23:04+00:00\",\"dateModified\":\"2014-09-28T15:47:24+00:00\",\"breadcrumb\":{\"@id\":\"https:\/\/sandzakpress.net\/arhiva\/srbija-odrzala-gej-paradu-sada-moze-u-evropsku-uniju\/#breadcrumb\"},\"inLanguage\":\"bs-BA\",\"potentialAction\":[{\"@type\":\"ReadAction\",\"target\":[\"https:\/\/sandzakpress.net\/arhiva\/srbija-odrzala-gej-paradu-sada-moze-u-evropsku-uniju\/\"]}]},{\"@type\":\"ImageObject\",\"inLanguage\":\"bs-BA\",\"@id\":\"https:\/\/sandzakpress.net\/arhiva\/srbija-odrzala-gej-paradu-sada-moze-u-evropsku-uniju\/#primaryimage\",\"url\":\"https:\/\/sandzakpress.net\/arhiva\/wp-content\/uploads\/2014\/09\/parada-ponosa-gej-parada-prajd-foto-kurir-1411915473-576145.jpg\",\"contentUrl\":\"https:\/\/sandzakpress.net\/arhiva\/wp-content\/uploads\/2014\/09\/parada-ponosa-gej-parada-prajd-foto-kurir-1411915473-576145.jpg\",\"width\":620,\"height\":419},{\"@type\":\"BreadcrumbList\",\"@id\":\"https:\/\/sandzakpress.net\/arhiva\/srbija-odrzala-gej-paradu-sada-moze-u-evropsku-uniju\/#breadcrumb\",\"itemListElement\":[{\"@type\":\"ListItem\",\"position\":1,\"name\":\"Home\",\"item\":\"https:\/\/sandzakpress.net\/arhiva\/\"},{\"@type\":\"ListItem\",\"position\":2,\"name\":\"Srbija odr\u017eala &#8220;Gej paradu&#8221; &#8211; Sada mo\u017ee u Evropsku uniju\"}]},{\"@type\":\"WebSite\",\"@id\":\"https:\/\/sandzakpress.net\/arhiva\/#website\",\"url\":\"https:\/\/sandzakpress.net\/arhiva\/\",\"name\":\"Sand\u017eak PRESS\",\"description\":\"Prve elektronske novine u Sand\u017eaku\",\"publisher\":{\"@id\":\"https:\/\/sandzakpress.net\/arhiva\/#\/schema\/person\/6e72b67d6e51910a1117b3b483ba20bd\"},\"potentialAction\":[{\"@type\":\"SearchAction\",\"target\":{\"@type\":\"EntryPoint\",\"urlTemplate\":\"https:\/\/sandzakpress.net\/arhiva\/?s={search_term_string}\"},\"query-input\":{\"@type\":\"PropertyValueSpecification\",\"valueRequired\":true,\"valueName\":\"search_term_string\"}}],\"inLanguage\":\"bs-BA\"},{\"@type\":[\"Person\",\"Organization\"],\"@id\":\"https:\/\/sandzakpress.net\/arhiva\/#\/schema\/person\/6e72b67d6e51910a1117b3b483ba20bd\",\"name\":\"Kul\",\"image\":{\"@type\":\"ImageObject\",\"inLanguage\":\"bs-BA\",\"@id\":\"https:\/\/sandzakpress.net\/arhiva\/#\/schema\/person\/image\/\",\"url\":\"https:\/\/secure.gravatar.com\/avatar\/42263f39aa27ac04c43cab85c280eb2e?s=96&d=mm&r=pg\",\"contentUrl\":\"https:\/\/secure.gravatar.com\/avatar\/42263f39aa27ac04c43cab85c280eb2e?s=96&d=mm&r=pg\",\"caption\":\"Kul\"},\"logo\":{\"@id\":\"https:\/\/sandzakpress.net\/arhiva\/#\/schema\/person\/image\/\"}},{\"@type\":\"Person\",\"@id\":\"https:\/\/sandzakpress.net\/arhiva\/#\/schema\/person\/c8baee722073534b583ea7bdb2e36c02\",\"name\":\"bosniak\",\"image\":{\"@type\":\"ImageObject\",\"inLanguage\":\"bs-BA\",\"@id\":\"https:\/\/sandzakpress.net\/arhiva\/#\/schema\/person\/image\/\",\"url\":\"https:\/\/secure.gravatar.com\/avatar\/a04fd330bfe3a36a72a0ad4a6d89fca7?s=96&d=mm&r=pg\",\"contentUrl\":\"https:\/\/secure.gravatar.com\/avatar\/a04fd330bfe3a36a72a0ad4a6d89fca7?s=96&d=mm&r=pg\",\"caption\":\"bosniak\"},\"url\":\"https:\/\/sandzakpress.net\/arhiva\/author\/bosniak\/\"}]}<\/script>\n<!-- \/ Yoast SEO Premium plugin. -->","yoast_head_json":{"title":"Srbija odr\u017eala \"Gej paradu\" - Sada mo\u017ee u Evropsku uniju","robots":{"index":"index","follow":"follow","max-snippet":"max-snippet:-1","max-image-preview":"max-image-preview:large","max-video-preview":"max-video-preview:-1"},"canonical":"https:\/\/sandzakpress.net\/arhiva\/srbija-odrzala-gej-paradu-sada-moze-u-evropsku-uniju\/","og_locale":"bs_BA","og_type":"article","og_title":"Srbija odr\u017eala \"Gej paradu\" - Sada mo\u017ee u Evropsku uniju","og_description":"Srbija-\u00a0Parada ponosa\u00a0odr\u017eana je danas bez ve\u0107ih incidenata. Prajd je zavr\u0161en \u0161etnjom pripadnika LGBT populacije i gra\u0111ana koji ih podr\u017eavaju i obra\u0107anjem organizatora i u\u010desnika, a predstavnici stranih ambasada poru\u010dili su da je ovo historijski dan i da Srbija \u0161alje sna\u017enu, pozitivnu poruku da se u zemlji po\u0161tuju ljudska prava i da nema mjesta za govor [&hellip;]","og_url":"https:\/\/sandzakpress.net\/arhiva\/srbija-odrzala-gej-paradu-sada-moze-u-evropsku-uniju\/","og_site_name":"Sand\u017eak PRESS","article_published_time":"2014-09-28T15:23:04+00:00","article_modified_time":"2014-09-28T15:47:24+00:00","og_image":[{"width":620,"height":419,"url":"https:\/\/sandzakpress.net\/arhiva\/wp-content\/uploads\/2014\/09\/parada-ponosa-gej-parada-prajd-foto-kurir-1411915473-576145.jpg","type":"image\/jpeg"}],"author":"bosniak","twitter_card":"summary_large_image","twitter_misc":{"Written by":"bosniak","Est. reading time":"2 minute"},"schema":{"@context":"https:\/\/schema.org","@graph":[{"@type":"Article","@id":"https:\/\/sandzakpress.net\/arhiva\/srbija-odrzala-gej-paradu-sada-moze-u-evropsku-uniju\/#article","isPartOf":{"@id":"https:\/\/sandzakpress.net\/arhiva\/srbija-odrzala-gej-paradu-sada-moze-u-evropsku-uniju\/"},"author":{"name":"bosniak","@id":"https:\/\/sandzakpress.net\/arhiva\/#\/schema\/person\/c8baee722073534b583ea7bdb2e36c02"},"headline":"Srbija odr\u017eala &#8220;Gej paradu&#8221; &#8211; Sada mo\u017ee u Evropsku uniju","datePublished":"2014-09-28T15:23:04+00:00","dateModified":"2014-09-28T15:47:24+00:00","mainEntityOfPage":{"@id":"https:\/\/sandzakpress.net\/arhiva\/srbija-odrzala-gej-paradu-sada-moze-u-evropsku-uniju\/"},"wordCount":440,"commentCount":37,"publisher":{"@id":"https:\/\/sandzakpress.net\/arhiva\/#\/schema\/person\/6e72b67d6e51910a1117b3b483ba20bd"},"image":{"@id":"https:\/\/sandzakpress.net\/arhiva\/srbija-odrzala-gej-paradu-sada-moze-u-evropsku-uniju\/#primaryimage"},"thumbnailUrl":"https:\/\/sandzakpress.net\/arhiva\/wp-content\/uploads\/2014\/09\/parada-ponosa-gej-parada-prajd-foto-kurir-1411915473-576145.jpg","keywords":["nepravde zapada"],"articleSection":["Politika","Srbija","VIJESTI DANA"],"inLanguage":"bs-BA","potentialAction":[{"@type":"CommentAction","name":"Comment","target":["https:\/\/sandzakpress.net\/arhiva\/srbija-odrzala-gej-paradu-sada-moze-u-evropsku-uniju\/#respond"]}]},{"@type":"WebPage","@id":"https:\/\/sandzakpress.net\/arhiva\/srbija-odrzala-gej-paradu-sada-moze-u-evropsku-uniju\/","url":"https:\/\/sandzakpress.net\/arhiva\/srbija-odrzala-gej-paradu-sada-moze-u-evropsku-uniju\/","name":"Srbija odr\u017eala \"Gej paradu\" - Sada mo\u017ee u Evropsku uniju","isPartOf":{"@id":"https:\/\/sandzakpress.net\/arhiva\/#website"},"primaryImageOfPage":{"@id":"https:\/\/sandzakpress.net\/arhiva\/srbija-odrzala-gej-paradu-sada-moze-u-evropsku-uniju\/#primaryimage"},"image":{"@id":"https:\/\/sandzakpress.net\/arhiva\/srbija-odrzala-gej-paradu-sada-moze-u-evropsku-uniju\/#primaryimage"},"thumbnailUrl":"https:\/\/sandzakpress.net\/arhiva\/wp-content\/uploads\/2014\/09\/parada-ponosa-gej-parada-prajd-foto-kurir-1411915473-576145.jpg","datePublished":"2014-09-28T15:23:04+00:00","dateModified":"2014-09-28T15:47:24+00:00","breadcrumb":{"@id":"https:\/\/sandzakpress.net\/arhiva\/srbija-odrzala-gej-paradu-sada-moze-u-evropsku-uniju\/#breadcrumb"},"inLanguage":"bs-BA","potentialAction":[{"@type":"ReadAction","target":["https:\/\/sandzakpress.net\/arhiva\/srbija-odrzala-gej-paradu-sada-moze-u-evropsku-uniju\/"]}]},{"@type":"ImageObject","inLanguage":"bs-BA","@id":"https:\/\/sandzakpress.net\/arhiva\/srbija-odrzala-gej-paradu-sada-moze-u-evropsku-uniju\/#primaryimage","url":"https:\/\/sandzakpress.net\/arhiva\/wp-content\/uploads\/2014\/09\/parada-ponosa-gej-parada-prajd-foto-kurir-1411915473-576145.jpg","contentUrl":"https:\/\/sandzakpress.net\/arhiva\/wp-content\/uploads\/2014\/09\/parada-ponosa-gej-parada-prajd-foto-kurir-1411915473-576145.jpg","width":620,"height":419},{"@type":"BreadcrumbList","@id":"https:\/\/sandzakpress.net\/arhiva\/srbija-odrzala-gej-paradu-sada-moze-u-evropsku-uniju\/#breadcrumb","itemListElement":[{"@type":"ListItem","position":1,"name":"Home","item":"https:\/\/sandzakpress.net\/arhiva\/"},{"@type":"ListItem","position":2,"name":"Srbija odr\u017eala &#8220;Gej paradu&#8221; &#8211; Sada mo\u017ee u Evropsku uniju"}]},{"@type":"WebSite","@id":"https:\/\/sandzakpress.net\/arhiva\/#website","url":"https:\/\/sandzakpress.net\/arhiva\/","name":"Sand\u017eak PRESS","description":"Prve elektronske novine u Sand\u017eaku","publisher":{"@id":"https:\/\/sandzakpress.net\/arhiva\/#\/schema\/person\/6e72b67d6e51910a1117b3b483ba20bd"},"potentialAction":[{"@type":"SearchAction","target":{"@type":"EntryPoint","urlTemplate":"https:\/\/sandzakpress.net\/arhiva\/?s={search_term_string}"},"query-input":{"@type":"PropertyValueSpecification","valueRequired":true,"valueName":"search_term_string"}}],"inLanguage":"bs-BA"},{"@type":["Person","Organization"],"@id":"https:\/\/sandzakpress.net\/arhiva\/#\/schema\/person\/6e72b67d6e51910a1117b3b483ba20bd","name":"Kul","image":{"@type":"ImageObject","inLanguage":"bs-BA","@id":"https:\/\/sandzakpress.net\/arhiva\/#\/schema\/person\/image\/","url":"https:\/\/secure.gravatar.com\/avatar\/42263f39aa27ac04c43cab85c280eb2e?s=96&d=mm&r=pg","contentUrl":"https:\/\/secure.gravatar.com\/avatar\/42263f39aa27ac04c43cab85c280eb2e?s=96&d=mm&r=pg","caption":"Kul"},"logo":{"@id":"https:\/\/sandzakpress.net\/arhiva\/#\/schema\/person\/image\/"}},{"@type":"Person","@id":"https:\/\/sandzakpress.net\/arhiva\/#\/schema\/person\/c8baee722073534b583ea7bdb2e36c02","name":"bosniak","image":{"@type":"ImageObject","inLanguage":"bs-BA","@id":"https:\/\/sandzakpress.net\/arhiva\/#\/schema\/person\/image\/","url":"https:\/\/secure.gravatar.com\/avatar\/a04fd330bfe3a36a72a0ad4a6d89fca7?s=96&d=mm&r=pg","contentUrl":"https:\/\/secure.gravatar.com\/avatar\/a04fd330bfe3a36a72a0ad4a6d89fca7?s=96&d=mm&r=pg","caption":"bosniak"},"url":"https:\/\/sandzakpress.net\/arhiva\/author\/bosniak\/"}]}},"_links":{"self":[{"href":"https:\/\/sandzakpress.net\/arhiva\/wp-json\/wp\/v2\/posts\/112414"}],"collection":[{"href":"https:\/\/sandzakpress.net\/arhiva\/wp-json\/wp\/v2\/posts"}],"about":[{"href":"https:\/\/sandzakpress.net\/arhiva\/wp-json\/wp\/v2\/types\/post"}],"author":[{"embeddable":true,"href":"https:\/\/sandzakpress.net\/arhiva\/wp-json\/wp\/v2\/users\/83"}],"replies":[{"embeddable":true,"href":"https:\/\/sandzakpress.net\/arhiva\/wp-json\/wp\/v2\/comments?post=112414"}],"version-history":[{"count":0,"href":"https:\/\/sandzakpress.net\/arhiva\/wp-json\/wp\/v2\/posts\/112414\/revisions"}],"wp:featuredmedia":[{"embeddable":true,"href":"https:\/\/sandzakpress.net\/arhiva\/wp-json\/wp\/v2\/media\/112415"}],"wp:attachment":[{"href":"https:\/\/sandzakpress.net\/arhiva\/wp-json\/wp\/v2\/media?parent=112414"}],"wp:term":[{"taxonomy":"category","embeddable":true,"href":"https:\/\/sandzakpress.net\/arhiva\/wp-json\/wp\/v2\/categories?post=112414"},{"taxonomy":"post_tag","embeddable":true,"href":"https:\/\/sandzakpress.net\/arhiva\/wp-json\/wp\/v2\/tags?post=112414"}],"curies":[{"name":"wp","href":"https:\/\/api.w.org\/{rel}","templated":true}]}}