{"id":112401,"date":"2014-09-28T01:27:20","date_gmt":"2014-09-27T23:27:20","guid":{"rendered":"https:\/\/sandzakpress.net\/arhiva\/?p=112401"},"modified":"2014-09-28T01:27:20","modified_gmt":"2014-09-27T23:27:20","slug":"28-stranih-frakcija-bori-se-na-strani-asada-a-niko-ih-ne-proglasava-teroristickim-organizacijama","status":"publish","type":"post","link":"https:\/\/sandzakpress.net\/arhiva\/28-stranih-frakcija-bori-se-na-strani-asada-a-niko-ih-ne-proglasava-teroristickim-organizacijama\/","title":{"rendered":"28 stranih frakcija bori se na strani Asada, a niko ih ne progla\u0161ava teroristi\u010dkim organizacijama"},"content":{"rendered":"<p><strong><a href=\"https:\/\/sandzakpress.net\/arhiva\/wp-content\/uploads\/2014\/09\/asd1.jpg\"><img loading=\"lazy\" decoding=\"async\" class=\"aligncenter size-full wp-image-112403\" src=\"https:\/\/sandzakpress.net\/arhiva\/wp-content\/uploads\/2014\/09\/asd1.jpg\" alt=\"asd\" width=\"722\" height=\"339\" srcset=\"https:\/\/sandzakpress.net\/arhiva\/wp-content\/uploads\/2014\/09\/asd1.jpg 722w, https:\/\/sandzakpress.net\/arhiva\/wp-content\/uploads\/2014\/09\/asd1-616x289.jpg 616w\" sizes=\"(max-width: 722px) 100vw, 722px\" \/><\/a>Sirija &#8211; Vije\u0107e sigurnosti izdalo je, pro\u0161le srijede rezoluciju 2178, poglavlje VII, kojom se propisuje da \u201dsve dr\u017eave rade na spre\u010davanju kretanja terorista i teroristi\u010dkih skupina, kroz efikasnu kontrolu granica i kontrolu izdavanja dokmenata i putnih isprava, s ciljem da se sprije\u010di krivotvorenje istih.\u201d<\/strong><\/p>\n<p>Tim povodom, kako navodi France-Presse, oglasila se opoziciona koalicija, ta\u010dnije, Haitham al-Maleh, predsjednik Pravnog vije\u0107a sirijske opozicione koalicije, koji je rekao da se 28 naoru\u017eanih stranih frakcija, ve\u0107 dvije godine bore na strani Asadovog re\u017eima.<\/p>\n<p>Maleh je rekao da se tih 28 frakcija bore \u201dusred bijela dana\u201d, na strani tiranskog re\u017eima i one su po\u010dinile mnoge zlo\u010dine protiv sirijskog naroda u prethodne dvije godine. Ako uistinu postoji me\u0111unarodna volja stvarnog okon\u010danja sirijskog problema, onda se moraju sve skupine stranih ratnika istjerati iz Sirije.<\/p>\n<p>On je u svojoj izjavi, izme\u0111u ostaloga, kazao: \u201dMe\u0111u najistaknutijim skupinama, koje se bore na strani Asadovog re\u017eima su: Hezbollah, libanonske i \u0161iitkse milicije poput brigade \u201dAbu Fadl al-Abbasi\u201d, zatim, ira\u010dki Hezbollah, Houtsi iz Jemena, \u0161iitski borci iz Afganistana, Pakistana i drugih dr\u017eava, te iranska Revolucionarna garda koja predvodi vojne operacije u Siriji u korist Asadovog re\u017eima.<\/p>\n<p>Osim toga, opozicione snage u Siriji su od po\u010detka oru\u017eanog sukoba u Siriji, mjesec dana nakon izbijanja revolucije u martu, 2011. godine, obznanile da imaju dovoljno boraca, \u010dak i previ\u0161e, kao \u0161to su obznanile da ono malo lahkog naoru\u017eanja s kojim raspola\u017ee nije dovoljno, i da je najve\u0107a potreba naouru\u017eavanje opozicione koalicije kako bi se barem donekle stvorila ravnote\u017ea snaga na terenu.<\/p>\n<p>Indikatvino je to da rezolucija Vije\u0107a sigurnosti 2178, \u010dak ni aluzivno, ne spominje Hezbollah na listi teroristi\u010dkih organizacija, niti sekta\u0161ke \u0161iitske milicije koje se otvoreno bore na strani re\u017eima, dok u isto vrijeme spominje, naprimjer, \u201dD\u017eebhetun-nusru\u201d i brine se o protoku stranih boraca koji dolaze u tu jedinicu iako su ve\u0107ina njih Sirijici.<\/p>\n<p>Hezbollah i \u0161iitske milicije iz Iraka, obznanile su svoje u\u010de\u0161\u0107e u borbi na strani re\u017eima jo\u0161 po\u010detkom pro\u0161le gdine i imali su ogromnu ulogu u vra\u010danju mnogih mjesta pod kontrolu re\u017eima, koja su revolucionarne snage ve\u0107 bile osvojile, posebno na podru\u010dju Kalamuna i Damaska, i opozicija je optu\u017eila Hezbollah i \u0161iitkse milicije za po\u010dinjene zlo\u010dine protiv civila u Siriji, ali se po tom pitanju ni\u0161ta nije uradilo iako se zvani\u010dno osu\u0111uje Asadov re\u017eim.\u201d<\/p>\n<p>(vijestiummeta)<\/p>\n","protected":false},"excerpt":{"rendered":"<p>Sirija &#8211; Vije\u0107e sigurnosti izdalo je, pro\u0161le srijede rezoluciju 2178, poglavlje VII, kojom se propisuje da \u201dsve dr\u017eave rade na spre\u010davanju kretanja terorista i teroristi\u010dkih skupina, kroz efikasnu kontrolu granica i kontrolu izdavanja dokmenata i putnih isprava, s ciljem da se sprije\u010di krivotvorenje istih.\u201d Tim povodom, kako navodi France-Presse, oglasila se opoziciona koalicija, ta\u010dnije, Haitham [&hellip;]<\/p>\n","protected":false},"author":83,"featured_media":112403,"comment_status":"open","ping_status":"open","sticky":false,"template":"","format":"standard","meta":{"footnotes":""},"categories":[9],"tags":[10225],"class_list":{"0":"post-112401","1":"post","2":"type-post","3":"status-publish","4":"format-standard","5":"has-post-thumbnail","7":"category-svijet","8":"tag-sirija"},"yoast_head":"<!-- This site is optimized with the Yoast SEO Premium plugin v23.1 (Yoast SEO v24.9) - https:\/\/yoast.com\/wordpress\/plugins\/seo\/ -->\n<title>28 stranih frakcija bori se na strani Asada, a niko ih ne progla\u0161ava teroristi\u010dkim organizacijama<\/title>\n<meta name=\"robots\" content=\"index, follow, max-snippet:-1, max-image-preview:large, max-video-preview:-1\" \/>\n<link rel=\"canonical\" href=\"https:\/\/sandzakpress.net\/arhiva\/28-stranih-frakcija-bori-se-na-strani-asada-a-niko-ih-ne-proglasava-teroristickim-organizacijama\/\" \/>\n<meta property=\"og:locale\" content=\"bs_BA\" \/>\n<meta property=\"og:type\" content=\"article\" \/>\n<meta property=\"og:title\" content=\"28 stranih frakcija bori se na strani Asada, a niko ih ne progla\u0161ava teroristi\u010dkim organizacijama\" \/>\n<meta property=\"og:description\" content=\"Sirija &#8211; Vije\u0107e sigurnosti izdalo je, pro\u0161le srijede rezoluciju 2178, poglavlje VII, kojom se propisuje da \u201dsve dr\u017eave rade na spre\u010davanju kretanja terorista i teroristi\u010dkih skupina, kroz efikasnu kontrolu granica i kontrolu izdavanja dokmenata i putnih isprava, s ciljem da se sprije\u010di krivotvorenje istih.\u201d Tim povodom, kako navodi France-Presse, oglasila se opoziciona koalicija, ta\u010dnije, Haitham [&hellip;]\" \/>\n<meta property=\"og:url\" content=\"https:\/\/sandzakpress.net\/arhiva\/28-stranih-frakcija-bori-se-na-strani-asada-a-niko-ih-ne-proglasava-teroristickim-organizacijama\/\" \/>\n<meta property=\"og:site_name\" content=\"Sand\u017eak PRESS\" \/>\n<meta property=\"article:published_time\" content=\"2014-09-27T23:27:20+00:00\" \/>\n<meta property=\"og:image\" content=\"https:\/\/sandzakpress.net\/arhiva\/wp-content\/uploads\/2014\/09\/asd1.jpg\" \/>\n\t<meta property=\"og:image:width\" content=\"722\" \/>\n\t<meta property=\"og:image:height\" content=\"339\" \/>\n\t<meta property=\"og:image:type\" content=\"image\/jpeg\" \/>\n<meta name=\"author\" content=\"bosniak\" \/>\n<meta name=\"twitter:card\" content=\"summary_large_image\" \/>\n<meta name=\"twitter:label1\" content=\"Written by\" \/>\n\t<meta name=\"twitter:data1\" content=\"bosniak\" \/>\n\t<meta name=\"twitter:label2\" content=\"Est. reading time\" \/>\n\t<meta name=\"twitter:data2\" content=\"2 minute\" \/>\n<script type=\"application\/ld+json\" class=\"yoast-schema-graph\">{\"@context\":\"https:\/\/schema.org\",\"@graph\":[{\"@type\":\"Article\",\"@id\":\"https:\/\/sandzakpress.net\/arhiva\/28-stranih-frakcija-bori-se-na-strani-asada-a-niko-ih-ne-proglasava-teroristickim-organizacijama\/#article\",\"isPartOf\":{\"@id\":\"https:\/\/sandzakpress.net\/arhiva\/28-stranih-frakcija-bori-se-na-strani-asada-a-niko-ih-ne-proglasava-teroristickim-organizacijama\/\"},\"author\":{\"name\":\"bosniak\",\"@id\":\"https:\/\/sandzakpress.net\/arhiva\/#\/schema\/person\/c8baee722073534b583ea7bdb2e36c02\"},\"headline\":\"28 stranih frakcija bori se na strani Asada, a niko ih ne progla\u0161ava teroristi\u010dkim organizacijama\",\"datePublished\":\"2014-09-27T23:27:20+00:00\",\"mainEntityOfPage\":{\"@id\":\"https:\/\/sandzakpress.net\/arhiva\/28-stranih-frakcija-bori-se-na-strani-asada-a-niko-ih-ne-proglasava-teroristickim-organizacijama\/\"},\"wordCount\":434,\"commentCount\":5,\"publisher\":{\"@id\":\"https:\/\/sandzakpress.net\/arhiva\/#\/schema\/person\/6e72b67d6e51910a1117b3b483ba20bd\"},\"image\":{\"@id\":\"https:\/\/sandzakpress.net\/arhiva\/28-stranih-frakcija-bori-se-na-strani-asada-a-niko-ih-ne-proglasava-teroristickim-organizacijama\/#primaryimage\"},\"thumbnailUrl\":\"https:\/\/sandzakpress.net\/arhiva\/wp-content\/uploads\/2014\/09\/asd1.jpg\",\"keywords\":[\"Sirija\"],\"articleSection\":[\"Svijet\"],\"inLanguage\":\"bs-BA\",\"potentialAction\":[{\"@type\":\"CommentAction\",\"name\":\"Comment\",\"target\":[\"https:\/\/sandzakpress.net\/arhiva\/28-stranih-frakcija-bori-se-na-strani-asada-a-niko-ih-ne-proglasava-teroristickim-organizacijama\/#respond\"]}]},{\"@type\":\"WebPage\",\"@id\":\"https:\/\/sandzakpress.net\/arhiva\/28-stranih-frakcija-bori-se-na-strani-asada-a-niko-ih-ne-proglasava-teroristickim-organizacijama\/\",\"url\":\"https:\/\/sandzakpress.net\/arhiva\/28-stranih-frakcija-bori-se-na-strani-asada-a-niko-ih-ne-proglasava-teroristickim-organizacijama\/\",\"name\":\"28 stranih frakcija bori se na strani Asada, a niko ih ne progla\u0161ava teroristi\u010dkim organizacijama\",\"isPartOf\":{\"@id\":\"https:\/\/sandzakpress.net\/arhiva\/#website\"},\"primaryImageOfPage\":{\"@id\":\"https:\/\/sandzakpress.net\/arhiva\/28-stranih-frakcija-bori-se-na-strani-asada-a-niko-ih-ne-proglasava-teroristickim-organizacijama\/#primaryimage\"},\"image\":{\"@id\":\"https:\/\/sandzakpress.net\/arhiva\/28-stranih-frakcija-bori-se-na-strani-asada-a-niko-ih-ne-proglasava-teroristickim-organizacijama\/#primaryimage\"},\"thumbnailUrl\":\"https:\/\/sandzakpress.net\/arhiva\/wp-content\/uploads\/2014\/09\/asd1.jpg\",\"datePublished\":\"2014-09-27T23:27:20+00:00\",\"breadcrumb\":{\"@id\":\"https:\/\/sandzakpress.net\/arhiva\/28-stranih-frakcija-bori-se-na-strani-asada-a-niko-ih-ne-proglasava-teroristickim-organizacijama\/#breadcrumb\"},\"inLanguage\":\"bs-BA\",\"potentialAction\":[{\"@type\":\"ReadAction\",\"target\":[\"https:\/\/sandzakpress.net\/arhiva\/28-stranih-frakcija-bori-se-na-strani-asada-a-niko-ih-ne-proglasava-teroristickim-organizacijama\/\"]}]},{\"@type\":\"ImageObject\",\"inLanguage\":\"bs-BA\",\"@id\":\"https:\/\/sandzakpress.net\/arhiva\/28-stranih-frakcija-bori-se-na-strani-asada-a-niko-ih-ne-proglasava-teroristickim-organizacijama\/#primaryimage\",\"url\":\"https:\/\/sandzakpress.net\/arhiva\/wp-content\/uploads\/2014\/09\/asd1.jpg\",\"contentUrl\":\"https:\/\/sandzakpress.net\/arhiva\/wp-content\/uploads\/2014\/09\/asd1.jpg\",\"width\":722,\"height\":339},{\"@type\":\"BreadcrumbList\",\"@id\":\"https:\/\/sandzakpress.net\/arhiva\/28-stranih-frakcija-bori-se-na-strani-asada-a-niko-ih-ne-proglasava-teroristickim-organizacijama\/#breadcrumb\",\"itemListElement\":[{\"@type\":\"ListItem\",\"position\":1,\"name\":\"Home\",\"item\":\"https:\/\/sandzakpress.net\/arhiva\/\"},{\"@type\":\"ListItem\",\"position\":2,\"name\":\"28 stranih frakcija bori se na strani Asada, a niko ih ne progla\u0161ava teroristi\u010dkim organizacijama\"}]},{\"@type\":\"WebSite\",\"@id\":\"https:\/\/sandzakpress.net\/arhiva\/#website\",\"url\":\"https:\/\/sandzakpress.net\/arhiva\/\",\"name\":\"Sand\u017eak PRESS\",\"description\":\"Prve elektronske novine u Sand\u017eaku\",\"publisher\":{\"@id\":\"https:\/\/sandzakpress.net\/arhiva\/#\/schema\/person\/6e72b67d6e51910a1117b3b483ba20bd\"},\"potentialAction\":[{\"@type\":\"SearchAction\",\"target\":{\"@type\":\"EntryPoint\",\"urlTemplate\":\"https:\/\/sandzakpress.net\/arhiva\/?s={search_term_string}\"},\"query-input\":{\"@type\":\"PropertyValueSpecification\",\"valueRequired\":true,\"valueName\":\"search_term_string\"}}],\"inLanguage\":\"bs-BA\"},{\"@type\":[\"Person\",\"Organization\"],\"@id\":\"https:\/\/sandzakpress.net\/arhiva\/#\/schema\/person\/6e72b67d6e51910a1117b3b483ba20bd\",\"name\":\"Kul\",\"image\":{\"@type\":\"ImageObject\",\"inLanguage\":\"bs-BA\",\"@id\":\"https:\/\/sandzakpress.net\/arhiva\/#\/schema\/person\/image\/\",\"url\":\"https:\/\/secure.gravatar.com\/avatar\/42263f39aa27ac04c43cab85c280eb2e?s=96&d=mm&r=pg\",\"contentUrl\":\"https:\/\/secure.gravatar.com\/avatar\/42263f39aa27ac04c43cab85c280eb2e?s=96&d=mm&r=pg\",\"caption\":\"Kul\"},\"logo\":{\"@id\":\"https:\/\/sandzakpress.net\/arhiva\/#\/schema\/person\/image\/\"}},{\"@type\":\"Person\",\"@id\":\"https:\/\/sandzakpress.net\/arhiva\/#\/schema\/person\/c8baee722073534b583ea7bdb2e36c02\",\"name\":\"bosniak\",\"image\":{\"@type\":\"ImageObject\",\"inLanguage\":\"bs-BA\",\"@id\":\"https:\/\/sandzakpress.net\/arhiva\/#\/schema\/person\/image\/\",\"url\":\"https:\/\/secure.gravatar.com\/avatar\/a04fd330bfe3a36a72a0ad4a6d89fca7?s=96&d=mm&r=pg\",\"contentUrl\":\"https:\/\/secure.gravatar.com\/avatar\/a04fd330bfe3a36a72a0ad4a6d89fca7?s=96&d=mm&r=pg\",\"caption\":\"bosniak\"},\"url\":\"https:\/\/sandzakpress.net\/arhiva\/author\/bosniak\/\"}]}<\/script>\n<!-- \/ Yoast SEO Premium plugin. -->","yoast_head_json":{"title":"28 stranih frakcija bori se na strani Asada, a niko ih ne progla\u0161ava teroristi\u010dkim organizacijama","robots":{"index":"index","follow":"follow","max-snippet":"max-snippet:-1","max-image-preview":"max-image-preview:large","max-video-preview":"max-video-preview:-1"},"canonical":"https:\/\/sandzakpress.net\/arhiva\/28-stranih-frakcija-bori-se-na-strani-asada-a-niko-ih-ne-proglasava-teroristickim-organizacijama\/","og_locale":"bs_BA","og_type":"article","og_title":"28 stranih frakcija bori se na strani Asada, a niko ih ne progla\u0161ava teroristi\u010dkim organizacijama","og_description":"Sirija &#8211; Vije\u0107e sigurnosti izdalo je, pro\u0161le srijede rezoluciju 2178, poglavlje VII, kojom se propisuje da \u201dsve dr\u017eave rade na spre\u010davanju kretanja terorista i teroristi\u010dkih skupina, kroz efikasnu kontrolu granica i kontrolu izdavanja dokmenata i putnih isprava, s ciljem da se sprije\u010di krivotvorenje istih.\u201d Tim povodom, kako navodi France-Presse, oglasila se opoziciona koalicija, ta\u010dnije, Haitham [&hellip;]","og_url":"https:\/\/sandzakpress.net\/arhiva\/28-stranih-frakcija-bori-se-na-strani-asada-a-niko-ih-ne-proglasava-teroristickim-organizacijama\/","og_site_name":"Sand\u017eak PRESS","article_published_time":"2014-09-27T23:27:20+00:00","og_image":[{"width":722,"height":339,"url":"https:\/\/sandzakpress.net\/arhiva\/wp-content\/uploads\/2014\/09\/asd1.jpg","type":"image\/jpeg"}],"author":"bosniak","twitter_card":"summary_large_image","twitter_misc":{"Written by":"bosniak","Est. reading time":"2 minute"},"schema":{"@context":"https:\/\/schema.org","@graph":[{"@type":"Article","@id":"https:\/\/sandzakpress.net\/arhiva\/28-stranih-frakcija-bori-se-na-strani-asada-a-niko-ih-ne-proglasava-teroristickim-organizacijama\/#article","isPartOf":{"@id":"https:\/\/sandzakpress.net\/arhiva\/28-stranih-frakcija-bori-se-na-strani-asada-a-niko-ih-ne-proglasava-teroristickim-organizacijama\/"},"author":{"name":"bosniak","@id":"https:\/\/sandzakpress.net\/arhiva\/#\/schema\/person\/c8baee722073534b583ea7bdb2e36c02"},"headline":"28 stranih frakcija bori se na strani Asada, a niko ih ne progla\u0161ava teroristi\u010dkim organizacijama","datePublished":"2014-09-27T23:27:20+00:00","mainEntityOfPage":{"@id":"https:\/\/sandzakpress.net\/arhiva\/28-stranih-frakcija-bori-se-na-strani-asada-a-niko-ih-ne-proglasava-teroristickim-organizacijama\/"},"wordCount":434,"commentCount":5,"publisher":{"@id":"https:\/\/sandzakpress.net\/arhiva\/#\/schema\/person\/6e72b67d6e51910a1117b3b483ba20bd"},"image":{"@id":"https:\/\/sandzakpress.net\/arhiva\/28-stranih-frakcija-bori-se-na-strani-asada-a-niko-ih-ne-proglasava-teroristickim-organizacijama\/#primaryimage"},"thumbnailUrl":"https:\/\/sandzakpress.net\/arhiva\/wp-content\/uploads\/2014\/09\/asd1.jpg","keywords":["Sirija"],"articleSection":["Svijet"],"inLanguage":"bs-BA","potentialAction":[{"@type":"CommentAction","name":"Comment","target":["https:\/\/sandzakpress.net\/arhiva\/28-stranih-frakcija-bori-se-na-strani-asada-a-niko-ih-ne-proglasava-teroristickim-organizacijama\/#respond"]}]},{"@type":"WebPage","@id":"https:\/\/sandzakpress.net\/arhiva\/28-stranih-frakcija-bori-se-na-strani-asada-a-niko-ih-ne-proglasava-teroristickim-organizacijama\/","url":"https:\/\/sandzakpress.net\/arhiva\/28-stranih-frakcija-bori-se-na-strani-asada-a-niko-ih-ne-proglasava-teroristickim-organizacijama\/","name":"28 stranih frakcija bori se na strani Asada, a niko ih ne progla\u0161ava teroristi\u010dkim organizacijama","isPartOf":{"@id":"https:\/\/sandzakpress.net\/arhiva\/#website"},"primaryImageOfPage":{"@id":"https:\/\/sandzakpress.net\/arhiva\/28-stranih-frakcija-bori-se-na-strani-asada-a-niko-ih-ne-proglasava-teroristickim-organizacijama\/#primaryimage"},"image":{"@id":"https:\/\/sandzakpress.net\/arhiva\/28-stranih-frakcija-bori-se-na-strani-asada-a-niko-ih-ne-proglasava-teroristickim-organizacijama\/#primaryimage"},"thumbnailUrl":"https:\/\/sandzakpress.net\/arhiva\/wp-content\/uploads\/2014\/09\/asd1.jpg","datePublished":"2014-09-27T23:27:20+00:00","breadcrumb":{"@id":"https:\/\/sandzakpress.net\/arhiva\/28-stranih-frakcija-bori-se-na-strani-asada-a-niko-ih-ne-proglasava-teroristickim-organizacijama\/#breadcrumb"},"inLanguage":"bs-BA","potentialAction":[{"@type":"ReadAction","target":["https:\/\/sandzakpress.net\/arhiva\/28-stranih-frakcija-bori-se-na-strani-asada-a-niko-ih-ne-proglasava-teroristickim-organizacijama\/"]}]},{"@type":"ImageObject","inLanguage":"bs-BA","@id":"https:\/\/sandzakpress.net\/arhiva\/28-stranih-frakcija-bori-se-na-strani-asada-a-niko-ih-ne-proglasava-teroristickim-organizacijama\/#primaryimage","url":"https:\/\/sandzakpress.net\/arhiva\/wp-content\/uploads\/2014\/09\/asd1.jpg","contentUrl":"https:\/\/sandzakpress.net\/arhiva\/wp-content\/uploads\/2014\/09\/asd1.jpg","width":722,"height":339},{"@type":"BreadcrumbList","@id":"https:\/\/sandzakpress.net\/arhiva\/28-stranih-frakcija-bori-se-na-strani-asada-a-niko-ih-ne-proglasava-teroristickim-organizacijama\/#breadcrumb","itemListElement":[{"@type":"ListItem","position":1,"name":"Home","item":"https:\/\/sandzakpress.net\/arhiva\/"},{"@type":"ListItem","position":2,"name":"28 stranih frakcija bori se na strani Asada, a niko ih ne progla\u0161ava teroristi\u010dkim organizacijama"}]},{"@type":"WebSite","@id":"https:\/\/sandzakpress.net\/arhiva\/#website","url":"https:\/\/sandzakpress.net\/arhiva\/","name":"Sand\u017eak PRESS","description":"Prve elektronske novine u Sand\u017eaku","publisher":{"@id":"https:\/\/sandzakpress.net\/arhiva\/#\/schema\/person\/6e72b67d6e51910a1117b3b483ba20bd"},"potentialAction":[{"@type":"SearchAction","target":{"@type":"EntryPoint","urlTemplate":"https:\/\/sandzakpress.net\/arhiva\/?s={search_term_string}"},"query-input":{"@type":"PropertyValueSpecification","valueRequired":true,"valueName":"search_term_string"}}],"inLanguage":"bs-BA"},{"@type":["Person","Organization"],"@id":"https:\/\/sandzakpress.net\/arhiva\/#\/schema\/person\/6e72b67d6e51910a1117b3b483ba20bd","name":"Kul","image":{"@type":"ImageObject","inLanguage":"bs-BA","@id":"https:\/\/sandzakpress.net\/arhiva\/#\/schema\/person\/image\/","url":"https:\/\/secure.gravatar.com\/avatar\/42263f39aa27ac04c43cab85c280eb2e?s=96&d=mm&r=pg","contentUrl":"https:\/\/secure.gravatar.com\/avatar\/42263f39aa27ac04c43cab85c280eb2e?s=96&d=mm&r=pg","caption":"Kul"},"logo":{"@id":"https:\/\/sandzakpress.net\/arhiva\/#\/schema\/person\/image\/"}},{"@type":"Person","@id":"https:\/\/sandzakpress.net\/arhiva\/#\/schema\/person\/c8baee722073534b583ea7bdb2e36c02","name":"bosniak","image":{"@type":"ImageObject","inLanguage":"bs-BA","@id":"https:\/\/sandzakpress.net\/arhiva\/#\/schema\/person\/image\/","url":"https:\/\/secure.gravatar.com\/avatar\/a04fd330bfe3a36a72a0ad4a6d89fca7?s=96&d=mm&r=pg","contentUrl":"https:\/\/secure.gravatar.com\/avatar\/a04fd330bfe3a36a72a0ad4a6d89fca7?s=96&d=mm&r=pg","caption":"bosniak"},"url":"https:\/\/sandzakpress.net\/arhiva\/author\/bosniak\/"}]}},"_links":{"self":[{"href":"https:\/\/sandzakpress.net\/arhiva\/wp-json\/wp\/v2\/posts\/112401"}],"collection":[{"href":"https:\/\/sandzakpress.net\/arhiva\/wp-json\/wp\/v2\/posts"}],"about":[{"href":"https:\/\/sandzakpress.net\/arhiva\/wp-json\/wp\/v2\/types\/post"}],"author":[{"embeddable":true,"href":"https:\/\/sandzakpress.net\/arhiva\/wp-json\/wp\/v2\/users\/83"}],"replies":[{"embeddable":true,"href":"https:\/\/sandzakpress.net\/arhiva\/wp-json\/wp\/v2\/comments?post=112401"}],"version-history":[{"count":0,"href":"https:\/\/sandzakpress.net\/arhiva\/wp-json\/wp\/v2\/posts\/112401\/revisions"}],"wp:featuredmedia":[{"embeddable":true,"href":"https:\/\/sandzakpress.net\/arhiva\/wp-json\/wp\/v2\/media\/112403"}],"wp:attachment":[{"href":"https:\/\/sandzakpress.net\/arhiva\/wp-json\/wp\/v2\/media?parent=112401"}],"wp:term":[{"taxonomy":"category","embeddable":true,"href":"https:\/\/sandzakpress.net\/arhiva\/wp-json\/wp\/v2\/categories?post=112401"},{"taxonomy":"post_tag","embeddable":true,"href":"https:\/\/sandzakpress.net\/arhiva\/wp-json\/wp\/v2\/tags?post=112401"}],"curies":[{"name":"wp","href":"https:\/\/api.w.org\/{rel}","templated":true}]}}