{"id":1124,"date":"2010-01-09T16:06:44","date_gmt":"2010-01-09T15:06:44","guid":{"rendered":"https:\/\/sandzakpress.net\/arhiva\/?p=1124"},"modified":"2010-01-09T22:41:40","modified_gmt":"2010-01-09T21:41:40","slug":"sta-kazu-bosnjaci-na-ovo","status":"publish","type":"post","link":"https:\/\/sandzakpress.net\/arhiva\/sta-kazu-bosnjaci-na-ovo\/","title":{"rendered":"\u0160ta ka\u017eu Bo\u0161njaci na ovo?"},"content":{"rendered":"<p style=\"text-align: center;\"><a href=\"https:\/\/sandzakpress.net\/arhiva\/wp-content\/uploads\/2010\/01\/suljo_dinkic_rasim1.jpg\"><img loading=\"lazy\" decoding=\"async\" class=\"size-full wp-image-1123 aligncenter\" title=\"suljo_dinkic_rasim\" src=\"https:\/\/sandzakpress.net\/arhiva\/wp-content\/uploads\/2010\/01\/suljo_dinkic_rasim1.jpg\" alt=\"\" width=\"620\" height=\"284\" \/><\/a><\/p>\n<p><strong>Bismo svjedoci \u0161ta se izde\u0161ava na brzinu nama Bo\u0161njacima u Sand\u017eaku. Vidosomo kako nas na\u0161i politi\u010dari prevari\u0161e ili kako ih nasamari\u0161e Srbijanci koji vladaju ovom dr\u017eavom. Protiv ovoga su digli glas brojni politi\u010dari koji nisu imali podr\u0161ku od sand\u017ea\u010dkih bira\u010da, a ovi \u0161to su imali su im odgovorili: &#8220;Vi \u0107utite, vas narod nije izabrao.&#8221; Ovo \u0161to su u\u010dinili, da li je to i stav naroda?<\/strong><\/p>\n<p>Na web-sajtu Zajednice sand\u017ea\u010dke dijaspore <a href=\"http:\/\/www.dijaspora.org\/\">www.dijaspora.org<\/a> nai\u0161ao sam na sljede\u0107e komentare posjetioca koje prenosim u cjelosti.<\/p>\n<blockquote><p><strong>Bo\u0161njaci kod o\u010dnog (06-01-2010 20:57:58)<\/strong><\/p>\n<p>Ovo je dno,dna. Ne znam i ne mogu da se na\u010dudim koga smo mi glasali i poslali da nas zastupa u Beogradu.<\/p>\n<p>Sada me ne bi za\u010dudilo ,a i strah me, da ne podr\u017ee zakon o protjerivanju Bo\u0161njaka iz Sand\u017eaka ili mo\u017eda ne\u0107e vidjeti da to stoji u zakonu.<\/p>\n<p>Stra\u0161no! I Sejdo bi im pozavidio, moji naivni Bo\u0161njaci.<\/p><\/blockquote>\n<blockquote><p><strong>Nepismenjakovi\u0107i (06-01-2010 22:37:25)<\/strong><\/p>\n<p>Pa kako da Suljo ne\u0161to pro\u010dita kad ne umije? I kad bi umio on to ne bi mogao da razumije.<br \/>\nKako ih je fino nasadio ovaj gospodin na slici \u0161to svira gitaru. Da nije \u017ealosno, i da se ne radi o klju\u010dnim momentima u historiji Sand\u017eaka, \u010dovjek bi mogao umrijeti od smijeha \u010ditaju\u0107i i gledaju\u0107i izjave na\u0161ih bisera Sulja i Rasima.<\/p><\/blockquote>\n<blockquote><p><strong>Senad CH\u00a0&#8211;\u00a0Nepismenost (07-01-2010 10:19:54)<\/strong><\/p>\n<p>Da nije \u017ealosno bilo bi smije\u0161no !<br \/>\nOpet se isto uvijek se ponavlja: nepismenost, obe\u0107anja, vjerovanja&#8230;<\/p>\n<p>Ja ne shva\u0107am kako mo\u017ee neko tako ne\u0161to da potpi\u0161e, a da ne dobije<br \/>\npismenu suglasnost, \u0161to ka\u017ee se Crno na Bjelo.<\/p>\n<p>Sada \u0107emo vidjeti za koga se na\u0161a ELITA bori! Sand\u017eak ili udobna fotelju!<\/p>\n<p>A za nepismene hvala Allahu imamo Universitet, pa neka na\u0161a politi\u010dka elita slobodno i bez srama pokuca na vrata. (Svi su dobro do\u0161li.)<\/p>\n<p>Selam svim Sand\u017eaklijama , Senad.<\/p><\/blockquote>\n<blockquote><p><strong>Dva hadalja (07-01-2010 18:19:45)<\/strong><\/p>\n<p>Moji dragi Bo\u0161njaci u dijaspori. Jo\u0161 se sva\u0111amo po koje kakvim sajtovima zbog ovakvih jada od (ne)ljudi. Najgore od svega \u0161to ljudi ni krivi ni du\u017eni strada\u0161e zbog bahsuza. Al narod je kriv \u0161to je odabarao ove bahsuze. Sad jedimo ono \u0161to smo skuhali.<\/p><\/blockquote>\n<blockquote><p><strong>Anonimus (07-01-2010 21:58:37)<\/strong><\/p>\n<p>Kara\u0111or\u0111e, Mladi\u0107, Dinki\u0107, Ljaji\u0107, Ugljanin, sve \u010detnik do \u010detnika!<\/p>\n<p>Zaboga Bo\u0161njaci Sand\u017eaka!<\/p>\n<p>\u0160ta je s vama?<\/p>\n<p>Vi ste najvjerovatnije slijepi kod o\u010diju!<\/p>\n<p>Zar vam nije dovoljan urnek na\u0161a tragi\u010dna, krvava pro\u0161lost iz koje moramo izvu\u0107i pouku, ako ne\u0107emo da sami i na\u0161i potomci budemo ovce za klanje.<\/p>\n<p>Zar je mogu\u0107e da \u0161utite sad kada ni po koju cijenu to nebi smjeli?<\/p>\n<p>Da bi Srbija u\u0161la u EU mora da ispuni sve evropske standarde, a tu spada i davanje svih prava manjinama. u koje su vas va\u0161om zaslugom strpali.<\/p>\n<p>(&#8230;)<\/p>\n<p>Ne vjerujte velikosrbima!<\/p>\n<p>Vjerovala je Sjenica Kara\u0111or\u0111u, vjerovala je Srebrenica Mladi\u0107u, a vi ni\u0161ta ne nau\u010diste iz toga!<\/p>\n<p>Nego evo povjerovaste i Dinki\u0107u koji vas pravi budalama!<\/p>\n<p>IZGLEDA \u0106ETE IM VJEROVATI KAD VAS BUDU KLALI!<\/p><\/blockquote>\n<blockquote><p><strong>Sulejman \u00a0&#8211;\u00a0I \u017ealosno i jadno&#8230; (07-01-2010 23:06:03)<\/strong><\/p>\n<p>Ovo je samo jo\u0161 jedan dokaz da Bo\u0161njaci Sand\u017eaka nemaju politi\u010dare koji<br \/>\nnemaju osje\u0107aj za racionalni nacionalni naboj, ne zainteresovani za historiju svog naroda bez \u010dega se ne vodi ispravna politi\u010dka borba.<br \/>\nVe\u0107ina na\u0161ih politi\u010dara je sklona servilnosti, dodvoravanju, o\u010digledno bez izgra\u0111enog principa prioriteta nacionalnih interesa.<br \/>\nAko tome dodamo nedefiniranu politi\u010dku platformu onda je sasvim jasno<br \/>\nza\u0161to smo se na\u0161li tu gdje smo.<br \/>\nBorbom za svoja mjesta u vladi, zaboravlja se na narod koji ih je izabrao, jer ako ka\u017eu da su postigli i potpisali zajedni\u010dku platformu u junu SDA i SDP pa za\u0161to su onda glasali za zakon? Me\u0111utim, o\u010digledno je da su to samo pri\u010de za TV kamere.&#8221;\u010cas se sva\u0111amo, a \u010das nas drugi mire&#8221;<br \/>\nDa li je ovo dokaz da su oni samo glasa\u010dka ma\u0161ina u parlamentu i valdi samo radi svojih fotelja? O tome razmislite sami.<br \/>\nNeka je selam na sve moje Sand\u017eaklije.<br \/>\nNeka nam dragi Allah d\u017e.\u0161. pomogne!<\/p><\/blockquote>\n<blockquote><p><strong>Podr\u0161ka patriotama! \u00a0(<\/strong><strong>08-01-2010 08:54:24)<\/strong><\/p>\n<p>BO\u0160NJACI SAND\u017dAKA trebaju ova dva IZRODA pod hitno skloniti iz vlasti i sudit im za IZDAJU i RASTURANJE SAND\u017dAKA!!!<\/p>\n<p>IZJAVA UGLANININA da se radi o tehni\u010dkoj gre\u0161ci izaziva REVOLT i govori da je to izjava politi\u010dkog debila i izdajnika svog naroda.<\/p>\n<p>Nama je svima jasno da su NAS na\u0161i LIDERI IZDALI i da rade sve ONO sto od njih tra\u017ee oni koji rade na rasturanju i nestanku SAND\u017dAKA samo da bi ostali na vlast. BO\u0160NJACI nikada ne smiju vjerovati SRBIMA, oni koji su svoje glave povjerili srpskim FA\u0160ISTAMA KARA\u0110OR\u0110U u SJENICI, MLADI\u0106U u SREBRENICI , KARAD\u017dI\u0106U u BiH i drugim ostali su bez svojih glava, ubijeni su nanajsvirepiji na\u010din ZAKLANI!<br \/>\nNa\u0161i LIDERI IZRODI nisu izvukli POUKE iz PROSLOSTI i rade upravo za one koji bi najradije ostavili nas bez GLAVE. Pitam se samo za\u0161to narod SAND\u017dAKA ove IZRODE ne skloni i dobro kazni da nikada oni koji do\u0111u na VLAST vi\u0161e ne smiju pomisliti na izdaju svog naroda.<\/p><\/blockquote>\n<blockquote><p><strong>bo\u0161njakinja (<\/strong><strong>08-01-2010 18:49:56)<\/strong><\/p>\n<p>OBE\u0106ANJE LUDOM RADOVANJE &#8211; JE PRENE\u0160ENO zna\u010denje licemjernog Dinki\u0107evog komentara!<br \/>\nZar se od \u010detnika njegovog kalibra smije i mo\u017ee ne\u0161to bolje o\u010dekivati!?<br \/>\nA IZROD Suljo i dalje KIV\u0106E onako kako su ga velikosrbi DRESIRALI!!!<br \/>\nA \u0161ta je sa IMENOM S A N D\u017d A K??!<br \/>\nOstavio vam zlo\u010dinac MILO\u0160EVI\u0106 bolje ime &#8211; kao da mi ne znamo da je njihova Ra\u0161ka oblast SAMO okolina Ra\u0161ke UVIJEK BILA!!!<br \/>\nPo\u0161tovani Sand\u017eaklije, prvo sto MORATE uraditi jeste izabrati istinske patriote i borce za bo\u0161nja\u010dka prava kao va\u0161e predstavnike.<br \/>\nMorate imati va\u0161e ISTINSKE predstavnike,VA\u0160E medije, NOVINARE kojima \u0107e<br \/>\nBO\u0160NJASTVO, Sand\u017eak i sve sto sa tim ide biti SVETINJA i iznad svega.<br \/>\nIgnori\u0161ite novinare koji su neizlje\u010divi velikosrpski poltroni pa se ne usu\u0111uju ni VLASTITIM jezikom da govore, a kamoli da im osnovni principi rada budu<br \/>\nobjektivnost i neutralnost!<br \/>\nVi imate PRAVO na \u0161kole na vlastitom jeziku, medije tako\u0111er i da VAS JEZIK BUDE U SLU\u017dBENOJ UPOTREBI.<\/p><\/blockquote>\n<blockquote><p><strong>Anonimus (08-01-2010 23:36:21)<\/strong><\/p>\n<p>Eto gdje je Sand\u017eak dovela \u0106ORAVA politika!<br \/>\nDok je rahmetli Rifat Burd\u017eevi\u0107 od strane \u010detnika ubijen i sprije\u010den da se<br \/>\ndefinitivno izbori za autonomiju Sand\u017eaka, dana\u0161nji LICEMJERNI njegovi predstavnici OBJERU\u010cKE su POMOGLI, prvo CIJEPANJE Sand\u017eaka izme\u0111u Srbije i Crne Gore, a evo i ovo sto je jo\u0161 ostalo RASTURI\u0160E BIJEDNI njegovo grobari Ugljanin i Ljaji\u0107!<br \/>\nTo \u0161to time odredi\u0161e SUDBINU PALESTINSKU I SEBI I SVOJOJ RO\u0110ENOJ DJECI, oni na \u017ealost NIJESU U STANJU DA SHVATE!!!!!<\/p><\/blockquote>\n<blockquote><p><strong>bo\u0161njakinja (09-01-2010 08:15:25)<\/strong><\/p>\n<p>&#8220;ALLAH NE\u0106E IZMIJENITI STANJE JEDNOG NARODA DOK TAJ NAROD NE IZMIJENI SVOJ STAV PREMA ALLAHU&#8221;.<\/p><\/blockquote>\n<p>Pripremio: <strong>Salih Ba\u0161i\u0107<\/strong><\/p>\n","protected":false},"excerpt":{"rendered":"<p>Bismo svjedoci \u0161ta se izde\u0161ava na brzinu nama Bo\u0161njacima u Sand\u017eaku. Vidosomo kako nas na\u0161i politi\u010dari prevari\u0161e ili kako ih nasamari\u0161e Srbijanci koji vladaju ovom dr\u017eavom. Protiv ovoga su digli glas brojni politi\u010dari koji nisu imali podr\u0161ku od sand\u017ea\u010dkih bira\u010da, a ovi \u0161to su imali su im odgovorili: &#8220;Vi \u0107utite, vas narod nije izabrao.&#8221; Ovo [&hellip;]<\/p>\n","protected":false},"author":83,"featured_media":1123,"comment_status":"open","ping_status":"open","sticky":false,"template":"","format":"standard","meta":{"footnotes":""},"categories":[16],"tags":[],"class_list":{"0":"post-1124","1":"post","2":"type-post","3":"status-publish","4":"format-standard","5":"has-post-thumbnail","7":"category-novine"},"yoast_head":"<!-- This site is optimized with the Yoast SEO Premium plugin v23.1 (Yoast SEO v24.9) - https:\/\/yoast.com\/wordpress\/plugins\/seo\/ -->\n<title>\u0160ta ka\u017eu Bo\u0161njaci na ovo?<\/title>\n<meta name=\"robots\" content=\"index, follow, max-snippet:-1, max-image-preview:large, max-video-preview:-1\" \/>\n<link rel=\"canonical\" href=\"https:\/\/sandzakpress.net\/arhiva\/sta-kazu-bosnjaci-na-ovo\/\" \/>\n<meta property=\"og:locale\" content=\"bs_BA\" \/>\n<meta property=\"og:type\" content=\"article\" \/>\n<meta property=\"og:title\" content=\"\u0160ta ka\u017eu Bo\u0161njaci na ovo?\" \/>\n<meta property=\"og:description\" content=\"Bismo svjedoci \u0161ta se izde\u0161ava na brzinu nama Bo\u0161njacima u Sand\u017eaku. Vidosomo kako nas na\u0161i politi\u010dari prevari\u0161e ili kako ih nasamari\u0161e Srbijanci koji vladaju ovom dr\u017eavom. Protiv ovoga su digli glas brojni politi\u010dari koji nisu imali podr\u0161ku od sand\u017ea\u010dkih bira\u010da, a ovi \u0161to su imali su im odgovorili: &#8220;Vi \u0107utite, vas narod nije izabrao.&#8221; Ovo [&hellip;]\" \/>\n<meta property=\"og:url\" content=\"https:\/\/sandzakpress.net\/arhiva\/sta-kazu-bosnjaci-na-ovo\/\" \/>\n<meta property=\"og:site_name\" content=\"Sand\u017eak PRESS\" \/>\n<meta property=\"article:published_time\" content=\"2010-01-09T15:06:44+00:00\" \/>\n<meta property=\"article:modified_time\" content=\"2010-01-09T21:41:40+00:00\" \/>\n<meta property=\"og:image\" content=\"https:\/\/sandzakpress.net\/arhiva\/wp-content\/uploads\/2010\/01\/suljo_dinkic_rasim1.jpg\" \/>\n\t<meta property=\"og:image:width\" content=\"616\" \/>\n\t<meta property=\"og:image:height\" content=\"282\" \/>\n\t<meta property=\"og:image:type\" content=\"image\/jpeg\" \/>\n<meta name=\"author\" content=\"bosniak\" \/>\n<meta name=\"twitter:card\" content=\"summary_large_image\" \/>\n<meta name=\"twitter:label1\" content=\"Written by\" \/>\n\t<meta name=\"twitter:data1\" content=\"bosniak\" \/>\n\t<meta name=\"twitter:label2\" content=\"Est. reading time\" \/>\n\t<meta name=\"twitter:data2\" content=\"6 minuta\" \/>\n<script type=\"application\/ld+json\" class=\"yoast-schema-graph\">{\"@context\":\"https:\/\/schema.org\",\"@graph\":[{\"@type\":\"Article\",\"@id\":\"https:\/\/sandzakpress.net\/arhiva\/sta-kazu-bosnjaci-na-ovo\/#article\",\"isPartOf\":{\"@id\":\"https:\/\/sandzakpress.net\/arhiva\/sta-kazu-bosnjaci-na-ovo\/\"},\"author\":{\"name\":\"bosniak\",\"@id\":\"https:\/\/sandzakpress.net\/arhiva\/#\/schema\/person\/c8baee722073534b583ea7bdb2e36c02\"},\"headline\":\"\u0160ta ka\u017eu Bo\u0161njaci na ovo?\",\"datePublished\":\"2010-01-09T15:06:44+00:00\",\"dateModified\":\"2010-01-09T21:41:40+00:00\",\"mainEntityOfPage\":{\"@id\":\"https:\/\/sandzakpress.net\/arhiva\/sta-kazu-bosnjaci-na-ovo\/\"},\"wordCount\":1215,\"commentCount\":6,\"publisher\":{\"@id\":\"https:\/\/sandzakpress.net\/arhiva\/#\/schema\/person\/6e72b67d6e51910a1117b3b483ba20bd\"},\"image\":{\"@id\":\"https:\/\/sandzakpress.net\/arhiva\/sta-kazu-bosnjaci-na-ovo\/#primaryimage\"},\"thumbnailUrl\":\"https:\/\/sandzakpress.net\/arhiva\/wp-content\/uploads\/2010\/01\/suljo_dinkic_rasim1.jpg\",\"articleSection\":[\"Novine\"],\"inLanguage\":\"bs-BA\",\"potentialAction\":[{\"@type\":\"CommentAction\",\"name\":\"Comment\",\"target\":[\"https:\/\/sandzakpress.net\/arhiva\/sta-kazu-bosnjaci-na-ovo\/#respond\"]}]},{\"@type\":\"WebPage\",\"@id\":\"https:\/\/sandzakpress.net\/arhiva\/sta-kazu-bosnjaci-na-ovo\/\",\"url\":\"https:\/\/sandzakpress.net\/arhiva\/sta-kazu-bosnjaci-na-ovo\/\",\"name\":\"\u0160ta ka\u017eu Bo\u0161njaci na ovo?\",\"isPartOf\":{\"@id\":\"https:\/\/sandzakpress.net\/arhiva\/#website\"},\"primaryImageOfPage\":{\"@id\":\"https:\/\/sandzakpress.net\/arhiva\/sta-kazu-bosnjaci-na-ovo\/#primaryimage\"},\"image\":{\"@id\":\"https:\/\/sandzakpress.net\/arhiva\/sta-kazu-bosnjaci-na-ovo\/#primaryimage\"},\"thumbnailUrl\":\"https:\/\/sandzakpress.net\/arhiva\/wp-content\/uploads\/2010\/01\/suljo_dinkic_rasim1.jpg\",\"datePublished\":\"2010-01-09T15:06:44+00:00\",\"dateModified\":\"2010-01-09T21:41:40+00:00\",\"breadcrumb\":{\"@id\":\"https:\/\/sandzakpress.net\/arhiva\/sta-kazu-bosnjaci-na-ovo\/#breadcrumb\"},\"inLanguage\":\"bs-BA\",\"potentialAction\":[{\"@type\":\"ReadAction\",\"target\":[\"https:\/\/sandzakpress.net\/arhiva\/sta-kazu-bosnjaci-na-ovo\/\"]}]},{\"@type\":\"ImageObject\",\"inLanguage\":\"bs-BA\",\"@id\":\"https:\/\/sandzakpress.net\/arhiva\/sta-kazu-bosnjaci-na-ovo\/#primaryimage\",\"url\":\"https:\/\/sandzakpress.net\/arhiva\/wp-content\/uploads\/2010\/01\/suljo_dinkic_rasim1.jpg\",\"contentUrl\":\"https:\/\/sandzakpress.net\/arhiva\/wp-content\/uploads\/2010\/01\/suljo_dinkic_rasim1.jpg\",\"width\":616,\"height\":282},{\"@type\":\"BreadcrumbList\",\"@id\":\"https:\/\/sandzakpress.net\/arhiva\/sta-kazu-bosnjaci-na-ovo\/#breadcrumb\",\"itemListElement\":[{\"@type\":\"ListItem\",\"position\":1,\"name\":\"Home\",\"item\":\"https:\/\/sandzakpress.net\/arhiva\/\"},{\"@type\":\"ListItem\",\"position\":2,\"name\":\"\u0160ta ka\u017eu Bo\u0161njaci na ovo?\"}]},{\"@type\":\"WebSite\",\"@id\":\"https:\/\/sandzakpress.net\/arhiva\/#website\",\"url\":\"https:\/\/sandzakpress.net\/arhiva\/\",\"name\":\"Sand\u017eak PRESS\",\"description\":\"Prve elektronske novine u Sand\u017eaku\",\"publisher\":{\"@id\":\"https:\/\/sandzakpress.net\/arhiva\/#\/schema\/person\/6e72b67d6e51910a1117b3b483ba20bd\"},\"potentialAction\":[{\"@type\":\"SearchAction\",\"target\":{\"@type\":\"EntryPoint\",\"urlTemplate\":\"https:\/\/sandzakpress.net\/arhiva\/?s={search_term_string}\"},\"query-input\":{\"@type\":\"PropertyValueSpecification\",\"valueRequired\":true,\"valueName\":\"search_term_string\"}}],\"inLanguage\":\"bs-BA\"},{\"@type\":[\"Person\",\"Organization\"],\"@id\":\"https:\/\/sandzakpress.net\/arhiva\/#\/schema\/person\/6e72b67d6e51910a1117b3b483ba20bd\",\"name\":\"Kul\",\"image\":{\"@type\":\"ImageObject\",\"inLanguage\":\"bs-BA\",\"@id\":\"https:\/\/sandzakpress.net\/arhiva\/#\/schema\/person\/image\/\",\"url\":\"https:\/\/secure.gravatar.com\/avatar\/42263f39aa27ac04c43cab85c280eb2e?s=96&d=mm&r=pg\",\"contentUrl\":\"https:\/\/secure.gravatar.com\/avatar\/42263f39aa27ac04c43cab85c280eb2e?s=96&d=mm&r=pg\",\"caption\":\"Kul\"},\"logo\":{\"@id\":\"https:\/\/sandzakpress.net\/arhiva\/#\/schema\/person\/image\/\"}},{\"@type\":\"Person\",\"@id\":\"https:\/\/sandzakpress.net\/arhiva\/#\/schema\/person\/c8baee722073534b583ea7bdb2e36c02\",\"name\":\"bosniak\",\"image\":{\"@type\":\"ImageObject\",\"inLanguage\":\"bs-BA\",\"@id\":\"https:\/\/sandzakpress.net\/arhiva\/#\/schema\/person\/image\/\",\"url\":\"https:\/\/secure.gravatar.com\/avatar\/a04fd330bfe3a36a72a0ad4a6d89fca7?s=96&d=mm&r=pg\",\"contentUrl\":\"https:\/\/secure.gravatar.com\/avatar\/a04fd330bfe3a36a72a0ad4a6d89fca7?s=96&d=mm&r=pg\",\"caption\":\"bosniak\"},\"url\":\"https:\/\/sandzakpress.net\/arhiva\/author\/bosniak\/\"}]}<\/script>\n<!-- \/ Yoast SEO Premium plugin. -->","yoast_head_json":{"title":"\u0160ta ka\u017eu Bo\u0161njaci na ovo?","robots":{"index":"index","follow":"follow","max-snippet":"max-snippet:-1","max-image-preview":"max-image-preview:large","max-video-preview":"max-video-preview:-1"},"canonical":"https:\/\/sandzakpress.net\/arhiva\/sta-kazu-bosnjaci-na-ovo\/","og_locale":"bs_BA","og_type":"article","og_title":"\u0160ta ka\u017eu Bo\u0161njaci na ovo?","og_description":"Bismo svjedoci \u0161ta se izde\u0161ava na brzinu nama Bo\u0161njacima u Sand\u017eaku. Vidosomo kako nas na\u0161i politi\u010dari prevari\u0161e ili kako ih nasamari\u0161e Srbijanci koji vladaju ovom dr\u017eavom. Protiv ovoga su digli glas brojni politi\u010dari koji nisu imali podr\u0161ku od sand\u017ea\u010dkih bira\u010da, a ovi \u0161to su imali su im odgovorili: &#8220;Vi \u0107utite, vas narod nije izabrao.&#8221; Ovo [&hellip;]","og_url":"https:\/\/sandzakpress.net\/arhiva\/sta-kazu-bosnjaci-na-ovo\/","og_site_name":"Sand\u017eak PRESS","article_published_time":"2010-01-09T15:06:44+00:00","article_modified_time":"2010-01-09T21:41:40+00:00","og_image":[{"width":616,"height":282,"url":"https:\/\/sandzakpress.net\/arhiva\/wp-content\/uploads\/2010\/01\/suljo_dinkic_rasim1.jpg","type":"image\/jpeg"}],"author":"bosniak","twitter_card":"summary_large_image","twitter_misc":{"Written by":"bosniak","Est. reading time":"6 minuta"},"schema":{"@context":"https:\/\/schema.org","@graph":[{"@type":"Article","@id":"https:\/\/sandzakpress.net\/arhiva\/sta-kazu-bosnjaci-na-ovo\/#article","isPartOf":{"@id":"https:\/\/sandzakpress.net\/arhiva\/sta-kazu-bosnjaci-na-ovo\/"},"author":{"name":"bosniak","@id":"https:\/\/sandzakpress.net\/arhiva\/#\/schema\/person\/c8baee722073534b583ea7bdb2e36c02"},"headline":"\u0160ta ka\u017eu Bo\u0161njaci na ovo?","datePublished":"2010-01-09T15:06:44+00:00","dateModified":"2010-01-09T21:41:40+00:00","mainEntityOfPage":{"@id":"https:\/\/sandzakpress.net\/arhiva\/sta-kazu-bosnjaci-na-ovo\/"},"wordCount":1215,"commentCount":6,"publisher":{"@id":"https:\/\/sandzakpress.net\/arhiva\/#\/schema\/person\/6e72b67d6e51910a1117b3b483ba20bd"},"image":{"@id":"https:\/\/sandzakpress.net\/arhiva\/sta-kazu-bosnjaci-na-ovo\/#primaryimage"},"thumbnailUrl":"https:\/\/sandzakpress.net\/arhiva\/wp-content\/uploads\/2010\/01\/suljo_dinkic_rasim1.jpg","articleSection":["Novine"],"inLanguage":"bs-BA","potentialAction":[{"@type":"CommentAction","name":"Comment","target":["https:\/\/sandzakpress.net\/arhiva\/sta-kazu-bosnjaci-na-ovo\/#respond"]}]},{"@type":"WebPage","@id":"https:\/\/sandzakpress.net\/arhiva\/sta-kazu-bosnjaci-na-ovo\/","url":"https:\/\/sandzakpress.net\/arhiva\/sta-kazu-bosnjaci-na-ovo\/","name":"\u0160ta ka\u017eu Bo\u0161njaci na ovo?","isPartOf":{"@id":"https:\/\/sandzakpress.net\/arhiva\/#website"},"primaryImageOfPage":{"@id":"https:\/\/sandzakpress.net\/arhiva\/sta-kazu-bosnjaci-na-ovo\/#primaryimage"},"image":{"@id":"https:\/\/sandzakpress.net\/arhiva\/sta-kazu-bosnjaci-na-ovo\/#primaryimage"},"thumbnailUrl":"https:\/\/sandzakpress.net\/arhiva\/wp-content\/uploads\/2010\/01\/suljo_dinkic_rasim1.jpg","datePublished":"2010-01-09T15:06:44+00:00","dateModified":"2010-01-09T21:41:40+00:00","breadcrumb":{"@id":"https:\/\/sandzakpress.net\/arhiva\/sta-kazu-bosnjaci-na-ovo\/#breadcrumb"},"inLanguage":"bs-BA","potentialAction":[{"@type":"ReadAction","target":["https:\/\/sandzakpress.net\/arhiva\/sta-kazu-bosnjaci-na-ovo\/"]}]},{"@type":"ImageObject","inLanguage":"bs-BA","@id":"https:\/\/sandzakpress.net\/arhiva\/sta-kazu-bosnjaci-na-ovo\/#primaryimage","url":"https:\/\/sandzakpress.net\/arhiva\/wp-content\/uploads\/2010\/01\/suljo_dinkic_rasim1.jpg","contentUrl":"https:\/\/sandzakpress.net\/arhiva\/wp-content\/uploads\/2010\/01\/suljo_dinkic_rasim1.jpg","width":616,"height":282},{"@type":"BreadcrumbList","@id":"https:\/\/sandzakpress.net\/arhiva\/sta-kazu-bosnjaci-na-ovo\/#breadcrumb","itemListElement":[{"@type":"ListItem","position":1,"name":"Home","item":"https:\/\/sandzakpress.net\/arhiva\/"},{"@type":"ListItem","position":2,"name":"\u0160ta ka\u017eu Bo\u0161njaci na ovo?"}]},{"@type":"WebSite","@id":"https:\/\/sandzakpress.net\/arhiva\/#website","url":"https:\/\/sandzakpress.net\/arhiva\/","name":"Sand\u017eak PRESS","description":"Prve elektronske novine u Sand\u017eaku","publisher":{"@id":"https:\/\/sandzakpress.net\/arhiva\/#\/schema\/person\/6e72b67d6e51910a1117b3b483ba20bd"},"potentialAction":[{"@type":"SearchAction","target":{"@type":"EntryPoint","urlTemplate":"https:\/\/sandzakpress.net\/arhiva\/?s={search_term_string}"},"query-input":{"@type":"PropertyValueSpecification","valueRequired":true,"valueName":"search_term_string"}}],"inLanguage":"bs-BA"},{"@type":["Person","Organization"],"@id":"https:\/\/sandzakpress.net\/arhiva\/#\/schema\/person\/6e72b67d6e51910a1117b3b483ba20bd","name":"Kul","image":{"@type":"ImageObject","inLanguage":"bs-BA","@id":"https:\/\/sandzakpress.net\/arhiva\/#\/schema\/person\/image\/","url":"https:\/\/secure.gravatar.com\/avatar\/42263f39aa27ac04c43cab85c280eb2e?s=96&d=mm&r=pg","contentUrl":"https:\/\/secure.gravatar.com\/avatar\/42263f39aa27ac04c43cab85c280eb2e?s=96&d=mm&r=pg","caption":"Kul"},"logo":{"@id":"https:\/\/sandzakpress.net\/arhiva\/#\/schema\/person\/image\/"}},{"@type":"Person","@id":"https:\/\/sandzakpress.net\/arhiva\/#\/schema\/person\/c8baee722073534b583ea7bdb2e36c02","name":"bosniak","image":{"@type":"ImageObject","inLanguage":"bs-BA","@id":"https:\/\/sandzakpress.net\/arhiva\/#\/schema\/person\/image\/","url":"https:\/\/secure.gravatar.com\/avatar\/a04fd330bfe3a36a72a0ad4a6d89fca7?s=96&d=mm&r=pg","contentUrl":"https:\/\/secure.gravatar.com\/avatar\/a04fd330bfe3a36a72a0ad4a6d89fca7?s=96&d=mm&r=pg","caption":"bosniak"},"url":"https:\/\/sandzakpress.net\/arhiva\/author\/bosniak\/"}]}},"_links":{"self":[{"href":"https:\/\/sandzakpress.net\/arhiva\/wp-json\/wp\/v2\/posts\/1124"}],"collection":[{"href":"https:\/\/sandzakpress.net\/arhiva\/wp-json\/wp\/v2\/posts"}],"about":[{"href":"https:\/\/sandzakpress.net\/arhiva\/wp-json\/wp\/v2\/types\/post"}],"author":[{"embeddable":true,"href":"https:\/\/sandzakpress.net\/arhiva\/wp-json\/wp\/v2\/users\/83"}],"replies":[{"embeddable":true,"href":"https:\/\/sandzakpress.net\/arhiva\/wp-json\/wp\/v2\/comments?post=1124"}],"version-history":[{"count":0,"href":"https:\/\/sandzakpress.net\/arhiva\/wp-json\/wp\/v2\/posts\/1124\/revisions"}],"wp:featuredmedia":[{"embeddable":true,"href":"https:\/\/sandzakpress.net\/arhiva\/wp-json\/wp\/v2\/media\/1123"}],"wp:attachment":[{"href":"https:\/\/sandzakpress.net\/arhiva\/wp-json\/wp\/v2\/media?parent=1124"}],"wp:term":[{"taxonomy":"category","embeddable":true,"href":"https:\/\/sandzakpress.net\/arhiva\/wp-json\/wp\/v2\/categories?post=1124"},{"taxonomy":"post_tag","embeddable":true,"href":"https:\/\/sandzakpress.net\/arhiva\/wp-json\/wp\/v2\/tags?post=1124"}],"curies":[{"name":"wp","href":"https:\/\/api.w.org\/{rel}","templated":true}]}}