{"id":112383,"date":"2014-09-28T00:35:32","date_gmt":"2014-09-27T22:35:32","guid":{"rendered":"https:\/\/sandzakpress.net\/arhiva\/?p=112383"},"modified":"2014-09-28T00:37:40","modified_gmt":"2014-09-27T22:37:40","slug":"pogledajte-prilog-o-hafizu-kujevicu-na-tv-vijestima","status":"publish","type":"post","link":"https:\/\/sandzakpress.net\/arhiva\/pogledajte-prilog-o-hafizu-kujevicuu-na-tv-vijestima","title":{"rendered":"Hiljade gra\u0111ana Ro\u017eaja reklo Fejzi\u0107u &#8216;NE!&#8217;"},"content":{"rendered":"<p><img decoding=\"async\" src=\"http:\/\/servis.vijesti.me\/media\/cache\/78\/38\/783806bcf3704188f735ec6c4d3ca784.jpg?id=784170\" alt=\"\" \/><\/p>\n<p style=\"color: #222222;\"><strong style=\"font-style: inherit;\">Ro\u017eaje &#8211; Peticiju protiv odluke Islamske zajednice da iz svojih redova izop\u0161ti hafiza Abdurahmana Kujevi\u0107a potpisalo je ju\u010de preko dvije hiljade Ro\u017eajaca.<\/strong><\/p>\n<p style=\"color: #222222;\">U znak protesta zbog Kujevi\u0107evog razrje\u0161enja, nekoliko stotina vjernika je ju\u010de napustilo druge gradske d\u017eamije i d\u017eumu (centralnu molitvu koja se obavlja petkom) klanjalo u Ku\u010danskoj d\u017eamiji. Arben Jakupi, jedan od organizatora potpisivanja peticije je kazao da su Ro\u017eajci jedinstveno stali protiv isklju\u010denja iz IZ \u201ejednog od najpoznatijih islamskih u\u010denjaka na \u0161irem balkanskom prostoru\u201d.<\/p>\n<p style=\"color: #222222;\">\u201eSporna odluka je unijela vidnu uznemirenost u gradu jer su je ljudi povezali sa nedavnom izjavom aktuelnog reisa IZ CG kojom je pozvao dr\u017eavne organe da ga spa\u0161avaju od neposlu\u0161nih grupa. O\u010digledno je pri tom mislio i na uva\u017eenog hafiza Kujevi\u0107a koji je na prethodnim lokalnim izborima politi\u010dki podr\u017eao partiju koju je IZ proglasila neprijateljskom. Vjerovatno iz razloga jer se ta partija suprtostavila re\u017eimskom politi\u010dkom trouglu DPS-SDP-BS\u201c, rekao je Jakupi.<\/p>\n<p style=\"color: #222222;\">On je istakao da ne postoje nikakve grupe, \u201ekao \u0161to implicira reis Fejzi\u0107\u201c, koje \u017eele podijeliti IZ, ve\u0107 to upravo ovakvim odlukama poku\u0161ava Fejzi\u0107 koji se javno stavio u slu\u017ebu Bo\u0161nja\u010dke stranke i sve neistomi\u0161lje nike \u017eeli proglasiti neprijateljima IZ. Peticija se potpisuje u jo\u0161 nekoliko crnogorskih gradova.<\/p>\n<figure class=\"article_figure\" style=\"color: #222222;\"><\/figure>\n<p style=\"color: #222222;\">Nakon burne reakcije ro\u017eajske javnosti, putem dru\u0161tvenih mre\u017ea, saop\u0161tenjem se oglasio lokalni odbor IZ koji je istakao da je Kujevi\u0107 razrije\u0161en jer je sam odabrao da bude slu\u017ebenik IZ u Srbiji u kojoj je obavljao nekoliko funkcija bez saglasnosti IZ u Crnoj Gori.<\/p>\n<p style=\"color: #222222;\">\u201cPostavljamo pitanje za\u0161to je uop\u0161te radio kao upo\u0161ljenik Odbora Ro\u017eaje ako je u vi\u0161e navrata u javnim istupima kroz glasila IZ u Srbiji osporavao legitimitet IZ u Crnoj Gori, te time i ovog Odbora. Pored toga, aktivno je u\u010destvovao u politi\u010dkom djelovanju ekspozitura Zukorli\u0107eve politi\u010dke partije u Crnoj Gori\u201d, saop\u0161teno je iz ro\u017eajskog odbora IZ.<\/p>\n<p style=\"color: #222222;\">Iz Bo\u0161nja\u010dke demokratske zajednice (BDZ) su \u201czapre pa\u0161teni zlobom koja se izlila iz pera skrivenog, anonimnog lica koje je u ime Odbora IZ u Ro\u017eajama dalo saop\u0161tenje\u201d.<\/p>\n<p style=\"color: #222222;\"><iframe loading=\"lazy\" style=\"font-weight: inherit; font-style: inherit;\" src=\"http:\/\/www.youtube.com\/embed\/videoseries?list=UUGGDfpTbmFVcvtd4iwHk_WQ\" width=\"580\" height=\"326\" frameborder=\"0\" allowfullscreen=\"allowfullscreen\"><\/iframe><\/p>\n<p style=\"color: #222222;\">\u201cAktivnost cijenjenog hafiza Abdurahmana ef. Kujevi\u0107a inkriminatorno je dovedena u vezu sa politi\u010dkim radom BDZ u Crnoj Gori, koja je usput, valjda kao argument inkriminisanoj politi\u010dkoj aktivnosti hafiza Kujevi\u0107a, zlonamjerno i tendeciozno imenovana \u201cekspoziturom Zukorli\u0107eve politi\u010dke partije u Crnoj Gori\u201d, navodi se u saop\u0161tenju BDZ.<\/p>\n<p style=\"color: #222222;\">Oni vjeruju da \u0107e Kujevi\u0107 \u201eadekvatno odgovoriti, pored ostalog i na protivzakonito osporavanje prava na politi\u010dko anga\u017eovanje, koje mu se uskra\u0107uje u duhu starih policijsko-udba\u0161kih trikova zapla\u0161ivanja, \u0161to ujedno i prosje\u010dnom \u010ditaocu otkriva profesiju skrivenog autora ovog, nadasve nepismenog saop\u0161tenja\u201c.<\/p>\n<p style=\"color: #222222;\"><strong style=\"font-style: inherit;\">Pitanja za reisa Fejzi\u0107a<\/strong><\/p>\n<p style=\"color: #222222;\">Organizatori peticije su reisu Fejzi\u0107u uputili sljede\u0107a pitanja: Zbog \u010dega Islamskoj zajednici smeta anga\u017eman hafiza Kujevi\u0107a u Rijasetu BIH?Za\u0161to iz IZ u Crnoj Gori nijesu izop\u0161teni drugi slu\u017ebenici koji su, tako\u0111e, anga\u017eovani u IZ u Srbiji ? Za\u0161to reisu Fejzi\u0107u nije smetala IZ u Srbiji dok je bio na njenom platnom spisku do prije mjesec, dva?<\/p>\n<p style=\"color: #222222;\"><em style=\"font-weight: inherit;\">Izvor: vijesti.me<\/em><\/p>\n","protected":false},"excerpt":{"rendered":"<p>Ro\u017eaje &#8211; Peticiju protiv odluke Islamske zajednice da iz svojih redova izop\u0161ti hafiza Abdurahmana Kujevi\u0107a potpisalo je ju\u010de preko dvije hiljade Ro\u017eajaca. U znak protesta zbog Kujevi\u0107evog razrje\u0161enja, nekoliko stotina vjernika je ju\u010de napustilo druge gradske d\u017eamije i d\u017eumu (centralnu molitvu koja se obavlja petkom) klanjalo u Ku\u010danskoj d\u017eamiji. Arben Jakupi, jedan od organizatora potpisivanja [&hellip;]<\/p>\n","protected":false},"author":83,"featured_media":112386,"comment_status":"open","ping_status":"open","sticky":false,"template":"","format":"standard","meta":{"footnotes":""},"categories":[398,1,397,10174,396,395,399,10173,8957],"tags":[10229,10252],"class_list":{"0":"post-112383","1":"post","2":"type-post","3":"status-publish","4":"format-standard","5":"has-post-thumbnail","7":"category-rozaje","8":"category-politika","9":"category-berane","10":"category-petnjica-vase-vijesti","11":"category-bijelo_polje","12":"category-pljevlja_","13":"category-plav_","14":"category-gusinje-vase-vijesti","15":"category-vijesti-dana","16":"tag-islamska-zajednica","17":"tag-hfz-abdurrahman-kujevic"},"yoast_head":"<!-- This site is optimized with the Yoast SEO Premium plugin v23.1 (Yoast SEO v24.9) - https:\/\/yoast.com\/wordpress\/plugins\/seo\/ -->\n<title>Hiljade gra\u0111ana Ro\u017eaja reklo Fejzi\u0107u &#039;NE!&#039;<\/title>\n<meta name=\"robots\" content=\"index, follow, max-snippet:-1, max-image-preview:large, max-video-preview:-1\" \/>\n<link rel=\"canonical\" href=\"https:\/\/sandzakpress.net\/arhiva\/pogledajte-prilog-o-hafizu-kujevicuu-na-tv-vijestima\/\" \/>\n<meta property=\"og:locale\" content=\"bs_BA\" \/>\n<meta property=\"og:type\" content=\"article\" \/>\n<meta property=\"og:title\" content=\"Hiljade gra\u0111ana Ro\u017eaja reklo Fejzi\u0107u &#039;NE!&#039;\" \/>\n<meta property=\"og:description\" content=\"Ro\u017eaje &#8211; Peticiju protiv odluke Islamske zajednice da iz svojih redova izop\u0161ti hafiza Abdurahmana Kujevi\u0107a potpisalo je ju\u010de preko dvije hiljade Ro\u017eajaca. U znak protesta zbog Kujevi\u0107evog razrje\u0161enja, nekoliko stotina vjernika je ju\u010de napustilo druge gradske d\u017eamije i d\u017eumu (centralnu molitvu koja se obavlja petkom) klanjalo u Ku\u010danskoj d\u017eamiji. Arben Jakupi, jedan od organizatora potpisivanja [&hellip;]\" \/>\n<meta property=\"og:url\" content=\"https:\/\/sandzakpress.net\/arhiva\/pogledajte-prilog-o-hafizu-kujevicuu-na-tv-vijestima\/\" \/>\n<meta property=\"og:site_name\" content=\"Sand\u017eak PRESS\" \/>\n<meta property=\"article:published_time\" content=\"2014-09-27T22:35:32+00:00\" \/>\n<meta property=\"article:modified_time\" content=\"2014-09-27T22:37:40+00:00\" \/>\n<meta property=\"og:image\" content=\"https:\/\/sandzakpress.net\/arhiva\/wp-content\/uploads\/2014\/09\/783806bcf3704188f735ec6c4d3ca784.jpg\" \/>\n\t<meta property=\"og:image:width\" content=\"900\" \/>\n\t<meta property=\"og:image:height\" content=\"509\" \/>\n\t<meta property=\"og:image:type\" content=\"image\/jpeg\" \/>\n<meta name=\"author\" content=\"bosniak\" \/>\n<meta name=\"twitter:card\" content=\"summary_large_image\" \/>\n<meta name=\"twitter:label1\" content=\"Written by\" \/>\n\t<meta name=\"twitter:data1\" content=\"bosniak\" \/>\n\t<meta name=\"twitter:label2\" content=\"Est. reading time\" \/>\n\t<meta name=\"twitter:data2\" content=\"3 minute\" \/>\n<script type=\"application\/ld+json\" class=\"yoast-schema-graph\">{\"@context\":\"https:\/\/schema.org\",\"@graph\":[{\"@type\":\"Article\",\"@id\":\"https:\/\/sandzakpress.net\/arhiva\/pogledajte-prilog-o-hafizu-kujevicuu-na-tv-vijestima\/#article\",\"isPartOf\":{\"@id\":\"https:\/\/sandzakpress.net\/arhiva\/pogledajte-prilog-o-hafizu-kujevicuu-na-tv-vijestima\/\"},\"author\":{\"name\":\"bosniak\",\"@id\":\"https:\/\/sandzakpress.net\/arhiva\/#\/schema\/person\/c8baee722073534b583ea7bdb2e36c02\"},\"headline\":\"Hiljade gra\u0111ana Ro\u017eaja reklo Fejzi\u0107u &#8216;NE!&#8217;\",\"datePublished\":\"2014-09-27T22:35:32+00:00\",\"dateModified\":\"2014-09-27T22:37:40+00:00\",\"mainEntityOfPage\":{\"@id\":\"https:\/\/sandzakpress.net\/arhiva\/pogledajte-prilog-o-hafizu-kujevicuu-na-tv-vijestima\/\"},\"wordCount\":554,\"commentCount\":26,\"publisher\":{\"@id\":\"https:\/\/sandzakpress.net\/arhiva\/#\/schema\/person\/6e72b67d6e51910a1117b3b483ba20bd\"},\"image\":{\"@id\":\"https:\/\/sandzakpress.net\/arhiva\/pogledajte-prilog-o-hafizu-kujevicuu-na-tv-vijestima\/#primaryimage\"},\"thumbnailUrl\":\"https:\/\/sandzakpress.net\/arhiva\/wp-content\/uploads\/2014\/09\/783806bcf3704188f735ec6c4d3ca784.jpg\",\"keywords\":[\"Islamska zajednica\",\"Hfz. Abdurrahman Kujevi\u0107\"],\"articleSection\":[\"Ro\u017eaje\",\"Politika\",\"Berane\",\"Petnjica\",\"Bijelo Polje\",\"Pljevlja\",\"Plav\",\"Gusinje\",\"VIJESTI DANA\"],\"inLanguage\":\"bs-BA\",\"potentialAction\":[{\"@type\":\"CommentAction\",\"name\":\"Comment\",\"target\":[\"https:\/\/sandzakpress.net\/arhiva\/pogledajte-prilog-o-hafizu-kujevicuu-na-tv-vijestima\/#respond\"]}]},{\"@type\":\"WebPage\",\"@id\":\"https:\/\/sandzakpress.net\/arhiva\/pogledajte-prilog-o-hafizu-kujevicuu-na-tv-vijestima\/\",\"url\":\"https:\/\/sandzakpress.net\/arhiva\/pogledajte-prilog-o-hafizu-kujevicuu-na-tv-vijestima\/\",\"name\":\"Hiljade gra\u0111ana Ro\u017eaja reklo Fejzi\u0107u 'NE!'\",\"isPartOf\":{\"@id\":\"https:\/\/sandzakpress.net\/arhiva\/#website\"},\"primaryImageOfPage\":{\"@id\":\"https:\/\/sandzakpress.net\/arhiva\/pogledajte-prilog-o-hafizu-kujevicuu-na-tv-vijestima\/#primaryimage\"},\"image\":{\"@id\":\"https:\/\/sandzakpress.net\/arhiva\/pogledajte-prilog-o-hafizu-kujevicuu-na-tv-vijestima\/#primaryimage\"},\"thumbnailUrl\":\"https:\/\/sandzakpress.net\/arhiva\/wp-content\/uploads\/2014\/09\/783806bcf3704188f735ec6c4d3ca784.jpg\",\"datePublished\":\"2014-09-27T22:35:32+00:00\",\"dateModified\":\"2014-09-27T22:37:40+00:00\",\"breadcrumb\":{\"@id\":\"https:\/\/sandzakpress.net\/arhiva\/pogledajte-prilog-o-hafizu-kujevicuu-na-tv-vijestima\/#breadcrumb\"},\"inLanguage\":\"bs-BA\",\"potentialAction\":[{\"@type\":\"ReadAction\",\"target\":[\"https:\/\/sandzakpress.net\/arhiva\/pogledajte-prilog-o-hafizu-kujevicuu-na-tv-vijestima\/\"]}]},{\"@type\":\"ImageObject\",\"inLanguage\":\"bs-BA\",\"@id\":\"https:\/\/sandzakpress.net\/arhiva\/pogledajte-prilog-o-hafizu-kujevicuu-na-tv-vijestima\/#primaryimage\",\"url\":\"https:\/\/sandzakpress.net\/arhiva\/wp-content\/uploads\/2014\/09\/783806bcf3704188f735ec6c4d3ca784.jpg\",\"contentUrl\":\"https:\/\/sandzakpress.net\/arhiva\/wp-content\/uploads\/2014\/09\/783806bcf3704188f735ec6c4d3ca784.jpg\",\"width\":900,\"height\":509},{\"@type\":\"BreadcrumbList\",\"@id\":\"https:\/\/sandzakpress.net\/arhiva\/pogledajte-prilog-o-hafizu-kujevicuu-na-tv-vijestima\/#breadcrumb\",\"itemListElement\":[{\"@type\":\"ListItem\",\"position\":1,\"name\":\"Home\",\"item\":\"https:\/\/sandzakpress.net\/arhiva\/\"},{\"@type\":\"ListItem\",\"position\":2,\"name\":\"Hiljade gra\u0111ana Ro\u017eaja reklo Fejzi\u0107u &#8216;NE!&#8217;\"}]},{\"@type\":\"WebSite\",\"@id\":\"https:\/\/sandzakpress.net\/arhiva\/#website\",\"url\":\"https:\/\/sandzakpress.net\/arhiva\/\",\"name\":\"Sand\u017eak PRESS\",\"description\":\"Prve elektronske novine u Sand\u017eaku\",\"publisher\":{\"@id\":\"https:\/\/sandzakpress.net\/arhiva\/#\/schema\/person\/6e72b67d6e51910a1117b3b483ba20bd\"},\"potentialAction\":[{\"@type\":\"SearchAction\",\"target\":{\"@type\":\"EntryPoint\",\"urlTemplate\":\"https:\/\/sandzakpress.net\/arhiva\/?s={search_term_string}\"},\"query-input\":{\"@type\":\"PropertyValueSpecification\",\"valueRequired\":true,\"valueName\":\"search_term_string\"}}],\"inLanguage\":\"bs-BA\"},{\"@type\":[\"Person\",\"Organization\"],\"@id\":\"https:\/\/sandzakpress.net\/arhiva\/#\/schema\/person\/6e72b67d6e51910a1117b3b483ba20bd\",\"name\":\"Kul\",\"image\":{\"@type\":\"ImageObject\",\"inLanguage\":\"bs-BA\",\"@id\":\"https:\/\/sandzakpress.net\/arhiva\/#\/schema\/person\/image\/\",\"url\":\"https:\/\/secure.gravatar.com\/avatar\/42263f39aa27ac04c43cab85c280eb2e?s=96&d=mm&r=pg\",\"contentUrl\":\"https:\/\/secure.gravatar.com\/avatar\/42263f39aa27ac04c43cab85c280eb2e?s=96&d=mm&r=pg\",\"caption\":\"Kul\"},\"logo\":{\"@id\":\"https:\/\/sandzakpress.net\/arhiva\/#\/schema\/person\/image\/\"}},{\"@type\":\"Person\",\"@id\":\"https:\/\/sandzakpress.net\/arhiva\/#\/schema\/person\/c8baee722073534b583ea7bdb2e36c02\",\"name\":\"bosniak\",\"image\":{\"@type\":\"ImageObject\",\"inLanguage\":\"bs-BA\",\"@id\":\"https:\/\/sandzakpress.net\/arhiva\/#\/schema\/person\/image\/\",\"url\":\"https:\/\/secure.gravatar.com\/avatar\/a04fd330bfe3a36a72a0ad4a6d89fca7?s=96&d=mm&r=pg\",\"contentUrl\":\"https:\/\/secure.gravatar.com\/avatar\/a04fd330bfe3a36a72a0ad4a6d89fca7?s=96&d=mm&r=pg\",\"caption\":\"bosniak\"},\"url\":\"https:\/\/sandzakpress.net\/arhiva\/author\/bosniak\/\"}]}<\/script>\n<!-- \/ Yoast SEO Premium plugin. -->","yoast_head_json":{"title":"Hiljade gra\u0111ana Ro\u017eaja reklo Fejzi\u0107u 'NE!'","robots":{"index":"index","follow":"follow","max-snippet":"max-snippet:-1","max-image-preview":"max-image-preview:large","max-video-preview":"max-video-preview:-1"},"canonical":"https:\/\/sandzakpress.net\/arhiva\/pogledajte-prilog-o-hafizu-kujevicuu-na-tv-vijestima\/","og_locale":"bs_BA","og_type":"article","og_title":"Hiljade gra\u0111ana Ro\u017eaja reklo Fejzi\u0107u 'NE!'","og_description":"Ro\u017eaje &#8211; Peticiju protiv odluke Islamske zajednice da iz svojih redova izop\u0161ti hafiza Abdurahmana Kujevi\u0107a potpisalo je ju\u010de preko dvije hiljade Ro\u017eajaca. U znak protesta zbog Kujevi\u0107evog razrje\u0161enja, nekoliko stotina vjernika je ju\u010de napustilo druge gradske d\u017eamije i d\u017eumu (centralnu molitvu koja se obavlja petkom) klanjalo u Ku\u010danskoj d\u017eamiji. Arben Jakupi, jedan od organizatora potpisivanja [&hellip;]","og_url":"https:\/\/sandzakpress.net\/arhiva\/pogledajte-prilog-o-hafizu-kujevicuu-na-tv-vijestima\/","og_site_name":"Sand\u017eak PRESS","article_published_time":"2014-09-27T22:35:32+00:00","article_modified_time":"2014-09-27T22:37:40+00:00","og_image":[{"width":900,"height":509,"url":"https:\/\/sandzakpress.net\/arhiva\/wp-content\/uploads\/2014\/09\/783806bcf3704188f735ec6c4d3ca784.jpg","type":"image\/jpeg"}],"author":"bosniak","twitter_card":"summary_large_image","twitter_misc":{"Written by":"bosniak","Est. reading time":"3 minute"},"schema":{"@context":"https:\/\/schema.org","@graph":[{"@type":"Article","@id":"https:\/\/sandzakpress.net\/arhiva\/pogledajte-prilog-o-hafizu-kujevicuu-na-tv-vijestima\/#article","isPartOf":{"@id":"https:\/\/sandzakpress.net\/arhiva\/pogledajte-prilog-o-hafizu-kujevicuu-na-tv-vijestima\/"},"author":{"name":"bosniak","@id":"https:\/\/sandzakpress.net\/arhiva\/#\/schema\/person\/c8baee722073534b583ea7bdb2e36c02"},"headline":"Hiljade gra\u0111ana Ro\u017eaja reklo Fejzi\u0107u &#8216;NE!&#8217;","datePublished":"2014-09-27T22:35:32+00:00","dateModified":"2014-09-27T22:37:40+00:00","mainEntityOfPage":{"@id":"https:\/\/sandzakpress.net\/arhiva\/pogledajte-prilog-o-hafizu-kujevicuu-na-tv-vijestima\/"},"wordCount":554,"commentCount":26,"publisher":{"@id":"https:\/\/sandzakpress.net\/arhiva\/#\/schema\/person\/6e72b67d6e51910a1117b3b483ba20bd"},"image":{"@id":"https:\/\/sandzakpress.net\/arhiva\/pogledajte-prilog-o-hafizu-kujevicuu-na-tv-vijestima\/#primaryimage"},"thumbnailUrl":"https:\/\/sandzakpress.net\/arhiva\/wp-content\/uploads\/2014\/09\/783806bcf3704188f735ec6c4d3ca784.jpg","keywords":["Islamska zajednica","Hfz. Abdurrahman Kujevi\u0107"],"articleSection":["Ro\u017eaje","Politika","Berane","Petnjica","Bijelo Polje","Pljevlja","Plav","Gusinje","VIJESTI DANA"],"inLanguage":"bs-BA","potentialAction":[{"@type":"CommentAction","name":"Comment","target":["https:\/\/sandzakpress.net\/arhiva\/pogledajte-prilog-o-hafizu-kujevicuu-na-tv-vijestima\/#respond"]}]},{"@type":"WebPage","@id":"https:\/\/sandzakpress.net\/arhiva\/pogledajte-prilog-o-hafizu-kujevicuu-na-tv-vijestima\/","url":"https:\/\/sandzakpress.net\/arhiva\/pogledajte-prilog-o-hafizu-kujevicuu-na-tv-vijestima\/","name":"Hiljade gra\u0111ana Ro\u017eaja reklo Fejzi\u0107u 'NE!'","isPartOf":{"@id":"https:\/\/sandzakpress.net\/arhiva\/#website"},"primaryImageOfPage":{"@id":"https:\/\/sandzakpress.net\/arhiva\/pogledajte-prilog-o-hafizu-kujevicuu-na-tv-vijestima\/#primaryimage"},"image":{"@id":"https:\/\/sandzakpress.net\/arhiva\/pogledajte-prilog-o-hafizu-kujevicuu-na-tv-vijestima\/#primaryimage"},"thumbnailUrl":"https:\/\/sandzakpress.net\/arhiva\/wp-content\/uploads\/2014\/09\/783806bcf3704188f735ec6c4d3ca784.jpg","datePublished":"2014-09-27T22:35:32+00:00","dateModified":"2014-09-27T22:37:40+00:00","breadcrumb":{"@id":"https:\/\/sandzakpress.net\/arhiva\/pogledajte-prilog-o-hafizu-kujevicuu-na-tv-vijestima\/#breadcrumb"},"inLanguage":"bs-BA","potentialAction":[{"@type":"ReadAction","target":["https:\/\/sandzakpress.net\/arhiva\/pogledajte-prilog-o-hafizu-kujevicuu-na-tv-vijestima\/"]}]},{"@type":"ImageObject","inLanguage":"bs-BA","@id":"https:\/\/sandzakpress.net\/arhiva\/pogledajte-prilog-o-hafizu-kujevicuu-na-tv-vijestima\/#primaryimage","url":"https:\/\/sandzakpress.net\/arhiva\/wp-content\/uploads\/2014\/09\/783806bcf3704188f735ec6c4d3ca784.jpg","contentUrl":"https:\/\/sandzakpress.net\/arhiva\/wp-content\/uploads\/2014\/09\/783806bcf3704188f735ec6c4d3ca784.jpg","width":900,"height":509},{"@type":"BreadcrumbList","@id":"https:\/\/sandzakpress.net\/arhiva\/pogledajte-prilog-o-hafizu-kujevicuu-na-tv-vijestima\/#breadcrumb","itemListElement":[{"@type":"ListItem","position":1,"name":"Home","item":"https:\/\/sandzakpress.net\/arhiva\/"},{"@type":"ListItem","position":2,"name":"Hiljade gra\u0111ana Ro\u017eaja reklo Fejzi\u0107u &#8216;NE!&#8217;"}]},{"@type":"WebSite","@id":"https:\/\/sandzakpress.net\/arhiva\/#website","url":"https:\/\/sandzakpress.net\/arhiva\/","name":"Sand\u017eak PRESS","description":"Prve elektronske novine u Sand\u017eaku","publisher":{"@id":"https:\/\/sandzakpress.net\/arhiva\/#\/schema\/person\/6e72b67d6e51910a1117b3b483ba20bd"},"potentialAction":[{"@type":"SearchAction","target":{"@type":"EntryPoint","urlTemplate":"https:\/\/sandzakpress.net\/arhiva\/?s={search_term_string}"},"query-input":{"@type":"PropertyValueSpecification","valueRequired":true,"valueName":"search_term_string"}}],"inLanguage":"bs-BA"},{"@type":["Person","Organization"],"@id":"https:\/\/sandzakpress.net\/arhiva\/#\/schema\/person\/6e72b67d6e51910a1117b3b483ba20bd","name":"Kul","image":{"@type":"ImageObject","inLanguage":"bs-BA","@id":"https:\/\/sandzakpress.net\/arhiva\/#\/schema\/person\/image\/","url":"https:\/\/secure.gravatar.com\/avatar\/42263f39aa27ac04c43cab85c280eb2e?s=96&d=mm&r=pg","contentUrl":"https:\/\/secure.gravatar.com\/avatar\/42263f39aa27ac04c43cab85c280eb2e?s=96&d=mm&r=pg","caption":"Kul"},"logo":{"@id":"https:\/\/sandzakpress.net\/arhiva\/#\/schema\/person\/image\/"}},{"@type":"Person","@id":"https:\/\/sandzakpress.net\/arhiva\/#\/schema\/person\/c8baee722073534b583ea7bdb2e36c02","name":"bosniak","image":{"@type":"ImageObject","inLanguage":"bs-BA","@id":"https:\/\/sandzakpress.net\/arhiva\/#\/schema\/person\/image\/","url":"https:\/\/secure.gravatar.com\/avatar\/a04fd330bfe3a36a72a0ad4a6d89fca7?s=96&d=mm&r=pg","contentUrl":"https:\/\/secure.gravatar.com\/avatar\/a04fd330bfe3a36a72a0ad4a6d89fca7?s=96&d=mm&r=pg","caption":"bosniak"},"url":"https:\/\/sandzakpress.net\/arhiva\/author\/bosniak\/"}]}},"_links":{"self":[{"href":"https:\/\/sandzakpress.net\/arhiva\/wp-json\/wp\/v2\/posts\/112383"}],"collection":[{"href":"https:\/\/sandzakpress.net\/arhiva\/wp-json\/wp\/v2\/posts"}],"about":[{"href":"https:\/\/sandzakpress.net\/arhiva\/wp-json\/wp\/v2\/types\/post"}],"author":[{"embeddable":true,"href":"https:\/\/sandzakpress.net\/arhiva\/wp-json\/wp\/v2\/users\/83"}],"replies":[{"embeddable":true,"href":"https:\/\/sandzakpress.net\/arhiva\/wp-json\/wp\/v2\/comments?post=112383"}],"version-history":[{"count":0,"href":"https:\/\/sandzakpress.net\/arhiva\/wp-json\/wp\/v2\/posts\/112383\/revisions"}],"wp:featuredmedia":[{"embeddable":true,"href":"https:\/\/sandzakpress.net\/arhiva\/wp-json\/wp\/v2\/media\/112386"}],"wp:attachment":[{"href":"https:\/\/sandzakpress.net\/arhiva\/wp-json\/wp\/v2\/media?parent=112383"}],"wp:term":[{"taxonomy":"category","embeddable":true,"href":"https:\/\/sandzakpress.net\/arhiva\/wp-json\/wp\/v2\/categories?post=112383"},{"taxonomy":"post_tag","embeddable":true,"href":"https:\/\/sandzakpress.net\/arhiva\/wp-json\/wp\/v2\/tags?post=112383"}],"curies":[{"name":"wp","href":"https:\/\/api.w.org\/{rel}","templated":true}]}}