{"id":112361,"date":"2014-09-27T00:58:34","date_gmt":"2014-09-26T22:58:34","guid":{"rendered":"https:\/\/sandzakpress.net\/arhiva\/?p=112361"},"modified":"2014-09-27T00:58:34","modified_gmt":"2014-09-26T22:58:34","slug":"epcg-sjutra-iskljucenja-u-djelovima-brojnih-opstina","status":"publish","type":"post","link":"https:\/\/sandzakpress.net\/arhiva\/epcg-sjutra-iskljucenja-u-djelovima-brojnih-opstina\/","title":{"rendered":"EPCG: Sjutra isklju\u010denja u djelovima brojnih op\u0161tina"},"content":{"rendered":"<p class=\"short-text\" style=\"color: #000000;\"><strong><img decoding=\"async\" class=\"aligncenter\" src=\"http:\/\/www.img2.cdm.me\/sites\/cdm.bild-studio.me\/files\/styles\/301x227\/public\/multimedia\/foto\/2014\/09\/25\/elektricno-brojilo-1246991258.jpg\" alt=\"\" \/>Ju\u017eni Sand\u017eak &#8211; Sjutra \u0107e zbog planiranih radova na mre\u017ei do\u0107i do isklju\u010denja u djelovima Podgorice, Danilovgrada, Berana i Kola\u0161ina, dok \u0107e teritorije op\u0161tina Plav, Gusinje i Petnjica tako\u0111e biti bez elektri\u010dne energije.<\/strong><\/p>\n<p class=\"short-text\" style=\"color: #000000;\">U Podgorici \u0107e od devet do 15 sati, bez napajanja elektri\u010dnom energijom biti dio potro\u0161a\u010da u Boke\u0161koj ulici, odnosno dio izme\u0111u Njego\u0161eve ulice i ulice Slobode.<\/p>\n<div class=\"long-text\" style=\"color: #000000;\">\n<div class=\"body-text\">\n<p>Od devet do 12 sati, bez \u00a0napajanja elektri\u010dnom energijom osta\u0107e potro\u0161a\u010di u stambenim zgradama \u00a0u ulici Nikole Tesle, a od 10 do 12 sati, bez napajanja elektri\u010dnom bi\u0107e Dom zdravlja Golubovci i naselje oko njega, dio Bijelog Polja i dio Gori\u010dana.<\/p>\n<p>U Danilovgradu \u0107e \u00a0zbog planiranih radova na dalekovodu Jelenak u periodu od osam do 16 sati, bez napajanja elektri\u010dnom energijom biti potro\u0161a\u010di naselja Poljica, Bzo, Studeno, Ivanj Uba i Jablan.<\/p>\n<div class=\"view view-baneri view-id-baneri view-display-id-panel_pane_3 view-dom-id-74b3e4de4fe802677042220d8cc0cda2\">\n<div class=\"view-content\">\n<div class=\"banners_container\">U Beranama \u0107e od devet do 14 sati, bez struje ostati Gora\u017ede, Zagra\u0111e, Dragosava i Babino, dok \u0107e u Kola\u0161inu zbog planiranih radova \u00a0na dalekovodu Lipovo u istom periodu bez \u00a0napajanja elektri\u010dnom energijom biti potro\u0161a\u010di naselja Plana, Blatina, Lipovska Bistrica, Migalovica, Donje Lipovo i Gornje Lipovo.<\/div>\n<\/div>\n<\/div>\n<p>Zbog planiranih radova u trafostanici Gusinje u sklopu remonta Andrijevica-Plav Gusinje, sjutra \u0107e od 10 do 16 sati, bez napajanja elektri\u010dnom energijom biti \u00a0potro\u0161a\u010di u op\u0161tinama Plav i Gusinje, dok \u0107e od devet d 14 sati, bez napajanja elektri\u010dnom energijom biti kompletno podru\u010dje op\u0161tine Petnjica.<\/p>\n<p>(CdM)<\/p>\n<\/div>\n<\/div>\n","protected":false},"excerpt":{"rendered":"<p>Ju\u017eni Sand\u017eak &#8211; Sjutra \u0107e zbog planiranih radova na mre\u017ei do\u0107i do isklju\u010denja u djelovima Podgorice, Danilovgrada, Berana i Kola\u0161ina, dok \u0107e teritorije op\u0161tina Plav, Gusinje i Petnjica tako\u0111e biti bez elektri\u010dne energije. U Podgorici \u0107e od devet do 15 sati, bez napajanja elektri\u010dnom energijom biti dio potro\u0161a\u010da u Boke\u0161koj ulici, odnosno dio izme\u0111u Njego\u0161eve [&hellip;]<\/p>\n","protected":false},"author":83,"featured_media":112362,"comment_status":"open","ping_status":"open","sticky":false,"template":"","format":"standard","meta":{"footnotes":""},"categories":[397,10174,3,399,10173],"tags":[],"class_list":{"0":"post-112361","1":"post","2":"type-post","3":"status-publish","4":"format-standard","5":"has-post-thumbnail","7":"category-berane","8":"category-petnjica-vase-vijesti","9":"category-privreda","10":"category-plav_","11":"category-gusinje-vase-vijesti"},"yoast_head":"<!-- This site is optimized with the Yoast SEO Premium plugin v23.1 (Yoast SEO v24.9) - https:\/\/yoast.com\/wordpress\/plugins\/seo\/ -->\n<title>EPCG: Sjutra isklju\u010denja u djelovima brojnih op\u0161tina<\/title>\n<meta name=\"robots\" content=\"index, follow, max-snippet:-1, max-image-preview:large, max-video-preview:-1\" \/>\n<link rel=\"canonical\" href=\"https:\/\/sandzakpress.net\/arhiva\/epcg-sjutra-iskljucenja-u-djelovima-brojnih-opstina\/\" \/>\n<meta property=\"og:locale\" content=\"bs_BA\" \/>\n<meta property=\"og:type\" content=\"article\" \/>\n<meta property=\"og:title\" content=\"EPCG: Sjutra isklju\u010denja u djelovima brojnih op\u0161tina\" \/>\n<meta property=\"og:description\" content=\"Ju\u017eni Sand\u017eak &#8211; Sjutra \u0107e zbog planiranih radova na mre\u017ei do\u0107i do isklju\u010denja u djelovima Podgorice, Danilovgrada, Berana i Kola\u0161ina, dok \u0107e teritorije op\u0161tina Plav, Gusinje i Petnjica tako\u0111e biti bez elektri\u010dne energije. U Podgorici \u0107e od devet do 15 sati, bez napajanja elektri\u010dnom energijom biti dio potro\u0161a\u010da u Boke\u0161koj ulici, odnosno dio izme\u0111u Njego\u0161eve [&hellip;]\" \/>\n<meta property=\"og:url\" content=\"https:\/\/sandzakpress.net\/arhiva\/epcg-sjutra-iskljucenja-u-djelovima-brojnih-opstina\/\" \/>\n<meta property=\"og:site_name\" content=\"Sand\u017eak PRESS\" \/>\n<meta property=\"article:published_time\" content=\"2014-09-26T22:58:34+00:00\" \/>\n<meta property=\"og:image\" content=\"https:\/\/sandzakpress.net\/arhiva\/wp-content\/uploads\/2014\/09\/elektricno-brojilo-1246991258.jpg\" \/>\n\t<meta property=\"og:image:width\" content=\"573\" \/>\n\t<meta property=\"og:image:height\" content=\"452\" \/>\n\t<meta property=\"og:image:type\" content=\"image\/jpeg\" \/>\n<meta name=\"author\" content=\"bosniak\" \/>\n<meta name=\"twitter:card\" content=\"summary_large_image\" \/>\n<meta name=\"twitter:label1\" content=\"Written by\" \/>\n\t<meta name=\"twitter:data1\" content=\"bosniak\" \/>\n\t<meta name=\"twitter:label2\" content=\"Est. reading time\" \/>\n\t<meta name=\"twitter:data2\" content=\"1 minuta\" \/>\n<script type=\"application\/ld+json\" class=\"yoast-schema-graph\">{\"@context\":\"https:\/\/schema.org\",\"@graph\":[{\"@type\":\"Article\",\"@id\":\"https:\/\/sandzakpress.net\/arhiva\/epcg-sjutra-iskljucenja-u-djelovima-brojnih-opstina\/#article\",\"isPartOf\":{\"@id\":\"https:\/\/sandzakpress.net\/arhiva\/epcg-sjutra-iskljucenja-u-djelovima-brojnih-opstina\/\"},\"author\":{\"name\":\"bosniak\",\"@id\":\"https:\/\/sandzakpress.net\/arhiva\/#\/schema\/person\/c8baee722073534b583ea7bdb2e36c02\"},\"headline\":\"EPCG: Sjutra isklju\u010denja u djelovima brojnih op\u0161tina\",\"datePublished\":\"2014-09-26T22:58:34+00:00\",\"mainEntityOfPage\":{\"@id\":\"https:\/\/sandzakpress.net\/arhiva\/epcg-sjutra-iskljucenja-u-djelovima-brojnih-opstina\/\"},\"wordCount\":260,\"commentCount\":0,\"publisher\":{\"@id\":\"https:\/\/sandzakpress.net\/arhiva\/#\/schema\/person\/6e72b67d6e51910a1117b3b483ba20bd\"},\"image\":{\"@id\":\"https:\/\/sandzakpress.net\/arhiva\/epcg-sjutra-iskljucenja-u-djelovima-brojnih-opstina\/#primaryimage\"},\"thumbnailUrl\":\"https:\/\/sandzakpress.net\/arhiva\/wp-content\/uploads\/2014\/09\/elektricno-brojilo-1246991258.jpg\",\"articleSection\":[\"Berane\",\"Petnjica\",\"Privreda\",\"Plav\",\"Gusinje\"],\"inLanguage\":\"bs-BA\",\"potentialAction\":[{\"@type\":\"CommentAction\",\"name\":\"Comment\",\"target\":[\"https:\/\/sandzakpress.net\/arhiva\/epcg-sjutra-iskljucenja-u-djelovima-brojnih-opstina\/#respond\"]}]},{\"@type\":\"WebPage\",\"@id\":\"https:\/\/sandzakpress.net\/arhiva\/epcg-sjutra-iskljucenja-u-djelovima-brojnih-opstina\/\",\"url\":\"https:\/\/sandzakpress.net\/arhiva\/epcg-sjutra-iskljucenja-u-djelovima-brojnih-opstina\/\",\"name\":\"EPCG: Sjutra isklju\u010denja u djelovima brojnih op\u0161tina\",\"isPartOf\":{\"@id\":\"https:\/\/sandzakpress.net\/arhiva\/#website\"},\"primaryImageOfPage\":{\"@id\":\"https:\/\/sandzakpress.net\/arhiva\/epcg-sjutra-iskljucenja-u-djelovima-brojnih-opstina\/#primaryimage\"},\"image\":{\"@id\":\"https:\/\/sandzakpress.net\/arhiva\/epcg-sjutra-iskljucenja-u-djelovima-brojnih-opstina\/#primaryimage\"},\"thumbnailUrl\":\"https:\/\/sandzakpress.net\/arhiva\/wp-content\/uploads\/2014\/09\/elektricno-brojilo-1246991258.jpg\",\"datePublished\":\"2014-09-26T22:58:34+00:00\",\"breadcrumb\":{\"@id\":\"https:\/\/sandzakpress.net\/arhiva\/epcg-sjutra-iskljucenja-u-djelovima-brojnih-opstina\/#breadcrumb\"},\"inLanguage\":\"bs-BA\",\"potentialAction\":[{\"@type\":\"ReadAction\",\"target\":[\"https:\/\/sandzakpress.net\/arhiva\/epcg-sjutra-iskljucenja-u-djelovima-brojnih-opstina\/\"]}]},{\"@type\":\"ImageObject\",\"inLanguage\":\"bs-BA\",\"@id\":\"https:\/\/sandzakpress.net\/arhiva\/epcg-sjutra-iskljucenja-u-djelovima-brojnih-opstina\/#primaryimage\",\"url\":\"https:\/\/sandzakpress.net\/arhiva\/wp-content\/uploads\/2014\/09\/elektricno-brojilo-1246991258.jpg\",\"contentUrl\":\"https:\/\/sandzakpress.net\/arhiva\/wp-content\/uploads\/2014\/09\/elektricno-brojilo-1246991258.jpg\",\"width\":573,\"height\":452},{\"@type\":\"BreadcrumbList\",\"@id\":\"https:\/\/sandzakpress.net\/arhiva\/epcg-sjutra-iskljucenja-u-djelovima-brojnih-opstina\/#breadcrumb\",\"itemListElement\":[{\"@type\":\"ListItem\",\"position\":1,\"name\":\"Home\",\"item\":\"https:\/\/sandzakpress.net\/arhiva\/\"},{\"@type\":\"ListItem\",\"position\":2,\"name\":\"EPCG: Sjutra isklju\u010denja u djelovima brojnih op\u0161tina\"}]},{\"@type\":\"WebSite\",\"@id\":\"https:\/\/sandzakpress.net\/arhiva\/#website\",\"url\":\"https:\/\/sandzakpress.net\/arhiva\/\",\"name\":\"Sand\u017eak PRESS\",\"description\":\"Prve elektronske novine u Sand\u017eaku\",\"publisher\":{\"@id\":\"https:\/\/sandzakpress.net\/arhiva\/#\/schema\/person\/6e72b67d6e51910a1117b3b483ba20bd\"},\"potentialAction\":[{\"@type\":\"SearchAction\",\"target\":{\"@type\":\"EntryPoint\",\"urlTemplate\":\"https:\/\/sandzakpress.net\/arhiva\/?s={search_term_string}\"},\"query-input\":{\"@type\":\"PropertyValueSpecification\",\"valueRequired\":true,\"valueName\":\"search_term_string\"}}],\"inLanguage\":\"bs-BA\"},{\"@type\":[\"Person\",\"Organization\"],\"@id\":\"https:\/\/sandzakpress.net\/arhiva\/#\/schema\/person\/6e72b67d6e51910a1117b3b483ba20bd\",\"name\":\"Kul\",\"image\":{\"@type\":\"ImageObject\",\"inLanguage\":\"bs-BA\",\"@id\":\"https:\/\/sandzakpress.net\/arhiva\/#\/schema\/person\/image\/\",\"url\":\"https:\/\/secure.gravatar.com\/avatar\/42263f39aa27ac04c43cab85c280eb2e?s=96&d=mm&r=pg\",\"contentUrl\":\"https:\/\/secure.gravatar.com\/avatar\/42263f39aa27ac04c43cab85c280eb2e?s=96&d=mm&r=pg\",\"caption\":\"Kul\"},\"logo\":{\"@id\":\"https:\/\/sandzakpress.net\/arhiva\/#\/schema\/person\/image\/\"}},{\"@type\":\"Person\",\"@id\":\"https:\/\/sandzakpress.net\/arhiva\/#\/schema\/person\/c8baee722073534b583ea7bdb2e36c02\",\"name\":\"bosniak\",\"image\":{\"@type\":\"ImageObject\",\"inLanguage\":\"bs-BA\",\"@id\":\"https:\/\/sandzakpress.net\/arhiva\/#\/schema\/person\/image\/\",\"url\":\"https:\/\/secure.gravatar.com\/avatar\/a04fd330bfe3a36a72a0ad4a6d89fca7?s=96&d=mm&r=pg\",\"contentUrl\":\"https:\/\/secure.gravatar.com\/avatar\/a04fd330bfe3a36a72a0ad4a6d89fca7?s=96&d=mm&r=pg\",\"caption\":\"bosniak\"},\"url\":\"https:\/\/sandzakpress.net\/arhiva\/author\/bosniak\/\"}]}<\/script>\n<!-- \/ Yoast SEO Premium plugin. -->","yoast_head_json":{"title":"EPCG: Sjutra isklju\u010denja u djelovima brojnih op\u0161tina","robots":{"index":"index","follow":"follow","max-snippet":"max-snippet:-1","max-image-preview":"max-image-preview:large","max-video-preview":"max-video-preview:-1"},"canonical":"https:\/\/sandzakpress.net\/arhiva\/epcg-sjutra-iskljucenja-u-djelovima-brojnih-opstina\/","og_locale":"bs_BA","og_type":"article","og_title":"EPCG: Sjutra isklju\u010denja u djelovima brojnih op\u0161tina","og_description":"Ju\u017eni Sand\u017eak &#8211; Sjutra \u0107e zbog planiranih radova na mre\u017ei do\u0107i do isklju\u010denja u djelovima Podgorice, Danilovgrada, Berana i Kola\u0161ina, dok \u0107e teritorije op\u0161tina Plav, Gusinje i Petnjica tako\u0111e biti bez elektri\u010dne energije. U Podgorici \u0107e od devet do 15 sati, bez napajanja elektri\u010dnom energijom biti dio potro\u0161a\u010da u Boke\u0161koj ulici, odnosno dio izme\u0111u Njego\u0161eve [&hellip;]","og_url":"https:\/\/sandzakpress.net\/arhiva\/epcg-sjutra-iskljucenja-u-djelovima-brojnih-opstina\/","og_site_name":"Sand\u017eak PRESS","article_published_time":"2014-09-26T22:58:34+00:00","og_image":[{"width":573,"height":452,"url":"https:\/\/sandzakpress.net\/arhiva\/wp-content\/uploads\/2014\/09\/elektricno-brojilo-1246991258.jpg","type":"image\/jpeg"}],"author":"bosniak","twitter_card":"summary_large_image","twitter_misc":{"Written by":"bosniak","Est. reading time":"1 minuta"},"schema":{"@context":"https:\/\/schema.org","@graph":[{"@type":"Article","@id":"https:\/\/sandzakpress.net\/arhiva\/epcg-sjutra-iskljucenja-u-djelovima-brojnih-opstina\/#article","isPartOf":{"@id":"https:\/\/sandzakpress.net\/arhiva\/epcg-sjutra-iskljucenja-u-djelovima-brojnih-opstina\/"},"author":{"name":"bosniak","@id":"https:\/\/sandzakpress.net\/arhiva\/#\/schema\/person\/c8baee722073534b583ea7bdb2e36c02"},"headline":"EPCG: Sjutra isklju\u010denja u djelovima brojnih op\u0161tina","datePublished":"2014-09-26T22:58:34+00:00","mainEntityOfPage":{"@id":"https:\/\/sandzakpress.net\/arhiva\/epcg-sjutra-iskljucenja-u-djelovima-brojnih-opstina\/"},"wordCount":260,"commentCount":0,"publisher":{"@id":"https:\/\/sandzakpress.net\/arhiva\/#\/schema\/person\/6e72b67d6e51910a1117b3b483ba20bd"},"image":{"@id":"https:\/\/sandzakpress.net\/arhiva\/epcg-sjutra-iskljucenja-u-djelovima-brojnih-opstina\/#primaryimage"},"thumbnailUrl":"https:\/\/sandzakpress.net\/arhiva\/wp-content\/uploads\/2014\/09\/elektricno-brojilo-1246991258.jpg","articleSection":["Berane","Petnjica","Privreda","Plav","Gusinje"],"inLanguage":"bs-BA","potentialAction":[{"@type":"CommentAction","name":"Comment","target":["https:\/\/sandzakpress.net\/arhiva\/epcg-sjutra-iskljucenja-u-djelovima-brojnih-opstina\/#respond"]}]},{"@type":"WebPage","@id":"https:\/\/sandzakpress.net\/arhiva\/epcg-sjutra-iskljucenja-u-djelovima-brojnih-opstina\/","url":"https:\/\/sandzakpress.net\/arhiva\/epcg-sjutra-iskljucenja-u-djelovima-brojnih-opstina\/","name":"EPCG: Sjutra isklju\u010denja u djelovima brojnih op\u0161tina","isPartOf":{"@id":"https:\/\/sandzakpress.net\/arhiva\/#website"},"primaryImageOfPage":{"@id":"https:\/\/sandzakpress.net\/arhiva\/epcg-sjutra-iskljucenja-u-djelovima-brojnih-opstina\/#primaryimage"},"image":{"@id":"https:\/\/sandzakpress.net\/arhiva\/epcg-sjutra-iskljucenja-u-djelovima-brojnih-opstina\/#primaryimage"},"thumbnailUrl":"https:\/\/sandzakpress.net\/arhiva\/wp-content\/uploads\/2014\/09\/elektricno-brojilo-1246991258.jpg","datePublished":"2014-09-26T22:58:34+00:00","breadcrumb":{"@id":"https:\/\/sandzakpress.net\/arhiva\/epcg-sjutra-iskljucenja-u-djelovima-brojnih-opstina\/#breadcrumb"},"inLanguage":"bs-BA","potentialAction":[{"@type":"ReadAction","target":["https:\/\/sandzakpress.net\/arhiva\/epcg-sjutra-iskljucenja-u-djelovima-brojnih-opstina\/"]}]},{"@type":"ImageObject","inLanguage":"bs-BA","@id":"https:\/\/sandzakpress.net\/arhiva\/epcg-sjutra-iskljucenja-u-djelovima-brojnih-opstina\/#primaryimage","url":"https:\/\/sandzakpress.net\/arhiva\/wp-content\/uploads\/2014\/09\/elektricno-brojilo-1246991258.jpg","contentUrl":"https:\/\/sandzakpress.net\/arhiva\/wp-content\/uploads\/2014\/09\/elektricno-brojilo-1246991258.jpg","width":573,"height":452},{"@type":"BreadcrumbList","@id":"https:\/\/sandzakpress.net\/arhiva\/epcg-sjutra-iskljucenja-u-djelovima-brojnih-opstina\/#breadcrumb","itemListElement":[{"@type":"ListItem","position":1,"name":"Home","item":"https:\/\/sandzakpress.net\/arhiva\/"},{"@type":"ListItem","position":2,"name":"EPCG: Sjutra isklju\u010denja u djelovima brojnih op\u0161tina"}]},{"@type":"WebSite","@id":"https:\/\/sandzakpress.net\/arhiva\/#website","url":"https:\/\/sandzakpress.net\/arhiva\/","name":"Sand\u017eak PRESS","description":"Prve elektronske novine u Sand\u017eaku","publisher":{"@id":"https:\/\/sandzakpress.net\/arhiva\/#\/schema\/person\/6e72b67d6e51910a1117b3b483ba20bd"},"potentialAction":[{"@type":"SearchAction","target":{"@type":"EntryPoint","urlTemplate":"https:\/\/sandzakpress.net\/arhiva\/?s={search_term_string}"},"query-input":{"@type":"PropertyValueSpecification","valueRequired":true,"valueName":"search_term_string"}}],"inLanguage":"bs-BA"},{"@type":["Person","Organization"],"@id":"https:\/\/sandzakpress.net\/arhiva\/#\/schema\/person\/6e72b67d6e51910a1117b3b483ba20bd","name":"Kul","image":{"@type":"ImageObject","inLanguage":"bs-BA","@id":"https:\/\/sandzakpress.net\/arhiva\/#\/schema\/person\/image\/","url":"https:\/\/secure.gravatar.com\/avatar\/42263f39aa27ac04c43cab85c280eb2e?s=96&d=mm&r=pg","contentUrl":"https:\/\/secure.gravatar.com\/avatar\/42263f39aa27ac04c43cab85c280eb2e?s=96&d=mm&r=pg","caption":"Kul"},"logo":{"@id":"https:\/\/sandzakpress.net\/arhiva\/#\/schema\/person\/image\/"}},{"@type":"Person","@id":"https:\/\/sandzakpress.net\/arhiva\/#\/schema\/person\/c8baee722073534b583ea7bdb2e36c02","name":"bosniak","image":{"@type":"ImageObject","inLanguage":"bs-BA","@id":"https:\/\/sandzakpress.net\/arhiva\/#\/schema\/person\/image\/","url":"https:\/\/secure.gravatar.com\/avatar\/a04fd330bfe3a36a72a0ad4a6d89fca7?s=96&d=mm&r=pg","contentUrl":"https:\/\/secure.gravatar.com\/avatar\/a04fd330bfe3a36a72a0ad4a6d89fca7?s=96&d=mm&r=pg","caption":"bosniak"},"url":"https:\/\/sandzakpress.net\/arhiva\/author\/bosniak\/"}]}},"_links":{"self":[{"href":"https:\/\/sandzakpress.net\/arhiva\/wp-json\/wp\/v2\/posts\/112361"}],"collection":[{"href":"https:\/\/sandzakpress.net\/arhiva\/wp-json\/wp\/v2\/posts"}],"about":[{"href":"https:\/\/sandzakpress.net\/arhiva\/wp-json\/wp\/v2\/types\/post"}],"author":[{"embeddable":true,"href":"https:\/\/sandzakpress.net\/arhiva\/wp-json\/wp\/v2\/users\/83"}],"replies":[{"embeddable":true,"href":"https:\/\/sandzakpress.net\/arhiva\/wp-json\/wp\/v2\/comments?post=112361"}],"version-history":[{"count":0,"href":"https:\/\/sandzakpress.net\/arhiva\/wp-json\/wp\/v2\/posts\/112361\/revisions"}],"wp:featuredmedia":[{"embeddable":true,"href":"https:\/\/sandzakpress.net\/arhiva\/wp-json\/wp\/v2\/media\/112362"}],"wp:attachment":[{"href":"https:\/\/sandzakpress.net\/arhiva\/wp-json\/wp\/v2\/media?parent=112361"}],"wp:term":[{"taxonomy":"category","embeddable":true,"href":"https:\/\/sandzakpress.net\/arhiva\/wp-json\/wp\/v2\/categories?post=112361"},{"taxonomy":"post_tag","embeddable":true,"href":"https:\/\/sandzakpress.net\/arhiva\/wp-json\/wp\/v2\/tags?post=112361"}],"curies":[{"name":"wp","href":"https:\/\/api.w.org\/{rel}","templated":true}]}}