{"id":112173,"date":"2014-09-24T12:11:02","date_gmt":"2014-09-24T10:11:02","guid":{"rendered":"https:\/\/sandzakpress.net\/arhiva\/?p=112173"},"modified":"2014-09-24T12:11:02","modified_gmt":"2014-09-24T10:11:02","slug":"rastu-tenzije-na-sandzaku","status":"publish","type":"post","link":"https:\/\/sandzakpress.net\/arhiva\/rastu-tenzije-na-sandzaku\/","title":{"rendered":"Rastu tenzije na Sand\u017eaku"},"content":{"rendered":"<p><a href=\"https:\/\/sandzakpress.net\/arhiva\/wp-content\/uploads\/2014\/09\/Ismeti-profil.jpg\"><img loading=\"lazy\" decoding=\"async\" class=\"wp-image-112174 alignleft\" src=\"https:\/\/sandzakpress.net\/arhiva\/wp-content\/uploads\/2014\/09\/Ismeti-profil.jpg\" alt=\"Ismeti profil\" width=\"266\" height=\"267\" srcset=\"https:\/\/sandzakpress.net\/arhiva\/wp-content\/uploads\/2014\/09\/Ismeti-profil.jpg 1379w, https:\/\/sandzakpress.net\/arhiva\/wp-content\/uploads\/2014\/09\/Ismeti-profil-150x150.jpg 150w, https:\/\/sandzakpress.net\/arhiva\/wp-content\/uploads\/2014\/09\/Ismeti-profil-616x616.jpg 616w, https:\/\/sandzakpress.net\/arhiva\/wp-content\/uploads\/2014\/09\/Ismeti-profil-90x90.jpg 90w, https:\/\/sandzakpress.net\/arhiva\/wp-content\/uploads\/2014\/09\/Ismeti-profil-380x380.jpg 380w, https:\/\/sandzakpress.net\/arhiva\/wp-content\/uploads\/2014\/09\/Ismeti-profil-125x125.jpg 125w\" sizes=\"(max-width: 266px) 100vw, 266px\" \/><\/a><span style=\"color: #000000;\">Najavljivanjem mar\u0161iranja\u00a0 \u010detnika ulicama Novog Pazara, kao odgovor na &#8220;Pohod na Had\u017eet&#8221;, podigle su se tenzije u Sand\u017eaku. Rasisti\u010dko, \u0161ovinisti\u010dko, velikosrpsko pona\u0161anje navija\u010da u Beogradu, koji su skandirali i pjevali srpskim kriminalcima, palili zastavu Republike Turske, su jasne naznake mogu\u0107eg sukoba u Sand\u017eaku.<\/span><\/p>\n<p><span style=\"color: #000000;\">Intelektualni i vjerski vo\u0111a, muftija Muamer Zukorli\u0107, stalno ponavlja da podizanje tenzija u Sand\u017eaku, mo\u017ee lako da preraste u nasilje, scenario koji Srbija ne \u017eeli da vidi na njenoj teritoriji, iako je uspje\u0161no implementiran na sjeveru Kosova i Republici Srpskoj. To se i mo\u017ee dogoditi, o tome govore i srpski nacionalisti\u010dki intelektualni krugovi i navija\u010di, koje uop\u0161te ne treba zanemariti, baziraju\u0107i se i na pro\u0161lost, jer su uglavnom sukobe\u00a0 inicirale razli\u010dite navija\u010de grupe, naro\u010dito navija\u010di Crvene Zvezda &#8211; Delije.<\/span><\/p>\n<p><span style=\"color: #000000;\"><a href=\"https:\/\/sandzakpress.net\/arhiva\/wp-content\/uploads\/2014\/09\/Sandzak_ethnic_map.png\"><span style=\"color: #000000;\"><img loading=\"lazy\" decoding=\"async\" class=\"aligncenter  wp-image-112175\" src=\"https:\/\/sandzakpress.net\/arhiva\/wp-content\/uploads\/2014\/09\/Sandzak_ethnic_map.png\" alt=\"Sandzak_ethnic_map\" width=\"828\" height=\"1186\" \/><\/span><\/a><\/span><\/p>\n<p><span style=\"color: #000000;\"><a href=\"https:\/\/sandzakpress.net\/arhiva\/wp-content\/uploads\/2014\/09\/sandzac.gif\"><img loading=\"lazy\" decoding=\"async\" class=\"alignleft  wp-image-112178\" src=\"https:\/\/sandzakpress.net\/arhiva\/wp-content\/uploads\/2014\/09\/sandzac.gif\" alt=\"sandzac\" width=\"259\" height=\"267\" \/><\/a>Navija\u010di FK &#8220;Crvena Zvezda&#8221; u Beogradu, u subotu na fudbalskom me\u010du protiv FK &#8220;Novi Pazar&#8221; skandirali su ratnim zlo\u010dincima Ratku Mladi\u0107u i Radovanu Karad\u017ei\u0107u. A kada su zvani\u010dnici zatra\u017eili od navija\u010da prestanak skandiranja kriminalcima, oni su odgovorili zvi\u017educima.<\/span><\/p>\n<p><span style=\"color: #000000;\">Pretpostavlja se da je to vid provokacije, s obzirom da se guslanje i pjevanje epskih narodnih pjesama odnosi na daleke sukobe izme\u0111u Srbije i Turske.<\/span><\/p>\n<p><span style=\"color: #000000;\">Provokacija guslama je poticaj vjerskih osje\u0107anja navija\u010da Novog Pazara.<\/span><\/p>\n<p><span style=\"color: #000000;\">Ova provokacija dogodila se na po\u010detku drugog poluvremena kada su pjevali i sviraju\u0107i uz gusle, \u0161to se podrazumijeva kao uvreda za islamske vjernike i Tursku. Navija\u010di su pjevali u pratnji vatrometa i drugih pirotehni\u010dkih sredstava koja su zabranjena zakonom. Slu\u017ebeni spiker i delegat utakmice nisu reagirali pa niti su upozorili navija\u010de. Osim toga, navija\u010di na stadionu u 53. minuti u znak mr\u017enje prema Bo\u0161njacima su\u00a0 spalili zastavu Republike Turske.<\/span><\/p>\n<p><a href=\"https:\/\/sandzakpress.net\/arhiva\/wp-content\/uploads\/2014\/09\/pazar-x.jpg\"><img loading=\"lazy\" decoding=\"async\" class=\"aligncenter  wp-image-112180\" src=\"https:\/\/sandzakpress.net\/arhiva\/wp-content\/uploads\/2014\/09\/pazar-x.jpg\" alt=\"pazar-x\" width=\"1052\" height=\"600\" srcset=\"https:\/\/sandzakpress.net\/arhiva\/wp-content\/uploads\/2014\/09\/pazar-x.jpg 470w, https:\/\/sandzakpress.net\/arhiva\/wp-content\/uploads\/2014\/09\/pazar-x-350x200.jpg 350w\" sizes=\"(max-width: 1052px) 100vw, 1052px\" \/><\/a><\/p>\n<p><span style=\"color: #000000;\">U suprotnom, prije pet godina, simpatizeri FK &#8220;Novi Pazar&#8221;, zvani &#8220;Torcida&#8221;, postavili su na svom stadionu transparent sa natpisom &#8220;Stadion A\u0107if Efendija&#8221;, koji su otvoreno tra\u017eili da se stadion i nazove imenom svog heroja, A\u0107if Efendije. Ovaj zahtjev i sada uznemirava ne samo navija\u010de ve\u0107 i zvani\u010dnu politiku Srbije i srpskih nacionalista.<\/span><\/p>\n<p><span style=\"color: #000000;\">Vi\u0161e puta zbog izno\u0161enja albanske i turske zastave od strane navija\u010da &#8220;Torcide&#8221;, na\u00a0 utakmicama svoga kluba, klubu su prijetili sa suspenzijom stadiona, \u0161to je vi\u0161e puta i u\u010dinjeno.<\/span><\/p>\n<p><span style=\"color: #000000;\">Sport je sve na Balkanu, tako da nije bilo iznena\u0111enje kada su prije 4 godine stanovnici najve\u0107eg sand\u017eakog grada iza\u0161li na ulice i proslavili ishod me\u010da Turska \u2013 Srbija u polufinalu Svjetskog prvenstva ko\u0161arke u Istanbulu. Ono \u0161to je iznena\u0111uju\u0107e je \u010dinjenica da je Turska ta koja je dobila me\u010d, a ne Srbija.<\/span><\/p>\n<p><span style=\"color: #000000;\">Sand\u017ea\u010dki stanovnici, gdje ve\u0107inu \u010dine Bo\u0161njaci ispunili su ulice raduju\u0107i se te ve\u010deri za poraz svoje dr\u017eave, ma\u0161u\u0107i turskim zastavama i uzvikuju\u0107i &#8220;Sand\u017eak nije Srbija&#8221;.<\/span><\/p>\n<p><span style=\"color: #000000;\">Srbiji i Srbima kao i uvijek smeta, sve \u0161to nije\u00a0 srpsko, \u010dak i ime Sand\u017eak. Bo\u0161njaci ne priznaju za svoju himnu dr\u017eavnu himnu Srbije. Bo\u0161nja\u010dki sportisti ne po\u0161tuju i ne pjevaju himnu koju ne smatraju svojom. Ova \u010dinjenica se ne dopada visokim zvani\u010dnicima u Beogradu. Srpski krugovi su svjesni da podizanje nacionalne svijesti Bo\u0161njaka raste. Zatim, vrlo dobro znaju da su upravo oni ti koji su dali najve\u0107i doprinos rata u Bosni i Hercegovini. Razli\u010ditim krugovima u Srbiji smeta rast stepena obrazovanja Bo\u0161njaka na svome jeziku. Zahtjevima za promjenu imena institucija, nezavisnost Islamske Zajednice od dr\u017eave, koja sa svojim liderom putuje ka autonomiji Sand\u017eaka, uznemirava zvani\u010dnike Beograda. Jednom prilikom muftija Zukori\u0107 je izjavio &#8220;Mi ne\u0107emo proglasiti autonomiju, mi postupno gradimo tu autonomiju\u201c.<\/span><\/p>\n<p><span style=\"color: #000000;\">Tra\u017ee\u0107i me\u0111unarodnu podr\u0161ku, Zukorli\u0107 na Radiju Slobodna Evropa, jednom prigodom\u00a0 je izjavio: &#8220;Za\u0161to moja odje\u0107a da izaziva stid a ne garderoba Dalaj Lame? Ako to nije dozvoljeno za mene, onda to ne bi trebalo da bude za nikoga. To zna\u010di da je potrebno da obri\u0161ete Dr. Martin Luter Kinga i Gandija. Svi su oni bili vjerske vlasti&#8221;. Sa ovom izjavom Muftija Sand\u017ea\u010dki je\u00a0 pozvao na podr\u0161ku demokratske krugove na svom putu ka autonomiji Sand\u017eaka.<\/span><\/p>\n<p><span style=\"color: #000000;\">Kako \u0107e se to razvijati u oci izbora za Nacionalni Savjet, gdje se istodobno \u010dini puno na ukrupnjavanje Bo\u0161nja\u010dke politi\u010dke strukture, sa ovim stalnim provokacijama iz razli\u010ditih krugova Srbije, ostaje da se vidi. Ali vrijeme je da Zapad i evropski demokratski krugovi okrenu svoju pa\u017enju na Sand\u017eak prije nego \u0161to ne bude prekasno.<\/span><\/p>\n<p>Autor:\u00a0<strong>Ismet Azizi<\/strong><\/p>\n","protected":false},"excerpt":{"rendered":"<p>Ismet Azizi<\/p>\n","protected":false},"author":83,"featured_media":112174,"comment_status":"open","ping_status":"open","sticky":false,"template":"","format":"standard","meta":{"footnotes":""},"categories":[2690,10196],"tags":[],"class_list":{"0":"post-112173","1":"post","2":"type-post","3":"status-publish","4":"format-standard","5":"has-post-thumbnail","7":"category-kosovo-gradovi","8":"category-iz-pera-nasih-autora"},"yoast_head":"<!-- This site is optimized with the Yoast SEO Premium plugin v23.1 (Yoast SEO v24.9) - https:\/\/yoast.com\/wordpress\/plugins\/seo\/ -->\n<title>Rastu tenzije na Sand\u017eaku<\/title>\n<meta name=\"robots\" content=\"index, follow, max-snippet:-1, max-image-preview:large, max-video-preview:-1\" \/>\n<link rel=\"canonical\" href=\"https:\/\/sandzakpress.net\/arhiva\/rastu-tenzije-na-sandzaku\/\" \/>\n<meta property=\"og:locale\" content=\"bs_BA\" \/>\n<meta property=\"og:type\" content=\"article\" \/>\n<meta property=\"og:title\" content=\"Rastu tenzije na Sand\u017eaku\" \/>\n<meta property=\"og:description\" content=\"Ismet Azizi\" \/>\n<meta property=\"og:url\" content=\"https:\/\/sandzakpress.net\/arhiva\/rastu-tenzije-na-sandzaku\/\" \/>\n<meta property=\"og:site_name\" content=\"Sand\u017eak PRESS\" \/>\n<meta property=\"article:published_time\" content=\"2014-09-24T10:11:02+00:00\" \/>\n<meta property=\"og:image\" content=\"https:\/\/sandzakpress.net\/arhiva\/wp-content\/uploads\/2014\/09\/Ismeti-profil.jpg\" \/>\n\t<meta property=\"og:image:width\" content=\"1379\" \/>\n\t<meta property=\"og:image:height\" content=\"1380\" \/>\n\t<meta property=\"og:image:type\" content=\"image\/jpeg\" \/>\n<meta name=\"author\" content=\"bosniak\" \/>\n<meta name=\"twitter:card\" content=\"summary_large_image\" \/>\n<meta name=\"twitter:label1\" content=\"Written by\" \/>\n\t<meta name=\"twitter:data1\" content=\"bosniak\" \/>\n\t<meta name=\"twitter:label2\" content=\"Est. reading time\" \/>\n\t<meta name=\"twitter:data2\" content=\"4 minute\" \/>\n<script type=\"application\/ld+json\" class=\"yoast-schema-graph\">{\"@context\":\"https:\/\/schema.org\",\"@graph\":[{\"@type\":\"Article\",\"@id\":\"https:\/\/sandzakpress.net\/arhiva\/rastu-tenzije-na-sandzaku\/#article\",\"isPartOf\":{\"@id\":\"https:\/\/sandzakpress.net\/arhiva\/rastu-tenzije-na-sandzaku\/\"},\"author\":{\"name\":\"bosniak\",\"@id\":\"https:\/\/sandzakpress.net\/arhiva\/#\/schema\/person\/c8baee722073534b583ea7bdb2e36c02\"},\"headline\":\"Rastu tenzije na Sand\u017eaku\",\"datePublished\":\"2014-09-24T10:11:02+00:00\",\"mainEntityOfPage\":{\"@id\":\"https:\/\/sandzakpress.net\/arhiva\/rastu-tenzije-na-sandzaku\/\"},\"wordCount\":782,\"commentCount\":17,\"publisher\":{\"@id\":\"https:\/\/sandzakpress.net\/arhiva\/#\/schema\/person\/6e72b67d6e51910a1117b3b483ba20bd\"},\"image\":{\"@id\":\"https:\/\/sandzakpress.net\/arhiva\/rastu-tenzije-na-sandzaku\/#primaryimage\"},\"thumbnailUrl\":\"https:\/\/sandzakpress.net\/arhiva\/wp-content\/uploads\/2014\/09\/Ismeti-profil.jpg\",\"articleSection\":[\"Kosovo\",\"Iz pera na\u0161ih autora\"],\"inLanguage\":\"bs-BA\",\"potentialAction\":[{\"@type\":\"CommentAction\",\"name\":\"Comment\",\"target\":[\"https:\/\/sandzakpress.net\/arhiva\/rastu-tenzije-na-sandzaku\/#respond\"]}]},{\"@type\":\"WebPage\",\"@id\":\"https:\/\/sandzakpress.net\/arhiva\/rastu-tenzije-na-sandzaku\/\",\"url\":\"https:\/\/sandzakpress.net\/arhiva\/rastu-tenzije-na-sandzaku\/\",\"name\":\"Rastu tenzije na Sand\u017eaku\",\"isPartOf\":{\"@id\":\"https:\/\/sandzakpress.net\/arhiva\/#website\"},\"primaryImageOfPage\":{\"@id\":\"https:\/\/sandzakpress.net\/arhiva\/rastu-tenzije-na-sandzaku\/#primaryimage\"},\"image\":{\"@id\":\"https:\/\/sandzakpress.net\/arhiva\/rastu-tenzije-na-sandzaku\/#primaryimage\"},\"thumbnailUrl\":\"https:\/\/sandzakpress.net\/arhiva\/wp-content\/uploads\/2014\/09\/Ismeti-profil.jpg\",\"datePublished\":\"2014-09-24T10:11:02+00:00\",\"breadcrumb\":{\"@id\":\"https:\/\/sandzakpress.net\/arhiva\/rastu-tenzije-na-sandzaku\/#breadcrumb\"},\"inLanguage\":\"bs-BA\",\"potentialAction\":[{\"@type\":\"ReadAction\",\"target\":[\"https:\/\/sandzakpress.net\/arhiva\/rastu-tenzije-na-sandzaku\/\"]}]},{\"@type\":\"ImageObject\",\"inLanguage\":\"bs-BA\",\"@id\":\"https:\/\/sandzakpress.net\/arhiva\/rastu-tenzije-na-sandzaku\/#primaryimage\",\"url\":\"https:\/\/sandzakpress.net\/arhiva\/wp-content\/uploads\/2014\/09\/Ismeti-profil.jpg\",\"contentUrl\":\"https:\/\/sandzakpress.net\/arhiva\/wp-content\/uploads\/2014\/09\/Ismeti-profil.jpg\",\"width\":1379,\"height\":1380},{\"@type\":\"BreadcrumbList\",\"@id\":\"https:\/\/sandzakpress.net\/arhiva\/rastu-tenzije-na-sandzaku\/#breadcrumb\",\"itemListElement\":[{\"@type\":\"ListItem\",\"position\":1,\"name\":\"Home\",\"item\":\"https:\/\/sandzakpress.net\/arhiva\/\"},{\"@type\":\"ListItem\",\"position\":2,\"name\":\"Rastu tenzije na Sand\u017eaku\"}]},{\"@type\":\"WebSite\",\"@id\":\"https:\/\/sandzakpress.net\/arhiva\/#website\",\"url\":\"https:\/\/sandzakpress.net\/arhiva\/\",\"name\":\"Sand\u017eak PRESS\",\"description\":\"Prve elektronske novine u Sand\u017eaku\",\"publisher\":{\"@id\":\"https:\/\/sandzakpress.net\/arhiva\/#\/schema\/person\/6e72b67d6e51910a1117b3b483ba20bd\"},\"potentialAction\":[{\"@type\":\"SearchAction\",\"target\":{\"@type\":\"EntryPoint\",\"urlTemplate\":\"https:\/\/sandzakpress.net\/arhiva\/?s={search_term_string}\"},\"query-input\":{\"@type\":\"PropertyValueSpecification\",\"valueRequired\":true,\"valueName\":\"search_term_string\"}}],\"inLanguage\":\"bs-BA\"},{\"@type\":[\"Person\",\"Organization\"],\"@id\":\"https:\/\/sandzakpress.net\/arhiva\/#\/schema\/person\/6e72b67d6e51910a1117b3b483ba20bd\",\"name\":\"Kul\",\"image\":{\"@type\":\"ImageObject\",\"inLanguage\":\"bs-BA\",\"@id\":\"https:\/\/sandzakpress.net\/arhiva\/#\/schema\/person\/image\/\",\"url\":\"https:\/\/secure.gravatar.com\/avatar\/42263f39aa27ac04c43cab85c280eb2e?s=96&d=mm&r=pg\",\"contentUrl\":\"https:\/\/secure.gravatar.com\/avatar\/42263f39aa27ac04c43cab85c280eb2e?s=96&d=mm&r=pg\",\"caption\":\"Kul\"},\"logo\":{\"@id\":\"https:\/\/sandzakpress.net\/arhiva\/#\/schema\/person\/image\/\"}},{\"@type\":\"Person\",\"@id\":\"https:\/\/sandzakpress.net\/arhiva\/#\/schema\/person\/c8baee722073534b583ea7bdb2e36c02\",\"name\":\"bosniak\",\"image\":{\"@type\":\"ImageObject\",\"inLanguage\":\"bs-BA\",\"@id\":\"https:\/\/sandzakpress.net\/arhiva\/#\/schema\/person\/image\/\",\"url\":\"https:\/\/secure.gravatar.com\/avatar\/a04fd330bfe3a36a72a0ad4a6d89fca7?s=96&d=mm&r=pg\",\"contentUrl\":\"https:\/\/secure.gravatar.com\/avatar\/a04fd330bfe3a36a72a0ad4a6d89fca7?s=96&d=mm&r=pg\",\"caption\":\"bosniak\"},\"url\":\"https:\/\/sandzakpress.net\/arhiva\/author\/bosniak\/\"}]}<\/script>\n<!-- \/ Yoast SEO Premium plugin. -->","yoast_head_json":{"title":"Rastu tenzije na Sand\u017eaku","robots":{"index":"index","follow":"follow","max-snippet":"max-snippet:-1","max-image-preview":"max-image-preview:large","max-video-preview":"max-video-preview:-1"},"canonical":"https:\/\/sandzakpress.net\/arhiva\/rastu-tenzije-na-sandzaku\/","og_locale":"bs_BA","og_type":"article","og_title":"Rastu tenzije na Sand\u017eaku","og_description":"Ismet Azizi","og_url":"https:\/\/sandzakpress.net\/arhiva\/rastu-tenzije-na-sandzaku\/","og_site_name":"Sand\u017eak PRESS","article_published_time":"2014-09-24T10:11:02+00:00","og_image":[{"width":1379,"height":1380,"url":"https:\/\/sandzakpress.net\/arhiva\/wp-content\/uploads\/2014\/09\/Ismeti-profil.jpg","type":"image\/jpeg"}],"author":"bosniak","twitter_card":"summary_large_image","twitter_misc":{"Written by":"bosniak","Est. reading time":"4 minute"},"schema":{"@context":"https:\/\/schema.org","@graph":[{"@type":"Article","@id":"https:\/\/sandzakpress.net\/arhiva\/rastu-tenzije-na-sandzaku\/#article","isPartOf":{"@id":"https:\/\/sandzakpress.net\/arhiva\/rastu-tenzije-na-sandzaku\/"},"author":{"name":"bosniak","@id":"https:\/\/sandzakpress.net\/arhiva\/#\/schema\/person\/c8baee722073534b583ea7bdb2e36c02"},"headline":"Rastu tenzije na Sand\u017eaku","datePublished":"2014-09-24T10:11:02+00:00","mainEntityOfPage":{"@id":"https:\/\/sandzakpress.net\/arhiva\/rastu-tenzije-na-sandzaku\/"},"wordCount":782,"commentCount":17,"publisher":{"@id":"https:\/\/sandzakpress.net\/arhiva\/#\/schema\/person\/6e72b67d6e51910a1117b3b483ba20bd"},"image":{"@id":"https:\/\/sandzakpress.net\/arhiva\/rastu-tenzije-na-sandzaku\/#primaryimage"},"thumbnailUrl":"https:\/\/sandzakpress.net\/arhiva\/wp-content\/uploads\/2014\/09\/Ismeti-profil.jpg","articleSection":["Kosovo","Iz pera na\u0161ih autora"],"inLanguage":"bs-BA","potentialAction":[{"@type":"CommentAction","name":"Comment","target":["https:\/\/sandzakpress.net\/arhiva\/rastu-tenzije-na-sandzaku\/#respond"]}]},{"@type":"WebPage","@id":"https:\/\/sandzakpress.net\/arhiva\/rastu-tenzije-na-sandzaku\/","url":"https:\/\/sandzakpress.net\/arhiva\/rastu-tenzije-na-sandzaku\/","name":"Rastu tenzije na Sand\u017eaku","isPartOf":{"@id":"https:\/\/sandzakpress.net\/arhiva\/#website"},"primaryImageOfPage":{"@id":"https:\/\/sandzakpress.net\/arhiva\/rastu-tenzije-na-sandzaku\/#primaryimage"},"image":{"@id":"https:\/\/sandzakpress.net\/arhiva\/rastu-tenzije-na-sandzaku\/#primaryimage"},"thumbnailUrl":"https:\/\/sandzakpress.net\/arhiva\/wp-content\/uploads\/2014\/09\/Ismeti-profil.jpg","datePublished":"2014-09-24T10:11:02+00:00","breadcrumb":{"@id":"https:\/\/sandzakpress.net\/arhiva\/rastu-tenzije-na-sandzaku\/#breadcrumb"},"inLanguage":"bs-BA","potentialAction":[{"@type":"ReadAction","target":["https:\/\/sandzakpress.net\/arhiva\/rastu-tenzije-na-sandzaku\/"]}]},{"@type":"ImageObject","inLanguage":"bs-BA","@id":"https:\/\/sandzakpress.net\/arhiva\/rastu-tenzije-na-sandzaku\/#primaryimage","url":"https:\/\/sandzakpress.net\/arhiva\/wp-content\/uploads\/2014\/09\/Ismeti-profil.jpg","contentUrl":"https:\/\/sandzakpress.net\/arhiva\/wp-content\/uploads\/2014\/09\/Ismeti-profil.jpg","width":1379,"height":1380},{"@type":"BreadcrumbList","@id":"https:\/\/sandzakpress.net\/arhiva\/rastu-tenzije-na-sandzaku\/#breadcrumb","itemListElement":[{"@type":"ListItem","position":1,"name":"Home","item":"https:\/\/sandzakpress.net\/arhiva\/"},{"@type":"ListItem","position":2,"name":"Rastu tenzije na Sand\u017eaku"}]},{"@type":"WebSite","@id":"https:\/\/sandzakpress.net\/arhiva\/#website","url":"https:\/\/sandzakpress.net\/arhiva\/","name":"Sand\u017eak PRESS","description":"Prve elektronske novine u Sand\u017eaku","publisher":{"@id":"https:\/\/sandzakpress.net\/arhiva\/#\/schema\/person\/6e72b67d6e51910a1117b3b483ba20bd"},"potentialAction":[{"@type":"SearchAction","target":{"@type":"EntryPoint","urlTemplate":"https:\/\/sandzakpress.net\/arhiva\/?s={search_term_string}"},"query-input":{"@type":"PropertyValueSpecification","valueRequired":true,"valueName":"search_term_string"}}],"inLanguage":"bs-BA"},{"@type":["Person","Organization"],"@id":"https:\/\/sandzakpress.net\/arhiva\/#\/schema\/person\/6e72b67d6e51910a1117b3b483ba20bd","name":"Kul","image":{"@type":"ImageObject","inLanguage":"bs-BA","@id":"https:\/\/sandzakpress.net\/arhiva\/#\/schema\/person\/image\/","url":"https:\/\/secure.gravatar.com\/avatar\/42263f39aa27ac04c43cab85c280eb2e?s=96&d=mm&r=pg","contentUrl":"https:\/\/secure.gravatar.com\/avatar\/42263f39aa27ac04c43cab85c280eb2e?s=96&d=mm&r=pg","caption":"Kul"},"logo":{"@id":"https:\/\/sandzakpress.net\/arhiva\/#\/schema\/person\/image\/"}},{"@type":"Person","@id":"https:\/\/sandzakpress.net\/arhiva\/#\/schema\/person\/c8baee722073534b583ea7bdb2e36c02","name":"bosniak","image":{"@type":"ImageObject","inLanguage":"bs-BA","@id":"https:\/\/sandzakpress.net\/arhiva\/#\/schema\/person\/image\/","url":"https:\/\/secure.gravatar.com\/avatar\/a04fd330bfe3a36a72a0ad4a6d89fca7?s=96&d=mm&r=pg","contentUrl":"https:\/\/secure.gravatar.com\/avatar\/a04fd330bfe3a36a72a0ad4a6d89fca7?s=96&d=mm&r=pg","caption":"bosniak"},"url":"https:\/\/sandzakpress.net\/arhiva\/author\/bosniak\/"}]}},"_links":{"self":[{"href":"https:\/\/sandzakpress.net\/arhiva\/wp-json\/wp\/v2\/posts\/112173"}],"collection":[{"href":"https:\/\/sandzakpress.net\/arhiva\/wp-json\/wp\/v2\/posts"}],"about":[{"href":"https:\/\/sandzakpress.net\/arhiva\/wp-json\/wp\/v2\/types\/post"}],"author":[{"embeddable":true,"href":"https:\/\/sandzakpress.net\/arhiva\/wp-json\/wp\/v2\/users\/83"}],"replies":[{"embeddable":true,"href":"https:\/\/sandzakpress.net\/arhiva\/wp-json\/wp\/v2\/comments?post=112173"}],"version-history":[{"count":0,"href":"https:\/\/sandzakpress.net\/arhiva\/wp-json\/wp\/v2\/posts\/112173\/revisions"}],"wp:featuredmedia":[{"embeddable":true,"href":"https:\/\/sandzakpress.net\/arhiva\/wp-json\/wp\/v2\/media\/112174"}],"wp:attachment":[{"href":"https:\/\/sandzakpress.net\/arhiva\/wp-json\/wp\/v2\/media?parent=112173"}],"wp:term":[{"taxonomy":"category","embeddable":true,"href":"https:\/\/sandzakpress.net\/arhiva\/wp-json\/wp\/v2\/categories?post=112173"},{"taxonomy":"post_tag","embeddable":true,"href":"https:\/\/sandzakpress.net\/arhiva\/wp-json\/wp\/v2\/tags?post=112173"}],"curies":[{"name":"wp","href":"https:\/\/api.w.org\/{rel}","templated":true}]}}