{"id":111978,"date":"2014-09-20T15:23:36","date_gmt":"2014-09-20T13:23:36","guid":{"rendered":"https:\/\/sandzakpress.net\/arhiva\/?p=111978"},"modified":"2014-09-21T00:41:25","modified_gmt":"2014-09-20T22:41:25","slug":"najvise-bosnjacke-djece-pohadana-nastavu-na-srpskom-jeziku-u-osnovnim-skolama-r-b-trso-i-bratstvo","status":"publish","type":"post","link":"https:\/\/sandzakpress.net\/arhiva\/najvise-bosnjacke-djece-pohadana-nastavu-na-srpskom-jeziku-u-osnovnim-skolama-r-b-trso-i-bratstvo\/","title":{"rendered":"Najvi\u0161e bo\u0161nja\u010dke djece poha\u0111a nastavu na srpskom jeziku u &#8220;Tr\u0161i&#8221; i &#8220;Bratstvu&#8221;"},"content":{"rendered":"<div class=\"youtube-embed\" data-video_id=\"-DMVRQ2Z5nw\"><iframe loading=\"lazy\" title=\"Problem bosanskog jezika u osnovnim \u0161kolama: R.B. Tr\u0161o i Bratstvo\" width=\"696\" height=\"522\" src=\"https:\/\/www.youtube.com\/embed\/-DMVRQ2Z5nw?feature=oembed&#038;enablejsapi=1\" frameborder=\"0\" allow=\"accelerometer; autoplay; encrypted-media; gyroscope; picture-in-picture\" allowfullscreen><\/iframe><\/div>\n<p><strong>Novi Pazar &#8211; U Novom Pazaru postoji 6 osnovnih \u0161kola koje poha\u0111a oko 9 000 \u0111aka. Na ruralnom podru\u010dju postoji 5 osnovnih \u0161kola, koje ukupna broje oko 3 000 \u0111aka. Ove \u0161kole imaju i isturena odjeljenja po pojedinim selima, koja imaju od dva, pa do skoro 600 \u0111aka .<\/strong><\/p>\n<p>U Novom Pazaru ve\u0107insko stanovni\u0161tvo \u010dine Bo\u0161njaci, bez obzira na to na odgovornim mjestima njih nema, krenimo od sudstva, preko policijske uprave, pa sve do manje zna\u010dajnih direktora osnovnih \u0161kola. Bo\u0161njaci na to imaju pravo na papiru, na djelu je mnogo druga\u010dije.<\/p>\n<p>Poznato je da u osnovnim \u0161kolama Bradstvo 90% u\u010denika \u010dine bo\u0161nja\u010dka djeca, ali i pored toga 70% nastavnika su srbi. \u0160kola u kojoj je za javnost oformljena nastavna na bosanskom jeziku, me\u0111utim, prema tvrdnjama roditelja koji su \u017eeljeli ostati anonimni ni jedan u\u010denik ne poha\u0111a \u010dasove maternjeg jezika jer struktura zapo\u0161ljenog osoblja ubijedila ih je u suprotno, da je njihov maternji jezik srpski i da je ijekavica nepo\u017eeljna na ovim prostorima.<\/p>\n<p>U osnovnoj \u0161koli Rifat Burd\u017eevi\u0107 Tr\u0161o, situacija ne\u0161to druga\u010dija. Direktor ove \u0161kole tvrdi da je u ovoj \u0161koli struktura nacionalne zapo\u0161ljenosti ravnopravna. U ovoj \u0161koli 90% u\u010denika su djeca bo\u0161nja\u010dke nacionalnosti, a 10 % nastavnika je srbske nacionalnosti, tvdi direktor. Prema njegovim rije\u010dima 9 odjeljenja poha\u0111a bosanski jezik dok 7 odjeljenja srpski jezik, a ono \u0161to nam je posebno privuklo pa\u017enju, je da nastavnici koji su predavali srpski jezik, danas predaju bosanski jezik. Prema na\u0161im saznanjima ve\u0107inu polaznika na nastavi na srpskom jeziku u osnovnoj \u0161koli Tr\u0161o su djeca bo\u0161nja\u010dke nacionalnost<\/p>\n<p>Predstavnik resora za obrazovanje BDZ Sand\u017eaka dr. Mustafa Feti\u0107, da proporcionalna zastupljenost nije ravnomjerna ni u jednoj ustanovi na podru\u010diju Novog Pazara pogotovo u \u0161kolama. \u201eStruktura nastavnog kadra ne odgovara strukturi stanovni\u0161tva\u201c- ka\u017ee Feti\u0107.<\/p>\n<p>Ne bi se toliko bavili nacionalnom strukturom nastavnika da nije nekolicinu puta vi\u0111ena nacionalna netrpeljivost nastavnika prema u\u010deniku. Iza zatvorenih vrata u\u010dionice djeca pre\u017eivljavaju razli\u010dite psihi\u010dke i fizi\u010dke torture, neka su spremna to podijeliti sa svojim roditeljima, a neka djeca iz straha nastavljaju da \u0107ute.<\/p>\n<p>Stupili smo u kontakt sa porodicom Fetahovi\u0107 koja iz bezbjednosnih razloga svoje djevoj\u010dice nije \u017eeljela govoriti pred na\u0161e kamere.<\/p>\n<p>Oni tvrde da je njihova djevoj\u010dica (F.I.) pre\u017eivjela traume, fizi\u010dko i psihi\u010dko zlostavljanje od u\u010ditelja Braca Jovanovi\u0107a iz osnovne \u0161kole Rifat Burd\u017eevi\u0107 Tr\u0161o,koji je trenutno u penziji.<\/p>\n<p>Prema tvrdnjama roditelja maloljetne F.I. u\u010ditelj je djevoj\u010dicu tukao pravdaju\u0107i se njenim neznanjem, iako je iza toga bila vidna nacionalna netrpeljivost. Djevoj\u010dici drugog razreda osnovne \u0161kole, u\u010ditelj Jovanovi\u0107 je zabranjivao da izlazi u tolet, ne navode\u0107i razlog svog djela, tako da je djevoj\u010dica vi\u0161e puta mokra dolazila ku\u0107i.<\/p>\n<p>Kada bi se desilo da nema dovoljno stolica u razredu F.I. je bila primorana da stoji naredna \u010detiri \u010dasa. Kada je prikupila snage da sve ispri\u010da roditeljima, porodica Fetahovi\u0107 je zakazala sastanak i suo\u010davanje sa u\u010diteljem, ali njega je \u0161titila \u0161kola, direktor i pedagog! Na pitanje ko \u0107e za\u0161tititi njihovo dijete i ostalu djecu, jel ovo nije jedini slu\u010daj, pedagogica je \u0107utala.<\/p>\n<p>Porodica Fetahovi\u0107 je svoju djevoj\u010dicu premjestila u osnovnu \u0161kolu Jovan Jovanovi\u0107 Zmaj gdje i pored tvrdnji u\u010ditelja Jovanovi\u0107a da je lo\u0161 u\u010denik, djevoj\u010dica svakodnevno pokazuje odli\u010dne rezultate, za sada je najbolji u\u010denik u svom odjeljenju, tvrde roditelji.<\/p>\n<p>Na pitanje za\u0161to nisu prijavili slu\u010daj policiji, porodica Fetahovi\u0107 tvrdi da svoje dijete nije \u017eeljela izlagati jo\u0161 ve\u0107em stresu.<\/p>\n<p>Ovo su slu\u010dajevi zato \u0161to djeca poha\u0111aju nastavu na srpskom jeziku i kulturi, naro\u010dito u ovim dvijema \u0161kolama (Bratsvo i Tr\u0161a) i zato \u0161to su im ve\u0107ina nastavnika razli\u010dite nacionalnosti koji nerijetko iskazuju nacionalnu netrepeljivost.<\/p>\n<p>Nermina Rebronja<\/p>\n","protected":false},"excerpt":{"rendered":"<p>Do kada \u0107e vlast i Bo\u0161njaci dozvoljavati da im se djeca asimiliraju???<\/p>\n","protected":false},"author":83,"featured_media":111979,"comment_status":"open","ping_status":"open","sticky":false,"template":"","format":"standard","meta":{"footnotes":""},"categories":[72,4,8957],"tags":[10217,10319],"class_list":{"0":"post-111978","1":"post","2":"type-post","3":"status-publish","4":"format-standard","5":"has-post-thumbnail","7":"category-novi-pazar","8":"category-obrazovanje","9":"category-vijesti-dana","10":"tag-nepravde-srpske-vlasti","11":"tag-bosanski-jezik"},"yoast_head":"<!-- This site is optimized with the Yoast SEO Premium plugin v23.1 (Yoast SEO v24.9) - https:\/\/yoast.com\/wordpress\/plugins\/seo\/ -->\n<title>Najvi\u0161e bo\u0161nja\u010dke djece poha\u0111a nastavu na srpskom jeziku u &quot;Tr\u0161i&quot; i &quot;Bratstvu&quot;<\/title>\n<meta name=\"robots\" content=\"index, follow, max-snippet:-1, max-image-preview:large, max-video-preview:-1\" \/>\n<link rel=\"canonical\" href=\"https:\/\/sandzakpress.net\/arhiva\/najvise-bosnjacke-djece-pohadana-nastavu-na-srpskom-jeziku-u-osnovnim-skolama-r-b-trso-i-bratstvo\/\" \/>\n<meta property=\"og:locale\" content=\"bs_BA\" \/>\n<meta property=\"og:type\" content=\"article\" \/>\n<meta property=\"og:title\" content=\"Najvi\u0161e bo\u0161nja\u010dke djece poha\u0111a nastavu na srpskom jeziku u &quot;Tr\u0161i&quot; i &quot;Bratstvu&quot;\" \/>\n<meta property=\"og:description\" content=\"Do kada \u0107e vlast i Bo\u0161njaci dozvoljavati da im se djeca asimiliraju???\" \/>\n<meta property=\"og:url\" content=\"https:\/\/sandzakpress.net\/arhiva\/najvise-bosnjacke-djece-pohadana-nastavu-na-srpskom-jeziku-u-osnovnim-skolama-r-b-trso-i-bratstvo\/\" \/>\n<meta property=\"og:site_name\" content=\"Sand\u017eak PRESS\" \/>\n<meta property=\"article:published_time\" content=\"2014-09-20T13:23:36+00:00\" \/>\n<meta property=\"article:modified_time\" content=\"2014-09-20T22:41:25+00:00\" \/>\n<meta property=\"og:image\" content=\"https:\/\/sandzakpress.net\/arhiva\/wp-content\/uploads\/2014\/09\/036.jpg\" \/>\n\t<meta property=\"og:image:width\" content=\"480\" \/>\n\t<meta property=\"og:image:height\" content=\"360\" \/>\n\t<meta property=\"og:image:type\" content=\"image\/jpeg\" \/>\n<meta name=\"author\" content=\"bosniak\" \/>\n<meta name=\"twitter:card\" content=\"summary_large_image\" \/>\n<meta name=\"twitter:label1\" content=\"Written by\" \/>\n\t<meta name=\"twitter:data1\" content=\"bosniak\" \/>\n\t<meta name=\"twitter:label2\" content=\"Est. reading time\" \/>\n\t<meta name=\"twitter:data2\" content=\"3 minute\" \/>\n<script type=\"application\/ld+json\" class=\"yoast-schema-graph\">{\"@context\":\"https:\/\/schema.org\",\"@graph\":[{\"@type\":\"Article\",\"@id\":\"https:\/\/sandzakpress.net\/arhiva\/najvise-bosnjacke-djece-pohadana-nastavu-na-srpskom-jeziku-u-osnovnim-skolama-r-b-trso-i-bratstvo\/#article\",\"isPartOf\":{\"@id\":\"https:\/\/sandzakpress.net\/arhiva\/najvise-bosnjacke-djece-pohadana-nastavu-na-srpskom-jeziku-u-osnovnim-skolama-r-b-trso-i-bratstvo\/\"},\"author\":{\"name\":\"bosniak\",\"@id\":\"https:\/\/sandzakpress.net\/arhiva\/#\/schema\/person\/c8baee722073534b583ea7bdb2e36c02\"},\"headline\":\"Najvi\u0161e bo\u0161nja\u010dke djece poha\u0111a nastavu na srpskom jeziku u &#8220;Tr\u0161i&#8221; i &#8220;Bratstvu&#8221;\",\"datePublished\":\"2014-09-20T13:23:36+00:00\",\"dateModified\":\"2014-09-20T22:41:25+00:00\",\"mainEntityOfPage\":{\"@id\":\"https:\/\/sandzakpress.net\/arhiva\/najvise-bosnjacke-djece-pohadana-nastavu-na-srpskom-jeziku-u-osnovnim-skolama-r-b-trso-i-bratstvo\/\"},\"wordCount\":680,\"commentCount\":8,\"publisher\":{\"@id\":\"https:\/\/sandzakpress.net\/arhiva\/#\/schema\/person\/6e72b67d6e51910a1117b3b483ba20bd\"},\"image\":{\"@id\":\"https:\/\/sandzakpress.net\/arhiva\/najvise-bosnjacke-djece-pohadana-nastavu-na-srpskom-jeziku-u-osnovnim-skolama-r-b-trso-i-bratstvo\/#primaryimage\"},\"thumbnailUrl\":\"https:\/\/sandzakpress.net\/arhiva\/wp-content\/uploads\/2014\/09\/036.jpg\",\"keywords\":[\"nepravde srpske vlasti\",\"bosanski jezik\"],\"articleSection\":[\"Novi Pazar\",\"Obrazovanje\",\"VIJESTI DANA\"],\"inLanguage\":\"bs-BA\",\"potentialAction\":[{\"@type\":\"CommentAction\",\"name\":\"Comment\",\"target\":[\"https:\/\/sandzakpress.net\/arhiva\/najvise-bosnjacke-djece-pohadana-nastavu-na-srpskom-jeziku-u-osnovnim-skolama-r-b-trso-i-bratstvo\/#respond\"]}]},{\"@type\":\"WebPage\",\"@id\":\"https:\/\/sandzakpress.net\/arhiva\/najvise-bosnjacke-djece-pohadana-nastavu-na-srpskom-jeziku-u-osnovnim-skolama-r-b-trso-i-bratstvo\/\",\"url\":\"https:\/\/sandzakpress.net\/arhiva\/najvise-bosnjacke-djece-pohadana-nastavu-na-srpskom-jeziku-u-osnovnim-skolama-r-b-trso-i-bratstvo\/\",\"name\":\"Najvi\u0161e bo\u0161nja\u010dke djece poha\u0111a nastavu na srpskom jeziku u \\\"Tr\u0161i\\\" i \\\"Bratstvu\\\"\",\"isPartOf\":{\"@id\":\"https:\/\/sandzakpress.net\/arhiva\/#website\"},\"primaryImageOfPage\":{\"@id\":\"https:\/\/sandzakpress.net\/arhiva\/najvise-bosnjacke-djece-pohadana-nastavu-na-srpskom-jeziku-u-osnovnim-skolama-r-b-trso-i-bratstvo\/#primaryimage\"},\"image\":{\"@id\":\"https:\/\/sandzakpress.net\/arhiva\/najvise-bosnjacke-djece-pohadana-nastavu-na-srpskom-jeziku-u-osnovnim-skolama-r-b-trso-i-bratstvo\/#primaryimage\"},\"thumbnailUrl\":\"https:\/\/sandzakpress.net\/arhiva\/wp-content\/uploads\/2014\/09\/036.jpg\",\"datePublished\":\"2014-09-20T13:23:36+00:00\",\"dateModified\":\"2014-09-20T22:41:25+00:00\",\"breadcrumb\":{\"@id\":\"https:\/\/sandzakpress.net\/arhiva\/najvise-bosnjacke-djece-pohadana-nastavu-na-srpskom-jeziku-u-osnovnim-skolama-r-b-trso-i-bratstvo\/#breadcrumb\"},\"inLanguage\":\"bs-BA\",\"potentialAction\":[{\"@type\":\"ReadAction\",\"target\":[\"https:\/\/sandzakpress.net\/arhiva\/najvise-bosnjacke-djece-pohadana-nastavu-na-srpskom-jeziku-u-osnovnim-skolama-r-b-trso-i-bratstvo\/\"]}]},{\"@type\":\"ImageObject\",\"inLanguage\":\"bs-BA\",\"@id\":\"https:\/\/sandzakpress.net\/arhiva\/najvise-bosnjacke-djece-pohadana-nastavu-na-srpskom-jeziku-u-osnovnim-skolama-r-b-trso-i-bratstvo\/#primaryimage\",\"url\":\"https:\/\/sandzakpress.net\/arhiva\/wp-content\/uploads\/2014\/09\/036.jpg\",\"contentUrl\":\"https:\/\/sandzakpress.net\/arhiva\/wp-content\/uploads\/2014\/09\/036.jpg\",\"width\":480,\"height\":360},{\"@type\":\"BreadcrumbList\",\"@id\":\"https:\/\/sandzakpress.net\/arhiva\/najvise-bosnjacke-djece-pohadana-nastavu-na-srpskom-jeziku-u-osnovnim-skolama-r-b-trso-i-bratstvo\/#breadcrumb\",\"itemListElement\":[{\"@type\":\"ListItem\",\"position\":1,\"name\":\"Home\",\"item\":\"https:\/\/sandzakpress.net\/arhiva\/\"},{\"@type\":\"ListItem\",\"position\":2,\"name\":\"Najvi\u0161e bo\u0161nja\u010dke djece poha\u0111a nastavu na srpskom jeziku u &#8220;Tr\u0161i&#8221; i &#8220;Bratstvu&#8221;\"}]},{\"@type\":\"WebSite\",\"@id\":\"https:\/\/sandzakpress.net\/arhiva\/#website\",\"url\":\"https:\/\/sandzakpress.net\/arhiva\/\",\"name\":\"Sand\u017eak PRESS\",\"description\":\"Prve elektronske novine u Sand\u017eaku\",\"publisher\":{\"@id\":\"https:\/\/sandzakpress.net\/arhiva\/#\/schema\/person\/6e72b67d6e51910a1117b3b483ba20bd\"},\"potentialAction\":[{\"@type\":\"SearchAction\",\"target\":{\"@type\":\"EntryPoint\",\"urlTemplate\":\"https:\/\/sandzakpress.net\/arhiva\/?s={search_term_string}\"},\"query-input\":{\"@type\":\"PropertyValueSpecification\",\"valueRequired\":true,\"valueName\":\"search_term_string\"}}],\"inLanguage\":\"bs-BA\"},{\"@type\":[\"Person\",\"Organization\"],\"@id\":\"https:\/\/sandzakpress.net\/arhiva\/#\/schema\/person\/6e72b67d6e51910a1117b3b483ba20bd\",\"name\":\"Kul\",\"image\":{\"@type\":\"ImageObject\",\"inLanguage\":\"bs-BA\",\"@id\":\"https:\/\/sandzakpress.net\/arhiva\/#\/schema\/person\/image\/\",\"url\":\"https:\/\/secure.gravatar.com\/avatar\/42263f39aa27ac04c43cab85c280eb2e?s=96&d=mm&r=pg\",\"contentUrl\":\"https:\/\/secure.gravatar.com\/avatar\/42263f39aa27ac04c43cab85c280eb2e?s=96&d=mm&r=pg\",\"caption\":\"Kul\"},\"logo\":{\"@id\":\"https:\/\/sandzakpress.net\/arhiva\/#\/schema\/person\/image\/\"}},{\"@type\":\"Person\",\"@id\":\"https:\/\/sandzakpress.net\/arhiva\/#\/schema\/person\/c8baee722073534b583ea7bdb2e36c02\",\"name\":\"bosniak\",\"image\":{\"@type\":\"ImageObject\",\"inLanguage\":\"bs-BA\",\"@id\":\"https:\/\/sandzakpress.net\/arhiva\/#\/schema\/person\/image\/\",\"url\":\"https:\/\/secure.gravatar.com\/avatar\/a04fd330bfe3a36a72a0ad4a6d89fca7?s=96&d=mm&r=pg\",\"contentUrl\":\"https:\/\/secure.gravatar.com\/avatar\/a04fd330bfe3a36a72a0ad4a6d89fca7?s=96&d=mm&r=pg\",\"caption\":\"bosniak\"},\"url\":\"https:\/\/sandzakpress.net\/arhiva\/author\/bosniak\/\"}]}<\/script>\n<!-- \/ Yoast SEO Premium plugin. -->","yoast_head_json":{"title":"Najvi\u0161e bo\u0161nja\u010dke djece poha\u0111a nastavu na srpskom jeziku u \"Tr\u0161i\" i \"Bratstvu\"","robots":{"index":"index","follow":"follow","max-snippet":"max-snippet:-1","max-image-preview":"max-image-preview:large","max-video-preview":"max-video-preview:-1"},"canonical":"https:\/\/sandzakpress.net\/arhiva\/najvise-bosnjacke-djece-pohadana-nastavu-na-srpskom-jeziku-u-osnovnim-skolama-r-b-trso-i-bratstvo\/","og_locale":"bs_BA","og_type":"article","og_title":"Najvi\u0161e bo\u0161nja\u010dke djece poha\u0111a nastavu na srpskom jeziku u \"Tr\u0161i\" i \"Bratstvu\"","og_description":"Do kada \u0107e vlast i Bo\u0161njaci dozvoljavati da im se djeca asimiliraju???","og_url":"https:\/\/sandzakpress.net\/arhiva\/najvise-bosnjacke-djece-pohadana-nastavu-na-srpskom-jeziku-u-osnovnim-skolama-r-b-trso-i-bratstvo\/","og_site_name":"Sand\u017eak PRESS","article_published_time":"2014-09-20T13:23:36+00:00","article_modified_time":"2014-09-20T22:41:25+00:00","og_image":[{"width":480,"height":360,"url":"https:\/\/sandzakpress.net\/arhiva\/wp-content\/uploads\/2014\/09\/036.jpg","type":"image\/jpeg"}],"author":"bosniak","twitter_card":"summary_large_image","twitter_misc":{"Written by":"bosniak","Est. reading time":"3 minute"},"schema":{"@context":"https:\/\/schema.org","@graph":[{"@type":"Article","@id":"https:\/\/sandzakpress.net\/arhiva\/najvise-bosnjacke-djece-pohadana-nastavu-na-srpskom-jeziku-u-osnovnim-skolama-r-b-trso-i-bratstvo\/#article","isPartOf":{"@id":"https:\/\/sandzakpress.net\/arhiva\/najvise-bosnjacke-djece-pohadana-nastavu-na-srpskom-jeziku-u-osnovnim-skolama-r-b-trso-i-bratstvo\/"},"author":{"name":"bosniak","@id":"https:\/\/sandzakpress.net\/arhiva\/#\/schema\/person\/c8baee722073534b583ea7bdb2e36c02"},"headline":"Najvi\u0161e bo\u0161nja\u010dke djece poha\u0111a nastavu na srpskom jeziku u &#8220;Tr\u0161i&#8221; i &#8220;Bratstvu&#8221;","datePublished":"2014-09-20T13:23:36+00:00","dateModified":"2014-09-20T22:41:25+00:00","mainEntityOfPage":{"@id":"https:\/\/sandzakpress.net\/arhiva\/najvise-bosnjacke-djece-pohadana-nastavu-na-srpskom-jeziku-u-osnovnim-skolama-r-b-trso-i-bratstvo\/"},"wordCount":680,"commentCount":8,"publisher":{"@id":"https:\/\/sandzakpress.net\/arhiva\/#\/schema\/person\/6e72b67d6e51910a1117b3b483ba20bd"},"image":{"@id":"https:\/\/sandzakpress.net\/arhiva\/najvise-bosnjacke-djece-pohadana-nastavu-na-srpskom-jeziku-u-osnovnim-skolama-r-b-trso-i-bratstvo\/#primaryimage"},"thumbnailUrl":"https:\/\/sandzakpress.net\/arhiva\/wp-content\/uploads\/2014\/09\/036.jpg","keywords":["nepravde srpske vlasti","bosanski jezik"],"articleSection":["Novi Pazar","Obrazovanje","VIJESTI DANA"],"inLanguage":"bs-BA","potentialAction":[{"@type":"CommentAction","name":"Comment","target":["https:\/\/sandzakpress.net\/arhiva\/najvise-bosnjacke-djece-pohadana-nastavu-na-srpskom-jeziku-u-osnovnim-skolama-r-b-trso-i-bratstvo\/#respond"]}]},{"@type":"WebPage","@id":"https:\/\/sandzakpress.net\/arhiva\/najvise-bosnjacke-djece-pohadana-nastavu-na-srpskom-jeziku-u-osnovnim-skolama-r-b-trso-i-bratstvo\/","url":"https:\/\/sandzakpress.net\/arhiva\/najvise-bosnjacke-djece-pohadana-nastavu-na-srpskom-jeziku-u-osnovnim-skolama-r-b-trso-i-bratstvo\/","name":"Najvi\u0161e bo\u0161nja\u010dke djece poha\u0111a nastavu na srpskom jeziku u \"Tr\u0161i\" i \"Bratstvu\"","isPartOf":{"@id":"https:\/\/sandzakpress.net\/arhiva\/#website"},"primaryImageOfPage":{"@id":"https:\/\/sandzakpress.net\/arhiva\/najvise-bosnjacke-djece-pohadana-nastavu-na-srpskom-jeziku-u-osnovnim-skolama-r-b-trso-i-bratstvo\/#primaryimage"},"image":{"@id":"https:\/\/sandzakpress.net\/arhiva\/najvise-bosnjacke-djece-pohadana-nastavu-na-srpskom-jeziku-u-osnovnim-skolama-r-b-trso-i-bratstvo\/#primaryimage"},"thumbnailUrl":"https:\/\/sandzakpress.net\/arhiva\/wp-content\/uploads\/2014\/09\/036.jpg","datePublished":"2014-09-20T13:23:36+00:00","dateModified":"2014-09-20T22:41:25+00:00","breadcrumb":{"@id":"https:\/\/sandzakpress.net\/arhiva\/najvise-bosnjacke-djece-pohadana-nastavu-na-srpskom-jeziku-u-osnovnim-skolama-r-b-trso-i-bratstvo\/#breadcrumb"},"inLanguage":"bs-BA","potentialAction":[{"@type":"ReadAction","target":["https:\/\/sandzakpress.net\/arhiva\/najvise-bosnjacke-djece-pohadana-nastavu-na-srpskom-jeziku-u-osnovnim-skolama-r-b-trso-i-bratstvo\/"]}]},{"@type":"ImageObject","inLanguage":"bs-BA","@id":"https:\/\/sandzakpress.net\/arhiva\/najvise-bosnjacke-djece-pohadana-nastavu-na-srpskom-jeziku-u-osnovnim-skolama-r-b-trso-i-bratstvo\/#primaryimage","url":"https:\/\/sandzakpress.net\/arhiva\/wp-content\/uploads\/2014\/09\/036.jpg","contentUrl":"https:\/\/sandzakpress.net\/arhiva\/wp-content\/uploads\/2014\/09\/036.jpg","width":480,"height":360},{"@type":"BreadcrumbList","@id":"https:\/\/sandzakpress.net\/arhiva\/najvise-bosnjacke-djece-pohadana-nastavu-na-srpskom-jeziku-u-osnovnim-skolama-r-b-trso-i-bratstvo\/#breadcrumb","itemListElement":[{"@type":"ListItem","position":1,"name":"Home","item":"https:\/\/sandzakpress.net\/arhiva\/"},{"@type":"ListItem","position":2,"name":"Najvi\u0161e bo\u0161nja\u010dke djece poha\u0111a nastavu na srpskom jeziku u &#8220;Tr\u0161i&#8221; i &#8220;Bratstvu&#8221;"}]},{"@type":"WebSite","@id":"https:\/\/sandzakpress.net\/arhiva\/#website","url":"https:\/\/sandzakpress.net\/arhiva\/","name":"Sand\u017eak PRESS","description":"Prve elektronske novine u Sand\u017eaku","publisher":{"@id":"https:\/\/sandzakpress.net\/arhiva\/#\/schema\/person\/6e72b67d6e51910a1117b3b483ba20bd"},"potentialAction":[{"@type":"SearchAction","target":{"@type":"EntryPoint","urlTemplate":"https:\/\/sandzakpress.net\/arhiva\/?s={search_term_string}"},"query-input":{"@type":"PropertyValueSpecification","valueRequired":true,"valueName":"search_term_string"}}],"inLanguage":"bs-BA"},{"@type":["Person","Organization"],"@id":"https:\/\/sandzakpress.net\/arhiva\/#\/schema\/person\/6e72b67d6e51910a1117b3b483ba20bd","name":"Kul","image":{"@type":"ImageObject","inLanguage":"bs-BA","@id":"https:\/\/sandzakpress.net\/arhiva\/#\/schema\/person\/image\/","url":"https:\/\/secure.gravatar.com\/avatar\/42263f39aa27ac04c43cab85c280eb2e?s=96&d=mm&r=pg","contentUrl":"https:\/\/secure.gravatar.com\/avatar\/42263f39aa27ac04c43cab85c280eb2e?s=96&d=mm&r=pg","caption":"Kul"},"logo":{"@id":"https:\/\/sandzakpress.net\/arhiva\/#\/schema\/person\/image\/"}},{"@type":"Person","@id":"https:\/\/sandzakpress.net\/arhiva\/#\/schema\/person\/c8baee722073534b583ea7bdb2e36c02","name":"bosniak","image":{"@type":"ImageObject","inLanguage":"bs-BA","@id":"https:\/\/sandzakpress.net\/arhiva\/#\/schema\/person\/image\/","url":"https:\/\/secure.gravatar.com\/avatar\/a04fd330bfe3a36a72a0ad4a6d89fca7?s=96&d=mm&r=pg","contentUrl":"https:\/\/secure.gravatar.com\/avatar\/a04fd330bfe3a36a72a0ad4a6d89fca7?s=96&d=mm&r=pg","caption":"bosniak"},"url":"https:\/\/sandzakpress.net\/arhiva\/author\/bosniak\/"}]}},"_links":{"self":[{"href":"https:\/\/sandzakpress.net\/arhiva\/wp-json\/wp\/v2\/posts\/111978"}],"collection":[{"href":"https:\/\/sandzakpress.net\/arhiva\/wp-json\/wp\/v2\/posts"}],"about":[{"href":"https:\/\/sandzakpress.net\/arhiva\/wp-json\/wp\/v2\/types\/post"}],"author":[{"embeddable":true,"href":"https:\/\/sandzakpress.net\/arhiva\/wp-json\/wp\/v2\/users\/83"}],"replies":[{"embeddable":true,"href":"https:\/\/sandzakpress.net\/arhiva\/wp-json\/wp\/v2\/comments?post=111978"}],"version-history":[{"count":0,"href":"https:\/\/sandzakpress.net\/arhiva\/wp-json\/wp\/v2\/posts\/111978\/revisions"}],"wp:featuredmedia":[{"embeddable":true,"href":"https:\/\/sandzakpress.net\/arhiva\/wp-json\/wp\/v2\/media\/111979"}],"wp:attachment":[{"href":"https:\/\/sandzakpress.net\/arhiva\/wp-json\/wp\/v2\/media?parent=111978"}],"wp:term":[{"taxonomy":"category","embeddable":true,"href":"https:\/\/sandzakpress.net\/arhiva\/wp-json\/wp\/v2\/categories?post=111978"},{"taxonomy":"post_tag","embeddable":true,"href":"https:\/\/sandzakpress.net\/arhiva\/wp-json\/wp\/v2\/tags?post=111978"}],"curies":[{"name":"wp","href":"https:\/\/api.w.org\/{rel}","templated":true}]}}