{"id":111958,"date":"2014-09-20T01:50:25","date_gmt":"2014-09-19T23:50:25","guid":{"rendered":"https:\/\/sandzakpress.net\/arhiva\/?p=111958"},"modified":"2014-09-20T14:52:24","modified_gmt":"2014-09-20T12:52:24","slug":"ambasador-bozaj-podrzao-akciju-danasa","status":"publish","type":"post","link":"https:\/\/sandzakpress.net\/arhiva\/ambasador-bozaj-podrzao-akciju-danasa\/","title":{"rendered":"Ambasador Bozaj podr\u017eao akciju Danasa"},"content":{"rendered":"<p><strong><span style=\"font-size: 10pt;\"><img loading=\"lazy\" decoding=\"async\" class=\"aligncenter\" src=\"http:\/\/radiostoplus.com\/images\/clanci\/DRUSTVO\/danas.jpg\" alt=\"\" width=\"885\" height=\"664\" \/>Novi Pazar, Francuska &#8211; Dnevni list \u201cDanas\u201d organizovao je danas u centru Novog Pazara akciju \u201cHiljadu poklona za hiljadu \u010ditalaca\u201d, u okviru koje su gra\u0111ani uz kupljeni primerak novine dobijali knjigu i brojne poklone iznena\u0111enja.<\/span><\/strong><\/p>\n<p><span style=\"font-size: 10pt;\">\u010clan Upravnog odbora ovih novina Radomir Li\u010dina ka\u017ee da je zadovoljan ovom promotivnom akcijom, kao i da \u0107e se truditi da budu jo\u0161 bolji.<\/span><\/p>\n<p><span style=\"font-size: 10pt;\">Akciju je podr\u017eao i \u0161tand posjetio i ambasador Turske u Beogradu Mehmed Kemal Bozaj koji je rekao da Novopazarci zaslu\u017euju dobru knjige, umjetnost i kulturne doga\u0111aje.<\/span><\/p>\n<p><span style=\"font-size: 10pt;\">On je novinarima rekao da redovno \u010dita ove dnevne novine.<\/span><\/p>\n<p><span style=\"font-size: 10pt;\">\u201ePosebno volim da \u010ditam dodatak petkom \u2019Sand\u017eak Danas\u2019 koji na objektivan, kvalitetan i profesionalan na\u010din prenosi de\u0161avanja u ovom regionu. Kroz ovaj dodatak upoznajem nove uspe\u0161ne i zanimljive ljude iz ovog kraja, sportiste, umetnike, pisce&#8230;\u201c, rekao je Bozaj.<\/span><\/p>\n<p><span style=\"font-size: 10pt;\">Gradona\u010delnik Novog Pazara Meho Mahmutovi\u0107 rekao je obilaze\u0107i \u0161tand da je ova manifestacija, \u010diji je koorganizator grad, postala tradicionalna.<\/span><\/p>\n<p><span style=\"font-size: 10pt;\">\u201cOvo je ozbiljna dnevna novina u kojoj rade iskusni i poznati novinari, koji na pravi na\u010din prenose sliku o Novom Pazaru i o regionu Sand\u017eak\u201d, rekao je Mahmutovi\u0107.<\/span><\/p>\n<p><span style=\"font-size: 10pt;\">U okviru akcije uru\u010denje su knjige izdava\u010dke ku\u0107e \u201cDan graf\u201d Gradskoj biblioteci \u201cDositej Obradovi\u0107\u201d.<\/span><\/p>\n<p><span style=\"font-size: 10pt;\">\u201cPoklonili smo biblioteci 15 na\u0161ih naslova, odnosno knjiga koje smo izdali u ovoj i pro\u0161loj godini. Na\u0161a praksa je da podr\u017eavamo biblioteke i da na skroman na\u010din pobolj\u0161avamo njihov fond\u201d, rekao je Du\u0161an Mitrovi\u0107, direktor Dan grafa, koji izdaje dnevni list \u201cDanas\u201d.<\/span><\/p>\n<p>(radio100+)<\/p>\n","protected":false},"excerpt":{"rendered":"<p>Novi Pazar, Francuska &#8211; Dnevni list \u201cDanas\u201d organizovao je danas u centru Novog Pazara akciju \u201cHiljadu poklona za hiljadu \u010ditalaca\u201d, u okviru koje su gra\u0111ani uz kupljeni primerak novine dobijali knjigu i brojne poklone iznena\u0111enja. \u010clan Upravnog odbora ovih novina Radomir Li\u010dina ka\u017ee da je zadovoljan ovom promotivnom akcijom, kao i da \u0107e se truditi [&hellip;]<\/p>\n","protected":false},"author":83,"featured_media":111959,"comment_status":"open","ping_status":"open","sticky":false,"template":"","format":"standard","meta":{"footnotes":""},"categories":[72,1,9550],"tags":[],"class_list":{"0":"post-111958","1":"post","2":"type-post","3":"status-publish","4":"format-standard","5":"has-post-thumbnail","7":"category-novi-pazar","8":"category-politika","9":"category-francuska-dijaspora-gradovi-vase-vijesti"},"yoast_head":"<!-- This site is optimized with the Yoast SEO Premium plugin v23.1 (Yoast SEO v24.9) - https:\/\/yoast.com\/wordpress\/plugins\/seo\/ -->\n<title>Ambasador Bozaj podr\u017eao akciju Danasa<\/title>\n<meta name=\"robots\" content=\"index, follow, max-snippet:-1, max-image-preview:large, max-video-preview:-1\" \/>\n<link rel=\"canonical\" href=\"https:\/\/sandzakpress.net\/arhiva\/ambasador-bozaj-podrzao-akciju-danasa\/\" \/>\n<meta property=\"og:locale\" content=\"bs_BA\" \/>\n<meta property=\"og:type\" content=\"article\" \/>\n<meta property=\"og:title\" content=\"Ambasador Bozaj podr\u017eao akciju Danasa\" \/>\n<meta property=\"og:description\" content=\"Novi Pazar, Francuska &#8211; Dnevni list \u201cDanas\u201d organizovao je danas u centru Novog Pazara akciju \u201cHiljadu poklona za hiljadu \u010ditalaca\u201d, u okviru koje su gra\u0111ani uz kupljeni primerak novine dobijali knjigu i brojne poklone iznena\u0111enja. \u010clan Upravnog odbora ovih novina Radomir Li\u010dina ka\u017ee da je zadovoljan ovom promotivnom akcijom, kao i da \u0107e se truditi [&hellip;]\" \/>\n<meta property=\"og:url\" content=\"https:\/\/sandzakpress.net\/arhiva\/ambasador-bozaj-podrzao-akciju-danasa\/\" \/>\n<meta property=\"og:site_name\" content=\"Sand\u017eak PRESS\" \/>\n<meta property=\"article:published_time\" content=\"2014-09-19T23:50:25+00:00\" \/>\n<meta property=\"article:modified_time\" content=\"2014-09-20T12:52:24+00:00\" \/>\n<meta property=\"og:image\" content=\"https:\/\/sandzakpress.net\/arhiva\/wp-content\/uploads\/2014\/09\/danas.jpg\" \/>\n\t<meta property=\"og:image:width\" content=\"3264\" \/>\n\t<meta property=\"og:image:height\" content=\"2448\" \/>\n\t<meta property=\"og:image:type\" content=\"image\/jpeg\" \/>\n<meta name=\"author\" content=\"bosniak\" \/>\n<meta name=\"twitter:card\" content=\"summary_large_image\" \/>\n<meta name=\"twitter:label1\" content=\"Written by\" \/>\n\t<meta name=\"twitter:data1\" content=\"bosniak\" \/>\n\t<meta name=\"twitter:label2\" content=\"Est. reading time\" \/>\n\t<meta name=\"twitter:data2\" content=\"1 minuta\" \/>\n<script type=\"application\/ld+json\" class=\"yoast-schema-graph\">{\"@context\":\"https:\/\/schema.org\",\"@graph\":[{\"@type\":\"Article\",\"@id\":\"https:\/\/sandzakpress.net\/arhiva\/ambasador-bozaj-podrzao-akciju-danasa\/#article\",\"isPartOf\":{\"@id\":\"https:\/\/sandzakpress.net\/arhiva\/ambasador-bozaj-podrzao-akciju-danasa\/\"},\"author\":{\"name\":\"bosniak\",\"@id\":\"https:\/\/sandzakpress.net\/arhiva\/#\/schema\/person\/c8baee722073534b583ea7bdb2e36c02\"},\"headline\":\"Ambasador Bozaj podr\u017eao akciju Danasa\",\"datePublished\":\"2014-09-19T23:50:25+00:00\",\"dateModified\":\"2014-09-20T12:52:24+00:00\",\"mainEntityOfPage\":{\"@id\":\"https:\/\/sandzakpress.net\/arhiva\/ambasador-bozaj-podrzao-akciju-danasa\/\"},\"wordCount\":267,\"commentCount\":0,\"publisher\":{\"@id\":\"https:\/\/sandzakpress.net\/arhiva\/#\/schema\/person\/6e72b67d6e51910a1117b3b483ba20bd\"},\"image\":{\"@id\":\"https:\/\/sandzakpress.net\/arhiva\/ambasador-bozaj-podrzao-akciju-danasa\/#primaryimage\"},\"thumbnailUrl\":\"https:\/\/sandzakpress.net\/arhiva\/wp-content\/uploads\/2014\/09\/danas.jpg\",\"articleSection\":[\"Novi Pazar\",\"Politika\",\"Francuska\"],\"inLanguage\":\"bs-BA\",\"potentialAction\":[{\"@type\":\"CommentAction\",\"name\":\"Comment\",\"target\":[\"https:\/\/sandzakpress.net\/arhiva\/ambasador-bozaj-podrzao-akciju-danasa\/#respond\"]}]},{\"@type\":\"WebPage\",\"@id\":\"https:\/\/sandzakpress.net\/arhiva\/ambasador-bozaj-podrzao-akciju-danasa\/\",\"url\":\"https:\/\/sandzakpress.net\/arhiva\/ambasador-bozaj-podrzao-akciju-danasa\/\",\"name\":\"Ambasador Bozaj podr\u017eao akciju Danasa\",\"isPartOf\":{\"@id\":\"https:\/\/sandzakpress.net\/arhiva\/#website\"},\"primaryImageOfPage\":{\"@id\":\"https:\/\/sandzakpress.net\/arhiva\/ambasador-bozaj-podrzao-akciju-danasa\/#primaryimage\"},\"image\":{\"@id\":\"https:\/\/sandzakpress.net\/arhiva\/ambasador-bozaj-podrzao-akciju-danasa\/#primaryimage\"},\"thumbnailUrl\":\"https:\/\/sandzakpress.net\/arhiva\/wp-content\/uploads\/2014\/09\/danas.jpg\",\"datePublished\":\"2014-09-19T23:50:25+00:00\",\"dateModified\":\"2014-09-20T12:52:24+00:00\",\"breadcrumb\":{\"@id\":\"https:\/\/sandzakpress.net\/arhiva\/ambasador-bozaj-podrzao-akciju-danasa\/#breadcrumb\"},\"inLanguage\":\"bs-BA\",\"potentialAction\":[{\"@type\":\"ReadAction\",\"target\":[\"https:\/\/sandzakpress.net\/arhiva\/ambasador-bozaj-podrzao-akciju-danasa\/\"]}]},{\"@type\":\"ImageObject\",\"inLanguage\":\"bs-BA\",\"@id\":\"https:\/\/sandzakpress.net\/arhiva\/ambasador-bozaj-podrzao-akciju-danasa\/#primaryimage\",\"url\":\"https:\/\/sandzakpress.net\/arhiva\/wp-content\/uploads\/2014\/09\/danas.jpg\",\"contentUrl\":\"https:\/\/sandzakpress.net\/arhiva\/wp-content\/uploads\/2014\/09\/danas.jpg\",\"width\":3264,\"height\":2448},{\"@type\":\"BreadcrumbList\",\"@id\":\"https:\/\/sandzakpress.net\/arhiva\/ambasador-bozaj-podrzao-akciju-danasa\/#breadcrumb\",\"itemListElement\":[{\"@type\":\"ListItem\",\"position\":1,\"name\":\"Home\",\"item\":\"https:\/\/sandzakpress.net\/arhiva\/\"},{\"@type\":\"ListItem\",\"position\":2,\"name\":\"Ambasador Bozaj podr\u017eao akciju Danasa\"}]},{\"@type\":\"WebSite\",\"@id\":\"https:\/\/sandzakpress.net\/arhiva\/#website\",\"url\":\"https:\/\/sandzakpress.net\/arhiva\/\",\"name\":\"Sand\u017eak PRESS\",\"description\":\"Prve elektronske novine u Sand\u017eaku\",\"publisher\":{\"@id\":\"https:\/\/sandzakpress.net\/arhiva\/#\/schema\/person\/6e72b67d6e51910a1117b3b483ba20bd\"},\"potentialAction\":[{\"@type\":\"SearchAction\",\"target\":{\"@type\":\"EntryPoint\",\"urlTemplate\":\"https:\/\/sandzakpress.net\/arhiva\/?s={search_term_string}\"},\"query-input\":{\"@type\":\"PropertyValueSpecification\",\"valueRequired\":true,\"valueName\":\"search_term_string\"}}],\"inLanguage\":\"bs-BA\"},{\"@type\":[\"Person\",\"Organization\"],\"@id\":\"https:\/\/sandzakpress.net\/arhiva\/#\/schema\/person\/6e72b67d6e51910a1117b3b483ba20bd\",\"name\":\"Kul\",\"image\":{\"@type\":\"ImageObject\",\"inLanguage\":\"bs-BA\",\"@id\":\"https:\/\/sandzakpress.net\/arhiva\/#\/schema\/person\/image\/\",\"url\":\"https:\/\/secure.gravatar.com\/avatar\/42263f39aa27ac04c43cab85c280eb2e?s=96&d=mm&r=pg\",\"contentUrl\":\"https:\/\/secure.gravatar.com\/avatar\/42263f39aa27ac04c43cab85c280eb2e?s=96&d=mm&r=pg\",\"caption\":\"Kul\"},\"logo\":{\"@id\":\"https:\/\/sandzakpress.net\/arhiva\/#\/schema\/person\/image\/\"}},{\"@type\":\"Person\",\"@id\":\"https:\/\/sandzakpress.net\/arhiva\/#\/schema\/person\/c8baee722073534b583ea7bdb2e36c02\",\"name\":\"bosniak\",\"image\":{\"@type\":\"ImageObject\",\"inLanguage\":\"bs-BA\",\"@id\":\"https:\/\/sandzakpress.net\/arhiva\/#\/schema\/person\/image\/\",\"url\":\"https:\/\/secure.gravatar.com\/avatar\/a04fd330bfe3a36a72a0ad4a6d89fca7?s=96&d=mm&r=pg\",\"contentUrl\":\"https:\/\/secure.gravatar.com\/avatar\/a04fd330bfe3a36a72a0ad4a6d89fca7?s=96&d=mm&r=pg\",\"caption\":\"bosniak\"},\"url\":\"https:\/\/sandzakpress.net\/arhiva\/author\/bosniak\/\"}]}<\/script>\n<!-- \/ Yoast SEO Premium plugin. -->","yoast_head_json":{"title":"Ambasador Bozaj podr\u017eao akciju Danasa","robots":{"index":"index","follow":"follow","max-snippet":"max-snippet:-1","max-image-preview":"max-image-preview:large","max-video-preview":"max-video-preview:-1"},"canonical":"https:\/\/sandzakpress.net\/arhiva\/ambasador-bozaj-podrzao-akciju-danasa\/","og_locale":"bs_BA","og_type":"article","og_title":"Ambasador Bozaj podr\u017eao akciju Danasa","og_description":"Novi Pazar, Francuska &#8211; Dnevni list \u201cDanas\u201d organizovao je danas u centru Novog Pazara akciju \u201cHiljadu poklona za hiljadu \u010ditalaca\u201d, u okviru koje su gra\u0111ani uz kupljeni primerak novine dobijali knjigu i brojne poklone iznena\u0111enja. \u010clan Upravnog odbora ovih novina Radomir Li\u010dina ka\u017ee da je zadovoljan ovom promotivnom akcijom, kao i da \u0107e se truditi [&hellip;]","og_url":"https:\/\/sandzakpress.net\/arhiva\/ambasador-bozaj-podrzao-akciju-danasa\/","og_site_name":"Sand\u017eak PRESS","article_published_time":"2014-09-19T23:50:25+00:00","article_modified_time":"2014-09-20T12:52:24+00:00","og_image":[{"width":3264,"height":2448,"url":"https:\/\/sandzakpress.net\/arhiva\/wp-content\/uploads\/2014\/09\/danas.jpg","type":"image\/jpeg"}],"author":"bosniak","twitter_card":"summary_large_image","twitter_misc":{"Written by":"bosniak","Est. reading time":"1 minuta"},"schema":{"@context":"https:\/\/schema.org","@graph":[{"@type":"Article","@id":"https:\/\/sandzakpress.net\/arhiva\/ambasador-bozaj-podrzao-akciju-danasa\/#article","isPartOf":{"@id":"https:\/\/sandzakpress.net\/arhiva\/ambasador-bozaj-podrzao-akciju-danasa\/"},"author":{"name":"bosniak","@id":"https:\/\/sandzakpress.net\/arhiva\/#\/schema\/person\/c8baee722073534b583ea7bdb2e36c02"},"headline":"Ambasador Bozaj podr\u017eao akciju Danasa","datePublished":"2014-09-19T23:50:25+00:00","dateModified":"2014-09-20T12:52:24+00:00","mainEntityOfPage":{"@id":"https:\/\/sandzakpress.net\/arhiva\/ambasador-bozaj-podrzao-akciju-danasa\/"},"wordCount":267,"commentCount":0,"publisher":{"@id":"https:\/\/sandzakpress.net\/arhiva\/#\/schema\/person\/6e72b67d6e51910a1117b3b483ba20bd"},"image":{"@id":"https:\/\/sandzakpress.net\/arhiva\/ambasador-bozaj-podrzao-akciju-danasa\/#primaryimage"},"thumbnailUrl":"https:\/\/sandzakpress.net\/arhiva\/wp-content\/uploads\/2014\/09\/danas.jpg","articleSection":["Novi Pazar","Politika","Francuska"],"inLanguage":"bs-BA","potentialAction":[{"@type":"CommentAction","name":"Comment","target":["https:\/\/sandzakpress.net\/arhiva\/ambasador-bozaj-podrzao-akciju-danasa\/#respond"]}]},{"@type":"WebPage","@id":"https:\/\/sandzakpress.net\/arhiva\/ambasador-bozaj-podrzao-akciju-danasa\/","url":"https:\/\/sandzakpress.net\/arhiva\/ambasador-bozaj-podrzao-akciju-danasa\/","name":"Ambasador Bozaj podr\u017eao akciju Danasa","isPartOf":{"@id":"https:\/\/sandzakpress.net\/arhiva\/#website"},"primaryImageOfPage":{"@id":"https:\/\/sandzakpress.net\/arhiva\/ambasador-bozaj-podrzao-akciju-danasa\/#primaryimage"},"image":{"@id":"https:\/\/sandzakpress.net\/arhiva\/ambasador-bozaj-podrzao-akciju-danasa\/#primaryimage"},"thumbnailUrl":"https:\/\/sandzakpress.net\/arhiva\/wp-content\/uploads\/2014\/09\/danas.jpg","datePublished":"2014-09-19T23:50:25+00:00","dateModified":"2014-09-20T12:52:24+00:00","breadcrumb":{"@id":"https:\/\/sandzakpress.net\/arhiva\/ambasador-bozaj-podrzao-akciju-danasa\/#breadcrumb"},"inLanguage":"bs-BA","potentialAction":[{"@type":"ReadAction","target":["https:\/\/sandzakpress.net\/arhiva\/ambasador-bozaj-podrzao-akciju-danasa\/"]}]},{"@type":"ImageObject","inLanguage":"bs-BA","@id":"https:\/\/sandzakpress.net\/arhiva\/ambasador-bozaj-podrzao-akciju-danasa\/#primaryimage","url":"https:\/\/sandzakpress.net\/arhiva\/wp-content\/uploads\/2014\/09\/danas.jpg","contentUrl":"https:\/\/sandzakpress.net\/arhiva\/wp-content\/uploads\/2014\/09\/danas.jpg","width":3264,"height":2448},{"@type":"BreadcrumbList","@id":"https:\/\/sandzakpress.net\/arhiva\/ambasador-bozaj-podrzao-akciju-danasa\/#breadcrumb","itemListElement":[{"@type":"ListItem","position":1,"name":"Home","item":"https:\/\/sandzakpress.net\/arhiva\/"},{"@type":"ListItem","position":2,"name":"Ambasador Bozaj podr\u017eao akciju Danasa"}]},{"@type":"WebSite","@id":"https:\/\/sandzakpress.net\/arhiva\/#website","url":"https:\/\/sandzakpress.net\/arhiva\/","name":"Sand\u017eak PRESS","description":"Prve elektronske novine u Sand\u017eaku","publisher":{"@id":"https:\/\/sandzakpress.net\/arhiva\/#\/schema\/person\/6e72b67d6e51910a1117b3b483ba20bd"},"potentialAction":[{"@type":"SearchAction","target":{"@type":"EntryPoint","urlTemplate":"https:\/\/sandzakpress.net\/arhiva\/?s={search_term_string}"},"query-input":{"@type":"PropertyValueSpecification","valueRequired":true,"valueName":"search_term_string"}}],"inLanguage":"bs-BA"},{"@type":["Person","Organization"],"@id":"https:\/\/sandzakpress.net\/arhiva\/#\/schema\/person\/6e72b67d6e51910a1117b3b483ba20bd","name":"Kul","image":{"@type":"ImageObject","inLanguage":"bs-BA","@id":"https:\/\/sandzakpress.net\/arhiva\/#\/schema\/person\/image\/","url":"https:\/\/secure.gravatar.com\/avatar\/42263f39aa27ac04c43cab85c280eb2e?s=96&d=mm&r=pg","contentUrl":"https:\/\/secure.gravatar.com\/avatar\/42263f39aa27ac04c43cab85c280eb2e?s=96&d=mm&r=pg","caption":"Kul"},"logo":{"@id":"https:\/\/sandzakpress.net\/arhiva\/#\/schema\/person\/image\/"}},{"@type":"Person","@id":"https:\/\/sandzakpress.net\/arhiva\/#\/schema\/person\/c8baee722073534b583ea7bdb2e36c02","name":"bosniak","image":{"@type":"ImageObject","inLanguage":"bs-BA","@id":"https:\/\/sandzakpress.net\/arhiva\/#\/schema\/person\/image\/","url":"https:\/\/secure.gravatar.com\/avatar\/a04fd330bfe3a36a72a0ad4a6d89fca7?s=96&d=mm&r=pg","contentUrl":"https:\/\/secure.gravatar.com\/avatar\/a04fd330bfe3a36a72a0ad4a6d89fca7?s=96&d=mm&r=pg","caption":"bosniak"},"url":"https:\/\/sandzakpress.net\/arhiva\/author\/bosniak\/"}]}},"_links":{"self":[{"href":"https:\/\/sandzakpress.net\/arhiva\/wp-json\/wp\/v2\/posts\/111958"}],"collection":[{"href":"https:\/\/sandzakpress.net\/arhiva\/wp-json\/wp\/v2\/posts"}],"about":[{"href":"https:\/\/sandzakpress.net\/arhiva\/wp-json\/wp\/v2\/types\/post"}],"author":[{"embeddable":true,"href":"https:\/\/sandzakpress.net\/arhiva\/wp-json\/wp\/v2\/users\/83"}],"replies":[{"embeddable":true,"href":"https:\/\/sandzakpress.net\/arhiva\/wp-json\/wp\/v2\/comments?post=111958"}],"version-history":[{"count":0,"href":"https:\/\/sandzakpress.net\/arhiva\/wp-json\/wp\/v2\/posts\/111958\/revisions"}],"wp:featuredmedia":[{"embeddable":true,"href":"https:\/\/sandzakpress.net\/arhiva\/wp-json\/wp\/v2\/media\/111959"}],"wp:attachment":[{"href":"https:\/\/sandzakpress.net\/arhiva\/wp-json\/wp\/v2\/media?parent=111958"}],"wp:term":[{"taxonomy":"category","embeddable":true,"href":"https:\/\/sandzakpress.net\/arhiva\/wp-json\/wp\/v2\/categories?post=111958"},{"taxonomy":"post_tag","embeddable":true,"href":"https:\/\/sandzakpress.net\/arhiva\/wp-json\/wp\/v2\/tags?post=111958"}],"curies":[{"name":"wp","href":"https:\/\/api.w.org\/{rel}","templated":true}]}}