{"id":11195,"date":"2011-01-14T20:20:06","date_gmt":"2011-01-14T19:20:06","guid":{"rendered":"https:\/\/sandzakpress.net\/arhiva\/?p=11195"},"modified":"2011-01-16T12:19:38","modified_gmt":"2011-01-16T11:19:38","slug":"zbog-teksta-sa-sudenja-zlocincima-nad-bosnjacima-bukovice-dr-sefketu-krcicu-upucene-zestoke-prijetnje","status":"publish","type":"post","link":"https:\/\/sandzakpress.net\/arhiva\/zbog-teksta-sa-sudenja-zlocincima-nad-bosnjacima-bukovice-dr-sefketu-krcicu-upucene-zestoke-prijetnje\/","title":{"rendered":"Dr. Krci\u0107u upu\u0107ene \u017eestoke prijetnje zbog teksta o Bukovici"},"content":{"rendered":"<p><a href=\"https:\/\/sandzakpress.net\/arhiva\/wp-content\/uploads\/2011\/01\/Sefket_Krcic_008_big.jpg\"><img loading=\"lazy\" decoding=\"async\" class=\"alignleft size-full wp-image-11196\" title=\"Sefket_Krcic_008_big\" src=\"https:\/\/sandzakpress.net\/arhiva\/wp-content\/uploads\/2011\/01\/Sefket_Krcic_008_big.jpg\" alt=\"\" width=\"175\" height=\"178\" \/><\/a><strong>Ju\u017eni Sand\u017eak &#8211; U povodu sramne presude Vije\u0107a Vi\u0161eg suda u Bijelom Polju, kojim je predsjedavao sudija \u0160efkija \u0110e\u0161evi\u0107, kada je oslobo\u0111eno sedmorica biv\u0161ih pripadnika vojske i policije, optu\u017eenih za ratni zlo\u010din nad Bo\u0161njacima u Bukovici u periodu 1992. i 1993. godine, Bo\u0161njaci.Net su objavili izvje\u0161taj sa su\u0111enja\u00a0<span style=\"color: blue;\">\u201dD\u017eelati oslobo\u0111eni \u2013 \u017ertve Bo\u0161njaci poni\u017eeni\u201d<\/span> autora prof. dr. \u0160efketa Krci\u0107a, kojem su proteklih dana u vi\u0161e navrata upu\u0107<\/strong>ene ozbiljne verbalne prijetnje.<\/p>\n<p>U povodu spomenute presude i upu\u0107enih prijetnji dr. Krci\u0107 je izjavio:<br \/>\n&#8211; Na osnovu \u010dinjenica koje sam saznao na izricanju presude 31. decembra u Bijelom Polju, u ve\u010dernjim satima sam napravio izvje\u0161taj sa su\u0111enja koji je vezan za slu\u010daj Bukovica. Izvje\u0161taj rasvjetljava pozadinu ubijanja i protjerivanja vi\u0161e stotina Bo\u0161njaka iz 37 sela ove oblasti kraj Pljevalja. Naravno, slu\u017eio sam se metodologijom realnog rada kako bih do\u010darao stanje u sudu i van suda. U samom izvje\u0161taju koji sam uputio Bo\u0161njaci.net, najavio sam komentar koji \u0107e uslijediti kada bude presuda od\u0161tampana. Me\u0111utim nakon objavljivanja spomenutog izvje\u0161taja dobio sam \u017eestoke prijetnje i uznemiravanja verbalnog karaktera, preko telefona i na drugi na\u010din, rekao je on nastavljaju\u0107i:<br \/>\n&#8211; Prijetili su mi da \u0107u zapamtiti \u0161to sam napisao \u201csramni proces\u201d, ali i druge izraze koje iz pristojnosti ne mogu govoriti. Tako\u0111er, dobio sam prijete\u0107i poziv i kada sam prelazio grani\u010dni prelaz, da mi je policija posebno tra\u017eila dokumenta, \u0161to od 1999. godine nije bio slu\u010daj, bar od kako mi je zavr\u0161eno su\u0111enje za kritiku Milo\u0161evi\u0107evog re\u017eima. Osoba koja mi je tra\u017eila dokumenta na prelazu je meni poznata i ne znam za\u0161to sam mu nakon toliko godina bio sumnjiv.<\/p>\n<p>Dr. Krci\u0107 je rekao da je poku\u0161ao da stupi u kontakt sa nekoliko novinara iz novina \u201cVijesti\u201d i \u201cDan\u201d. Me\u0111utim, samo se odazvao novinar \u201cDana\u201d, koji je dopisnik iz Plava i Gusinja.<br \/>\n&#8211;\tDok sam govorio veza je prekinuta i vi\u0161e nisam mogao razgovarati.<br \/>\nPo pitanju kr\u0161enja ljudskih prava on ka\u017ee:<br \/>\n&#8211;\tDoista se u Crnoj Gori kr\u0161e ljudska prava. Pisati o CG kao zemlji je danas veoma te\u0161ko. CG ne samo da je privatna dr\u017eava, nego i surova dr\u017eava prema slobodi mi\u0161ljenja. Unato\u010d prijetnjama ja \u0107u nastaviti da radim, ali \u017eelim da ljudi koji se bave demokratijom i ljudskim pravima znaju da se u CG kr\u0161e ljudska prava, &#8211; zaklju\u010dio je dr. Krci\u0107.<\/p>\n<p>Da podsjetimo, Specijalno vije\u0107e sudija u Vi\u0161em sudu u Bijelom Polju, uo\u010di novogodi\u0161nje no\u0107i \/31. decembra\/ oslobodilo je od optu\u017ebe za zlo\u010dine u Bukovici biv\u0161e pripadnike Vojske Jugoslavije, bra\u0107u Radmila (43) i Radi\u0161u (36) D. \u0110ukovi\u0107a, Slobodana \u0110. Cvetkovi\u0107a (37), Milorada B. Brkovi\u0107a (37), \u0110or\u0111ija S. Gogi\u0107a (43), te pripadnike Centra bezbjednosti u Pljevljima Slavi\u0161u \u010c. Svrkotu (44) i Radomana T. \u0160ibari\u0107a (47). Interesantno je naglasiti da su spomenutom zlo\u010dina\u010dkom akcijom rukovodili sada\u0161nji direktor Uprave policije Veselin Veljovi\u0107 i Vuk Bo\u0161kovi\u0107, sada\u0161nji savjetnik za nacionalnu bezbjednost u kabinetu predsjednika Filipa Vujanovi\u0107a.<\/p>\n<p>Fahrudin Kladni\u010danin<\/p>\n<p><strong>Bosnjaci.net<\/strong><\/p>\n","protected":false},"excerpt":{"rendered":"<p>Ju\u017eni Sand\u017eak &#8211; U povodu sramne presude Vije\u0107a Vi\u0161eg suda u Bijelom Polju, kojim je predsjedavao sudija \u0160efkija \u0110e\u0161evi\u0107, kada je oslobo\u0111eno sedmorica biv\u0161ih pripadnika vojske i policije, optu\u017eenih za ratni zlo\u010din nad Bo\u0161njacima u Bukovici u periodu 1992. i 1993. godine, Bo\u0161njaci.Net su objavili izvje\u0161taj sa su\u0111enja\u00a0\u201dD\u017eelati oslobo\u0111eni \u2013 \u017ertve Bo\u0161njaci poni\u017eeni\u201d autora prof. [&hellip;]<\/p>\n","protected":false},"author":5,"featured_media":11196,"comment_status":"open","ping_status":"open","sticky":false,"template":"","format":"standard","meta":{"footnotes":""},"categories":[800],"tags":[],"class_list":{"0":"post-11195","1":"post","2":"type-post","3":"status-publish","4":"format-standard","5":"has-post-thumbnail","7":"category-nacija"},"yoast_head":"<!-- This site is optimized with the Yoast SEO Premium plugin v23.1 (Yoast SEO v24.9) - https:\/\/yoast.com\/wordpress\/plugins\/seo\/ -->\n<title>Dr. Krci\u0107u upu\u0107ene \u017eestoke prijetnje zbog teksta o Bukovici<\/title>\n<meta name=\"robots\" content=\"index, follow, max-snippet:-1, max-image-preview:large, max-video-preview:-1\" \/>\n<link rel=\"canonical\" href=\"https:\/\/sandzakpress.net\/arhiva\/zbog-teksta-sa-sudenja-zlocincima-nad-bosnjacima-bukovice-dr-sefketu-krcicu-upucene-zestoke-prijetnje\/\" \/>\n<meta property=\"og:locale\" content=\"bs_BA\" \/>\n<meta property=\"og:type\" content=\"article\" \/>\n<meta property=\"og:title\" content=\"Dr. Krci\u0107u upu\u0107ene \u017eestoke prijetnje zbog teksta o Bukovici\" \/>\n<meta property=\"og:description\" content=\"Ju\u017eni Sand\u017eak &#8211; U povodu sramne presude Vije\u0107a Vi\u0161eg suda u Bijelom Polju, kojim je predsjedavao sudija \u0160efkija \u0110e\u0161evi\u0107, kada je oslobo\u0111eno sedmorica biv\u0161ih pripadnika vojske i policije, optu\u017eenih za ratni zlo\u010din nad Bo\u0161njacima u Bukovici u periodu 1992. i 1993. godine, Bo\u0161njaci.Net su objavili izvje\u0161taj sa su\u0111enja\u00a0\u201dD\u017eelati oslobo\u0111eni \u2013 \u017ertve Bo\u0161njaci poni\u017eeni\u201d autora prof. [&hellip;]\" \/>\n<meta property=\"og:url\" content=\"https:\/\/sandzakpress.net\/arhiva\/zbog-teksta-sa-sudenja-zlocincima-nad-bosnjacima-bukovice-dr-sefketu-krcicu-upucene-zestoke-prijetnje\/\" \/>\n<meta property=\"og:site_name\" content=\"Sand\u017eak PRESS\" \/>\n<meta property=\"article:published_time\" content=\"2011-01-14T19:20:06+00:00\" \/>\n<meta property=\"article:modified_time\" content=\"2011-01-16T11:19:38+00:00\" \/>\n<meta property=\"og:image\" content=\"https:\/\/sandzakpress.net\/arhiva\/wp-content\/uploads\/2011\/01\/Sefket_Krcic_008_big.jpg\" \/>\n\t<meta property=\"og:image:width\" content=\"250\" \/>\n\t<meta property=\"og:image:height\" content=\"254\" \/>\n\t<meta property=\"og:image:type\" content=\"image\/jpeg\" \/>\n<meta name=\"twitter:card\" content=\"summary_large_image\" \/>\n<meta name=\"twitter:label1\" content=\"Written by\" \/>\n\t<meta name=\"twitter:data1\" content=\"\" \/>\n\t<meta name=\"twitter:label2\" content=\"Est. reading time\" \/>\n\t<meta name=\"twitter:data2\" content=\"3 minute\" \/>\n<script type=\"application\/ld+json\" class=\"yoast-schema-graph\">{\"@context\":\"https:\/\/schema.org\",\"@graph\":[{\"@type\":\"Article\",\"@id\":\"https:\/\/sandzakpress.net\/arhiva\/zbog-teksta-sa-sudenja-zlocincima-nad-bosnjacima-bukovice-dr-sefketu-krcicu-upucene-zestoke-prijetnje\/#article\",\"isPartOf\":{\"@id\":\"https:\/\/sandzakpress.net\/arhiva\/zbog-teksta-sa-sudenja-zlocincima-nad-bosnjacima-bukovice-dr-sefketu-krcicu-upucene-zestoke-prijetnje\/\"},\"author\":{\"name\":\"\",\"@id\":\"\"},\"headline\":\"Dr. Krci\u0107u upu\u0107ene \u017eestoke prijetnje zbog teksta o Bukovici\",\"datePublished\":\"2011-01-14T19:20:06+00:00\",\"dateModified\":\"2011-01-16T11:19:38+00:00\",\"mainEntityOfPage\":{\"@id\":\"https:\/\/sandzakpress.net\/arhiva\/zbog-teksta-sa-sudenja-zlocincima-nad-bosnjacima-bukovice-dr-sefketu-krcicu-upucene-zestoke-prijetnje\/\"},\"wordCount\":553,\"commentCount\":9,\"publisher\":{\"@id\":\"https:\/\/sandzakpress.net\/arhiva\/#\/schema\/person\/6e72b67d6e51910a1117b3b483ba20bd\"},\"image\":{\"@id\":\"https:\/\/sandzakpress.net\/arhiva\/zbog-teksta-sa-sudenja-zlocincima-nad-bosnjacima-bukovice-dr-sefketu-krcicu-upucene-zestoke-prijetnje\/#primaryimage\"},\"thumbnailUrl\":\"https:\/\/sandzakpress.net\/arhiva\/wp-content\/uploads\/2011\/01\/Sefket_Krcic_008_big.jpg\",\"articleSection\":[\"Nacija\"],\"inLanguage\":\"bs-BA\",\"potentialAction\":[{\"@type\":\"CommentAction\",\"name\":\"Comment\",\"target\":[\"https:\/\/sandzakpress.net\/arhiva\/zbog-teksta-sa-sudenja-zlocincima-nad-bosnjacima-bukovice-dr-sefketu-krcicu-upucene-zestoke-prijetnje\/#respond\"]}]},{\"@type\":\"WebPage\",\"@id\":\"https:\/\/sandzakpress.net\/arhiva\/zbog-teksta-sa-sudenja-zlocincima-nad-bosnjacima-bukovice-dr-sefketu-krcicu-upucene-zestoke-prijetnje\/\",\"url\":\"https:\/\/sandzakpress.net\/arhiva\/zbog-teksta-sa-sudenja-zlocincima-nad-bosnjacima-bukovice-dr-sefketu-krcicu-upucene-zestoke-prijetnje\/\",\"name\":\"Dr. Krci\u0107u upu\u0107ene \u017eestoke prijetnje zbog teksta o Bukovici\",\"isPartOf\":{\"@id\":\"https:\/\/sandzakpress.net\/arhiva\/#website\"},\"primaryImageOfPage\":{\"@id\":\"https:\/\/sandzakpress.net\/arhiva\/zbog-teksta-sa-sudenja-zlocincima-nad-bosnjacima-bukovice-dr-sefketu-krcicu-upucene-zestoke-prijetnje\/#primaryimage\"},\"image\":{\"@id\":\"https:\/\/sandzakpress.net\/arhiva\/zbog-teksta-sa-sudenja-zlocincima-nad-bosnjacima-bukovice-dr-sefketu-krcicu-upucene-zestoke-prijetnje\/#primaryimage\"},\"thumbnailUrl\":\"https:\/\/sandzakpress.net\/arhiva\/wp-content\/uploads\/2011\/01\/Sefket_Krcic_008_big.jpg\",\"datePublished\":\"2011-01-14T19:20:06+00:00\",\"dateModified\":\"2011-01-16T11:19:38+00:00\",\"breadcrumb\":{\"@id\":\"https:\/\/sandzakpress.net\/arhiva\/zbog-teksta-sa-sudenja-zlocincima-nad-bosnjacima-bukovice-dr-sefketu-krcicu-upucene-zestoke-prijetnje\/#breadcrumb\"},\"inLanguage\":\"bs-BA\",\"potentialAction\":[{\"@type\":\"ReadAction\",\"target\":[\"https:\/\/sandzakpress.net\/arhiva\/zbog-teksta-sa-sudenja-zlocincima-nad-bosnjacima-bukovice-dr-sefketu-krcicu-upucene-zestoke-prijetnje\/\"]}]},{\"@type\":\"ImageObject\",\"inLanguage\":\"bs-BA\",\"@id\":\"https:\/\/sandzakpress.net\/arhiva\/zbog-teksta-sa-sudenja-zlocincima-nad-bosnjacima-bukovice-dr-sefketu-krcicu-upucene-zestoke-prijetnje\/#primaryimage\",\"url\":\"https:\/\/sandzakpress.net\/arhiva\/wp-content\/uploads\/2011\/01\/Sefket_Krcic_008_big.jpg\",\"contentUrl\":\"https:\/\/sandzakpress.net\/arhiva\/wp-content\/uploads\/2011\/01\/Sefket_Krcic_008_big.jpg\",\"width\":250,\"height\":254},{\"@type\":\"BreadcrumbList\",\"@id\":\"https:\/\/sandzakpress.net\/arhiva\/zbog-teksta-sa-sudenja-zlocincima-nad-bosnjacima-bukovice-dr-sefketu-krcicu-upucene-zestoke-prijetnje\/#breadcrumb\",\"itemListElement\":[{\"@type\":\"ListItem\",\"position\":1,\"name\":\"Home\",\"item\":\"https:\/\/sandzakpress.net\/arhiva\/\"},{\"@type\":\"ListItem\",\"position\":2,\"name\":\"Dr. Krci\u0107u upu\u0107ene \u017eestoke prijetnje zbog teksta o Bukovici\"}]},{\"@type\":\"WebSite\",\"@id\":\"https:\/\/sandzakpress.net\/arhiva\/#website\",\"url\":\"https:\/\/sandzakpress.net\/arhiva\/\",\"name\":\"Sand\u017eak PRESS\",\"description\":\"Prve elektronske novine u Sand\u017eaku\",\"publisher\":{\"@id\":\"https:\/\/sandzakpress.net\/arhiva\/#\/schema\/person\/6e72b67d6e51910a1117b3b483ba20bd\"},\"potentialAction\":[{\"@type\":\"SearchAction\",\"target\":{\"@type\":\"EntryPoint\",\"urlTemplate\":\"https:\/\/sandzakpress.net\/arhiva\/?s={search_term_string}\"},\"query-input\":{\"@type\":\"PropertyValueSpecification\",\"valueRequired\":true,\"valueName\":\"search_term_string\"}}],\"inLanguage\":\"bs-BA\"},{\"@type\":[\"Person\",\"Organization\"],\"@id\":\"https:\/\/sandzakpress.net\/arhiva\/#\/schema\/person\/6e72b67d6e51910a1117b3b483ba20bd\",\"name\":\"Kul\",\"image\":{\"@type\":\"ImageObject\",\"inLanguage\":\"bs-BA\",\"@id\":\"https:\/\/sandzakpress.net\/arhiva\/#\/schema\/person\/image\/\",\"url\":\"https:\/\/secure.gravatar.com\/avatar\/42263f39aa27ac04c43cab85c280eb2e?s=96&d=mm&r=pg\",\"contentUrl\":\"https:\/\/secure.gravatar.com\/avatar\/42263f39aa27ac04c43cab85c280eb2e?s=96&d=mm&r=pg\",\"caption\":\"Kul\"},\"logo\":{\"@id\":\"https:\/\/sandzakpress.net\/arhiva\/#\/schema\/person\/image\/\"}},{\"@type\":\"Person\",\"@id\":\"\",\"url\":\"https:\/\/sandzakpress.net\/arhiva\/author\/\"}]}<\/script>\n<!-- \/ Yoast SEO Premium plugin. -->","yoast_head_json":{"title":"Dr. Krci\u0107u upu\u0107ene \u017eestoke prijetnje zbog teksta o Bukovici","robots":{"index":"index","follow":"follow","max-snippet":"max-snippet:-1","max-image-preview":"max-image-preview:large","max-video-preview":"max-video-preview:-1"},"canonical":"https:\/\/sandzakpress.net\/arhiva\/zbog-teksta-sa-sudenja-zlocincima-nad-bosnjacima-bukovice-dr-sefketu-krcicu-upucene-zestoke-prijetnje\/","og_locale":"bs_BA","og_type":"article","og_title":"Dr. Krci\u0107u upu\u0107ene \u017eestoke prijetnje zbog teksta o Bukovici","og_description":"Ju\u017eni Sand\u017eak &#8211; U povodu sramne presude Vije\u0107a Vi\u0161eg suda u Bijelom Polju, kojim je predsjedavao sudija \u0160efkija \u0110e\u0161evi\u0107, kada je oslobo\u0111eno sedmorica biv\u0161ih pripadnika vojske i policije, optu\u017eenih za ratni zlo\u010din nad Bo\u0161njacima u Bukovici u periodu 1992. i 1993. godine, Bo\u0161njaci.Net su objavili izvje\u0161taj sa su\u0111enja\u00a0\u201dD\u017eelati oslobo\u0111eni \u2013 \u017ertve Bo\u0161njaci poni\u017eeni\u201d autora prof. [&hellip;]","og_url":"https:\/\/sandzakpress.net\/arhiva\/zbog-teksta-sa-sudenja-zlocincima-nad-bosnjacima-bukovice-dr-sefketu-krcicu-upucene-zestoke-prijetnje\/","og_site_name":"Sand\u017eak PRESS","article_published_time":"2011-01-14T19:20:06+00:00","article_modified_time":"2011-01-16T11:19:38+00:00","og_image":[{"width":250,"height":254,"url":"https:\/\/sandzakpress.net\/arhiva\/wp-content\/uploads\/2011\/01\/Sefket_Krcic_008_big.jpg","type":"image\/jpeg"}],"twitter_card":"summary_large_image","twitter_misc":{"Written by":"","Est. reading time":"3 minute"},"schema":{"@context":"https:\/\/schema.org","@graph":[{"@type":"Article","@id":"https:\/\/sandzakpress.net\/arhiva\/zbog-teksta-sa-sudenja-zlocincima-nad-bosnjacima-bukovice-dr-sefketu-krcicu-upucene-zestoke-prijetnje\/#article","isPartOf":{"@id":"https:\/\/sandzakpress.net\/arhiva\/zbog-teksta-sa-sudenja-zlocincima-nad-bosnjacima-bukovice-dr-sefketu-krcicu-upucene-zestoke-prijetnje\/"},"author":{"name":"","@id":""},"headline":"Dr. Krci\u0107u upu\u0107ene \u017eestoke prijetnje zbog teksta o Bukovici","datePublished":"2011-01-14T19:20:06+00:00","dateModified":"2011-01-16T11:19:38+00:00","mainEntityOfPage":{"@id":"https:\/\/sandzakpress.net\/arhiva\/zbog-teksta-sa-sudenja-zlocincima-nad-bosnjacima-bukovice-dr-sefketu-krcicu-upucene-zestoke-prijetnje\/"},"wordCount":553,"commentCount":9,"publisher":{"@id":"https:\/\/sandzakpress.net\/arhiva\/#\/schema\/person\/6e72b67d6e51910a1117b3b483ba20bd"},"image":{"@id":"https:\/\/sandzakpress.net\/arhiva\/zbog-teksta-sa-sudenja-zlocincima-nad-bosnjacima-bukovice-dr-sefketu-krcicu-upucene-zestoke-prijetnje\/#primaryimage"},"thumbnailUrl":"https:\/\/sandzakpress.net\/arhiva\/wp-content\/uploads\/2011\/01\/Sefket_Krcic_008_big.jpg","articleSection":["Nacija"],"inLanguage":"bs-BA","potentialAction":[{"@type":"CommentAction","name":"Comment","target":["https:\/\/sandzakpress.net\/arhiva\/zbog-teksta-sa-sudenja-zlocincima-nad-bosnjacima-bukovice-dr-sefketu-krcicu-upucene-zestoke-prijetnje\/#respond"]}]},{"@type":"WebPage","@id":"https:\/\/sandzakpress.net\/arhiva\/zbog-teksta-sa-sudenja-zlocincima-nad-bosnjacima-bukovice-dr-sefketu-krcicu-upucene-zestoke-prijetnje\/","url":"https:\/\/sandzakpress.net\/arhiva\/zbog-teksta-sa-sudenja-zlocincima-nad-bosnjacima-bukovice-dr-sefketu-krcicu-upucene-zestoke-prijetnje\/","name":"Dr. Krci\u0107u upu\u0107ene \u017eestoke prijetnje zbog teksta o Bukovici","isPartOf":{"@id":"https:\/\/sandzakpress.net\/arhiva\/#website"},"primaryImageOfPage":{"@id":"https:\/\/sandzakpress.net\/arhiva\/zbog-teksta-sa-sudenja-zlocincima-nad-bosnjacima-bukovice-dr-sefketu-krcicu-upucene-zestoke-prijetnje\/#primaryimage"},"image":{"@id":"https:\/\/sandzakpress.net\/arhiva\/zbog-teksta-sa-sudenja-zlocincima-nad-bosnjacima-bukovice-dr-sefketu-krcicu-upucene-zestoke-prijetnje\/#primaryimage"},"thumbnailUrl":"https:\/\/sandzakpress.net\/arhiva\/wp-content\/uploads\/2011\/01\/Sefket_Krcic_008_big.jpg","datePublished":"2011-01-14T19:20:06+00:00","dateModified":"2011-01-16T11:19:38+00:00","breadcrumb":{"@id":"https:\/\/sandzakpress.net\/arhiva\/zbog-teksta-sa-sudenja-zlocincima-nad-bosnjacima-bukovice-dr-sefketu-krcicu-upucene-zestoke-prijetnje\/#breadcrumb"},"inLanguage":"bs-BA","potentialAction":[{"@type":"ReadAction","target":["https:\/\/sandzakpress.net\/arhiva\/zbog-teksta-sa-sudenja-zlocincima-nad-bosnjacima-bukovice-dr-sefketu-krcicu-upucene-zestoke-prijetnje\/"]}]},{"@type":"ImageObject","inLanguage":"bs-BA","@id":"https:\/\/sandzakpress.net\/arhiva\/zbog-teksta-sa-sudenja-zlocincima-nad-bosnjacima-bukovice-dr-sefketu-krcicu-upucene-zestoke-prijetnje\/#primaryimage","url":"https:\/\/sandzakpress.net\/arhiva\/wp-content\/uploads\/2011\/01\/Sefket_Krcic_008_big.jpg","contentUrl":"https:\/\/sandzakpress.net\/arhiva\/wp-content\/uploads\/2011\/01\/Sefket_Krcic_008_big.jpg","width":250,"height":254},{"@type":"BreadcrumbList","@id":"https:\/\/sandzakpress.net\/arhiva\/zbog-teksta-sa-sudenja-zlocincima-nad-bosnjacima-bukovice-dr-sefketu-krcicu-upucene-zestoke-prijetnje\/#breadcrumb","itemListElement":[{"@type":"ListItem","position":1,"name":"Home","item":"https:\/\/sandzakpress.net\/arhiva\/"},{"@type":"ListItem","position":2,"name":"Dr. Krci\u0107u upu\u0107ene \u017eestoke prijetnje zbog teksta o Bukovici"}]},{"@type":"WebSite","@id":"https:\/\/sandzakpress.net\/arhiva\/#website","url":"https:\/\/sandzakpress.net\/arhiva\/","name":"Sand\u017eak PRESS","description":"Prve elektronske novine u Sand\u017eaku","publisher":{"@id":"https:\/\/sandzakpress.net\/arhiva\/#\/schema\/person\/6e72b67d6e51910a1117b3b483ba20bd"},"potentialAction":[{"@type":"SearchAction","target":{"@type":"EntryPoint","urlTemplate":"https:\/\/sandzakpress.net\/arhiva\/?s={search_term_string}"},"query-input":{"@type":"PropertyValueSpecification","valueRequired":true,"valueName":"search_term_string"}}],"inLanguage":"bs-BA"},{"@type":["Person","Organization"],"@id":"https:\/\/sandzakpress.net\/arhiva\/#\/schema\/person\/6e72b67d6e51910a1117b3b483ba20bd","name":"Kul","image":{"@type":"ImageObject","inLanguage":"bs-BA","@id":"https:\/\/sandzakpress.net\/arhiva\/#\/schema\/person\/image\/","url":"https:\/\/secure.gravatar.com\/avatar\/42263f39aa27ac04c43cab85c280eb2e?s=96&d=mm&r=pg","contentUrl":"https:\/\/secure.gravatar.com\/avatar\/42263f39aa27ac04c43cab85c280eb2e?s=96&d=mm&r=pg","caption":"Kul"},"logo":{"@id":"https:\/\/sandzakpress.net\/arhiva\/#\/schema\/person\/image\/"}},{"@type":"Person","@id":"","url":"https:\/\/sandzakpress.net\/arhiva\/author\/"}]}},"_links":{"self":[{"href":"https:\/\/sandzakpress.net\/arhiva\/wp-json\/wp\/v2\/posts\/11195"}],"collection":[{"href":"https:\/\/sandzakpress.net\/arhiva\/wp-json\/wp\/v2\/posts"}],"about":[{"href":"https:\/\/sandzakpress.net\/arhiva\/wp-json\/wp\/v2\/types\/post"}],"author":[{"embeddable":true,"href":"https:\/\/sandzakpress.net\/arhiva\/wp-json\/wp\/v2\/users\/5"}],"replies":[{"embeddable":true,"href":"https:\/\/sandzakpress.net\/arhiva\/wp-json\/wp\/v2\/comments?post=11195"}],"version-history":[{"count":0,"href":"https:\/\/sandzakpress.net\/arhiva\/wp-json\/wp\/v2\/posts\/11195\/revisions"}],"wp:featuredmedia":[{"embeddable":true,"href":"https:\/\/sandzakpress.net\/arhiva\/wp-json\/wp\/v2\/media\/11196"}],"wp:attachment":[{"href":"https:\/\/sandzakpress.net\/arhiva\/wp-json\/wp\/v2\/media?parent=11195"}],"wp:term":[{"taxonomy":"category","embeddable":true,"href":"https:\/\/sandzakpress.net\/arhiva\/wp-json\/wp\/v2\/categories?post=11195"},{"taxonomy":"post_tag","embeddable":true,"href":"https:\/\/sandzakpress.net\/arhiva\/wp-json\/wp\/v2\/tags?post=11195"}],"curies":[{"name":"wp","href":"https:\/\/api.w.org\/{rel}","templated":true}]}}