{"id":111900,"date":"2014-09-19T00:36:21","date_gmt":"2014-09-18T22:36:21","guid":{"rendered":"https:\/\/sandzakpress.net\/arhiva\/?p=111900"},"modified":"2014-09-19T00:36:21","modified_gmt":"2014-09-18T22:36:21","slug":"dayton-nefunkcionalan-trebamo-novi-ustav","status":"publish","type":"post","link":"https:\/\/sandzakpress.net\/arhiva\/dayton-nefunkcionalan-trebamo-novi-ustav\/","title":{"rendered":"Dayton nefunkcionalan \u2013 Trebamo novi Ustav!"},"content":{"rendered":"<p><img loading=\"lazy\" decoding=\"async\" class=\"size-large wp-image-122134 aligncenter\" src=\"http:\/\/bosnapress.co\/wp-content\/uploads\/2014\/09\/10686597_1473134269631487_3552253905637456821_n-616x462.jpg\" alt=\"10686597_1473134269631487_3552253905637456821_n\" width=\"615\" height=\"461\" \/><\/p>\n<p style=\"color: #000000;\"><strong style=\"font-style: inherit;\">BiH &#8211; Dr. Mustafa Ceri\u0107, nezavisni kandidat za bo\u0161nja\u010dkog \u010dlana Predsjedni\u0161tva Bosne i Hercegovine, prisustvovao je konferenciji \u201eRat je uvijek poraz za \u010dovje\u010danstvo\u201c, odr\u017eanoj u utorak i srijedu u Minhenu.<\/strong><span id=\"more-122133\" style=\"font-weight: inherit; font-style: inherit;\"><\/span><\/p>\n<p style=\"color: #000000;\">Dr. Mustafa Ceri\u0107, nezavisni kandidat za bo\u0161nja\u010dkog \u010dlana Predsjedni\u0161tva Bosne i Hercegovine, prisustvovao je konferenciji \u201eRat je uvijek poraz za \u010dovje\u010danstvo\u201c, odr\u017eanoj u utorak i srijedu u Minhenu.<\/p>\n<p style=\"color: #000000;\">Dr. Ceri\u0107 je, pred predstavnicima dru\u0161tveno-politi\u010dkog i vjerskog \u017eivota u Njema\u010dkoj, kao i predstavnicima Jevrejske zajednice na\u0161e zemlje, govorio o svjetskim ratovima, globalnim dru\u0161tvenim promjenama prouzro\u010denim tim ratovima, ali i sukobima koji jo\u0161 uvijek razdiru \u010dovje\u010danstvo.<\/p>\n<p style=\"color: #000000;\">Svjetski ratovi, a posebno posljednja agresija na na\u0161u zemlju ostavili su posljedice sa kojima se dr\u017eava Bosna i Hercegovina jo\u0161 uvijek te\u0161ko nosi.<\/p>\n<p style=\"color: #000000;\">\u201eMoja zemlja, moja dr\u017eva Bosna i Hercegovina, sa glavnim gradom Sarajevom, gdje je po\u010deo Prvi svjetski rat, ima pravo svjedo\u010diti da obe\u0107anje dato nakon Drugog svjetskog rata: \u2018Nikad vi\u0161e!&#8217;, nije ispunjeno i zato je ovo prilika da ka\u017eem da Europa, nakon svega \u0161to pamti iz dva epohalna rata, mora znati da u njoj ima jedna zemlja koja jo\u0161 uvijek pati zbog trivijalizma, koji grani\u010di sa fa\u0161izmom, jer je nakon genocida bila prisiljena prihvatiti Daytonski sporazum u kojem je eksplicitna strukturalna diskriminacija na osnovu rasne, etni\u010dke i vjerske pripadnosti\u201c, naglasio je dr. Ceri\u0107.<\/p>\n<p style=\"color: #000000;\">\u201eMoja zemlja, Bosna i Hercegovina, ne mo\u017ee vi\u0161e podnijeti da Jevreji, Romi, Albanci i drugi manjinski narodi u njoj nemaju pravo biti birani na dr\u017eavne funkcije samo zbog njihove etni\u010dke pripadnosti. To je nepravda koja se mora ispraviti. To je bruka i sramota za Europu\u201c, istakao je dr. Ceri\u0107 te dodao da je takvo stanje neodr\u017eivo i da je i sam Daytonski sporazum fiskalno neodr\u017eiv, politi\u010dki neprakti\u010dan i moralno upitan.<\/p>\n<p style=\"color: #000000;\">\u201eMoja zemlja Bosna, moja dr\u017eava Bosna zaslu\u017euje da ima Ustav na principu prava svakog pojedinca, kao \u0161to to imaju sve zemlje Europe. Svi stanovnici dr\u017eave Bosne i Hercegovine zaslu\u017euju da imaju efikasnu i cijenjenu dr\u017eavu u kojoj \u0107e svi ljudi i narodi u\u017eivati zagarantirana ljudska prava. Sve dok se u Sarajevu i Bosni i Hercegovini sve stvari ne poslo\u017ee na pravi na\u010din, a to je na na\u010din pune demokracije i stvarnih ljudskih prava, ne mo\u017eemo re\u0107i da su zavr\u0161eni ni Prvi ni Drugi svjetski rat\u201c, naglasio je dr. Ceri\u0107.<\/p>\n<p style=\"color: #000000;\">\u00a0Dr. Ceri\u0107 se u svom obra\u0107anju osvrnuo i na najnovije provokacije iz manjeg bosanskohercegova\u010dkog entiteta, tako\u0111er posljedice Daytonskog sporazuma.<\/p>\n<p style=\"color: #000000;\">\u201eMoj narod ima razlog biti u strahu od novog genocida. Naime, Milorad Dodik nedavno je u Beogradu izjavio, ni\u010dim izazvan, da \u0107e ulice u Banjoj Luci uskoro biti nazvane po Radovanu Karad\u017ei\u0107u i Ratku Mladi\u0107u, osumnji\u010denim za ratni zlo\u010din i genocid. Ovo je prava prilika i mjesto da vas upoznam s tim i da na stogodi\u0161njicu Prvog svjetskog rata mi u Sarajevu, unato\u010d svemu, ipak vjerujemo u mir\u201c, zaklju\u010dio je dr. Ceri\u0107.<\/p>\n<p style=\"color: #000000;\"><a style=\"font-weight: inherit; font-style: inherit; color: #222222;\" href=\"http:\/\/bosnapress.co\/wp-content\/uploads\/2014\/09\/1549567_1473134456298135_42515540465698556_n.jpg\"><img loading=\"lazy\" decoding=\"async\" class=\"alignnone size-large wp-image-122135\" src=\"http:\/\/bosnapress.co\/wp-content\/uploads\/2014\/09\/1549567_1473134456298135_42515540465698556_n-616x462.jpg\" alt=\"1549567_1473134456298135_42515540465698556_n\" width=\"615\" height=\"461\" \/><\/a><\/p>\n<p style=\"color: #000000;\"><a style=\"font-weight: inherit; font-style: inherit; color: #222222;\" href=\"http:\/\/bosnapress.co\/wp-content\/uploads\/2014\/09\/10678656_1473134469631467_8000822072915615154_n.jpg\"><img loading=\"lazy\" decoding=\"async\" class=\"alignnone size-large wp-image-122136\" src=\"http:\/\/bosnapress.co\/wp-content\/uploads\/2014\/09\/10678656_1473134469631467_8000822072915615154_n-616x462.jpg\" alt=\"10678656_1473134469631467_8000822072915615154_n\" width=\"615\" height=\"461\" \/><\/a><\/p>\n<p style=\"color: #000000;\">\n<p style=\"color: #000000;\">(mustafaceric)<\/p>\n<p style=\"color: #000000;\">\n","protected":false},"excerpt":{"rendered":"<p>BiH &#8211; Dr. Mustafa Ceri\u0107, nezavisni kandidat za bo\u0161nja\u010dkog \u010dlana Predsjedni\u0161tva Bosne i Hercegovine, prisustvovao je konferenciji \u201eRat je uvijek poraz za \u010dovje\u010danstvo\u201c, odr\u017eanoj u utorak i srijedu u Minhenu. Dr. Mustafa Ceri\u0107, nezavisni kandidat za bo\u0161nja\u010dkog \u010dlana Predsjedni\u0161tva Bosne i Hercegovine, prisustvovao je konferenciji \u201eRat je uvijek poraz za \u010dovje\u010danstvo\u201c, odr\u017eanoj u utorak i [&hellip;]<\/p>\n","protected":false},"author":83,"featured_media":111901,"comment_status":"open","ping_status":"open","sticky":false,"template":"","format":"standard","meta":{"footnotes":""},"categories":[800,2860],"tags":[10233],"class_list":{"0":"post-111900","1":"post","2":"type-post","3":"status-publish","4":"format-standard","5":"has-post-thumbnail","7":"category-nacija","8":"category-bosna-i-hercegovina-gradovi","9":"tag-dr-mustafa-ceric"},"yoast_head":"<!-- This site is optimized with the Yoast SEO Premium plugin v23.1 (Yoast SEO v24.9) - https:\/\/yoast.com\/wordpress\/plugins\/seo\/ -->\n<title>Dayton nefunkcionalan \u2013 Trebamo novi Ustav!<\/title>\n<meta name=\"robots\" content=\"index, follow, max-snippet:-1, max-image-preview:large, max-video-preview:-1\" \/>\n<link rel=\"canonical\" href=\"https:\/\/sandzakpress.net\/arhiva\/dayton-nefunkcionalan-trebamo-novi-ustav\/\" \/>\n<meta property=\"og:locale\" content=\"bs_BA\" \/>\n<meta property=\"og:type\" content=\"article\" \/>\n<meta property=\"og:title\" content=\"Dayton nefunkcionalan \u2013 Trebamo novi Ustav!\" \/>\n<meta property=\"og:description\" content=\"BiH &#8211; Dr. Mustafa Ceri\u0107, nezavisni kandidat za bo\u0161nja\u010dkog \u010dlana Predsjedni\u0161tva Bosne i Hercegovine, prisustvovao je konferenciji \u201eRat je uvijek poraz za \u010dovje\u010danstvo\u201c, odr\u017eanoj u utorak i srijedu u Minhenu. Dr. Mustafa Ceri\u0107, nezavisni kandidat za bo\u0161nja\u010dkog \u010dlana Predsjedni\u0161tva Bosne i Hercegovine, prisustvovao je konferenciji \u201eRat je uvijek poraz za \u010dovje\u010danstvo\u201c, odr\u017eanoj u utorak i [&hellip;]\" \/>\n<meta property=\"og:url\" content=\"https:\/\/sandzakpress.net\/arhiva\/dayton-nefunkcionalan-trebamo-novi-ustav\/\" \/>\n<meta property=\"og:site_name\" content=\"Sand\u017eak PRESS\" \/>\n<meta property=\"article:published_time\" content=\"2014-09-18T22:36:21+00:00\" \/>\n<meta property=\"og:image\" content=\"https:\/\/sandzakpress.net\/arhiva\/wp-content\/uploads\/2014\/09\/10686597_1473134269631487_3552253905637456821_n-616x462.jpg\" \/>\n\t<meta property=\"og:image:width\" content=\"616\" \/>\n\t<meta property=\"og:image:height\" content=\"462\" \/>\n\t<meta property=\"og:image:type\" content=\"image\/jpeg\" \/>\n<meta name=\"author\" content=\"bosniak\" \/>\n<meta name=\"twitter:card\" content=\"summary_large_image\" \/>\n<meta name=\"twitter:label1\" content=\"Written by\" \/>\n\t<meta name=\"twitter:data1\" content=\"bosniak\" \/>\n\t<meta name=\"twitter:label2\" content=\"Est. reading time\" \/>\n\t<meta name=\"twitter:data2\" content=\"3 minute\" \/>\n<script type=\"application\/ld+json\" class=\"yoast-schema-graph\">{\"@context\":\"https:\/\/schema.org\",\"@graph\":[{\"@type\":\"Article\",\"@id\":\"https:\/\/sandzakpress.net\/arhiva\/dayton-nefunkcionalan-trebamo-novi-ustav\/#article\",\"isPartOf\":{\"@id\":\"https:\/\/sandzakpress.net\/arhiva\/dayton-nefunkcionalan-trebamo-novi-ustav\/\"},\"author\":{\"name\":\"bosniak\",\"@id\":\"https:\/\/sandzakpress.net\/arhiva\/#\/schema\/person\/c8baee722073534b583ea7bdb2e36c02\"},\"headline\":\"Dayton nefunkcionalan \u2013 Trebamo novi Ustav!\",\"datePublished\":\"2014-09-18T22:36:21+00:00\",\"mainEntityOfPage\":{\"@id\":\"https:\/\/sandzakpress.net\/arhiva\/dayton-nefunkcionalan-trebamo-novi-ustav\/\"},\"wordCount\":525,\"commentCount\":5,\"publisher\":{\"@id\":\"https:\/\/sandzakpress.net\/arhiva\/#\/schema\/person\/6e72b67d6e51910a1117b3b483ba20bd\"},\"image\":{\"@id\":\"https:\/\/sandzakpress.net\/arhiva\/dayton-nefunkcionalan-trebamo-novi-ustav\/#primaryimage\"},\"thumbnailUrl\":\"https:\/\/sandzakpress.net\/arhiva\/wp-content\/uploads\/2014\/09\/10686597_1473134269631487_3552253905637456821_n-616x462.jpg\",\"keywords\":[\"Dr. Mustafa Ceri\u0107\"],\"articleSection\":[\"Nacija\",\"Bosna i Hercegovina\"],\"inLanguage\":\"bs-BA\",\"potentialAction\":[{\"@type\":\"CommentAction\",\"name\":\"Comment\",\"target\":[\"https:\/\/sandzakpress.net\/arhiva\/dayton-nefunkcionalan-trebamo-novi-ustav\/#respond\"]}]},{\"@type\":\"WebPage\",\"@id\":\"https:\/\/sandzakpress.net\/arhiva\/dayton-nefunkcionalan-trebamo-novi-ustav\/\",\"url\":\"https:\/\/sandzakpress.net\/arhiva\/dayton-nefunkcionalan-trebamo-novi-ustav\/\",\"name\":\"Dayton nefunkcionalan \u2013 Trebamo novi Ustav!\",\"isPartOf\":{\"@id\":\"https:\/\/sandzakpress.net\/arhiva\/#website\"},\"primaryImageOfPage\":{\"@id\":\"https:\/\/sandzakpress.net\/arhiva\/dayton-nefunkcionalan-trebamo-novi-ustav\/#primaryimage\"},\"image\":{\"@id\":\"https:\/\/sandzakpress.net\/arhiva\/dayton-nefunkcionalan-trebamo-novi-ustav\/#primaryimage\"},\"thumbnailUrl\":\"https:\/\/sandzakpress.net\/arhiva\/wp-content\/uploads\/2014\/09\/10686597_1473134269631487_3552253905637456821_n-616x462.jpg\",\"datePublished\":\"2014-09-18T22:36:21+00:00\",\"breadcrumb\":{\"@id\":\"https:\/\/sandzakpress.net\/arhiva\/dayton-nefunkcionalan-trebamo-novi-ustav\/#breadcrumb\"},\"inLanguage\":\"bs-BA\",\"potentialAction\":[{\"@type\":\"ReadAction\",\"target\":[\"https:\/\/sandzakpress.net\/arhiva\/dayton-nefunkcionalan-trebamo-novi-ustav\/\"]}]},{\"@type\":\"ImageObject\",\"inLanguage\":\"bs-BA\",\"@id\":\"https:\/\/sandzakpress.net\/arhiva\/dayton-nefunkcionalan-trebamo-novi-ustav\/#primaryimage\",\"url\":\"https:\/\/sandzakpress.net\/arhiva\/wp-content\/uploads\/2014\/09\/10686597_1473134269631487_3552253905637456821_n-616x462.jpg\",\"contentUrl\":\"https:\/\/sandzakpress.net\/arhiva\/wp-content\/uploads\/2014\/09\/10686597_1473134269631487_3552253905637456821_n-616x462.jpg\",\"width\":616,\"height\":462},{\"@type\":\"BreadcrumbList\",\"@id\":\"https:\/\/sandzakpress.net\/arhiva\/dayton-nefunkcionalan-trebamo-novi-ustav\/#breadcrumb\",\"itemListElement\":[{\"@type\":\"ListItem\",\"position\":1,\"name\":\"Home\",\"item\":\"https:\/\/sandzakpress.net\/arhiva\/\"},{\"@type\":\"ListItem\",\"position\":2,\"name\":\"Dayton nefunkcionalan \u2013 Trebamo novi Ustav!\"}]},{\"@type\":\"WebSite\",\"@id\":\"https:\/\/sandzakpress.net\/arhiva\/#website\",\"url\":\"https:\/\/sandzakpress.net\/arhiva\/\",\"name\":\"Sand\u017eak PRESS\",\"description\":\"Prve elektronske novine u Sand\u017eaku\",\"publisher\":{\"@id\":\"https:\/\/sandzakpress.net\/arhiva\/#\/schema\/person\/6e72b67d6e51910a1117b3b483ba20bd\"},\"potentialAction\":[{\"@type\":\"SearchAction\",\"target\":{\"@type\":\"EntryPoint\",\"urlTemplate\":\"https:\/\/sandzakpress.net\/arhiva\/?s={search_term_string}\"},\"query-input\":{\"@type\":\"PropertyValueSpecification\",\"valueRequired\":true,\"valueName\":\"search_term_string\"}}],\"inLanguage\":\"bs-BA\"},{\"@type\":[\"Person\",\"Organization\"],\"@id\":\"https:\/\/sandzakpress.net\/arhiva\/#\/schema\/person\/6e72b67d6e51910a1117b3b483ba20bd\",\"name\":\"Kul\",\"image\":{\"@type\":\"ImageObject\",\"inLanguage\":\"bs-BA\",\"@id\":\"https:\/\/sandzakpress.net\/arhiva\/#\/schema\/person\/image\/\",\"url\":\"https:\/\/secure.gravatar.com\/avatar\/42263f39aa27ac04c43cab85c280eb2e?s=96&d=mm&r=pg\",\"contentUrl\":\"https:\/\/secure.gravatar.com\/avatar\/42263f39aa27ac04c43cab85c280eb2e?s=96&d=mm&r=pg\",\"caption\":\"Kul\"},\"logo\":{\"@id\":\"https:\/\/sandzakpress.net\/arhiva\/#\/schema\/person\/image\/\"}},{\"@type\":\"Person\",\"@id\":\"https:\/\/sandzakpress.net\/arhiva\/#\/schema\/person\/c8baee722073534b583ea7bdb2e36c02\",\"name\":\"bosniak\",\"image\":{\"@type\":\"ImageObject\",\"inLanguage\":\"bs-BA\",\"@id\":\"https:\/\/sandzakpress.net\/arhiva\/#\/schema\/person\/image\/\",\"url\":\"https:\/\/secure.gravatar.com\/avatar\/a04fd330bfe3a36a72a0ad4a6d89fca7?s=96&d=mm&r=pg\",\"contentUrl\":\"https:\/\/secure.gravatar.com\/avatar\/a04fd330bfe3a36a72a0ad4a6d89fca7?s=96&d=mm&r=pg\",\"caption\":\"bosniak\"},\"url\":\"https:\/\/sandzakpress.net\/arhiva\/author\/bosniak\/\"}]}<\/script>\n<!-- \/ Yoast SEO Premium plugin. -->","yoast_head_json":{"title":"Dayton nefunkcionalan \u2013 Trebamo novi Ustav!","robots":{"index":"index","follow":"follow","max-snippet":"max-snippet:-1","max-image-preview":"max-image-preview:large","max-video-preview":"max-video-preview:-1"},"canonical":"https:\/\/sandzakpress.net\/arhiva\/dayton-nefunkcionalan-trebamo-novi-ustav\/","og_locale":"bs_BA","og_type":"article","og_title":"Dayton nefunkcionalan \u2013 Trebamo novi Ustav!","og_description":"BiH &#8211; Dr. Mustafa Ceri\u0107, nezavisni kandidat za bo\u0161nja\u010dkog \u010dlana Predsjedni\u0161tva Bosne i Hercegovine, prisustvovao je konferenciji \u201eRat je uvijek poraz za \u010dovje\u010danstvo\u201c, odr\u017eanoj u utorak i srijedu u Minhenu. Dr. Mustafa Ceri\u0107, nezavisni kandidat za bo\u0161nja\u010dkog \u010dlana Predsjedni\u0161tva Bosne i Hercegovine, prisustvovao je konferenciji \u201eRat je uvijek poraz za \u010dovje\u010danstvo\u201c, odr\u017eanoj u utorak i [&hellip;]","og_url":"https:\/\/sandzakpress.net\/arhiva\/dayton-nefunkcionalan-trebamo-novi-ustav\/","og_site_name":"Sand\u017eak PRESS","article_published_time":"2014-09-18T22:36:21+00:00","og_image":[{"width":616,"height":462,"url":"https:\/\/sandzakpress.net\/arhiva\/wp-content\/uploads\/2014\/09\/10686597_1473134269631487_3552253905637456821_n-616x462.jpg","type":"image\/jpeg"}],"author":"bosniak","twitter_card":"summary_large_image","twitter_misc":{"Written by":"bosniak","Est. reading time":"3 minute"},"schema":{"@context":"https:\/\/schema.org","@graph":[{"@type":"Article","@id":"https:\/\/sandzakpress.net\/arhiva\/dayton-nefunkcionalan-trebamo-novi-ustav\/#article","isPartOf":{"@id":"https:\/\/sandzakpress.net\/arhiva\/dayton-nefunkcionalan-trebamo-novi-ustav\/"},"author":{"name":"bosniak","@id":"https:\/\/sandzakpress.net\/arhiva\/#\/schema\/person\/c8baee722073534b583ea7bdb2e36c02"},"headline":"Dayton nefunkcionalan \u2013 Trebamo novi Ustav!","datePublished":"2014-09-18T22:36:21+00:00","mainEntityOfPage":{"@id":"https:\/\/sandzakpress.net\/arhiva\/dayton-nefunkcionalan-trebamo-novi-ustav\/"},"wordCount":525,"commentCount":5,"publisher":{"@id":"https:\/\/sandzakpress.net\/arhiva\/#\/schema\/person\/6e72b67d6e51910a1117b3b483ba20bd"},"image":{"@id":"https:\/\/sandzakpress.net\/arhiva\/dayton-nefunkcionalan-trebamo-novi-ustav\/#primaryimage"},"thumbnailUrl":"https:\/\/sandzakpress.net\/arhiva\/wp-content\/uploads\/2014\/09\/10686597_1473134269631487_3552253905637456821_n-616x462.jpg","keywords":["Dr. Mustafa Ceri\u0107"],"articleSection":["Nacija","Bosna i Hercegovina"],"inLanguage":"bs-BA","potentialAction":[{"@type":"CommentAction","name":"Comment","target":["https:\/\/sandzakpress.net\/arhiva\/dayton-nefunkcionalan-trebamo-novi-ustav\/#respond"]}]},{"@type":"WebPage","@id":"https:\/\/sandzakpress.net\/arhiva\/dayton-nefunkcionalan-trebamo-novi-ustav\/","url":"https:\/\/sandzakpress.net\/arhiva\/dayton-nefunkcionalan-trebamo-novi-ustav\/","name":"Dayton nefunkcionalan \u2013 Trebamo novi Ustav!","isPartOf":{"@id":"https:\/\/sandzakpress.net\/arhiva\/#website"},"primaryImageOfPage":{"@id":"https:\/\/sandzakpress.net\/arhiva\/dayton-nefunkcionalan-trebamo-novi-ustav\/#primaryimage"},"image":{"@id":"https:\/\/sandzakpress.net\/arhiva\/dayton-nefunkcionalan-trebamo-novi-ustav\/#primaryimage"},"thumbnailUrl":"https:\/\/sandzakpress.net\/arhiva\/wp-content\/uploads\/2014\/09\/10686597_1473134269631487_3552253905637456821_n-616x462.jpg","datePublished":"2014-09-18T22:36:21+00:00","breadcrumb":{"@id":"https:\/\/sandzakpress.net\/arhiva\/dayton-nefunkcionalan-trebamo-novi-ustav\/#breadcrumb"},"inLanguage":"bs-BA","potentialAction":[{"@type":"ReadAction","target":["https:\/\/sandzakpress.net\/arhiva\/dayton-nefunkcionalan-trebamo-novi-ustav\/"]}]},{"@type":"ImageObject","inLanguage":"bs-BA","@id":"https:\/\/sandzakpress.net\/arhiva\/dayton-nefunkcionalan-trebamo-novi-ustav\/#primaryimage","url":"https:\/\/sandzakpress.net\/arhiva\/wp-content\/uploads\/2014\/09\/10686597_1473134269631487_3552253905637456821_n-616x462.jpg","contentUrl":"https:\/\/sandzakpress.net\/arhiva\/wp-content\/uploads\/2014\/09\/10686597_1473134269631487_3552253905637456821_n-616x462.jpg","width":616,"height":462},{"@type":"BreadcrumbList","@id":"https:\/\/sandzakpress.net\/arhiva\/dayton-nefunkcionalan-trebamo-novi-ustav\/#breadcrumb","itemListElement":[{"@type":"ListItem","position":1,"name":"Home","item":"https:\/\/sandzakpress.net\/arhiva\/"},{"@type":"ListItem","position":2,"name":"Dayton nefunkcionalan \u2013 Trebamo novi Ustav!"}]},{"@type":"WebSite","@id":"https:\/\/sandzakpress.net\/arhiva\/#website","url":"https:\/\/sandzakpress.net\/arhiva\/","name":"Sand\u017eak PRESS","description":"Prve elektronske novine u Sand\u017eaku","publisher":{"@id":"https:\/\/sandzakpress.net\/arhiva\/#\/schema\/person\/6e72b67d6e51910a1117b3b483ba20bd"},"potentialAction":[{"@type":"SearchAction","target":{"@type":"EntryPoint","urlTemplate":"https:\/\/sandzakpress.net\/arhiva\/?s={search_term_string}"},"query-input":{"@type":"PropertyValueSpecification","valueRequired":true,"valueName":"search_term_string"}}],"inLanguage":"bs-BA"},{"@type":["Person","Organization"],"@id":"https:\/\/sandzakpress.net\/arhiva\/#\/schema\/person\/6e72b67d6e51910a1117b3b483ba20bd","name":"Kul","image":{"@type":"ImageObject","inLanguage":"bs-BA","@id":"https:\/\/sandzakpress.net\/arhiva\/#\/schema\/person\/image\/","url":"https:\/\/secure.gravatar.com\/avatar\/42263f39aa27ac04c43cab85c280eb2e?s=96&d=mm&r=pg","contentUrl":"https:\/\/secure.gravatar.com\/avatar\/42263f39aa27ac04c43cab85c280eb2e?s=96&d=mm&r=pg","caption":"Kul"},"logo":{"@id":"https:\/\/sandzakpress.net\/arhiva\/#\/schema\/person\/image\/"}},{"@type":"Person","@id":"https:\/\/sandzakpress.net\/arhiva\/#\/schema\/person\/c8baee722073534b583ea7bdb2e36c02","name":"bosniak","image":{"@type":"ImageObject","inLanguage":"bs-BA","@id":"https:\/\/sandzakpress.net\/arhiva\/#\/schema\/person\/image\/","url":"https:\/\/secure.gravatar.com\/avatar\/a04fd330bfe3a36a72a0ad4a6d89fca7?s=96&d=mm&r=pg","contentUrl":"https:\/\/secure.gravatar.com\/avatar\/a04fd330bfe3a36a72a0ad4a6d89fca7?s=96&d=mm&r=pg","caption":"bosniak"},"url":"https:\/\/sandzakpress.net\/arhiva\/author\/bosniak\/"}]}},"_links":{"self":[{"href":"https:\/\/sandzakpress.net\/arhiva\/wp-json\/wp\/v2\/posts\/111900"}],"collection":[{"href":"https:\/\/sandzakpress.net\/arhiva\/wp-json\/wp\/v2\/posts"}],"about":[{"href":"https:\/\/sandzakpress.net\/arhiva\/wp-json\/wp\/v2\/types\/post"}],"author":[{"embeddable":true,"href":"https:\/\/sandzakpress.net\/arhiva\/wp-json\/wp\/v2\/users\/83"}],"replies":[{"embeddable":true,"href":"https:\/\/sandzakpress.net\/arhiva\/wp-json\/wp\/v2\/comments?post=111900"}],"version-history":[{"count":0,"href":"https:\/\/sandzakpress.net\/arhiva\/wp-json\/wp\/v2\/posts\/111900\/revisions"}],"wp:featuredmedia":[{"embeddable":true,"href":"https:\/\/sandzakpress.net\/arhiva\/wp-json\/wp\/v2\/media\/111901"}],"wp:attachment":[{"href":"https:\/\/sandzakpress.net\/arhiva\/wp-json\/wp\/v2\/media?parent=111900"}],"wp:term":[{"taxonomy":"category","embeddable":true,"href":"https:\/\/sandzakpress.net\/arhiva\/wp-json\/wp\/v2\/categories?post=111900"},{"taxonomy":"post_tag","embeddable":true,"href":"https:\/\/sandzakpress.net\/arhiva\/wp-json\/wp\/v2\/tags?post=111900"}],"curies":[{"name":"wp","href":"https:\/\/api.w.org\/{rel}","templated":true}]}}