{"id":111863,"date":"2014-09-18T01:23:35","date_gmt":"2014-09-17T23:23:35","guid":{"rendered":"https:\/\/sandzakpress.net\/arhiva\/?p=111863"},"modified":"2014-09-18T01:23:35","modified_gmt":"2014-09-17T23:23:35","slug":"rozaje-uhapseni-zbog-sumnje-da-su-obili-rokspedov-kiosk","status":"publish","type":"post","link":"https:\/\/sandzakpress.net\/arhiva\/rozaje-uhapseni-zbog-sumnje-da-su-obili-rokspedov-kiosk\/","title":{"rendered":"Ro\u017eaje: Uhap\u0161eni zbog sumnje da su obili Rok\u0161pedov kiosk"},"content":{"rendered":"<p><strong><span style=\"color: #000000;\"><img decoding=\"async\" class=\"aligncenter\" src=\"http:\/\/www.img2.cdm.me\/sites\/cdm.bild-studio.me\/files\/styles\/1280x1024\/public\/multimedia\/foto\/2014\/09\/16\/nl00241401.jpg\" alt=\"\" \/>Ro\u017eaje &#8211; Ro\u017eajci N.\u0160. (17), M.M. (16) i A.M. (18) uhap\u0161eni su jutros zbog sumnje da su obili Rok\u0161pedov kiosk.<\/span><\/strong><\/p>\n<p style=\"color: #555555;\"><span style=\"color: #000000;\">N.\u0160. se sumnji\u010di za jo\u0161 jedno krivi\u010dno djelo te\u0161ka kra\u0111a po\u010dinjeno u avgustu ove godine.<\/span><\/p>\n<p style=\"color: #555555;\"><span style=\"color: rgb(0, 0, 0);\">\u201cN.\u0160, M.M. i A.M. se sumnji\u010de da su jutros, oko 3.30 obili kiosk u ulici 29. novembra u Ro\u017eajama- vlasni\u0161tvo \u201cRok\u0161ped\u201c D.O.O, a zatim poku\u0161ali da ukradu stvari iz njega, u \u010demu su ih sprije\u010dili policajci\u201d, saop\u0161teno je iz Uprave policije.<\/span><\/p>\n<p style=\"color: #555555;\"><span style=\"color: rgb(0, 0, 0);\">N.\u0160. i M.M. su potom uhap\u0161eni, dok je A.M, primjetiv\u0161i policajce poku\u0161ao da pobjegne. Me\u0111utim, i on je ubrzo uhap\u0161en.<\/span><\/p>\n<p style=\"color: #555555;\"><span style=\"color: rgb(0, 0, 0);\">Pretresom su kod N.\u0160. i M.M. prona\u0111eni manja koli\u010dina cigareta i manja suma novca koji su oduzeti i vra\u0107eni o\u0161te\u0107enoj strani.<\/span><\/p>\n<p style=\"color: #555555;\"><span style=\"color: rgb(0, 0, 0);\">N.\u0160. se sumnji\u010di i da je u avgustu teku\u0107e, tako\u0111e u Ro\u017eajama, iz jedne ku\u0107e ukrao plazma televizor koji je kasnije prodao.<\/span><\/p>\n<p style=\"color: #555555;\"><span style=\"color: rgb(0, 0, 0);\">Nakon hap\u0161enja, N.\u0160, M.M. i A.M. su, uz izvje\u0161taj, sprovedeni nadle\u017enom dr\u017eavnom tu\u017eiocu.<\/span><\/p>\n<p style=\"color: #555555;\"><span style=\"color: rgb(0, 0, 0);\">(CdM)<\/span><\/p>\n","protected":false},"excerpt":{"rendered":"<p>Ro\u017eaje &#8211; Ro\u017eajci N.\u0160. (17), M.M. (16) i A.M. (18) uhap\u0161eni su jutros zbog sumnje da su obili Rok\u0161pedov kiosk. N.\u0160. se sumnji\u010di za jo\u0161 jedno krivi\u010dno djelo te\u0161ka kra\u0111a po\u010dinjeno u avgustu ove godine. \u201cN.\u0160, M.M. i A.M. se sumnji\u010de da su jutros, oko 3.30 obili kiosk u ulici 29. novembra u Ro\u017eajama- vlasni\u0161tvo [&hellip;]<\/p>\n","protected":false},"author":83,"featured_media":111866,"comment_status":"open","ping_status":"open","sticky":false,"template":"","format":"standard","meta":{"footnotes":""},"categories":[398,801],"tags":[],"class_list":{"0":"post-111863","1":"post","2":"type-post","3":"status-publish","4":"format-standard","5":"has-post-thumbnail","7":"category-rozaje","8":"category-crna_hronika"},"yoast_head":"<!-- This site is optimized with the Yoast SEO Premium plugin v23.1 (Yoast SEO v24.9) - https:\/\/yoast.com\/wordpress\/plugins\/seo\/ -->\n<title>Ro\u017eaje: Uhap\u0161eni zbog sumnje da su obili Rok\u0161pedov kiosk<\/title>\n<meta name=\"robots\" content=\"index, follow, max-snippet:-1, max-image-preview:large, max-video-preview:-1\" \/>\n<link rel=\"canonical\" href=\"https:\/\/sandzakpress.net\/arhiva\/rozaje-uhapseni-zbog-sumnje-da-su-obili-rokspedov-kiosk\/\" \/>\n<meta property=\"og:locale\" content=\"bs_BA\" \/>\n<meta property=\"og:type\" content=\"article\" \/>\n<meta property=\"og:title\" content=\"Ro\u017eaje: Uhap\u0161eni zbog sumnje da su obili Rok\u0161pedov kiosk\" \/>\n<meta property=\"og:description\" content=\"Ro\u017eaje &#8211; Ro\u017eajci N.\u0160. (17), M.M. (16) i A.M. (18) uhap\u0161eni su jutros zbog sumnje da su obili Rok\u0161pedov kiosk. N.\u0160. se sumnji\u010di za jo\u0161 jedno krivi\u010dno djelo te\u0161ka kra\u0111a po\u010dinjeno u avgustu ove godine. \u201cN.\u0160, M.M. i A.M. se sumnji\u010de da su jutros, oko 3.30 obili kiosk u ulici 29. novembra u Ro\u017eajama- vlasni\u0161tvo [&hellip;]\" \/>\n<meta property=\"og:url\" content=\"https:\/\/sandzakpress.net\/arhiva\/rozaje-uhapseni-zbog-sumnje-da-su-obili-rokspedov-kiosk\/\" \/>\n<meta property=\"og:site_name\" content=\"Sand\u017eak PRESS\" \/>\n<meta property=\"article:published_time\" content=\"2014-09-17T23:23:35+00:00\" \/>\n<meta property=\"og:image\" content=\"https:\/\/sandzakpress.net\/arhiva\/wp-content\/uploads\/2014\/09\/nl00241401.jpg\" \/>\n\t<meta property=\"og:image:width\" content=\"643\" \/>\n\t<meta property=\"og:image:height\" content=\"320\" \/>\n\t<meta property=\"og:image:type\" content=\"image\/jpeg\" \/>\n<meta name=\"author\" content=\"bosniak\" \/>\n<meta name=\"twitter:card\" content=\"summary_large_image\" \/>\n<meta name=\"twitter:label1\" content=\"Written by\" \/>\n\t<meta name=\"twitter:data1\" content=\"bosniak\" \/>\n\t<meta name=\"twitter:label2\" content=\"Est. reading time\" \/>\n\t<meta name=\"twitter:data2\" content=\"1 minuta\" \/>\n<script type=\"application\/ld+json\" class=\"yoast-schema-graph\">{\"@context\":\"https:\/\/schema.org\",\"@graph\":[{\"@type\":\"Article\",\"@id\":\"https:\/\/sandzakpress.net\/arhiva\/rozaje-uhapseni-zbog-sumnje-da-su-obili-rokspedov-kiosk\/#article\",\"isPartOf\":{\"@id\":\"https:\/\/sandzakpress.net\/arhiva\/rozaje-uhapseni-zbog-sumnje-da-su-obili-rokspedov-kiosk\/\"},\"author\":{\"name\":\"bosniak\",\"@id\":\"https:\/\/sandzakpress.net\/arhiva\/#\/schema\/person\/c8baee722073534b583ea7bdb2e36c02\"},\"headline\":\"Ro\u017eaje: Uhap\u0161eni zbog sumnje da su obili Rok\u0161pedov kiosk\",\"datePublished\":\"2014-09-17T23:23:35+00:00\",\"mainEntityOfPage\":{\"@id\":\"https:\/\/sandzakpress.net\/arhiva\/rozaje-uhapseni-zbog-sumnje-da-su-obili-rokspedov-kiosk\/\"},\"wordCount\":207,\"commentCount\":0,\"publisher\":{\"@id\":\"https:\/\/sandzakpress.net\/arhiva\/#\/schema\/person\/6e72b67d6e51910a1117b3b483ba20bd\"},\"image\":{\"@id\":\"https:\/\/sandzakpress.net\/arhiva\/rozaje-uhapseni-zbog-sumnje-da-su-obili-rokspedov-kiosk\/#primaryimage\"},\"thumbnailUrl\":\"https:\/\/sandzakpress.net\/arhiva\/wp-content\/uploads\/2014\/09\/nl00241401.jpg\",\"articleSection\":[\"Ro\u017eaje\",\"Hronika\"],\"inLanguage\":\"bs-BA\",\"potentialAction\":[{\"@type\":\"CommentAction\",\"name\":\"Comment\",\"target\":[\"https:\/\/sandzakpress.net\/arhiva\/rozaje-uhapseni-zbog-sumnje-da-su-obili-rokspedov-kiosk\/#respond\"]}]},{\"@type\":\"WebPage\",\"@id\":\"https:\/\/sandzakpress.net\/arhiva\/rozaje-uhapseni-zbog-sumnje-da-su-obili-rokspedov-kiosk\/\",\"url\":\"https:\/\/sandzakpress.net\/arhiva\/rozaje-uhapseni-zbog-sumnje-da-su-obili-rokspedov-kiosk\/\",\"name\":\"Ro\u017eaje: Uhap\u0161eni zbog sumnje da su obili Rok\u0161pedov kiosk\",\"isPartOf\":{\"@id\":\"https:\/\/sandzakpress.net\/arhiva\/#website\"},\"primaryImageOfPage\":{\"@id\":\"https:\/\/sandzakpress.net\/arhiva\/rozaje-uhapseni-zbog-sumnje-da-su-obili-rokspedov-kiosk\/#primaryimage\"},\"image\":{\"@id\":\"https:\/\/sandzakpress.net\/arhiva\/rozaje-uhapseni-zbog-sumnje-da-su-obili-rokspedov-kiosk\/#primaryimage\"},\"thumbnailUrl\":\"https:\/\/sandzakpress.net\/arhiva\/wp-content\/uploads\/2014\/09\/nl00241401.jpg\",\"datePublished\":\"2014-09-17T23:23:35+00:00\",\"breadcrumb\":{\"@id\":\"https:\/\/sandzakpress.net\/arhiva\/rozaje-uhapseni-zbog-sumnje-da-su-obili-rokspedov-kiosk\/#breadcrumb\"},\"inLanguage\":\"bs-BA\",\"potentialAction\":[{\"@type\":\"ReadAction\",\"target\":[\"https:\/\/sandzakpress.net\/arhiva\/rozaje-uhapseni-zbog-sumnje-da-su-obili-rokspedov-kiosk\/\"]}]},{\"@type\":\"ImageObject\",\"inLanguage\":\"bs-BA\",\"@id\":\"https:\/\/sandzakpress.net\/arhiva\/rozaje-uhapseni-zbog-sumnje-da-su-obili-rokspedov-kiosk\/#primaryimage\",\"url\":\"https:\/\/sandzakpress.net\/arhiva\/wp-content\/uploads\/2014\/09\/nl00241401.jpg\",\"contentUrl\":\"https:\/\/sandzakpress.net\/arhiva\/wp-content\/uploads\/2014\/09\/nl00241401.jpg\",\"width\":643,\"height\":320},{\"@type\":\"BreadcrumbList\",\"@id\":\"https:\/\/sandzakpress.net\/arhiva\/rozaje-uhapseni-zbog-sumnje-da-su-obili-rokspedov-kiosk\/#breadcrumb\",\"itemListElement\":[{\"@type\":\"ListItem\",\"position\":1,\"name\":\"Home\",\"item\":\"https:\/\/sandzakpress.net\/arhiva\/\"},{\"@type\":\"ListItem\",\"position\":2,\"name\":\"Ro\u017eaje: Uhap\u0161eni zbog sumnje da su obili Rok\u0161pedov kiosk\"}]},{\"@type\":\"WebSite\",\"@id\":\"https:\/\/sandzakpress.net\/arhiva\/#website\",\"url\":\"https:\/\/sandzakpress.net\/arhiva\/\",\"name\":\"Sand\u017eak PRESS\",\"description\":\"Prve elektronske novine u Sand\u017eaku\",\"publisher\":{\"@id\":\"https:\/\/sandzakpress.net\/arhiva\/#\/schema\/person\/6e72b67d6e51910a1117b3b483ba20bd\"},\"potentialAction\":[{\"@type\":\"SearchAction\",\"target\":{\"@type\":\"EntryPoint\",\"urlTemplate\":\"https:\/\/sandzakpress.net\/arhiva\/?s={search_term_string}\"},\"query-input\":{\"@type\":\"PropertyValueSpecification\",\"valueRequired\":true,\"valueName\":\"search_term_string\"}}],\"inLanguage\":\"bs-BA\"},{\"@type\":[\"Person\",\"Organization\"],\"@id\":\"https:\/\/sandzakpress.net\/arhiva\/#\/schema\/person\/6e72b67d6e51910a1117b3b483ba20bd\",\"name\":\"Kul\",\"image\":{\"@type\":\"ImageObject\",\"inLanguage\":\"bs-BA\",\"@id\":\"https:\/\/sandzakpress.net\/arhiva\/#\/schema\/person\/image\/\",\"url\":\"https:\/\/secure.gravatar.com\/avatar\/42263f39aa27ac04c43cab85c280eb2e?s=96&d=mm&r=pg\",\"contentUrl\":\"https:\/\/secure.gravatar.com\/avatar\/42263f39aa27ac04c43cab85c280eb2e?s=96&d=mm&r=pg\",\"caption\":\"Kul\"},\"logo\":{\"@id\":\"https:\/\/sandzakpress.net\/arhiva\/#\/schema\/person\/image\/\"}},{\"@type\":\"Person\",\"@id\":\"https:\/\/sandzakpress.net\/arhiva\/#\/schema\/person\/c8baee722073534b583ea7bdb2e36c02\",\"name\":\"bosniak\",\"image\":{\"@type\":\"ImageObject\",\"inLanguage\":\"bs-BA\",\"@id\":\"https:\/\/sandzakpress.net\/arhiva\/#\/schema\/person\/image\/\",\"url\":\"https:\/\/secure.gravatar.com\/avatar\/a04fd330bfe3a36a72a0ad4a6d89fca7?s=96&d=mm&r=pg\",\"contentUrl\":\"https:\/\/secure.gravatar.com\/avatar\/a04fd330bfe3a36a72a0ad4a6d89fca7?s=96&d=mm&r=pg\",\"caption\":\"bosniak\"},\"url\":\"https:\/\/sandzakpress.net\/arhiva\/author\/bosniak\/\"}]}<\/script>\n<!-- \/ Yoast SEO Premium plugin. -->","yoast_head_json":{"title":"Ro\u017eaje: Uhap\u0161eni zbog sumnje da su obili Rok\u0161pedov kiosk","robots":{"index":"index","follow":"follow","max-snippet":"max-snippet:-1","max-image-preview":"max-image-preview:large","max-video-preview":"max-video-preview:-1"},"canonical":"https:\/\/sandzakpress.net\/arhiva\/rozaje-uhapseni-zbog-sumnje-da-su-obili-rokspedov-kiosk\/","og_locale":"bs_BA","og_type":"article","og_title":"Ro\u017eaje: Uhap\u0161eni zbog sumnje da su obili Rok\u0161pedov kiosk","og_description":"Ro\u017eaje &#8211; Ro\u017eajci N.\u0160. (17), M.M. (16) i A.M. (18) uhap\u0161eni su jutros zbog sumnje da su obili Rok\u0161pedov kiosk. N.\u0160. se sumnji\u010di za jo\u0161 jedno krivi\u010dno djelo te\u0161ka kra\u0111a po\u010dinjeno u avgustu ove godine. \u201cN.\u0160, M.M. i A.M. se sumnji\u010de da su jutros, oko 3.30 obili kiosk u ulici 29. novembra u Ro\u017eajama- vlasni\u0161tvo [&hellip;]","og_url":"https:\/\/sandzakpress.net\/arhiva\/rozaje-uhapseni-zbog-sumnje-da-su-obili-rokspedov-kiosk\/","og_site_name":"Sand\u017eak PRESS","article_published_time":"2014-09-17T23:23:35+00:00","og_image":[{"width":643,"height":320,"url":"https:\/\/sandzakpress.net\/arhiva\/wp-content\/uploads\/2014\/09\/nl00241401.jpg","type":"image\/jpeg"}],"author":"bosniak","twitter_card":"summary_large_image","twitter_misc":{"Written by":"bosniak","Est. reading time":"1 minuta"},"schema":{"@context":"https:\/\/schema.org","@graph":[{"@type":"Article","@id":"https:\/\/sandzakpress.net\/arhiva\/rozaje-uhapseni-zbog-sumnje-da-su-obili-rokspedov-kiosk\/#article","isPartOf":{"@id":"https:\/\/sandzakpress.net\/arhiva\/rozaje-uhapseni-zbog-sumnje-da-su-obili-rokspedov-kiosk\/"},"author":{"name":"bosniak","@id":"https:\/\/sandzakpress.net\/arhiva\/#\/schema\/person\/c8baee722073534b583ea7bdb2e36c02"},"headline":"Ro\u017eaje: Uhap\u0161eni zbog sumnje da su obili Rok\u0161pedov kiosk","datePublished":"2014-09-17T23:23:35+00:00","mainEntityOfPage":{"@id":"https:\/\/sandzakpress.net\/arhiva\/rozaje-uhapseni-zbog-sumnje-da-su-obili-rokspedov-kiosk\/"},"wordCount":207,"commentCount":0,"publisher":{"@id":"https:\/\/sandzakpress.net\/arhiva\/#\/schema\/person\/6e72b67d6e51910a1117b3b483ba20bd"},"image":{"@id":"https:\/\/sandzakpress.net\/arhiva\/rozaje-uhapseni-zbog-sumnje-da-su-obili-rokspedov-kiosk\/#primaryimage"},"thumbnailUrl":"https:\/\/sandzakpress.net\/arhiva\/wp-content\/uploads\/2014\/09\/nl00241401.jpg","articleSection":["Ro\u017eaje","Hronika"],"inLanguage":"bs-BA","potentialAction":[{"@type":"CommentAction","name":"Comment","target":["https:\/\/sandzakpress.net\/arhiva\/rozaje-uhapseni-zbog-sumnje-da-su-obili-rokspedov-kiosk\/#respond"]}]},{"@type":"WebPage","@id":"https:\/\/sandzakpress.net\/arhiva\/rozaje-uhapseni-zbog-sumnje-da-su-obili-rokspedov-kiosk\/","url":"https:\/\/sandzakpress.net\/arhiva\/rozaje-uhapseni-zbog-sumnje-da-su-obili-rokspedov-kiosk\/","name":"Ro\u017eaje: Uhap\u0161eni zbog sumnje da su obili Rok\u0161pedov kiosk","isPartOf":{"@id":"https:\/\/sandzakpress.net\/arhiva\/#website"},"primaryImageOfPage":{"@id":"https:\/\/sandzakpress.net\/arhiva\/rozaje-uhapseni-zbog-sumnje-da-su-obili-rokspedov-kiosk\/#primaryimage"},"image":{"@id":"https:\/\/sandzakpress.net\/arhiva\/rozaje-uhapseni-zbog-sumnje-da-su-obili-rokspedov-kiosk\/#primaryimage"},"thumbnailUrl":"https:\/\/sandzakpress.net\/arhiva\/wp-content\/uploads\/2014\/09\/nl00241401.jpg","datePublished":"2014-09-17T23:23:35+00:00","breadcrumb":{"@id":"https:\/\/sandzakpress.net\/arhiva\/rozaje-uhapseni-zbog-sumnje-da-su-obili-rokspedov-kiosk\/#breadcrumb"},"inLanguage":"bs-BA","potentialAction":[{"@type":"ReadAction","target":["https:\/\/sandzakpress.net\/arhiva\/rozaje-uhapseni-zbog-sumnje-da-su-obili-rokspedov-kiosk\/"]}]},{"@type":"ImageObject","inLanguage":"bs-BA","@id":"https:\/\/sandzakpress.net\/arhiva\/rozaje-uhapseni-zbog-sumnje-da-su-obili-rokspedov-kiosk\/#primaryimage","url":"https:\/\/sandzakpress.net\/arhiva\/wp-content\/uploads\/2014\/09\/nl00241401.jpg","contentUrl":"https:\/\/sandzakpress.net\/arhiva\/wp-content\/uploads\/2014\/09\/nl00241401.jpg","width":643,"height":320},{"@type":"BreadcrumbList","@id":"https:\/\/sandzakpress.net\/arhiva\/rozaje-uhapseni-zbog-sumnje-da-su-obili-rokspedov-kiosk\/#breadcrumb","itemListElement":[{"@type":"ListItem","position":1,"name":"Home","item":"https:\/\/sandzakpress.net\/arhiva\/"},{"@type":"ListItem","position":2,"name":"Ro\u017eaje: Uhap\u0161eni zbog sumnje da su obili Rok\u0161pedov kiosk"}]},{"@type":"WebSite","@id":"https:\/\/sandzakpress.net\/arhiva\/#website","url":"https:\/\/sandzakpress.net\/arhiva\/","name":"Sand\u017eak PRESS","description":"Prve elektronske novine u Sand\u017eaku","publisher":{"@id":"https:\/\/sandzakpress.net\/arhiva\/#\/schema\/person\/6e72b67d6e51910a1117b3b483ba20bd"},"potentialAction":[{"@type":"SearchAction","target":{"@type":"EntryPoint","urlTemplate":"https:\/\/sandzakpress.net\/arhiva\/?s={search_term_string}"},"query-input":{"@type":"PropertyValueSpecification","valueRequired":true,"valueName":"search_term_string"}}],"inLanguage":"bs-BA"},{"@type":["Person","Organization"],"@id":"https:\/\/sandzakpress.net\/arhiva\/#\/schema\/person\/6e72b67d6e51910a1117b3b483ba20bd","name":"Kul","image":{"@type":"ImageObject","inLanguage":"bs-BA","@id":"https:\/\/sandzakpress.net\/arhiva\/#\/schema\/person\/image\/","url":"https:\/\/secure.gravatar.com\/avatar\/42263f39aa27ac04c43cab85c280eb2e?s=96&d=mm&r=pg","contentUrl":"https:\/\/secure.gravatar.com\/avatar\/42263f39aa27ac04c43cab85c280eb2e?s=96&d=mm&r=pg","caption":"Kul"},"logo":{"@id":"https:\/\/sandzakpress.net\/arhiva\/#\/schema\/person\/image\/"}},{"@type":"Person","@id":"https:\/\/sandzakpress.net\/arhiva\/#\/schema\/person\/c8baee722073534b583ea7bdb2e36c02","name":"bosniak","image":{"@type":"ImageObject","inLanguage":"bs-BA","@id":"https:\/\/sandzakpress.net\/arhiva\/#\/schema\/person\/image\/","url":"https:\/\/secure.gravatar.com\/avatar\/a04fd330bfe3a36a72a0ad4a6d89fca7?s=96&d=mm&r=pg","contentUrl":"https:\/\/secure.gravatar.com\/avatar\/a04fd330bfe3a36a72a0ad4a6d89fca7?s=96&d=mm&r=pg","caption":"bosniak"},"url":"https:\/\/sandzakpress.net\/arhiva\/author\/bosniak\/"}]}},"_links":{"self":[{"href":"https:\/\/sandzakpress.net\/arhiva\/wp-json\/wp\/v2\/posts\/111863"}],"collection":[{"href":"https:\/\/sandzakpress.net\/arhiva\/wp-json\/wp\/v2\/posts"}],"about":[{"href":"https:\/\/sandzakpress.net\/arhiva\/wp-json\/wp\/v2\/types\/post"}],"author":[{"embeddable":true,"href":"https:\/\/sandzakpress.net\/arhiva\/wp-json\/wp\/v2\/users\/83"}],"replies":[{"embeddable":true,"href":"https:\/\/sandzakpress.net\/arhiva\/wp-json\/wp\/v2\/comments?post=111863"}],"version-history":[{"count":0,"href":"https:\/\/sandzakpress.net\/arhiva\/wp-json\/wp\/v2\/posts\/111863\/revisions"}],"wp:featuredmedia":[{"embeddable":true,"href":"https:\/\/sandzakpress.net\/arhiva\/wp-json\/wp\/v2\/media\/111866"}],"wp:attachment":[{"href":"https:\/\/sandzakpress.net\/arhiva\/wp-json\/wp\/v2\/media?parent=111863"}],"wp:term":[{"taxonomy":"category","embeddable":true,"href":"https:\/\/sandzakpress.net\/arhiva\/wp-json\/wp\/v2\/categories?post=111863"},{"taxonomy":"post_tag","embeddable":true,"href":"https:\/\/sandzakpress.net\/arhiva\/wp-json\/wp\/v2\/tags?post=111863"}],"curies":[{"name":"wp","href":"https:\/\/api.w.org\/{rel}","templated":true}]}}