{"id":111826,"date":"2014-09-17T14:46:10","date_gmt":"2014-09-17T12:46:10","guid":{"rendered":"https:\/\/sandzakpress.net\/arhiva\/?p=111826"},"modified":"2014-09-17T14:47:04","modified_gmt":"2014-09-17T12:47:04","slug":"dzudzo-nece-izaci-sa-posebnom-listom-ako-se-formira-jedinstvena-lista-i-rijesi-pitanje-islamske-zajednice","status":"publish","type":"post","link":"https:\/\/sandzakpress.net\/arhiva\/dzudzo-nece-izaci-sa-posebnom-listom-ako-se-formira-jedinstvena-lista-i-rijesi-pitanje-islamske-zajednice\/","title":{"rendered":"D\u017eud\u017eo ne\u0107e imati posebnu listu ako se formira JEDINSTVENA LISTA i rije\u0161i pitanje Islamske zajednice"},"content":{"rendered":"<p><img decoding=\"async\" src=\"http:\/\/www.tvbest.rs\/files\/article\/srbija\/14\/esad-dzudzevic.jpg\" alt=\"Heraldi\u010dar: Tvrdnja D\u017eud\u017eevi\u0107a o prezimenu \u2013 ne stoji   \" \/><\/p>\n<p><strong><span style=\"font-size: 10pt;\">Novi Pazar &#8211; Esad D\u017eud\u017eo \u00a0je izjavio danas da \u0107e podr\u017eati listu\u00a0\u201cZa bo\u0161nja\u010dko jedinstvo\u201d na \u010delu sa dr. Sulejmanom Ugljaninom ukoliko do\u0111e do objedinjavanja i da \u0107e svoje kandidate kandidovati na toj listi:<\/span><\/strong><\/p>\n<p>\u201cBo\u0161nja\u010dka lista\u201d, koja je u\u010destvovala na izborima 2010. godine i na \u010dijem je on bio \u010delu, ne\u0107e u\u010destvovati na predstoje\u0107im izborima za nacionalne savjete.\u00a0U tom slu\u010daju svoje najkvalitetnije kadrove kandidova\u0107emo za listu \u201cZa bo\u0161nja\u010dko jedinstvo\u201d, dodaje se u saop\u0161tenju D\u017eud\u017ea.<\/p>\n<p><span style=\"font-size: 10pt;\">D\u017eud\u017eo je jo\u0161 jednom pozvao sve Bo\u0161njake da provere da li su upisani u poseban bira\u010dki spisak i, ukoliko nisu, da to u\u010dine u lokalnoj samoupravi.<\/span><\/p>\n","protected":false},"excerpt":{"rendered":"<p>Novi Pazar &#8211; Esad D\u017eud\u017eo \u00a0je izjavio danas da \u0107e podr\u017eati listu\u00a0\u201cZa bo\u0161nja\u010dko jedinstvo\u201d na \u010delu sa dr. Sulejmanom Ugljaninom ukoliko do\u0111e do objedinjavanja i da \u0107e svoje kandidate kandidovati na toj listi: \u201cBo\u0161nja\u010dka lista\u201d, koja je u\u010destvovala na izborima 2010. godine i na \u010dijem je on bio \u010delu, ne\u0107e u\u010destvovati na predstoje\u0107im izborima za [&hellip;]<\/p>\n","protected":false},"author":83,"featured_media":111827,"comment_status":"open","ping_status":"open","sticky":false,"template":"","format":"standard","meta":{"footnotes":""},"categories":[72,1,327,8957],"tags":[10238],"class_list":{"0":"post-111826","1":"post","2":"type-post","3":"status-publish","4":"format-standard","5":"has-post-thumbnail","7":"category-novi-pazar","8":"category-politika","9":"category-tutin","10":"category-vijesti-dana","11":"tag-esad-dzudzevic"},"yoast_head":"<!-- This site is optimized with the Yoast SEO Premium plugin v23.1 (Yoast SEO v24.9) - https:\/\/yoast.com\/wordpress\/plugins\/seo\/ -->\n<title>D\u017eud\u017eo ne\u0107e imati posebnu listu ako se formira JEDINSTVENA LISTA i rije\u0161i pitanje Islamske zajednice<\/title>\n<meta name=\"robots\" content=\"index, follow, max-snippet:-1, max-image-preview:large, max-video-preview:-1\" \/>\n<link rel=\"canonical\" href=\"https:\/\/sandzakpress.net\/arhiva\/dzudzo-nece-izaci-sa-posebnom-listom-ako-se-formira-jedinstvena-lista-i-rijesi-pitanje-islamske-zajednice\/\" \/>\n<meta property=\"og:locale\" content=\"bs_BA\" \/>\n<meta property=\"og:type\" content=\"article\" \/>\n<meta property=\"og:title\" content=\"D\u017eud\u017eo ne\u0107e imati posebnu listu ako se formira JEDINSTVENA LISTA i rije\u0161i pitanje Islamske zajednice\" \/>\n<meta property=\"og:description\" content=\"Novi Pazar &#8211; Esad D\u017eud\u017eo \u00a0je izjavio danas da \u0107e podr\u017eati listu\u00a0\u201cZa bo\u0161nja\u010dko jedinstvo\u201d na \u010delu sa dr. Sulejmanom Ugljaninom ukoliko do\u0111e do objedinjavanja i da \u0107e svoje kandidate kandidovati na toj listi: \u201cBo\u0161nja\u010dka lista\u201d, koja je u\u010destvovala na izborima 2010. godine i na \u010dijem je on bio \u010delu, ne\u0107e u\u010destvovati na predstoje\u0107im izborima za [&hellip;]\" \/>\n<meta property=\"og:url\" content=\"https:\/\/sandzakpress.net\/arhiva\/dzudzo-nece-izaci-sa-posebnom-listom-ako-se-formira-jedinstvena-lista-i-rijesi-pitanje-islamske-zajednice\/\" \/>\n<meta property=\"og:site_name\" content=\"Sand\u017eak PRESS\" \/>\n<meta property=\"article:published_time\" content=\"2014-09-17T12:46:10+00:00\" \/>\n<meta property=\"article:modified_time\" content=\"2014-09-17T12:47:04+00:00\" \/>\n<meta property=\"og:image\" content=\"https:\/\/sandzakpress.net\/arhiva\/wp-content\/uploads\/2014\/09\/esad-dzudzevic.jpg\" \/>\n\t<meta property=\"og:image:width\" content=\"900\" \/>\n\t<meta property=\"og:image:height\" content=\"476\" \/>\n\t<meta property=\"og:image:type\" content=\"image\/jpeg\" \/>\n<meta name=\"author\" content=\"bosniak\" \/>\n<meta name=\"twitter:card\" content=\"summary_large_image\" \/>\n<meta name=\"twitter:label1\" content=\"Written by\" \/>\n\t<meta name=\"twitter:data1\" content=\"bosniak\" \/>\n\t<meta name=\"twitter:label2\" content=\"Est. reading time\" \/>\n\t<meta name=\"twitter:data2\" content=\"1 minuta\" \/>\n<script type=\"application\/ld+json\" class=\"yoast-schema-graph\">{\"@context\":\"https:\/\/schema.org\",\"@graph\":[{\"@type\":\"Article\",\"@id\":\"https:\/\/sandzakpress.net\/arhiva\/dzudzo-nece-izaci-sa-posebnom-listom-ako-se-formira-jedinstvena-lista-i-rijesi-pitanje-islamske-zajednice\/#article\",\"isPartOf\":{\"@id\":\"https:\/\/sandzakpress.net\/arhiva\/dzudzo-nece-izaci-sa-posebnom-listom-ako-se-formira-jedinstvena-lista-i-rijesi-pitanje-islamske-zajednice\/\"},\"author\":{\"name\":\"bosniak\",\"@id\":\"https:\/\/sandzakpress.net\/arhiva\/#\/schema\/person\/c8baee722073534b583ea7bdb2e36c02\"},\"headline\":\"D\u017eud\u017eo ne\u0107e imati posebnu listu ako se formira JEDINSTVENA LISTA i rije\u0161i pitanje Islamske zajednice\",\"datePublished\":\"2014-09-17T12:46:10+00:00\",\"dateModified\":\"2014-09-17T12:47:04+00:00\",\"mainEntityOfPage\":{\"@id\":\"https:\/\/sandzakpress.net\/arhiva\/dzudzo-nece-izaci-sa-posebnom-listom-ako-se-formira-jedinstvena-lista-i-rijesi-pitanje-islamske-zajednice\/\"},\"wordCount\":143,\"commentCount\":10,\"publisher\":{\"@id\":\"https:\/\/sandzakpress.net\/arhiva\/#\/schema\/person\/6e72b67d6e51910a1117b3b483ba20bd\"},\"image\":{\"@id\":\"https:\/\/sandzakpress.net\/arhiva\/dzudzo-nece-izaci-sa-posebnom-listom-ako-se-formira-jedinstvena-lista-i-rijesi-pitanje-islamske-zajednice\/#primaryimage\"},\"thumbnailUrl\":\"https:\/\/sandzakpress.net\/arhiva\/wp-content\/uploads\/2014\/09\/esad-dzudzevic.jpg\",\"keywords\":[\"Esad D\u017eud\u017eo\"],\"articleSection\":[\"Novi Pazar\",\"Politika\",\"Tutin\",\"VIJESTI DANA\"],\"inLanguage\":\"bs-BA\",\"potentialAction\":[{\"@type\":\"CommentAction\",\"name\":\"Comment\",\"target\":[\"https:\/\/sandzakpress.net\/arhiva\/dzudzo-nece-izaci-sa-posebnom-listom-ako-se-formira-jedinstvena-lista-i-rijesi-pitanje-islamske-zajednice\/#respond\"]}]},{\"@type\":\"WebPage\",\"@id\":\"https:\/\/sandzakpress.net\/arhiva\/dzudzo-nece-izaci-sa-posebnom-listom-ako-se-formira-jedinstvena-lista-i-rijesi-pitanje-islamske-zajednice\/\",\"url\":\"https:\/\/sandzakpress.net\/arhiva\/dzudzo-nece-izaci-sa-posebnom-listom-ako-se-formira-jedinstvena-lista-i-rijesi-pitanje-islamske-zajednice\/\",\"name\":\"D\u017eud\u017eo ne\u0107e imati posebnu listu ako se formira JEDINSTVENA LISTA i rije\u0161i pitanje Islamske zajednice\",\"isPartOf\":{\"@id\":\"https:\/\/sandzakpress.net\/arhiva\/#website\"},\"primaryImageOfPage\":{\"@id\":\"https:\/\/sandzakpress.net\/arhiva\/dzudzo-nece-izaci-sa-posebnom-listom-ako-se-formira-jedinstvena-lista-i-rijesi-pitanje-islamske-zajednice\/#primaryimage\"},\"image\":{\"@id\":\"https:\/\/sandzakpress.net\/arhiva\/dzudzo-nece-izaci-sa-posebnom-listom-ako-se-formira-jedinstvena-lista-i-rijesi-pitanje-islamske-zajednice\/#primaryimage\"},\"thumbnailUrl\":\"https:\/\/sandzakpress.net\/arhiva\/wp-content\/uploads\/2014\/09\/esad-dzudzevic.jpg\",\"datePublished\":\"2014-09-17T12:46:10+00:00\",\"dateModified\":\"2014-09-17T12:47:04+00:00\",\"breadcrumb\":{\"@id\":\"https:\/\/sandzakpress.net\/arhiva\/dzudzo-nece-izaci-sa-posebnom-listom-ako-se-formira-jedinstvena-lista-i-rijesi-pitanje-islamske-zajednice\/#breadcrumb\"},\"inLanguage\":\"bs-BA\",\"potentialAction\":[{\"@type\":\"ReadAction\",\"target\":[\"https:\/\/sandzakpress.net\/arhiva\/dzudzo-nece-izaci-sa-posebnom-listom-ako-se-formira-jedinstvena-lista-i-rijesi-pitanje-islamske-zajednice\/\"]}]},{\"@type\":\"ImageObject\",\"inLanguage\":\"bs-BA\",\"@id\":\"https:\/\/sandzakpress.net\/arhiva\/dzudzo-nece-izaci-sa-posebnom-listom-ako-se-formira-jedinstvena-lista-i-rijesi-pitanje-islamske-zajednice\/#primaryimage\",\"url\":\"https:\/\/sandzakpress.net\/arhiva\/wp-content\/uploads\/2014\/09\/esad-dzudzevic.jpg\",\"contentUrl\":\"https:\/\/sandzakpress.net\/arhiva\/wp-content\/uploads\/2014\/09\/esad-dzudzevic.jpg\",\"width\":900,\"height\":476},{\"@type\":\"BreadcrumbList\",\"@id\":\"https:\/\/sandzakpress.net\/arhiva\/dzudzo-nece-izaci-sa-posebnom-listom-ako-se-formira-jedinstvena-lista-i-rijesi-pitanje-islamske-zajednice\/#breadcrumb\",\"itemListElement\":[{\"@type\":\"ListItem\",\"position\":1,\"name\":\"Home\",\"item\":\"https:\/\/sandzakpress.net\/arhiva\/\"},{\"@type\":\"ListItem\",\"position\":2,\"name\":\"D\u017eud\u017eo ne\u0107e imati posebnu listu ako se formira JEDINSTVENA LISTA i rije\u0161i pitanje Islamske zajednice\"}]},{\"@type\":\"WebSite\",\"@id\":\"https:\/\/sandzakpress.net\/arhiva\/#website\",\"url\":\"https:\/\/sandzakpress.net\/arhiva\/\",\"name\":\"Sand\u017eak PRESS\",\"description\":\"Prve elektronske novine u Sand\u017eaku\",\"publisher\":{\"@id\":\"https:\/\/sandzakpress.net\/arhiva\/#\/schema\/person\/6e72b67d6e51910a1117b3b483ba20bd\"},\"potentialAction\":[{\"@type\":\"SearchAction\",\"target\":{\"@type\":\"EntryPoint\",\"urlTemplate\":\"https:\/\/sandzakpress.net\/arhiva\/?s={search_term_string}\"},\"query-input\":{\"@type\":\"PropertyValueSpecification\",\"valueRequired\":true,\"valueName\":\"search_term_string\"}}],\"inLanguage\":\"bs-BA\"},{\"@type\":[\"Person\",\"Organization\"],\"@id\":\"https:\/\/sandzakpress.net\/arhiva\/#\/schema\/person\/6e72b67d6e51910a1117b3b483ba20bd\",\"name\":\"Kul\",\"image\":{\"@type\":\"ImageObject\",\"inLanguage\":\"bs-BA\",\"@id\":\"https:\/\/sandzakpress.net\/arhiva\/#\/schema\/person\/image\/\",\"url\":\"https:\/\/secure.gravatar.com\/avatar\/42263f39aa27ac04c43cab85c280eb2e?s=96&d=mm&r=pg\",\"contentUrl\":\"https:\/\/secure.gravatar.com\/avatar\/42263f39aa27ac04c43cab85c280eb2e?s=96&d=mm&r=pg\",\"caption\":\"Kul\"},\"logo\":{\"@id\":\"https:\/\/sandzakpress.net\/arhiva\/#\/schema\/person\/image\/\"}},{\"@type\":\"Person\",\"@id\":\"https:\/\/sandzakpress.net\/arhiva\/#\/schema\/person\/c8baee722073534b583ea7bdb2e36c02\",\"name\":\"bosniak\",\"image\":{\"@type\":\"ImageObject\",\"inLanguage\":\"bs-BA\",\"@id\":\"https:\/\/sandzakpress.net\/arhiva\/#\/schema\/person\/image\/\",\"url\":\"https:\/\/secure.gravatar.com\/avatar\/a04fd330bfe3a36a72a0ad4a6d89fca7?s=96&d=mm&r=pg\",\"contentUrl\":\"https:\/\/secure.gravatar.com\/avatar\/a04fd330bfe3a36a72a0ad4a6d89fca7?s=96&d=mm&r=pg\",\"caption\":\"bosniak\"},\"url\":\"https:\/\/sandzakpress.net\/arhiva\/author\/bosniak\/\"}]}<\/script>\n<!-- \/ Yoast SEO Premium plugin. -->","yoast_head_json":{"title":"D\u017eud\u017eo ne\u0107e imati posebnu listu ako se formira JEDINSTVENA LISTA i rije\u0161i pitanje Islamske zajednice","robots":{"index":"index","follow":"follow","max-snippet":"max-snippet:-1","max-image-preview":"max-image-preview:large","max-video-preview":"max-video-preview:-1"},"canonical":"https:\/\/sandzakpress.net\/arhiva\/dzudzo-nece-izaci-sa-posebnom-listom-ako-se-formira-jedinstvena-lista-i-rijesi-pitanje-islamske-zajednice\/","og_locale":"bs_BA","og_type":"article","og_title":"D\u017eud\u017eo ne\u0107e imati posebnu listu ako se formira JEDINSTVENA LISTA i rije\u0161i pitanje Islamske zajednice","og_description":"Novi Pazar &#8211; Esad D\u017eud\u017eo \u00a0je izjavio danas da \u0107e podr\u017eati listu\u00a0\u201cZa bo\u0161nja\u010dko jedinstvo\u201d na \u010delu sa dr. Sulejmanom Ugljaninom ukoliko do\u0111e do objedinjavanja i da \u0107e svoje kandidate kandidovati na toj listi: \u201cBo\u0161nja\u010dka lista\u201d, koja je u\u010destvovala na izborima 2010. godine i na \u010dijem je on bio \u010delu, ne\u0107e u\u010destvovati na predstoje\u0107im izborima za [&hellip;]","og_url":"https:\/\/sandzakpress.net\/arhiva\/dzudzo-nece-izaci-sa-posebnom-listom-ako-se-formira-jedinstvena-lista-i-rijesi-pitanje-islamske-zajednice\/","og_site_name":"Sand\u017eak PRESS","article_published_time":"2014-09-17T12:46:10+00:00","article_modified_time":"2014-09-17T12:47:04+00:00","og_image":[{"width":900,"height":476,"url":"https:\/\/sandzakpress.net\/arhiva\/wp-content\/uploads\/2014\/09\/esad-dzudzevic.jpg","type":"image\/jpeg"}],"author":"bosniak","twitter_card":"summary_large_image","twitter_misc":{"Written by":"bosniak","Est. reading time":"1 minuta"},"schema":{"@context":"https:\/\/schema.org","@graph":[{"@type":"Article","@id":"https:\/\/sandzakpress.net\/arhiva\/dzudzo-nece-izaci-sa-posebnom-listom-ako-se-formira-jedinstvena-lista-i-rijesi-pitanje-islamske-zajednice\/#article","isPartOf":{"@id":"https:\/\/sandzakpress.net\/arhiva\/dzudzo-nece-izaci-sa-posebnom-listom-ako-se-formira-jedinstvena-lista-i-rijesi-pitanje-islamske-zajednice\/"},"author":{"name":"bosniak","@id":"https:\/\/sandzakpress.net\/arhiva\/#\/schema\/person\/c8baee722073534b583ea7bdb2e36c02"},"headline":"D\u017eud\u017eo ne\u0107e imati posebnu listu ako se formira JEDINSTVENA LISTA i rije\u0161i pitanje Islamske zajednice","datePublished":"2014-09-17T12:46:10+00:00","dateModified":"2014-09-17T12:47:04+00:00","mainEntityOfPage":{"@id":"https:\/\/sandzakpress.net\/arhiva\/dzudzo-nece-izaci-sa-posebnom-listom-ako-se-formira-jedinstvena-lista-i-rijesi-pitanje-islamske-zajednice\/"},"wordCount":143,"commentCount":10,"publisher":{"@id":"https:\/\/sandzakpress.net\/arhiva\/#\/schema\/person\/6e72b67d6e51910a1117b3b483ba20bd"},"image":{"@id":"https:\/\/sandzakpress.net\/arhiva\/dzudzo-nece-izaci-sa-posebnom-listom-ako-se-formira-jedinstvena-lista-i-rijesi-pitanje-islamske-zajednice\/#primaryimage"},"thumbnailUrl":"https:\/\/sandzakpress.net\/arhiva\/wp-content\/uploads\/2014\/09\/esad-dzudzevic.jpg","keywords":["Esad D\u017eud\u017eo"],"articleSection":["Novi Pazar","Politika","Tutin","VIJESTI DANA"],"inLanguage":"bs-BA","potentialAction":[{"@type":"CommentAction","name":"Comment","target":["https:\/\/sandzakpress.net\/arhiva\/dzudzo-nece-izaci-sa-posebnom-listom-ako-se-formira-jedinstvena-lista-i-rijesi-pitanje-islamske-zajednice\/#respond"]}]},{"@type":"WebPage","@id":"https:\/\/sandzakpress.net\/arhiva\/dzudzo-nece-izaci-sa-posebnom-listom-ako-se-formira-jedinstvena-lista-i-rijesi-pitanje-islamske-zajednice\/","url":"https:\/\/sandzakpress.net\/arhiva\/dzudzo-nece-izaci-sa-posebnom-listom-ako-se-formira-jedinstvena-lista-i-rijesi-pitanje-islamske-zajednice\/","name":"D\u017eud\u017eo ne\u0107e imati posebnu listu ako se formira JEDINSTVENA LISTA i rije\u0161i pitanje Islamske zajednice","isPartOf":{"@id":"https:\/\/sandzakpress.net\/arhiva\/#website"},"primaryImageOfPage":{"@id":"https:\/\/sandzakpress.net\/arhiva\/dzudzo-nece-izaci-sa-posebnom-listom-ako-se-formira-jedinstvena-lista-i-rijesi-pitanje-islamske-zajednice\/#primaryimage"},"image":{"@id":"https:\/\/sandzakpress.net\/arhiva\/dzudzo-nece-izaci-sa-posebnom-listom-ako-se-formira-jedinstvena-lista-i-rijesi-pitanje-islamske-zajednice\/#primaryimage"},"thumbnailUrl":"https:\/\/sandzakpress.net\/arhiva\/wp-content\/uploads\/2014\/09\/esad-dzudzevic.jpg","datePublished":"2014-09-17T12:46:10+00:00","dateModified":"2014-09-17T12:47:04+00:00","breadcrumb":{"@id":"https:\/\/sandzakpress.net\/arhiva\/dzudzo-nece-izaci-sa-posebnom-listom-ako-se-formira-jedinstvena-lista-i-rijesi-pitanje-islamske-zajednice\/#breadcrumb"},"inLanguage":"bs-BA","potentialAction":[{"@type":"ReadAction","target":["https:\/\/sandzakpress.net\/arhiva\/dzudzo-nece-izaci-sa-posebnom-listom-ako-se-formira-jedinstvena-lista-i-rijesi-pitanje-islamske-zajednice\/"]}]},{"@type":"ImageObject","inLanguage":"bs-BA","@id":"https:\/\/sandzakpress.net\/arhiva\/dzudzo-nece-izaci-sa-posebnom-listom-ako-se-formira-jedinstvena-lista-i-rijesi-pitanje-islamske-zajednice\/#primaryimage","url":"https:\/\/sandzakpress.net\/arhiva\/wp-content\/uploads\/2014\/09\/esad-dzudzevic.jpg","contentUrl":"https:\/\/sandzakpress.net\/arhiva\/wp-content\/uploads\/2014\/09\/esad-dzudzevic.jpg","width":900,"height":476},{"@type":"BreadcrumbList","@id":"https:\/\/sandzakpress.net\/arhiva\/dzudzo-nece-izaci-sa-posebnom-listom-ako-se-formira-jedinstvena-lista-i-rijesi-pitanje-islamske-zajednice\/#breadcrumb","itemListElement":[{"@type":"ListItem","position":1,"name":"Home","item":"https:\/\/sandzakpress.net\/arhiva\/"},{"@type":"ListItem","position":2,"name":"D\u017eud\u017eo ne\u0107e imati posebnu listu ako se formira JEDINSTVENA LISTA i rije\u0161i pitanje Islamske zajednice"}]},{"@type":"WebSite","@id":"https:\/\/sandzakpress.net\/arhiva\/#website","url":"https:\/\/sandzakpress.net\/arhiva\/","name":"Sand\u017eak PRESS","description":"Prve elektronske novine u Sand\u017eaku","publisher":{"@id":"https:\/\/sandzakpress.net\/arhiva\/#\/schema\/person\/6e72b67d6e51910a1117b3b483ba20bd"},"potentialAction":[{"@type":"SearchAction","target":{"@type":"EntryPoint","urlTemplate":"https:\/\/sandzakpress.net\/arhiva\/?s={search_term_string}"},"query-input":{"@type":"PropertyValueSpecification","valueRequired":true,"valueName":"search_term_string"}}],"inLanguage":"bs-BA"},{"@type":["Person","Organization"],"@id":"https:\/\/sandzakpress.net\/arhiva\/#\/schema\/person\/6e72b67d6e51910a1117b3b483ba20bd","name":"Kul","image":{"@type":"ImageObject","inLanguage":"bs-BA","@id":"https:\/\/sandzakpress.net\/arhiva\/#\/schema\/person\/image\/","url":"https:\/\/secure.gravatar.com\/avatar\/42263f39aa27ac04c43cab85c280eb2e?s=96&d=mm&r=pg","contentUrl":"https:\/\/secure.gravatar.com\/avatar\/42263f39aa27ac04c43cab85c280eb2e?s=96&d=mm&r=pg","caption":"Kul"},"logo":{"@id":"https:\/\/sandzakpress.net\/arhiva\/#\/schema\/person\/image\/"}},{"@type":"Person","@id":"https:\/\/sandzakpress.net\/arhiva\/#\/schema\/person\/c8baee722073534b583ea7bdb2e36c02","name":"bosniak","image":{"@type":"ImageObject","inLanguage":"bs-BA","@id":"https:\/\/sandzakpress.net\/arhiva\/#\/schema\/person\/image\/","url":"https:\/\/secure.gravatar.com\/avatar\/a04fd330bfe3a36a72a0ad4a6d89fca7?s=96&d=mm&r=pg","contentUrl":"https:\/\/secure.gravatar.com\/avatar\/a04fd330bfe3a36a72a0ad4a6d89fca7?s=96&d=mm&r=pg","caption":"bosniak"},"url":"https:\/\/sandzakpress.net\/arhiva\/author\/bosniak\/"}]}},"_links":{"self":[{"href":"https:\/\/sandzakpress.net\/arhiva\/wp-json\/wp\/v2\/posts\/111826"}],"collection":[{"href":"https:\/\/sandzakpress.net\/arhiva\/wp-json\/wp\/v2\/posts"}],"about":[{"href":"https:\/\/sandzakpress.net\/arhiva\/wp-json\/wp\/v2\/types\/post"}],"author":[{"embeddable":true,"href":"https:\/\/sandzakpress.net\/arhiva\/wp-json\/wp\/v2\/users\/83"}],"replies":[{"embeddable":true,"href":"https:\/\/sandzakpress.net\/arhiva\/wp-json\/wp\/v2\/comments?post=111826"}],"version-history":[{"count":0,"href":"https:\/\/sandzakpress.net\/arhiva\/wp-json\/wp\/v2\/posts\/111826\/revisions"}],"wp:featuredmedia":[{"embeddable":true,"href":"https:\/\/sandzakpress.net\/arhiva\/wp-json\/wp\/v2\/media\/111827"}],"wp:attachment":[{"href":"https:\/\/sandzakpress.net\/arhiva\/wp-json\/wp\/v2\/media?parent=111826"}],"wp:term":[{"taxonomy":"category","embeddable":true,"href":"https:\/\/sandzakpress.net\/arhiva\/wp-json\/wp\/v2\/categories?post=111826"},{"taxonomy":"post_tag","embeddable":true,"href":"https:\/\/sandzakpress.net\/arhiva\/wp-json\/wp\/v2\/tags?post=111826"}],"curies":[{"name":"wp","href":"https:\/\/api.w.org\/{rel}","templated":true}]}}