{"id":111822,"date":"2014-09-17T11:38:19","date_gmt":"2014-09-17T09:38:19","guid":{"rendered":"https:\/\/sandzakpress.net\/arhiva\/?p=111822"},"modified":"2014-09-17T11:38:19","modified_gmt":"2014-09-17T09:38:19","slug":"luda-djeca-na-facebooku-nanose-veliku-stetu-sa-zahtjevima-za-armiju-sandzaka","status":"publish","type":"post","link":"https:\/\/sandzakpress.net\/arhiva\/luda-djeca-na-facebooku-nanose-veliku-stetu-sa-zahtjevima-za-armiju-sandzaka\/","title":{"rendered":"Luda djeca na facebooku nanose veliku \u0161tetu sa zahtjevima za &#8220;Armiju Sand\u017eaka&#8221;"},"content":{"rendered":"<p><img decoding=\"async\" src=\"http:\/\/www.novosti.rs\/upload\/images\/2014\/\/09\/16n\/00-rasim.jpg\" alt=\" Rasim Ljaji\u0107\" \/><\/p>\n<p><strong><span style=\"color: #000000;\">Novi Pazar &#8211; \u201eVidim neki na Facebook-u tra\u017ee nekakvu Armiju Sand\u017eaka, zamislite tih ludaka, zamislite kakvu \u0161tetu ta djeca nanose cijelom kraju, cijela Srbija danas bruji o ne\u010demu \u010dega nema, niti \u0107e ga ikada biti. Kakva crna armija, kom je vi\u0161e do sukoba, ratovanja i podjela? Vi koji ste ve\u010deras ovde garancija ste jednog druga\u010dijeg, ljep\u0161eg i perspektivnijeg Novog Pazara, su\u017eivota i miira i ekonomskog razvoja\u201c, dodao je Ljaji\u0107.<\/span><\/strong><\/p>\n<p style=\"color: #000000;\">\u201eSvjedoci smo \u0161ta smo pre\u017eivjeli, \u0161to zbog Milo\u0161evi\u0107eve politike \u0161to zbog na\u0161ih gluposti. Ne\u0107emo da dozvolimo reprizu toga\u201d \u2013 rekao je Ljaji\u0107 i dodao da se ne\u0107e dozvoliti \u201conima \u0161to bi htjeli da Pazar predstave kao bure baruta\u201d.<\/p>\n<p>(Tanjug)<\/p>\n","protected":false},"excerpt":{"rendered":"<p>Novi Pazar &#8211; \u201eVidim neki na Facebook-u tra\u017ee nekakvu Armiju Sand\u017eaka, zamislite tih ludaka, zamislite kakvu \u0161tetu ta djeca nanose cijelom kraju, cijela Srbija danas bruji o ne\u010demu \u010dega nema, niti \u0107e ga ikada biti. Kakva crna armija, kom je vi\u0161e do sukoba, ratovanja i podjela? Vi koji ste ve\u010deras ovde garancija ste jednog druga\u010dijeg, [&hellip;]<\/p>\n","protected":false},"author":83,"featured_media":111823,"comment_status":"open","ping_status":"open","sticky":false,"template":"","format":"standard","meta":{"footnotes":""},"categories":[72,1,8957],"tags":[10210,10288],"class_list":{"0":"post-111822","1":"post","2":"type-post","3":"status-publish","4":"format-standard","5":"has-post-thumbnail","7":"category-novi-pazar","8":"category-politika","9":"category-vijesti-dana","10":"tag-rasim-ljajic","11":"tag-autonomija-sandzaka"},"yoast_head":"<!-- This site is optimized with the Yoast SEO Premium plugin v23.1 (Yoast SEO v24.9) - https:\/\/yoast.com\/wordpress\/plugins\/seo\/ -->\n<title>Luda djeca na facebooku nanose veliku \u0161tetu sa zahtjevima za &quot;Armiju Sand\u017eaka&quot;<\/title>\n<meta name=\"robots\" content=\"index, follow, max-snippet:-1, max-image-preview:large, max-video-preview:-1\" \/>\n<link rel=\"canonical\" href=\"https:\/\/sandzakpress.net\/arhiva\/luda-djeca-na-facebooku-nanose-veliku-stetu-sa-zahtjevima-za-armiju-sandzaka\/\" \/>\n<meta property=\"og:locale\" content=\"bs_BA\" \/>\n<meta property=\"og:type\" content=\"article\" \/>\n<meta property=\"og:title\" content=\"Luda djeca na facebooku nanose veliku \u0161tetu sa zahtjevima za &quot;Armiju Sand\u017eaka&quot;\" \/>\n<meta property=\"og:description\" content=\"Novi Pazar &#8211; \u201eVidim neki na Facebook-u tra\u017ee nekakvu Armiju Sand\u017eaka, zamislite tih ludaka, zamislite kakvu \u0161tetu ta djeca nanose cijelom kraju, cijela Srbija danas bruji o ne\u010demu \u010dega nema, niti \u0107e ga ikada biti. Kakva crna armija, kom je vi\u0161e do sukoba, ratovanja i podjela? Vi koji ste ve\u010deras ovde garancija ste jednog druga\u010dijeg, [&hellip;]\" \/>\n<meta property=\"og:url\" content=\"https:\/\/sandzakpress.net\/arhiva\/luda-djeca-na-facebooku-nanose-veliku-stetu-sa-zahtjevima-za-armiju-sandzaka\/\" \/>\n<meta property=\"og:site_name\" content=\"Sand\u017eak PRESS\" \/>\n<meta property=\"article:published_time\" content=\"2014-09-17T09:38:19+00:00\" \/>\n<meta property=\"og:image\" content=\"https:\/\/sandzakpress.net\/arhiva\/wp-content\/uploads\/2014\/09\/00-rasim.jpg\" \/>\n\t<meta property=\"og:image:width\" content=\"800\" \/>\n\t<meta property=\"og:image:height\" content=\"578\" \/>\n\t<meta property=\"og:image:type\" content=\"image\/jpeg\" \/>\n<meta name=\"author\" content=\"bosniak\" \/>\n<meta name=\"twitter:card\" content=\"summary_large_image\" \/>\n<meta name=\"twitter:label1\" content=\"Written by\" \/>\n\t<meta name=\"twitter:data1\" content=\"bosniak\" \/>\n\t<meta name=\"twitter:label2\" content=\"Est. reading time\" \/>\n\t<meta name=\"twitter:data2\" content=\"1 minuta\" \/>\n<script type=\"application\/ld+json\" class=\"yoast-schema-graph\">{\"@context\":\"https:\/\/schema.org\",\"@graph\":[{\"@type\":\"Article\",\"@id\":\"https:\/\/sandzakpress.net\/arhiva\/luda-djeca-na-facebooku-nanose-veliku-stetu-sa-zahtjevima-za-armiju-sandzaka\/#article\",\"isPartOf\":{\"@id\":\"https:\/\/sandzakpress.net\/arhiva\/luda-djeca-na-facebooku-nanose-veliku-stetu-sa-zahtjevima-za-armiju-sandzaka\/\"},\"author\":{\"name\":\"bosniak\",\"@id\":\"https:\/\/sandzakpress.net\/arhiva\/#\/schema\/person\/c8baee722073534b583ea7bdb2e36c02\"},\"headline\":\"Luda djeca na facebooku nanose veliku \u0161tetu sa zahtjevima za &#8220;Armiju Sand\u017eaka&#8221;\",\"datePublished\":\"2014-09-17T09:38:19+00:00\",\"mainEntityOfPage\":{\"@id\":\"https:\/\/sandzakpress.net\/arhiva\/luda-djeca-na-facebooku-nanose-veliku-stetu-sa-zahtjevima-za-armiju-sandzaka\/\"},\"wordCount\":134,\"commentCount\":30,\"publisher\":{\"@id\":\"https:\/\/sandzakpress.net\/arhiva\/#\/schema\/person\/6e72b67d6e51910a1117b3b483ba20bd\"},\"image\":{\"@id\":\"https:\/\/sandzakpress.net\/arhiva\/luda-djeca-na-facebooku-nanose-veliku-stetu-sa-zahtjevima-za-armiju-sandzaka\/#primaryimage\"},\"thumbnailUrl\":\"https:\/\/sandzakpress.net\/arhiva\/wp-content\/uploads\/2014\/09\/00-rasim.jpg\",\"keywords\":[\"Rasim Ljaji\u0107\",\"Autonomija Sand\u017eaka\"],\"articleSection\":[\"Novi Pazar\",\"Politika\",\"VIJESTI DANA\"],\"inLanguage\":\"bs-BA\",\"potentialAction\":[{\"@type\":\"CommentAction\",\"name\":\"Comment\",\"target\":[\"https:\/\/sandzakpress.net\/arhiva\/luda-djeca-na-facebooku-nanose-veliku-stetu-sa-zahtjevima-za-armiju-sandzaka\/#respond\"]}]},{\"@type\":\"WebPage\",\"@id\":\"https:\/\/sandzakpress.net\/arhiva\/luda-djeca-na-facebooku-nanose-veliku-stetu-sa-zahtjevima-za-armiju-sandzaka\/\",\"url\":\"https:\/\/sandzakpress.net\/arhiva\/luda-djeca-na-facebooku-nanose-veliku-stetu-sa-zahtjevima-za-armiju-sandzaka\/\",\"name\":\"Luda djeca na facebooku nanose veliku \u0161tetu sa zahtjevima za \\\"Armiju Sand\u017eaka\\\"\",\"isPartOf\":{\"@id\":\"https:\/\/sandzakpress.net\/arhiva\/#website\"},\"primaryImageOfPage\":{\"@id\":\"https:\/\/sandzakpress.net\/arhiva\/luda-djeca-na-facebooku-nanose-veliku-stetu-sa-zahtjevima-za-armiju-sandzaka\/#primaryimage\"},\"image\":{\"@id\":\"https:\/\/sandzakpress.net\/arhiva\/luda-djeca-na-facebooku-nanose-veliku-stetu-sa-zahtjevima-za-armiju-sandzaka\/#primaryimage\"},\"thumbnailUrl\":\"https:\/\/sandzakpress.net\/arhiva\/wp-content\/uploads\/2014\/09\/00-rasim.jpg\",\"datePublished\":\"2014-09-17T09:38:19+00:00\",\"breadcrumb\":{\"@id\":\"https:\/\/sandzakpress.net\/arhiva\/luda-djeca-na-facebooku-nanose-veliku-stetu-sa-zahtjevima-za-armiju-sandzaka\/#breadcrumb\"},\"inLanguage\":\"bs-BA\",\"potentialAction\":[{\"@type\":\"ReadAction\",\"target\":[\"https:\/\/sandzakpress.net\/arhiva\/luda-djeca-na-facebooku-nanose-veliku-stetu-sa-zahtjevima-za-armiju-sandzaka\/\"]}]},{\"@type\":\"ImageObject\",\"inLanguage\":\"bs-BA\",\"@id\":\"https:\/\/sandzakpress.net\/arhiva\/luda-djeca-na-facebooku-nanose-veliku-stetu-sa-zahtjevima-za-armiju-sandzaka\/#primaryimage\",\"url\":\"https:\/\/sandzakpress.net\/arhiva\/wp-content\/uploads\/2014\/09\/00-rasim.jpg\",\"contentUrl\":\"https:\/\/sandzakpress.net\/arhiva\/wp-content\/uploads\/2014\/09\/00-rasim.jpg\",\"width\":800,\"height\":578},{\"@type\":\"BreadcrumbList\",\"@id\":\"https:\/\/sandzakpress.net\/arhiva\/luda-djeca-na-facebooku-nanose-veliku-stetu-sa-zahtjevima-za-armiju-sandzaka\/#breadcrumb\",\"itemListElement\":[{\"@type\":\"ListItem\",\"position\":1,\"name\":\"Home\",\"item\":\"https:\/\/sandzakpress.net\/arhiva\/\"},{\"@type\":\"ListItem\",\"position\":2,\"name\":\"Luda djeca na facebooku nanose veliku \u0161tetu sa zahtjevima za &#8220;Armiju Sand\u017eaka&#8221;\"}]},{\"@type\":\"WebSite\",\"@id\":\"https:\/\/sandzakpress.net\/arhiva\/#website\",\"url\":\"https:\/\/sandzakpress.net\/arhiva\/\",\"name\":\"Sand\u017eak PRESS\",\"description\":\"Prve elektronske novine u Sand\u017eaku\",\"publisher\":{\"@id\":\"https:\/\/sandzakpress.net\/arhiva\/#\/schema\/person\/6e72b67d6e51910a1117b3b483ba20bd\"},\"potentialAction\":[{\"@type\":\"SearchAction\",\"target\":{\"@type\":\"EntryPoint\",\"urlTemplate\":\"https:\/\/sandzakpress.net\/arhiva\/?s={search_term_string}\"},\"query-input\":{\"@type\":\"PropertyValueSpecification\",\"valueRequired\":true,\"valueName\":\"search_term_string\"}}],\"inLanguage\":\"bs-BA\"},{\"@type\":[\"Person\",\"Organization\"],\"@id\":\"https:\/\/sandzakpress.net\/arhiva\/#\/schema\/person\/6e72b67d6e51910a1117b3b483ba20bd\",\"name\":\"Kul\",\"image\":{\"@type\":\"ImageObject\",\"inLanguage\":\"bs-BA\",\"@id\":\"https:\/\/sandzakpress.net\/arhiva\/#\/schema\/person\/image\/\",\"url\":\"https:\/\/secure.gravatar.com\/avatar\/42263f39aa27ac04c43cab85c280eb2e?s=96&d=mm&r=pg\",\"contentUrl\":\"https:\/\/secure.gravatar.com\/avatar\/42263f39aa27ac04c43cab85c280eb2e?s=96&d=mm&r=pg\",\"caption\":\"Kul\"},\"logo\":{\"@id\":\"https:\/\/sandzakpress.net\/arhiva\/#\/schema\/person\/image\/\"}},{\"@type\":\"Person\",\"@id\":\"https:\/\/sandzakpress.net\/arhiva\/#\/schema\/person\/c8baee722073534b583ea7bdb2e36c02\",\"name\":\"bosniak\",\"image\":{\"@type\":\"ImageObject\",\"inLanguage\":\"bs-BA\",\"@id\":\"https:\/\/sandzakpress.net\/arhiva\/#\/schema\/person\/image\/\",\"url\":\"https:\/\/secure.gravatar.com\/avatar\/a04fd330bfe3a36a72a0ad4a6d89fca7?s=96&d=mm&r=pg\",\"contentUrl\":\"https:\/\/secure.gravatar.com\/avatar\/a04fd330bfe3a36a72a0ad4a6d89fca7?s=96&d=mm&r=pg\",\"caption\":\"bosniak\"},\"url\":\"https:\/\/sandzakpress.net\/arhiva\/author\/bosniak\/\"}]}<\/script>\n<!-- \/ Yoast SEO Premium plugin. -->","yoast_head_json":{"title":"Luda djeca na facebooku nanose veliku \u0161tetu sa zahtjevima za \"Armiju Sand\u017eaka\"","robots":{"index":"index","follow":"follow","max-snippet":"max-snippet:-1","max-image-preview":"max-image-preview:large","max-video-preview":"max-video-preview:-1"},"canonical":"https:\/\/sandzakpress.net\/arhiva\/luda-djeca-na-facebooku-nanose-veliku-stetu-sa-zahtjevima-za-armiju-sandzaka\/","og_locale":"bs_BA","og_type":"article","og_title":"Luda djeca na facebooku nanose veliku \u0161tetu sa zahtjevima za \"Armiju Sand\u017eaka\"","og_description":"Novi Pazar &#8211; \u201eVidim neki na Facebook-u tra\u017ee nekakvu Armiju Sand\u017eaka, zamislite tih ludaka, zamislite kakvu \u0161tetu ta djeca nanose cijelom kraju, cijela Srbija danas bruji o ne\u010demu \u010dega nema, niti \u0107e ga ikada biti. Kakva crna armija, kom je vi\u0161e do sukoba, ratovanja i podjela? Vi koji ste ve\u010deras ovde garancija ste jednog druga\u010dijeg, [&hellip;]","og_url":"https:\/\/sandzakpress.net\/arhiva\/luda-djeca-na-facebooku-nanose-veliku-stetu-sa-zahtjevima-za-armiju-sandzaka\/","og_site_name":"Sand\u017eak PRESS","article_published_time":"2014-09-17T09:38:19+00:00","og_image":[{"width":800,"height":578,"url":"https:\/\/sandzakpress.net\/arhiva\/wp-content\/uploads\/2014\/09\/00-rasim.jpg","type":"image\/jpeg"}],"author":"bosniak","twitter_card":"summary_large_image","twitter_misc":{"Written by":"bosniak","Est. reading time":"1 minuta"},"schema":{"@context":"https:\/\/schema.org","@graph":[{"@type":"Article","@id":"https:\/\/sandzakpress.net\/arhiva\/luda-djeca-na-facebooku-nanose-veliku-stetu-sa-zahtjevima-za-armiju-sandzaka\/#article","isPartOf":{"@id":"https:\/\/sandzakpress.net\/arhiva\/luda-djeca-na-facebooku-nanose-veliku-stetu-sa-zahtjevima-za-armiju-sandzaka\/"},"author":{"name":"bosniak","@id":"https:\/\/sandzakpress.net\/arhiva\/#\/schema\/person\/c8baee722073534b583ea7bdb2e36c02"},"headline":"Luda djeca na facebooku nanose veliku \u0161tetu sa zahtjevima za &#8220;Armiju Sand\u017eaka&#8221;","datePublished":"2014-09-17T09:38:19+00:00","mainEntityOfPage":{"@id":"https:\/\/sandzakpress.net\/arhiva\/luda-djeca-na-facebooku-nanose-veliku-stetu-sa-zahtjevima-za-armiju-sandzaka\/"},"wordCount":134,"commentCount":30,"publisher":{"@id":"https:\/\/sandzakpress.net\/arhiva\/#\/schema\/person\/6e72b67d6e51910a1117b3b483ba20bd"},"image":{"@id":"https:\/\/sandzakpress.net\/arhiva\/luda-djeca-na-facebooku-nanose-veliku-stetu-sa-zahtjevima-za-armiju-sandzaka\/#primaryimage"},"thumbnailUrl":"https:\/\/sandzakpress.net\/arhiva\/wp-content\/uploads\/2014\/09\/00-rasim.jpg","keywords":["Rasim Ljaji\u0107","Autonomija Sand\u017eaka"],"articleSection":["Novi Pazar","Politika","VIJESTI DANA"],"inLanguage":"bs-BA","potentialAction":[{"@type":"CommentAction","name":"Comment","target":["https:\/\/sandzakpress.net\/arhiva\/luda-djeca-na-facebooku-nanose-veliku-stetu-sa-zahtjevima-za-armiju-sandzaka\/#respond"]}]},{"@type":"WebPage","@id":"https:\/\/sandzakpress.net\/arhiva\/luda-djeca-na-facebooku-nanose-veliku-stetu-sa-zahtjevima-za-armiju-sandzaka\/","url":"https:\/\/sandzakpress.net\/arhiva\/luda-djeca-na-facebooku-nanose-veliku-stetu-sa-zahtjevima-za-armiju-sandzaka\/","name":"Luda djeca na facebooku nanose veliku \u0161tetu sa zahtjevima za \"Armiju Sand\u017eaka\"","isPartOf":{"@id":"https:\/\/sandzakpress.net\/arhiva\/#website"},"primaryImageOfPage":{"@id":"https:\/\/sandzakpress.net\/arhiva\/luda-djeca-na-facebooku-nanose-veliku-stetu-sa-zahtjevima-za-armiju-sandzaka\/#primaryimage"},"image":{"@id":"https:\/\/sandzakpress.net\/arhiva\/luda-djeca-na-facebooku-nanose-veliku-stetu-sa-zahtjevima-za-armiju-sandzaka\/#primaryimage"},"thumbnailUrl":"https:\/\/sandzakpress.net\/arhiva\/wp-content\/uploads\/2014\/09\/00-rasim.jpg","datePublished":"2014-09-17T09:38:19+00:00","breadcrumb":{"@id":"https:\/\/sandzakpress.net\/arhiva\/luda-djeca-na-facebooku-nanose-veliku-stetu-sa-zahtjevima-za-armiju-sandzaka\/#breadcrumb"},"inLanguage":"bs-BA","potentialAction":[{"@type":"ReadAction","target":["https:\/\/sandzakpress.net\/arhiva\/luda-djeca-na-facebooku-nanose-veliku-stetu-sa-zahtjevima-za-armiju-sandzaka\/"]}]},{"@type":"ImageObject","inLanguage":"bs-BA","@id":"https:\/\/sandzakpress.net\/arhiva\/luda-djeca-na-facebooku-nanose-veliku-stetu-sa-zahtjevima-za-armiju-sandzaka\/#primaryimage","url":"https:\/\/sandzakpress.net\/arhiva\/wp-content\/uploads\/2014\/09\/00-rasim.jpg","contentUrl":"https:\/\/sandzakpress.net\/arhiva\/wp-content\/uploads\/2014\/09\/00-rasim.jpg","width":800,"height":578},{"@type":"BreadcrumbList","@id":"https:\/\/sandzakpress.net\/arhiva\/luda-djeca-na-facebooku-nanose-veliku-stetu-sa-zahtjevima-za-armiju-sandzaka\/#breadcrumb","itemListElement":[{"@type":"ListItem","position":1,"name":"Home","item":"https:\/\/sandzakpress.net\/arhiva\/"},{"@type":"ListItem","position":2,"name":"Luda djeca na facebooku nanose veliku \u0161tetu sa zahtjevima za &#8220;Armiju Sand\u017eaka&#8221;"}]},{"@type":"WebSite","@id":"https:\/\/sandzakpress.net\/arhiva\/#website","url":"https:\/\/sandzakpress.net\/arhiva\/","name":"Sand\u017eak PRESS","description":"Prve elektronske novine u Sand\u017eaku","publisher":{"@id":"https:\/\/sandzakpress.net\/arhiva\/#\/schema\/person\/6e72b67d6e51910a1117b3b483ba20bd"},"potentialAction":[{"@type":"SearchAction","target":{"@type":"EntryPoint","urlTemplate":"https:\/\/sandzakpress.net\/arhiva\/?s={search_term_string}"},"query-input":{"@type":"PropertyValueSpecification","valueRequired":true,"valueName":"search_term_string"}}],"inLanguage":"bs-BA"},{"@type":["Person","Organization"],"@id":"https:\/\/sandzakpress.net\/arhiva\/#\/schema\/person\/6e72b67d6e51910a1117b3b483ba20bd","name":"Kul","image":{"@type":"ImageObject","inLanguage":"bs-BA","@id":"https:\/\/sandzakpress.net\/arhiva\/#\/schema\/person\/image\/","url":"https:\/\/secure.gravatar.com\/avatar\/42263f39aa27ac04c43cab85c280eb2e?s=96&d=mm&r=pg","contentUrl":"https:\/\/secure.gravatar.com\/avatar\/42263f39aa27ac04c43cab85c280eb2e?s=96&d=mm&r=pg","caption":"Kul"},"logo":{"@id":"https:\/\/sandzakpress.net\/arhiva\/#\/schema\/person\/image\/"}},{"@type":"Person","@id":"https:\/\/sandzakpress.net\/arhiva\/#\/schema\/person\/c8baee722073534b583ea7bdb2e36c02","name":"bosniak","image":{"@type":"ImageObject","inLanguage":"bs-BA","@id":"https:\/\/sandzakpress.net\/arhiva\/#\/schema\/person\/image\/","url":"https:\/\/secure.gravatar.com\/avatar\/a04fd330bfe3a36a72a0ad4a6d89fca7?s=96&d=mm&r=pg","contentUrl":"https:\/\/secure.gravatar.com\/avatar\/a04fd330bfe3a36a72a0ad4a6d89fca7?s=96&d=mm&r=pg","caption":"bosniak"},"url":"https:\/\/sandzakpress.net\/arhiva\/author\/bosniak\/"}]}},"_links":{"self":[{"href":"https:\/\/sandzakpress.net\/arhiva\/wp-json\/wp\/v2\/posts\/111822"}],"collection":[{"href":"https:\/\/sandzakpress.net\/arhiva\/wp-json\/wp\/v2\/posts"}],"about":[{"href":"https:\/\/sandzakpress.net\/arhiva\/wp-json\/wp\/v2\/types\/post"}],"author":[{"embeddable":true,"href":"https:\/\/sandzakpress.net\/arhiva\/wp-json\/wp\/v2\/users\/83"}],"replies":[{"embeddable":true,"href":"https:\/\/sandzakpress.net\/arhiva\/wp-json\/wp\/v2\/comments?post=111822"}],"version-history":[{"count":0,"href":"https:\/\/sandzakpress.net\/arhiva\/wp-json\/wp\/v2\/posts\/111822\/revisions"}],"wp:featuredmedia":[{"embeddable":true,"href":"https:\/\/sandzakpress.net\/arhiva\/wp-json\/wp\/v2\/media\/111823"}],"wp:attachment":[{"href":"https:\/\/sandzakpress.net\/arhiva\/wp-json\/wp\/v2\/media?parent=111822"}],"wp:term":[{"taxonomy":"category","embeddable":true,"href":"https:\/\/sandzakpress.net\/arhiva\/wp-json\/wp\/v2\/categories?post=111822"},{"taxonomy":"post_tag","embeddable":true,"href":"https:\/\/sandzakpress.net\/arhiva\/wp-json\/wp\/v2\/tags?post=111822"}],"curies":[{"name":"wp","href":"https:\/\/api.w.org\/{rel}","templated":true}]}}