{"id":111785,"date":"2014-09-16T16:57:30","date_gmt":"2014-09-16T14:57:30","guid":{"rendered":"https:\/\/sandzakpress.net\/arhiva\/?p=111785"},"modified":"2014-09-16T16:57:30","modified_gmt":"2014-09-16T14:57:30","slug":"dr-ceric-kamen-na-ferhadiju-kamen-na-dusu","status":"publish","type":"post","link":"https:\/\/sandzakpress.net\/arhiva\/dr-ceric-kamen-na-ferhadiju-kamen-na-dusu\/","title":{"rendered":"Dr. Ceri\u0107: \u2018Kamen na Ferhadiju \u2013 kamen na du\u0161u\u2019"},"content":{"rendered":"<p><a href=\"https:\/\/sandzakpress.net\/arhiva\/wp-content\/uploads\/2014\/09\/mustafa_ceric_vijesti_761705515.jpg\"><img loading=\"lazy\" decoding=\"async\" class=\"aligncenter size-full wp-image-111786\" src=\"https:\/\/sandzakpress.net\/arhiva\/wp-content\/uploads\/2014\/09\/mustafa_ceric_vijesti_761705515.jpg\" alt=\"mustafa_ceric_vijesti_761705515\" width=\"600\" height=\"450\" \/><\/a><\/p>\n<p style=\"color: #000000;\"><strong style=\"font-style: inherit;\">BiH &#8211; D\u017eamija Ferhadija u Banjoj Luci sino\u0107 je ponovo bila meta napada. Pod izgovorom izgubljenog ko\u0161arka\u0161kog me\u010da, banjalu\u010dka ljepotica ponovo se na\u0161la na meti vandala.<\/strong><span id=\"more-121984\" style=\"font-weight: inherit; font-style: inherit;\"><\/span><\/p>\n<p style=\"color: #000000;\">\u201eKamenovanje Ferhadije d\u017eamije u Banjoj Luci ne umanjuje vrijednost d\u017eamije, ve\u0107 govori o kr\u0161enju ljudskih prava gra\u0111ana dr\u017eave Bosne i Hercegovine. Stoga, najo\u0161trije osu\u0111ujem nasilje u Banjoj Luci i pozivam dr\u017eavne organe, kao i institucije me\u0111unarodne zajednice, koje su zadu\u017eene za provedbu mira u na\u0161oj zemlji, da hitno djeluju na otkrivanju organizatora i izvo\u0111a\u010da tog nasilnog \u010dina\u201c, poru\u010dio je dr. Mustafa Ceri\u0107, nezavisni kandidat za bo\u0161nja\u010dkog \u010dlana Predsjedni\u0161tva Bosne i Hercegovine.<\/p>\n<p style=\"color: #000000;\">\u201eKamen na d\u017eamiju u Banjoj Luci je kamen na du\u0161u i \u010dast svakog po\u0161tenog \u010dovjeka koji ne mrzi druge ljude zbog njihove druga\u010dije vjere. Muslimanima Bo\u0161njacima u Banjoj Luci iskreno izra\u017eavam svoja suosje\u0107anja sa porukom da znaju da nisu sami i da je njihova du\u0161evna bol zbog kamenovanja Ferhadije zasigurno i bol svakog \u010dovjeka \u010dista srca i dobre volje\u201c, naglasio je dr. Ceri\u0107 te dodao da ovaj, kao i svaki drugi \u201enapad na vjeru i ljudsku \u010dast bilo koga treba da nas ujedini u na\u0161em nastojanju da imamo jaku dr\u017eavu na cijeloj teritoriji Bosne i Hercegovine, dr\u017eavu koja \u0107e \u0161tititi ljudska prava svih ljudi i naroda bez obzira na vjeru i naciju\u201c.<\/p>\n<p style=\"color: #000000;\">\u201eMislio sam se da je ubistvo Murata Badi\u0107a bila dovoljno sna\u017ena opomena vlastima u Banjoj Luci da \u0161tite ljudsku \u010dast i da ne dozvole da huligani skrnave d\u017eamije, crkve, sinagoge i groblja\u201c, naglasio je dr. Ceri\u0107.<\/p>\n<p style=\"color: #000000;\">(Fena)<\/p>\n","protected":false},"excerpt":{"rendered":"<p>BiH &#8211; D\u017eamija Ferhadija u Banjoj Luci sino\u0107 je ponovo bila meta napada. Pod izgovorom izgubljenog ko\u0161arka\u0161kog me\u010da, banjalu\u010dka ljepotica ponovo se na\u0161la na meti vandala. \u201eKamenovanje Ferhadije d\u017eamije u Banjoj Luci ne umanjuje vrijednost d\u017eamije, ve\u0107 govori o kr\u0161enju ljudskih prava gra\u0111ana dr\u017eave Bosne i Hercegovine. Stoga, najo\u0161trije osu\u0111ujem nasilje u Banjoj Luci i [&hellip;]<\/p>\n","protected":false},"author":83,"featured_media":111786,"comment_status":"open","ping_status":"open","sticky":false,"template":"","format":"standard","meta":{"footnotes":""},"categories":[800,2860,8957],"tags":[10233],"class_list":{"0":"post-111785","1":"post","2":"type-post","3":"status-publish","4":"format-standard","5":"has-post-thumbnail","7":"category-nacija","8":"category-bosna-i-hercegovina-gradovi","9":"category-vijesti-dana","10":"tag-dr-mustafa-ceric"},"yoast_head":"<!-- This site is optimized with the Yoast SEO Premium plugin v23.1 (Yoast SEO v24.9) - https:\/\/yoast.com\/wordpress\/plugins\/seo\/ -->\n<title>Dr. Ceri\u0107: \u2018Kamen na Ferhadiju \u2013 kamen na du\u0161u\u2019<\/title>\n<meta name=\"robots\" content=\"index, follow, max-snippet:-1, max-image-preview:large, max-video-preview:-1\" \/>\n<link rel=\"canonical\" href=\"https:\/\/sandzakpress.net\/arhiva\/dr-ceric-kamen-na-ferhadiju-kamen-na-dusu\/\" \/>\n<meta property=\"og:locale\" content=\"bs_BA\" \/>\n<meta property=\"og:type\" content=\"article\" \/>\n<meta property=\"og:title\" content=\"Dr. Ceri\u0107: \u2018Kamen na Ferhadiju \u2013 kamen na du\u0161u\u2019\" \/>\n<meta property=\"og:description\" content=\"BiH &#8211; D\u017eamija Ferhadija u Banjoj Luci sino\u0107 je ponovo bila meta napada. Pod izgovorom izgubljenog ko\u0161arka\u0161kog me\u010da, banjalu\u010dka ljepotica ponovo se na\u0161la na meti vandala. \u201eKamenovanje Ferhadije d\u017eamije u Banjoj Luci ne umanjuje vrijednost d\u017eamije, ve\u0107 govori o kr\u0161enju ljudskih prava gra\u0111ana dr\u017eave Bosne i Hercegovine. Stoga, najo\u0161trije osu\u0111ujem nasilje u Banjoj Luci i [&hellip;]\" \/>\n<meta property=\"og:url\" content=\"https:\/\/sandzakpress.net\/arhiva\/dr-ceric-kamen-na-ferhadiju-kamen-na-dusu\/\" \/>\n<meta property=\"og:site_name\" content=\"Sand\u017eak PRESS\" \/>\n<meta property=\"article:published_time\" content=\"2014-09-16T14:57:30+00:00\" \/>\n<meta property=\"og:image\" content=\"https:\/\/sandzakpress.net\/arhiva\/wp-content\/uploads\/2014\/09\/mustafa_ceric_vijesti_761705515.jpg\" \/>\n\t<meta property=\"og:image:width\" content=\"600\" \/>\n\t<meta property=\"og:image:height\" content=\"450\" \/>\n\t<meta property=\"og:image:type\" content=\"image\/jpeg\" \/>\n<meta name=\"author\" content=\"bosniak\" \/>\n<meta name=\"twitter:card\" content=\"summary_large_image\" \/>\n<meta name=\"twitter:label1\" content=\"Written by\" \/>\n\t<meta name=\"twitter:data1\" content=\"bosniak\" \/>\n\t<meta name=\"twitter:label2\" content=\"Est. reading time\" \/>\n\t<meta name=\"twitter:data2\" content=\"1 minuta\" \/>\n<script type=\"application\/ld+json\" class=\"yoast-schema-graph\">{\"@context\":\"https:\/\/schema.org\",\"@graph\":[{\"@type\":\"Article\",\"@id\":\"https:\/\/sandzakpress.net\/arhiva\/dr-ceric-kamen-na-ferhadiju-kamen-na-dusu\/#article\",\"isPartOf\":{\"@id\":\"https:\/\/sandzakpress.net\/arhiva\/dr-ceric-kamen-na-ferhadiju-kamen-na-dusu\/\"},\"author\":{\"name\":\"bosniak\",\"@id\":\"https:\/\/sandzakpress.net\/arhiva\/#\/schema\/person\/c8baee722073534b583ea7bdb2e36c02\"},\"headline\":\"Dr. Ceri\u0107: \u2018Kamen na Ferhadiju \u2013 kamen na du\u0161u\u2019\",\"datePublished\":\"2014-09-16T14:57:30+00:00\",\"mainEntityOfPage\":{\"@id\":\"https:\/\/sandzakpress.net\/arhiva\/dr-ceric-kamen-na-ferhadiju-kamen-na-dusu\/\"},\"wordCount\":292,\"commentCount\":13,\"publisher\":{\"@id\":\"https:\/\/sandzakpress.net\/arhiva\/#\/schema\/person\/6e72b67d6e51910a1117b3b483ba20bd\"},\"image\":{\"@id\":\"https:\/\/sandzakpress.net\/arhiva\/dr-ceric-kamen-na-ferhadiju-kamen-na-dusu\/#primaryimage\"},\"thumbnailUrl\":\"https:\/\/sandzakpress.net\/arhiva\/wp-content\/uploads\/2014\/09\/mustafa_ceric_vijesti_761705515.jpg\",\"keywords\":[\"Dr. Mustafa Ceri\u0107\"],\"articleSection\":[\"Nacija\",\"Bosna i Hercegovina\",\"VIJESTI DANA\"],\"inLanguage\":\"bs-BA\",\"potentialAction\":[{\"@type\":\"CommentAction\",\"name\":\"Comment\",\"target\":[\"https:\/\/sandzakpress.net\/arhiva\/dr-ceric-kamen-na-ferhadiju-kamen-na-dusu\/#respond\"]}]},{\"@type\":\"WebPage\",\"@id\":\"https:\/\/sandzakpress.net\/arhiva\/dr-ceric-kamen-na-ferhadiju-kamen-na-dusu\/\",\"url\":\"https:\/\/sandzakpress.net\/arhiva\/dr-ceric-kamen-na-ferhadiju-kamen-na-dusu\/\",\"name\":\"Dr. Ceri\u0107: \u2018Kamen na Ferhadiju \u2013 kamen na du\u0161u\u2019\",\"isPartOf\":{\"@id\":\"https:\/\/sandzakpress.net\/arhiva\/#website\"},\"primaryImageOfPage\":{\"@id\":\"https:\/\/sandzakpress.net\/arhiva\/dr-ceric-kamen-na-ferhadiju-kamen-na-dusu\/#primaryimage\"},\"image\":{\"@id\":\"https:\/\/sandzakpress.net\/arhiva\/dr-ceric-kamen-na-ferhadiju-kamen-na-dusu\/#primaryimage\"},\"thumbnailUrl\":\"https:\/\/sandzakpress.net\/arhiva\/wp-content\/uploads\/2014\/09\/mustafa_ceric_vijesti_761705515.jpg\",\"datePublished\":\"2014-09-16T14:57:30+00:00\",\"breadcrumb\":{\"@id\":\"https:\/\/sandzakpress.net\/arhiva\/dr-ceric-kamen-na-ferhadiju-kamen-na-dusu\/#breadcrumb\"},\"inLanguage\":\"bs-BA\",\"potentialAction\":[{\"@type\":\"ReadAction\",\"target\":[\"https:\/\/sandzakpress.net\/arhiva\/dr-ceric-kamen-na-ferhadiju-kamen-na-dusu\/\"]}]},{\"@type\":\"ImageObject\",\"inLanguage\":\"bs-BA\",\"@id\":\"https:\/\/sandzakpress.net\/arhiva\/dr-ceric-kamen-na-ferhadiju-kamen-na-dusu\/#primaryimage\",\"url\":\"https:\/\/sandzakpress.net\/arhiva\/wp-content\/uploads\/2014\/09\/mustafa_ceric_vijesti_761705515.jpg\",\"contentUrl\":\"https:\/\/sandzakpress.net\/arhiva\/wp-content\/uploads\/2014\/09\/mustafa_ceric_vijesti_761705515.jpg\",\"width\":600,\"height\":450},{\"@type\":\"BreadcrumbList\",\"@id\":\"https:\/\/sandzakpress.net\/arhiva\/dr-ceric-kamen-na-ferhadiju-kamen-na-dusu\/#breadcrumb\",\"itemListElement\":[{\"@type\":\"ListItem\",\"position\":1,\"name\":\"Home\",\"item\":\"https:\/\/sandzakpress.net\/arhiva\/\"},{\"@type\":\"ListItem\",\"position\":2,\"name\":\"Dr. Ceri\u0107: \u2018Kamen na Ferhadiju \u2013 kamen na du\u0161u\u2019\"}]},{\"@type\":\"WebSite\",\"@id\":\"https:\/\/sandzakpress.net\/arhiva\/#website\",\"url\":\"https:\/\/sandzakpress.net\/arhiva\/\",\"name\":\"Sand\u017eak PRESS\",\"description\":\"Prve elektronske novine u Sand\u017eaku\",\"publisher\":{\"@id\":\"https:\/\/sandzakpress.net\/arhiva\/#\/schema\/person\/6e72b67d6e51910a1117b3b483ba20bd\"},\"potentialAction\":[{\"@type\":\"SearchAction\",\"target\":{\"@type\":\"EntryPoint\",\"urlTemplate\":\"https:\/\/sandzakpress.net\/arhiva\/?s={search_term_string}\"},\"query-input\":{\"@type\":\"PropertyValueSpecification\",\"valueRequired\":true,\"valueName\":\"search_term_string\"}}],\"inLanguage\":\"bs-BA\"},{\"@type\":[\"Person\",\"Organization\"],\"@id\":\"https:\/\/sandzakpress.net\/arhiva\/#\/schema\/person\/6e72b67d6e51910a1117b3b483ba20bd\",\"name\":\"Kul\",\"image\":{\"@type\":\"ImageObject\",\"inLanguage\":\"bs-BA\",\"@id\":\"https:\/\/sandzakpress.net\/arhiva\/#\/schema\/person\/image\/\",\"url\":\"https:\/\/secure.gravatar.com\/avatar\/42263f39aa27ac04c43cab85c280eb2e?s=96&d=mm&r=pg\",\"contentUrl\":\"https:\/\/secure.gravatar.com\/avatar\/42263f39aa27ac04c43cab85c280eb2e?s=96&d=mm&r=pg\",\"caption\":\"Kul\"},\"logo\":{\"@id\":\"https:\/\/sandzakpress.net\/arhiva\/#\/schema\/person\/image\/\"}},{\"@type\":\"Person\",\"@id\":\"https:\/\/sandzakpress.net\/arhiva\/#\/schema\/person\/c8baee722073534b583ea7bdb2e36c02\",\"name\":\"bosniak\",\"image\":{\"@type\":\"ImageObject\",\"inLanguage\":\"bs-BA\",\"@id\":\"https:\/\/sandzakpress.net\/arhiva\/#\/schema\/person\/image\/\",\"url\":\"https:\/\/secure.gravatar.com\/avatar\/a04fd330bfe3a36a72a0ad4a6d89fca7?s=96&d=mm&r=pg\",\"contentUrl\":\"https:\/\/secure.gravatar.com\/avatar\/a04fd330bfe3a36a72a0ad4a6d89fca7?s=96&d=mm&r=pg\",\"caption\":\"bosniak\"},\"url\":\"https:\/\/sandzakpress.net\/arhiva\/author\/bosniak\/\"}]}<\/script>\n<!-- \/ Yoast SEO Premium plugin. -->","yoast_head_json":{"title":"Dr. Ceri\u0107: \u2018Kamen na Ferhadiju \u2013 kamen na du\u0161u\u2019","robots":{"index":"index","follow":"follow","max-snippet":"max-snippet:-1","max-image-preview":"max-image-preview:large","max-video-preview":"max-video-preview:-1"},"canonical":"https:\/\/sandzakpress.net\/arhiva\/dr-ceric-kamen-na-ferhadiju-kamen-na-dusu\/","og_locale":"bs_BA","og_type":"article","og_title":"Dr. Ceri\u0107: \u2018Kamen na Ferhadiju \u2013 kamen na du\u0161u\u2019","og_description":"BiH &#8211; D\u017eamija Ferhadija u Banjoj Luci sino\u0107 je ponovo bila meta napada. Pod izgovorom izgubljenog ko\u0161arka\u0161kog me\u010da, banjalu\u010dka ljepotica ponovo se na\u0161la na meti vandala. \u201eKamenovanje Ferhadije d\u017eamije u Banjoj Luci ne umanjuje vrijednost d\u017eamije, ve\u0107 govori o kr\u0161enju ljudskih prava gra\u0111ana dr\u017eave Bosne i Hercegovine. Stoga, najo\u0161trije osu\u0111ujem nasilje u Banjoj Luci i [&hellip;]","og_url":"https:\/\/sandzakpress.net\/arhiva\/dr-ceric-kamen-na-ferhadiju-kamen-na-dusu\/","og_site_name":"Sand\u017eak PRESS","article_published_time":"2014-09-16T14:57:30+00:00","og_image":[{"width":600,"height":450,"url":"https:\/\/sandzakpress.net\/arhiva\/wp-content\/uploads\/2014\/09\/mustafa_ceric_vijesti_761705515.jpg","type":"image\/jpeg"}],"author":"bosniak","twitter_card":"summary_large_image","twitter_misc":{"Written by":"bosniak","Est. reading time":"1 minuta"},"schema":{"@context":"https:\/\/schema.org","@graph":[{"@type":"Article","@id":"https:\/\/sandzakpress.net\/arhiva\/dr-ceric-kamen-na-ferhadiju-kamen-na-dusu\/#article","isPartOf":{"@id":"https:\/\/sandzakpress.net\/arhiva\/dr-ceric-kamen-na-ferhadiju-kamen-na-dusu\/"},"author":{"name":"bosniak","@id":"https:\/\/sandzakpress.net\/arhiva\/#\/schema\/person\/c8baee722073534b583ea7bdb2e36c02"},"headline":"Dr. Ceri\u0107: \u2018Kamen na Ferhadiju \u2013 kamen na du\u0161u\u2019","datePublished":"2014-09-16T14:57:30+00:00","mainEntityOfPage":{"@id":"https:\/\/sandzakpress.net\/arhiva\/dr-ceric-kamen-na-ferhadiju-kamen-na-dusu\/"},"wordCount":292,"commentCount":13,"publisher":{"@id":"https:\/\/sandzakpress.net\/arhiva\/#\/schema\/person\/6e72b67d6e51910a1117b3b483ba20bd"},"image":{"@id":"https:\/\/sandzakpress.net\/arhiva\/dr-ceric-kamen-na-ferhadiju-kamen-na-dusu\/#primaryimage"},"thumbnailUrl":"https:\/\/sandzakpress.net\/arhiva\/wp-content\/uploads\/2014\/09\/mustafa_ceric_vijesti_761705515.jpg","keywords":["Dr. Mustafa Ceri\u0107"],"articleSection":["Nacija","Bosna i Hercegovina","VIJESTI DANA"],"inLanguage":"bs-BA","potentialAction":[{"@type":"CommentAction","name":"Comment","target":["https:\/\/sandzakpress.net\/arhiva\/dr-ceric-kamen-na-ferhadiju-kamen-na-dusu\/#respond"]}]},{"@type":"WebPage","@id":"https:\/\/sandzakpress.net\/arhiva\/dr-ceric-kamen-na-ferhadiju-kamen-na-dusu\/","url":"https:\/\/sandzakpress.net\/arhiva\/dr-ceric-kamen-na-ferhadiju-kamen-na-dusu\/","name":"Dr. Ceri\u0107: \u2018Kamen na Ferhadiju \u2013 kamen na du\u0161u\u2019","isPartOf":{"@id":"https:\/\/sandzakpress.net\/arhiva\/#website"},"primaryImageOfPage":{"@id":"https:\/\/sandzakpress.net\/arhiva\/dr-ceric-kamen-na-ferhadiju-kamen-na-dusu\/#primaryimage"},"image":{"@id":"https:\/\/sandzakpress.net\/arhiva\/dr-ceric-kamen-na-ferhadiju-kamen-na-dusu\/#primaryimage"},"thumbnailUrl":"https:\/\/sandzakpress.net\/arhiva\/wp-content\/uploads\/2014\/09\/mustafa_ceric_vijesti_761705515.jpg","datePublished":"2014-09-16T14:57:30+00:00","breadcrumb":{"@id":"https:\/\/sandzakpress.net\/arhiva\/dr-ceric-kamen-na-ferhadiju-kamen-na-dusu\/#breadcrumb"},"inLanguage":"bs-BA","potentialAction":[{"@type":"ReadAction","target":["https:\/\/sandzakpress.net\/arhiva\/dr-ceric-kamen-na-ferhadiju-kamen-na-dusu\/"]}]},{"@type":"ImageObject","inLanguage":"bs-BA","@id":"https:\/\/sandzakpress.net\/arhiva\/dr-ceric-kamen-na-ferhadiju-kamen-na-dusu\/#primaryimage","url":"https:\/\/sandzakpress.net\/arhiva\/wp-content\/uploads\/2014\/09\/mustafa_ceric_vijesti_761705515.jpg","contentUrl":"https:\/\/sandzakpress.net\/arhiva\/wp-content\/uploads\/2014\/09\/mustafa_ceric_vijesti_761705515.jpg","width":600,"height":450},{"@type":"BreadcrumbList","@id":"https:\/\/sandzakpress.net\/arhiva\/dr-ceric-kamen-na-ferhadiju-kamen-na-dusu\/#breadcrumb","itemListElement":[{"@type":"ListItem","position":1,"name":"Home","item":"https:\/\/sandzakpress.net\/arhiva\/"},{"@type":"ListItem","position":2,"name":"Dr. Ceri\u0107: \u2018Kamen na Ferhadiju \u2013 kamen na du\u0161u\u2019"}]},{"@type":"WebSite","@id":"https:\/\/sandzakpress.net\/arhiva\/#website","url":"https:\/\/sandzakpress.net\/arhiva\/","name":"Sand\u017eak PRESS","description":"Prve elektronske novine u Sand\u017eaku","publisher":{"@id":"https:\/\/sandzakpress.net\/arhiva\/#\/schema\/person\/6e72b67d6e51910a1117b3b483ba20bd"},"potentialAction":[{"@type":"SearchAction","target":{"@type":"EntryPoint","urlTemplate":"https:\/\/sandzakpress.net\/arhiva\/?s={search_term_string}"},"query-input":{"@type":"PropertyValueSpecification","valueRequired":true,"valueName":"search_term_string"}}],"inLanguage":"bs-BA"},{"@type":["Person","Organization"],"@id":"https:\/\/sandzakpress.net\/arhiva\/#\/schema\/person\/6e72b67d6e51910a1117b3b483ba20bd","name":"Kul","image":{"@type":"ImageObject","inLanguage":"bs-BA","@id":"https:\/\/sandzakpress.net\/arhiva\/#\/schema\/person\/image\/","url":"https:\/\/secure.gravatar.com\/avatar\/42263f39aa27ac04c43cab85c280eb2e?s=96&d=mm&r=pg","contentUrl":"https:\/\/secure.gravatar.com\/avatar\/42263f39aa27ac04c43cab85c280eb2e?s=96&d=mm&r=pg","caption":"Kul"},"logo":{"@id":"https:\/\/sandzakpress.net\/arhiva\/#\/schema\/person\/image\/"}},{"@type":"Person","@id":"https:\/\/sandzakpress.net\/arhiva\/#\/schema\/person\/c8baee722073534b583ea7bdb2e36c02","name":"bosniak","image":{"@type":"ImageObject","inLanguage":"bs-BA","@id":"https:\/\/sandzakpress.net\/arhiva\/#\/schema\/person\/image\/","url":"https:\/\/secure.gravatar.com\/avatar\/a04fd330bfe3a36a72a0ad4a6d89fca7?s=96&d=mm&r=pg","contentUrl":"https:\/\/secure.gravatar.com\/avatar\/a04fd330bfe3a36a72a0ad4a6d89fca7?s=96&d=mm&r=pg","caption":"bosniak"},"url":"https:\/\/sandzakpress.net\/arhiva\/author\/bosniak\/"}]}},"_links":{"self":[{"href":"https:\/\/sandzakpress.net\/arhiva\/wp-json\/wp\/v2\/posts\/111785"}],"collection":[{"href":"https:\/\/sandzakpress.net\/arhiva\/wp-json\/wp\/v2\/posts"}],"about":[{"href":"https:\/\/sandzakpress.net\/arhiva\/wp-json\/wp\/v2\/types\/post"}],"author":[{"embeddable":true,"href":"https:\/\/sandzakpress.net\/arhiva\/wp-json\/wp\/v2\/users\/83"}],"replies":[{"embeddable":true,"href":"https:\/\/sandzakpress.net\/arhiva\/wp-json\/wp\/v2\/comments?post=111785"}],"version-history":[{"count":0,"href":"https:\/\/sandzakpress.net\/arhiva\/wp-json\/wp\/v2\/posts\/111785\/revisions"}],"wp:featuredmedia":[{"embeddable":true,"href":"https:\/\/sandzakpress.net\/arhiva\/wp-json\/wp\/v2\/media\/111786"}],"wp:attachment":[{"href":"https:\/\/sandzakpress.net\/arhiva\/wp-json\/wp\/v2\/media?parent=111785"}],"wp:term":[{"taxonomy":"category","embeddable":true,"href":"https:\/\/sandzakpress.net\/arhiva\/wp-json\/wp\/v2\/categories?post=111785"},{"taxonomy":"post_tag","embeddable":true,"href":"https:\/\/sandzakpress.net\/arhiva\/wp-json\/wp\/v2\/tags?post=111785"}],"curies":[{"name":"wp","href":"https:\/\/api.w.org\/{rel}","templated":true}]}}