{"id":111770,"date":"2014-09-16T00:18:00","date_gmt":"2014-09-15T22:18:00","guid":{"rendered":"https:\/\/sandzakpress.net\/arhiva\/?p=111770"},"modified":"2014-09-16T00:18:00","modified_gmt":"2014-09-15T22:18:00","slug":"spektakularan-skup-u-bihacu-i-krajisnici-porucili-da-ce-glasati-za-cerica","status":"publish","type":"post","link":"https:\/\/sandzakpress.net\/arhiva\/spektakularan-skup-u-bihacu-i-krajisnici-porucili-da-ce-glasati-za-cerica\/","title":{"rendered":"Spektakularan skup u Biha\u0107u: I Kraji\u0161nici poru\u010dili da \u0107e glasati za Ceri\u0107a!"},"content":{"rendered":"<p><a href=\"https:\/\/sandzakpress.net\/arhiva\/wp-content\/uploads\/2014\/09\/skup-bihac4-616x339.jpg\"><img loading=\"lazy\" decoding=\"async\" class=\"aligncenter size-full wp-image-111771\" src=\"https:\/\/sandzakpress.net\/arhiva\/wp-content\/uploads\/2014\/09\/skup-bihac4-616x339.jpg\" alt=\"skup-bihac4-616x339\" width=\"616\" height=\"339\" \/><\/a><\/p>\n<p><strong>BiH &#8211; S<\/strong><strong style=\"font-style: inherit;\">a\u010duvajmo zemlju i uredimo dr\u017eavu \u2013 poru\u010dio je dr. Mustafa Ceri\u0107, nezavisni kandidat za bo\u0161nja\u010dkog \u010dlana Predsjedni\u0161tva Bosne i Hercegovine na prvom predizbornom skupu, odr\u017eanom sino\u0107 u Biha\u0107u.<\/strong><\/p>\n<p style=\"color: #000000;\"><span id=\"more-121959\" style=\"font-weight: inherit; font-style: inherit;\"><\/span><\/p>\n<p style=\"color: #000000;\">\u00a0&#8211; Stojim ovdje pred vama i \u017eelim da vas pitam \u2013 jeste li spremni za promjene? Jeste li spremni da govorimo jasno i glasno? Jeste li spremni za slobodu? Jeste li spremni da dignemo glavu i da po ovoj Bosni hodamo \u010dasno i da se nikome ne poginjemo? Jesmo li spremni da u na\u0161em nastojanju imamo slobodu, ljudska prava?\u201c, upitao je dr. Ceri\u0107 nekoliko stotina Kraji\u0161nika na skupu u Kulturnom centru u Biha\u0107u.<\/p>\n<p style=\"color: #000000;\">Sve su to stvari, naglasio je dr. Ceri\u0107, \u201ekojima \u0107emo se morati ozbiljno pozabaviti\u201c, a sve to kako bi \u0161to bolje uredili \u201esvoj dom \u2013 Bosnu i Hercegovinu\u201c.<\/p>\n<p style=\"color: #000000;\">Naglasio je da je njegova kandidatura tek po\u010detak te\u0161kog, ali vrijednog puta o\u010duvanja, ali i razvoja dr\u017eave Bosne i Hercegovine.<\/p>\n<p style=\"color: #000000;\">&#8211; Znam da na\u0161a zemlja, na\u0161a dr\u017eava mo\u017ee bolje, a vidim da na\u0161a Bosna i Hercegovina svakim danom sve vi\u0161e gubi dobar imid\u017e u svijetu, koji je imala \u2013 istakao je dr. Ceri\u0107.<\/p>\n<p style=\"color: #000000;\">Prisutne je upoznao i sa svojim programom, koji \u0107e o\u017eivjeti ekonomiju, osna\u017eiti demokraciju, vratiti izgubljene moralne vrijednosti dru\u0161tvu i vratiti \u010dast i ponos na\u0161em \u010dovjeku.<\/p>\n<p style=\"color: #000000;\">Okupljenim Kraji\u0161nicima o dr. Ceri\u0107u su govorili i na\u010delnik Cazina Nermin Ogre\u0161evi\u0107 te zagreba\u010dki muftija emeritus \u0160efko ef. Omerba\u0161i\u0107.<\/p>\n<p style=\"color: #000000;\">(BosniaPRESS)<\/p>\n","protected":false},"excerpt":{"rendered":"<p>BiH &#8211; Sa\u010duvajmo zemlju i uredimo dr\u017eavu \u2013 poru\u010dio je dr. Mustafa Ceri\u0107, nezavisni kandidat za bo\u0161nja\u010dkog \u010dlana Predsjedni\u0161tva Bosne i Hercegovine na prvom predizbornom skupu, odr\u017eanom sino\u0107 u Biha\u0107u. \u00a0&#8211; Stojim ovdje pred vama i \u017eelim da vas pitam \u2013 jeste li spremni za promjene? Jeste li spremni da govorimo jasno i glasno? Jeste [&hellip;]<\/p>\n","protected":false},"author":83,"featured_media":111771,"comment_status":"open","ping_status":"open","sticky":false,"template":"","format":"standard","meta":{"footnotes":""},"categories":[2860,1],"tags":[10233],"class_list":{"0":"post-111770","1":"post","2":"type-post","3":"status-publish","4":"format-standard","5":"has-post-thumbnail","7":"category-bosna-i-hercegovina-gradovi","8":"category-politika","9":"tag-dr-mustafa-ceric"},"yoast_head":"<!-- This site is optimized with the Yoast SEO Premium plugin v23.1 (Yoast SEO v24.9) - https:\/\/yoast.com\/wordpress\/plugins\/seo\/ -->\n<title>Spektakularan skup u Biha\u0107u: I Kraji\u0161nici poru\u010dili da \u0107e glasati za Ceri\u0107a!<\/title>\n<meta name=\"robots\" content=\"index, follow, max-snippet:-1, max-image-preview:large, max-video-preview:-1\" \/>\n<link rel=\"canonical\" href=\"https:\/\/sandzakpress.net\/arhiva\/spektakularan-skup-u-bihacu-i-krajisnici-porucili-da-ce-glasati-za-cerica\/\" \/>\n<meta property=\"og:locale\" content=\"bs_BA\" \/>\n<meta property=\"og:type\" content=\"article\" \/>\n<meta property=\"og:title\" content=\"Spektakularan skup u Biha\u0107u: I Kraji\u0161nici poru\u010dili da \u0107e glasati za Ceri\u0107a!\" \/>\n<meta property=\"og:description\" content=\"BiH &#8211; Sa\u010duvajmo zemlju i uredimo dr\u017eavu \u2013 poru\u010dio je dr. Mustafa Ceri\u0107, nezavisni kandidat za bo\u0161nja\u010dkog \u010dlana Predsjedni\u0161tva Bosne i Hercegovine na prvom predizbornom skupu, odr\u017eanom sino\u0107 u Biha\u0107u. \u00a0&#8211; Stojim ovdje pred vama i \u017eelim da vas pitam \u2013 jeste li spremni za promjene? Jeste li spremni da govorimo jasno i glasno? Jeste [&hellip;]\" \/>\n<meta property=\"og:url\" content=\"https:\/\/sandzakpress.net\/arhiva\/spektakularan-skup-u-bihacu-i-krajisnici-porucili-da-ce-glasati-za-cerica\/\" \/>\n<meta property=\"og:site_name\" content=\"Sand\u017eak PRESS\" \/>\n<meta property=\"article:published_time\" content=\"2014-09-15T22:18:00+00:00\" \/>\n<meta property=\"og:image\" content=\"https:\/\/sandzakpress.net\/arhiva\/wp-content\/uploads\/2014\/09\/skup-bihac4-616x339.jpg\" \/>\n\t<meta property=\"og:image:width\" content=\"616\" \/>\n\t<meta property=\"og:image:height\" content=\"339\" \/>\n\t<meta property=\"og:image:type\" content=\"image\/jpeg\" \/>\n<meta name=\"author\" content=\"bosniak\" \/>\n<meta name=\"twitter:card\" content=\"summary_large_image\" \/>\n<meta name=\"twitter:label1\" content=\"Written by\" \/>\n\t<meta name=\"twitter:data1\" content=\"bosniak\" \/>\n\t<meta name=\"twitter:label2\" content=\"Est. reading time\" \/>\n\t<meta name=\"twitter:data2\" content=\"1 minuta\" \/>\n<script type=\"application\/ld+json\" class=\"yoast-schema-graph\">{\"@context\":\"https:\/\/schema.org\",\"@graph\":[{\"@type\":\"Article\",\"@id\":\"https:\/\/sandzakpress.net\/arhiva\/spektakularan-skup-u-bihacu-i-krajisnici-porucili-da-ce-glasati-za-cerica\/#article\",\"isPartOf\":{\"@id\":\"https:\/\/sandzakpress.net\/arhiva\/spektakularan-skup-u-bihacu-i-krajisnici-porucili-da-ce-glasati-za-cerica\/\"},\"author\":{\"name\":\"bosniak\",\"@id\":\"https:\/\/sandzakpress.net\/arhiva\/#\/schema\/person\/c8baee722073534b583ea7bdb2e36c02\"},\"headline\":\"Spektakularan skup u Biha\u0107u: I Kraji\u0161nici poru\u010dili da \u0107e glasati za Ceri\u0107a!\",\"datePublished\":\"2014-09-15T22:18:00+00:00\",\"mainEntityOfPage\":{\"@id\":\"https:\/\/sandzakpress.net\/arhiva\/spektakularan-skup-u-bihacu-i-krajisnici-porucili-da-ce-glasati-za-cerica\/\"},\"wordCount\":273,\"commentCount\":2,\"publisher\":{\"@id\":\"https:\/\/sandzakpress.net\/arhiva\/#\/schema\/person\/6e72b67d6e51910a1117b3b483ba20bd\"},\"image\":{\"@id\":\"https:\/\/sandzakpress.net\/arhiva\/spektakularan-skup-u-bihacu-i-krajisnici-porucili-da-ce-glasati-za-cerica\/#primaryimage\"},\"thumbnailUrl\":\"https:\/\/sandzakpress.net\/arhiva\/wp-content\/uploads\/2014\/09\/skup-bihac4-616x339.jpg\",\"keywords\":[\"Dr. Mustafa Ceri\u0107\"],\"articleSection\":[\"Bosna i Hercegovina\",\"Politika\"],\"inLanguage\":\"bs-BA\",\"potentialAction\":[{\"@type\":\"CommentAction\",\"name\":\"Comment\",\"target\":[\"https:\/\/sandzakpress.net\/arhiva\/spektakularan-skup-u-bihacu-i-krajisnici-porucili-da-ce-glasati-za-cerica\/#respond\"]}]},{\"@type\":\"WebPage\",\"@id\":\"https:\/\/sandzakpress.net\/arhiva\/spektakularan-skup-u-bihacu-i-krajisnici-porucili-da-ce-glasati-za-cerica\/\",\"url\":\"https:\/\/sandzakpress.net\/arhiva\/spektakularan-skup-u-bihacu-i-krajisnici-porucili-da-ce-glasati-za-cerica\/\",\"name\":\"Spektakularan skup u Biha\u0107u: I Kraji\u0161nici poru\u010dili da \u0107e glasati za Ceri\u0107a!\",\"isPartOf\":{\"@id\":\"https:\/\/sandzakpress.net\/arhiva\/#website\"},\"primaryImageOfPage\":{\"@id\":\"https:\/\/sandzakpress.net\/arhiva\/spektakularan-skup-u-bihacu-i-krajisnici-porucili-da-ce-glasati-za-cerica\/#primaryimage\"},\"image\":{\"@id\":\"https:\/\/sandzakpress.net\/arhiva\/spektakularan-skup-u-bihacu-i-krajisnici-porucili-da-ce-glasati-za-cerica\/#primaryimage\"},\"thumbnailUrl\":\"https:\/\/sandzakpress.net\/arhiva\/wp-content\/uploads\/2014\/09\/skup-bihac4-616x339.jpg\",\"datePublished\":\"2014-09-15T22:18:00+00:00\",\"breadcrumb\":{\"@id\":\"https:\/\/sandzakpress.net\/arhiva\/spektakularan-skup-u-bihacu-i-krajisnici-porucili-da-ce-glasati-za-cerica\/#breadcrumb\"},\"inLanguage\":\"bs-BA\",\"potentialAction\":[{\"@type\":\"ReadAction\",\"target\":[\"https:\/\/sandzakpress.net\/arhiva\/spektakularan-skup-u-bihacu-i-krajisnici-porucili-da-ce-glasati-za-cerica\/\"]}]},{\"@type\":\"ImageObject\",\"inLanguage\":\"bs-BA\",\"@id\":\"https:\/\/sandzakpress.net\/arhiva\/spektakularan-skup-u-bihacu-i-krajisnici-porucili-da-ce-glasati-za-cerica\/#primaryimage\",\"url\":\"https:\/\/sandzakpress.net\/arhiva\/wp-content\/uploads\/2014\/09\/skup-bihac4-616x339.jpg\",\"contentUrl\":\"https:\/\/sandzakpress.net\/arhiva\/wp-content\/uploads\/2014\/09\/skup-bihac4-616x339.jpg\",\"width\":616,\"height\":339},{\"@type\":\"BreadcrumbList\",\"@id\":\"https:\/\/sandzakpress.net\/arhiva\/spektakularan-skup-u-bihacu-i-krajisnici-porucili-da-ce-glasati-za-cerica\/#breadcrumb\",\"itemListElement\":[{\"@type\":\"ListItem\",\"position\":1,\"name\":\"Home\",\"item\":\"https:\/\/sandzakpress.net\/arhiva\/\"},{\"@type\":\"ListItem\",\"position\":2,\"name\":\"Spektakularan skup u Biha\u0107u: I Kraji\u0161nici poru\u010dili da \u0107e glasati za Ceri\u0107a!\"}]},{\"@type\":\"WebSite\",\"@id\":\"https:\/\/sandzakpress.net\/arhiva\/#website\",\"url\":\"https:\/\/sandzakpress.net\/arhiva\/\",\"name\":\"Sand\u017eak PRESS\",\"description\":\"Prve elektronske novine u Sand\u017eaku\",\"publisher\":{\"@id\":\"https:\/\/sandzakpress.net\/arhiva\/#\/schema\/person\/6e72b67d6e51910a1117b3b483ba20bd\"},\"potentialAction\":[{\"@type\":\"SearchAction\",\"target\":{\"@type\":\"EntryPoint\",\"urlTemplate\":\"https:\/\/sandzakpress.net\/arhiva\/?s={search_term_string}\"},\"query-input\":{\"@type\":\"PropertyValueSpecification\",\"valueRequired\":true,\"valueName\":\"search_term_string\"}}],\"inLanguage\":\"bs-BA\"},{\"@type\":[\"Person\",\"Organization\"],\"@id\":\"https:\/\/sandzakpress.net\/arhiva\/#\/schema\/person\/6e72b67d6e51910a1117b3b483ba20bd\",\"name\":\"Kul\",\"image\":{\"@type\":\"ImageObject\",\"inLanguage\":\"bs-BA\",\"@id\":\"https:\/\/sandzakpress.net\/arhiva\/#\/schema\/person\/image\/\",\"url\":\"https:\/\/secure.gravatar.com\/avatar\/42263f39aa27ac04c43cab85c280eb2e?s=96&d=mm&r=pg\",\"contentUrl\":\"https:\/\/secure.gravatar.com\/avatar\/42263f39aa27ac04c43cab85c280eb2e?s=96&d=mm&r=pg\",\"caption\":\"Kul\"},\"logo\":{\"@id\":\"https:\/\/sandzakpress.net\/arhiva\/#\/schema\/person\/image\/\"}},{\"@type\":\"Person\",\"@id\":\"https:\/\/sandzakpress.net\/arhiva\/#\/schema\/person\/c8baee722073534b583ea7bdb2e36c02\",\"name\":\"bosniak\",\"image\":{\"@type\":\"ImageObject\",\"inLanguage\":\"bs-BA\",\"@id\":\"https:\/\/sandzakpress.net\/arhiva\/#\/schema\/person\/image\/\",\"url\":\"https:\/\/secure.gravatar.com\/avatar\/a04fd330bfe3a36a72a0ad4a6d89fca7?s=96&d=mm&r=pg\",\"contentUrl\":\"https:\/\/secure.gravatar.com\/avatar\/a04fd330bfe3a36a72a0ad4a6d89fca7?s=96&d=mm&r=pg\",\"caption\":\"bosniak\"},\"url\":\"https:\/\/sandzakpress.net\/arhiva\/author\/bosniak\/\"}]}<\/script>\n<!-- \/ Yoast SEO Premium plugin. -->","yoast_head_json":{"title":"Spektakularan skup u Biha\u0107u: I Kraji\u0161nici poru\u010dili da \u0107e glasati za Ceri\u0107a!","robots":{"index":"index","follow":"follow","max-snippet":"max-snippet:-1","max-image-preview":"max-image-preview:large","max-video-preview":"max-video-preview:-1"},"canonical":"https:\/\/sandzakpress.net\/arhiva\/spektakularan-skup-u-bihacu-i-krajisnici-porucili-da-ce-glasati-za-cerica\/","og_locale":"bs_BA","og_type":"article","og_title":"Spektakularan skup u Biha\u0107u: I Kraji\u0161nici poru\u010dili da \u0107e glasati za Ceri\u0107a!","og_description":"BiH &#8211; Sa\u010duvajmo zemlju i uredimo dr\u017eavu \u2013 poru\u010dio je dr. Mustafa Ceri\u0107, nezavisni kandidat za bo\u0161nja\u010dkog \u010dlana Predsjedni\u0161tva Bosne i Hercegovine na prvom predizbornom skupu, odr\u017eanom sino\u0107 u Biha\u0107u. \u00a0&#8211; Stojim ovdje pred vama i \u017eelim da vas pitam \u2013 jeste li spremni za promjene? Jeste li spremni da govorimo jasno i glasno? Jeste [&hellip;]","og_url":"https:\/\/sandzakpress.net\/arhiva\/spektakularan-skup-u-bihacu-i-krajisnici-porucili-da-ce-glasati-za-cerica\/","og_site_name":"Sand\u017eak PRESS","article_published_time":"2014-09-15T22:18:00+00:00","og_image":[{"width":616,"height":339,"url":"https:\/\/sandzakpress.net\/arhiva\/wp-content\/uploads\/2014\/09\/skup-bihac4-616x339.jpg","type":"image\/jpeg"}],"author":"bosniak","twitter_card":"summary_large_image","twitter_misc":{"Written by":"bosniak","Est. reading time":"1 minuta"},"schema":{"@context":"https:\/\/schema.org","@graph":[{"@type":"Article","@id":"https:\/\/sandzakpress.net\/arhiva\/spektakularan-skup-u-bihacu-i-krajisnici-porucili-da-ce-glasati-za-cerica\/#article","isPartOf":{"@id":"https:\/\/sandzakpress.net\/arhiva\/spektakularan-skup-u-bihacu-i-krajisnici-porucili-da-ce-glasati-za-cerica\/"},"author":{"name":"bosniak","@id":"https:\/\/sandzakpress.net\/arhiva\/#\/schema\/person\/c8baee722073534b583ea7bdb2e36c02"},"headline":"Spektakularan skup u Biha\u0107u: I Kraji\u0161nici poru\u010dili da \u0107e glasati za Ceri\u0107a!","datePublished":"2014-09-15T22:18:00+00:00","mainEntityOfPage":{"@id":"https:\/\/sandzakpress.net\/arhiva\/spektakularan-skup-u-bihacu-i-krajisnici-porucili-da-ce-glasati-za-cerica\/"},"wordCount":273,"commentCount":2,"publisher":{"@id":"https:\/\/sandzakpress.net\/arhiva\/#\/schema\/person\/6e72b67d6e51910a1117b3b483ba20bd"},"image":{"@id":"https:\/\/sandzakpress.net\/arhiva\/spektakularan-skup-u-bihacu-i-krajisnici-porucili-da-ce-glasati-za-cerica\/#primaryimage"},"thumbnailUrl":"https:\/\/sandzakpress.net\/arhiva\/wp-content\/uploads\/2014\/09\/skup-bihac4-616x339.jpg","keywords":["Dr. Mustafa Ceri\u0107"],"articleSection":["Bosna i Hercegovina","Politika"],"inLanguage":"bs-BA","potentialAction":[{"@type":"CommentAction","name":"Comment","target":["https:\/\/sandzakpress.net\/arhiva\/spektakularan-skup-u-bihacu-i-krajisnici-porucili-da-ce-glasati-za-cerica\/#respond"]}]},{"@type":"WebPage","@id":"https:\/\/sandzakpress.net\/arhiva\/spektakularan-skup-u-bihacu-i-krajisnici-porucili-da-ce-glasati-za-cerica\/","url":"https:\/\/sandzakpress.net\/arhiva\/spektakularan-skup-u-bihacu-i-krajisnici-porucili-da-ce-glasati-za-cerica\/","name":"Spektakularan skup u Biha\u0107u: I Kraji\u0161nici poru\u010dili da \u0107e glasati za Ceri\u0107a!","isPartOf":{"@id":"https:\/\/sandzakpress.net\/arhiva\/#website"},"primaryImageOfPage":{"@id":"https:\/\/sandzakpress.net\/arhiva\/spektakularan-skup-u-bihacu-i-krajisnici-porucili-da-ce-glasati-za-cerica\/#primaryimage"},"image":{"@id":"https:\/\/sandzakpress.net\/arhiva\/spektakularan-skup-u-bihacu-i-krajisnici-porucili-da-ce-glasati-za-cerica\/#primaryimage"},"thumbnailUrl":"https:\/\/sandzakpress.net\/arhiva\/wp-content\/uploads\/2014\/09\/skup-bihac4-616x339.jpg","datePublished":"2014-09-15T22:18:00+00:00","breadcrumb":{"@id":"https:\/\/sandzakpress.net\/arhiva\/spektakularan-skup-u-bihacu-i-krajisnici-porucili-da-ce-glasati-za-cerica\/#breadcrumb"},"inLanguage":"bs-BA","potentialAction":[{"@type":"ReadAction","target":["https:\/\/sandzakpress.net\/arhiva\/spektakularan-skup-u-bihacu-i-krajisnici-porucili-da-ce-glasati-za-cerica\/"]}]},{"@type":"ImageObject","inLanguage":"bs-BA","@id":"https:\/\/sandzakpress.net\/arhiva\/spektakularan-skup-u-bihacu-i-krajisnici-porucili-da-ce-glasati-za-cerica\/#primaryimage","url":"https:\/\/sandzakpress.net\/arhiva\/wp-content\/uploads\/2014\/09\/skup-bihac4-616x339.jpg","contentUrl":"https:\/\/sandzakpress.net\/arhiva\/wp-content\/uploads\/2014\/09\/skup-bihac4-616x339.jpg","width":616,"height":339},{"@type":"BreadcrumbList","@id":"https:\/\/sandzakpress.net\/arhiva\/spektakularan-skup-u-bihacu-i-krajisnici-porucili-da-ce-glasati-za-cerica\/#breadcrumb","itemListElement":[{"@type":"ListItem","position":1,"name":"Home","item":"https:\/\/sandzakpress.net\/arhiva\/"},{"@type":"ListItem","position":2,"name":"Spektakularan skup u Biha\u0107u: I Kraji\u0161nici poru\u010dili da \u0107e glasati za Ceri\u0107a!"}]},{"@type":"WebSite","@id":"https:\/\/sandzakpress.net\/arhiva\/#website","url":"https:\/\/sandzakpress.net\/arhiva\/","name":"Sand\u017eak PRESS","description":"Prve elektronske novine u Sand\u017eaku","publisher":{"@id":"https:\/\/sandzakpress.net\/arhiva\/#\/schema\/person\/6e72b67d6e51910a1117b3b483ba20bd"},"potentialAction":[{"@type":"SearchAction","target":{"@type":"EntryPoint","urlTemplate":"https:\/\/sandzakpress.net\/arhiva\/?s={search_term_string}"},"query-input":{"@type":"PropertyValueSpecification","valueRequired":true,"valueName":"search_term_string"}}],"inLanguage":"bs-BA"},{"@type":["Person","Organization"],"@id":"https:\/\/sandzakpress.net\/arhiva\/#\/schema\/person\/6e72b67d6e51910a1117b3b483ba20bd","name":"Kul","image":{"@type":"ImageObject","inLanguage":"bs-BA","@id":"https:\/\/sandzakpress.net\/arhiva\/#\/schema\/person\/image\/","url":"https:\/\/secure.gravatar.com\/avatar\/42263f39aa27ac04c43cab85c280eb2e?s=96&d=mm&r=pg","contentUrl":"https:\/\/secure.gravatar.com\/avatar\/42263f39aa27ac04c43cab85c280eb2e?s=96&d=mm&r=pg","caption":"Kul"},"logo":{"@id":"https:\/\/sandzakpress.net\/arhiva\/#\/schema\/person\/image\/"}},{"@type":"Person","@id":"https:\/\/sandzakpress.net\/arhiva\/#\/schema\/person\/c8baee722073534b583ea7bdb2e36c02","name":"bosniak","image":{"@type":"ImageObject","inLanguage":"bs-BA","@id":"https:\/\/sandzakpress.net\/arhiva\/#\/schema\/person\/image\/","url":"https:\/\/secure.gravatar.com\/avatar\/a04fd330bfe3a36a72a0ad4a6d89fca7?s=96&d=mm&r=pg","contentUrl":"https:\/\/secure.gravatar.com\/avatar\/a04fd330bfe3a36a72a0ad4a6d89fca7?s=96&d=mm&r=pg","caption":"bosniak"},"url":"https:\/\/sandzakpress.net\/arhiva\/author\/bosniak\/"}]}},"_links":{"self":[{"href":"https:\/\/sandzakpress.net\/arhiva\/wp-json\/wp\/v2\/posts\/111770"}],"collection":[{"href":"https:\/\/sandzakpress.net\/arhiva\/wp-json\/wp\/v2\/posts"}],"about":[{"href":"https:\/\/sandzakpress.net\/arhiva\/wp-json\/wp\/v2\/types\/post"}],"author":[{"embeddable":true,"href":"https:\/\/sandzakpress.net\/arhiva\/wp-json\/wp\/v2\/users\/83"}],"replies":[{"embeddable":true,"href":"https:\/\/sandzakpress.net\/arhiva\/wp-json\/wp\/v2\/comments?post=111770"}],"version-history":[{"count":0,"href":"https:\/\/sandzakpress.net\/arhiva\/wp-json\/wp\/v2\/posts\/111770\/revisions"}],"wp:featuredmedia":[{"embeddable":true,"href":"https:\/\/sandzakpress.net\/arhiva\/wp-json\/wp\/v2\/media\/111771"}],"wp:attachment":[{"href":"https:\/\/sandzakpress.net\/arhiva\/wp-json\/wp\/v2\/media?parent=111770"}],"wp:term":[{"taxonomy":"category","embeddable":true,"href":"https:\/\/sandzakpress.net\/arhiva\/wp-json\/wp\/v2\/categories?post=111770"},{"taxonomy":"post_tag","embeddable":true,"href":"https:\/\/sandzakpress.net\/arhiva\/wp-json\/wp\/v2\/tags?post=111770"}],"curies":[{"name":"wp","href":"https:\/\/api.w.org\/{rel}","templated":true}]}}