{"id":111742,"date":"2014-09-15T15:57:21","date_gmt":"2014-09-15T13:57:21","guid":{"rendered":"https:\/\/sandzakpress.net\/arhiva\/?p=111742"},"modified":"2014-09-15T15:57:21","modified_gmt":"2014-09-15T13:57:21","slug":"delegacija-islamske-zajednice-promovisala-u-kataru-projekat-centralne-dzamije-u-novom-pazaru","status":"publish","type":"post","link":"https:\/\/sandzakpress.net\/arhiva\/delegacija-islamske-zajednice-promovisala-u-kataru-projekat-centralne-dzamije-u-novom-pazaru\/","title":{"rendered":"Delegacija Islamske zajednice promovisala u Kataru projekat &#8216;Centralne d\u017eamije u Novom Pazaru&#8217;"},"content":{"rendered":"<p><img decoding=\"async\" style=\"color: #000000;\" src=\"http:\/\/mesihat.org\/images\/stories\/delegacija%20mesihata%20u%20kataru,%2015.09.2014\/delegacija%20mesihata%20u%20kataru,%2015.09.2014%20(2).jpg\" alt=\"\" width=\"690\" \/><\/p>\n<p><strong><span style=\"color: #000000;\">Sjeverni Sand\u017eak &#8211; Delegacija Me\u0161ihata Islamske zajednice u Srbiji u sastavu, predsjednik muftija dr. Mevlud-ef. Dudi\u0107, muftija sand\u017ea\u010dki Muamer-ef. Zukorli\u0107 i rukovodilac Vjersko-prosvjetne slu\u017ebe Me\u0161ihata mr. Enver-ef. Omerovi\u0107, otpo\u010dela je trodnevnu posjetu Kataru.<\/span><\/strong><\/p>\n<p style=\"color: #000000;\">Posjeta je otpo\u010dela susretom sa Ministrom za Vakufe i islamske poslove dr. Gajs bin-Mubarek el-Kuvajrijem, koji je ina\u010de doma\u0107in cijele posjete. U jednoipo\u010dasovnom razgovoru predstavnici Me\u0161ihata su upoznali Ministra sa ustanovama, funkcionisanjem i projektima Islamske zajednice.<\/p>\n<p style=\"color: #000000;\">Iz izraze radosti \u0161to je u prilici ugostiti delegaciju Islamske zajednice u Srbiji, doma\u0107in je istakao spremnost da podr\u017ei projekte Me\u0161ihata IZ-e, uvjeren da \u0107e to biti podr\u0161ka miru i stabilnosti na Balkanu.<\/p>\n<p style=\"color: #000000;\">Predstavnici Me\u0161ihata su se zahvalili za sve \u0161to dr\u017eava Katar\u00a0\u010dini za islam i muslimane u svijetu, posebno na Balkanu, isti\u010du\u0107i realizaciju projekta Gazi Husrev-begove biblioteke u Sarajevu, Islamskog centra u Rijeci, Islamskog centra u Ljubljani, \u010dija je izgradnja finansirana od strane Katara.<\/p>\n<p style=\"color: #000000;\">Izgradnja Centralne d\u017eamije u Novom Pazaru, upotpunilo bi ni\u0161ku balkanskih bisera islamske kulture na Balkanu, a zaslugom vo\u0111stva i naroda dr\u017eave Katar.<\/p>\n<p>Prvog dana posjete, delegacija Me\u0161ihata je posjetila Islamski kulturni centar \u201eAbdullah bin Zajed ali Mutavdi\u201c, gdje su se sastali sa generalnim direktorom dr. Nasirom Jusufom, i tom prilikom se upoznali sa aktivnostima ovog centra na polju izu\u010davanja Arapskog jezika promocije islama.<\/p>\n<p>Tokom razgovora sa generalnim direktorom centra i njegovim saradnicima dogovorena je saradnja na svim poljima.<\/p>\n<p><span style=\"color: #000000;\">\u00a0<\/span><img decoding=\"async\" style=\"color: #000000;\" src=\"http:\/\/mesihat.org\/images\/stories\/delegacija%20mesihata%20u%20kataru,%2015.09.2014\/delegacija%20mesihata%20u%20kataru,%2015.09.2014%20(4).jpg\" alt=\"\" width=\"690\" \/><\/p>\n<p style=\"color: #000000;\"><img decoding=\"async\" src=\"http:\/\/mesihat.org\/images\/stories\/delegacija%20mesihata%20u%20kataru,%2015.09.2014\/delegacija%20mesihata%20u%20kataru,%2015.09.2014%20(1).jpg\" alt=\"\" width=\"690\" \/>\u00a0<img decoding=\"async\" src=\"http:\/\/mesihat.org\/images\/stories\/delegacija%20mesihata%20u%20kataru,%2015.09.2014\/delegacija%20mesihata%20u%20kataru,%2015.09.2014%20(3).jpg\" alt=\"\" width=\"690\" \/><\/p>\n","protected":false},"excerpt":{"rendered":"<p>Sjeverni Sand\u017eak &#8211; Delegacija Me\u0161ihata Islamske zajednice u Srbiji u sastavu, predsjednik muftija dr. Mevlud-ef. Dudi\u0107, muftija sand\u017ea\u010dki Muamer-ef. Zukorli\u0107 i rukovodilac Vjersko-prosvjetne slu\u017ebe Me\u0161ihata mr. Enver-ef. Omerovi\u0107, otpo\u010dela je trodnevnu posjetu Kataru. Posjeta je otpo\u010dela susretom sa Ministrom za Vakufe i islamske poslove dr. Gajs bin-Mubarek el-Kuvajrijem, koji je ina\u010de doma\u0107in cijele posjete. U [&hellip;]<\/p>\n","protected":false},"author":83,"featured_media":111743,"comment_status":"open","ping_status":"open","sticky":false,"template":"","format":"standard","meta":{"footnotes":""},"categories":[72,398,800,52,327,392,393,8957],"tags":[10204,10229],"class_list":{"0":"post-111742","1":"post","2":"type-post","3":"status-publish","4":"format-standard","5":"has-post-thumbnail","7":"category-novi-pazar","8":"category-rozaje","9":"category-nacija","10":"category-sjenica","11":"category-tutin","12":"category-prijepolje_","13":"category-priboj","14":"category-vijesti-dana","15":"tag-muftija-muamer-zukorlic","16":"tag-islamska-zajednica"},"yoast_head":"<!-- This site is optimized with the Yoast SEO Premium plugin v23.1 (Yoast SEO v24.9) - https:\/\/yoast.com\/wordpress\/plugins\/seo\/ -->\n<title>Delegacija Islamske zajednice promovisala u Kataru projekat &#039;Centralne d\u017eamije u Novom Pazaru&#039;<\/title>\n<meta name=\"robots\" content=\"index, follow, max-snippet:-1, max-image-preview:large, max-video-preview:-1\" \/>\n<link rel=\"canonical\" href=\"https:\/\/sandzakpress.net\/arhiva\/delegacija-islamske-zajednice-promovisala-u-kataru-projekat-centralne-dzamije-u-novom-pazaru\/\" \/>\n<meta property=\"og:locale\" content=\"bs_BA\" \/>\n<meta property=\"og:type\" content=\"article\" \/>\n<meta property=\"og:title\" content=\"Delegacija Islamske zajednice promovisala u Kataru projekat &#039;Centralne d\u017eamije u Novom Pazaru&#039;\" \/>\n<meta property=\"og:description\" content=\"Sjeverni Sand\u017eak &#8211; Delegacija Me\u0161ihata Islamske zajednice u Srbiji u sastavu, predsjednik muftija dr. Mevlud-ef. Dudi\u0107, muftija sand\u017ea\u010dki Muamer-ef. Zukorli\u0107 i rukovodilac Vjersko-prosvjetne slu\u017ebe Me\u0161ihata mr. Enver-ef. Omerovi\u0107, otpo\u010dela je trodnevnu posjetu Kataru. Posjeta je otpo\u010dela susretom sa Ministrom za Vakufe i islamske poslove dr. Gajs bin-Mubarek el-Kuvajrijem, koji je ina\u010de doma\u0107in cijele posjete. U [&hellip;]\" \/>\n<meta property=\"og:url\" content=\"https:\/\/sandzakpress.net\/arhiva\/delegacija-islamske-zajednice-promovisala-u-kataru-projekat-centralne-dzamije-u-novom-pazaru\/\" \/>\n<meta property=\"og:site_name\" content=\"Sand\u017eak PRESS\" \/>\n<meta property=\"article:published_time\" content=\"2014-09-15T13:57:21+00:00\" \/>\n<meta property=\"og:image\" content=\"https:\/\/sandzakpress.net\/arhiva\/wp-content\/uploads\/2014\/09\/delegacija-mesihata-u-kataru-15.09.2014-21.jpg\" \/>\n\t<meta property=\"og:image:width\" content=\"1000\" \/>\n\t<meta property=\"og:image:height\" content=\"750\" \/>\n\t<meta property=\"og:image:type\" content=\"image\/jpeg\" \/>\n<meta name=\"author\" content=\"bosniak\" \/>\n<meta name=\"twitter:card\" content=\"summary_large_image\" \/>\n<meta name=\"twitter:label1\" content=\"Written by\" \/>\n\t<meta name=\"twitter:data1\" content=\"bosniak\" \/>\n\t<meta name=\"twitter:label2\" content=\"Est. reading time\" \/>\n\t<meta name=\"twitter:data2\" content=\"1 minuta\" \/>\n<script type=\"application\/ld+json\" class=\"yoast-schema-graph\">{\"@context\":\"https:\/\/schema.org\",\"@graph\":[{\"@type\":\"Article\",\"@id\":\"https:\/\/sandzakpress.net\/arhiva\/delegacija-islamske-zajednice-promovisala-u-kataru-projekat-centralne-dzamije-u-novom-pazaru\/#article\",\"isPartOf\":{\"@id\":\"https:\/\/sandzakpress.net\/arhiva\/delegacija-islamske-zajednice-promovisala-u-kataru-projekat-centralne-dzamije-u-novom-pazaru\/\"},\"author\":{\"name\":\"bosniak\",\"@id\":\"https:\/\/sandzakpress.net\/arhiva\/#\/schema\/person\/c8baee722073534b583ea7bdb2e36c02\"},\"headline\":\"Delegacija Islamske zajednice promovisala u Kataru projekat &#8216;Centralne d\u017eamije u Novom Pazaru&#8217;\",\"datePublished\":\"2014-09-15T13:57:21+00:00\",\"mainEntityOfPage\":{\"@id\":\"https:\/\/sandzakpress.net\/arhiva\/delegacija-islamske-zajednice-promovisala-u-kataru-projekat-centralne-dzamije-u-novom-pazaru\/\"},\"wordCount\":262,\"commentCount\":12,\"publisher\":{\"@id\":\"https:\/\/sandzakpress.net\/arhiva\/#\/schema\/person\/6e72b67d6e51910a1117b3b483ba20bd\"},\"image\":{\"@id\":\"https:\/\/sandzakpress.net\/arhiva\/delegacija-islamske-zajednice-promovisala-u-kataru-projekat-centralne-dzamije-u-novom-pazaru\/#primaryimage\"},\"thumbnailUrl\":\"https:\/\/sandzakpress.net\/arhiva\/wp-content\/uploads\/2014\/09\/delegacija-mesihata-u-kataru-15.09.2014-21.jpg\",\"keywords\":[\"muftija Muamer Zukorli\u0107\",\"Islamska zajednica\"],\"articleSection\":[\"Novi Pazar\",\"Ro\u017eaje\",\"Nacija\",\"Sjenica\",\"Tutin\",\"Prijepolje\",\"Priboj\",\"VIJESTI DANA\"],\"inLanguage\":\"bs-BA\",\"potentialAction\":[{\"@type\":\"CommentAction\",\"name\":\"Comment\",\"target\":[\"https:\/\/sandzakpress.net\/arhiva\/delegacija-islamske-zajednice-promovisala-u-kataru-projekat-centralne-dzamije-u-novom-pazaru\/#respond\"]}]},{\"@type\":\"WebPage\",\"@id\":\"https:\/\/sandzakpress.net\/arhiva\/delegacija-islamske-zajednice-promovisala-u-kataru-projekat-centralne-dzamije-u-novom-pazaru\/\",\"url\":\"https:\/\/sandzakpress.net\/arhiva\/delegacija-islamske-zajednice-promovisala-u-kataru-projekat-centralne-dzamije-u-novom-pazaru\/\",\"name\":\"Delegacija Islamske zajednice promovisala u Kataru projekat 'Centralne d\u017eamije u Novom Pazaru'\",\"isPartOf\":{\"@id\":\"https:\/\/sandzakpress.net\/arhiva\/#website\"},\"primaryImageOfPage\":{\"@id\":\"https:\/\/sandzakpress.net\/arhiva\/delegacija-islamske-zajednice-promovisala-u-kataru-projekat-centralne-dzamije-u-novom-pazaru\/#primaryimage\"},\"image\":{\"@id\":\"https:\/\/sandzakpress.net\/arhiva\/delegacija-islamske-zajednice-promovisala-u-kataru-projekat-centralne-dzamije-u-novom-pazaru\/#primaryimage\"},\"thumbnailUrl\":\"https:\/\/sandzakpress.net\/arhiva\/wp-content\/uploads\/2014\/09\/delegacija-mesihata-u-kataru-15.09.2014-21.jpg\",\"datePublished\":\"2014-09-15T13:57:21+00:00\",\"breadcrumb\":{\"@id\":\"https:\/\/sandzakpress.net\/arhiva\/delegacija-islamske-zajednice-promovisala-u-kataru-projekat-centralne-dzamije-u-novom-pazaru\/#breadcrumb\"},\"inLanguage\":\"bs-BA\",\"potentialAction\":[{\"@type\":\"ReadAction\",\"target\":[\"https:\/\/sandzakpress.net\/arhiva\/delegacija-islamske-zajednice-promovisala-u-kataru-projekat-centralne-dzamije-u-novom-pazaru\/\"]}]},{\"@type\":\"ImageObject\",\"inLanguage\":\"bs-BA\",\"@id\":\"https:\/\/sandzakpress.net\/arhiva\/delegacija-islamske-zajednice-promovisala-u-kataru-projekat-centralne-dzamije-u-novom-pazaru\/#primaryimage\",\"url\":\"https:\/\/sandzakpress.net\/arhiva\/wp-content\/uploads\/2014\/09\/delegacija-mesihata-u-kataru-15.09.2014-21.jpg\",\"contentUrl\":\"https:\/\/sandzakpress.net\/arhiva\/wp-content\/uploads\/2014\/09\/delegacija-mesihata-u-kataru-15.09.2014-21.jpg\",\"width\":1000,\"height\":750},{\"@type\":\"BreadcrumbList\",\"@id\":\"https:\/\/sandzakpress.net\/arhiva\/delegacija-islamske-zajednice-promovisala-u-kataru-projekat-centralne-dzamije-u-novom-pazaru\/#breadcrumb\",\"itemListElement\":[{\"@type\":\"ListItem\",\"position\":1,\"name\":\"Home\",\"item\":\"https:\/\/sandzakpress.net\/arhiva\/\"},{\"@type\":\"ListItem\",\"position\":2,\"name\":\"Delegacija Islamske zajednice promovisala u Kataru projekat &#8216;Centralne d\u017eamije u Novom Pazaru&#8217;\"}]},{\"@type\":\"WebSite\",\"@id\":\"https:\/\/sandzakpress.net\/arhiva\/#website\",\"url\":\"https:\/\/sandzakpress.net\/arhiva\/\",\"name\":\"Sand\u017eak PRESS\",\"description\":\"Prve elektronske novine u Sand\u017eaku\",\"publisher\":{\"@id\":\"https:\/\/sandzakpress.net\/arhiva\/#\/schema\/person\/6e72b67d6e51910a1117b3b483ba20bd\"},\"potentialAction\":[{\"@type\":\"SearchAction\",\"target\":{\"@type\":\"EntryPoint\",\"urlTemplate\":\"https:\/\/sandzakpress.net\/arhiva\/?s={search_term_string}\"},\"query-input\":{\"@type\":\"PropertyValueSpecification\",\"valueRequired\":true,\"valueName\":\"search_term_string\"}}],\"inLanguage\":\"bs-BA\"},{\"@type\":[\"Person\",\"Organization\"],\"@id\":\"https:\/\/sandzakpress.net\/arhiva\/#\/schema\/person\/6e72b67d6e51910a1117b3b483ba20bd\",\"name\":\"Kul\",\"image\":{\"@type\":\"ImageObject\",\"inLanguage\":\"bs-BA\",\"@id\":\"https:\/\/sandzakpress.net\/arhiva\/#\/schema\/person\/image\/\",\"url\":\"https:\/\/secure.gravatar.com\/avatar\/42263f39aa27ac04c43cab85c280eb2e?s=96&d=mm&r=pg\",\"contentUrl\":\"https:\/\/secure.gravatar.com\/avatar\/42263f39aa27ac04c43cab85c280eb2e?s=96&d=mm&r=pg\",\"caption\":\"Kul\"},\"logo\":{\"@id\":\"https:\/\/sandzakpress.net\/arhiva\/#\/schema\/person\/image\/\"}},{\"@type\":\"Person\",\"@id\":\"https:\/\/sandzakpress.net\/arhiva\/#\/schema\/person\/c8baee722073534b583ea7bdb2e36c02\",\"name\":\"bosniak\",\"image\":{\"@type\":\"ImageObject\",\"inLanguage\":\"bs-BA\",\"@id\":\"https:\/\/sandzakpress.net\/arhiva\/#\/schema\/person\/image\/\",\"url\":\"https:\/\/secure.gravatar.com\/avatar\/a04fd330bfe3a36a72a0ad4a6d89fca7?s=96&d=mm&r=pg\",\"contentUrl\":\"https:\/\/secure.gravatar.com\/avatar\/a04fd330bfe3a36a72a0ad4a6d89fca7?s=96&d=mm&r=pg\",\"caption\":\"bosniak\"},\"url\":\"https:\/\/sandzakpress.net\/arhiva\/author\/bosniak\/\"}]}<\/script>\n<!-- \/ Yoast SEO Premium plugin. -->","yoast_head_json":{"title":"Delegacija Islamske zajednice promovisala u Kataru projekat 'Centralne d\u017eamije u Novom Pazaru'","robots":{"index":"index","follow":"follow","max-snippet":"max-snippet:-1","max-image-preview":"max-image-preview:large","max-video-preview":"max-video-preview:-1"},"canonical":"https:\/\/sandzakpress.net\/arhiva\/delegacija-islamske-zajednice-promovisala-u-kataru-projekat-centralne-dzamije-u-novom-pazaru\/","og_locale":"bs_BA","og_type":"article","og_title":"Delegacija Islamske zajednice promovisala u Kataru projekat 'Centralne d\u017eamije u Novom Pazaru'","og_description":"Sjeverni Sand\u017eak &#8211; Delegacija Me\u0161ihata Islamske zajednice u Srbiji u sastavu, predsjednik muftija dr. Mevlud-ef. Dudi\u0107, muftija sand\u017ea\u010dki Muamer-ef. Zukorli\u0107 i rukovodilac Vjersko-prosvjetne slu\u017ebe Me\u0161ihata mr. Enver-ef. Omerovi\u0107, otpo\u010dela je trodnevnu posjetu Kataru. Posjeta je otpo\u010dela susretom sa Ministrom za Vakufe i islamske poslove dr. Gajs bin-Mubarek el-Kuvajrijem, koji je ina\u010de doma\u0107in cijele posjete. U [&hellip;]","og_url":"https:\/\/sandzakpress.net\/arhiva\/delegacija-islamske-zajednice-promovisala-u-kataru-projekat-centralne-dzamije-u-novom-pazaru\/","og_site_name":"Sand\u017eak PRESS","article_published_time":"2014-09-15T13:57:21+00:00","og_image":[{"width":1000,"height":750,"url":"https:\/\/sandzakpress.net\/arhiva\/wp-content\/uploads\/2014\/09\/delegacija-mesihata-u-kataru-15.09.2014-21.jpg","type":"image\/jpeg"}],"author":"bosniak","twitter_card":"summary_large_image","twitter_misc":{"Written by":"bosniak","Est. reading time":"1 minuta"},"schema":{"@context":"https:\/\/schema.org","@graph":[{"@type":"Article","@id":"https:\/\/sandzakpress.net\/arhiva\/delegacija-islamske-zajednice-promovisala-u-kataru-projekat-centralne-dzamije-u-novom-pazaru\/#article","isPartOf":{"@id":"https:\/\/sandzakpress.net\/arhiva\/delegacija-islamske-zajednice-promovisala-u-kataru-projekat-centralne-dzamije-u-novom-pazaru\/"},"author":{"name":"bosniak","@id":"https:\/\/sandzakpress.net\/arhiva\/#\/schema\/person\/c8baee722073534b583ea7bdb2e36c02"},"headline":"Delegacija Islamske zajednice promovisala u Kataru projekat &#8216;Centralne d\u017eamije u Novom Pazaru&#8217;","datePublished":"2014-09-15T13:57:21+00:00","mainEntityOfPage":{"@id":"https:\/\/sandzakpress.net\/arhiva\/delegacija-islamske-zajednice-promovisala-u-kataru-projekat-centralne-dzamije-u-novom-pazaru\/"},"wordCount":262,"commentCount":12,"publisher":{"@id":"https:\/\/sandzakpress.net\/arhiva\/#\/schema\/person\/6e72b67d6e51910a1117b3b483ba20bd"},"image":{"@id":"https:\/\/sandzakpress.net\/arhiva\/delegacija-islamske-zajednice-promovisala-u-kataru-projekat-centralne-dzamije-u-novom-pazaru\/#primaryimage"},"thumbnailUrl":"https:\/\/sandzakpress.net\/arhiva\/wp-content\/uploads\/2014\/09\/delegacija-mesihata-u-kataru-15.09.2014-21.jpg","keywords":["muftija Muamer Zukorli\u0107","Islamska zajednica"],"articleSection":["Novi Pazar","Ro\u017eaje","Nacija","Sjenica","Tutin","Prijepolje","Priboj","VIJESTI DANA"],"inLanguage":"bs-BA","potentialAction":[{"@type":"CommentAction","name":"Comment","target":["https:\/\/sandzakpress.net\/arhiva\/delegacija-islamske-zajednice-promovisala-u-kataru-projekat-centralne-dzamije-u-novom-pazaru\/#respond"]}]},{"@type":"WebPage","@id":"https:\/\/sandzakpress.net\/arhiva\/delegacija-islamske-zajednice-promovisala-u-kataru-projekat-centralne-dzamije-u-novom-pazaru\/","url":"https:\/\/sandzakpress.net\/arhiva\/delegacija-islamske-zajednice-promovisala-u-kataru-projekat-centralne-dzamije-u-novom-pazaru\/","name":"Delegacija Islamske zajednice promovisala u Kataru projekat 'Centralne d\u017eamije u Novom Pazaru'","isPartOf":{"@id":"https:\/\/sandzakpress.net\/arhiva\/#website"},"primaryImageOfPage":{"@id":"https:\/\/sandzakpress.net\/arhiva\/delegacija-islamske-zajednice-promovisala-u-kataru-projekat-centralne-dzamije-u-novom-pazaru\/#primaryimage"},"image":{"@id":"https:\/\/sandzakpress.net\/arhiva\/delegacija-islamske-zajednice-promovisala-u-kataru-projekat-centralne-dzamije-u-novom-pazaru\/#primaryimage"},"thumbnailUrl":"https:\/\/sandzakpress.net\/arhiva\/wp-content\/uploads\/2014\/09\/delegacija-mesihata-u-kataru-15.09.2014-21.jpg","datePublished":"2014-09-15T13:57:21+00:00","breadcrumb":{"@id":"https:\/\/sandzakpress.net\/arhiva\/delegacija-islamske-zajednice-promovisala-u-kataru-projekat-centralne-dzamije-u-novom-pazaru\/#breadcrumb"},"inLanguage":"bs-BA","potentialAction":[{"@type":"ReadAction","target":["https:\/\/sandzakpress.net\/arhiva\/delegacija-islamske-zajednice-promovisala-u-kataru-projekat-centralne-dzamije-u-novom-pazaru\/"]}]},{"@type":"ImageObject","inLanguage":"bs-BA","@id":"https:\/\/sandzakpress.net\/arhiva\/delegacija-islamske-zajednice-promovisala-u-kataru-projekat-centralne-dzamije-u-novom-pazaru\/#primaryimage","url":"https:\/\/sandzakpress.net\/arhiva\/wp-content\/uploads\/2014\/09\/delegacija-mesihata-u-kataru-15.09.2014-21.jpg","contentUrl":"https:\/\/sandzakpress.net\/arhiva\/wp-content\/uploads\/2014\/09\/delegacija-mesihata-u-kataru-15.09.2014-21.jpg","width":1000,"height":750},{"@type":"BreadcrumbList","@id":"https:\/\/sandzakpress.net\/arhiva\/delegacija-islamske-zajednice-promovisala-u-kataru-projekat-centralne-dzamije-u-novom-pazaru\/#breadcrumb","itemListElement":[{"@type":"ListItem","position":1,"name":"Home","item":"https:\/\/sandzakpress.net\/arhiva\/"},{"@type":"ListItem","position":2,"name":"Delegacija Islamske zajednice promovisala u Kataru projekat &#8216;Centralne d\u017eamije u Novom Pazaru&#8217;"}]},{"@type":"WebSite","@id":"https:\/\/sandzakpress.net\/arhiva\/#website","url":"https:\/\/sandzakpress.net\/arhiva\/","name":"Sand\u017eak PRESS","description":"Prve elektronske novine u Sand\u017eaku","publisher":{"@id":"https:\/\/sandzakpress.net\/arhiva\/#\/schema\/person\/6e72b67d6e51910a1117b3b483ba20bd"},"potentialAction":[{"@type":"SearchAction","target":{"@type":"EntryPoint","urlTemplate":"https:\/\/sandzakpress.net\/arhiva\/?s={search_term_string}"},"query-input":{"@type":"PropertyValueSpecification","valueRequired":true,"valueName":"search_term_string"}}],"inLanguage":"bs-BA"},{"@type":["Person","Organization"],"@id":"https:\/\/sandzakpress.net\/arhiva\/#\/schema\/person\/6e72b67d6e51910a1117b3b483ba20bd","name":"Kul","image":{"@type":"ImageObject","inLanguage":"bs-BA","@id":"https:\/\/sandzakpress.net\/arhiva\/#\/schema\/person\/image\/","url":"https:\/\/secure.gravatar.com\/avatar\/42263f39aa27ac04c43cab85c280eb2e?s=96&d=mm&r=pg","contentUrl":"https:\/\/secure.gravatar.com\/avatar\/42263f39aa27ac04c43cab85c280eb2e?s=96&d=mm&r=pg","caption":"Kul"},"logo":{"@id":"https:\/\/sandzakpress.net\/arhiva\/#\/schema\/person\/image\/"}},{"@type":"Person","@id":"https:\/\/sandzakpress.net\/arhiva\/#\/schema\/person\/c8baee722073534b583ea7bdb2e36c02","name":"bosniak","image":{"@type":"ImageObject","inLanguage":"bs-BA","@id":"https:\/\/sandzakpress.net\/arhiva\/#\/schema\/person\/image\/","url":"https:\/\/secure.gravatar.com\/avatar\/a04fd330bfe3a36a72a0ad4a6d89fca7?s=96&d=mm&r=pg","contentUrl":"https:\/\/secure.gravatar.com\/avatar\/a04fd330bfe3a36a72a0ad4a6d89fca7?s=96&d=mm&r=pg","caption":"bosniak"},"url":"https:\/\/sandzakpress.net\/arhiva\/author\/bosniak\/"}]}},"_links":{"self":[{"href":"https:\/\/sandzakpress.net\/arhiva\/wp-json\/wp\/v2\/posts\/111742"}],"collection":[{"href":"https:\/\/sandzakpress.net\/arhiva\/wp-json\/wp\/v2\/posts"}],"about":[{"href":"https:\/\/sandzakpress.net\/arhiva\/wp-json\/wp\/v2\/types\/post"}],"author":[{"embeddable":true,"href":"https:\/\/sandzakpress.net\/arhiva\/wp-json\/wp\/v2\/users\/83"}],"replies":[{"embeddable":true,"href":"https:\/\/sandzakpress.net\/arhiva\/wp-json\/wp\/v2\/comments?post=111742"}],"version-history":[{"count":0,"href":"https:\/\/sandzakpress.net\/arhiva\/wp-json\/wp\/v2\/posts\/111742\/revisions"}],"wp:featuredmedia":[{"embeddable":true,"href":"https:\/\/sandzakpress.net\/arhiva\/wp-json\/wp\/v2\/media\/111743"}],"wp:attachment":[{"href":"https:\/\/sandzakpress.net\/arhiva\/wp-json\/wp\/v2\/media?parent=111742"}],"wp:term":[{"taxonomy":"category","embeddable":true,"href":"https:\/\/sandzakpress.net\/arhiva\/wp-json\/wp\/v2\/categories?post=111742"},{"taxonomy":"post_tag","embeddable":true,"href":"https:\/\/sandzakpress.net\/arhiva\/wp-json\/wp\/v2\/tags?post=111742"}],"curies":[{"name":"wp","href":"https:\/\/api.w.org\/{rel}","templated":true}]}}