{"id":111640,"date":"2014-09-12T17:43:51","date_gmt":"2014-09-12T15:43:51","guid":{"rendered":"https:\/\/sandzakpress.net\/arhiva\/?p=111640"},"modified":"2014-09-12T22:17:25","modified_gmt":"2014-09-12T20:17:25","slug":"ljajic-se-zbog-hadzeta-obrusio-na-ministra-policije-policija-ne-radi-dobro-svoj-posao","status":"publish","type":"post","link":"https:\/\/sandzakpress.net\/arhiva\/ljajic-se-zbog-hadzeta-obrusio-na-ministra-policije-policija-ne-radi-dobro-svoj-posao\/","title":{"rendered":"Ljaji\u0107 se zbog Had\u017eeta obru\u0161io na Ministra policije: Policija ne radi dobro svoj posao!"},"content":{"rendered":"<p><img decoding=\"async\" src=\"http:\/\/images3.kurir-info.rs\/slika-900x608\/rasim-ljajic-nebojsa-stefanovic-foto-zorana-jevtic-foto-marina-lopicic-1410467042-566165.jpg\" alt=\"Ljaji\u0107: O\u010dekujem da \u0107e na Paradi ponosa dr\u017eava bolje odreagovati\" \/><\/p>\n<p><strong><span style=\"color: #000000;\">Sjeverni Sand\u017eak &#8211; Potpredsjednik Vlade, ministar trgovine i lider\u00a0<\/span>SDPS\u00a0Rasim Ljaji\u0107\u00a0s<span style=\"color: #000000;\">matra da je policija, kojom rukovodi ministar unutra\u0161njih poslova<\/span>\u00a0Neboj\u0161a Stefanovi\u0107 (SNS),\u00a0<span style=\"color: #000000;\">napravila propust na\u00a0<\/span>skupu Pohod na Had\u017eet u Novom Pazaru.\u00a0<\/strong><br style=\"color: #000000;\" \/><br style=\"color: #000000;\" \/><span style=\"color: #000000;\">On je zamjerio \u0161to je u izvje\u0161taju novopazarske policije od 4. septembra, kad je odr\u017eana ta parada, koji je poslat MUP, i to kao posljednja informacija, samo navedeno da je odr\u017ean \u201eskup u pokretu\u201c, na kom je 600 ljudi pro\u0161etalo ulicama, i da nije bilo reme\u0107enja javnog reda i mira.<\/span><br style=\"color: #000000;\" \/><br style=\"color: #000000;\" \/><strong style=\"color: #000000;\">Demonstracija sile<\/strong><br style=\"color: #000000;\" \/><br style=\"color: #000000;\" \/><span style=\"color: #000000;\">&#8211; Policija nije ni konstatovala da su \u201e\u0161etala djeca u uniformama\u201c &#8211; kazao je Ljaji\u0107 i dodao da o\u010dekuje da \u0107e 28. septembra, za kad je najavljena manifestacija Parada ponosa, dr\u017eava bolje odreagovati nego kad je rije\u010d o Pohodu na Had\u017eet.<\/span><br style=\"color: #000000;\" \/><br style=\"color: #000000;\" \/><span style=\"color: #000000;\">Muftija Muamer Zukorli\u0107 u obilazak tog naselja u Novom Pazaru, gdje su prije 70 godina streljani Bo\u0161njaci, poveo je par hiljada\u00a0pristalica &#8211; me\u0111u kojima je bilo obu\u010denih u zelene uniforme s grbom Sand\u017eaka i crvenim fesom na glavi.<\/span><br style=\"color: #000000;\" \/><br style=\"color: #000000;\" \/><span style=\"color: #000000;\">Ljaji\u0107 smatra da je to jasna militarizacija i demonstracija sile, najve\u0107a opasnost u Novom Pazaru, i da je perspektiva cijelog tog regiona dovedena u pitanje.<\/span><\/p>\n<div class=\"youtube-embed\" data-video_id=\"VVehWEOVHn0\"><iframe loading=\"lazy\" title=\"Ministar Ljajic u jutarnjem programu TV Pink\" width=\"696\" height=\"392\" src=\"https:\/\/www.youtube.com\/embed\/VVehWEOVHn0?feature=oembed&#038;enablejsapi=1\" frameborder=\"0\" allow=\"accelerometer; autoplay; encrypted-media; gyroscope; picture-in-picture\" allowfullscreen><\/iframe><\/div>\n<p><strong style=\"color: #000000;\">Ambasadori zapanjeni<\/strong><br style=\"color: #000000;\" \/><br style=\"color: #000000;\" \/><span style=\"color: #000000;\">&#8211; I \u0161ta ako uniforme obuku i ovi iz Pre\u0161evske doline? Nijedna zemlja to ne bi dozvolila osim Srbije &#8211; kazao je Ljaji\u0107 u Jutarnjem programu na RTV Pink i najavio da \u0107e razgovarati i s ministrom Stefanovi\u0107em.<\/span><br style=\"color: #000000;\" \/><span style=\"color: #000000;\">&#8211; Dana 4. 9. 2014, od 13 do 15,30 \u010dasova, policijski slu\u017ebenici PU Novi Pazar su izvr\u0161ili obezbje\u0111enje javnog skupa u pokretu, u organizaciji IZ u Srbiji i\u00a0<\/span><strong style=\"color: #000000;\">BKZ Sand\u017eaka<\/strong><span style=\"color: #000000;\">, na \u010delu sa\u00a0<\/span><strong style=\"color: #000000;\">Mevludom Dudi\u0107em i Muamerom Zukorli\u0107em<\/strong><span style=\"color: #000000;\">. Na skupu, uz predstavnike IZ u Srbiji i BKZ, bilo je prisutno oko 600 gra\u0111ana. Nije bilo naru\u0161avanja javnog reda &#8211; navedeno je u slu\u017ebenoj bele\u0161ci<\/span><strong style=\"color: #000000;\">\u00a0PU Novi Pazar<\/strong><span style=\"color: #000000;\">, u koju je Kurir imao uvid.<\/span><br style=\"color: #000000;\" \/><br style=\"color: #000000;\" \/><span style=\"color: #000000;\">On je kazao da ovih dana ima niz sastanaka s ambasadorima koje zanima \u0161ta se de\u0161ava.<\/span><br style=\"color: #000000;\" \/><span style=\"color: #000000;\">&#8211; Zapanjeni su. Ne znaju \u0161ta je pozadina, za\u0161to se to de\u0161ava ba\u0161 u ovom trenutku &#8211; kazao je on.<\/span><br style=\"color: #000000;\" \/><br style=\"color: #000000;\" \/><span style=\"color: #000000;\">Ministar unutra\u0161njih poslova\u00a0<\/span><strong style=\"color: #000000;\">Neboj\u0161a Stefanovi\u0107\u00a0<\/strong><span style=\"color: #000000;\">ju\u010der nije bio dostupan za komentar na Ljaji\u0107eve kritike.<\/span><\/p>\n<p><a href=\"https:\/\/sandzakpress.net\/arhiva\/wp-content\/uploads\/2014\/09\/c0ba987dc9ae201667cca20d341f13c32635c6f4644dee361003040749b5aab5.jpg\"><img loading=\"lazy\" decoding=\"async\" class=\"aligncenter size-full wp-image-111653\" src=\"https:\/\/sandzakpress.net\/arhiva\/wp-content\/uploads\/2014\/09\/c0ba987dc9ae201667cca20d341f13c32635c6f4644dee361003040749b5aab5.jpg\" alt=\"c0ba987dc9ae201667cca20d341f13c32635c6f4644dee361003040749b5aab5\" width=\"470\" height=\"347\" srcset=\"https:\/\/sandzakpress.net\/arhiva\/wp-content\/uploads\/2014\/09\/c0ba987dc9ae201667cca20d341f13c32635c6f4644dee361003040749b5aab5.jpg 470w, https:\/\/sandzakpress.net\/arhiva\/wp-content\/uploads\/2014\/09\/c0ba987dc9ae201667cca20d341f13c32635c6f4644dee361003040749b5aab5-300x220.jpg 300w\" sizes=\"(max-width: 470px) 100vw, 470px\" \/><\/a><\/p>\n<p>(Kurir)<\/p>\n","protected":false},"excerpt":{"rendered":"<p>Ljaji\u0107 bi da hapsi Bo\u0161njake u Sand\u017eaku!<\/p>\n","protected":false},"author":83,"featured_media":111645,"comment_status":"open","ping_status":"open","sticky":false,"template":"","format":"standard","meta":{"footnotes":""},"categories":[72,1,52,327,392,393,8957],"tags":[10210,10217],"class_list":{"0":"post-111640","1":"post","2":"type-post","3":"status-publish","4":"format-standard","5":"has-post-thumbnail","7":"category-novi-pazar","8":"category-politika","9":"category-sjenica","10":"category-tutin","11":"category-prijepolje_","12":"category-priboj","13":"category-vijesti-dana","14":"tag-rasim-ljajic","15":"tag-nepravde-srpske-vlasti"},"yoast_head":"<!-- This site is optimized with the Yoast SEO Premium plugin v23.1 (Yoast SEO v24.9) - https:\/\/yoast.com\/wordpress\/plugins\/seo\/ -->\n<title>Ljaji\u0107 se zbog Had\u017eeta obru\u0161io na Ministra policije: Policija ne radi dobro svoj posao!<\/title>\n<meta name=\"robots\" content=\"index, follow, max-snippet:-1, max-image-preview:large, max-video-preview:-1\" \/>\n<link rel=\"canonical\" href=\"https:\/\/sandzakpress.net\/arhiva\/ljajic-se-zbog-hadzeta-obrusio-na-ministra-policije-policija-ne-radi-dobro-svoj-posao\/\" \/>\n<meta property=\"og:locale\" content=\"bs_BA\" \/>\n<meta property=\"og:type\" content=\"article\" \/>\n<meta property=\"og:title\" content=\"Ljaji\u0107 se zbog Had\u017eeta obru\u0161io na Ministra policije: Policija ne radi dobro svoj posao!\" \/>\n<meta property=\"og:description\" content=\"Ljaji\u0107 bi da hapsi Bo\u0161njake u Sand\u017eaku!\" \/>\n<meta property=\"og:url\" content=\"https:\/\/sandzakpress.net\/arhiva\/ljajic-se-zbog-hadzeta-obrusio-na-ministra-policije-policija-ne-radi-dobro-svoj-posao\/\" \/>\n<meta property=\"og:site_name\" content=\"Sand\u017eak PRESS\" \/>\n<meta property=\"article:published_time\" content=\"2014-09-12T15:43:51+00:00\" \/>\n<meta property=\"article:modified_time\" content=\"2014-09-12T20:17:25+00:00\" \/>\n<meta property=\"og:image\" content=\"https:\/\/sandzakpress.net\/arhiva\/wp-content\/uploads\/2014\/09\/rasim-ljajic-nebojsa-stefanovic-foto-zorana-jevtic-foto-marina-lopicic-1410467042-566165.jpg\" \/>\n\t<meta property=\"og:image:width\" content=\"900\" \/>\n\t<meta property=\"og:image:height\" content=\"607\" \/>\n\t<meta property=\"og:image:type\" content=\"image\/jpeg\" \/>\n<meta name=\"author\" content=\"bosniak\" \/>\n<meta name=\"twitter:card\" content=\"summary_large_image\" \/>\n<meta name=\"twitter:label1\" content=\"Written by\" \/>\n\t<meta name=\"twitter:data1\" content=\"bosniak\" \/>\n\t<meta name=\"twitter:label2\" content=\"Est. reading time\" \/>\n\t<meta name=\"twitter:data2\" content=\"2 minute\" \/>\n<script type=\"application\/ld+json\" class=\"yoast-schema-graph\">{\"@context\":\"https:\/\/schema.org\",\"@graph\":[{\"@type\":\"Article\",\"@id\":\"https:\/\/sandzakpress.net\/arhiva\/ljajic-se-zbog-hadzeta-obrusio-na-ministra-policije-policija-ne-radi-dobro-svoj-posao\/#article\",\"isPartOf\":{\"@id\":\"https:\/\/sandzakpress.net\/arhiva\/ljajic-se-zbog-hadzeta-obrusio-na-ministra-policije-policija-ne-radi-dobro-svoj-posao\/\"},\"author\":{\"name\":\"bosniak\",\"@id\":\"https:\/\/sandzakpress.net\/arhiva\/#\/schema\/person\/c8baee722073534b583ea7bdb2e36c02\"},\"headline\":\"Ljaji\u0107 se zbog Had\u017eeta obru\u0161io na Ministra policije: Policija ne radi dobro svoj posao!\",\"datePublished\":\"2014-09-12T15:43:51+00:00\",\"dateModified\":\"2014-09-12T20:17:25+00:00\",\"mainEntityOfPage\":{\"@id\":\"https:\/\/sandzakpress.net\/arhiva\/ljajic-se-zbog-hadzeta-obrusio-na-ministra-policije-policija-ne-radi-dobro-svoj-posao\/\"},\"wordCount\":404,\"commentCount\":46,\"publisher\":{\"@id\":\"https:\/\/sandzakpress.net\/arhiva\/#\/schema\/person\/6e72b67d6e51910a1117b3b483ba20bd\"},\"image\":{\"@id\":\"https:\/\/sandzakpress.net\/arhiva\/ljajic-se-zbog-hadzeta-obrusio-na-ministra-policije-policija-ne-radi-dobro-svoj-posao\/#primaryimage\"},\"thumbnailUrl\":\"https:\/\/sandzakpress.net\/arhiva\/wp-content\/uploads\/2014\/09\/rasim-ljajic-nebojsa-stefanovic-foto-zorana-jevtic-foto-marina-lopicic-1410467042-566165.jpg\",\"keywords\":[\"Rasim Ljaji\u0107\",\"nepravde srpske vlasti\"],\"articleSection\":[\"Novi Pazar\",\"Politika\",\"Sjenica\",\"Tutin\",\"Prijepolje\",\"Priboj\",\"VIJESTI DANA\"],\"inLanguage\":\"bs-BA\",\"potentialAction\":[{\"@type\":\"CommentAction\",\"name\":\"Comment\",\"target\":[\"https:\/\/sandzakpress.net\/arhiva\/ljajic-se-zbog-hadzeta-obrusio-na-ministra-policije-policija-ne-radi-dobro-svoj-posao\/#respond\"]}]},{\"@type\":\"WebPage\",\"@id\":\"https:\/\/sandzakpress.net\/arhiva\/ljajic-se-zbog-hadzeta-obrusio-na-ministra-policije-policija-ne-radi-dobro-svoj-posao\/\",\"url\":\"https:\/\/sandzakpress.net\/arhiva\/ljajic-se-zbog-hadzeta-obrusio-na-ministra-policije-policija-ne-radi-dobro-svoj-posao\/\",\"name\":\"Ljaji\u0107 se zbog Had\u017eeta obru\u0161io na Ministra policije: Policija ne radi dobro svoj posao!\",\"isPartOf\":{\"@id\":\"https:\/\/sandzakpress.net\/arhiva\/#website\"},\"primaryImageOfPage\":{\"@id\":\"https:\/\/sandzakpress.net\/arhiva\/ljajic-se-zbog-hadzeta-obrusio-na-ministra-policije-policija-ne-radi-dobro-svoj-posao\/#primaryimage\"},\"image\":{\"@id\":\"https:\/\/sandzakpress.net\/arhiva\/ljajic-se-zbog-hadzeta-obrusio-na-ministra-policije-policija-ne-radi-dobro-svoj-posao\/#primaryimage\"},\"thumbnailUrl\":\"https:\/\/sandzakpress.net\/arhiva\/wp-content\/uploads\/2014\/09\/rasim-ljajic-nebojsa-stefanovic-foto-zorana-jevtic-foto-marina-lopicic-1410467042-566165.jpg\",\"datePublished\":\"2014-09-12T15:43:51+00:00\",\"dateModified\":\"2014-09-12T20:17:25+00:00\",\"breadcrumb\":{\"@id\":\"https:\/\/sandzakpress.net\/arhiva\/ljajic-se-zbog-hadzeta-obrusio-na-ministra-policije-policija-ne-radi-dobro-svoj-posao\/#breadcrumb\"},\"inLanguage\":\"bs-BA\",\"potentialAction\":[{\"@type\":\"ReadAction\",\"target\":[\"https:\/\/sandzakpress.net\/arhiva\/ljajic-se-zbog-hadzeta-obrusio-na-ministra-policije-policija-ne-radi-dobro-svoj-posao\/\"]}]},{\"@type\":\"ImageObject\",\"inLanguage\":\"bs-BA\",\"@id\":\"https:\/\/sandzakpress.net\/arhiva\/ljajic-se-zbog-hadzeta-obrusio-na-ministra-policije-policija-ne-radi-dobro-svoj-posao\/#primaryimage\",\"url\":\"https:\/\/sandzakpress.net\/arhiva\/wp-content\/uploads\/2014\/09\/rasim-ljajic-nebojsa-stefanovic-foto-zorana-jevtic-foto-marina-lopicic-1410467042-566165.jpg\",\"contentUrl\":\"https:\/\/sandzakpress.net\/arhiva\/wp-content\/uploads\/2014\/09\/rasim-ljajic-nebojsa-stefanovic-foto-zorana-jevtic-foto-marina-lopicic-1410467042-566165.jpg\",\"width\":900,\"height\":607},{\"@type\":\"BreadcrumbList\",\"@id\":\"https:\/\/sandzakpress.net\/arhiva\/ljajic-se-zbog-hadzeta-obrusio-na-ministra-policije-policija-ne-radi-dobro-svoj-posao\/#breadcrumb\",\"itemListElement\":[{\"@type\":\"ListItem\",\"position\":1,\"name\":\"Home\",\"item\":\"https:\/\/sandzakpress.net\/arhiva\/\"},{\"@type\":\"ListItem\",\"position\":2,\"name\":\"Ljaji\u0107 se zbog Had\u017eeta obru\u0161io na Ministra policije: Policija ne radi dobro svoj posao!\"}]},{\"@type\":\"WebSite\",\"@id\":\"https:\/\/sandzakpress.net\/arhiva\/#website\",\"url\":\"https:\/\/sandzakpress.net\/arhiva\/\",\"name\":\"Sand\u017eak PRESS\",\"description\":\"Prve elektronske novine u Sand\u017eaku\",\"publisher\":{\"@id\":\"https:\/\/sandzakpress.net\/arhiva\/#\/schema\/person\/6e72b67d6e51910a1117b3b483ba20bd\"},\"potentialAction\":[{\"@type\":\"SearchAction\",\"target\":{\"@type\":\"EntryPoint\",\"urlTemplate\":\"https:\/\/sandzakpress.net\/arhiva\/?s={search_term_string}\"},\"query-input\":{\"@type\":\"PropertyValueSpecification\",\"valueRequired\":true,\"valueName\":\"search_term_string\"}}],\"inLanguage\":\"bs-BA\"},{\"@type\":[\"Person\",\"Organization\"],\"@id\":\"https:\/\/sandzakpress.net\/arhiva\/#\/schema\/person\/6e72b67d6e51910a1117b3b483ba20bd\",\"name\":\"Kul\",\"image\":{\"@type\":\"ImageObject\",\"inLanguage\":\"bs-BA\",\"@id\":\"https:\/\/sandzakpress.net\/arhiva\/#\/schema\/person\/image\/\",\"url\":\"https:\/\/secure.gravatar.com\/avatar\/42263f39aa27ac04c43cab85c280eb2e?s=96&d=mm&r=pg\",\"contentUrl\":\"https:\/\/secure.gravatar.com\/avatar\/42263f39aa27ac04c43cab85c280eb2e?s=96&d=mm&r=pg\",\"caption\":\"Kul\"},\"logo\":{\"@id\":\"https:\/\/sandzakpress.net\/arhiva\/#\/schema\/person\/image\/\"}},{\"@type\":\"Person\",\"@id\":\"https:\/\/sandzakpress.net\/arhiva\/#\/schema\/person\/c8baee722073534b583ea7bdb2e36c02\",\"name\":\"bosniak\",\"image\":{\"@type\":\"ImageObject\",\"inLanguage\":\"bs-BA\",\"@id\":\"https:\/\/sandzakpress.net\/arhiva\/#\/schema\/person\/image\/\",\"url\":\"https:\/\/secure.gravatar.com\/avatar\/a04fd330bfe3a36a72a0ad4a6d89fca7?s=96&d=mm&r=pg\",\"contentUrl\":\"https:\/\/secure.gravatar.com\/avatar\/a04fd330bfe3a36a72a0ad4a6d89fca7?s=96&d=mm&r=pg\",\"caption\":\"bosniak\"},\"url\":\"https:\/\/sandzakpress.net\/arhiva\/author\/bosniak\/\"}]}<\/script>\n<!-- \/ Yoast SEO Premium plugin. -->","yoast_head_json":{"title":"Ljaji\u0107 se zbog Had\u017eeta obru\u0161io na Ministra policije: Policija ne radi dobro svoj posao!","robots":{"index":"index","follow":"follow","max-snippet":"max-snippet:-1","max-image-preview":"max-image-preview:large","max-video-preview":"max-video-preview:-1"},"canonical":"https:\/\/sandzakpress.net\/arhiva\/ljajic-se-zbog-hadzeta-obrusio-na-ministra-policije-policija-ne-radi-dobro-svoj-posao\/","og_locale":"bs_BA","og_type":"article","og_title":"Ljaji\u0107 se zbog Had\u017eeta obru\u0161io na Ministra policije: Policija ne radi dobro svoj posao!","og_description":"Ljaji\u0107 bi da hapsi Bo\u0161njake u Sand\u017eaku!","og_url":"https:\/\/sandzakpress.net\/arhiva\/ljajic-se-zbog-hadzeta-obrusio-na-ministra-policije-policija-ne-radi-dobro-svoj-posao\/","og_site_name":"Sand\u017eak PRESS","article_published_time":"2014-09-12T15:43:51+00:00","article_modified_time":"2014-09-12T20:17:25+00:00","og_image":[{"width":900,"height":607,"url":"https:\/\/sandzakpress.net\/arhiva\/wp-content\/uploads\/2014\/09\/rasim-ljajic-nebojsa-stefanovic-foto-zorana-jevtic-foto-marina-lopicic-1410467042-566165.jpg","type":"image\/jpeg"}],"author":"bosniak","twitter_card":"summary_large_image","twitter_misc":{"Written by":"bosniak","Est. reading time":"2 minute"},"schema":{"@context":"https:\/\/schema.org","@graph":[{"@type":"Article","@id":"https:\/\/sandzakpress.net\/arhiva\/ljajic-se-zbog-hadzeta-obrusio-na-ministra-policije-policija-ne-radi-dobro-svoj-posao\/#article","isPartOf":{"@id":"https:\/\/sandzakpress.net\/arhiva\/ljajic-se-zbog-hadzeta-obrusio-na-ministra-policije-policija-ne-radi-dobro-svoj-posao\/"},"author":{"name":"bosniak","@id":"https:\/\/sandzakpress.net\/arhiva\/#\/schema\/person\/c8baee722073534b583ea7bdb2e36c02"},"headline":"Ljaji\u0107 se zbog Had\u017eeta obru\u0161io na Ministra policije: Policija ne radi dobro svoj posao!","datePublished":"2014-09-12T15:43:51+00:00","dateModified":"2014-09-12T20:17:25+00:00","mainEntityOfPage":{"@id":"https:\/\/sandzakpress.net\/arhiva\/ljajic-se-zbog-hadzeta-obrusio-na-ministra-policije-policija-ne-radi-dobro-svoj-posao\/"},"wordCount":404,"commentCount":46,"publisher":{"@id":"https:\/\/sandzakpress.net\/arhiva\/#\/schema\/person\/6e72b67d6e51910a1117b3b483ba20bd"},"image":{"@id":"https:\/\/sandzakpress.net\/arhiva\/ljajic-se-zbog-hadzeta-obrusio-na-ministra-policije-policija-ne-radi-dobro-svoj-posao\/#primaryimage"},"thumbnailUrl":"https:\/\/sandzakpress.net\/arhiva\/wp-content\/uploads\/2014\/09\/rasim-ljajic-nebojsa-stefanovic-foto-zorana-jevtic-foto-marina-lopicic-1410467042-566165.jpg","keywords":["Rasim Ljaji\u0107","nepravde srpske vlasti"],"articleSection":["Novi Pazar","Politika","Sjenica","Tutin","Prijepolje","Priboj","VIJESTI DANA"],"inLanguage":"bs-BA","potentialAction":[{"@type":"CommentAction","name":"Comment","target":["https:\/\/sandzakpress.net\/arhiva\/ljajic-se-zbog-hadzeta-obrusio-na-ministra-policije-policija-ne-radi-dobro-svoj-posao\/#respond"]}]},{"@type":"WebPage","@id":"https:\/\/sandzakpress.net\/arhiva\/ljajic-se-zbog-hadzeta-obrusio-na-ministra-policije-policija-ne-radi-dobro-svoj-posao\/","url":"https:\/\/sandzakpress.net\/arhiva\/ljajic-se-zbog-hadzeta-obrusio-na-ministra-policije-policija-ne-radi-dobro-svoj-posao\/","name":"Ljaji\u0107 se zbog Had\u017eeta obru\u0161io na Ministra policije: Policija ne radi dobro svoj posao!","isPartOf":{"@id":"https:\/\/sandzakpress.net\/arhiva\/#website"},"primaryImageOfPage":{"@id":"https:\/\/sandzakpress.net\/arhiva\/ljajic-se-zbog-hadzeta-obrusio-na-ministra-policije-policija-ne-radi-dobro-svoj-posao\/#primaryimage"},"image":{"@id":"https:\/\/sandzakpress.net\/arhiva\/ljajic-se-zbog-hadzeta-obrusio-na-ministra-policije-policija-ne-radi-dobro-svoj-posao\/#primaryimage"},"thumbnailUrl":"https:\/\/sandzakpress.net\/arhiva\/wp-content\/uploads\/2014\/09\/rasim-ljajic-nebojsa-stefanovic-foto-zorana-jevtic-foto-marina-lopicic-1410467042-566165.jpg","datePublished":"2014-09-12T15:43:51+00:00","dateModified":"2014-09-12T20:17:25+00:00","breadcrumb":{"@id":"https:\/\/sandzakpress.net\/arhiva\/ljajic-se-zbog-hadzeta-obrusio-na-ministra-policije-policija-ne-radi-dobro-svoj-posao\/#breadcrumb"},"inLanguage":"bs-BA","potentialAction":[{"@type":"ReadAction","target":["https:\/\/sandzakpress.net\/arhiva\/ljajic-se-zbog-hadzeta-obrusio-na-ministra-policije-policija-ne-radi-dobro-svoj-posao\/"]}]},{"@type":"ImageObject","inLanguage":"bs-BA","@id":"https:\/\/sandzakpress.net\/arhiva\/ljajic-se-zbog-hadzeta-obrusio-na-ministra-policije-policija-ne-radi-dobro-svoj-posao\/#primaryimage","url":"https:\/\/sandzakpress.net\/arhiva\/wp-content\/uploads\/2014\/09\/rasim-ljajic-nebojsa-stefanovic-foto-zorana-jevtic-foto-marina-lopicic-1410467042-566165.jpg","contentUrl":"https:\/\/sandzakpress.net\/arhiva\/wp-content\/uploads\/2014\/09\/rasim-ljajic-nebojsa-stefanovic-foto-zorana-jevtic-foto-marina-lopicic-1410467042-566165.jpg","width":900,"height":607},{"@type":"BreadcrumbList","@id":"https:\/\/sandzakpress.net\/arhiva\/ljajic-se-zbog-hadzeta-obrusio-na-ministra-policije-policija-ne-radi-dobro-svoj-posao\/#breadcrumb","itemListElement":[{"@type":"ListItem","position":1,"name":"Home","item":"https:\/\/sandzakpress.net\/arhiva\/"},{"@type":"ListItem","position":2,"name":"Ljaji\u0107 se zbog Had\u017eeta obru\u0161io na Ministra policije: Policija ne radi dobro svoj posao!"}]},{"@type":"WebSite","@id":"https:\/\/sandzakpress.net\/arhiva\/#website","url":"https:\/\/sandzakpress.net\/arhiva\/","name":"Sand\u017eak PRESS","description":"Prve elektronske novine u Sand\u017eaku","publisher":{"@id":"https:\/\/sandzakpress.net\/arhiva\/#\/schema\/person\/6e72b67d6e51910a1117b3b483ba20bd"},"potentialAction":[{"@type":"SearchAction","target":{"@type":"EntryPoint","urlTemplate":"https:\/\/sandzakpress.net\/arhiva\/?s={search_term_string}"},"query-input":{"@type":"PropertyValueSpecification","valueRequired":true,"valueName":"search_term_string"}}],"inLanguage":"bs-BA"},{"@type":["Person","Organization"],"@id":"https:\/\/sandzakpress.net\/arhiva\/#\/schema\/person\/6e72b67d6e51910a1117b3b483ba20bd","name":"Kul","image":{"@type":"ImageObject","inLanguage":"bs-BA","@id":"https:\/\/sandzakpress.net\/arhiva\/#\/schema\/person\/image\/","url":"https:\/\/secure.gravatar.com\/avatar\/42263f39aa27ac04c43cab85c280eb2e?s=96&d=mm&r=pg","contentUrl":"https:\/\/secure.gravatar.com\/avatar\/42263f39aa27ac04c43cab85c280eb2e?s=96&d=mm&r=pg","caption":"Kul"},"logo":{"@id":"https:\/\/sandzakpress.net\/arhiva\/#\/schema\/person\/image\/"}},{"@type":"Person","@id":"https:\/\/sandzakpress.net\/arhiva\/#\/schema\/person\/c8baee722073534b583ea7bdb2e36c02","name":"bosniak","image":{"@type":"ImageObject","inLanguage":"bs-BA","@id":"https:\/\/sandzakpress.net\/arhiva\/#\/schema\/person\/image\/","url":"https:\/\/secure.gravatar.com\/avatar\/a04fd330bfe3a36a72a0ad4a6d89fca7?s=96&d=mm&r=pg","contentUrl":"https:\/\/secure.gravatar.com\/avatar\/a04fd330bfe3a36a72a0ad4a6d89fca7?s=96&d=mm&r=pg","caption":"bosniak"},"url":"https:\/\/sandzakpress.net\/arhiva\/author\/bosniak\/"}]}},"_links":{"self":[{"href":"https:\/\/sandzakpress.net\/arhiva\/wp-json\/wp\/v2\/posts\/111640"}],"collection":[{"href":"https:\/\/sandzakpress.net\/arhiva\/wp-json\/wp\/v2\/posts"}],"about":[{"href":"https:\/\/sandzakpress.net\/arhiva\/wp-json\/wp\/v2\/types\/post"}],"author":[{"embeddable":true,"href":"https:\/\/sandzakpress.net\/arhiva\/wp-json\/wp\/v2\/users\/83"}],"replies":[{"embeddable":true,"href":"https:\/\/sandzakpress.net\/arhiva\/wp-json\/wp\/v2\/comments?post=111640"}],"version-history":[{"count":0,"href":"https:\/\/sandzakpress.net\/arhiva\/wp-json\/wp\/v2\/posts\/111640\/revisions"}],"wp:featuredmedia":[{"embeddable":true,"href":"https:\/\/sandzakpress.net\/arhiva\/wp-json\/wp\/v2\/media\/111645"}],"wp:attachment":[{"href":"https:\/\/sandzakpress.net\/arhiva\/wp-json\/wp\/v2\/media?parent=111640"}],"wp:term":[{"taxonomy":"category","embeddable":true,"href":"https:\/\/sandzakpress.net\/arhiva\/wp-json\/wp\/v2\/categories?post=111640"},{"taxonomy":"post_tag","embeddable":true,"href":"https:\/\/sandzakpress.net\/arhiva\/wp-json\/wp\/v2\/tags?post=111640"}],"curies":[{"name":"wp","href":"https:\/\/api.w.org\/{rel}","templated":true}]}}