{"id":111583,"date":"2014-09-11T14:45:19","date_gmt":"2014-09-11T12:45:19","guid":{"rendered":"https:\/\/sandzakpress.net\/arhiva\/?p=111583"},"modified":"2014-09-11T15:15:34","modified_gmt":"2014-09-11T13:15:34","slug":"ljajic-izbjegao-da-komentarise-dolazak-cetnika-u-novi-pazar-i-dalje-mu-smetaju-zelene-uniforme","status":"publish","type":"post","link":"https:\/\/sandzakpress.net\/arhiva\/ljajic-izbjegao-da-komentarise-dolazak-cetnika-u-novi-pazar-i-dalje-mu-smetaju-zelene-uniforme\/","title":{"rendered":"Ljaji\u0107 izbjegao da komentari\u0161e dolazak \u010detnika u Novi Pazar &#8211; I dalje mu smetaju &#8220;zelene uniforme&#8221;"},"content":{"rendered":"<p class=\"sms\" style=\"font-weight: bold; color: #000000;\"><img decoding=\"async\" src=\"https:\/\/sandzakpress.net\/arhiva\/wp-content\/uploads\/2013\/11\/ravna-gora-vuk-draskovic-draza-mihajlovic-cetnici-1368307499-308771.jpg\" alt=\"ravna-gora-vuk-draskovic-draza-mihajlovic-cetnici-1368307499-308771\" \/><\/p>\n<p class=\"sms\" style=\"font-weight: bold; color: #000000;\">Novi Pazar &#8211; Potpredsjednik Vlade Srbije Rasim Ljaji\u0107 rekao je da je \u201cPohod na Had\u017eet\u201c doveo perspektivu cijelog novopazarskog regiona u pitanje.<\/p>\n<div id=\"social\" style=\"color: #000000;\">\n<div id=\"fb-root\" class=\" fb_reset\">\n<div>Ministar trgovine, turizma i telekomukinakcija je istakao da taj doga\u0111aj predstavlja jasnu militarizaciju i demonstraciju sile.<\/div>\n<\/div>\n<\/div>\n<p style=\"color: #000000;\">Ljaji\u0107 je rekao da je pohod jasno povezivanje sa onima, koji su sara\u0111ivali sa okupatorima 1941. godine u Novom Pazaru i cijelom tom regionu.<\/p>\n<p style=\"color: #000000;\">On je istakao da u izvje\u0161taju policije, koji je poslat MUP-u, na posljednjem mjestu samo navedeno da je u Novom Pazaru odr\u017ean &#8220;skup u pokretu&#8221;, da su gra\u0111ani \u0161etali ulicama, da je bilo 600 prisutnih, da je protekao bez incidenata, a da pri tom nije ni spomenuto da su &#8220;\u0161etala djeca u uniformama&#8221;.<\/p>\n<p>Ljaji\u0107 je ukazao na najavu \u010detnika iz Ukrajine da \u0107e do\u0107i, da \u0107e tako\u0111e pro\u0161etati u Novom Pazaru i upitao &#8220;\u0161ta, ako uniforme obuku i ovi iz Pre\u0161evske Doline&#8221; i dodao da nijedna zemlja to ne bi dozvolila osim Srbije.<\/p>\n<p>&#8220;Navikli smo na Zukorli\u0107a, ovo ni\u0161ta nije neuobi\u010dajeno, \u010dovjek je dobio ono \u0161to je tra\u017eio &#8211; publicitet&#8221;, rekao je Ljaji\u0107, ukazuju\u0107i da pored SDPS s jedne strane, postoji, sa druge strane, &#8220;koalicija Zukorli\u0107a i Ugljanina&#8221;.<\/p>\n<p>Prema rije\u010dima Ljaji\u0107a, cilj Zukorli\u0107a nije da u\u0111e u vladu, nego da se nametne kao faktor koji mo\u017ee da pravi probleme.<\/p>\n<p>Predsjednik SDPS je ukazao da 50 odsto ljudi nema posao, da se masovno iseljavaju iz Novog Pazara &#8211; i Srbi i Bo\u0161njaci zbog ekonomske situacije i da nema ni ulaganja, zbog lo\u0161e infrastrukture i politi\u010dke nestabilnosti.<\/p>\n<p>Ljaji\u0107 je najavio da \u0107e razgovarati i sa ministrom unutra\u0161njih poslova Neboj\u0161om Stefanovi\u0107em, jer &#8220;mnogi ambasadori dolaze i danas i sutra, ljude apsolutno zanima \u0161ta se ovdje de\u0161ava&#8221;.<\/p>\n<p>Ljaji\u0107 o\u010dekuje da \u0107e 28. septembra, za kada je najavljena manifetacija &#8220;Parada ponosa&#8221;, dr\u017eava bolje odreagovati nego na &#8220;Pohod na Had\u017eet&#8221;.<\/p>\n<p style=\"color: #000000;\">(Tanjug)<\/p>\n","protected":false},"excerpt":{"rendered":"<p>Izbjegao da komentari\u0161e \u010detnike &#8230;<\/p>\n","protected":false},"author":83,"featured_media":95186,"comment_status":"open","ping_status":"open","sticky":false,"template":"","format":"standard","meta":{"footnotes":""},"categories":[72,1],"tags":[10210],"class_list":{"0":"post-111583","1":"post","2":"type-post","3":"status-publish","4":"format-standard","5":"has-post-thumbnail","7":"category-novi-pazar","8":"category-politika","9":"tag-rasim-ljajic"},"yoast_head":"<!-- This site is optimized with the Yoast SEO Premium plugin v23.1 (Yoast SEO v24.9) - https:\/\/yoast.com\/wordpress\/plugins\/seo\/ -->\n<title>Ljaji\u0107 izbjegao da komentari\u0161e dolazak \u010detnika u Novi Pazar - I dalje mu smetaju &quot;zelene uniforme&quot;<\/title>\n<meta name=\"robots\" content=\"index, follow, max-snippet:-1, max-image-preview:large, max-video-preview:-1\" \/>\n<link rel=\"canonical\" href=\"https:\/\/sandzakpress.net\/arhiva\/ljajic-izbjegao-da-komentarise-dolazak-cetnika-u-novi-pazar-i-dalje-mu-smetaju-zelene-uniforme\/\" \/>\n<meta property=\"og:locale\" content=\"bs_BA\" \/>\n<meta property=\"og:type\" content=\"article\" \/>\n<meta property=\"og:title\" content=\"Ljaji\u0107 izbjegao da komentari\u0161e dolazak \u010detnika u Novi Pazar - I dalje mu smetaju &quot;zelene uniforme&quot;\" \/>\n<meta property=\"og:description\" content=\"Izbjegao da komentari\u0161e \u010detnike ...\" \/>\n<meta property=\"og:url\" content=\"https:\/\/sandzakpress.net\/arhiva\/ljajic-izbjegao-da-komentarise-dolazak-cetnika-u-novi-pazar-i-dalje-mu-smetaju-zelene-uniforme\/\" \/>\n<meta property=\"og:site_name\" content=\"Sand\u017eak PRESS\" \/>\n<meta property=\"article:published_time\" content=\"2014-09-11T12:45:19+00:00\" \/>\n<meta property=\"article:modified_time\" content=\"2014-09-11T13:15:34+00:00\" \/>\n<meta property=\"og:image\" content=\"https:\/\/sandzakpress.net\/arhiva\/wp-content\/uploads\/2013\/11\/ravna-gora-vuk-draskovic-draza-mihajlovic-cetnici-1368307499-308771.jpg\" \/>\n\t<meta property=\"og:image:width\" content=\"616\" \/>\n\t<meta property=\"og:image:height\" content=\"331\" \/>\n\t<meta property=\"og:image:type\" content=\"image\/jpeg\" \/>\n<meta name=\"author\" content=\"bosniak\" \/>\n<meta name=\"twitter:card\" content=\"summary_large_image\" \/>\n<meta name=\"twitter:label1\" content=\"Written by\" \/>\n\t<meta name=\"twitter:data1\" content=\"bosniak\" \/>\n\t<meta name=\"twitter:label2\" content=\"Est. reading time\" \/>\n\t<meta name=\"twitter:data2\" content=\"2 minute\" \/>\n<script type=\"application\/ld+json\" class=\"yoast-schema-graph\">{\"@context\":\"https:\/\/schema.org\",\"@graph\":[{\"@type\":\"Article\",\"@id\":\"https:\/\/sandzakpress.net\/arhiva\/ljajic-izbjegao-da-komentarise-dolazak-cetnika-u-novi-pazar-i-dalje-mu-smetaju-zelene-uniforme\/#article\",\"isPartOf\":{\"@id\":\"https:\/\/sandzakpress.net\/arhiva\/ljajic-izbjegao-da-komentarise-dolazak-cetnika-u-novi-pazar-i-dalje-mu-smetaju-zelene-uniforme\/\"},\"author\":{\"name\":\"bosniak\",\"@id\":\"https:\/\/sandzakpress.net\/arhiva\/#\/schema\/person\/c8baee722073534b583ea7bdb2e36c02\"},\"headline\":\"Ljaji\u0107 izbjegao da komentari\u0161e dolazak \u010detnika u Novi Pazar &#8211; I dalje mu smetaju &#8220;zelene uniforme&#8221;\",\"datePublished\":\"2014-09-11T12:45:19+00:00\",\"dateModified\":\"2014-09-11T13:15:34+00:00\",\"mainEntityOfPage\":{\"@id\":\"https:\/\/sandzakpress.net\/arhiva\/ljajic-izbjegao-da-komentarise-dolazak-cetnika-u-novi-pazar-i-dalje-mu-smetaju-zelene-uniforme\/\"},\"wordCount\":341,\"commentCount\":6,\"publisher\":{\"@id\":\"https:\/\/sandzakpress.net\/arhiva\/#\/schema\/person\/6e72b67d6e51910a1117b3b483ba20bd\"},\"image\":{\"@id\":\"https:\/\/sandzakpress.net\/arhiva\/ljajic-izbjegao-da-komentarise-dolazak-cetnika-u-novi-pazar-i-dalje-mu-smetaju-zelene-uniforme\/#primaryimage\"},\"thumbnailUrl\":\"https:\/\/sandzakpress.net\/arhiva\/wp-content\/uploads\/2013\/11\/ravna-gora-vuk-draskovic-draza-mihajlovic-cetnici-1368307499-308771.jpg\",\"keywords\":[\"Rasim Ljaji\u0107\"],\"articleSection\":[\"Novi Pazar\",\"Politika\"],\"inLanguage\":\"bs-BA\",\"potentialAction\":[{\"@type\":\"CommentAction\",\"name\":\"Comment\",\"target\":[\"https:\/\/sandzakpress.net\/arhiva\/ljajic-izbjegao-da-komentarise-dolazak-cetnika-u-novi-pazar-i-dalje-mu-smetaju-zelene-uniforme\/#respond\"]}]},{\"@type\":\"WebPage\",\"@id\":\"https:\/\/sandzakpress.net\/arhiva\/ljajic-izbjegao-da-komentarise-dolazak-cetnika-u-novi-pazar-i-dalje-mu-smetaju-zelene-uniforme\/\",\"url\":\"https:\/\/sandzakpress.net\/arhiva\/ljajic-izbjegao-da-komentarise-dolazak-cetnika-u-novi-pazar-i-dalje-mu-smetaju-zelene-uniforme\/\",\"name\":\"Ljaji\u0107 izbjegao da komentari\u0161e dolazak \u010detnika u Novi Pazar - I dalje mu smetaju \\\"zelene uniforme\\\"\",\"isPartOf\":{\"@id\":\"https:\/\/sandzakpress.net\/arhiva\/#website\"},\"primaryImageOfPage\":{\"@id\":\"https:\/\/sandzakpress.net\/arhiva\/ljajic-izbjegao-da-komentarise-dolazak-cetnika-u-novi-pazar-i-dalje-mu-smetaju-zelene-uniforme\/#primaryimage\"},\"image\":{\"@id\":\"https:\/\/sandzakpress.net\/arhiva\/ljajic-izbjegao-da-komentarise-dolazak-cetnika-u-novi-pazar-i-dalje-mu-smetaju-zelene-uniforme\/#primaryimage\"},\"thumbnailUrl\":\"https:\/\/sandzakpress.net\/arhiva\/wp-content\/uploads\/2013\/11\/ravna-gora-vuk-draskovic-draza-mihajlovic-cetnici-1368307499-308771.jpg\",\"datePublished\":\"2014-09-11T12:45:19+00:00\",\"dateModified\":\"2014-09-11T13:15:34+00:00\",\"breadcrumb\":{\"@id\":\"https:\/\/sandzakpress.net\/arhiva\/ljajic-izbjegao-da-komentarise-dolazak-cetnika-u-novi-pazar-i-dalje-mu-smetaju-zelene-uniforme\/#breadcrumb\"},\"inLanguage\":\"bs-BA\",\"potentialAction\":[{\"@type\":\"ReadAction\",\"target\":[\"https:\/\/sandzakpress.net\/arhiva\/ljajic-izbjegao-da-komentarise-dolazak-cetnika-u-novi-pazar-i-dalje-mu-smetaju-zelene-uniforme\/\"]}]},{\"@type\":\"ImageObject\",\"inLanguage\":\"bs-BA\",\"@id\":\"https:\/\/sandzakpress.net\/arhiva\/ljajic-izbjegao-da-komentarise-dolazak-cetnika-u-novi-pazar-i-dalje-mu-smetaju-zelene-uniforme\/#primaryimage\",\"url\":\"https:\/\/sandzakpress.net\/arhiva\/wp-content\/uploads\/2013\/11\/ravna-gora-vuk-draskovic-draza-mihajlovic-cetnici-1368307499-308771.jpg\",\"contentUrl\":\"https:\/\/sandzakpress.net\/arhiva\/wp-content\/uploads\/2013\/11\/ravna-gora-vuk-draskovic-draza-mihajlovic-cetnici-1368307499-308771.jpg\",\"width\":616,\"height\":331},{\"@type\":\"BreadcrumbList\",\"@id\":\"https:\/\/sandzakpress.net\/arhiva\/ljajic-izbjegao-da-komentarise-dolazak-cetnika-u-novi-pazar-i-dalje-mu-smetaju-zelene-uniforme\/#breadcrumb\",\"itemListElement\":[{\"@type\":\"ListItem\",\"position\":1,\"name\":\"Home\",\"item\":\"https:\/\/sandzakpress.net\/arhiva\/\"},{\"@type\":\"ListItem\",\"position\":2,\"name\":\"Ljaji\u0107 izbjegao da komentari\u0161e dolazak \u010detnika u Novi Pazar &#8211; I dalje mu smetaju &#8220;zelene uniforme&#8221;\"}]},{\"@type\":\"WebSite\",\"@id\":\"https:\/\/sandzakpress.net\/arhiva\/#website\",\"url\":\"https:\/\/sandzakpress.net\/arhiva\/\",\"name\":\"Sand\u017eak PRESS\",\"description\":\"Prve elektronske novine u Sand\u017eaku\",\"publisher\":{\"@id\":\"https:\/\/sandzakpress.net\/arhiva\/#\/schema\/person\/6e72b67d6e51910a1117b3b483ba20bd\"},\"potentialAction\":[{\"@type\":\"SearchAction\",\"target\":{\"@type\":\"EntryPoint\",\"urlTemplate\":\"https:\/\/sandzakpress.net\/arhiva\/?s={search_term_string}\"},\"query-input\":{\"@type\":\"PropertyValueSpecification\",\"valueRequired\":true,\"valueName\":\"search_term_string\"}}],\"inLanguage\":\"bs-BA\"},{\"@type\":[\"Person\",\"Organization\"],\"@id\":\"https:\/\/sandzakpress.net\/arhiva\/#\/schema\/person\/6e72b67d6e51910a1117b3b483ba20bd\",\"name\":\"Kul\",\"image\":{\"@type\":\"ImageObject\",\"inLanguage\":\"bs-BA\",\"@id\":\"https:\/\/sandzakpress.net\/arhiva\/#\/schema\/person\/image\/\",\"url\":\"https:\/\/secure.gravatar.com\/avatar\/42263f39aa27ac04c43cab85c280eb2e?s=96&d=mm&r=pg\",\"contentUrl\":\"https:\/\/secure.gravatar.com\/avatar\/42263f39aa27ac04c43cab85c280eb2e?s=96&d=mm&r=pg\",\"caption\":\"Kul\"},\"logo\":{\"@id\":\"https:\/\/sandzakpress.net\/arhiva\/#\/schema\/person\/image\/\"}},{\"@type\":\"Person\",\"@id\":\"https:\/\/sandzakpress.net\/arhiva\/#\/schema\/person\/c8baee722073534b583ea7bdb2e36c02\",\"name\":\"bosniak\",\"image\":{\"@type\":\"ImageObject\",\"inLanguage\":\"bs-BA\",\"@id\":\"https:\/\/sandzakpress.net\/arhiva\/#\/schema\/person\/image\/\",\"url\":\"https:\/\/secure.gravatar.com\/avatar\/a04fd330bfe3a36a72a0ad4a6d89fca7?s=96&d=mm&r=pg\",\"contentUrl\":\"https:\/\/secure.gravatar.com\/avatar\/a04fd330bfe3a36a72a0ad4a6d89fca7?s=96&d=mm&r=pg\",\"caption\":\"bosniak\"},\"url\":\"https:\/\/sandzakpress.net\/arhiva\/author\/bosniak\/\"}]}<\/script>\n<!-- \/ Yoast SEO Premium plugin. -->","yoast_head_json":{"title":"Ljaji\u0107 izbjegao da komentari\u0161e dolazak \u010detnika u Novi Pazar - I dalje mu smetaju \"zelene uniforme\"","robots":{"index":"index","follow":"follow","max-snippet":"max-snippet:-1","max-image-preview":"max-image-preview:large","max-video-preview":"max-video-preview:-1"},"canonical":"https:\/\/sandzakpress.net\/arhiva\/ljajic-izbjegao-da-komentarise-dolazak-cetnika-u-novi-pazar-i-dalje-mu-smetaju-zelene-uniforme\/","og_locale":"bs_BA","og_type":"article","og_title":"Ljaji\u0107 izbjegao da komentari\u0161e dolazak \u010detnika u Novi Pazar - I dalje mu smetaju \"zelene uniforme\"","og_description":"Izbjegao da komentari\u0161e \u010detnike ...","og_url":"https:\/\/sandzakpress.net\/arhiva\/ljajic-izbjegao-da-komentarise-dolazak-cetnika-u-novi-pazar-i-dalje-mu-smetaju-zelene-uniforme\/","og_site_name":"Sand\u017eak PRESS","article_published_time":"2014-09-11T12:45:19+00:00","article_modified_time":"2014-09-11T13:15:34+00:00","og_image":[{"width":616,"height":331,"url":"https:\/\/sandzakpress.net\/arhiva\/wp-content\/uploads\/2013\/11\/ravna-gora-vuk-draskovic-draza-mihajlovic-cetnici-1368307499-308771.jpg","type":"image\/jpeg"}],"author":"bosniak","twitter_card":"summary_large_image","twitter_misc":{"Written by":"bosniak","Est. reading time":"2 minute"},"schema":{"@context":"https:\/\/schema.org","@graph":[{"@type":"Article","@id":"https:\/\/sandzakpress.net\/arhiva\/ljajic-izbjegao-da-komentarise-dolazak-cetnika-u-novi-pazar-i-dalje-mu-smetaju-zelene-uniforme\/#article","isPartOf":{"@id":"https:\/\/sandzakpress.net\/arhiva\/ljajic-izbjegao-da-komentarise-dolazak-cetnika-u-novi-pazar-i-dalje-mu-smetaju-zelene-uniforme\/"},"author":{"name":"bosniak","@id":"https:\/\/sandzakpress.net\/arhiva\/#\/schema\/person\/c8baee722073534b583ea7bdb2e36c02"},"headline":"Ljaji\u0107 izbjegao da komentari\u0161e dolazak \u010detnika u Novi Pazar &#8211; I dalje mu smetaju &#8220;zelene uniforme&#8221;","datePublished":"2014-09-11T12:45:19+00:00","dateModified":"2014-09-11T13:15:34+00:00","mainEntityOfPage":{"@id":"https:\/\/sandzakpress.net\/arhiva\/ljajic-izbjegao-da-komentarise-dolazak-cetnika-u-novi-pazar-i-dalje-mu-smetaju-zelene-uniforme\/"},"wordCount":341,"commentCount":6,"publisher":{"@id":"https:\/\/sandzakpress.net\/arhiva\/#\/schema\/person\/6e72b67d6e51910a1117b3b483ba20bd"},"image":{"@id":"https:\/\/sandzakpress.net\/arhiva\/ljajic-izbjegao-da-komentarise-dolazak-cetnika-u-novi-pazar-i-dalje-mu-smetaju-zelene-uniforme\/#primaryimage"},"thumbnailUrl":"https:\/\/sandzakpress.net\/arhiva\/wp-content\/uploads\/2013\/11\/ravna-gora-vuk-draskovic-draza-mihajlovic-cetnici-1368307499-308771.jpg","keywords":["Rasim Ljaji\u0107"],"articleSection":["Novi Pazar","Politika"],"inLanguage":"bs-BA","potentialAction":[{"@type":"CommentAction","name":"Comment","target":["https:\/\/sandzakpress.net\/arhiva\/ljajic-izbjegao-da-komentarise-dolazak-cetnika-u-novi-pazar-i-dalje-mu-smetaju-zelene-uniforme\/#respond"]}]},{"@type":"WebPage","@id":"https:\/\/sandzakpress.net\/arhiva\/ljajic-izbjegao-da-komentarise-dolazak-cetnika-u-novi-pazar-i-dalje-mu-smetaju-zelene-uniforme\/","url":"https:\/\/sandzakpress.net\/arhiva\/ljajic-izbjegao-da-komentarise-dolazak-cetnika-u-novi-pazar-i-dalje-mu-smetaju-zelene-uniforme\/","name":"Ljaji\u0107 izbjegao da komentari\u0161e dolazak \u010detnika u Novi Pazar - I dalje mu smetaju \"zelene uniforme\"","isPartOf":{"@id":"https:\/\/sandzakpress.net\/arhiva\/#website"},"primaryImageOfPage":{"@id":"https:\/\/sandzakpress.net\/arhiva\/ljajic-izbjegao-da-komentarise-dolazak-cetnika-u-novi-pazar-i-dalje-mu-smetaju-zelene-uniforme\/#primaryimage"},"image":{"@id":"https:\/\/sandzakpress.net\/arhiva\/ljajic-izbjegao-da-komentarise-dolazak-cetnika-u-novi-pazar-i-dalje-mu-smetaju-zelene-uniforme\/#primaryimage"},"thumbnailUrl":"https:\/\/sandzakpress.net\/arhiva\/wp-content\/uploads\/2013\/11\/ravna-gora-vuk-draskovic-draza-mihajlovic-cetnici-1368307499-308771.jpg","datePublished":"2014-09-11T12:45:19+00:00","dateModified":"2014-09-11T13:15:34+00:00","breadcrumb":{"@id":"https:\/\/sandzakpress.net\/arhiva\/ljajic-izbjegao-da-komentarise-dolazak-cetnika-u-novi-pazar-i-dalje-mu-smetaju-zelene-uniforme\/#breadcrumb"},"inLanguage":"bs-BA","potentialAction":[{"@type":"ReadAction","target":["https:\/\/sandzakpress.net\/arhiva\/ljajic-izbjegao-da-komentarise-dolazak-cetnika-u-novi-pazar-i-dalje-mu-smetaju-zelene-uniforme\/"]}]},{"@type":"ImageObject","inLanguage":"bs-BA","@id":"https:\/\/sandzakpress.net\/arhiva\/ljajic-izbjegao-da-komentarise-dolazak-cetnika-u-novi-pazar-i-dalje-mu-smetaju-zelene-uniforme\/#primaryimage","url":"https:\/\/sandzakpress.net\/arhiva\/wp-content\/uploads\/2013\/11\/ravna-gora-vuk-draskovic-draza-mihajlovic-cetnici-1368307499-308771.jpg","contentUrl":"https:\/\/sandzakpress.net\/arhiva\/wp-content\/uploads\/2013\/11\/ravna-gora-vuk-draskovic-draza-mihajlovic-cetnici-1368307499-308771.jpg","width":616,"height":331},{"@type":"BreadcrumbList","@id":"https:\/\/sandzakpress.net\/arhiva\/ljajic-izbjegao-da-komentarise-dolazak-cetnika-u-novi-pazar-i-dalje-mu-smetaju-zelene-uniforme\/#breadcrumb","itemListElement":[{"@type":"ListItem","position":1,"name":"Home","item":"https:\/\/sandzakpress.net\/arhiva\/"},{"@type":"ListItem","position":2,"name":"Ljaji\u0107 izbjegao da komentari\u0161e dolazak \u010detnika u Novi Pazar &#8211; I dalje mu smetaju &#8220;zelene uniforme&#8221;"}]},{"@type":"WebSite","@id":"https:\/\/sandzakpress.net\/arhiva\/#website","url":"https:\/\/sandzakpress.net\/arhiva\/","name":"Sand\u017eak PRESS","description":"Prve elektronske novine u Sand\u017eaku","publisher":{"@id":"https:\/\/sandzakpress.net\/arhiva\/#\/schema\/person\/6e72b67d6e51910a1117b3b483ba20bd"},"potentialAction":[{"@type":"SearchAction","target":{"@type":"EntryPoint","urlTemplate":"https:\/\/sandzakpress.net\/arhiva\/?s={search_term_string}"},"query-input":{"@type":"PropertyValueSpecification","valueRequired":true,"valueName":"search_term_string"}}],"inLanguage":"bs-BA"},{"@type":["Person","Organization"],"@id":"https:\/\/sandzakpress.net\/arhiva\/#\/schema\/person\/6e72b67d6e51910a1117b3b483ba20bd","name":"Kul","image":{"@type":"ImageObject","inLanguage":"bs-BA","@id":"https:\/\/sandzakpress.net\/arhiva\/#\/schema\/person\/image\/","url":"https:\/\/secure.gravatar.com\/avatar\/42263f39aa27ac04c43cab85c280eb2e?s=96&d=mm&r=pg","contentUrl":"https:\/\/secure.gravatar.com\/avatar\/42263f39aa27ac04c43cab85c280eb2e?s=96&d=mm&r=pg","caption":"Kul"},"logo":{"@id":"https:\/\/sandzakpress.net\/arhiva\/#\/schema\/person\/image\/"}},{"@type":"Person","@id":"https:\/\/sandzakpress.net\/arhiva\/#\/schema\/person\/c8baee722073534b583ea7bdb2e36c02","name":"bosniak","image":{"@type":"ImageObject","inLanguage":"bs-BA","@id":"https:\/\/sandzakpress.net\/arhiva\/#\/schema\/person\/image\/","url":"https:\/\/secure.gravatar.com\/avatar\/a04fd330bfe3a36a72a0ad4a6d89fca7?s=96&d=mm&r=pg","contentUrl":"https:\/\/secure.gravatar.com\/avatar\/a04fd330bfe3a36a72a0ad4a6d89fca7?s=96&d=mm&r=pg","caption":"bosniak"},"url":"https:\/\/sandzakpress.net\/arhiva\/author\/bosniak\/"}]}},"_links":{"self":[{"href":"https:\/\/sandzakpress.net\/arhiva\/wp-json\/wp\/v2\/posts\/111583"}],"collection":[{"href":"https:\/\/sandzakpress.net\/arhiva\/wp-json\/wp\/v2\/posts"}],"about":[{"href":"https:\/\/sandzakpress.net\/arhiva\/wp-json\/wp\/v2\/types\/post"}],"author":[{"embeddable":true,"href":"https:\/\/sandzakpress.net\/arhiva\/wp-json\/wp\/v2\/users\/83"}],"replies":[{"embeddable":true,"href":"https:\/\/sandzakpress.net\/arhiva\/wp-json\/wp\/v2\/comments?post=111583"}],"version-history":[{"count":0,"href":"https:\/\/sandzakpress.net\/arhiva\/wp-json\/wp\/v2\/posts\/111583\/revisions"}],"wp:featuredmedia":[{"embeddable":true,"href":"https:\/\/sandzakpress.net\/arhiva\/wp-json\/wp\/v2\/media\/95186"}],"wp:attachment":[{"href":"https:\/\/sandzakpress.net\/arhiva\/wp-json\/wp\/v2\/media?parent=111583"}],"wp:term":[{"taxonomy":"category","embeddable":true,"href":"https:\/\/sandzakpress.net\/arhiva\/wp-json\/wp\/v2\/categories?post=111583"},{"taxonomy":"post_tag","embeddable":true,"href":"https:\/\/sandzakpress.net\/arhiva\/wp-json\/wp\/v2\/tags?post=111583"}],"curies":[{"name":"wp","href":"https:\/\/api.w.org\/{rel}","templated":true}]}}