{"id":111556,"date":"2014-09-11T00:51:39","date_gmt":"2014-09-10T22:51:39","guid":{"rendered":"https:\/\/sandzakpress.net\/arhiva\/?p=111556"},"modified":"2014-09-11T00:51:39","modified_gmt":"2014-09-10T22:51:39","slug":"provokatori","status":"publish","type":"post","link":"https:\/\/sandzakpress.net\/arhiva\/provokatori\/","title":{"rendered":"Provokatori"},"content":{"rendered":"<p style=\"color: #000000;\"><a href=\"https:\/\/sandzakpress.net\/arhiva\/wp-content\/uploads\/2014\/09\/fejzic.jpg\"><img loading=\"lazy\" decoding=\"async\" class=\"size-full wp-image-111557 alignleft\" src=\"https:\/\/sandzakpress.net\/arhiva\/wp-content\/uploads\/2014\/09\/fejzic.jpg\" alt=\"fejzic\" width=\"300\" height=\"168\" \/><\/a><\/p>\n<p style=\"color: #000000;\">Agent provokator (francuski: Agent provocateur) je naziv za osobu koja za ra\u010dun policije, obavje\u0161tajne slu\u017ebe ili neke druge organizacije nastoji, la\u017eno predstavljaju\u0107i svoj identitet ili motive, pota\u0107i nekog pojedinca ili organizaciju na djelovanje koje bi ih kompromitiralo.<\/p>\n<p style=\"color: #000000;\">Naj\u010de\u0161\u0107i oblik agenta provokatora jest policijski agent koji se infiltirira u neku organizaciju s ciljem da, poti\u010du\u0107i odre\u0111ene djelatnosti, prikupi dokaze o kaznenim djelima. Pored toga, agent provokator mo\u017ee biti i \u017ertva ucjene ili iznude koja je navodno pristala na ucjenjiva\u010dke zahtjeve, a zapravo sura\u0111uje s policijom kako bi prikupila dokaze protiv ucjenjiva\u010da.<\/p>\n<p style=\"color: #000000;\">Agenti provokatori, tako\u0111er, mogu namjerno vr\u0161iti ilegalne, odnosno nasilne aktivnosti, s ciljem da javnost ili strane vlade okrenu protiv nekog pokreta ili organizacije. (Wikipedia)<\/p>\n<p style=\"color: #000000;\">I taman kad pomislimo da nas od aktuelnog crnogorskog reisa ni\u0161ta vi\u0161e ne mo\u017ee iznenaditi, on nas iznova demantuje. Ovog puta je, \u010dini se, oti\u0161ao predaleko. Iako se i do sada, kroz neke njegove izjave, primje\u0107ivala netrpeljivost prema sand\u017ea\u010dkom muftiji Zukorli\u0107u i instituciji na \u010dijem se \u010delu nalazi, Fejzi\u0107ev najnoviji medijski istup, gdje optu\u017euje Muftijstvo Sand\u017ea\u010dko da podr\u017eava \u201cvehabijski pokret\u201d, je bez presedana:<\/p>\n<p style=\"color: #000000;\">\u201cIslamska zajednica u Srbiji permanentno je u Crnoj Gori podr\u017eavala te marginalne grupe, radikalnu grupu i sve one koji su bili u neslaganju sa islamskom zajednicom. Ja bih prije svega to nazvao zloupotrebom imena \u010dasnog Kurana to su prije svega prostorije d\u017eamije gdje \u0107e organizovat kurseve za neku na\u0161u djecu a to \u0107e voditi ljudi koji su ili glavni sumnjivi ili su na granici da budu tamo gdje ne \u017eelimo da budu i ti ljudi \u0107e u tim prostorijama u CG obu\u010davati na\u0161u djecu\u201c.<br \/>\nIako mu elokvencija nije ba\u0161 ja\u010da strana, ipak se mo\u017ee zaklju\u010diti da Fejzi\u0107 aludira na nedavno otvorena isturena odjeljenja \u0160kole Kur\u2019ana \u010casnog u Ro\u017eajama i Petnjici, u organizaciji sand\u017ea\u010dkog Me\u0161ihata. A glavni gosti na sve\u010danom otvaranju, osim muftije Zukorli\u0107a bili su hafiz Irfan ef Mali\u0107 i pomo\u0107nik muftije za Ju\u017eni Sand\u017eak hafiz Abdurahman ef. Kujevi\u0107.<br \/>\n\u201cZabilje\u017eeno je da smo imali i fizi\u010dke napade nekada na na\u0161e vjerske slu\u017ebenike, imali smo i napade na na\u0161e vjernike koji su dolazili a bili su fizi\u010dke prirode itd. Mnogi od tih problema imali su sudski epilog\u2026 Reis Rifat Fejzi\u0107 smatra da Crna Gora kao dr\u017eava apsolutno ni\u0161ta ne radi po ovom pitanju kako bi za\u0161titila islamsku zajednicu, iako je ranije potpisan ugovor sa Vladom o ure\u0111enju odnosa islamske zajednice po kojem je ona prili\u010dno za\u0161ti\u0107ena\u2026\u201d<\/p>\n<p style=\"color: #000000;\">Imaju\u0107i u vidu ozbiljnost izre\u010denih optu\u017ebi, logi\u010dan slijed je da dr\u017eavni tu\u017eilac pozove Fejzi\u0107a da dostavi dokaze kojim \u0107e potkrijepiti navedene izjave, shodno na\u010delu \u201cprezumpcije nevinosti\u201d, tj.\u201cniko nije kriv dok se ne doka\u017ee njegova krivica\u201d. Ukoliko Fejzi\u0107 ne predo\u010di dokaze za svoje tvrdnje, onda se postavlja pitanje koja je svrha ovakvog njegovog istupa? Osim da bi se u tom slu\u010daju slobodno mogao okarakterisati terminom iz po\u010detnog pasusa ovog teksta, prva pretpostavka je da je njegova uloga da svojim \u201cautoritetom\u201d potkrijepi tvrdnje o \u201cvehabijskoj opasnosti\u201d u Crnoj Gori. Druga pretpostavka je da time \u017eeli pomo\u0107i svojim prijateljima i saradnicima Ugljaninu, Ljaji\u0107u, Zilki\u0107u na aktuelnim izborima za nacionalne savjete u Srbiji.<br \/>\nUkoliko Fejzi\u0107, kao \u0161to rekosmo, ipak ne iznese dokaze za svoje tvrdnje, morao bi neopozivo da podnese ostavku na funkciju koju obna\u0161a, dok bi dr\u017eavni tu\u017eilac trebao da podnese krivi\u010dnu prijavu za vi\u0161e krivi\u010dnih djela proisteklih iz pomenute izjave: la\u017eno prijavljivanje krivi\u010dnog djela, \u0161irenje la\u017enih vijesti i uznemiravanje javnosti\u2026<\/p>\n<p style=\"color: #000000;\">Hajci na \u201cvehabije\u201d i zahtjevima za njihovo hap\u0161enje, pridru\u017euje se i \u010dlan skup\u0161tinskog odbora za bezbjednost i odbranu Neboj\u0161a Medojevi\u0107, koji ka\u017ee da je \u201ctradicionalni islam napadnut od formi koje nijesu bliske islamu i to se posebno odra\u017eava u Ulcinju, Ro\u017eajama i Plavu\u2026Treba biti oprezan i dr\u017eati pod pa\u017enjom posebno ako se djelovanje tih organizacija pretvara u fanatizam koji zalu\u0111uje mlade ljude sa sjevera da gube glavu za neke projekte koji mogu biti jako opasni. Posebno je problem u Ulcinju gdje je Islamska zajednica preuzeta od strane vehabija i to je opasno jer to je posebna vrsta islama i vrlo su zabrinuti ljudi iz kruga crnogorskih muslimana jer to je ne\u0161to \u0161to je strano tijelo na teritoriji Crne Gore\u2026\u201d<\/p>\n<p style=\"color: #000000;\">Neshvatljivo je da i pored upornih etiketiranja od strane zvani\u010dnika IZ, visokih funkcionera policijsko-obavje\u0161tajnih struktura, kao i politi\u010dkih lidera i raznih vojno-bezbjednosnih analiti\u010dara, ne reaguje niko iz prozvanih gradova: Ro\u017eaja, Plava, Ulcinja\u2026 Da li je razlog tome vjerovatno\u0107a i bojazan da najavljena hap\u0161enja mogu zahvatiti bilo koga?<\/p>\n<p style=\"color: #000000;\">Razlozi za bojazan od neselektivnih hap\u0161enja mogu se smatrati opravdanim i ako imamo u vidu zahtjev predsjednika skup\u0161tinskog Odbora za bezbjednost i odbranu Mevludina Nuhod\u017ei\u0107a, da dr\u017eavni organi i ukupno dru\u0161tvo moraju biti efikasniji u vezi sa pitanjem ekstremnih vehabijskih grupa u Crnoj Gori: \u201cU akciju protiv radikalnog vehabizma neophodno je da se uklju\u010di porodica, vjerska zajednica, \u0161kola, mediji, dakle naj\u0161ire dru\u0161tvo. I tako \u0107e se najefikasnije smanjiti mogu\u0107nost uticaja vjerskog ekstremizma kod mladih, a on uglavnom kod njih nalazi najbolje upori\u0161te\u2026\u201d<\/p>\n<p style=\"color: #000000;\">\u0106utnja Islamske zajednice u Srbiji, odnosno Sand\u017ea\u010dkog me\u0161ihata na sve otvorenije napade od strane svojih kolega iz susjedne ju\u017ene republike je donekle razumljiva, ali bi mo\u017eda reagovanje na sve agresivnija istupanja u javnosti reisa Fejzi\u0107a i njegovih saradnika trebalo pojasniti muslimanskim vjernicima u Crnoj Gori. Usljed medijske blokade i tendenciozne ure\u0111iva\u010dke politike ve\u0107ine glasila u Crnoj Gori, za ve\u0107inu muslimana je nepoznanica nedavno otvaranje odjeljenja \u0160kole Kur\u2019ana \u010casnog u Ro\u017eajama i Petnjici.<\/p>\n<p style=\"color: #000000;\">Pravna dr\u017eava i po\u0161tovanje zakonitosti na ovim na\u0161im turbulentnim prostorima, jo\u0161 dugo \u0107e biti misaona imenica. Iako me\u0111unarodna zajednica insistira na nekorumpiranom pravosu\u0111u, naro\u010dito kada su aktuelizovane euroatlantske integracije, to \u0107e kod nas jo\u0161 dugo biti samo \u017eelja pusta. Nedavna postavljenja na najvi\u0161e CG pravosudne sudske instance, samo potvr\u0111uju ovakve sumorne prognoze. Po\u0161to smo mi ipak isuvi\u0161e sli\u010dni, ni\u0161ta bolja situacija nije ni u zemljama regiona. Ipak, postoje slu\u010dajevi, kada i o\u010digledna protivzakonita djelovanja policijsko-obavje\u0161tajnih i pravosudnih organa bivaju nagra\u0111ena \u0161tedrim aplauzima \u010dak i od strane \u201cdemokratskih\u201d re\u017eima Evropske unije. Naravno, radi se o spektakularnim akcijama hap\u0161enja \u201cvehabija\u201d.<\/p>\n<p style=\"color: #000000;\">Dok policija \u0161irom Kosova i BiH ovih danahapsi osumnji\u010dene za \u201cpovezanost sa finansiranjem, organizovanjem i regrutovanjem dr\u017eavljana BiH za odlazak u Siriju i Irak, i u\u010de\u0161\u0107e u tamo\u0161njim sukobima bore\u0107i se na straniradikalnih teroristi\u010dkih grupa i organizacija\u201d, kako navode vlasti, izgleda da \u0107e se ovog puta \u201cRambo\u201d akcijama pridru\u017eiti i specijalne snage Crne Gore. \u2026 \u201cHap\u0161enja je sprovelo preko 200 policajaca na 17 lokacija \u0161irom BiH. To je prva takva bezbjednosna akcija od aprila, kada su u BiH uvedene zatvorske kazne u trajanju do deset godina za gra\u0111ane koji se bore ili regrutuju borce za konflikte u inostranstvu\u201d.<\/p>\n<p style=\"color: #000000;\"><a href=\"https:\/\/sandzakpress.net\/arhiva\/wp-content\/uploads\/2014\/09\/vehabije-srbija-danas.jpg\"><img loading=\"lazy\" decoding=\"async\" class=\"aligncenter size-full wp-image-111558\" src=\"https:\/\/sandzakpress.net\/arhiva\/wp-content\/uploads\/2014\/09\/vehabije-srbija-danas.jpg\" alt=\"vehabije-srbija-danas\" width=\"720\" height=\"410\" srcset=\"https:\/\/sandzakpress.net\/arhiva\/wp-content\/uploads\/2014\/09\/vehabije-srbija-danas.jpg 720w, https:\/\/sandzakpress.net\/arhiva\/wp-content\/uploads\/2014\/09\/vehabije-srbija-danas-616x350.jpg 616w, https:\/\/sandzakpress.net\/arhiva\/wp-content\/uploads\/2014\/09\/vehabije-srbija-danas-350x200.jpg 350w\" sizes=\"(max-width: 720px) 100vw, 720px\" \/><\/a><br \/>\nBrojni poznavaoci prilika smatraju da su ova hap\u0161enja uglavnom sastavni dio izborne kampanje koja je u toku u BiH.<\/p>\n<p style=\"color: #000000;\">Bez namjere da svemu damo zloslutan prizvuk, izgleda da Muslimani-Bo\u0161njaci nijesu izvukli pouku iz posljednjeg genocida, jer kako druga\u010dije da shvatimo nereagovanje na sve brojnije prisustvo i ja\u010danje \u010detni\u010dkog pokreta u BiH, kao i brojne medijske napise o njihovom u\u010de\u0107u na rati\u0161tu u Ukrajini? Ovih dana je aktuelna prijetnja jednog od \u010detni\u010dkih komandanata Muftiji Zukorli\u0107u, kao i najava \u010detni\u010dkog defilea u Novom Pazaru.<\/p>\n<p style=\"color: #000000;\">Hap\u0161enje \u201cvehabija\u201du BiH svojim obimom i demonstracijom sile, prisustvom brojnih medija, podsje\u0107a na sli\u010dnu demonstraciju policijske sile u Mao\u010di prije dvije godine. Od bombasti\u010dnih izjava o uhap\u0161enim teroristima, brojnom prona\u0111enom oru\u017eju, tada nije ostalo ni traga. \u201cVehabijama\u201d zbog bespravnog li\u0161avanja slobode nije ni padalo na pamet da tra\u017ee od\u0161tetu od dr\u017eave. A i kako bi, ako imamo u vidu protivzakonito hap\u0161enjei deportaciju u Gvantanamo tzv. \u201cAl\u017eirske grupe\u201d, ili pak slu\u010daj naturalizovanog Bosanca Abu Hamze, koji je od 2008.godine zato\u010den u Isto\u010dnom Sarajevu bez optu\u017enice i, naravno, bez dokazane krivice.<\/p>\n<p style=\"color: #000000;\">Da zakoni za \u201cvehabije\u201d ne va\u017ee, govori i saznanje organizacije Human Rights Watch (HRW), da je FBI u tajnim operacijama \u201cohrabrivao, poticao a ponekad i pla\u0107ao ameri\u010dkim muslimanima da izvode atentate\u2026 FBI je usto nerijetko ciljao osjetljive osobe, s psihi\u010dkim i intelektualnim te\u0161ko\u0107ama\u201d.<\/p>\n<p style=\"color: #000000;\">Velika akcija hap\u0161enja \u201cvehabija u Sand\u017eaku izvedena je 2007. godine na planini Ninaji u blizini Novog Pazara kada je, prema zvani\u010dnim informacijama otkriven teroristi\u010dki kamp i uhap\u0161ena grupa od 14 pripadnika tog pokreta, a jedan pripadnik ovog pokreta je poginuo u okr\u0161aju sa policijom. Svi uhap\u0161eni su osu\u0111eni na vi\u0161egodi\u0161nje kazne zatvora, na osnovu optu\u017ebe za podrivanje ustavnog poretka Srbije. Prema brojnim raspolo\u017eivim informacijama, i ovdje je u pitanju \u201cFBI scenario\u201d.<\/p>\n<p style=\"color: #000000;\">Ovih dana u Crnoj Gori je sve\u010dano obilje\u017eena 100 godi\u0161njica ro\u0111enja Veljka Vlahovi\u0107a, narodnog heroja i \u0161panskog borca. Da podsjetimo, V. Vlahovi\u0107 je autor \u010duvenog Apela grupe jugoslovenskih studenata, budu\u0107ih \u201c\u0160panaca\u201d , upu\u0107enog omladini cijele Jugoslavije. Da li bi i on danas bio na meti popularnog Fahrudina Radon\u010di\u0107a u BiH ili sveprisutnog Rasima LJaji\u0107a u Srbiji, a mo\u017eda bi ga se ipak prvi do\u010depao agilni Mevludin Nuhod\u017ei\u0107 u Crnoj Gori?<br \/>\nBilo bi interesantno prelistati tada\u0161nju \u0161tampu Frankovog fa\u0161isti\u010dkog re\u017eima i vidjeti kako su opisivani dobrovoljci koji su dolazili iz Jugoslavije i drugih zemalja i ratovali u Internacionalnimbrigadamana strani Republikanaca? A razmjere odziva za \u0161panski gra\u0111anski rat bile su takve da bi na\u0161e \u201cvehabije\u201d mogle samo da se postide:<br \/>\n\u201cSkoro 1700 jugoslovenskih dobrovoljaca (Voluntarios de la Libertad) su se borili u \u0160paniji brane\u0107i Republiku, uglavnom u jedinicama Internacionalnih brigada. Preko sedam stotina ih je zauvek ostalo u \u0160paniji, iako ta\u010dan broj jugoslovenskih dobrovoljaca u \u0160panskom gradanskom ratu jo\u0161 nije utvr\u0111en.<\/p>\n<p style=\"color: #000000;\"><a style=\"color: #158bc4;\" href=\"http:\/\/www.broj19-number19.org\/images\/spanski-borci.jpg\"><img loading=\"lazy\" decoding=\"async\" src=\"http:\/\/www.broj19-number19.org\/images\/spanski-borci.jpg\" alt=\"spanski-borci\" width=\"446\" height=\"125\" \/><\/a><\/p>\n<p style=\"color: #000000;\">Nakon organizovanog povla\u010denja iz \u0160panije 1939.godine, brigadisti, od kojih oko 520 Jugoslovena, internirani su u logorima u ju\u017enoj Francuskoj.<\/p>\n<p style=\"color: #000000;\">Najve\u0107i broj Jugoslovena uspeo je da pobegne iz logora i vrati se u Jugoslaviju ili da se priklju\u010di anti-fa\u0161isti\u010dkoj borbi u Francuskoj i drugim evropskim zemljama. Tako je 51 \u0161panskih boraca poginulo u raznim pokretima otpora ili koncentracionim logorima kao \u0161to su Kerestinac, Jasenovac, Banjica, Mathausen i Dahau\u2026. Od oko 250 \u0161panskih boraca koji su u\u010destvovali u NOB-u, preko polovina je poginula a svaki \u010detvrti je progla\u0161en za Narodnog heroja. \u010cin generala dobilo je 30 \u0161panskih boraca i medju njima su bili komandanti sva \u010detiri korpusa NOV. U godinama posle rata, na\u0161i \u0160panci bili su na najistaknutijim funkcijama u vladama Jugoslavije i Savezu komunista Jugoslavije, a 18 su bili \u010dlanovi Saveta federacije. U toku izvanrednih diplomatskih karijera, dvanaestoro je predstavljalo Jugoslaviju kao ambasadori u 35 zemalja.\u201d<\/p>\n<p style=\"color: #000000;\">Autor: <strong>Mirsad Kurga\u0161<\/strong><\/p>\n","protected":false},"excerpt":{"rendered":"<p>Mirsad Kurga\u0161<\/p>\n","protected":false},"author":83,"featured_media":111557,"comment_status":"open","ping_status":"open","sticky":false,"template":"","format":"standard","meta":{"footnotes":""},"categories":[10196],"tags":[10237],"class_list":{"0":"post-111556","1":"post","2":"type-post","3":"status-publish","4":"format-standard","5":"has-post-thumbnail","7":"category-iz-pera-nasih-autora","8":"tag-mirsad-kurgas"},"yoast_head":"<!-- This site is optimized with the Yoast SEO Premium plugin v23.1 (Yoast SEO v24.9) - https:\/\/yoast.com\/wordpress\/plugins\/seo\/ -->\n<title>Provokatori<\/title>\n<meta name=\"robots\" content=\"index, follow, max-snippet:-1, max-image-preview:large, max-video-preview:-1\" \/>\n<link rel=\"canonical\" href=\"https:\/\/sandzakpress.net\/arhiva\/provokatori\/\" \/>\n<meta property=\"og:locale\" content=\"bs_BA\" \/>\n<meta property=\"og:type\" content=\"article\" \/>\n<meta property=\"og:title\" content=\"Provokatori\" \/>\n<meta property=\"og:description\" content=\"Mirsad Kurga\u0161\" \/>\n<meta property=\"og:url\" content=\"https:\/\/sandzakpress.net\/arhiva\/provokatori\/\" \/>\n<meta property=\"og:site_name\" content=\"Sand\u017eak PRESS\" \/>\n<meta property=\"article:published_time\" content=\"2014-09-10T22:51:39+00:00\" \/>\n<meta property=\"og:image\" content=\"https:\/\/sandzakpress.net\/arhiva\/wp-content\/uploads\/2014\/09\/fejzic.jpg\" \/>\n\t<meta property=\"og:image:width\" content=\"300\" \/>\n\t<meta property=\"og:image:height\" content=\"168\" \/>\n\t<meta property=\"og:image:type\" content=\"image\/jpeg\" \/>\n<meta name=\"author\" content=\"bosniak\" \/>\n<meta name=\"twitter:card\" content=\"summary_large_image\" \/>\n<meta name=\"twitter:label1\" content=\"Written by\" \/>\n\t<meta name=\"twitter:data1\" content=\"bosniak\" \/>\n\t<meta name=\"twitter:label2\" content=\"Est. reading time\" \/>\n\t<meta name=\"twitter:data2\" content=\"9 minuta\" \/>\n<script type=\"application\/ld+json\" class=\"yoast-schema-graph\">{\"@context\":\"https:\/\/schema.org\",\"@graph\":[{\"@type\":\"Article\",\"@id\":\"https:\/\/sandzakpress.net\/arhiva\/provokatori\/#article\",\"isPartOf\":{\"@id\":\"https:\/\/sandzakpress.net\/arhiva\/provokatori\/\"},\"author\":{\"name\":\"bosniak\",\"@id\":\"https:\/\/sandzakpress.net\/arhiva\/#\/schema\/person\/c8baee722073534b583ea7bdb2e36c02\"},\"headline\":\"Provokatori\",\"datePublished\":\"2014-09-10T22:51:39+00:00\",\"mainEntityOfPage\":{\"@id\":\"https:\/\/sandzakpress.net\/arhiva\/provokatori\/\"},\"wordCount\":1880,\"commentCount\":16,\"publisher\":{\"@id\":\"https:\/\/sandzakpress.net\/arhiva\/#\/schema\/person\/6e72b67d6e51910a1117b3b483ba20bd\"},\"image\":{\"@id\":\"https:\/\/sandzakpress.net\/arhiva\/provokatori\/#primaryimage\"},\"thumbnailUrl\":\"https:\/\/sandzakpress.net\/arhiva\/wp-content\/uploads\/2014\/09\/fejzic.jpg\",\"keywords\":[\"Mirsad Kurga\u0161\"],\"articleSection\":[\"Iz pera na\u0161ih autora\"],\"inLanguage\":\"bs-BA\",\"potentialAction\":[{\"@type\":\"CommentAction\",\"name\":\"Comment\",\"target\":[\"https:\/\/sandzakpress.net\/arhiva\/provokatori\/#respond\"]}]},{\"@type\":\"WebPage\",\"@id\":\"https:\/\/sandzakpress.net\/arhiva\/provokatori\/\",\"url\":\"https:\/\/sandzakpress.net\/arhiva\/provokatori\/\",\"name\":\"Provokatori\",\"isPartOf\":{\"@id\":\"https:\/\/sandzakpress.net\/arhiva\/#website\"},\"primaryImageOfPage\":{\"@id\":\"https:\/\/sandzakpress.net\/arhiva\/provokatori\/#primaryimage\"},\"image\":{\"@id\":\"https:\/\/sandzakpress.net\/arhiva\/provokatori\/#primaryimage\"},\"thumbnailUrl\":\"https:\/\/sandzakpress.net\/arhiva\/wp-content\/uploads\/2014\/09\/fejzic.jpg\",\"datePublished\":\"2014-09-10T22:51:39+00:00\",\"breadcrumb\":{\"@id\":\"https:\/\/sandzakpress.net\/arhiva\/provokatori\/#breadcrumb\"},\"inLanguage\":\"bs-BA\",\"potentialAction\":[{\"@type\":\"ReadAction\",\"target\":[\"https:\/\/sandzakpress.net\/arhiva\/provokatori\/\"]}]},{\"@type\":\"ImageObject\",\"inLanguage\":\"bs-BA\",\"@id\":\"https:\/\/sandzakpress.net\/arhiva\/provokatori\/#primaryimage\",\"url\":\"https:\/\/sandzakpress.net\/arhiva\/wp-content\/uploads\/2014\/09\/fejzic.jpg\",\"contentUrl\":\"https:\/\/sandzakpress.net\/arhiva\/wp-content\/uploads\/2014\/09\/fejzic.jpg\",\"width\":300,\"height\":168},{\"@type\":\"BreadcrumbList\",\"@id\":\"https:\/\/sandzakpress.net\/arhiva\/provokatori\/#breadcrumb\",\"itemListElement\":[{\"@type\":\"ListItem\",\"position\":1,\"name\":\"Home\",\"item\":\"https:\/\/sandzakpress.net\/arhiva\/\"},{\"@type\":\"ListItem\",\"position\":2,\"name\":\"Provokatori\"}]},{\"@type\":\"WebSite\",\"@id\":\"https:\/\/sandzakpress.net\/arhiva\/#website\",\"url\":\"https:\/\/sandzakpress.net\/arhiva\/\",\"name\":\"Sand\u017eak PRESS\",\"description\":\"Prve elektronske novine u Sand\u017eaku\",\"publisher\":{\"@id\":\"https:\/\/sandzakpress.net\/arhiva\/#\/schema\/person\/6e72b67d6e51910a1117b3b483ba20bd\"},\"potentialAction\":[{\"@type\":\"SearchAction\",\"target\":{\"@type\":\"EntryPoint\",\"urlTemplate\":\"https:\/\/sandzakpress.net\/arhiva\/?s={search_term_string}\"},\"query-input\":{\"@type\":\"PropertyValueSpecification\",\"valueRequired\":true,\"valueName\":\"search_term_string\"}}],\"inLanguage\":\"bs-BA\"},{\"@type\":[\"Person\",\"Organization\"],\"@id\":\"https:\/\/sandzakpress.net\/arhiva\/#\/schema\/person\/6e72b67d6e51910a1117b3b483ba20bd\",\"name\":\"Kul\",\"image\":{\"@type\":\"ImageObject\",\"inLanguage\":\"bs-BA\",\"@id\":\"https:\/\/sandzakpress.net\/arhiva\/#\/schema\/person\/image\/\",\"url\":\"https:\/\/secure.gravatar.com\/avatar\/42263f39aa27ac04c43cab85c280eb2e?s=96&d=mm&r=pg\",\"contentUrl\":\"https:\/\/secure.gravatar.com\/avatar\/42263f39aa27ac04c43cab85c280eb2e?s=96&d=mm&r=pg\",\"caption\":\"Kul\"},\"logo\":{\"@id\":\"https:\/\/sandzakpress.net\/arhiva\/#\/schema\/person\/image\/\"}},{\"@type\":\"Person\",\"@id\":\"https:\/\/sandzakpress.net\/arhiva\/#\/schema\/person\/c8baee722073534b583ea7bdb2e36c02\",\"name\":\"bosniak\",\"image\":{\"@type\":\"ImageObject\",\"inLanguage\":\"bs-BA\",\"@id\":\"https:\/\/sandzakpress.net\/arhiva\/#\/schema\/person\/image\/\",\"url\":\"https:\/\/secure.gravatar.com\/avatar\/a04fd330bfe3a36a72a0ad4a6d89fca7?s=96&d=mm&r=pg\",\"contentUrl\":\"https:\/\/secure.gravatar.com\/avatar\/a04fd330bfe3a36a72a0ad4a6d89fca7?s=96&d=mm&r=pg\",\"caption\":\"bosniak\"},\"url\":\"https:\/\/sandzakpress.net\/arhiva\/author\/bosniak\/\"}]}<\/script>\n<!-- \/ Yoast SEO Premium plugin. -->","yoast_head_json":{"title":"Provokatori","robots":{"index":"index","follow":"follow","max-snippet":"max-snippet:-1","max-image-preview":"max-image-preview:large","max-video-preview":"max-video-preview:-1"},"canonical":"https:\/\/sandzakpress.net\/arhiva\/provokatori\/","og_locale":"bs_BA","og_type":"article","og_title":"Provokatori","og_description":"Mirsad Kurga\u0161","og_url":"https:\/\/sandzakpress.net\/arhiva\/provokatori\/","og_site_name":"Sand\u017eak PRESS","article_published_time":"2014-09-10T22:51:39+00:00","og_image":[{"width":300,"height":168,"url":"https:\/\/sandzakpress.net\/arhiva\/wp-content\/uploads\/2014\/09\/fejzic.jpg","type":"image\/jpeg"}],"author":"bosniak","twitter_card":"summary_large_image","twitter_misc":{"Written by":"bosniak","Est. reading time":"9 minuta"},"schema":{"@context":"https:\/\/schema.org","@graph":[{"@type":"Article","@id":"https:\/\/sandzakpress.net\/arhiva\/provokatori\/#article","isPartOf":{"@id":"https:\/\/sandzakpress.net\/arhiva\/provokatori\/"},"author":{"name":"bosniak","@id":"https:\/\/sandzakpress.net\/arhiva\/#\/schema\/person\/c8baee722073534b583ea7bdb2e36c02"},"headline":"Provokatori","datePublished":"2014-09-10T22:51:39+00:00","mainEntityOfPage":{"@id":"https:\/\/sandzakpress.net\/arhiva\/provokatori\/"},"wordCount":1880,"commentCount":16,"publisher":{"@id":"https:\/\/sandzakpress.net\/arhiva\/#\/schema\/person\/6e72b67d6e51910a1117b3b483ba20bd"},"image":{"@id":"https:\/\/sandzakpress.net\/arhiva\/provokatori\/#primaryimage"},"thumbnailUrl":"https:\/\/sandzakpress.net\/arhiva\/wp-content\/uploads\/2014\/09\/fejzic.jpg","keywords":["Mirsad Kurga\u0161"],"articleSection":["Iz pera na\u0161ih autora"],"inLanguage":"bs-BA","potentialAction":[{"@type":"CommentAction","name":"Comment","target":["https:\/\/sandzakpress.net\/arhiva\/provokatori\/#respond"]}]},{"@type":"WebPage","@id":"https:\/\/sandzakpress.net\/arhiva\/provokatori\/","url":"https:\/\/sandzakpress.net\/arhiva\/provokatori\/","name":"Provokatori","isPartOf":{"@id":"https:\/\/sandzakpress.net\/arhiva\/#website"},"primaryImageOfPage":{"@id":"https:\/\/sandzakpress.net\/arhiva\/provokatori\/#primaryimage"},"image":{"@id":"https:\/\/sandzakpress.net\/arhiva\/provokatori\/#primaryimage"},"thumbnailUrl":"https:\/\/sandzakpress.net\/arhiva\/wp-content\/uploads\/2014\/09\/fejzic.jpg","datePublished":"2014-09-10T22:51:39+00:00","breadcrumb":{"@id":"https:\/\/sandzakpress.net\/arhiva\/provokatori\/#breadcrumb"},"inLanguage":"bs-BA","potentialAction":[{"@type":"ReadAction","target":["https:\/\/sandzakpress.net\/arhiva\/provokatori\/"]}]},{"@type":"ImageObject","inLanguage":"bs-BA","@id":"https:\/\/sandzakpress.net\/arhiva\/provokatori\/#primaryimage","url":"https:\/\/sandzakpress.net\/arhiva\/wp-content\/uploads\/2014\/09\/fejzic.jpg","contentUrl":"https:\/\/sandzakpress.net\/arhiva\/wp-content\/uploads\/2014\/09\/fejzic.jpg","width":300,"height":168},{"@type":"BreadcrumbList","@id":"https:\/\/sandzakpress.net\/arhiva\/provokatori\/#breadcrumb","itemListElement":[{"@type":"ListItem","position":1,"name":"Home","item":"https:\/\/sandzakpress.net\/arhiva\/"},{"@type":"ListItem","position":2,"name":"Provokatori"}]},{"@type":"WebSite","@id":"https:\/\/sandzakpress.net\/arhiva\/#website","url":"https:\/\/sandzakpress.net\/arhiva\/","name":"Sand\u017eak PRESS","description":"Prve elektronske novine u Sand\u017eaku","publisher":{"@id":"https:\/\/sandzakpress.net\/arhiva\/#\/schema\/person\/6e72b67d6e51910a1117b3b483ba20bd"},"potentialAction":[{"@type":"SearchAction","target":{"@type":"EntryPoint","urlTemplate":"https:\/\/sandzakpress.net\/arhiva\/?s={search_term_string}"},"query-input":{"@type":"PropertyValueSpecification","valueRequired":true,"valueName":"search_term_string"}}],"inLanguage":"bs-BA"},{"@type":["Person","Organization"],"@id":"https:\/\/sandzakpress.net\/arhiva\/#\/schema\/person\/6e72b67d6e51910a1117b3b483ba20bd","name":"Kul","image":{"@type":"ImageObject","inLanguage":"bs-BA","@id":"https:\/\/sandzakpress.net\/arhiva\/#\/schema\/person\/image\/","url":"https:\/\/secure.gravatar.com\/avatar\/42263f39aa27ac04c43cab85c280eb2e?s=96&d=mm&r=pg","contentUrl":"https:\/\/secure.gravatar.com\/avatar\/42263f39aa27ac04c43cab85c280eb2e?s=96&d=mm&r=pg","caption":"Kul"},"logo":{"@id":"https:\/\/sandzakpress.net\/arhiva\/#\/schema\/person\/image\/"}},{"@type":"Person","@id":"https:\/\/sandzakpress.net\/arhiva\/#\/schema\/person\/c8baee722073534b583ea7bdb2e36c02","name":"bosniak","image":{"@type":"ImageObject","inLanguage":"bs-BA","@id":"https:\/\/sandzakpress.net\/arhiva\/#\/schema\/person\/image\/","url":"https:\/\/secure.gravatar.com\/avatar\/a04fd330bfe3a36a72a0ad4a6d89fca7?s=96&d=mm&r=pg","contentUrl":"https:\/\/secure.gravatar.com\/avatar\/a04fd330bfe3a36a72a0ad4a6d89fca7?s=96&d=mm&r=pg","caption":"bosniak"},"url":"https:\/\/sandzakpress.net\/arhiva\/author\/bosniak\/"}]}},"_links":{"self":[{"href":"https:\/\/sandzakpress.net\/arhiva\/wp-json\/wp\/v2\/posts\/111556"}],"collection":[{"href":"https:\/\/sandzakpress.net\/arhiva\/wp-json\/wp\/v2\/posts"}],"about":[{"href":"https:\/\/sandzakpress.net\/arhiva\/wp-json\/wp\/v2\/types\/post"}],"author":[{"embeddable":true,"href":"https:\/\/sandzakpress.net\/arhiva\/wp-json\/wp\/v2\/users\/83"}],"replies":[{"embeddable":true,"href":"https:\/\/sandzakpress.net\/arhiva\/wp-json\/wp\/v2\/comments?post=111556"}],"version-history":[{"count":0,"href":"https:\/\/sandzakpress.net\/arhiva\/wp-json\/wp\/v2\/posts\/111556\/revisions"}],"wp:featuredmedia":[{"embeddable":true,"href":"https:\/\/sandzakpress.net\/arhiva\/wp-json\/wp\/v2\/media\/111557"}],"wp:attachment":[{"href":"https:\/\/sandzakpress.net\/arhiva\/wp-json\/wp\/v2\/media?parent=111556"}],"wp:term":[{"taxonomy":"category","embeddable":true,"href":"https:\/\/sandzakpress.net\/arhiva\/wp-json\/wp\/v2\/categories?post=111556"},{"taxonomy":"post_tag","embeddable":true,"href":"https:\/\/sandzakpress.net\/arhiva\/wp-json\/wp\/v2\/tags?post=111556"}],"curies":[{"name":"wp","href":"https:\/\/api.w.org\/{rel}","templated":true}]}}