{"id":111506,"date":"2014-09-09T16:00:29","date_gmt":"2014-09-09T14:00:29","guid":{"rendered":"https:\/\/sandzakpress.net\/arhiva\/?p=111506"},"modified":"2014-09-09T17:38:47","modified_gmt":"2014-09-09T15:38:47","slug":"velicanstven-susret-dr-cerica-sa-bosnjacima-iz-new-yorka","status":"publish","type":"post","link":"https:\/\/sandzakpress.net\/arhiva\/velicanstven-susret-dr-cerica-sa-bosnjacima-iz-new-yorka\/","title":{"rendered":"Veli\u010danstven susret dr. Ceri\u0107a sa Bo\u0161njacima iz New Yorka"},"content":{"rendered":"<p><a href=\"https:\/\/sandzakpress.net\/arhiva\/wp-content\/uploads\/2014\/09\/680_Bosnjacki_centar_Ceric_u_New_Yorku_8.sept_2014a.jpg\"><img loading=\"lazy\" decoding=\"async\" class=\"aligncenter size-full wp-image-111507\" src=\"https:\/\/sandzakpress.net\/arhiva\/wp-content\/uploads\/2014\/09\/680_Bosnjacki_centar_Ceric_u_New_Yorku_8.sept_2014a.jpg\" alt=\"680_Bosnjacki_centar_Ceric_u_New_Yorku_8.sept_2014a\" width=\"680\" height=\"248\" srcset=\"https:\/\/sandzakpress.net\/arhiva\/wp-content\/uploads\/2014\/09\/680_Bosnjacki_centar_Ceric_u_New_Yorku_8.sept_2014a.jpg 680w, https:\/\/sandzakpress.net\/arhiva\/wp-content\/uploads\/2014\/09\/680_Bosnjacki_centar_Ceric_u_New_Yorku_8.sept_2014a-616x224.jpg 616w\" sizes=\"(max-width: 680px) 100vw, 680px\" \/><\/a><\/p>\n<p><strong>Amerika, BiH &#8211;\u00a0<span style=\"color: #000000;\">U \u010detverodnevnoj posjeti Sjedinjenim Ameri\u010dkim Dr\u017eavama boravi dr. Musatafa Ceri\u0107, nezavisni kandidat za bo\u0161nja\u010dkog \u010dlana Predsjedni\u0161tva Bosne i Hercegovine. Kako saznaju Bo\u0161njaci.Net, u toku posjete planirano je niz susreta sa uticajnim li\u010dnostima iz javnog politi\u010dkog i dru\u0161tvenog \u017eivota u SAD. Tako\u0111er \u0107e odr\u017eati nekoliko predavanja u presti\u017enim ameri\u010dkim institucijama i univerzitetima u Washingtonu i New Yorku, gdje je tokom prvog dana posjete imao niz susreta od kojih \u0107e dr\u017eava BiH imati posebnu korist.\u00a0<\/span><\/strong><\/p>\n<p><span style=\"color: #000000;\">Na kraju prvog dana posjete, na poziv Odbora IZ Plav-Gusinje u New Yorku u Bo\u0161nja\u010dkom centru na Richmond Hillu prire\u0111eno je dru\u017eenje svih zna\u010dajnih bo\u0161nja\u010dkih organizacija koje djeluju u New Yorku, New Jerseyu, Albanyu i Connecticutu.\u00a0<\/span><\/p>\n<p><span style=\"color: #000000;\">Dr. Ceri\u0107 je imao izlaganje na temu: &#8220;Bo\u0161njaci izme\u0111u domovine Bosne, Sand\u017eaka i tu\u0111ine, kako dalje; ja\u010danje dr\u017eave i nacije, kao i ja\u010danje veza sa bratskim prijateljskim narodima u okru\u017eenju i u svijetu&#8221;.\u00a0<\/span><\/p>\n<p><span style=\"color: #000000;\">U toku izlaganja \u010desto je prekidan aplauzima od strane prisutnih. Na kraju u \u010dast posjete dr. Mustafe Ceri\u0107a Bo\u0161nja\u010dkom centru, koji je u zavr\u0161noj fazi renoviranja i adaptiranja, prire\u0111ena je bogata ve\u010dera, dok su svi prisutni \u017eeljeli da ovaj veli\u010danstveni susret ovjekovje\u010de i zabilje\u017ee svojim kamerama i mobitelima, plasiraju\u0107i na dru\u0161tvenim mre\u017eama.\u00a0<\/span><br style=\"color: #000000;\" \/><span style=\"color: #000000;\">Dr. Ceri\u0107 je sino\u0107 otputovao u Washington gdje \u0107e nastaviti sa posjetom i planiranim susretima. Op\u0161irna foto-reporta\u017ea bit \u0107e objavljena u toku dana na Bo\u0161njaci.Net.<\/span><\/p>\n<p>(bosnjaci)<\/p>\n","protected":false},"excerpt":{"rendered":"<p>Amerika, BiH &#8211;\u00a0U \u010detverodnevnoj posjeti Sjedinjenim Ameri\u010dkim Dr\u017eavama boravi dr. Musatafa Ceri\u0107, nezavisni kandidat za bo\u0161nja\u010dkog \u010dlana Predsjedni\u0161tva Bosne i Hercegovine. Kako saznaju Bo\u0161njaci.Net, u toku posjete planirano je niz susreta sa uticajnim li\u010dnostima iz javnog politi\u010dkog i dru\u0161tvenog \u017eivota u SAD. Tako\u0111er \u0107e odr\u017eati nekoliko predavanja u presti\u017enim ameri\u010dkim institucijama i univerzitetima u Washingtonu [&hellip;]<\/p>\n","protected":false},"author":83,"featured_media":111507,"comment_status":"open","ping_status":"open","sticky":false,"template":"","format":"standard","meta":{"footnotes":""},"categories":[800,2860,3012,8957],"tags":[10233],"class_list":{"0":"post-111506","1":"post","2":"type-post","3":"status-publish","4":"format-standard","5":"has-post-thumbnail","7":"category-nacija","8":"category-bosna-i-hercegovina-gradovi","9":"category-amerika-gradovi","10":"category-vijesti-dana","11":"tag-dr-mustafa-ceric"},"yoast_head":"<!-- This site is optimized with the Yoast SEO Premium plugin v23.1 (Yoast SEO v24.9) - https:\/\/yoast.com\/wordpress\/plugins\/seo\/ -->\n<title>Veli\u010danstven susret dr. Ceri\u0107a sa Bo\u0161njacima iz New Yorka<\/title>\n<meta name=\"robots\" content=\"index, follow, max-snippet:-1, max-image-preview:large, max-video-preview:-1\" \/>\n<link rel=\"canonical\" href=\"https:\/\/sandzakpress.net\/arhiva\/velicanstven-susret-dr-cerica-sa-bosnjacima-iz-new-yorka\/\" \/>\n<meta property=\"og:locale\" content=\"bs_BA\" \/>\n<meta property=\"og:type\" content=\"article\" \/>\n<meta property=\"og:title\" content=\"Veli\u010danstven susret dr. Ceri\u0107a sa Bo\u0161njacima iz New Yorka\" \/>\n<meta property=\"og:description\" content=\"Amerika, BiH &#8211;\u00a0U \u010detverodnevnoj posjeti Sjedinjenim Ameri\u010dkim Dr\u017eavama boravi dr. Musatafa Ceri\u0107, nezavisni kandidat za bo\u0161nja\u010dkog \u010dlana Predsjedni\u0161tva Bosne i Hercegovine. Kako saznaju Bo\u0161njaci.Net, u toku posjete planirano je niz susreta sa uticajnim li\u010dnostima iz javnog politi\u010dkog i dru\u0161tvenog \u017eivota u SAD. Tako\u0111er \u0107e odr\u017eati nekoliko predavanja u presti\u017enim ameri\u010dkim institucijama i univerzitetima u Washingtonu [&hellip;]\" \/>\n<meta property=\"og:url\" content=\"https:\/\/sandzakpress.net\/arhiva\/velicanstven-susret-dr-cerica-sa-bosnjacima-iz-new-yorka\/\" \/>\n<meta property=\"og:site_name\" content=\"Sand\u017eak PRESS\" \/>\n<meta property=\"article:published_time\" content=\"2014-09-09T14:00:29+00:00\" \/>\n<meta property=\"article:modified_time\" content=\"2014-09-09T15:38:47+00:00\" \/>\n<meta property=\"og:image\" content=\"https:\/\/sandzakpress.net\/arhiva\/wp-content\/uploads\/2014\/09\/680_Bosnjacki_centar_Ceric_u_New_Yorku_8.sept_2014a.jpg\" \/>\n\t<meta property=\"og:image:width\" content=\"680\" \/>\n\t<meta property=\"og:image:height\" content=\"248\" \/>\n\t<meta property=\"og:image:type\" content=\"image\/jpeg\" \/>\n<meta name=\"author\" content=\"bosniak\" \/>\n<meta name=\"twitter:card\" content=\"summary_large_image\" \/>\n<meta name=\"twitter:label1\" content=\"Written by\" \/>\n\t<meta name=\"twitter:data1\" content=\"bosniak\" \/>\n\t<meta name=\"twitter:label2\" content=\"Est. reading time\" \/>\n\t<meta name=\"twitter:data2\" content=\"1 minuta\" \/>\n<script type=\"application\/ld+json\" class=\"yoast-schema-graph\">{\"@context\":\"https:\/\/schema.org\",\"@graph\":[{\"@type\":\"Article\",\"@id\":\"https:\/\/sandzakpress.net\/arhiva\/velicanstven-susret-dr-cerica-sa-bosnjacima-iz-new-yorka\/#article\",\"isPartOf\":{\"@id\":\"https:\/\/sandzakpress.net\/arhiva\/velicanstven-susret-dr-cerica-sa-bosnjacima-iz-new-yorka\/\"},\"author\":{\"name\":\"bosniak\",\"@id\":\"https:\/\/sandzakpress.net\/arhiva\/#\/schema\/person\/c8baee722073534b583ea7bdb2e36c02\"},\"headline\":\"Veli\u010danstven susret dr. Ceri\u0107a sa Bo\u0161njacima iz New Yorka\",\"datePublished\":\"2014-09-09T14:00:29+00:00\",\"dateModified\":\"2014-09-09T15:38:47+00:00\",\"mainEntityOfPage\":{\"@id\":\"https:\/\/sandzakpress.net\/arhiva\/velicanstven-susret-dr-cerica-sa-bosnjacima-iz-new-yorka\/\"},\"wordCount\":281,\"commentCount\":10,\"publisher\":{\"@id\":\"https:\/\/sandzakpress.net\/arhiva\/#\/schema\/person\/6e72b67d6e51910a1117b3b483ba20bd\"},\"image\":{\"@id\":\"https:\/\/sandzakpress.net\/arhiva\/velicanstven-susret-dr-cerica-sa-bosnjacima-iz-new-yorka\/#primaryimage\"},\"thumbnailUrl\":\"https:\/\/sandzakpress.net\/arhiva\/wp-content\/uploads\/2014\/09\/680_Bosnjacki_centar_Ceric_u_New_Yorku_8.sept_2014a.jpg\",\"keywords\":[\"Dr. Mustafa Ceri\u0107\"],\"articleSection\":[\"Nacija\",\"Bosna i Hercegovina\",\"Amerika\",\"VIJESTI DANA\"],\"inLanguage\":\"bs-BA\",\"potentialAction\":[{\"@type\":\"CommentAction\",\"name\":\"Comment\",\"target\":[\"https:\/\/sandzakpress.net\/arhiva\/velicanstven-susret-dr-cerica-sa-bosnjacima-iz-new-yorka\/#respond\"]}]},{\"@type\":\"WebPage\",\"@id\":\"https:\/\/sandzakpress.net\/arhiva\/velicanstven-susret-dr-cerica-sa-bosnjacima-iz-new-yorka\/\",\"url\":\"https:\/\/sandzakpress.net\/arhiva\/velicanstven-susret-dr-cerica-sa-bosnjacima-iz-new-yorka\/\",\"name\":\"Veli\u010danstven susret dr. Ceri\u0107a sa Bo\u0161njacima iz New Yorka\",\"isPartOf\":{\"@id\":\"https:\/\/sandzakpress.net\/arhiva\/#website\"},\"primaryImageOfPage\":{\"@id\":\"https:\/\/sandzakpress.net\/arhiva\/velicanstven-susret-dr-cerica-sa-bosnjacima-iz-new-yorka\/#primaryimage\"},\"image\":{\"@id\":\"https:\/\/sandzakpress.net\/arhiva\/velicanstven-susret-dr-cerica-sa-bosnjacima-iz-new-yorka\/#primaryimage\"},\"thumbnailUrl\":\"https:\/\/sandzakpress.net\/arhiva\/wp-content\/uploads\/2014\/09\/680_Bosnjacki_centar_Ceric_u_New_Yorku_8.sept_2014a.jpg\",\"datePublished\":\"2014-09-09T14:00:29+00:00\",\"dateModified\":\"2014-09-09T15:38:47+00:00\",\"breadcrumb\":{\"@id\":\"https:\/\/sandzakpress.net\/arhiva\/velicanstven-susret-dr-cerica-sa-bosnjacima-iz-new-yorka\/#breadcrumb\"},\"inLanguage\":\"bs-BA\",\"potentialAction\":[{\"@type\":\"ReadAction\",\"target\":[\"https:\/\/sandzakpress.net\/arhiva\/velicanstven-susret-dr-cerica-sa-bosnjacima-iz-new-yorka\/\"]}]},{\"@type\":\"ImageObject\",\"inLanguage\":\"bs-BA\",\"@id\":\"https:\/\/sandzakpress.net\/arhiva\/velicanstven-susret-dr-cerica-sa-bosnjacima-iz-new-yorka\/#primaryimage\",\"url\":\"https:\/\/sandzakpress.net\/arhiva\/wp-content\/uploads\/2014\/09\/680_Bosnjacki_centar_Ceric_u_New_Yorku_8.sept_2014a.jpg\",\"contentUrl\":\"https:\/\/sandzakpress.net\/arhiva\/wp-content\/uploads\/2014\/09\/680_Bosnjacki_centar_Ceric_u_New_Yorku_8.sept_2014a.jpg\",\"width\":680,\"height\":248},{\"@type\":\"BreadcrumbList\",\"@id\":\"https:\/\/sandzakpress.net\/arhiva\/velicanstven-susret-dr-cerica-sa-bosnjacima-iz-new-yorka\/#breadcrumb\",\"itemListElement\":[{\"@type\":\"ListItem\",\"position\":1,\"name\":\"Home\",\"item\":\"https:\/\/sandzakpress.net\/arhiva\/\"},{\"@type\":\"ListItem\",\"position\":2,\"name\":\"Veli\u010danstven susret dr. Ceri\u0107a sa Bo\u0161njacima iz New Yorka\"}]},{\"@type\":\"WebSite\",\"@id\":\"https:\/\/sandzakpress.net\/arhiva\/#website\",\"url\":\"https:\/\/sandzakpress.net\/arhiva\/\",\"name\":\"Sand\u017eak PRESS\",\"description\":\"Prve elektronske novine u Sand\u017eaku\",\"publisher\":{\"@id\":\"https:\/\/sandzakpress.net\/arhiva\/#\/schema\/person\/6e72b67d6e51910a1117b3b483ba20bd\"},\"potentialAction\":[{\"@type\":\"SearchAction\",\"target\":{\"@type\":\"EntryPoint\",\"urlTemplate\":\"https:\/\/sandzakpress.net\/arhiva\/?s={search_term_string}\"},\"query-input\":{\"@type\":\"PropertyValueSpecification\",\"valueRequired\":true,\"valueName\":\"search_term_string\"}}],\"inLanguage\":\"bs-BA\"},{\"@type\":[\"Person\",\"Organization\"],\"@id\":\"https:\/\/sandzakpress.net\/arhiva\/#\/schema\/person\/6e72b67d6e51910a1117b3b483ba20bd\",\"name\":\"Kul\",\"image\":{\"@type\":\"ImageObject\",\"inLanguage\":\"bs-BA\",\"@id\":\"https:\/\/sandzakpress.net\/arhiva\/#\/schema\/person\/image\/\",\"url\":\"https:\/\/secure.gravatar.com\/avatar\/42263f39aa27ac04c43cab85c280eb2e?s=96&d=mm&r=pg\",\"contentUrl\":\"https:\/\/secure.gravatar.com\/avatar\/42263f39aa27ac04c43cab85c280eb2e?s=96&d=mm&r=pg\",\"caption\":\"Kul\"},\"logo\":{\"@id\":\"https:\/\/sandzakpress.net\/arhiva\/#\/schema\/person\/image\/\"}},{\"@type\":\"Person\",\"@id\":\"https:\/\/sandzakpress.net\/arhiva\/#\/schema\/person\/c8baee722073534b583ea7bdb2e36c02\",\"name\":\"bosniak\",\"image\":{\"@type\":\"ImageObject\",\"inLanguage\":\"bs-BA\",\"@id\":\"https:\/\/sandzakpress.net\/arhiva\/#\/schema\/person\/image\/\",\"url\":\"https:\/\/secure.gravatar.com\/avatar\/a04fd330bfe3a36a72a0ad4a6d89fca7?s=96&d=mm&r=pg\",\"contentUrl\":\"https:\/\/secure.gravatar.com\/avatar\/a04fd330bfe3a36a72a0ad4a6d89fca7?s=96&d=mm&r=pg\",\"caption\":\"bosniak\"},\"url\":\"https:\/\/sandzakpress.net\/arhiva\/author\/bosniak\/\"}]}<\/script>\n<!-- \/ Yoast SEO Premium plugin. -->","yoast_head_json":{"title":"Veli\u010danstven susret dr. Ceri\u0107a sa Bo\u0161njacima iz New Yorka","robots":{"index":"index","follow":"follow","max-snippet":"max-snippet:-1","max-image-preview":"max-image-preview:large","max-video-preview":"max-video-preview:-1"},"canonical":"https:\/\/sandzakpress.net\/arhiva\/velicanstven-susret-dr-cerica-sa-bosnjacima-iz-new-yorka\/","og_locale":"bs_BA","og_type":"article","og_title":"Veli\u010danstven susret dr. Ceri\u0107a sa Bo\u0161njacima iz New Yorka","og_description":"Amerika, BiH &#8211;\u00a0U \u010detverodnevnoj posjeti Sjedinjenim Ameri\u010dkim Dr\u017eavama boravi dr. Musatafa Ceri\u0107, nezavisni kandidat za bo\u0161nja\u010dkog \u010dlana Predsjedni\u0161tva Bosne i Hercegovine. Kako saznaju Bo\u0161njaci.Net, u toku posjete planirano je niz susreta sa uticajnim li\u010dnostima iz javnog politi\u010dkog i dru\u0161tvenog \u017eivota u SAD. Tako\u0111er \u0107e odr\u017eati nekoliko predavanja u presti\u017enim ameri\u010dkim institucijama i univerzitetima u Washingtonu [&hellip;]","og_url":"https:\/\/sandzakpress.net\/arhiva\/velicanstven-susret-dr-cerica-sa-bosnjacima-iz-new-yorka\/","og_site_name":"Sand\u017eak PRESS","article_published_time":"2014-09-09T14:00:29+00:00","article_modified_time":"2014-09-09T15:38:47+00:00","og_image":[{"width":680,"height":248,"url":"https:\/\/sandzakpress.net\/arhiva\/wp-content\/uploads\/2014\/09\/680_Bosnjacki_centar_Ceric_u_New_Yorku_8.sept_2014a.jpg","type":"image\/jpeg"}],"author":"bosniak","twitter_card":"summary_large_image","twitter_misc":{"Written by":"bosniak","Est. reading time":"1 minuta"},"schema":{"@context":"https:\/\/schema.org","@graph":[{"@type":"Article","@id":"https:\/\/sandzakpress.net\/arhiva\/velicanstven-susret-dr-cerica-sa-bosnjacima-iz-new-yorka\/#article","isPartOf":{"@id":"https:\/\/sandzakpress.net\/arhiva\/velicanstven-susret-dr-cerica-sa-bosnjacima-iz-new-yorka\/"},"author":{"name":"bosniak","@id":"https:\/\/sandzakpress.net\/arhiva\/#\/schema\/person\/c8baee722073534b583ea7bdb2e36c02"},"headline":"Veli\u010danstven susret dr. Ceri\u0107a sa Bo\u0161njacima iz New Yorka","datePublished":"2014-09-09T14:00:29+00:00","dateModified":"2014-09-09T15:38:47+00:00","mainEntityOfPage":{"@id":"https:\/\/sandzakpress.net\/arhiva\/velicanstven-susret-dr-cerica-sa-bosnjacima-iz-new-yorka\/"},"wordCount":281,"commentCount":10,"publisher":{"@id":"https:\/\/sandzakpress.net\/arhiva\/#\/schema\/person\/6e72b67d6e51910a1117b3b483ba20bd"},"image":{"@id":"https:\/\/sandzakpress.net\/arhiva\/velicanstven-susret-dr-cerica-sa-bosnjacima-iz-new-yorka\/#primaryimage"},"thumbnailUrl":"https:\/\/sandzakpress.net\/arhiva\/wp-content\/uploads\/2014\/09\/680_Bosnjacki_centar_Ceric_u_New_Yorku_8.sept_2014a.jpg","keywords":["Dr. Mustafa Ceri\u0107"],"articleSection":["Nacija","Bosna i Hercegovina","Amerika","VIJESTI DANA"],"inLanguage":"bs-BA","potentialAction":[{"@type":"CommentAction","name":"Comment","target":["https:\/\/sandzakpress.net\/arhiva\/velicanstven-susret-dr-cerica-sa-bosnjacima-iz-new-yorka\/#respond"]}]},{"@type":"WebPage","@id":"https:\/\/sandzakpress.net\/arhiva\/velicanstven-susret-dr-cerica-sa-bosnjacima-iz-new-yorka\/","url":"https:\/\/sandzakpress.net\/arhiva\/velicanstven-susret-dr-cerica-sa-bosnjacima-iz-new-yorka\/","name":"Veli\u010danstven susret dr. Ceri\u0107a sa Bo\u0161njacima iz New Yorka","isPartOf":{"@id":"https:\/\/sandzakpress.net\/arhiva\/#website"},"primaryImageOfPage":{"@id":"https:\/\/sandzakpress.net\/arhiva\/velicanstven-susret-dr-cerica-sa-bosnjacima-iz-new-yorka\/#primaryimage"},"image":{"@id":"https:\/\/sandzakpress.net\/arhiva\/velicanstven-susret-dr-cerica-sa-bosnjacima-iz-new-yorka\/#primaryimage"},"thumbnailUrl":"https:\/\/sandzakpress.net\/arhiva\/wp-content\/uploads\/2014\/09\/680_Bosnjacki_centar_Ceric_u_New_Yorku_8.sept_2014a.jpg","datePublished":"2014-09-09T14:00:29+00:00","dateModified":"2014-09-09T15:38:47+00:00","breadcrumb":{"@id":"https:\/\/sandzakpress.net\/arhiva\/velicanstven-susret-dr-cerica-sa-bosnjacima-iz-new-yorka\/#breadcrumb"},"inLanguage":"bs-BA","potentialAction":[{"@type":"ReadAction","target":["https:\/\/sandzakpress.net\/arhiva\/velicanstven-susret-dr-cerica-sa-bosnjacima-iz-new-yorka\/"]}]},{"@type":"ImageObject","inLanguage":"bs-BA","@id":"https:\/\/sandzakpress.net\/arhiva\/velicanstven-susret-dr-cerica-sa-bosnjacima-iz-new-yorka\/#primaryimage","url":"https:\/\/sandzakpress.net\/arhiva\/wp-content\/uploads\/2014\/09\/680_Bosnjacki_centar_Ceric_u_New_Yorku_8.sept_2014a.jpg","contentUrl":"https:\/\/sandzakpress.net\/arhiva\/wp-content\/uploads\/2014\/09\/680_Bosnjacki_centar_Ceric_u_New_Yorku_8.sept_2014a.jpg","width":680,"height":248},{"@type":"BreadcrumbList","@id":"https:\/\/sandzakpress.net\/arhiva\/velicanstven-susret-dr-cerica-sa-bosnjacima-iz-new-yorka\/#breadcrumb","itemListElement":[{"@type":"ListItem","position":1,"name":"Home","item":"https:\/\/sandzakpress.net\/arhiva\/"},{"@type":"ListItem","position":2,"name":"Veli\u010danstven susret dr. Ceri\u0107a sa Bo\u0161njacima iz New Yorka"}]},{"@type":"WebSite","@id":"https:\/\/sandzakpress.net\/arhiva\/#website","url":"https:\/\/sandzakpress.net\/arhiva\/","name":"Sand\u017eak PRESS","description":"Prve elektronske novine u Sand\u017eaku","publisher":{"@id":"https:\/\/sandzakpress.net\/arhiva\/#\/schema\/person\/6e72b67d6e51910a1117b3b483ba20bd"},"potentialAction":[{"@type":"SearchAction","target":{"@type":"EntryPoint","urlTemplate":"https:\/\/sandzakpress.net\/arhiva\/?s={search_term_string}"},"query-input":{"@type":"PropertyValueSpecification","valueRequired":true,"valueName":"search_term_string"}}],"inLanguage":"bs-BA"},{"@type":["Person","Organization"],"@id":"https:\/\/sandzakpress.net\/arhiva\/#\/schema\/person\/6e72b67d6e51910a1117b3b483ba20bd","name":"Kul","image":{"@type":"ImageObject","inLanguage":"bs-BA","@id":"https:\/\/sandzakpress.net\/arhiva\/#\/schema\/person\/image\/","url":"https:\/\/secure.gravatar.com\/avatar\/42263f39aa27ac04c43cab85c280eb2e?s=96&d=mm&r=pg","contentUrl":"https:\/\/secure.gravatar.com\/avatar\/42263f39aa27ac04c43cab85c280eb2e?s=96&d=mm&r=pg","caption":"Kul"},"logo":{"@id":"https:\/\/sandzakpress.net\/arhiva\/#\/schema\/person\/image\/"}},{"@type":"Person","@id":"https:\/\/sandzakpress.net\/arhiva\/#\/schema\/person\/c8baee722073534b583ea7bdb2e36c02","name":"bosniak","image":{"@type":"ImageObject","inLanguage":"bs-BA","@id":"https:\/\/sandzakpress.net\/arhiva\/#\/schema\/person\/image\/","url":"https:\/\/secure.gravatar.com\/avatar\/a04fd330bfe3a36a72a0ad4a6d89fca7?s=96&d=mm&r=pg","contentUrl":"https:\/\/secure.gravatar.com\/avatar\/a04fd330bfe3a36a72a0ad4a6d89fca7?s=96&d=mm&r=pg","caption":"bosniak"},"url":"https:\/\/sandzakpress.net\/arhiva\/author\/bosniak\/"}]}},"_links":{"self":[{"href":"https:\/\/sandzakpress.net\/arhiva\/wp-json\/wp\/v2\/posts\/111506"}],"collection":[{"href":"https:\/\/sandzakpress.net\/arhiva\/wp-json\/wp\/v2\/posts"}],"about":[{"href":"https:\/\/sandzakpress.net\/arhiva\/wp-json\/wp\/v2\/types\/post"}],"author":[{"embeddable":true,"href":"https:\/\/sandzakpress.net\/arhiva\/wp-json\/wp\/v2\/users\/83"}],"replies":[{"embeddable":true,"href":"https:\/\/sandzakpress.net\/arhiva\/wp-json\/wp\/v2\/comments?post=111506"}],"version-history":[{"count":0,"href":"https:\/\/sandzakpress.net\/arhiva\/wp-json\/wp\/v2\/posts\/111506\/revisions"}],"wp:featuredmedia":[{"embeddable":true,"href":"https:\/\/sandzakpress.net\/arhiva\/wp-json\/wp\/v2\/media\/111507"}],"wp:attachment":[{"href":"https:\/\/sandzakpress.net\/arhiva\/wp-json\/wp\/v2\/media?parent=111506"}],"wp:term":[{"taxonomy":"category","embeddable":true,"href":"https:\/\/sandzakpress.net\/arhiva\/wp-json\/wp\/v2\/categories?post=111506"},{"taxonomy":"post_tag","embeddable":true,"href":"https:\/\/sandzakpress.net\/arhiva\/wp-json\/wp\/v2\/tags?post=111506"}],"curies":[{"name":"wp","href":"https:\/\/api.w.org\/{rel}","templated":true}]}}