{"id":11150,"date":"2011-01-12T21:15:48","date_gmt":"2011-01-12T20:15:48","guid":{"rendered":"https:\/\/sandzakpress.net\/arhiva\/?p=11150"},"modified":"2011-01-12T21:15:48","modified_gmt":"2011-01-12T20:15:48","slug":"protest-radnika-razvitka","status":"publish","type":"post","link":"https:\/\/sandzakpress.net\/arhiva\/protest-radnika-razvitka\/","title":{"rendered":"Protest radnika Razvitka"},"content":{"rendered":"<p><strong><a href=\"https:\/\/sandzakpress.net\/arhiva\/wp-content\/uploads\/2011\/01\/24049.jpg\"><img loading=\"lazy\" decoding=\"async\" class=\"alignleft size-medium wp-image-11151\" title=\"24049\" src=\"https:\/\/sandzakpress.net\/arhiva\/wp-content\/uploads\/2011\/01\/24049-300x215.jpg\" alt=\"\" width=\"300\" height=\"215\" \/><\/a>Novi Pazar\u00a0&#8211;<\/strong> Stotinak radnika Gra\u0111evinskog preduze\u0107a Razvitak ju\u010de su protestovali ispred gradske uprave zahtijevaju\u0107i da im se obrati gradona\u010delnik Meho Mahmutovi\u0107.<\/p>\n<p>U\u010desnici protesta su pred gradsku upravu stigli sa transparentom na kojem je pisalo \u201eOp\u0161tino, vrati na\u0161e pare\u201c, ali se u razgovoru sa gradona\u010delnikom ispostavilo da tra\u017ee pomo\u0107 za smjenu rukovodstva \u201ekoje ih je dovelo u te\u0161ku situaciju i ne radi ni\u0161ta da ih izvede iz krize\u201c. Oni su zatra\u017eili da grad u UO tog preduze\u0107a imenuje svoje predstavnike.<\/p>\n<p>&#8211; Ne sporimo dug prema tom preduze\u0107u, koji smo naslijedili od prethodne vlasti. Od 440.000 evra uplatili smo 300.000 i preostalih 140.000 vrati\u0107emo u tri-\u010detiri rate. Razvitak je privatno preduze\u0107e i poku\u0161avamo sada da pomognemo da iza\u0111u iz problema. Dogovorili smo se da sazovu skup\u0161tinu akcionara na kojoj \u0107e biti formiran novi UO, gdje \u0107emo dati na\u0161e predstavnike i da se izabere novo rukovodstvo &#8211; rekao je novopazarski gradona\u010delnik Mahmutovi\u0107.<\/p>\n<p>Radnici su vlasnici 60 odsto firme, a do novembra 2009. zaposlenima se za plate dugovalo 80 miliona dinara i 12 miliona dinara je dug za doprinose.<\/p>\n<p>Izvor: <strong>Danas.rs<\/strong><\/p>\n","protected":false},"excerpt":{"rendered":"<p>Novi Pazar\u00a0&#8211; Stotinak radnika Gra\u0111evinskog preduze\u0107a Razvitak ju\u010de su protestovali ispred gradske uprave zahtijevaju\u0107i da im se obrati gradona\u010delnik Meho Mahmutovi\u0107. U\u010desnici protesta su pred gradsku upravu stigli sa transparentom na kojem je pisalo \u201eOp\u0161tino, vrati na\u0161e pare\u201c, ali se u razgovoru sa gradona\u010delnikom ispostavilo da tra\u017ee pomo\u0107 za smjenu rukovodstva \u201ekoje ih je dovelo [&hellip;]<\/p>\n","protected":false},"author":5,"featured_media":11151,"comment_status":"open","ping_status":"open","sticky":false,"template":"","format":"standard","meta":{"footnotes":""},"categories":[72,3],"tags":[],"class_list":{"0":"post-11150","1":"post","2":"type-post","3":"status-publish","4":"format-standard","5":"has-post-thumbnail","7":"category-novi-pazar","8":"category-privreda"},"yoast_head":"<!-- This site is optimized with the Yoast SEO Premium plugin v23.1 (Yoast SEO v24.9) - https:\/\/yoast.com\/wordpress\/plugins\/seo\/ -->\n<title>Protest radnika Razvitka<\/title>\n<meta name=\"robots\" content=\"index, follow, max-snippet:-1, max-image-preview:large, max-video-preview:-1\" \/>\n<link rel=\"canonical\" href=\"https:\/\/sandzakpress.net\/arhiva\/protest-radnika-razvitka\/\" \/>\n<meta property=\"og:locale\" content=\"bs_BA\" \/>\n<meta property=\"og:type\" content=\"article\" \/>\n<meta property=\"og:title\" content=\"Protest radnika Razvitka\" \/>\n<meta property=\"og:description\" content=\"Novi Pazar\u00a0&#8211; Stotinak radnika Gra\u0111evinskog preduze\u0107a Razvitak ju\u010de su protestovali ispred gradske uprave zahtijevaju\u0107i da im se obrati gradona\u010delnik Meho Mahmutovi\u0107. U\u010desnici protesta su pred gradsku upravu stigli sa transparentom na kojem je pisalo \u201eOp\u0161tino, vrati na\u0161e pare\u201c, ali se u razgovoru sa gradona\u010delnikom ispostavilo da tra\u017ee pomo\u0107 za smjenu rukovodstva \u201ekoje ih je dovelo [&hellip;]\" \/>\n<meta property=\"og:url\" content=\"https:\/\/sandzakpress.net\/arhiva\/protest-radnika-razvitka\/\" \/>\n<meta property=\"og:site_name\" content=\"Sand\u017eak PRESS\" \/>\n<meta property=\"article:published_time\" content=\"2011-01-12T20:15:48+00:00\" \/>\n<meta property=\"og:image\" content=\"https:\/\/sandzakpress.net\/arhiva\/wp-content\/uploads\/2011\/01\/24049.jpg\" \/>\n\t<meta property=\"og:image:width\" content=\"616\" \/>\n\t<meta property=\"og:image:height\" content=\"442\" \/>\n\t<meta property=\"og:image:type\" content=\"image\/jpeg\" \/>\n<meta name=\"twitter:card\" content=\"summary_large_image\" \/>\n<meta name=\"twitter:label1\" content=\"Written by\" \/>\n\t<meta name=\"twitter:data1\" content=\"\" \/>\n\t<meta name=\"twitter:label2\" content=\"Est. reading time\" \/>\n\t<meta name=\"twitter:data2\" content=\"1 minuta\" \/>\n<script type=\"application\/ld+json\" class=\"yoast-schema-graph\">{\"@context\":\"https:\/\/schema.org\",\"@graph\":[{\"@type\":\"Article\",\"@id\":\"https:\/\/sandzakpress.net\/arhiva\/protest-radnika-razvitka\/#article\",\"isPartOf\":{\"@id\":\"https:\/\/sandzakpress.net\/arhiva\/protest-radnika-razvitka\/\"},\"author\":{\"name\":\"\",\"@id\":\"\"},\"headline\":\"Protest radnika Razvitka\",\"datePublished\":\"2011-01-12T20:15:48+00:00\",\"mainEntityOfPage\":{\"@id\":\"https:\/\/sandzakpress.net\/arhiva\/protest-radnika-razvitka\/\"},\"wordCount\":198,\"commentCount\":0,\"publisher\":{\"@id\":\"https:\/\/sandzakpress.net\/arhiva\/#\/schema\/person\/6e72b67d6e51910a1117b3b483ba20bd\"},\"image\":{\"@id\":\"https:\/\/sandzakpress.net\/arhiva\/protest-radnika-razvitka\/#primaryimage\"},\"thumbnailUrl\":\"https:\/\/sandzakpress.net\/arhiva\/wp-content\/uploads\/2011\/01\/24049.jpg\",\"articleSection\":[\"Novi Pazar\",\"Privreda\"],\"inLanguage\":\"bs-BA\",\"potentialAction\":[{\"@type\":\"CommentAction\",\"name\":\"Comment\",\"target\":[\"https:\/\/sandzakpress.net\/arhiva\/protest-radnika-razvitka\/#respond\"]}]},{\"@type\":\"WebPage\",\"@id\":\"https:\/\/sandzakpress.net\/arhiva\/protest-radnika-razvitka\/\",\"url\":\"https:\/\/sandzakpress.net\/arhiva\/protest-radnika-razvitka\/\",\"name\":\"Protest radnika Razvitka\",\"isPartOf\":{\"@id\":\"https:\/\/sandzakpress.net\/arhiva\/#website\"},\"primaryImageOfPage\":{\"@id\":\"https:\/\/sandzakpress.net\/arhiva\/protest-radnika-razvitka\/#primaryimage\"},\"image\":{\"@id\":\"https:\/\/sandzakpress.net\/arhiva\/protest-radnika-razvitka\/#primaryimage\"},\"thumbnailUrl\":\"https:\/\/sandzakpress.net\/arhiva\/wp-content\/uploads\/2011\/01\/24049.jpg\",\"datePublished\":\"2011-01-12T20:15:48+00:00\",\"breadcrumb\":{\"@id\":\"https:\/\/sandzakpress.net\/arhiva\/protest-radnika-razvitka\/#breadcrumb\"},\"inLanguage\":\"bs-BA\",\"potentialAction\":[{\"@type\":\"ReadAction\",\"target\":[\"https:\/\/sandzakpress.net\/arhiva\/protest-radnika-razvitka\/\"]}]},{\"@type\":\"ImageObject\",\"inLanguage\":\"bs-BA\",\"@id\":\"https:\/\/sandzakpress.net\/arhiva\/protest-radnika-razvitka\/#primaryimage\",\"url\":\"https:\/\/sandzakpress.net\/arhiva\/wp-content\/uploads\/2011\/01\/24049.jpg\",\"contentUrl\":\"https:\/\/sandzakpress.net\/arhiva\/wp-content\/uploads\/2011\/01\/24049.jpg\",\"width\":616,\"height\":442},{\"@type\":\"BreadcrumbList\",\"@id\":\"https:\/\/sandzakpress.net\/arhiva\/protest-radnika-razvitka\/#breadcrumb\",\"itemListElement\":[{\"@type\":\"ListItem\",\"position\":1,\"name\":\"Home\",\"item\":\"https:\/\/sandzakpress.net\/arhiva\/\"},{\"@type\":\"ListItem\",\"position\":2,\"name\":\"Protest radnika Razvitka\"}]},{\"@type\":\"WebSite\",\"@id\":\"https:\/\/sandzakpress.net\/arhiva\/#website\",\"url\":\"https:\/\/sandzakpress.net\/arhiva\/\",\"name\":\"Sand\u017eak PRESS\",\"description\":\"Prve elektronske novine u Sand\u017eaku\",\"publisher\":{\"@id\":\"https:\/\/sandzakpress.net\/arhiva\/#\/schema\/person\/6e72b67d6e51910a1117b3b483ba20bd\"},\"potentialAction\":[{\"@type\":\"SearchAction\",\"target\":{\"@type\":\"EntryPoint\",\"urlTemplate\":\"https:\/\/sandzakpress.net\/arhiva\/?s={search_term_string}\"},\"query-input\":{\"@type\":\"PropertyValueSpecification\",\"valueRequired\":true,\"valueName\":\"search_term_string\"}}],\"inLanguage\":\"bs-BA\"},{\"@type\":[\"Person\",\"Organization\"],\"@id\":\"https:\/\/sandzakpress.net\/arhiva\/#\/schema\/person\/6e72b67d6e51910a1117b3b483ba20bd\",\"name\":\"Kul\",\"image\":{\"@type\":\"ImageObject\",\"inLanguage\":\"bs-BA\",\"@id\":\"https:\/\/sandzakpress.net\/arhiva\/#\/schema\/person\/image\/\",\"url\":\"https:\/\/secure.gravatar.com\/avatar\/42263f39aa27ac04c43cab85c280eb2e?s=96&d=mm&r=pg\",\"contentUrl\":\"https:\/\/secure.gravatar.com\/avatar\/42263f39aa27ac04c43cab85c280eb2e?s=96&d=mm&r=pg\",\"caption\":\"Kul\"},\"logo\":{\"@id\":\"https:\/\/sandzakpress.net\/arhiva\/#\/schema\/person\/image\/\"}},{\"@type\":\"Person\",\"@id\":\"\",\"url\":\"https:\/\/sandzakpress.net\/arhiva\/author\/\"}]}<\/script>\n<!-- \/ Yoast SEO Premium plugin. -->","yoast_head_json":{"title":"Protest radnika Razvitka","robots":{"index":"index","follow":"follow","max-snippet":"max-snippet:-1","max-image-preview":"max-image-preview:large","max-video-preview":"max-video-preview:-1"},"canonical":"https:\/\/sandzakpress.net\/arhiva\/protest-radnika-razvitka\/","og_locale":"bs_BA","og_type":"article","og_title":"Protest radnika Razvitka","og_description":"Novi Pazar\u00a0&#8211; Stotinak radnika Gra\u0111evinskog preduze\u0107a Razvitak ju\u010de su protestovali ispred gradske uprave zahtijevaju\u0107i da im se obrati gradona\u010delnik Meho Mahmutovi\u0107. U\u010desnici protesta su pred gradsku upravu stigli sa transparentom na kojem je pisalo \u201eOp\u0161tino, vrati na\u0161e pare\u201c, ali se u razgovoru sa gradona\u010delnikom ispostavilo da tra\u017ee pomo\u0107 za smjenu rukovodstva \u201ekoje ih je dovelo [&hellip;]","og_url":"https:\/\/sandzakpress.net\/arhiva\/protest-radnika-razvitka\/","og_site_name":"Sand\u017eak PRESS","article_published_time":"2011-01-12T20:15:48+00:00","og_image":[{"width":616,"height":442,"url":"https:\/\/sandzakpress.net\/arhiva\/wp-content\/uploads\/2011\/01\/24049.jpg","type":"image\/jpeg"}],"twitter_card":"summary_large_image","twitter_misc":{"Written by":"","Est. reading time":"1 minuta"},"schema":{"@context":"https:\/\/schema.org","@graph":[{"@type":"Article","@id":"https:\/\/sandzakpress.net\/arhiva\/protest-radnika-razvitka\/#article","isPartOf":{"@id":"https:\/\/sandzakpress.net\/arhiva\/protest-radnika-razvitka\/"},"author":{"name":"","@id":""},"headline":"Protest radnika Razvitka","datePublished":"2011-01-12T20:15:48+00:00","mainEntityOfPage":{"@id":"https:\/\/sandzakpress.net\/arhiva\/protest-radnika-razvitka\/"},"wordCount":198,"commentCount":0,"publisher":{"@id":"https:\/\/sandzakpress.net\/arhiva\/#\/schema\/person\/6e72b67d6e51910a1117b3b483ba20bd"},"image":{"@id":"https:\/\/sandzakpress.net\/arhiva\/protest-radnika-razvitka\/#primaryimage"},"thumbnailUrl":"https:\/\/sandzakpress.net\/arhiva\/wp-content\/uploads\/2011\/01\/24049.jpg","articleSection":["Novi Pazar","Privreda"],"inLanguage":"bs-BA","potentialAction":[{"@type":"CommentAction","name":"Comment","target":["https:\/\/sandzakpress.net\/arhiva\/protest-radnika-razvitka\/#respond"]}]},{"@type":"WebPage","@id":"https:\/\/sandzakpress.net\/arhiva\/protest-radnika-razvitka\/","url":"https:\/\/sandzakpress.net\/arhiva\/protest-radnika-razvitka\/","name":"Protest radnika Razvitka","isPartOf":{"@id":"https:\/\/sandzakpress.net\/arhiva\/#website"},"primaryImageOfPage":{"@id":"https:\/\/sandzakpress.net\/arhiva\/protest-radnika-razvitka\/#primaryimage"},"image":{"@id":"https:\/\/sandzakpress.net\/arhiva\/protest-radnika-razvitka\/#primaryimage"},"thumbnailUrl":"https:\/\/sandzakpress.net\/arhiva\/wp-content\/uploads\/2011\/01\/24049.jpg","datePublished":"2011-01-12T20:15:48+00:00","breadcrumb":{"@id":"https:\/\/sandzakpress.net\/arhiva\/protest-radnika-razvitka\/#breadcrumb"},"inLanguage":"bs-BA","potentialAction":[{"@type":"ReadAction","target":["https:\/\/sandzakpress.net\/arhiva\/protest-radnika-razvitka\/"]}]},{"@type":"ImageObject","inLanguage":"bs-BA","@id":"https:\/\/sandzakpress.net\/arhiva\/protest-radnika-razvitka\/#primaryimage","url":"https:\/\/sandzakpress.net\/arhiva\/wp-content\/uploads\/2011\/01\/24049.jpg","contentUrl":"https:\/\/sandzakpress.net\/arhiva\/wp-content\/uploads\/2011\/01\/24049.jpg","width":616,"height":442},{"@type":"BreadcrumbList","@id":"https:\/\/sandzakpress.net\/arhiva\/protest-radnika-razvitka\/#breadcrumb","itemListElement":[{"@type":"ListItem","position":1,"name":"Home","item":"https:\/\/sandzakpress.net\/arhiva\/"},{"@type":"ListItem","position":2,"name":"Protest radnika Razvitka"}]},{"@type":"WebSite","@id":"https:\/\/sandzakpress.net\/arhiva\/#website","url":"https:\/\/sandzakpress.net\/arhiva\/","name":"Sand\u017eak PRESS","description":"Prve elektronske novine u Sand\u017eaku","publisher":{"@id":"https:\/\/sandzakpress.net\/arhiva\/#\/schema\/person\/6e72b67d6e51910a1117b3b483ba20bd"},"potentialAction":[{"@type":"SearchAction","target":{"@type":"EntryPoint","urlTemplate":"https:\/\/sandzakpress.net\/arhiva\/?s={search_term_string}"},"query-input":{"@type":"PropertyValueSpecification","valueRequired":true,"valueName":"search_term_string"}}],"inLanguage":"bs-BA"},{"@type":["Person","Organization"],"@id":"https:\/\/sandzakpress.net\/arhiva\/#\/schema\/person\/6e72b67d6e51910a1117b3b483ba20bd","name":"Kul","image":{"@type":"ImageObject","inLanguage":"bs-BA","@id":"https:\/\/sandzakpress.net\/arhiva\/#\/schema\/person\/image\/","url":"https:\/\/secure.gravatar.com\/avatar\/42263f39aa27ac04c43cab85c280eb2e?s=96&d=mm&r=pg","contentUrl":"https:\/\/secure.gravatar.com\/avatar\/42263f39aa27ac04c43cab85c280eb2e?s=96&d=mm&r=pg","caption":"Kul"},"logo":{"@id":"https:\/\/sandzakpress.net\/arhiva\/#\/schema\/person\/image\/"}},{"@type":"Person","@id":"","url":"https:\/\/sandzakpress.net\/arhiva\/author\/"}]}},"_links":{"self":[{"href":"https:\/\/sandzakpress.net\/arhiva\/wp-json\/wp\/v2\/posts\/11150"}],"collection":[{"href":"https:\/\/sandzakpress.net\/arhiva\/wp-json\/wp\/v2\/posts"}],"about":[{"href":"https:\/\/sandzakpress.net\/arhiva\/wp-json\/wp\/v2\/types\/post"}],"author":[{"embeddable":true,"href":"https:\/\/sandzakpress.net\/arhiva\/wp-json\/wp\/v2\/users\/5"}],"replies":[{"embeddable":true,"href":"https:\/\/sandzakpress.net\/arhiva\/wp-json\/wp\/v2\/comments?post=11150"}],"version-history":[{"count":0,"href":"https:\/\/sandzakpress.net\/arhiva\/wp-json\/wp\/v2\/posts\/11150\/revisions"}],"wp:featuredmedia":[{"embeddable":true,"href":"https:\/\/sandzakpress.net\/arhiva\/wp-json\/wp\/v2\/media\/11151"}],"wp:attachment":[{"href":"https:\/\/sandzakpress.net\/arhiva\/wp-json\/wp\/v2\/media?parent=11150"}],"wp:term":[{"taxonomy":"category","embeddable":true,"href":"https:\/\/sandzakpress.net\/arhiva\/wp-json\/wp\/v2\/categories?post=11150"},{"taxonomy":"post_tag","embeddable":true,"href":"https:\/\/sandzakpress.net\/arhiva\/wp-json\/wp\/v2\/tags?post=11150"}],"curies":[{"name":"wp","href":"https:\/\/api.w.org\/{rel}","templated":true}]}}