{"id":111499,"date":"2014-09-09T15:59:31","date_gmt":"2014-09-09T13:59:31","guid":{"rendered":"https:\/\/sandzakpress.net\/arhiva\/?p=111499"},"modified":"2014-09-09T17:39:08","modified_gmt":"2014-09-09T15:39:08","slug":"dps-sdp-i-bosnjacka-stranka-vodice-bijelo-polje","status":"publish","type":"post","link":"https:\/\/sandzakpress.net\/arhiva\/dps-sdp-i-bosnjacka-stranka-vodit-ce-bijelo-polje","title":{"rendered":"DPS, SDP i Bo\u0161nja\u010dka stranka vodit \u0107e Bijelo Polje"},"content":{"rendered":"<p><img decoding=\"async\" src=\"http:\/\/static.mondo.me\/Picture\/9430\/jpeg\/dps-1.jpg\" alt=\"DPS\" \/><\/p>\n<p><strong><span style=\"color: #343434;\">Bijelo Polje &#8211; Kako je saop\u0161teno iz DPS-a, bjelopoljski odbor te stranke donio je danas odluku o stupanju u postizborni koalicioni savez sa SDP-om i Bo\u0161nja\u010dkom strankom.<\/span><\/strong><br style=\"color: #343434;\" \/><br style=\"color: #343434;\" \/><span style=\"color: #343434;\">&#8220;<\/span>Predlozi da se Aleksandar \u017duri\u0107 kandiduje za predsjednika Op\u0161tine, a D\u017eemal Lju\u0161kovi\u0107 za predsjednika Skup\u0161tine op\u0161tine, jednoglasno su podr\u017eani od najve\u0107eg partijskog organa u Bijelom Polju<span style=\"color: #343434;\">\u201c, ka\u017ee se u saop\u0161tenju.\u00a0<\/span><br style=\"color: #343434;\" \/><br style=\"color: #343434;\" \/><span style=\"color: #343434;\">Navodi se da se, nakon odr\u017eanih lokalnih izbora na kojima su gra\u0111ani najve\u0107e povjerenje ukazali DPS-u, sklapanjem koalicionog saveza sa srodnim partijama i tradicionalnim partnerima obezbje\u0111uje kontinuitet politi\u010dke stabilnost, koja je preduslov za nastavak ekonomskog i dru\u0161tvenog razvoja bjelopoljske op\u0161tine i sjevera.\u00a0<\/span><br style=\"color: #343434;\" \/><br style=\"color: #343434;\" \/><span style=\"color: #343434;\">\u201e<\/span>Gra\u0111ani su pokazali puno razumijevanje za politi\u010dku situaciju u kojoj je nastao sporazum, zbog \u010dega je neophodno da dinami\u010dnom realizacijom izbornog programa pove\u0107amo kvalitet \u017eivota u Bijelom Polju i nadoknadimo vrijeme koje smo utro\u0161ili tokom pregovara\u010dkog procesa<span style=\"color: #343434;\">\u201c, kazali su iz DPS-a.<\/span><br style=\"color: #343434;\" \/><br style=\"color: #343434;\" \/><span style=\"color: #343434;\">Prema njihovim rijelima, saradnjom sa dr\u017eavnim institucijama i Vladom, kroz realizaciju krupnih investiocionih projekta, Bijelo Polje \u0107e nastaviti da predvodi razvoj sjeverne regije.<\/span><\/p>\n<p>(Mondo)<\/p>\n","protected":false},"excerpt":{"rendered":"<p>Bijelo Polje &#8211; Kako je saop\u0161teno iz DPS-a, bjelopoljski odbor te stranke donio je danas odluku o stupanju u postizborni koalicioni savez sa SDP-om i Bo\u0161nja\u010dkom strankom.&#8220;Predlozi da se Aleksandar \u017duri\u0107 kandiduje za predsjednika Op\u0161tine, a D\u017eemal Lju\u0161kovi\u0107 za predsjednika Skup\u0161tine op\u0161tine, jednoglasno su podr\u017eani od najve\u0107eg partijskog organa u Bijelom Polju\u201c, ka\u017ee se u [&hellip;]<\/p>\n","protected":false},"author":83,"featured_media":111501,"comment_status":"open","ping_status":"open","sticky":false,"template":"","format":"standard","meta":{"footnotes":""},"categories":[1,396,8957],"tags":[10450],"class_list":{"0":"post-111499","1":"post","2":"type-post","3":"status-publish","4":"format-standard","5":"has-post-thumbnail","7":"category-politika","8":"category-bijelo_polje","9":"category-vijesti-dana","10":"tag-vlast-u-bijelom-polju"},"yoast_head":"<!-- This site is optimized with the Yoast SEO Premium plugin v23.1 (Yoast SEO v24.9) - https:\/\/yoast.com\/wordpress\/plugins\/seo\/ -->\n<title>DPS, SDP i Bo\u0161nja\u010dka stranka vodit \u0107e Bijelo Polje<\/title>\n<meta name=\"robots\" content=\"index, follow, max-snippet:-1, max-image-preview:large, max-video-preview:-1\" \/>\n<link rel=\"canonical\" href=\"https:\/\/sandzakpress.net\/arhiva\/dps-sdp-i-bosnjacka-stranka-vodit-ce-bijelo-polje\/\" \/>\n<meta property=\"og:locale\" content=\"bs_BA\" \/>\n<meta property=\"og:type\" content=\"article\" \/>\n<meta property=\"og:title\" content=\"DPS, SDP i Bo\u0161nja\u010dka stranka vodit \u0107e Bijelo Polje\" \/>\n<meta property=\"og:description\" content=\"Bijelo Polje &#8211; Kako je saop\u0161teno iz DPS-a, bjelopoljski odbor te stranke donio je danas odluku o stupanju u postizborni koalicioni savez sa SDP-om i Bo\u0161nja\u010dkom strankom.&#8220;Predlozi da se Aleksandar \u017duri\u0107 kandiduje za predsjednika Op\u0161tine, a D\u017eemal Lju\u0161kovi\u0107 za predsjednika Skup\u0161tine op\u0161tine, jednoglasno su podr\u017eani od najve\u0107eg partijskog organa u Bijelom Polju\u201c, ka\u017ee se u [&hellip;]\" \/>\n<meta property=\"og:url\" content=\"https:\/\/sandzakpress.net\/arhiva\/dps-sdp-i-bosnjacka-stranka-vodit-ce-bijelo-polje\/\" \/>\n<meta property=\"og:site_name\" content=\"Sand\u017eak PRESS\" \/>\n<meta property=\"article:published_time\" content=\"2014-09-09T13:59:31+00:00\" \/>\n<meta property=\"article:modified_time\" content=\"2014-09-09T15:39:08+00:00\" \/>\n<meta property=\"og:image\" content=\"https:\/\/sandzakpress.net\/arhiva\/wp-content\/uploads\/2014\/09\/dps-1.jpg\" \/>\n\t<meta property=\"og:image:width\" content=\"610\" \/>\n\t<meta property=\"og:image:height\" content=\"343\" \/>\n\t<meta property=\"og:image:type\" content=\"image\/jpeg\" \/>\n<meta name=\"author\" content=\"bosniak\" \/>\n<meta name=\"twitter:card\" content=\"summary_large_image\" \/>\n<meta name=\"twitter:label1\" content=\"Written by\" \/>\n\t<meta name=\"twitter:data1\" content=\"bosniak\" \/>\n\t<meta name=\"twitter:label2\" content=\"Est. reading time\" \/>\n\t<meta name=\"twitter:data2\" content=\"1 minuta\" \/>\n<script type=\"application\/ld+json\" class=\"yoast-schema-graph\">{\"@context\":\"https:\/\/schema.org\",\"@graph\":[{\"@type\":\"Article\",\"@id\":\"https:\/\/sandzakpress.net\/arhiva\/dps-sdp-i-bosnjacka-stranka-vodit-ce-bijelo-polje\/#article\",\"isPartOf\":{\"@id\":\"https:\/\/sandzakpress.net\/arhiva\/dps-sdp-i-bosnjacka-stranka-vodit-ce-bijelo-polje\/\"},\"author\":{\"name\":\"bosniak\",\"@id\":\"https:\/\/sandzakpress.net\/arhiva\/#\/schema\/person\/c8baee722073534b583ea7bdb2e36c02\"},\"headline\":\"DPS, SDP i Bo\u0161nja\u010dka stranka vodit \u0107e Bijelo Polje\",\"datePublished\":\"2014-09-09T13:59:31+00:00\",\"dateModified\":\"2014-09-09T15:39:08+00:00\",\"mainEntityOfPage\":{\"@id\":\"https:\/\/sandzakpress.net\/arhiva\/dps-sdp-i-bosnjacka-stranka-vodit-ce-bijelo-polje\/\"},\"wordCount\":201,\"commentCount\":4,\"publisher\":{\"@id\":\"https:\/\/sandzakpress.net\/arhiva\/#\/schema\/person\/6e72b67d6e51910a1117b3b483ba20bd\"},\"image\":{\"@id\":\"https:\/\/sandzakpress.net\/arhiva\/dps-sdp-i-bosnjacka-stranka-vodit-ce-bijelo-polje\/#primaryimage\"},\"thumbnailUrl\":\"https:\/\/sandzakpress.net\/arhiva\/wp-content\/uploads\/2014\/09\/dps-1.jpg\",\"keywords\":[\"Vlast u Bijelom Polju\"],\"articleSection\":[\"Politika\",\"Bijelo Polje\",\"VIJESTI DANA\"],\"inLanguage\":\"bs-BA\",\"potentialAction\":[{\"@type\":\"CommentAction\",\"name\":\"Comment\",\"target\":[\"https:\/\/sandzakpress.net\/arhiva\/dps-sdp-i-bosnjacka-stranka-vodit-ce-bijelo-polje\/#respond\"]}]},{\"@type\":\"WebPage\",\"@id\":\"https:\/\/sandzakpress.net\/arhiva\/dps-sdp-i-bosnjacka-stranka-vodit-ce-bijelo-polje\/\",\"url\":\"https:\/\/sandzakpress.net\/arhiva\/dps-sdp-i-bosnjacka-stranka-vodit-ce-bijelo-polje\/\",\"name\":\"DPS, SDP i Bo\u0161nja\u010dka stranka vodit \u0107e Bijelo Polje\",\"isPartOf\":{\"@id\":\"https:\/\/sandzakpress.net\/arhiva\/#website\"},\"primaryImageOfPage\":{\"@id\":\"https:\/\/sandzakpress.net\/arhiva\/dps-sdp-i-bosnjacka-stranka-vodit-ce-bijelo-polje\/#primaryimage\"},\"image\":{\"@id\":\"https:\/\/sandzakpress.net\/arhiva\/dps-sdp-i-bosnjacka-stranka-vodit-ce-bijelo-polje\/#primaryimage\"},\"thumbnailUrl\":\"https:\/\/sandzakpress.net\/arhiva\/wp-content\/uploads\/2014\/09\/dps-1.jpg\",\"datePublished\":\"2014-09-09T13:59:31+00:00\",\"dateModified\":\"2014-09-09T15:39:08+00:00\",\"breadcrumb\":{\"@id\":\"https:\/\/sandzakpress.net\/arhiva\/dps-sdp-i-bosnjacka-stranka-vodit-ce-bijelo-polje\/#breadcrumb\"},\"inLanguage\":\"bs-BA\",\"potentialAction\":[{\"@type\":\"ReadAction\",\"target\":[\"https:\/\/sandzakpress.net\/arhiva\/dps-sdp-i-bosnjacka-stranka-vodit-ce-bijelo-polje\/\"]}]},{\"@type\":\"ImageObject\",\"inLanguage\":\"bs-BA\",\"@id\":\"https:\/\/sandzakpress.net\/arhiva\/dps-sdp-i-bosnjacka-stranka-vodit-ce-bijelo-polje\/#primaryimage\",\"url\":\"https:\/\/sandzakpress.net\/arhiva\/wp-content\/uploads\/2014\/09\/dps-1.jpg\",\"contentUrl\":\"https:\/\/sandzakpress.net\/arhiva\/wp-content\/uploads\/2014\/09\/dps-1.jpg\",\"width\":610,\"height\":343},{\"@type\":\"BreadcrumbList\",\"@id\":\"https:\/\/sandzakpress.net\/arhiva\/dps-sdp-i-bosnjacka-stranka-vodit-ce-bijelo-polje\/#breadcrumb\",\"itemListElement\":[{\"@type\":\"ListItem\",\"position\":1,\"name\":\"Home\",\"item\":\"https:\/\/sandzakpress.net\/arhiva\/\"},{\"@type\":\"ListItem\",\"position\":2,\"name\":\"DPS, SDP i Bo\u0161nja\u010dka stranka vodit \u0107e Bijelo Polje\"}]},{\"@type\":\"WebSite\",\"@id\":\"https:\/\/sandzakpress.net\/arhiva\/#website\",\"url\":\"https:\/\/sandzakpress.net\/arhiva\/\",\"name\":\"Sand\u017eak PRESS\",\"description\":\"Prve elektronske novine u Sand\u017eaku\",\"publisher\":{\"@id\":\"https:\/\/sandzakpress.net\/arhiva\/#\/schema\/person\/6e72b67d6e51910a1117b3b483ba20bd\"},\"potentialAction\":[{\"@type\":\"SearchAction\",\"target\":{\"@type\":\"EntryPoint\",\"urlTemplate\":\"https:\/\/sandzakpress.net\/arhiva\/?s={search_term_string}\"},\"query-input\":{\"@type\":\"PropertyValueSpecification\",\"valueRequired\":true,\"valueName\":\"search_term_string\"}}],\"inLanguage\":\"bs-BA\"},{\"@type\":[\"Person\",\"Organization\"],\"@id\":\"https:\/\/sandzakpress.net\/arhiva\/#\/schema\/person\/6e72b67d6e51910a1117b3b483ba20bd\",\"name\":\"Kul\",\"image\":{\"@type\":\"ImageObject\",\"inLanguage\":\"bs-BA\",\"@id\":\"https:\/\/sandzakpress.net\/arhiva\/#\/schema\/person\/image\/\",\"url\":\"https:\/\/secure.gravatar.com\/avatar\/42263f39aa27ac04c43cab85c280eb2e?s=96&d=mm&r=pg\",\"contentUrl\":\"https:\/\/secure.gravatar.com\/avatar\/42263f39aa27ac04c43cab85c280eb2e?s=96&d=mm&r=pg\",\"caption\":\"Kul\"},\"logo\":{\"@id\":\"https:\/\/sandzakpress.net\/arhiva\/#\/schema\/person\/image\/\"}},{\"@type\":\"Person\",\"@id\":\"https:\/\/sandzakpress.net\/arhiva\/#\/schema\/person\/c8baee722073534b583ea7bdb2e36c02\",\"name\":\"bosniak\",\"image\":{\"@type\":\"ImageObject\",\"inLanguage\":\"bs-BA\",\"@id\":\"https:\/\/sandzakpress.net\/arhiva\/#\/schema\/person\/image\/\",\"url\":\"https:\/\/secure.gravatar.com\/avatar\/a04fd330bfe3a36a72a0ad4a6d89fca7?s=96&d=mm&r=pg\",\"contentUrl\":\"https:\/\/secure.gravatar.com\/avatar\/a04fd330bfe3a36a72a0ad4a6d89fca7?s=96&d=mm&r=pg\",\"caption\":\"bosniak\"},\"url\":\"https:\/\/sandzakpress.net\/arhiva\/author\/bosniak\/\"}]}<\/script>\n<!-- \/ Yoast SEO Premium plugin. -->","yoast_head_json":{"title":"DPS, SDP i Bo\u0161nja\u010dka stranka vodit \u0107e Bijelo Polje","robots":{"index":"index","follow":"follow","max-snippet":"max-snippet:-1","max-image-preview":"max-image-preview:large","max-video-preview":"max-video-preview:-1"},"canonical":"https:\/\/sandzakpress.net\/arhiva\/dps-sdp-i-bosnjacka-stranka-vodit-ce-bijelo-polje\/","og_locale":"bs_BA","og_type":"article","og_title":"DPS, SDP i Bo\u0161nja\u010dka stranka vodit \u0107e Bijelo Polje","og_description":"Bijelo Polje &#8211; Kako je saop\u0161teno iz DPS-a, bjelopoljski odbor te stranke donio je danas odluku o stupanju u postizborni koalicioni savez sa SDP-om i Bo\u0161nja\u010dkom strankom.&#8220;Predlozi da se Aleksandar \u017duri\u0107 kandiduje za predsjednika Op\u0161tine, a D\u017eemal Lju\u0161kovi\u0107 za predsjednika Skup\u0161tine op\u0161tine, jednoglasno su podr\u017eani od najve\u0107eg partijskog organa u Bijelom Polju\u201c, ka\u017ee se u [&hellip;]","og_url":"https:\/\/sandzakpress.net\/arhiva\/dps-sdp-i-bosnjacka-stranka-vodit-ce-bijelo-polje\/","og_site_name":"Sand\u017eak PRESS","article_published_time":"2014-09-09T13:59:31+00:00","article_modified_time":"2014-09-09T15:39:08+00:00","og_image":[{"width":610,"height":343,"url":"https:\/\/sandzakpress.net\/arhiva\/wp-content\/uploads\/2014\/09\/dps-1.jpg","type":"image\/jpeg"}],"author":"bosniak","twitter_card":"summary_large_image","twitter_misc":{"Written by":"bosniak","Est. reading time":"1 minuta"},"schema":{"@context":"https:\/\/schema.org","@graph":[{"@type":"Article","@id":"https:\/\/sandzakpress.net\/arhiva\/dps-sdp-i-bosnjacka-stranka-vodit-ce-bijelo-polje\/#article","isPartOf":{"@id":"https:\/\/sandzakpress.net\/arhiva\/dps-sdp-i-bosnjacka-stranka-vodit-ce-bijelo-polje\/"},"author":{"name":"bosniak","@id":"https:\/\/sandzakpress.net\/arhiva\/#\/schema\/person\/c8baee722073534b583ea7bdb2e36c02"},"headline":"DPS, SDP i Bo\u0161nja\u010dka stranka vodit \u0107e Bijelo Polje","datePublished":"2014-09-09T13:59:31+00:00","dateModified":"2014-09-09T15:39:08+00:00","mainEntityOfPage":{"@id":"https:\/\/sandzakpress.net\/arhiva\/dps-sdp-i-bosnjacka-stranka-vodit-ce-bijelo-polje\/"},"wordCount":201,"commentCount":4,"publisher":{"@id":"https:\/\/sandzakpress.net\/arhiva\/#\/schema\/person\/6e72b67d6e51910a1117b3b483ba20bd"},"image":{"@id":"https:\/\/sandzakpress.net\/arhiva\/dps-sdp-i-bosnjacka-stranka-vodit-ce-bijelo-polje\/#primaryimage"},"thumbnailUrl":"https:\/\/sandzakpress.net\/arhiva\/wp-content\/uploads\/2014\/09\/dps-1.jpg","keywords":["Vlast u Bijelom Polju"],"articleSection":["Politika","Bijelo Polje","VIJESTI DANA"],"inLanguage":"bs-BA","potentialAction":[{"@type":"CommentAction","name":"Comment","target":["https:\/\/sandzakpress.net\/arhiva\/dps-sdp-i-bosnjacka-stranka-vodit-ce-bijelo-polje\/#respond"]}]},{"@type":"WebPage","@id":"https:\/\/sandzakpress.net\/arhiva\/dps-sdp-i-bosnjacka-stranka-vodit-ce-bijelo-polje\/","url":"https:\/\/sandzakpress.net\/arhiva\/dps-sdp-i-bosnjacka-stranka-vodit-ce-bijelo-polje\/","name":"DPS, SDP i Bo\u0161nja\u010dka stranka vodit \u0107e Bijelo Polje","isPartOf":{"@id":"https:\/\/sandzakpress.net\/arhiva\/#website"},"primaryImageOfPage":{"@id":"https:\/\/sandzakpress.net\/arhiva\/dps-sdp-i-bosnjacka-stranka-vodit-ce-bijelo-polje\/#primaryimage"},"image":{"@id":"https:\/\/sandzakpress.net\/arhiva\/dps-sdp-i-bosnjacka-stranka-vodit-ce-bijelo-polje\/#primaryimage"},"thumbnailUrl":"https:\/\/sandzakpress.net\/arhiva\/wp-content\/uploads\/2014\/09\/dps-1.jpg","datePublished":"2014-09-09T13:59:31+00:00","dateModified":"2014-09-09T15:39:08+00:00","breadcrumb":{"@id":"https:\/\/sandzakpress.net\/arhiva\/dps-sdp-i-bosnjacka-stranka-vodit-ce-bijelo-polje\/#breadcrumb"},"inLanguage":"bs-BA","potentialAction":[{"@type":"ReadAction","target":["https:\/\/sandzakpress.net\/arhiva\/dps-sdp-i-bosnjacka-stranka-vodit-ce-bijelo-polje\/"]}]},{"@type":"ImageObject","inLanguage":"bs-BA","@id":"https:\/\/sandzakpress.net\/arhiva\/dps-sdp-i-bosnjacka-stranka-vodit-ce-bijelo-polje\/#primaryimage","url":"https:\/\/sandzakpress.net\/arhiva\/wp-content\/uploads\/2014\/09\/dps-1.jpg","contentUrl":"https:\/\/sandzakpress.net\/arhiva\/wp-content\/uploads\/2014\/09\/dps-1.jpg","width":610,"height":343},{"@type":"BreadcrumbList","@id":"https:\/\/sandzakpress.net\/arhiva\/dps-sdp-i-bosnjacka-stranka-vodit-ce-bijelo-polje\/#breadcrumb","itemListElement":[{"@type":"ListItem","position":1,"name":"Home","item":"https:\/\/sandzakpress.net\/arhiva\/"},{"@type":"ListItem","position":2,"name":"DPS, SDP i Bo\u0161nja\u010dka stranka vodit \u0107e Bijelo Polje"}]},{"@type":"WebSite","@id":"https:\/\/sandzakpress.net\/arhiva\/#website","url":"https:\/\/sandzakpress.net\/arhiva\/","name":"Sand\u017eak PRESS","description":"Prve elektronske novine u Sand\u017eaku","publisher":{"@id":"https:\/\/sandzakpress.net\/arhiva\/#\/schema\/person\/6e72b67d6e51910a1117b3b483ba20bd"},"potentialAction":[{"@type":"SearchAction","target":{"@type":"EntryPoint","urlTemplate":"https:\/\/sandzakpress.net\/arhiva\/?s={search_term_string}"},"query-input":{"@type":"PropertyValueSpecification","valueRequired":true,"valueName":"search_term_string"}}],"inLanguage":"bs-BA"},{"@type":["Person","Organization"],"@id":"https:\/\/sandzakpress.net\/arhiva\/#\/schema\/person\/6e72b67d6e51910a1117b3b483ba20bd","name":"Kul","image":{"@type":"ImageObject","inLanguage":"bs-BA","@id":"https:\/\/sandzakpress.net\/arhiva\/#\/schema\/person\/image\/","url":"https:\/\/secure.gravatar.com\/avatar\/42263f39aa27ac04c43cab85c280eb2e?s=96&d=mm&r=pg","contentUrl":"https:\/\/secure.gravatar.com\/avatar\/42263f39aa27ac04c43cab85c280eb2e?s=96&d=mm&r=pg","caption":"Kul"},"logo":{"@id":"https:\/\/sandzakpress.net\/arhiva\/#\/schema\/person\/image\/"}},{"@type":"Person","@id":"https:\/\/sandzakpress.net\/arhiva\/#\/schema\/person\/c8baee722073534b583ea7bdb2e36c02","name":"bosniak","image":{"@type":"ImageObject","inLanguage":"bs-BA","@id":"https:\/\/sandzakpress.net\/arhiva\/#\/schema\/person\/image\/","url":"https:\/\/secure.gravatar.com\/avatar\/a04fd330bfe3a36a72a0ad4a6d89fca7?s=96&d=mm&r=pg","contentUrl":"https:\/\/secure.gravatar.com\/avatar\/a04fd330bfe3a36a72a0ad4a6d89fca7?s=96&d=mm&r=pg","caption":"bosniak"},"url":"https:\/\/sandzakpress.net\/arhiva\/author\/bosniak\/"}]}},"_links":{"self":[{"href":"https:\/\/sandzakpress.net\/arhiva\/wp-json\/wp\/v2\/posts\/111499"}],"collection":[{"href":"https:\/\/sandzakpress.net\/arhiva\/wp-json\/wp\/v2\/posts"}],"about":[{"href":"https:\/\/sandzakpress.net\/arhiva\/wp-json\/wp\/v2\/types\/post"}],"author":[{"embeddable":true,"href":"https:\/\/sandzakpress.net\/arhiva\/wp-json\/wp\/v2\/users\/83"}],"replies":[{"embeddable":true,"href":"https:\/\/sandzakpress.net\/arhiva\/wp-json\/wp\/v2\/comments?post=111499"}],"version-history":[{"count":0,"href":"https:\/\/sandzakpress.net\/arhiva\/wp-json\/wp\/v2\/posts\/111499\/revisions"}],"wp:featuredmedia":[{"embeddable":true,"href":"https:\/\/sandzakpress.net\/arhiva\/wp-json\/wp\/v2\/media\/111501"}],"wp:attachment":[{"href":"https:\/\/sandzakpress.net\/arhiva\/wp-json\/wp\/v2\/media?parent=111499"}],"wp:term":[{"taxonomy":"category","embeddable":true,"href":"https:\/\/sandzakpress.net\/arhiva\/wp-json\/wp\/v2\/categories?post=111499"},{"taxonomy":"post_tag","embeddable":true,"href":"https:\/\/sandzakpress.net\/arhiva\/wp-json\/wp\/v2\/tags?post=111499"}],"curies":[{"name":"wp","href":"https:\/\/api.w.org\/{rel}","templated":true}]}}