{"id":111486,"date":"2014-09-09T12:32:18","date_gmt":"2014-09-09T10:32:18","guid":{"rendered":"https:\/\/sandzakpress.net\/arhiva\/?p=111486"},"modified":"2014-09-09T12:32:39","modified_gmt":"2014-09-09T10:32:39","slug":"gledajte-emisiju-tema-dana-svakog-radnog-dana","status":"publish","type":"post","link":"https:\/\/sandzakpress.net\/arhiva\/gledajte-emisiju-tema-dana-svakog-radnog-dana\/","title":{"rendered":"Gledajte emisiju TEMA DANA svakog radnog dana"},"content":{"rendered":"<p><img loading=\"lazy\" decoding=\"async\" class=\"aligncenter size-full wp-image-111487\" src=\"https:\/\/sandzakpress.net\/arhiva\/wp-content\/uploads\/2014\/09\/Capture7.jpg\" alt=\"Capture\" width=\"641\" height=\"306\" srcset=\"https:\/\/sandzakpress.net\/arhiva\/wp-content\/uploads\/2014\/09\/Capture7.jpg 641w, https:\/\/sandzakpress.net\/arhiva\/wp-content\/uploads\/2014\/09\/Capture7-616x294.jpg 616w\" sizes=\"(max-width: 641px) 100vw, 641px\" \/><\/p>\n<p><strong>Novi Pazar &#8211; Od prvog septembra na tv Sand\u017eak mnogo promjena, jedna od njih je i emisija \u201eTema dana\u201c. Emisija prati dnevne doga\u0111aje, kao i sve teme i probleme sa kojima se susre\u0107u gra\u0111ani Novbog Pazara.<\/strong><\/p>\n<p>Kako ka\u017ee urednica emisije Alma Sofi\u0107, sve ono \u0161to gledaoci mogu \u010duti i vidjeti u Dnevniku Stv-a u emisiji \u0107e biti op\u0161irnije o glavnom dje\u0161avanju. Tako\u0111e isti\u010de da emisija nije ograni\u010dena samo na jednu temu ve\u0107 gledaoci mogu saznati puno toga, kao \u0161to su privreda, ekonomija, obrazovnje, politika i jo\u0161 puno toga.<\/p>\n<p>Gosti ove emisije mogu biti svi oni koji imaju \u0161ta re\u0107i povodom goru\u0107ih problema u Sand\u017eaku, a ti\u010du se njih samih.<\/p>\n<p>Potpuno ne\u0161to novo, problemi koji se analiziraju kroz ovu emisiju sa razli\u010ditih uglova, kroz razli\u010dite sagovornike. Iako u Sand\u017eaku postoje mnogobrojni problemei, kako to ka\u017ee autorica emisije Alma Sofi\u0107, ili ih neko name\u0107e, rezimiraju se ba\u0161 u ovoj emisiji.<\/p>\n<p>Gledaoci \u0107e se informirati o svemu tome, ali sa svim stranama koje u uklju\u010dene u jedan proces.<\/p>\n<p>Kako isti\u010de urednica, nada se da \u0107e ovom emisijom i uz pomo\u0107 ostalih medija uticati na rije\u0161avanje nekih problema.<\/p>\n<p>Emisija \u00a0\u201eTema dana\u201c se emituje svakog radnog dananakon Dnevnika Stv-a.<\/p>\n<p>SANA &#8211; Elmasa \u0160e\u0107ovi\u0107<\/p>\n<div class=\"youtube-embed\" data-video_id=\"g4-xPov2gLI\"><iframe loading=\"lazy\" title=\"Nova emisija na Sand\u017eak TV-u &quot;Tema dana&quot;\" width=\"696\" height=\"522\" src=\"https:\/\/www.youtube.com\/embed\/g4-xPov2gLI?feature=oembed&#038;enablejsapi=1\" frameborder=\"0\" allow=\"accelerometer; autoplay; encrypted-media; gyroscope; picture-in-picture\" allowfullscreen><\/iframe><\/div>\n","protected":false},"excerpt":{"rendered":"<p>Svakog radnog dana nakon Dnevnika STV i u 21h na TV Jedinstvo<\/p>\n","protected":false},"author":83,"featured_media":111487,"comment_status":"open","ping_status":"open","sticky":false,"template":"","format":"standard","meta":{"footnotes":""},"categories":[398,800,9538,72,9539,52,327,392,8957],"tags":[],"class_list":{"0":"post-111486","1":"post","2":"type-post","3":"status-publish","4":"format-standard","5":"has-post-thumbnail","7":"category-rozaje","8":"category-nacija","9":"category-njemacka-dijaspora-gradovi-vase-vijesti","10":"category-novi-pazar","11":"category-austrija-dijaspora-gradovi-vase-vijesti","12":"category-sjenica","13":"category-tutin","14":"category-prijepolje_","15":"category-vijesti-dana"},"yoast_head":"<!-- This site is optimized with the Yoast SEO Premium plugin v23.1 (Yoast SEO v24.9) - https:\/\/yoast.com\/wordpress\/plugins\/seo\/ -->\n<title>Gledajte emisiju TEMA DANA svakog radnog dana<\/title>\n<meta name=\"robots\" content=\"index, follow, max-snippet:-1, max-image-preview:large, max-video-preview:-1\" \/>\n<link rel=\"canonical\" href=\"https:\/\/sandzakpress.net\/arhiva\/gledajte-emisiju-tema-dana-svakog-radnog-dana\/\" \/>\n<meta property=\"og:locale\" content=\"bs_BA\" \/>\n<meta property=\"og:type\" content=\"article\" \/>\n<meta property=\"og:title\" content=\"Gledajte emisiju TEMA DANA svakog radnog dana\" \/>\n<meta property=\"og:description\" content=\"Svakog radnog dana nakon Dnevnika STV i u 21h na TV Jedinstvo\" \/>\n<meta property=\"og:url\" content=\"https:\/\/sandzakpress.net\/arhiva\/gledajte-emisiju-tema-dana-svakog-radnog-dana\/\" \/>\n<meta property=\"og:site_name\" content=\"Sand\u017eak PRESS\" \/>\n<meta property=\"article:published_time\" content=\"2014-09-09T10:32:18+00:00\" \/>\n<meta property=\"article:modified_time\" content=\"2014-09-09T10:32:39+00:00\" \/>\n<meta property=\"og:image\" content=\"https:\/\/sandzakpress.net\/arhiva\/wp-content\/uploads\/2014\/09\/Capture7.jpg\" \/>\n\t<meta property=\"og:image:width\" content=\"641\" \/>\n\t<meta property=\"og:image:height\" content=\"306\" \/>\n\t<meta property=\"og:image:type\" content=\"image\/jpeg\" \/>\n<meta name=\"author\" content=\"bosniak\" \/>\n<meta name=\"twitter:card\" content=\"summary_large_image\" \/>\n<meta name=\"twitter:label1\" content=\"Written by\" \/>\n\t<meta name=\"twitter:data1\" content=\"bosniak\" \/>\n\t<meta name=\"twitter:label2\" content=\"Est. reading time\" \/>\n\t<meta name=\"twitter:data2\" content=\"1 minuta\" \/>\n<script type=\"application\/ld+json\" class=\"yoast-schema-graph\">{\"@context\":\"https:\/\/schema.org\",\"@graph\":[{\"@type\":\"Article\",\"@id\":\"https:\/\/sandzakpress.net\/arhiva\/gledajte-emisiju-tema-dana-svakog-radnog-dana\/#article\",\"isPartOf\":{\"@id\":\"https:\/\/sandzakpress.net\/arhiva\/gledajte-emisiju-tema-dana-svakog-radnog-dana\/\"},\"author\":{\"name\":\"bosniak\",\"@id\":\"https:\/\/sandzakpress.net\/arhiva\/#\/schema\/person\/c8baee722073534b583ea7bdb2e36c02\"},\"headline\":\"Gledajte emisiju TEMA DANA svakog radnog dana\",\"datePublished\":\"2014-09-09T10:32:18+00:00\",\"dateModified\":\"2014-09-09T10:32:39+00:00\",\"mainEntityOfPage\":{\"@id\":\"https:\/\/sandzakpress.net\/arhiva\/gledajte-emisiju-tema-dana-svakog-radnog-dana\/\"},\"wordCount\":238,\"commentCount\":0,\"publisher\":{\"@id\":\"https:\/\/sandzakpress.net\/arhiva\/#\/schema\/person\/6e72b67d6e51910a1117b3b483ba20bd\"},\"image\":{\"@id\":\"https:\/\/sandzakpress.net\/arhiva\/gledajte-emisiju-tema-dana-svakog-radnog-dana\/#primaryimage\"},\"thumbnailUrl\":\"https:\/\/sandzakpress.net\/arhiva\/wp-content\/uploads\/2014\/09\/Capture7.jpg\",\"articleSection\":[\"Ro\u017eaje\",\"Nacija\",\"Njema\u010dka\",\"Novi Pazar\",\"Austrija\",\"Sjenica\",\"Tutin\",\"Prijepolje\",\"VIJESTI DANA\"],\"inLanguage\":\"bs-BA\",\"potentialAction\":[{\"@type\":\"CommentAction\",\"name\":\"Comment\",\"target\":[\"https:\/\/sandzakpress.net\/arhiva\/gledajte-emisiju-tema-dana-svakog-radnog-dana\/#respond\"]}]},{\"@type\":\"WebPage\",\"@id\":\"https:\/\/sandzakpress.net\/arhiva\/gledajte-emisiju-tema-dana-svakog-radnog-dana\/\",\"url\":\"https:\/\/sandzakpress.net\/arhiva\/gledajte-emisiju-tema-dana-svakog-radnog-dana\/\",\"name\":\"Gledajte emisiju TEMA DANA svakog radnog dana\",\"isPartOf\":{\"@id\":\"https:\/\/sandzakpress.net\/arhiva\/#website\"},\"primaryImageOfPage\":{\"@id\":\"https:\/\/sandzakpress.net\/arhiva\/gledajte-emisiju-tema-dana-svakog-radnog-dana\/#primaryimage\"},\"image\":{\"@id\":\"https:\/\/sandzakpress.net\/arhiva\/gledajte-emisiju-tema-dana-svakog-radnog-dana\/#primaryimage\"},\"thumbnailUrl\":\"https:\/\/sandzakpress.net\/arhiva\/wp-content\/uploads\/2014\/09\/Capture7.jpg\",\"datePublished\":\"2014-09-09T10:32:18+00:00\",\"dateModified\":\"2014-09-09T10:32:39+00:00\",\"breadcrumb\":{\"@id\":\"https:\/\/sandzakpress.net\/arhiva\/gledajte-emisiju-tema-dana-svakog-radnog-dana\/#breadcrumb\"},\"inLanguage\":\"bs-BA\",\"potentialAction\":[{\"@type\":\"ReadAction\",\"target\":[\"https:\/\/sandzakpress.net\/arhiva\/gledajte-emisiju-tema-dana-svakog-radnog-dana\/\"]}]},{\"@type\":\"ImageObject\",\"inLanguage\":\"bs-BA\",\"@id\":\"https:\/\/sandzakpress.net\/arhiva\/gledajte-emisiju-tema-dana-svakog-radnog-dana\/#primaryimage\",\"url\":\"https:\/\/sandzakpress.net\/arhiva\/wp-content\/uploads\/2014\/09\/Capture7.jpg\",\"contentUrl\":\"https:\/\/sandzakpress.net\/arhiva\/wp-content\/uploads\/2014\/09\/Capture7.jpg\",\"width\":641,\"height\":306},{\"@type\":\"BreadcrumbList\",\"@id\":\"https:\/\/sandzakpress.net\/arhiva\/gledajte-emisiju-tema-dana-svakog-radnog-dana\/#breadcrumb\",\"itemListElement\":[{\"@type\":\"ListItem\",\"position\":1,\"name\":\"Home\",\"item\":\"https:\/\/sandzakpress.net\/arhiva\/\"},{\"@type\":\"ListItem\",\"position\":2,\"name\":\"Gledajte emisiju TEMA DANA svakog radnog dana\"}]},{\"@type\":\"WebSite\",\"@id\":\"https:\/\/sandzakpress.net\/arhiva\/#website\",\"url\":\"https:\/\/sandzakpress.net\/arhiva\/\",\"name\":\"Sand\u017eak PRESS\",\"description\":\"Prve elektronske novine u Sand\u017eaku\",\"publisher\":{\"@id\":\"https:\/\/sandzakpress.net\/arhiva\/#\/schema\/person\/6e72b67d6e51910a1117b3b483ba20bd\"},\"potentialAction\":[{\"@type\":\"SearchAction\",\"target\":{\"@type\":\"EntryPoint\",\"urlTemplate\":\"https:\/\/sandzakpress.net\/arhiva\/?s={search_term_string}\"},\"query-input\":{\"@type\":\"PropertyValueSpecification\",\"valueRequired\":true,\"valueName\":\"search_term_string\"}}],\"inLanguage\":\"bs-BA\"},{\"@type\":[\"Person\",\"Organization\"],\"@id\":\"https:\/\/sandzakpress.net\/arhiva\/#\/schema\/person\/6e72b67d6e51910a1117b3b483ba20bd\",\"name\":\"Kul\",\"image\":{\"@type\":\"ImageObject\",\"inLanguage\":\"bs-BA\",\"@id\":\"https:\/\/sandzakpress.net\/arhiva\/#\/schema\/person\/image\/\",\"url\":\"https:\/\/secure.gravatar.com\/avatar\/42263f39aa27ac04c43cab85c280eb2e?s=96&d=mm&r=pg\",\"contentUrl\":\"https:\/\/secure.gravatar.com\/avatar\/42263f39aa27ac04c43cab85c280eb2e?s=96&d=mm&r=pg\",\"caption\":\"Kul\"},\"logo\":{\"@id\":\"https:\/\/sandzakpress.net\/arhiva\/#\/schema\/person\/image\/\"}},{\"@type\":\"Person\",\"@id\":\"https:\/\/sandzakpress.net\/arhiva\/#\/schema\/person\/c8baee722073534b583ea7bdb2e36c02\",\"name\":\"bosniak\",\"image\":{\"@type\":\"ImageObject\",\"inLanguage\":\"bs-BA\",\"@id\":\"https:\/\/sandzakpress.net\/arhiva\/#\/schema\/person\/image\/\",\"url\":\"https:\/\/secure.gravatar.com\/avatar\/a04fd330bfe3a36a72a0ad4a6d89fca7?s=96&d=mm&r=pg\",\"contentUrl\":\"https:\/\/secure.gravatar.com\/avatar\/a04fd330bfe3a36a72a0ad4a6d89fca7?s=96&d=mm&r=pg\",\"caption\":\"bosniak\"},\"url\":\"https:\/\/sandzakpress.net\/arhiva\/author\/bosniak\/\"}]}<\/script>\n<!-- \/ Yoast SEO Premium plugin. -->","yoast_head_json":{"title":"Gledajte emisiju TEMA DANA svakog radnog dana","robots":{"index":"index","follow":"follow","max-snippet":"max-snippet:-1","max-image-preview":"max-image-preview:large","max-video-preview":"max-video-preview:-1"},"canonical":"https:\/\/sandzakpress.net\/arhiva\/gledajte-emisiju-tema-dana-svakog-radnog-dana\/","og_locale":"bs_BA","og_type":"article","og_title":"Gledajte emisiju TEMA DANA svakog radnog dana","og_description":"Svakog radnog dana nakon Dnevnika STV i u 21h na TV Jedinstvo","og_url":"https:\/\/sandzakpress.net\/arhiva\/gledajte-emisiju-tema-dana-svakog-radnog-dana\/","og_site_name":"Sand\u017eak PRESS","article_published_time":"2014-09-09T10:32:18+00:00","article_modified_time":"2014-09-09T10:32:39+00:00","og_image":[{"width":641,"height":306,"url":"https:\/\/sandzakpress.net\/arhiva\/wp-content\/uploads\/2014\/09\/Capture7.jpg","type":"image\/jpeg"}],"author":"bosniak","twitter_card":"summary_large_image","twitter_misc":{"Written by":"bosniak","Est. reading time":"1 minuta"},"schema":{"@context":"https:\/\/schema.org","@graph":[{"@type":"Article","@id":"https:\/\/sandzakpress.net\/arhiva\/gledajte-emisiju-tema-dana-svakog-radnog-dana\/#article","isPartOf":{"@id":"https:\/\/sandzakpress.net\/arhiva\/gledajte-emisiju-tema-dana-svakog-radnog-dana\/"},"author":{"name":"bosniak","@id":"https:\/\/sandzakpress.net\/arhiva\/#\/schema\/person\/c8baee722073534b583ea7bdb2e36c02"},"headline":"Gledajte emisiju TEMA DANA svakog radnog dana","datePublished":"2014-09-09T10:32:18+00:00","dateModified":"2014-09-09T10:32:39+00:00","mainEntityOfPage":{"@id":"https:\/\/sandzakpress.net\/arhiva\/gledajte-emisiju-tema-dana-svakog-radnog-dana\/"},"wordCount":238,"commentCount":0,"publisher":{"@id":"https:\/\/sandzakpress.net\/arhiva\/#\/schema\/person\/6e72b67d6e51910a1117b3b483ba20bd"},"image":{"@id":"https:\/\/sandzakpress.net\/arhiva\/gledajte-emisiju-tema-dana-svakog-radnog-dana\/#primaryimage"},"thumbnailUrl":"https:\/\/sandzakpress.net\/arhiva\/wp-content\/uploads\/2014\/09\/Capture7.jpg","articleSection":["Ro\u017eaje","Nacija","Njema\u010dka","Novi Pazar","Austrija","Sjenica","Tutin","Prijepolje","VIJESTI DANA"],"inLanguage":"bs-BA","potentialAction":[{"@type":"CommentAction","name":"Comment","target":["https:\/\/sandzakpress.net\/arhiva\/gledajte-emisiju-tema-dana-svakog-radnog-dana\/#respond"]}]},{"@type":"WebPage","@id":"https:\/\/sandzakpress.net\/arhiva\/gledajte-emisiju-tema-dana-svakog-radnog-dana\/","url":"https:\/\/sandzakpress.net\/arhiva\/gledajte-emisiju-tema-dana-svakog-radnog-dana\/","name":"Gledajte emisiju TEMA DANA svakog radnog dana","isPartOf":{"@id":"https:\/\/sandzakpress.net\/arhiva\/#website"},"primaryImageOfPage":{"@id":"https:\/\/sandzakpress.net\/arhiva\/gledajte-emisiju-tema-dana-svakog-radnog-dana\/#primaryimage"},"image":{"@id":"https:\/\/sandzakpress.net\/arhiva\/gledajte-emisiju-tema-dana-svakog-radnog-dana\/#primaryimage"},"thumbnailUrl":"https:\/\/sandzakpress.net\/arhiva\/wp-content\/uploads\/2014\/09\/Capture7.jpg","datePublished":"2014-09-09T10:32:18+00:00","dateModified":"2014-09-09T10:32:39+00:00","breadcrumb":{"@id":"https:\/\/sandzakpress.net\/arhiva\/gledajte-emisiju-tema-dana-svakog-radnog-dana\/#breadcrumb"},"inLanguage":"bs-BA","potentialAction":[{"@type":"ReadAction","target":["https:\/\/sandzakpress.net\/arhiva\/gledajte-emisiju-tema-dana-svakog-radnog-dana\/"]}]},{"@type":"ImageObject","inLanguage":"bs-BA","@id":"https:\/\/sandzakpress.net\/arhiva\/gledajte-emisiju-tema-dana-svakog-radnog-dana\/#primaryimage","url":"https:\/\/sandzakpress.net\/arhiva\/wp-content\/uploads\/2014\/09\/Capture7.jpg","contentUrl":"https:\/\/sandzakpress.net\/arhiva\/wp-content\/uploads\/2014\/09\/Capture7.jpg","width":641,"height":306},{"@type":"BreadcrumbList","@id":"https:\/\/sandzakpress.net\/arhiva\/gledajte-emisiju-tema-dana-svakog-radnog-dana\/#breadcrumb","itemListElement":[{"@type":"ListItem","position":1,"name":"Home","item":"https:\/\/sandzakpress.net\/arhiva\/"},{"@type":"ListItem","position":2,"name":"Gledajte emisiju TEMA DANA svakog radnog dana"}]},{"@type":"WebSite","@id":"https:\/\/sandzakpress.net\/arhiva\/#website","url":"https:\/\/sandzakpress.net\/arhiva\/","name":"Sand\u017eak PRESS","description":"Prve elektronske novine u Sand\u017eaku","publisher":{"@id":"https:\/\/sandzakpress.net\/arhiva\/#\/schema\/person\/6e72b67d6e51910a1117b3b483ba20bd"},"potentialAction":[{"@type":"SearchAction","target":{"@type":"EntryPoint","urlTemplate":"https:\/\/sandzakpress.net\/arhiva\/?s={search_term_string}"},"query-input":{"@type":"PropertyValueSpecification","valueRequired":true,"valueName":"search_term_string"}}],"inLanguage":"bs-BA"},{"@type":["Person","Organization"],"@id":"https:\/\/sandzakpress.net\/arhiva\/#\/schema\/person\/6e72b67d6e51910a1117b3b483ba20bd","name":"Kul","image":{"@type":"ImageObject","inLanguage":"bs-BA","@id":"https:\/\/sandzakpress.net\/arhiva\/#\/schema\/person\/image\/","url":"https:\/\/secure.gravatar.com\/avatar\/42263f39aa27ac04c43cab85c280eb2e?s=96&d=mm&r=pg","contentUrl":"https:\/\/secure.gravatar.com\/avatar\/42263f39aa27ac04c43cab85c280eb2e?s=96&d=mm&r=pg","caption":"Kul"},"logo":{"@id":"https:\/\/sandzakpress.net\/arhiva\/#\/schema\/person\/image\/"}},{"@type":"Person","@id":"https:\/\/sandzakpress.net\/arhiva\/#\/schema\/person\/c8baee722073534b583ea7bdb2e36c02","name":"bosniak","image":{"@type":"ImageObject","inLanguage":"bs-BA","@id":"https:\/\/sandzakpress.net\/arhiva\/#\/schema\/person\/image\/","url":"https:\/\/secure.gravatar.com\/avatar\/a04fd330bfe3a36a72a0ad4a6d89fca7?s=96&d=mm&r=pg","contentUrl":"https:\/\/secure.gravatar.com\/avatar\/a04fd330bfe3a36a72a0ad4a6d89fca7?s=96&d=mm&r=pg","caption":"bosniak"},"url":"https:\/\/sandzakpress.net\/arhiva\/author\/bosniak\/"}]}},"_links":{"self":[{"href":"https:\/\/sandzakpress.net\/arhiva\/wp-json\/wp\/v2\/posts\/111486"}],"collection":[{"href":"https:\/\/sandzakpress.net\/arhiva\/wp-json\/wp\/v2\/posts"}],"about":[{"href":"https:\/\/sandzakpress.net\/arhiva\/wp-json\/wp\/v2\/types\/post"}],"author":[{"embeddable":true,"href":"https:\/\/sandzakpress.net\/arhiva\/wp-json\/wp\/v2\/users\/83"}],"replies":[{"embeddable":true,"href":"https:\/\/sandzakpress.net\/arhiva\/wp-json\/wp\/v2\/comments?post=111486"}],"version-history":[{"count":0,"href":"https:\/\/sandzakpress.net\/arhiva\/wp-json\/wp\/v2\/posts\/111486\/revisions"}],"wp:featuredmedia":[{"embeddable":true,"href":"https:\/\/sandzakpress.net\/arhiva\/wp-json\/wp\/v2\/media\/111487"}],"wp:attachment":[{"href":"https:\/\/sandzakpress.net\/arhiva\/wp-json\/wp\/v2\/media?parent=111486"}],"wp:term":[{"taxonomy":"category","embeddable":true,"href":"https:\/\/sandzakpress.net\/arhiva\/wp-json\/wp\/v2\/categories?post=111486"},{"taxonomy":"post_tag","embeddable":true,"href":"https:\/\/sandzakpress.net\/arhiva\/wp-json\/wp\/v2\/tags?post=111486"}],"curies":[{"name":"wp","href":"https:\/\/api.w.org\/{rel}","templated":true}]}}