{"id":111412,"date":"2014-09-08T11:40:10","date_gmt":"2014-09-08T09:40:10","guid":{"rendered":"https:\/\/sandzakpress.net\/arhiva\/?p=111412"},"modified":"2014-09-08T14:47:31","modified_gmt":"2014-09-08T12:47:31","slug":"save-our-country-event-held-in-vienna","status":"publish","type":"post","link":"https:\/\/sandzakpress.net\/arhiva\/save-our-country-event-held-in-vienna\/","title":{"rendered":"&#8220;Preserve our country&#8221; event held in Vienna"},"content":{"rendered":"<p><img decoding=\"async\" src=\"https:\/\/sandzakpress.net\/arhiva\/wp-content\/uploads\/2014\/09\/10667730_336039866555635_2018397326_o_616w_80c_vhigh.jpg\" alt=\"10667730_336039866555635_2018397326_o_616w_80c_vhigh\" \/><\/p>\n<p><strong>Austria- In organization of the Sandzak Bosniak Diaspora Community and the Bosniak National Foundation, on September, 6, 2014., beginning at 7 p.m., an event was held under the title \u201cPreserve our country\u201d.<\/strong><\/p>\n<p>The event was made even more special with the presence of reisul ulema emeritus Dr. Mustafa Ceri\u0107, sandzak mufti Muamer Zukorli\u0107, Bosniak National Foundation president Hako Duljevi\u0107, Sandzak Diaspora Community president Mithat effendi Mujovi\u0107, as well as many significant people from the diaspora and Sandzak. The festivity was started off by Mesud effendi Zukorli\u0107 reciting a passage from the Holy Quran, followed by the nasheed, or Islamic spiritual song performer Hamza \u0160krijelj who sang the \u201eQasida of Hadzet\u201c or \u00a0\u201eSong of Hadzet\u201c.<\/p>\n<p>\u201eAs long as you resist the rust that is trying to overcome us, you're still alive. The moment you stop trying to resist it, it has killed you\u201c, said Hako Duljevi\u0107 a first in a series of inspirational speeches of the night. After that the meeting was greeted and welcomed by the host of the night Mithat effendi Mujovi\u0107, president of the Sandzak Diaspora Community. Youth Choir &#8220;Revival&#8221; with its wonderful performance of Islamic spiritual songs made the right prelude to the thunderous applause that accompanied a speech by Sandzak mufti, Muamer efffendi Zukorli\u0107.<\/p>\n<p>&#8220;The country in which you live in at first glance is good to you. You've managed to experience democracy, and earn ten times more than what you would earn in Bosnia or Sandzak, but know that what you have is land as a territory, \u00a0you do not have a home, because a home is more than just the territory of a country. And the longer you stay here, instead of slowly forgetting Bosnia and Sandzak, you are more likely to remember your childhood and the smell of your mother's bread and those memories of the water and air that you had back at home and the horizon that you watched every morning when you would get up, the older you get, the more you miss it&#8221; were some of the inspirational words spoken by mufti Zukorli\u0107.<\/p>\n<p>A thunderous applause followed the calling of reisul ulema emiritus Dr. Mustafa Ceri\u0107 to greet the gathering. A wonderful atmosphere in the enormous room of Siemens company which was completely filled to its capacity. The smiles and satisfaction were more than enough to show the impressions the night had left on everyone. Proving once again that Bosnia and Sandzak are the heart of Bosniakhood, and the diaspora is its body.<\/p>\n<p>SANA Agency<\/p>\n<p><img loading=\"lazy\" decoding=\"async\" class=\"aligncenter size-full wp-image-111388\" style=\"color: #000000;\" src=\"https:\/\/sandzakpress.net\/arhiva\/wp-content\/uploads\/2014\/09\/10572892_336039459889009_1154113049_o_616w_80c_vhigh.jpg\" alt=\"10572892_336039459889009_1154113049_o_616w_80c_vhigh\" width=\"616\" height=\"346\" \/><img loading=\"lazy\" decoding=\"async\" class=\"aligncenter size-full wp-image-111389\" style=\"color: #000000;\" src=\"https:\/\/sandzakpress.net\/arhiva\/wp-content\/uploads\/2014\/09\/10583350_336039623222326_354160304_o_616w_80c_vhigh.jpg\" alt=\"10583350_336039623222326_354160304_o_616w_80c_vhigh\" width=\"616\" height=\"346\" \/><img loading=\"lazy\" decoding=\"async\" class=\"aligncenter size-full wp-image-111390\" style=\"color: #000000;\" src=\"https:\/\/sandzakpress.net\/arhiva\/wp-content\/uploads\/2014\/09\/10621629_336039456555676_295290117_o_616w_80c_vhigh.jpg\" alt=\"10621629_336039456555676_295290117_o_616w_80c_vhigh\" width=\"616\" height=\"346\" \/><img loading=\"lazy\" decoding=\"async\" class=\"aligncenter size-full wp-image-111391\" style=\"color: #000000;\" src=\"https:\/\/sandzakpress.net\/arhiva\/wp-content\/uploads\/2014\/09\/10663060_336040413222247_1472186610_o_616w_80c_vhigh.jpg\" alt=\"10663060_336040413222247_1472186610_o_616w_80c_vhigh\" width=\"616\" height=\"346\" \/><br style=\"color: #000000;\" \/><img loading=\"lazy\" decoding=\"async\" class=\"aligncenter size-full wp-image-111395\" style=\"color: #000000;\" src=\"https:\/\/sandzakpress.net\/arhiva\/wp-content\/uploads\/2014\/09\/10685798_336039433222345_349717937_o_616w_80c_vhigh.jpg\" alt=\"10685798_336039433222345_349717937_o_616w_80c_vhigh\" width=\"616\" height=\"346\" \/><img loading=\"lazy\" decoding=\"async\" class=\"aligncenter size-full wp-image-111394\" style=\"color: #000000;\" src=\"https:\/\/sandzakpress.net\/arhiva\/wp-content\/uploads\/2014\/09\/10677411_336039949888960_1930173687_o_616w_80c_vhigh.jpg\" alt=\"10677411_336039949888960_1930173687_o_616w_80c_vhigh\" width=\"616\" height=\"346\" \/><img loading=\"lazy\" decoding=\"async\" class=\"aligncenter size-full wp-image-111393\" style=\"color: #000000;\" src=\"https:\/\/sandzakpress.net\/arhiva\/wp-content\/uploads\/2014\/09\/10676641_336040333222255_879326932_o_616w_80c_vhigh.jpg\" alt=\"10676641_336040333222255_879326932_o_616w_80c_vhigh\" width=\"616\" height=\"346\" \/><\/p>\n","protected":false},"excerpt":{"rendered":"<p>Austria- In organization of the Sandzak Bosniak Diaspora Community and the Bosniak National Foundation, on September, 6, 2014., beginning at 7 p.m., an event was held under the title \u201cPreserve our country\u201d. The event was made even more special with the presence of reisul ulema emeritus Dr. Mustafa Ceri\u0107, sandzak mufti Muamer Zukorli\u0107, Bosniak National [&hellip;]<\/p>\n","protected":false},"author":83,"featured_media":111392,"comment_status":"open","ping_status":"open","sticky":false,"template":"","format":"standard","meta":{"footnotes":""},"categories":[3012,10310,10480],"tags":[10233,10204],"class_list":{"0":"post-111412","1":"post","2":"type-post","3":"status-publish","4":"format-standard","5":"has-post-thumbnail","7":"category-amerika-gradovi","8":"category-velika-britanija","9":"category-english","10":"tag-dr-mustafa-ceric","11":"tag-muftija-muamer-zukorlic"},"yoast_head":"<!-- This site is optimized with the Yoast SEO Premium plugin v23.1 (Yoast SEO v24.9) - https:\/\/yoast.com\/wordpress\/plugins\/seo\/ -->\n<title>&quot;Preserve our country&quot; event held in Vienna<\/title>\n<meta name=\"robots\" content=\"index, follow, max-snippet:-1, max-image-preview:large, max-video-preview:-1\" \/>\n<link rel=\"canonical\" href=\"https:\/\/sandzakpress.net\/arhiva\/save-our-country-event-held-in-vienna\/\" \/>\n<meta property=\"og:locale\" content=\"bs_BA\" \/>\n<meta property=\"og:type\" content=\"article\" \/>\n<meta property=\"og:title\" content=\"&quot;Preserve our country&quot; event held in Vienna\" \/>\n<meta property=\"og:description\" content=\"Austria- In organization of the Sandzak Bosniak Diaspora Community and the Bosniak National Foundation, on September, 6, 2014., beginning at 7 p.m., an event was held under the title \u201cPreserve our country\u201d. The event was made even more special with the presence of reisul ulema emeritus Dr. Mustafa Ceri\u0107, sandzak mufti Muamer Zukorli\u0107, Bosniak National [&hellip;]\" \/>\n<meta property=\"og:url\" content=\"https:\/\/sandzakpress.net\/arhiva\/save-our-country-event-held-in-vienna\/\" \/>\n<meta property=\"og:site_name\" content=\"Sand\u017eak PRESS\" \/>\n<meta property=\"article:published_time\" content=\"2014-09-08T09:40:10+00:00\" \/>\n<meta property=\"article:modified_time\" content=\"2014-09-08T12:47:31+00:00\" \/>\n<meta property=\"og:image\" content=\"https:\/\/sandzakpress.net\/arhiva\/wp-content\/uploads\/2014\/09\/10667730_336039866555635_2018397326_o_616w_80c_vhigh.jpg\" \/>\n\t<meta property=\"og:image:width\" content=\"616\" \/>\n\t<meta property=\"og:image:height\" content=\"346\" \/>\n\t<meta property=\"og:image:type\" content=\"image\/jpeg\" \/>\n<meta name=\"author\" content=\"bosniak\" \/>\n<meta name=\"twitter:card\" content=\"summary_large_image\" \/>\n<meta name=\"twitter:label1\" content=\"Written by\" \/>\n\t<meta name=\"twitter:data1\" content=\"bosniak\" \/>\n\t<meta name=\"twitter:label2\" content=\"Est. reading time\" \/>\n\t<meta name=\"twitter:data2\" content=\"2 minute\" \/>\n<script type=\"application\/ld+json\" class=\"yoast-schema-graph\">{\"@context\":\"https:\/\/schema.org\",\"@graph\":[{\"@type\":\"Article\",\"@id\":\"https:\/\/sandzakpress.net\/arhiva\/save-our-country-event-held-in-vienna\/#article\",\"isPartOf\":{\"@id\":\"https:\/\/sandzakpress.net\/arhiva\/save-our-country-event-held-in-vienna\/\"},\"author\":{\"name\":\"bosniak\",\"@id\":\"https:\/\/sandzakpress.net\/arhiva\/#\/schema\/person\/c8baee722073534b583ea7bdb2e36c02\"},\"headline\":\"&#8220;Preserve our country&#8221; event held in Vienna\",\"datePublished\":\"2014-09-08T09:40:10+00:00\",\"dateModified\":\"2014-09-08T12:47:31+00:00\",\"mainEntityOfPage\":{\"@id\":\"https:\/\/sandzakpress.net\/arhiva\/save-our-country-event-held-in-vienna\/\"},\"wordCount\":424,\"commentCount\":2,\"publisher\":{\"@id\":\"https:\/\/sandzakpress.net\/arhiva\/#\/schema\/person\/6e72b67d6e51910a1117b3b483ba20bd\"},\"image\":{\"@id\":\"https:\/\/sandzakpress.net\/arhiva\/save-our-country-event-held-in-vienna\/#primaryimage\"},\"thumbnailUrl\":\"https:\/\/sandzakpress.net\/arhiva\/wp-content\/uploads\/2014\/09\/10667730_336039866555635_2018397326_o_616w_80c_vhigh.jpg\",\"keywords\":[\"Dr. Mustafa Ceri\u0107\",\"muftija Muamer Zukorli\u0107\"],\"articleSection\":[\"Amerika\",\"Velika Britanija\",\"English\"],\"inLanguage\":\"bs-BA\",\"potentialAction\":[{\"@type\":\"CommentAction\",\"name\":\"Comment\",\"target\":[\"https:\/\/sandzakpress.net\/arhiva\/save-our-country-event-held-in-vienna\/#respond\"]}]},{\"@type\":\"WebPage\",\"@id\":\"https:\/\/sandzakpress.net\/arhiva\/save-our-country-event-held-in-vienna\/\",\"url\":\"https:\/\/sandzakpress.net\/arhiva\/save-our-country-event-held-in-vienna\/\",\"name\":\"\\\"Preserve our country\\\" event held in Vienna\",\"isPartOf\":{\"@id\":\"https:\/\/sandzakpress.net\/arhiva\/#website\"},\"primaryImageOfPage\":{\"@id\":\"https:\/\/sandzakpress.net\/arhiva\/save-our-country-event-held-in-vienna\/#primaryimage\"},\"image\":{\"@id\":\"https:\/\/sandzakpress.net\/arhiva\/save-our-country-event-held-in-vienna\/#primaryimage\"},\"thumbnailUrl\":\"https:\/\/sandzakpress.net\/arhiva\/wp-content\/uploads\/2014\/09\/10667730_336039866555635_2018397326_o_616w_80c_vhigh.jpg\",\"datePublished\":\"2014-09-08T09:40:10+00:00\",\"dateModified\":\"2014-09-08T12:47:31+00:00\",\"breadcrumb\":{\"@id\":\"https:\/\/sandzakpress.net\/arhiva\/save-our-country-event-held-in-vienna\/#breadcrumb\"},\"inLanguage\":\"bs-BA\",\"potentialAction\":[{\"@type\":\"ReadAction\",\"target\":[\"https:\/\/sandzakpress.net\/arhiva\/save-our-country-event-held-in-vienna\/\"]}]},{\"@type\":\"ImageObject\",\"inLanguage\":\"bs-BA\",\"@id\":\"https:\/\/sandzakpress.net\/arhiva\/save-our-country-event-held-in-vienna\/#primaryimage\",\"url\":\"https:\/\/sandzakpress.net\/arhiva\/wp-content\/uploads\/2014\/09\/10667730_336039866555635_2018397326_o_616w_80c_vhigh.jpg\",\"contentUrl\":\"https:\/\/sandzakpress.net\/arhiva\/wp-content\/uploads\/2014\/09\/10667730_336039866555635_2018397326_o_616w_80c_vhigh.jpg\",\"width\":616,\"height\":346},{\"@type\":\"BreadcrumbList\",\"@id\":\"https:\/\/sandzakpress.net\/arhiva\/save-our-country-event-held-in-vienna\/#breadcrumb\",\"itemListElement\":[{\"@type\":\"ListItem\",\"position\":1,\"name\":\"Home\",\"item\":\"https:\/\/sandzakpress.net\/arhiva\/\"},{\"@type\":\"ListItem\",\"position\":2,\"name\":\"&#8220;Preserve our country&#8221; event held in Vienna\"}]},{\"@type\":\"WebSite\",\"@id\":\"https:\/\/sandzakpress.net\/arhiva\/#website\",\"url\":\"https:\/\/sandzakpress.net\/arhiva\/\",\"name\":\"Sand\u017eak PRESS\",\"description\":\"Prve elektronske novine u Sand\u017eaku\",\"publisher\":{\"@id\":\"https:\/\/sandzakpress.net\/arhiva\/#\/schema\/person\/6e72b67d6e51910a1117b3b483ba20bd\"},\"potentialAction\":[{\"@type\":\"SearchAction\",\"target\":{\"@type\":\"EntryPoint\",\"urlTemplate\":\"https:\/\/sandzakpress.net\/arhiva\/?s={search_term_string}\"},\"query-input\":{\"@type\":\"PropertyValueSpecification\",\"valueRequired\":true,\"valueName\":\"search_term_string\"}}],\"inLanguage\":\"bs-BA\"},{\"@type\":[\"Person\",\"Organization\"],\"@id\":\"https:\/\/sandzakpress.net\/arhiva\/#\/schema\/person\/6e72b67d6e51910a1117b3b483ba20bd\",\"name\":\"Kul\",\"image\":{\"@type\":\"ImageObject\",\"inLanguage\":\"bs-BA\",\"@id\":\"https:\/\/sandzakpress.net\/arhiva\/#\/schema\/person\/image\/\",\"url\":\"https:\/\/secure.gravatar.com\/avatar\/42263f39aa27ac04c43cab85c280eb2e?s=96&d=mm&r=pg\",\"contentUrl\":\"https:\/\/secure.gravatar.com\/avatar\/42263f39aa27ac04c43cab85c280eb2e?s=96&d=mm&r=pg\",\"caption\":\"Kul\"},\"logo\":{\"@id\":\"https:\/\/sandzakpress.net\/arhiva\/#\/schema\/person\/image\/\"}},{\"@type\":\"Person\",\"@id\":\"https:\/\/sandzakpress.net\/arhiva\/#\/schema\/person\/c8baee722073534b583ea7bdb2e36c02\",\"name\":\"bosniak\",\"image\":{\"@type\":\"ImageObject\",\"inLanguage\":\"bs-BA\",\"@id\":\"https:\/\/sandzakpress.net\/arhiva\/#\/schema\/person\/image\/\",\"url\":\"https:\/\/secure.gravatar.com\/avatar\/a04fd330bfe3a36a72a0ad4a6d89fca7?s=96&d=mm&r=pg\",\"contentUrl\":\"https:\/\/secure.gravatar.com\/avatar\/a04fd330bfe3a36a72a0ad4a6d89fca7?s=96&d=mm&r=pg\",\"caption\":\"bosniak\"},\"url\":\"https:\/\/sandzakpress.net\/arhiva\/author\/bosniak\/\"}]}<\/script>\n<!-- \/ Yoast SEO Premium plugin. -->","yoast_head_json":{"title":"\"Preserve our country\" event held in Vienna","robots":{"index":"index","follow":"follow","max-snippet":"max-snippet:-1","max-image-preview":"max-image-preview:large","max-video-preview":"max-video-preview:-1"},"canonical":"https:\/\/sandzakpress.net\/arhiva\/save-our-country-event-held-in-vienna\/","og_locale":"bs_BA","og_type":"article","og_title":"\"Preserve our country\" event held in Vienna","og_description":"Austria- In organization of the Sandzak Bosniak Diaspora Community and the Bosniak National Foundation, on September, 6, 2014., beginning at 7 p.m., an event was held under the title \u201cPreserve our country\u201d. The event was made even more special with the presence of reisul ulema emeritus Dr. Mustafa Ceri\u0107, sandzak mufti Muamer Zukorli\u0107, Bosniak National [&hellip;]","og_url":"https:\/\/sandzakpress.net\/arhiva\/save-our-country-event-held-in-vienna\/","og_site_name":"Sand\u017eak PRESS","article_published_time":"2014-09-08T09:40:10+00:00","article_modified_time":"2014-09-08T12:47:31+00:00","og_image":[{"width":616,"height":346,"url":"https:\/\/sandzakpress.net\/arhiva\/wp-content\/uploads\/2014\/09\/10667730_336039866555635_2018397326_o_616w_80c_vhigh.jpg","type":"image\/jpeg"}],"author":"bosniak","twitter_card":"summary_large_image","twitter_misc":{"Written by":"bosniak","Est. reading time":"2 minute"},"schema":{"@context":"https:\/\/schema.org","@graph":[{"@type":"Article","@id":"https:\/\/sandzakpress.net\/arhiva\/save-our-country-event-held-in-vienna\/#article","isPartOf":{"@id":"https:\/\/sandzakpress.net\/arhiva\/save-our-country-event-held-in-vienna\/"},"author":{"name":"bosniak","@id":"https:\/\/sandzakpress.net\/arhiva\/#\/schema\/person\/c8baee722073534b583ea7bdb2e36c02"},"headline":"&#8220;Preserve our country&#8221; event held in Vienna","datePublished":"2014-09-08T09:40:10+00:00","dateModified":"2014-09-08T12:47:31+00:00","mainEntityOfPage":{"@id":"https:\/\/sandzakpress.net\/arhiva\/save-our-country-event-held-in-vienna\/"},"wordCount":424,"commentCount":2,"publisher":{"@id":"https:\/\/sandzakpress.net\/arhiva\/#\/schema\/person\/6e72b67d6e51910a1117b3b483ba20bd"},"image":{"@id":"https:\/\/sandzakpress.net\/arhiva\/save-our-country-event-held-in-vienna\/#primaryimage"},"thumbnailUrl":"https:\/\/sandzakpress.net\/arhiva\/wp-content\/uploads\/2014\/09\/10667730_336039866555635_2018397326_o_616w_80c_vhigh.jpg","keywords":["Dr. Mustafa Ceri\u0107","muftija Muamer Zukorli\u0107"],"articleSection":["Amerika","Velika Britanija","English"],"inLanguage":"bs-BA","potentialAction":[{"@type":"CommentAction","name":"Comment","target":["https:\/\/sandzakpress.net\/arhiva\/save-our-country-event-held-in-vienna\/#respond"]}]},{"@type":"WebPage","@id":"https:\/\/sandzakpress.net\/arhiva\/save-our-country-event-held-in-vienna\/","url":"https:\/\/sandzakpress.net\/arhiva\/save-our-country-event-held-in-vienna\/","name":"\"Preserve our country\" event held in Vienna","isPartOf":{"@id":"https:\/\/sandzakpress.net\/arhiva\/#website"},"primaryImageOfPage":{"@id":"https:\/\/sandzakpress.net\/arhiva\/save-our-country-event-held-in-vienna\/#primaryimage"},"image":{"@id":"https:\/\/sandzakpress.net\/arhiva\/save-our-country-event-held-in-vienna\/#primaryimage"},"thumbnailUrl":"https:\/\/sandzakpress.net\/arhiva\/wp-content\/uploads\/2014\/09\/10667730_336039866555635_2018397326_o_616w_80c_vhigh.jpg","datePublished":"2014-09-08T09:40:10+00:00","dateModified":"2014-09-08T12:47:31+00:00","breadcrumb":{"@id":"https:\/\/sandzakpress.net\/arhiva\/save-our-country-event-held-in-vienna\/#breadcrumb"},"inLanguage":"bs-BA","potentialAction":[{"@type":"ReadAction","target":["https:\/\/sandzakpress.net\/arhiva\/save-our-country-event-held-in-vienna\/"]}]},{"@type":"ImageObject","inLanguage":"bs-BA","@id":"https:\/\/sandzakpress.net\/arhiva\/save-our-country-event-held-in-vienna\/#primaryimage","url":"https:\/\/sandzakpress.net\/arhiva\/wp-content\/uploads\/2014\/09\/10667730_336039866555635_2018397326_o_616w_80c_vhigh.jpg","contentUrl":"https:\/\/sandzakpress.net\/arhiva\/wp-content\/uploads\/2014\/09\/10667730_336039866555635_2018397326_o_616w_80c_vhigh.jpg","width":616,"height":346},{"@type":"BreadcrumbList","@id":"https:\/\/sandzakpress.net\/arhiva\/save-our-country-event-held-in-vienna\/#breadcrumb","itemListElement":[{"@type":"ListItem","position":1,"name":"Home","item":"https:\/\/sandzakpress.net\/arhiva\/"},{"@type":"ListItem","position":2,"name":"&#8220;Preserve our country&#8221; event held in Vienna"}]},{"@type":"WebSite","@id":"https:\/\/sandzakpress.net\/arhiva\/#website","url":"https:\/\/sandzakpress.net\/arhiva\/","name":"Sand\u017eak PRESS","description":"Prve elektronske novine u Sand\u017eaku","publisher":{"@id":"https:\/\/sandzakpress.net\/arhiva\/#\/schema\/person\/6e72b67d6e51910a1117b3b483ba20bd"},"potentialAction":[{"@type":"SearchAction","target":{"@type":"EntryPoint","urlTemplate":"https:\/\/sandzakpress.net\/arhiva\/?s={search_term_string}"},"query-input":{"@type":"PropertyValueSpecification","valueRequired":true,"valueName":"search_term_string"}}],"inLanguage":"bs-BA"},{"@type":["Person","Organization"],"@id":"https:\/\/sandzakpress.net\/arhiva\/#\/schema\/person\/6e72b67d6e51910a1117b3b483ba20bd","name":"Kul","image":{"@type":"ImageObject","inLanguage":"bs-BA","@id":"https:\/\/sandzakpress.net\/arhiva\/#\/schema\/person\/image\/","url":"https:\/\/secure.gravatar.com\/avatar\/42263f39aa27ac04c43cab85c280eb2e?s=96&d=mm&r=pg","contentUrl":"https:\/\/secure.gravatar.com\/avatar\/42263f39aa27ac04c43cab85c280eb2e?s=96&d=mm&r=pg","caption":"Kul"},"logo":{"@id":"https:\/\/sandzakpress.net\/arhiva\/#\/schema\/person\/image\/"}},{"@type":"Person","@id":"https:\/\/sandzakpress.net\/arhiva\/#\/schema\/person\/c8baee722073534b583ea7bdb2e36c02","name":"bosniak","image":{"@type":"ImageObject","inLanguage":"bs-BA","@id":"https:\/\/sandzakpress.net\/arhiva\/#\/schema\/person\/image\/","url":"https:\/\/secure.gravatar.com\/avatar\/a04fd330bfe3a36a72a0ad4a6d89fca7?s=96&d=mm&r=pg","contentUrl":"https:\/\/secure.gravatar.com\/avatar\/a04fd330bfe3a36a72a0ad4a6d89fca7?s=96&d=mm&r=pg","caption":"bosniak"},"url":"https:\/\/sandzakpress.net\/arhiva\/author\/bosniak\/"}]}},"_links":{"self":[{"href":"https:\/\/sandzakpress.net\/arhiva\/wp-json\/wp\/v2\/posts\/111412"}],"collection":[{"href":"https:\/\/sandzakpress.net\/arhiva\/wp-json\/wp\/v2\/posts"}],"about":[{"href":"https:\/\/sandzakpress.net\/arhiva\/wp-json\/wp\/v2\/types\/post"}],"author":[{"embeddable":true,"href":"https:\/\/sandzakpress.net\/arhiva\/wp-json\/wp\/v2\/users\/83"}],"replies":[{"embeddable":true,"href":"https:\/\/sandzakpress.net\/arhiva\/wp-json\/wp\/v2\/comments?post=111412"}],"version-history":[{"count":0,"href":"https:\/\/sandzakpress.net\/arhiva\/wp-json\/wp\/v2\/posts\/111412\/revisions"}],"wp:featuredmedia":[{"embeddable":true,"href":"https:\/\/sandzakpress.net\/arhiva\/wp-json\/wp\/v2\/media\/111392"}],"wp:attachment":[{"href":"https:\/\/sandzakpress.net\/arhiva\/wp-json\/wp\/v2\/media?parent=111412"}],"wp:term":[{"taxonomy":"category","embeddable":true,"href":"https:\/\/sandzakpress.net\/arhiva\/wp-json\/wp\/v2\/categories?post=111412"},{"taxonomy":"post_tag","embeddable":true,"href":"https:\/\/sandzakpress.net\/arhiva\/wp-json\/wp\/v2\/tags?post=111412"}],"curies":[{"name":"wp","href":"https:\/\/api.w.org\/{rel}","templated":true}]}}