{"id":111387,"date":"2014-09-07T15:21:45","date_gmt":"2014-09-07T13:21:45","guid":{"rendered":"https:\/\/sandzakpress.net\/arhiva\/?p=111387"},"modified":"2014-09-07T15:21:45","modified_gmt":"2014-09-07T13:21:45","slug":"u-becu-odrzana-manifestacija-sacuvajmo-nasu-zemlju","status":"publish","type":"post","link":"https:\/\/sandzakpress.net\/arhiva\/u-becu-odrzana-manifestacija-sacuvajmo-nasu-zemlju\/","title":{"rendered":"U Be\u010du odr\u017eana manifestacija \u201eSa\u010duvajmo na\u0161u zemlju\u201c"},"content":{"rendered":"<p><img loading=\"lazy\" decoding=\"async\" class=\"aligncenter size-full wp-image-111392\" src=\"https:\/\/sandzakpress.net\/arhiva\/wp-content\/uploads\/2014\/09\/10667730_336039866555635_2018397326_o_616w_80c_vhigh.jpg\" alt=\"10667730_336039866555635_2018397326_o_616w_80c_vhigh\" width=\"616\" height=\"346\" \/><\/p>\n<p><strong>Austrija &#8211; U organizaciji Zajednice Sand\u017ea\u010dke Dijaspore i Bo\u0161nja\u010dke Nacionalne Fondacije, 06.09.2014. godine sa po\u010detkom u 19h odr\u017eana je manifestacija pod nazivom \u201eSa\u010duvajmo na\u0161u zemlju\u201c. <\/strong><\/p>\n<p>Svojim prisustvom manifestaciju su posebnom u\u010dinili reisul ulema emeritus dr. Mustafa Ceri\u0107, muftija sand\u017ea\u010dki Muamer ef. Zukorli\u0107, predsjednik BNF-a\u00a0 Hako Duljevi\u0107, predsjednik ZSD-a Mithat ef. Mujovi\u0107, kao i mnoge zna\u010dajne li\u010dnosti iz dijaspore i Sand\u017eaka. Svje\u010danost je otvorio Mesud ef. Zukorli\u0107 u\u010denjem odlomka iz \u010dasnog Kurana, a nakon njega izvo\u0111a\u010d ilahija i kasida Hamza \u0160krijelj otpjevao je Kasidu o Had\u017eetu.<\/p>\n<p>\u201eDok god pru\u017eate otpor hr\u0111i koja nas zahvata, vi ste \u017eivi. Onog momenta kada prestanete da pru\u017eate otpor, vas je hr\u0111a ubila\u201c, rekao je Hako Duljev\u0107 u prvom u nizu nadahnutih govora. Nakon toga skup je poselamio i dobrodo\u0161licu po\u017eelio doma\u0107in Mithat ef. Mujovi\u0107, predsjednik ZSD. Omladinski hor \u201ePreporod\u201c svojim divnim izvo\u0111enjem ilahija i kasida napravio je pravu uvertiru za ono \u0161to slijedi, a nakon njih gromoglasnim aplauzom ispra\u0107en je govor muftije sand\u017ea\u010dkog, Muamera ef. Zukorli\u0107a.<\/p>\n<p>\u201e Zemlja u kojoj \u017eivite na prvi pogled je dobra prema vama.Uspjeli ste osjetiti demokratiju, zara\u0111ujete deset puta vi\u0161e nego \u0161to biste zaradili u Bosni ili Sand\u017eaku, ali znajte da vi imate zemlju kao teritoriju, ali nemate domovinu, jer je ona vi\u0161e od same teritorije jedne zemlje. I \u0161to ste du\u017ee ovdje, umjesto da polako zaboravljate Bosnu i Sand\u017eak, vi se sve \u010de\u0161\u0107e sjetite va\u0161eg djetinjstva i onog mirisa majkine poga\u010de i one vode i vazduha koji si imao dolje i onog horizonta koji si gledao svakoga jutra kada ustane\u0161 i \u0161to si stariji, sve ti vi\u0161e fali\u201c, nadahnute su rije\u010di Muftije.<\/p>\n<p>Gormoglasnim aplauzom ispra\u0107eno je pozivanje resul uleme emeritusa dr. Mustafe Ceri\u0107a da poselami skup. Predivna atmosfera ogromnoj prostoriji kompanije Siemens, koja je bila popunjena do posljednjeg mjesta. Osmjeh i zadovoljstvo prisutnih vi\u0161e nego dovoljno govorilo je o utisima koje su ponijeli sa sobom nakon manifestacije. Jo\u0161 jedan dokaz da su Bosna i San\u017eak srce Bo\u0161nja\u0161tva, a dijaspora njegovo tijelo.<\/p>\n<p>SANA &#8211; Hamza \u0160krijelj<\/p>\n<p><img loading=\"lazy\" decoding=\"async\" class=\"aligncenter size-full wp-image-111388\" src=\"https:\/\/sandzakpress.net\/arhiva\/wp-content\/uploads\/2014\/09\/10572892_336039459889009_1154113049_o_616w_80c_vhigh.jpg\" alt=\"10572892_336039459889009_1154113049_o_616w_80c_vhigh\" width=\"616\" height=\"346\" \/> <img loading=\"lazy\" decoding=\"async\" class=\"aligncenter size-full wp-image-111389\" src=\"https:\/\/sandzakpress.net\/arhiva\/wp-content\/uploads\/2014\/09\/10583350_336039623222326_354160304_o_616w_80c_vhigh.jpg\" alt=\"10583350_336039623222326_354160304_o_616w_80c_vhigh\" width=\"616\" height=\"346\" \/> <img loading=\"lazy\" decoding=\"async\" class=\"aligncenter size-full wp-image-111390\" src=\"https:\/\/sandzakpress.net\/arhiva\/wp-content\/uploads\/2014\/09\/10621629_336039456555676_295290117_o_616w_80c_vhigh.jpg\" alt=\"10621629_336039456555676_295290117_o_616w_80c_vhigh\" width=\"616\" height=\"346\" \/> <img loading=\"lazy\" decoding=\"async\" class=\"aligncenter size-full wp-image-111391\" src=\"https:\/\/sandzakpress.net\/arhiva\/wp-content\/uploads\/2014\/09\/10663060_336040413222247_1472186610_o_616w_80c_vhigh.jpg\" alt=\"10663060_336040413222247_1472186610_o_616w_80c_vhigh\" width=\"616\" height=\"346\" \/><br \/>\n<img loading=\"lazy\" decoding=\"async\" class=\"aligncenter size-full wp-image-111395\" src=\"https:\/\/sandzakpress.net\/arhiva\/wp-content\/uploads\/2014\/09\/10685798_336039433222345_349717937_o_616w_80c_vhigh.jpg\" alt=\"10685798_336039433222345_349717937_o_616w_80c_vhigh\" width=\"616\" height=\"346\" \/><img loading=\"lazy\" decoding=\"async\" class=\"aligncenter size-full wp-image-111394\" src=\"https:\/\/sandzakpress.net\/arhiva\/wp-content\/uploads\/2014\/09\/10677411_336039949888960_1930173687_o_616w_80c_vhigh.jpg\" alt=\"10677411_336039949888960_1930173687_o_616w_80c_vhigh\" width=\"616\" height=\"346\" \/> <img loading=\"lazy\" decoding=\"async\" class=\"aligncenter size-full wp-image-111393\" src=\"https:\/\/sandzakpress.net\/arhiva\/wp-content\/uploads\/2014\/09\/10676641_336040333222255_879326932_o_616w_80c_vhigh.jpg\" alt=\"10676641_336040333222255_879326932_o_616w_80c_vhigh\" width=\"616\" height=\"346\" \/><\/p>\n","protected":false},"excerpt":{"rendered":"<p>Austrija &#8211; U organizaciji Zajednice Sand\u017ea\u010dke Dijaspore i Bo\u0161nja\u010dke Nacionalne Fondacije, 06.09.2014. godine sa po\u010detkom u 19h odr\u017eana je manifestacija pod nazivom \u201eSa\u010duvajmo na\u0161u zemlju\u201c. Svojim prisustvom manifestaciju su posebnom u\u010dinili reisul ulema emeritus dr. Mustafa Ceri\u0107, muftija sand\u017ea\u010dki Muamer ef. Zukorli\u0107, predsjednik BNF-a\u00a0 Hako Duljevi\u0107, predsjednik ZSD-a Mithat ef. Mujovi\u0107, kao i mnoge zna\u010dajne [&hellip;]<\/p>\n","protected":false},"author":83,"featured_media":111392,"comment_status":"open","ping_status":"open","sticky":false,"template":"","format":"standard","meta":{"footnotes":""},"categories":[72,800,2860,9539,8957],"tags":[10204,10233,10293],"class_list":{"0":"post-111387","1":"post","2":"type-post","3":"status-publish","4":"format-standard","5":"has-post-thumbnail","7":"category-novi-pazar","8":"category-nacija","9":"category-bosna-i-hercegovina-gradovi","10":"category-austrija-dijaspora-gradovi-vase-vijesti","11":"category-vijesti-dana","12":"tag-muftija-muamer-zukorlic","13":"tag-dr-mustafa-ceric","14":"tag-zajednica-sandzacke-dijaspore"},"yoast_head":"<!-- This site is optimized with the Yoast SEO Premium plugin v23.1 (Yoast SEO v24.9) - https:\/\/yoast.com\/wordpress\/plugins\/seo\/ -->\n<title>U Be\u010du odr\u017eana manifestacija \u201eSa\u010duvajmo na\u0161u zemlju\u201c<\/title>\n<meta name=\"robots\" content=\"index, follow, max-snippet:-1, max-image-preview:large, max-video-preview:-1\" \/>\n<link rel=\"canonical\" href=\"https:\/\/sandzakpress.net\/arhiva\/u-becu-odrzana-manifestacija-sacuvajmo-nasu-zemlju\/\" \/>\n<meta property=\"og:locale\" content=\"bs_BA\" \/>\n<meta property=\"og:type\" content=\"article\" \/>\n<meta property=\"og:title\" content=\"U Be\u010du odr\u017eana manifestacija \u201eSa\u010duvajmo na\u0161u zemlju\u201c\" \/>\n<meta property=\"og:description\" content=\"Austrija &#8211; U organizaciji Zajednice Sand\u017ea\u010dke Dijaspore i Bo\u0161nja\u010dke Nacionalne Fondacije, 06.09.2014. godine sa po\u010detkom u 19h odr\u017eana je manifestacija pod nazivom \u201eSa\u010duvajmo na\u0161u zemlju\u201c. Svojim prisustvom manifestaciju su posebnom u\u010dinili reisul ulema emeritus dr. Mustafa Ceri\u0107, muftija sand\u017ea\u010dki Muamer ef. Zukorli\u0107, predsjednik BNF-a\u00a0 Hako Duljevi\u0107, predsjednik ZSD-a Mithat ef. Mujovi\u0107, kao i mnoge zna\u010dajne [&hellip;]\" \/>\n<meta property=\"og:url\" content=\"https:\/\/sandzakpress.net\/arhiva\/u-becu-odrzana-manifestacija-sacuvajmo-nasu-zemlju\/\" \/>\n<meta property=\"og:site_name\" content=\"Sand\u017eak PRESS\" \/>\n<meta property=\"article:published_time\" content=\"2014-09-07T13:21:45+00:00\" \/>\n<meta property=\"og:image\" content=\"https:\/\/sandzakpress.net\/arhiva\/wp-content\/uploads\/2014\/09\/10667730_336039866555635_2018397326_o_616w_80c_vhigh.jpg\" \/>\n\t<meta property=\"og:image:width\" content=\"616\" \/>\n\t<meta property=\"og:image:height\" content=\"346\" \/>\n\t<meta property=\"og:image:type\" content=\"image\/jpeg\" \/>\n<meta name=\"author\" content=\"bosniak\" \/>\n<meta name=\"twitter:card\" content=\"summary_large_image\" \/>\n<meta name=\"twitter:label1\" content=\"Written by\" \/>\n\t<meta name=\"twitter:data1\" content=\"bosniak\" \/>\n\t<meta name=\"twitter:label2\" content=\"Est. reading time\" \/>\n\t<meta name=\"twitter:data2\" content=\"2 minute\" \/>\n<script type=\"application\/ld+json\" class=\"yoast-schema-graph\">{\"@context\":\"https:\/\/schema.org\",\"@graph\":[{\"@type\":\"Article\",\"@id\":\"https:\/\/sandzakpress.net\/arhiva\/u-becu-odrzana-manifestacija-sacuvajmo-nasu-zemlju\/#article\",\"isPartOf\":{\"@id\":\"https:\/\/sandzakpress.net\/arhiva\/u-becu-odrzana-manifestacija-sacuvajmo-nasu-zemlju\/\"},\"author\":{\"name\":\"bosniak\",\"@id\":\"https:\/\/sandzakpress.net\/arhiva\/#\/schema\/person\/c8baee722073534b583ea7bdb2e36c02\"},\"headline\":\"U Be\u010du odr\u017eana manifestacija \u201eSa\u010duvajmo na\u0161u zemlju\u201c\",\"datePublished\":\"2014-09-07T13:21:45+00:00\",\"mainEntityOfPage\":{\"@id\":\"https:\/\/sandzakpress.net\/arhiva\/u-becu-odrzana-manifestacija-sacuvajmo-nasu-zemlju\/\"},\"wordCount\":383,\"commentCount\":16,\"publisher\":{\"@id\":\"https:\/\/sandzakpress.net\/arhiva\/#\/schema\/person\/6e72b67d6e51910a1117b3b483ba20bd\"},\"image\":{\"@id\":\"https:\/\/sandzakpress.net\/arhiva\/u-becu-odrzana-manifestacija-sacuvajmo-nasu-zemlju\/#primaryimage\"},\"thumbnailUrl\":\"https:\/\/sandzakpress.net\/arhiva\/wp-content\/uploads\/2014\/09\/10667730_336039866555635_2018397326_o_616w_80c_vhigh.jpg\",\"keywords\":[\"muftija Muamer Zukorli\u0107\",\"Dr. Mustafa Ceri\u0107\",\"Zajednica sand\u017ea\u010dke dijaspore\"],\"articleSection\":[\"Novi Pazar\",\"Nacija\",\"Bosna i Hercegovina\",\"Austrija\",\"VIJESTI DANA\"],\"inLanguage\":\"bs-BA\",\"potentialAction\":[{\"@type\":\"CommentAction\",\"name\":\"Comment\",\"target\":[\"https:\/\/sandzakpress.net\/arhiva\/u-becu-odrzana-manifestacija-sacuvajmo-nasu-zemlju\/#respond\"]}]},{\"@type\":\"WebPage\",\"@id\":\"https:\/\/sandzakpress.net\/arhiva\/u-becu-odrzana-manifestacija-sacuvajmo-nasu-zemlju\/\",\"url\":\"https:\/\/sandzakpress.net\/arhiva\/u-becu-odrzana-manifestacija-sacuvajmo-nasu-zemlju\/\",\"name\":\"U Be\u010du odr\u017eana manifestacija \u201eSa\u010duvajmo na\u0161u zemlju\u201c\",\"isPartOf\":{\"@id\":\"https:\/\/sandzakpress.net\/arhiva\/#website\"},\"primaryImageOfPage\":{\"@id\":\"https:\/\/sandzakpress.net\/arhiva\/u-becu-odrzana-manifestacija-sacuvajmo-nasu-zemlju\/#primaryimage\"},\"image\":{\"@id\":\"https:\/\/sandzakpress.net\/arhiva\/u-becu-odrzana-manifestacija-sacuvajmo-nasu-zemlju\/#primaryimage\"},\"thumbnailUrl\":\"https:\/\/sandzakpress.net\/arhiva\/wp-content\/uploads\/2014\/09\/10667730_336039866555635_2018397326_o_616w_80c_vhigh.jpg\",\"datePublished\":\"2014-09-07T13:21:45+00:00\",\"breadcrumb\":{\"@id\":\"https:\/\/sandzakpress.net\/arhiva\/u-becu-odrzana-manifestacija-sacuvajmo-nasu-zemlju\/#breadcrumb\"},\"inLanguage\":\"bs-BA\",\"potentialAction\":[{\"@type\":\"ReadAction\",\"target\":[\"https:\/\/sandzakpress.net\/arhiva\/u-becu-odrzana-manifestacija-sacuvajmo-nasu-zemlju\/\"]}]},{\"@type\":\"ImageObject\",\"inLanguage\":\"bs-BA\",\"@id\":\"https:\/\/sandzakpress.net\/arhiva\/u-becu-odrzana-manifestacija-sacuvajmo-nasu-zemlju\/#primaryimage\",\"url\":\"https:\/\/sandzakpress.net\/arhiva\/wp-content\/uploads\/2014\/09\/10667730_336039866555635_2018397326_o_616w_80c_vhigh.jpg\",\"contentUrl\":\"https:\/\/sandzakpress.net\/arhiva\/wp-content\/uploads\/2014\/09\/10667730_336039866555635_2018397326_o_616w_80c_vhigh.jpg\",\"width\":616,\"height\":346},{\"@type\":\"BreadcrumbList\",\"@id\":\"https:\/\/sandzakpress.net\/arhiva\/u-becu-odrzana-manifestacija-sacuvajmo-nasu-zemlju\/#breadcrumb\",\"itemListElement\":[{\"@type\":\"ListItem\",\"position\":1,\"name\":\"Home\",\"item\":\"https:\/\/sandzakpress.net\/arhiva\/\"},{\"@type\":\"ListItem\",\"position\":2,\"name\":\"U Be\u010du odr\u017eana manifestacija \u201eSa\u010duvajmo na\u0161u zemlju\u201c\"}]},{\"@type\":\"WebSite\",\"@id\":\"https:\/\/sandzakpress.net\/arhiva\/#website\",\"url\":\"https:\/\/sandzakpress.net\/arhiva\/\",\"name\":\"Sand\u017eak PRESS\",\"description\":\"Prve elektronske novine u Sand\u017eaku\",\"publisher\":{\"@id\":\"https:\/\/sandzakpress.net\/arhiva\/#\/schema\/person\/6e72b67d6e51910a1117b3b483ba20bd\"},\"potentialAction\":[{\"@type\":\"SearchAction\",\"target\":{\"@type\":\"EntryPoint\",\"urlTemplate\":\"https:\/\/sandzakpress.net\/arhiva\/?s={search_term_string}\"},\"query-input\":{\"@type\":\"PropertyValueSpecification\",\"valueRequired\":true,\"valueName\":\"search_term_string\"}}],\"inLanguage\":\"bs-BA\"},{\"@type\":[\"Person\",\"Organization\"],\"@id\":\"https:\/\/sandzakpress.net\/arhiva\/#\/schema\/person\/6e72b67d6e51910a1117b3b483ba20bd\",\"name\":\"Kul\",\"image\":{\"@type\":\"ImageObject\",\"inLanguage\":\"bs-BA\",\"@id\":\"https:\/\/sandzakpress.net\/arhiva\/#\/schema\/person\/image\/\",\"url\":\"https:\/\/secure.gravatar.com\/avatar\/42263f39aa27ac04c43cab85c280eb2e?s=96&d=mm&r=pg\",\"contentUrl\":\"https:\/\/secure.gravatar.com\/avatar\/42263f39aa27ac04c43cab85c280eb2e?s=96&d=mm&r=pg\",\"caption\":\"Kul\"},\"logo\":{\"@id\":\"https:\/\/sandzakpress.net\/arhiva\/#\/schema\/person\/image\/\"}},{\"@type\":\"Person\",\"@id\":\"https:\/\/sandzakpress.net\/arhiva\/#\/schema\/person\/c8baee722073534b583ea7bdb2e36c02\",\"name\":\"bosniak\",\"image\":{\"@type\":\"ImageObject\",\"inLanguage\":\"bs-BA\",\"@id\":\"https:\/\/sandzakpress.net\/arhiva\/#\/schema\/person\/image\/\",\"url\":\"https:\/\/secure.gravatar.com\/avatar\/a04fd330bfe3a36a72a0ad4a6d89fca7?s=96&d=mm&r=pg\",\"contentUrl\":\"https:\/\/secure.gravatar.com\/avatar\/a04fd330bfe3a36a72a0ad4a6d89fca7?s=96&d=mm&r=pg\",\"caption\":\"bosniak\"},\"url\":\"https:\/\/sandzakpress.net\/arhiva\/author\/bosniak\/\"}]}<\/script>\n<!-- \/ Yoast SEO Premium plugin. -->","yoast_head_json":{"title":"U Be\u010du odr\u017eana manifestacija \u201eSa\u010duvajmo na\u0161u zemlju\u201c","robots":{"index":"index","follow":"follow","max-snippet":"max-snippet:-1","max-image-preview":"max-image-preview:large","max-video-preview":"max-video-preview:-1"},"canonical":"https:\/\/sandzakpress.net\/arhiva\/u-becu-odrzana-manifestacija-sacuvajmo-nasu-zemlju\/","og_locale":"bs_BA","og_type":"article","og_title":"U Be\u010du odr\u017eana manifestacija \u201eSa\u010duvajmo na\u0161u zemlju\u201c","og_description":"Austrija &#8211; U organizaciji Zajednice Sand\u017ea\u010dke Dijaspore i Bo\u0161nja\u010dke Nacionalne Fondacije, 06.09.2014. godine sa po\u010detkom u 19h odr\u017eana je manifestacija pod nazivom \u201eSa\u010duvajmo na\u0161u zemlju\u201c. Svojim prisustvom manifestaciju su posebnom u\u010dinili reisul ulema emeritus dr. Mustafa Ceri\u0107, muftija sand\u017ea\u010dki Muamer ef. Zukorli\u0107, predsjednik BNF-a\u00a0 Hako Duljevi\u0107, predsjednik ZSD-a Mithat ef. Mujovi\u0107, kao i mnoge zna\u010dajne [&hellip;]","og_url":"https:\/\/sandzakpress.net\/arhiva\/u-becu-odrzana-manifestacija-sacuvajmo-nasu-zemlju\/","og_site_name":"Sand\u017eak PRESS","article_published_time":"2014-09-07T13:21:45+00:00","og_image":[{"width":616,"height":346,"url":"https:\/\/sandzakpress.net\/arhiva\/wp-content\/uploads\/2014\/09\/10667730_336039866555635_2018397326_o_616w_80c_vhigh.jpg","type":"image\/jpeg"}],"author":"bosniak","twitter_card":"summary_large_image","twitter_misc":{"Written by":"bosniak","Est. reading time":"2 minute"},"schema":{"@context":"https:\/\/schema.org","@graph":[{"@type":"Article","@id":"https:\/\/sandzakpress.net\/arhiva\/u-becu-odrzana-manifestacija-sacuvajmo-nasu-zemlju\/#article","isPartOf":{"@id":"https:\/\/sandzakpress.net\/arhiva\/u-becu-odrzana-manifestacija-sacuvajmo-nasu-zemlju\/"},"author":{"name":"bosniak","@id":"https:\/\/sandzakpress.net\/arhiva\/#\/schema\/person\/c8baee722073534b583ea7bdb2e36c02"},"headline":"U Be\u010du odr\u017eana manifestacija \u201eSa\u010duvajmo na\u0161u zemlju\u201c","datePublished":"2014-09-07T13:21:45+00:00","mainEntityOfPage":{"@id":"https:\/\/sandzakpress.net\/arhiva\/u-becu-odrzana-manifestacija-sacuvajmo-nasu-zemlju\/"},"wordCount":383,"commentCount":16,"publisher":{"@id":"https:\/\/sandzakpress.net\/arhiva\/#\/schema\/person\/6e72b67d6e51910a1117b3b483ba20bd"},"image":{"@id":"https:\/\/sandzakpress.net\/arhiva\/u-becu-odrzana-manifestacija-sacuvajmo-nasu-zemlju\/#primaryimage"},"thumbnailUrl":"https:\/\/sandzakpress.net\/arhiva\/wp-content\/uploads\/2014\/09\/10667730_336039866555635_2018397326_o_616w_80c_vhigh.jpg","keywords":["muftija Muamer Zukorli\u0107","Dr. Mustafa Ceri\u0107","Zajednica sand\u017ea\u010dke dijaspore"],"articleSection":["Novi Pazar","Nacija","Bosna i Hercegovina","Austrija","VIJESTI DANA"],"inLanguage":"bs-BA","potentialAction":[{"@type":"CommentAction","name":"Comment","target":["https:\/\/sandzakpress.net\/arhiva\/u-becu-odrzana-manifestacija-sacuvajmo-nasu-zemlju\/#respond"]}]},{"@type":"WebPage","@id":"https:\/\/sandzakpress.net\/arhiva\/u-becu-odrzana-manifestacija-sacuvajmo-nasu-zemlju\/","url":"https:\/\/sandzakpress.net\/arhiva\/u-becu-odrzana-manifestacija-sacuvajmo-nasu-zemlju\/","name":"U Be\u010du odr\u017eana manifestacija \u201eSa\u010duvajmo na\u0161u zemlju\u201c","isPartOf":{"@id":"https:\/\/sandzakpress.net\/arhiva\/#website"},"primaryImageOfPage":{"@id":"https:\/\/sandzakpress.net\/arhiva\/u-becu-odrzana-manifestacija-sacuvajmo-nasu-zemlju\/#primaryimage"},"image":{"@id":"https:\/\/sandzakpress.net\/arhiva\/u-becu-odrzana-manifestacija-sacuvajmo-nasu-zemlju\/#primaryimage"},"thumbnailUrl":"https:\/\/sandzakpress.net\/arhiva\/wp-content\/uploads\/2014\/09\/10667730_336039866555635_2018397326_o_616w_80c_vhigh.jpg","datePublished":"2014-09-07T13:21:45+00:00","breadcrumb":{"@id":"https:\/\/sandzakpress.net\/arhiva\/u-becu-odrzana-manifestacija-sacuvajmo-nasu-zemlju\/#breadcrumb"},"inLanguage":"bs-BA","potentialAction":[{"@type":"ReadAction","target":["https:\/\/sandzakpress.net\/arhiva\/u-becu-odrzana-manifestacija-sacuvajmo-nasu-zemlju\/"]}]},{"@type":"ImageObject","inLanguage":"bs-BA","@id":"https:\/\/sandzakpress.net\/arhiva\/u-becu-odrzana-manifestacija-sacuvajmo-nasu-zemlju\/#primaryimage","url":"https:\/\/sandzakpress.net\/arhiva\/wp-content\/uploads\/2014\/09\/10667730_336039866555635_2018397326_o_616w_80c_vhigh.jpg","contentUrl":"https:\/\/sandzakpress.net\/arhiva\/wp-content\/uploads\/2014\/09\/10667730_336039866555635_2018397326_o_616w_80c_vhigh.jpg","width":616,"height":346},{"@type":"BreadcrumbList","@id":"https:\/\/sandzakpress.net\/arhiva\/u-becu-odrzana-manifestacija-sacuvajmo-nasu-zemlju\/#breadcrumb","itemListElement":[{"@type":"ListItem","position":1,"name":"Home","item":"https:\/\/sandzakpress.net\/arhiva\/"},{"@type":"ListItem","position":2,"name":"U Be\u010du odr\u017eana manifestacija \u201eSa\u010duvajmo na\u0161u zemlju\u201c"}]},{"@type":"WebSite","@id":"https:\/\/sandzakpress.net\/arhiva\/#website","url":"https:\/\/sandzakpress.net\/arhiva\/","name":"Sand\u017eak PRESS","description":"Prve elektronske novine u Sand\u017eaku","publisher":{"@id":"https:\/\/sandzakpress.net\/arhiva\/#\/schema\/person\/6e72b67d6e51910a1117b3b483ba20bd"},"potentialAction":[{"@type":"SearchAction","target":{"@type":"EntryPoint","urlTemplate":"https:\/\/sandzakpress.net\/arhiva\/?s={search_term_string}"},"query-input":{"@type":"PropertyValueSpecification","valueRequired":true,"valueName":"search_term_string"}}],"inLanguage":"bs-BA"},{"@type":["Person","Organization"],"@id":"https:\/\/sandzakpress.net\/arhiva\/#\/schema\/person\/6e72b67d6e51910a1117b3b483ba20bd","name":"Kul","image":{"@type":"ImageObject","inLanguage":"bs-BA","@id":"https:\/\/sandzakpress.net\/arhiva\/#\/schema\/person\/image\/","url":"https:\/\/secure.gravatar.com\/avatar\/42263f39aa27ac04c43cab85c280eb2e?s=96&d=mm&r=pg","contentUrl":"https:\/\/secure.gravatar.com\/avatar\/42263f39aa27ac04c43cab85c280eb2e?s=96&d=mm&r=pg","caption":"Kul"},"logo":{"@id":"https:\/\/sandzakpress.net\/arhiva\/#\/schema\/person\/image\/"}},{"@type":"Person","@id":"https:\/\/sandzakpress.net\/arhiva\/#\/schema\/person\/c8baee722073534b583ea7bdb2e36c02","name":"bosniak","image":{"@type":"ImageObject","inLanguage":"bs-BA","@id":"https:\/\/sandzakpress.net\/arhiva\/#\/schema\/person\/image\/","url":"https:\/\/secure.gravatar.com\/avatar\/a04fd330bfe3a36a72a0ad4a6d89fca7?s=96&d=mm&r=pg","contentUrl":"https:\/\/secure.gravatar.com\/avatar\/a04fd330bfe3a36a72a0ad4a6d89fca7?s=96&d=mm&r=pg","caption":"bosniak"},"url":"https:\/\/sandzakpress.net\/arhiva\/author\/bosniak\/"}]}},"_links":{"self":[{"href":"https:\/\/sandzakpress.net\/arhiva\/wp-json\/wp\/v2\/posts\/111387"}],"collection":[{"href":"https:\/\/sandzakpress.net\/arhiva\/wp-json\/wp\/v2\/posts"}],"about":[{"href":"https:\/\/sandzakpress.net\/arhiva\/wp-json\/wp\/v2\/types\/post"}],"author":[{"embeddable":true,"href":"https:\/\/sandzakpress.net\/arhiva\/wp-json\/wp\/v2\/users\/83"}],"replies":[{"embeddable":true,"href":"https:\/\/sandzakpress.net\/arhiva\/wp-json\/wp\/v2\/comments?post=111387"}],"version-history":[{"count":0,"href":"https:\/\/sandzakpress.net\/arhiva\/wp-json\/wp\/v2\/posts\/111387\/revisions"}],"wp:featuredmedia":[{"embeddable":true,"href":"https:\/\/sandzakpress.net\/arhiva\/wp-json\/wp\/v2\/media\/111392"}],"wp:attachment":[{"href":"https:\/\/sandzakpress.net\/arhiva\/wp-json\/wp\/v2\/media?parent=111387"}],"wp:term":[{"taxonomy":"category","embeddable":true,"href":"https:\/\/sandzakpress.net\/arhiva\/wp-json\/wp\/v2\/categories?post=111387"},{"taxonomy":"post_tag","embeddable":true,"href":"https:\/\/sandzakpress.net\/arhiva\/wp-json\/wp\/v2\/tags?post=111387"}],"curies":[{"name":"wp","href":"https:\/\/api.w.org\/{rel}","templated":true}]}}