{"id":111296,"date":"2014-09-05T10:44:15","date_gmt":"2014-09-05T08:44:15","guid":{"rendered":"https:\/\/sandzakpress.net\/arhiva\/?p=111296"},"modified":"2014-09-05T10:44:15","modified_gmt":"2014-09-05T08:44:15","slug":"panika-u-gradskoj-upravi-mahmutovic-osuduje-vojne-uniforme-sa-fesovima","status":"publish","type":"post","link":"https:\/\/sandzakpress.net\/arhiva\/panika-u-gradskoj-upravi-mahmutovic-osuduje-vojne-uniforme-sa-fesovima\/","title":{"rendered":"Panika u Gradskoj upravi &#8211; Mahmutovi\u0107 osu\u0111uje &#8216;vojne uniforme sa fesovima&#8217;!"},"content":{"rendered":"<p style=\"color: #000000;\"><img loading=\"lazy\" decoding=\"async\" class=\"aligncenter size-full wp-image-111297\" src=\"https:\/\/sandzakpress.net\/arhiva\/wp-content\/uploads\/2014\/09\/press_17.06.2013.jpg\" alt=\"press_17.06.2013\" width=\"908\" height=\"509\" srcset=\"https:\/\/sandzakpress.net\/arhiva\/wp-content\/uploads\/2014\/09\/press_17.06.2013.jpg 908w, https:\/\/sandzakpress.net\/arhiva\/wp-content\/uploads\/2014\/09\/press_17.06.2013-616x345.jpg 616w\" sizes=\"(max-width: 908px) 100vw, 908px\" \/><\/p>\n<p style=\"color: #000000;\"><strong>Novi Pazar &#8211; Gradona\u010delnik Novog Pazara Meho Mahmutovi\u0107 osudio je ve\u010deras pojavljivanje uniformisanih ljudi na manifestaciji &#8220;Pohod na Had\u017eet&#8221;, koju je organizovala Islamska zajednica (IZ) u Srbiji.<\/strong><\/p>\n<p style=\"color: #000000;\">Iako \u0161kolska godina u Medresi jo\u0161 nije po\u010dela i da ona po\u010dinje tek naredne nedjelje, Mahmutovi\u0107 je rekao Tanjugu da je to &#8220;klasi\u010dna zloupotreba djece, ve\u0107ina su u\u010denici Medrese koja je pod kontrolom IZ u Srbiji&#8221;.<\/p>\n<p style=\"color: #000000;\">&#8220;Muamer Zukorli\u0107 im je obukao uniforme i izveo ih na ulicu da napravi predstavu i po\u0161alje poruku dr\u017eavi sa kojom uspje\u0161no koketira&#8221;, naveo je novopazarski gradona\u010delnik i dodao da ovaj vjerski lider &#8220;prvo inscenira problem, a onda sitnom trgovinom poku\u0161ava da u\u0161i\u0107ari za sebe &#8211; to zna\u010di ispunite meni i mojim saradnicima li\u010dne zahtjeve i ja \u0107u im skinuti uniforme&#8221;.<\/p>\n<p style=\"color: #000000;\">Mahmutovi\u0107 je ocijenio da mladi ljudi u uniformama i sa vojni\u010dkim obilje\u017ejima &#8220;nisu po\u017eeljna slika da se vidi iz Novog Pazara i Sand\u017eaka&#8221;.<\/p>\n<p style=\"color: #000000;\">&#8220;Zukorli\u0107 \u017eeli da se vidi takva slika. On je manipulator, koji se krije iza naroda, nacije i vere&#8221;, naveo je gradona\u010delnik Novog Pazara i upitao da li se &#8220;mladim ljudima nudi bolja budu\u0107nost ili uniforme i neka opasnija budu\u0107nost&#8221;.<\/p>\n<p style=\"color: #000000;\">Na skupu su u\u010destvovali i predstavnici SDA Sand\u017eaka.<\/p>\n<p style=\"color: #000000;\">Gradona\u010delnik Mahmutovi\u0107 je istakao da \u0107e biti interesantno da se zajedno vide Zukorli\u0107 i Sulejman Ugljanin &#8220;koji su do nedavno optu\u017eivali jedan drugog za svoje probleme&#8221;.<\/p>\n<p style=\"color: #000000;\">&#8220;Njihove politike su iste, ali su im retorike razli\u010dite. Zukorli\u0107 ho\u0107e da bude i vjerski vo\u0111a i politi\u010dar, a Ugljanin bi da bude i politi\u010dar i vjerski vo\u0111a&#8221;, ocijenio je gradona\u010delnik Novog Pazara.<\/p>\n<p style=\"color: #000000;\">(Tanjug)<\/p>\n<p style=\"color: #000000;\"><img decoding=\"async\" src=\"http:\/\/bosnapress.co\/wp-content\/uploads\/2014\/09\/DSC_0814.jpg\" alt=\"DSC_0814\" \/><\/p>\n","protected":false},"excerpt":{"rendered":"<p>Novi Pazar &#8211; Gradona\u010delnik Novog Pazara Meho Mahmutovi\u0107 osudio je ve\u010deras pojavljivanje uniformisanih ljudi na manifestaciji &#8220;Pohod na Had\u017eet&#8221;, koju je organizovala Islamska zajednica (IZ) u Srbiji. Iako \u0161kolska godina u Medresi jo\u0161 nije po\u010dela i da ona po\u010dinje tek naredne nedjelje, Mahmutovi\u0107 je rekao Tanjugu da je to &#8220;klasi\u010dna zloupotreba djece, ve\u0107ina su u\u010denici [&hellip;]<\/p>\n","protected":false},"author":83,"featured_media":111297,"comment_status":"open","ping_status":"open","sticky":false,"template":"","format":"standard","meta":{"footnotes":""},"categories":[72,1,8957],"tags":[10248,10424],"class_list":{"0":"post-111296","1":"post","2":"type-post","3":"status-publish","4":"format-standard","5":"has-post-thumbnail","7":"category-novi-pazar","8":"category-politika","9":"category-vijesti-dana","10":"tag-gradska-uprava-novi-pazar","11":"tag-meho-mahmutovic"},"yoast_head":"<!-- This site is optimized with the Yoast SEO Premium plugin v23.1 (Yoast SEO v24.9) - https:\/\/yoast.com\/wordpress\/plugins\/seo\/ -->\n<title>Panika u Gradskoj upravi - Mahmutovi\u0107 osu\u0111uje &#039;vojne uniforme sa fesovima&#039;!<\/title>\n<meta name=\"robots\" content=\"index, follow, max-snippet:-1, max-image-preview:large, max-video-preview:-1\" \/>\n<link rel=\"canonical\" href=\"https:\/\/sandzakpress.net\/arhiva\/panika-u-gradskoj-upravi-mahmutovic-osuduje-vojne-uniforme-sa-fesovima\/\" \/>\n<meta property=\"og:locale\" content=\"bs_BA\" \/>\n<meta property=\"og:type\" content=\"article\" \/>\n<meta property=\"og:title\" content=\"Panika u Gradskoj upravi - Mahmutovi\u0107 osu\u0111uje &#039;vojne uniforme sa fesovima&#039;!\" \/>\n<meta property=\"og:description\" content=\"Novi Pazar &#8211; Gradona\u010delnik Novog Pazara Meho Mahmutovi\u0107 osudio je ve\u010deras pojavljivanje uniformisanih ljudi na manifestaciji &#8220;Pohod na Had\u017eet&#8221;, koju je organizovala Islamska zajednica (IZ) u Srbiji. Iako \u0161kolska godina u Medresi jo\u0161 nije po\u010dela i da ona po\u010dinje tek naredne nedjelje, Mahmutovi\u0107 je rekao Tanjugu da je to &#8220;klasi\u010dna zloupotreba djece, ve\u0107ina su u\u010denici [&hellip;]\" \/>\n<meta property=\"og:url\" content=\"https:\/\/sandzakpress.net\/arhiva\/panika-u-gradskoj-upravi-mahmutovic-osuduje-vojne-uniforme-sa-fesovima\/\" \/>\n<meta property=\"og:site_name\" content=\"Sand\u017eak PRESS\" \/>\n<meta property=\"article:published_time\" content=\"2014-09-05T08:44:15+00:00\" \/>\n<meta property=\"og:image\" content=\"https:\/\/sandzakpress.net\/arhiva\/wp-content\/uploads\/2014\/09\/press_17.06.2013.jpg\" \/>\n\t<meta property=\"og:image:width\" content=\"908\" \/>\n\t<meta property=\"og:image:height\" content=\"509\" \/>\n\t<meta property=\"og:image:type\" content=\"image\/jpeg\" \/>\n<meta name=\"author\" content=\"bosniak\" \/>\n<meta name=\"twitter:card\" content=\"summary_large_image\" \/>\n<meta name=\"twitter:label1\" content=\"Written by\" \/>\n\t<meta name=\"twitter:data1\" content=\"bosniak\" \/>\n\t<meta name=\"twitter:label2\" content=\"Est. reading time\" \/>\n\t<meta name=\"twitter:data2\" content=\"1 minuta\" \/>\n<script type=\"application\/ld+json\" class=\"yoast-schema-graph\">{\"@context\":\"https:\/\/schema.org\",\"@graph\":[{\"@type\":\"Article\",\"@id\":\"https:\/\/sandzakpress.net\/arhiva\/panika-u-gradskoj-upravi-mahmutovic-osuduje-vojne-uniforme-sa-fesovima\/#article\",\"isPartOf\":{\"@id\":\"https:\/\/sandzakpress.net\/arhiva\/panika-u-gradskoj-upravi-mahmutovic-osuduje-vojne-uniforme-sa-fesovima\/\"},\"author\":{\"name\":\"bosniak\",\"@id\":\"https:\/\/sandzakpress.net\/arhiva\/#\/schema\/person\/c8baee722073534b583ea7bdb2e36c02\"},\"headline\":\"Panika u Gradskoj upravi &#8211; Mahmutovi\u0107 osu\u0111uje &#8216;vojne uniforme sa fesovima&#8217;!\",\"datePublished\":\"2014-09-05T08:44:15+00:00\",\"mainEntityOfPage\":{\"@id\":\"https:\/\/sandzakpress.net\/arhiva\/panika-u-gradskoj-upravi-mahmutovic-osuduje-vojne-uniforme-sa-fesovima\/\"},\"wordCount\":300,\"commentCount\":80,\"publisher\":{\"@id\":\"https:\/\/sandzakpress.net\/arhiva\/#\/schema\/person\/6e72b67d6e51910a1117b3b483ba20bd\"},\"image\":{\"@id\":\"https:\/\/sandzakpress.net\/arhiva\/panika-u-gradskoj-upravi-mahmutovic-osuduje-vojne-uniforme-sa-fesovima\/#primaryimage\"},\"thumbnailUrl\":\"https:\/\/sandzakpress.net\/arhiva\/wp-content\/uploads\/2014\/09\/press_17.06.2013.jpg\",\"keywords\":[\"Vlast u Novom Pazaru\",\"Meho Mahmutovi\u0107\"],\"articleSection\":[\"Novi Pazar\",\"Politika\",\"VIJESTI DANA\"],\"inLanguage\":\"bs-BA\",\"potentialAction\":[{\"@type\":\"CommentAction\",\"name\":\"Comment\",\"target\":[\"https:\/\/sandzakpress.net\/arhiva\/panika-u-gradskoj-upravi-mahmutovic-osuduje-vojne-uniforme-sa-fesovima\/#respond\"]}]},{\"@type\":\"WebPage\",\"@id\":\"https:\/\/sandzakpress.net\/arhiva\/panika-u-gradskoj-upravi-mahmutovic-osuduje-vojne-uniforme-sa-fesovima\/\",\"url\":\"https:\/\/sandzakpress.net\/arhiva\/panika-u-gradskoj-upravi-mahmutovic-osuduje-vojne-uniforme-sa-fesovima\/\",\"name\":\"Panika u Gradskoj upravi - Mahmutovi\u0107 osu\u0111uje 'vojne uniforme sa fesovima'!\",\"isPartOf\":{\"@id\":\"https:\/\/sandzakpress.net\/arhiva\/#website\"},\"primaryImageOfPage\":{\"@id\":\"https:\/\/sandzakpress.net\/arhiva\/panika-u-gradskoj-upravi-mahmutovic-osuduje-vojne-uniforme-sa-fesovima\/#primaryimage\"},\"image\":{\"@id\":\"https:\/\/sandzakpress.net\/arhiva\/panika-u-gradskoj-upravi-mahmutovic-osuduje-vojne-uniforme-sa-fesovima\/#primaryimage\"},\"thumbnailUrl\":\"https:\/\/sandzakpress.net\/arhiva\/wp-content\/uploads\/2014\/09\/press_17.06.2013.jpg\",\"datePublished\":\"2014-09-05T08:44:15+00:00\",\"breadcrumb\":{\"@id\":\"https:\/\/sandzakpress.net\/arhiva\/panika-u-gradskoj-upravi-mahmutovic-osuduje-vojne-uniforme-sa-fesovima\/#breadcrumb\"},\"inLanguage\":\"bs-BA\",\"potentialAction\":[{\"@type\":\"ReadAction\",\"target\":[\"https:\/\/sandzakpress.net\/arhiva\/panika-u-gradskoj-upravi-mahmutovic-osuduje-vojne-uniforme-sa-fesovima\/\"]}]},{\"@type\":\"ImageObject\",\"inLanguage\":\"bs-BA\",\"@id\":\"https:\/\/sandzakpress.net\/arhiva\/panika-u-gradskoj-upravi-mahmutovic-osuduje-vojne-uniforme-sa-fesovima\/#primaryimage\",\"url\":\"https:\/\/sandzakpress.net\/arhiva\/wp-content\/uploads\/2014\/09\/press_17.06.2013.jpg\",\"contentUrl\":\"https:\/\/sandzakpress.net\/arhiva\/wp-content\/uploads\/2014\/09\/press_17.06.2013.jpg\",\"width\":908,\"height\":509},{\"@type\":\"BreadcrumbList\",\"@id\":\"https:\/\/sandzakpress.net\/arhiva\/panika-u-gradskoj-upravi-mahmutovic-osuduje-vojne-uniforme-sa-fesovima\/#breadcrumb\",\"itemListElement\":[{\"@type\":\"ListItem\",\"position\":1,\"name\":\"Home\",\"item\":\"https:\/\/sandzakpress.net\/arhiva\/\"},{\"@type\":\"ListItem\",\"position\":2,\"name\":\"Panika u Gradskoj upravi &#8211; Mahmutovi\u0107 osu\u0111uje &#8216;vojne uniforme sa fesovima&#8217;!\"}]},{\"@type\":\"WebSite\",\"@id\":\"https:\/\/sandzakpress.net\/arhiva\/#website\",\"url\":\"https:\/\/sandzakpress.net\/arhiva\/\",\"name\":\"Sand\u017eak PRESS\",\"description\":\"Prve elektronske novine u Sand\u017eaku\",\"publisher\":{\"@id\":\"https:\/\/sandzakpress.net\/arhiva\/#\/schema\/person\/6e72b67d6e51910a1117b3b483ba20bd\"},\"potentialAction\":[{\"@type\":\"SearchAction\",\"target\":{\"@type\":\"EntryPoint\",\"urlTemplate\":\"https:\/\/sandzakpress.net\/arhiva\/?s={search_term_string}\"},\"query-input\":{\"@type\":\"PropertyValueSpecification\",\"valueRequired\":true,\"valueName\":\"search_term_string\"}}],\"inLanguage\":\"bs-BA\"},{\"@type\":[\"Person\",\"Organization\"],\"@id\":\"https:\/\/sandzakpress.net\/arhiva\/#\/schema\/person\/6e72b67d6e51910a1117b3b483ba20bd\",\"name\":\"Kul\",\"image\":{\"@type\":\"ImageObject\",\"inLanguage\":\"bs-BA\",\"@id\":\"https:\/\/sandzakpress.net\/arhiva\/#\/schema\/person\/image\/\",\"url\":\"https:\/\/secure.gravatar.com\/avatar\/42263f39aa27ac04c43cab85c280eb2e?s=96&d=mm&r=pg\",\"contentUrl\":\"https:\/\/secure.gravatar.com\/avatar\/42263f39aa27ac04c43cab85c280eb2e?s=96&d=mm&r=pg\",\"caption\":\"Kul\"},\"logo\":{\"@id\":\"https:\/\/sandzakpress.net\/arhiva\/#\/schema\/person\/image\/\"}},{\"@type\":\"Person\",\"@id\":\"https:\/\/sandzakpress.net\/arhiva\/#\/schema\/person\/c8baee722073534b583ea7bdb2e36c02\",\"name\":\"bosniak\",\"image\":{\"@type\":\"ImageObject\",\"inLanguage\":\"bs-BA\",\"@id\":\"https:\/\/sandzakpress.net\/arhiva\/#\/schema\/person\/image\/\",\"url\":\"https:\/\/secure.gravatar.com\/avatar\/a04fd330bfe3a36a72a0ad4a6d89fca7?s=96&d=mm&r=pg\",\"contentUrl\":\"https:\/\/secure.gravatar.com\/avatar\/a04fd330bfe3a36a72a0ad4a6d89fca7?s=96&d=mm&r=pg\",\"caption\":\"bosniak\"},\"url\":\"https:\/\/sandzakpress.net\/arhiva\/author\/bosniak\/\"}]}<\/script>\n<!-- \/ Yoast SEO Premium plugin. -->","yoast_head_json":{"title":"Panika u Gradskoj upravi - Mahmutovi\u0107 osu\u0111uje 'vojne uniforme sa fesovima'!","robots":{"index":"index","follow":"follow","max-snippet":"max-snippet:-1","max-image-preview":"max-image-preview:large","max-video-preview":"max-video-preview:-1"},"canonical":"https:\/\/sandzakpress.net\/arhiva\/panika-u-gradskoj-upravi-mahmutovic-osuduje-vojne-uniforme-sa-fesovima\/","og_locale":"bs_BA","og_type":"article","og_title":"Panika u Gradskoj upravi - Mahmutovi\u0107 osu\u0111uje 'vojne uniforme sa fesovima'!","og_description":"Novi Pazar &#8211; Gradona\u010delnik Novog Pazara Meho Mahmutovi\u0107 osudio je ve\u010deras pojavljivanje uniformisanih ljudi na manifestaciji &#8220;Pohod na Had\u017eet&#8221;, koju je organizovala Islamska zajednica (IZ) u Srbiji. Iako \u0161kolska godina u Medresi jo\u0161 nije po\u010dela i da ona po\u010dinje tek naredne nedjelje, Mahmutovi\u0107 je rekao Tanjugu da je to &#8220;klasi\u010dna zloupotreba djece, ve\u0107ina su u\u010denici [&hellip;]","og_url":"https:\/\/sandzakpress.net\/arhiva\/panika-u-gradskoj-upravi-mahmutovic-osuduje-vojne-uniforme-sa-fesovima\/","og_site_name":"Sand\u017eak PRESS","article_published_time":"2014-09-05T08:44:15+00:00","og_image":[{"width":908,"height":509,"url":"https:\/\/sandzakpress.net\/arhiva\/wp-content\/uploads\/2014\/09\/press_17.06.2013.jpg","type":"image\/jpeg"}],"author":"bosniak","twitter_card":"summary_large_image","twitter_misc":{"Written by":"bosniak","Est. reading time":"1 minuta"},"schema":{"@context":"https:\/\/schema.org","@graph":[{"@type":"Article","@id":"https:\/\/sandzakpress.net\/arhiva\/panika-u-gradskoj-upravi-mahmutovic-osuduje-vojne-uniforme-sa-fesovima\/#article","isPartOf":{"@id":"https:\/\/sandzakpress.net\/arhiva\/panika-u-gradskoj-upravi-mahmutovic-osuduje-vojne-uniforme-sa-fesovima\/"},"author":{"name":"bosniak","@id":"https:\/\/sandzakpress.net\/arhiva\/#\/schema\/person\/c8baee722073534b583ea7bdb2e36c02"},"headline":"Panika u Gradskoj upravi &#8211; Mahmutovi\u0107 osu\u0111uje &#8216;vojne uniforme sa fesovima&#8217;!","datePublished":"2014-09-05T08:44:15+00:00","mainEntityOfPage":{"@id":"https:\/\/sandzakpress.net\/arhiva\/panika-u-gradskoj-upravi-mahmutovic-osuduje-vojne-uniforme-sa-fesovima\/"},"wordCount":300,"commentCount":80,"publisher":{"@id":"https:\/\/sandzakpress.net\/arhiva\/#\/schema\/person\/6e72b67d6e51910a1117b3b483ba20bd"},"image":{"@id":"https:\/\/sandzakpress.net\/arhiva\/panika-u-gradskoj-upravi-mahmutovic-osuduje-vojne-uniforme-sa-fesovima\/#primaryimage"},"thumbnailUrl":"https:\/\/sandzakpress.net\/arhiva\/wp-content\/uploads\/2014\/09\/press_17.06.2013.jpg","keywords":["Vlast u Novom Pazaru","Meho Mahmutovi\u0107"],"articleSection":["Novi Pazar","Politika","VIJESTI DANA"],"inLanguage":"bs-BA","potentialAction":[{"@type":"CommentAction","name":"Comment","target":["https:\/\/sandzakpress.net\/arhiva\/panika-u-gradskoj-upravi-mahmutovic-osuduje-vojne-uniforme-sa-fesovima\/#respond"]}]},{"@type":"WebPage","@id":"https:\/\/sandzakpress.net\/arhiva\/panika-u-gradskoj-upravi-mahmutovic-osuduje-vojne-uniforme-sa-fesovima\/","url":"https:\/\/sandzakpress.net\/arhiva\/panika-u-gradskoj-upravi-mahmutovic-osuduje-vojne-uniforme-sa-fesovima\/","name":"Panika u Gradskoj upravi - Mahmutovi\u0107 osu\u0111uje 'vojne uniforme sa fesovima'!","isPartOf":{"@id":"https:\/\/sandzakpress.net\/arhiva\/#website"},"primaryImageOfPage":{"@id":"https:\/\/sandzakpress.net\/arhiva\/panika-u-gradskoj-upravi-mahmutovic-osuduje-vojne-uniforme-sa-fesovima\/#primaryimage"},"image":{"@id":"https:\/\/sandzakpress.net\/arhiva\/panika-u-gradskoj-upravi-mahmutovic-osuduje-vojne-uniforme-sa-fesovima\/#primaryimage"},"thumbnailUrl":"https:\/\/sandzakpress.net\/arhiva\/wp-content\/uploads\/2014\/09\/press_17.06.2013.jpg","datePublished":"2014-09-05T08:44:15+00:00","breadcrumb":{"@id":"https:\/\/sandzakpress.net\/arhiva\/panika-u-gradskoj-upravi-mahmutovic-osuduje-vojne-uniforme-sa-fesovima\/#breadcrumb"},"inLanguage":"bs-BA","potentialAction":[{"@type":"ReadAction","target":["https:\/\/sandzakpress.net\/arhiva\/panika-u-gradskoj-upravi-mahmutovic-osuduje-vojne-uniforme-sa-fesovima\/"]}]},{"@type":"ImageObject","inLanguage":"bs-BA","@id":"https:\/\/sandzakpress.net\/arhiva\/panika-u-gradskoj-upravi-mahmutovic-osuduje-vojne-uniforme-sa-fesovima\/#primaryimage","url":"https:\/\/sandzakpress.net\/arhiva\/wp-content\/uploads\/2014\/09\/press_17.06.2013.jpg","contentUrl":"https:\/\/sandzakpress.net\/arhiva\/wp-content\/uploads\/2014\/09\/press_17.06.2013.jpg","width":908,"height":509},{"@type":"BreadcrumbList","@id":"https:\/\/sandzakpress.net\/arhiva\/panika-u-gradskoj-upravi-mahmutovic-osuduje-vojne-uniforme-sa-fesovima\/#breadcrumb","itemListElement":[{"@type":"ListItem","position":1,"name":"Home","item":"https:\/\/sandzakpress.net\/arhiva\/"},{"@type":"ListItem","position":2,"name":"Panika u Gradskoj upravi &#8211; Mahmutovi\u0107 osu\u0111uje &#8216;vojne uniforme sa fesovima&#8217;!"}]},{"@type":"WebSite","@id":"https:\/\/sandzakpress.net\/arhiva\/#website","url":"https:\/\/sandzakpress.net\/arhiva\/","name":"Sand\u017eak PRESS","description":"Prve elektronske novine u Sand\u017eaku","publisher":{"@id":"https:\/\/sandzakpress.net\/arhiva\/#\/schema\/person\/6e72b67d6e51910a1117b3b483ba20bd"},"potentialAction":[{"@type":"SearchAction","target":{"@type":"EntryPoint","urlTemplate":"https:\/\/sandzakpress.net\/arhiva\/?s={search_term_string}"},"query-input":{"@type":"PropertyValueSpecification","valueRequired":true,"valueName":"search_term_string"}}],"inLanguage":"bs-BA"},{"@type":["Person","Organization"],"@id":"https:\/\/sandzakpress.net\/arhiva\/#\/schema\/person\/6e72b67d6e51910a1117b3b483ba20bd","name":"Kul","image":{"@type":"ImageObject","inLanguage":"bs-BA","@id":"https:\/\/sandzakpress.net\/arhiva\/#\/schema\/person\/image\/","url":"https:\/\/secure.gravatar.com\/avatar\/42263f39aa27ac04c43cab85c280eb2e?s=96&d=mm&r=pg","contentUrl":"https:\/\/secure.gravatar.com\/avatar\/42263f39aa27ac04c43cab85c280eb2e?s=96&d=mm&r=pg","caption":"Kul"},"logo":{"@id":"https:\/\/sandzakpress.net\/arhiva\/#\/schema\/person\/image\/"}},{"@type":"Person","@id":"https:\/\/sandzakpress.net\/arhiva\/#\/schema\/person\/c8baee722073534b583ea7bdb2e36c02","name":"bosniak","image":{"@type":"ImageObject","inLanguage":"bs-BA","@id":"https:\/\/sandzakpress.net\/arhiva\/#\/schema\/person\/image\/","url":"https:\/\/secure.gravatar.com\/avatar\/a04fd330bfe3a36a72a0ad4a6d89fca7?s=96&d=mm&r=pg","contentUrl":"https:\/\/secure.gravatar.com\/avatar\/a04fd330bfe3a36a72a0ad4a6d89fca7?s=96&d=mm&r=pg","caption":"bosniak"},"url":"https:\/\/sandzakpress.net\/arhiva\/author\/bosniak\/"}]}},"_links":{"self":[{"href":"https:\/\/sandzakpress.net\/arhiva\/wp-json\/wp\/v2\/posts\/111296"}],"collection":[{"href":"https:\/\/sandzakpress.net\/arhiva\/wp-json\/wp\/v2\/posts"}],"about":[{"href":"https:\/\/sandzakpress.net\/arhiva\/wp-json\/wp\/v2\/types\/post"}],"author":[{"embeddable":true,"href":"https:\/\/sandzakpress.net\/arhiva\/wp-json\/wp\/v2\/users\/83"}],"replies":[{"embeddable":true,"href":"https:\/\/sandzakpress.net\/arhiva\/wp-json\/wp\/v2\/comments?post=111296"}],"version-history":[{"count":0,"href":"https:\/\/sandzakpress.net\/arhiva\/wp-json\/wp\/v2\/posts\/111296\/revisions"}],"wp:featuredmedia":[{"embeddable":true,"href":"https:\/\/sandzakpress.net\/arhiva\/wp-json\/wp\/v2\/media\/111297"}],"wp:attachment":[{"href":"https:\/\/sandzakpress.net\/arhiva\/wp-json\/wp\/v2\/media?parent=111296"}],"wp:term":[{"taxonomy":"category","embeddable":true,"href":"https:\/\/sandzakpress.net\/arhiva\/wp-json\/wp\/v2\/categories?post=111296"},{"taxonomy":"post_tag","embeddable":true,"href":"https:\/\/sandzakpress.net\/arhiva\/wp-json\/wp\/v2\/tags?post=111296"}],"curies":[{"name":"wp","href":"https:\/\/api.w.org\/{rel}","templated":true}]}}