{"id":111254,"date":"2014-09-04T10:46:16","date_gmt":"2014-09-04T08:46:16","guid":{"rendered":"https:\/\/sandzakpress.net\/arhiva\/?p=111254"},"modified":"2014-09-04T10:46:16","modified_gmt":"2014-09-04T08:46:16","slug":"muftija-sandzacki-za-glas-islama-sehidska-krv-je-najskuplji-emanet-kojeg-su-nam-preci-ostavili","status":"publish","type":"post","link":"https:\/\/sandzakpress.net\/arhiva\/muftija-sandzacki-za-glas-islama-sehidska-krv-je-najskuplji-emanet-kojeg-su-nam-preci-ostavili\/","title":{"rendered":"Muftija sand\u017ea\u010dki za Glas islama: &#8220;\u0160ehidska krv je najskuplji emanet kojeg su nam preci ostavili&#8221;"},"content":{"rendered":"<p><img loading=\"lazy\" decoding=\"async\" class=\"aligncenter size-full wp-image-111255\" src=\"https:\/\/sandzakpress.net\/arhiva\/wp-content\/uploads\/2014\/09\/123.jpg\" alt=\"123\" width=\"909\" height=\"384\" srcset=\"https:\/\/sandzakpress.net\/arhiva\/wp-content\/uploads\/2014\/09\/123.jpg 909w, https:\/\/sandzakpress.net\/arhiva\/wp-content\/uploads\/2014\/09\/123-616x260.jpg 616w\" sizes=\"(max-width: 909px) 100vw, 909px\" \/><\/p>\n<p><strong><span style=\"color: #000000;\">Sand\u017eak &#8211; Povod razgovora sa Muftijom sand\u017ea\u010dkim Muamer-ef. Zukorli\u0107em za ovaj broj Glas islama jeste Had\u017eet \u2013 70 godina od strijeljanja sand\u017ea\u010dkih prvi\u0161a i \u010detiri godine od sudara imama i vjernika sa srbijanskom \u017eandarmerijom pri odbrani Vakufske parcele \u201eMearif\u201c, ali i o drugim va\u017enim i aktuelnim temama: o Islamskoj zajednici \u2013 sedam godina od agresije i poku\u0161aja pu\u010da, uve\u0107anju zekata i sadekatu-l-fitra, organizaciji had\u017ea, Bo\u0161nja\u010dkom nacionalnom vije\u0107u \u2013 u\u010de\u0161\u0107u i kandidaturi na predstoje\u0107im izborima, vakufskoj imovini, nacionalnim vakufima, nevladinim organizacijama koje se bave djelatnostima Islamske zajednice, o saradnji sa Islamskom zajednicom u Crnoj Gori, obe\u0107anjima premijera Vu\u010di\u0107a, kampanji u Bosni i Hercegovini i kandidaturi reisu-l-uleme emeritusa dr. Mustafe Ceri\u0107a, islamskom ummetu, odnosu Turske i predsjednika Erdoana prema Bosni i Sand\u017eaku i dr.<\/span><\/strong><\/p>\n<p style=\"color: #000000;\">Prenosimo dio razgovora. Kompletan intervju \u010ditajte u \u0161tampanom izdanju lista \u201eGlas islama\u201c.<\/p>\n<p style=\"color: #000000;\"><em>Glas islama: Da bi odbranili vakuf i strati\u0161te svojih predaka, Bo\u0161njaci su se, predvo\u0111eni \u010delnicima Islamske zajednice, 4. septembra 2010. godine sukobili sa pripadnicima specijalnih jedinica srbijanske policije. Me\u0161ihat Islamske zajednice je donio odluku kojom je ovaj datum progla\u0161en Danom sje\u0107anja i dove za \u0161ehide Had\u017eeta. Od tada pa do danas Islamska zajednica svake godine obilje\u017eava taj datum svojevrsnom memorijalnom \u0161etnjom POHOD NA HAD\u017dET i u\u010denjem Jasina za du\u0161e \u0161ehida. Ove godine puni se 70 godina od genocida na Had\u017eetu. Kako nakon 70 godina posmatrati genocid koji se dogodio na\u0161em narodu, a za koji nikada niko nije ka\u017enjen niti procesuiran. I drugo pitanje: 70 godina je od genocida. Ho\u0107e li biti neke posebnosti u obilje\u017eavanju, mo\u017eete li nam otkriti neke detalje?<\/em><\/p>\n<p style=\"color: #000000;\">Muftija sand\u017ea\u010dki: \u0160ehidska krv je ne\u0161to naj\u010dasnije, najskuplje \u0161to je ostavljeno od na\u0161ih predaka, djedova i pradjedova i kao zavjet, i kao emanet, i kako zalog i kao investicija za na\u0161u budu\u0107nost, na\u0161 opstanak. Svjedoci smo da se danas u svijetu na raznim anti-muslimanskim medijima pojam \u0161ehida i \u0161ehidske krvi poku\u0161ava tuma\u010diti u nejasnom kontekstu, jer se predstavlja da je \u017ertva \u0161ehida i \u017ertvovanje svoga \u017eivota davanje prednosti smrti nad \u017eivotom. To je pogre\u0161no razumijevanje ove islamske vrijednosti jer, zapravo, \u0161ehid ima status naj\u010dasnijeg Bo\u017ejeg stvorenja na onome svijetu i u D\u017eennetu pored odabranih poslanika. Ne zato \u0161to je on \u017ertvovao svoj \u017eivot radi dobitka nakon smrti, ve\u0107 zato \u0161to je on polo\u017eio svoj \u017eivot za bolji, sigurniji, dostojanstveniji, slobodniji \u017eivot onih koji ostaju iza njega. Onaj ko \u017eeli da ima \u010distu savjest, da mirno zaspi i probudi se; onaj ko \u017eeli da bistrim okom gleda svoju djecu i svoje okru\u017eenje ravno u o\u010di; onaj ko \u017eeli da nema raskorak izme\u0111u onoga \u0161to vjeruje, misli i pri\u010da; onaj ko \u017eeli da ima punu harmoniju, simbiozu sopstvenoga bi\u0107a izme\u0111u materijalnog, duhovnog i racionalnog, taj ne smije zaboraviti emanet, zalog, u ovom na\u0161em slu\u010daju, \u0161ehida Had\u017eeta koji su spojili dvije najve\u0107e vrijednosti na kojima smo ponovno o\u017eivljeni kao narod i na koje smo naslonili na\u0161e noge kako bi uop\u0107e pokrenuli bo\u0161nja\u010dko bu\u0111enje posljednjih godina. To je ono \u0161to simbolizira Had\u017eet &#8211; susret vakufa i \u0161ehidske krvi. Dakle, to su dva zaloga koji su sa\u010duvali ovo par\u010de zemlje kao na\u0161u domovinu, bez obzira na sve \u0161to se de\u0161avalo, na sve krvolo\u010dne vojske koje su pohodile ovim prostorom posljednjih tri stotine godina. Svijest o tom zavjetu i zalogu je, zapravo, na\u0161a potvrda da smo tu baklju slobode, dostojanstva, odlu\u010dnosti i volje preuzeli od na\u0161ih djedova i da smo je dostojni.<\/p>\n<p style=\"color: #000000;\">Sve \u0161to nam se de\u0161avalo, komunisti\u010dko jednoumlje, milo\u0161evi\u0107evo bezumlje, sve ono prije i posle toga i \u0161to se sada de\u0161ava, nije obeshrabrilo i pogotovo nije umanjilo svijest o na\u0161im vrijednostima. Kao takvi imamo pravo nastaviti hodati ovom na\u0161om sand\u017ea\u010dkom zemljom i prenositi ono \u0161to jeste su\u0161tina kulture i tradicije Bo\u0161njaka, naroda sa najve\u0107im stupnjem pacifizma i opredijeljenosti prema miru, naroda koji ba\u0161tini vjeru u Jednog Boga i prije islama, koji je do\u010dekao islam potpuno pripremljen sa veoma izra\u017eenim stepenom monoteizma. Zapravo, takav narod ima pravo da svoju budu\u0107nost napravi, pod uslovom da ne zaboravi sopstvenu pro\u0161lost. Isto tako nema pravo da bude talac sopstvene pro\u0161losti, ali ima pravo i obavezu da razumije lekcije vlastite pro\u0161losti.<\/p>\n<p style=\"color: #000000;\">Pitanje koje se ti\u010de neka\u017enjenih zlo\u010dina je ono \u0161to je usud za Bo\u0161njake. Svi genocidni pohodi, njih deset ili jedanaest, koji su se de\u0161avali posljednjih par stotina godina zapravo su poruka okru\u017eenja. Bilo ovog u\u017eeg koje je sudjelovalo u genocidu, ili onog \u0161ireg koje je bilo posmatra\u010d, inspirator, ili je to tolerisalo. Neka\u017enjeni zlo\u010dini su uvijek poruka da se zlo\u010din ponovo desi. Mi ne mo\u017eemo biti optimisti u odnosu na potencijalne zlo\u010dine te vrste nad Bo\u0161njacima u budu\u0107nosti ako imamo u vidu pona\u0161anje na\u0161eg okru\u017eenja prema nama, uklju\u010duju\u0107i \u010dak i posljednji genocid nad Bo\u0161njacima u Bosni, zavr\u0161no sa onim u Srebrenici, pa \u010dak i odnos Ha\u0161kog tribunala koji je formalno pokrenuo proces, koji je na neki na\u010din simboli\u010dki procesuirao i sankcionisao zlo\u010dince i organizatore genocidnog zlo\u010dina. To ne mo\u017ee za nas biti satisfakcija, pogotovo to nama ne mo\u017ee biti poruka da mo\u017eemo biti mirni u budu\u0107nosti. Bo\u0161njaci moraju shvatiti da je kona\u010dno do\u0161lo vrijeme da stavimo ta\u010dku na to da od drugih o\u010dekujemo da nas za\u0161tite od genocida, ili da od biv\u0161ih ili potencijalnih po\u010dinioca genocida o\u010dekujemo da se promijene i da ne \u017eele \u010diniti genocid. Dakle, Bo\u0161njaci moraju izrasti kona\u010dno iz naroda u naciju, kona\u010dno iz zajednice u organizovani narod i kona\u010dno iz zemlje i domovine u dr\u017eavu. To je ono \u0161to jedino daje \u0161ansu Bo\u0161njacima da imaju, kao i svi drugi organizirani i civilizirani narodi, \u0161ansu da pre\u017eive, da se razvijaju, da napreduju i da se odbrane ukoliko budu ponovo u opasnosti.<\/p>\n<p style=\"color: #000000;\">\u0160to se ti\u010de obilje\u017eavanja, Islamska zajednica zajedno sa BKZ-om i drugim partnerskim organizacijama priprema zna\u010dajan program u povodu sedamdeset godina od genocida na Had\u017eetu i ono \u0161to je postalo najprepoznatljiviji dio programa jeste POHOD NA HAD\u017dET za \u0161ehide i Jasini-\u0161erif koji \u0107e se prou\u010diti na Had\u017eetu, a koji \u0107e se odr\u017eati 4. septembra, gdje \u0107e kolona pohodnika krenuti s podne namaza u pola dva sa Gradskog trga Gazi Isa-beg i uputiti se na odredi\u0161te, na Had\u017eet. Naravno, ovaj doga\u0111aj \u0107e tako\u0111e pratiti nekoliko kulturnih doga\u0111aja, promocija knjiga, filmova, tribina i raznih drugih oblika obilje\u017eavanja ovoga dana, kao i ukazivanje na va\u017enost o\u010duvanja svijesti o genocidu i zlo\u010dinima kako se nikada vi\u0161e ne bi ponovili. Ma kakav program bio ili manifestacija ona ne mo\u017ee ni blizu skrenuti onoliki stepen pa\u017enje kako zaslu\u017euje jedan od ovakvih doga\u0111aja. Ono \u0161to treba da bude poruka svima nama jeste da se ne mo\u017eemo i ne smijemo zadovoljiti time da imamo dan ili nekoliko dana sje\u0107anja na genocid na Had\u017eetu. Genocid je postao sastavni dio, mora postati i kod mnogih je postao sastavni dio kulture pam\u0107enja, razumijevanja, svijesti o sebi i sopstvenoj pro\u0161losti, kao zalog za na\u0161u budu\u0107nost samo ukoliko budemo imali ve\u0107inu naroda sa tim stepenom svijesti, naroda koji nije podlegao prevarama ili politi\u010dkom omalova\u017eavanju genocida na Had\u017eetu, ili op\u0107enio genocida nad Bo\u0161njacima, ili omalova\u017eavanju svih stradanja Bo\u0161njaka kroz ponudu programa zabave, raznih oblika ironije na sve to \u0161to predstavlja sr\u017e tragedije nad Bo\u0161njacima, odvla\u010denje pa\u017enje kroz kvazi-kulturu koja se nudi Bo\u0161njacima. Mi se od toga moramo odbraniti, a to pored ovih podsje\u0107anja koja su sa Pohodom mora postati dio vaspitne kulture kroz porodice, mektebe, \u0161kole, d\u017eamije, medije, sve raspolo\u017eive oblike na\u0161eg komuniciranja.<\/p>\n<p style=\"color: #000000;\">(&#8230;)<\/p>\n<p><em>Razgovarao: Salahudin Feti\u0107<\/em><\/p>\n<p style=\"color: #000000;\"><em>(Op\u0161irnije \u010ditajte u \u0161tampanom izdanju Glas islama)<\/em><\/p>\n<p><em>\u00a0<\/em><\/p>\n","protected":false},"excerpt":{"rendered":"<p>Sand\u017eak &#8211; Povod razgovora sa Muftijom sand\u017ea\u010dkim Muamer-ef. Zukorli\u0107em za ovaj broj Glas islama jeste Had\u017eet \u2013 70 godina od strijeljanja sand\u017ea\u010dkih prvi\u0161a i \u010detiri godine od sudara imama i vjernika sa srbijanskom \u017eandarmerijom pri odbrani Vakufske parcele \u201eMearif\u201c, ali i o drugim va\u017enim i aktuelnim temama: o Islamskoj zajednici \u2013 sedam godina od agresije [&hellip;]<\/p>\n","protected":false},"author":83,"featured_media":111255,"comment_status":"open","ping_status":"open","sticky":false,"template":"","format":"standard","meta":{"footnotes":""},"categories":[72,800,52,327,8957],"tags":[10199,10204,10229],"class_list":{"0":"post-111254","1":"post","2":"type-post","3":"status-publish","4":"format-standard","5":"has-post-thumbnail","7":"category-novi-pazar","8":"category-nacija","9":"category-sjenica","10":"category-tutin","11":"category-vijesti-dana","12":"tag-zlocini-u-sandzaku","13":"tag-muftija-muamer-zukorlic","14":"tag-islamska-zajednica"},"yoast_head":"<!-- This site is optimized with the Yoast SEO Premium plugin v23.1 (Yoast SEO v24.9) - https:\/\/yoast.com\/wordpress\/plugins\/seo\/ -->\n<title>Muftija sand\u017ea\u010dki za Glas islama: &quot;\u0160ehidska krv je najskuplji emanet kojeg su nam preci ostavili&quot;<\/title>\n<meta name=\"robots\" content=\"index, follow, max-snippet:-1, max-image-preview:large, max-video-preview:-1\" \/>\n<link rel=\"canonical\" href=\"https:\/\/sandzakpress.net\/arhiva\/muftija-sandzacki-za-glas-islama-sehidska-krv-je-najskuplji-emanet-kojeg-su-nam-preci-ostavili\/\" \/>\n<meta property=\"og:locale\" content=\"bs_BA\" \/>\n<meta property=\"og:type\" content=\"article\" \/>\n<meta property=\"og:title\" content=\"Muftija sand\u017ea\u010dki za Glas islama: &quot;\u0160ehidska krv je najskuplji emanet kojeg su nam preci ostavili&quot;\" \/>\n<meta property=\"og:description\" content=\"Sand\u017eak &#8211; Povod razgovora sa Muftijom sand\u017ea\u010dkim Muamer-ef. Zukorli\u0107em za ovaj broj Glas islama jeste Had\u017eet \u2013 70 godina od strijeljanja sand\u017ea\u010dkih prvi\u0161a i \u010detiri godine od sudara imama i vjernika sa srbijanskom \u017eandarmerijom pri odbrani Vakufske parcele \u201eMearif\u201c, ali i o drugim va\u017enim i aktuelnim temama: o Islamskoj zajednici \u2013 sedam godina od agresije [&hellip;]\" \/>\n<meta property=\"og:url\" content=\"https:\/\/sandzakpress.net\/arhiva\/muftija-sandzacki-za-glas-islama-sehidska-krv-je-najskuplji-emanet-kojeg-su-nam-preci-ostavili\/\" \/>\n<meta property=\"og:site_name\" content=\"Sand\u017eak PRESS\" \/>\n<meta property=\"article:published_time\" content=\"2014-09-04T08:46:16+00:00\" \/>\n<meta property=\"og:image\" content=\"https:\/\/sandzakpress.net\/arhiva\/wp-content\/uploads\/2014\/09\/123.jpg\" \/>\n\t<meta property=\"og:image:width\" content=\"909\" \/>\n\t<meta property=\"og:image:height\" content=\"384\" \/>\n\t<meta property=\"og:image:type\" content=\"image\/jpeg\" \/>\n<meta name=\"author\" content=\"bosniak\" \/>\n<meta name=\"twitter:card\" content=\"summary_large_image\" \/>\n<meta name=\"twitter:label1\" content=\"Written by\" \/>\n\t<meta name=\"twitter:data1\" content=\"bosniak\" \/>\n\t<meta name=\"twitter:label2\" content=\"Est. reading time\" \/>\n\t<meta name=\"twitter:data2\" content=\"7 minuta\" \/>\n<script type=\"application\/ld+json\" class=\"yoast-schema-graph\">{\"@context\":\"https:\/\/schema.org\",\"@graph\":[{\"@type\":\"Article\",\"@id\":\"https:\/\/sandzakpress.net\/arhiva\/muftija-sandzacki-za-glas-islama-sehidska-krv-je-najskuplji-emanet-kojeg-su-nam-preci-ostavili\/#article\",\"isPartOf\":{\"@id\":\"https:\/\/sandzakpress.net\/arhiva\/muftija-sandzacki-za-glas-islama-sehidska-krv-je-najskuplji-emanet-kojeg-su-nam-preci-ostavili\/\"},\"author\":{\"name\":\"bosniak\",\"@id\":\"https:\/\/sandzakpress.net\/arhiva\/#\/schema\/person\/c8baee722073534b583ea7bdb2e36c02\"},\"headline\":\"Muftija sand\u017ea\u010dki za Glas islama: &#8220;\u0160ehidska krv je najskuplji emanet kojeg su nam preci ostavili&#8221;\",\"datePublished\":\"2014-09-04T08:46:16+00:00\",\"mainEntityOfPage\":{\"@id\":\"https:\/\/sandzakpress.net\/arhiva\/muftija-sandzacki-za-glas-islama-sehidska-krv-je-najskuplji-emanet-kojeg-su-nam-preci-ostavili\/\"},\"wordCount\":1397,\"commentCount\":16,\"publisher\":{\"@id\":\"https:\/\/sandzakpress.net\/arhiva\/#\/schema\/person\/6e72b67d6e51910a1117b3b483ba20bd\"},\"image\":{\"@id\":\"https:\/\/sandzakpress.net\/arhiva\/muftija-sandzacki-za-glas-islama-sehidska-krv-je-najskuplji-emanet-kojeg-su-nam-preci-ostavili\/#primaryimage\"},\"thumbnailUrl\":\"https:\/\/sandzakpress.net\/arhiva\/wp-content\/uploads\/2014\/09\/123.jpg\",\"keywords\":[\"genocid u sand\u017eaku\",\"muftija Muamer Zukorli\u0107\",\"Islamska zajednica\"],\"articleSection\":[\"Novi Pazar\",\"Nacija\",\"Sjenica\",\"Tutin\",\"VIJESTI DANA\"],\"inLanguage\":\"bs-BA\",\"potentialAction\":[{\"@type\":\"CommentAction\",\"name\":\"Comment\",\"target\":[\"https:\/\/sandzakpress.net\/arhiva\/muftija-sandzacki-za-glas-islama-sehidska-krv-je-najskuplji-emanet-kojeg-su-nam-preci-ostavili\/#respond\"]}]},{\"@type\":\"WebPage\",\"@id\":\"https:\/\/sandzakpress.net\/arhiva\/muftija-sandzacki-za-glas-islama-sehidska-krv-je-najskuplji-emanet-kojeg-su-nam-preci-ostavili\/\",\"url\":\"https:\/\/sandzakpress.net\/arhiva\/muftija-sandzacki-za-glas-islama-sehidska-krv-je-najskuplji-emanet-kojeg-su-nam-preci-ostavili\/\",\"name\":\"Muftija sand\u017ea\u010dki za Glas islama: \\\"\u0160ehidska krv je najskuplji emanet kojeg su nam preci ostavili\\\"\",\"isPartOf\":{\"@id\":\"https:\/\/sandzakpress.net\/arhiva\/#website\"},\"primaryImageOfPage\":{\"@id\":\"https:\/\/sandzakpress.net\/arhiva\/muftija-sandzacki-za-glas-islama-sehidska-krv-je-najskuplji-emanet-kojeg-su-nam-preci-ostavili\/#primaryimage\"},\"image\":{\"@id\":\"https:\/\/sandzakpress.net\/arhiva\/muftija-sandzacki-za-glas-islama-sehidska-krv-je-najskuplji-emanet-kojeg-su-nam-preci-ostavili\/#primaryimage\"},\"thumbnailUrl\":\"https:\/\/sandzakpress.net\/arhiva\/wp-content\/uploads\/2014\/09\/123.jpg\",\"datePublished\":\"2014-09-04T08:46:16+00:00\",\"breadcrumb\":{\"@id\":\"https:\/\/sandzakpress.net\/arhiva\/muftija-sandzacki-za-glas-islama-sehidska-krv-je-najskuplji-emanet-kojeg-su-nam-preci-ostavili\/#breadcrumb\"},\"inLanguage\":\"bs-BA\",\"potentialAction\":[{\"@type\":\"ReadAction\",\"target\":[\"https:\/\/sandzakpress.net\/arhiva\/muftija-sandzacki-za-glas-islama-sehidska-krv-je-najskuplji-emanet-kojeg-su-nam-preci-ostavili\/\"]}]},{\"@type\":\"ImageObject\",\"inLanguage\":\"bs-BA\",\"@id\":\"https:\/\/sandzakpress.net\/arhiva\/muftija-sandzacki-za-glas-islama-sehidska-krv-je-najskuplji-emanet-kojeg-su-nam-preci-ostavili\/#primaryimage\",\"url\":\"https:\/\/sandzakpress.net\/arhiva\/wp-content\/uploads\/2014\/09\/123.jpg\",\"contentUrl\":\"https:\/\/sandzakpress.net\/arhiva\/wp-content\/uploads\/2014\/09\/123.jpg\",\"width\":909,\"height\":384},{\"@type\":\"BreadcrumbList\",\"@id\":\"https:\/\/sandzakpress.net\/arhiva\/muftija-sandzacki-za-glas-islama-sehidska-krv-je-najskuplji-emanet-kojeg-su-nam-preci-ostavili\/#breadcrumb\",\"itemListElement\":[{\"@type\":\"ListItem\",\"position\":1,\"name\":\"Home\",\"item\":\"https:\/\/sandzakpress.net\/arhiva\/\"},{\"@type\":\"ListItem\",\"position\":2,\"name\":\"Muftija sand\u017ea\u010dki za Glas islama: &#8220;\u0160ehidska krv je najskuplji emanet kojeg su nam preci ostavili&#8221;\"}]},{\"@type\":\"WebSite\",\"@id\":\"https:\/\/sandzakpress.net\/arhiva\/#website\",\"url\":\"https:\/\/sandzakpress.net\/arhiva\/\",\"name\":\"Sand\u017eak PRESS\",\"description\":\"Prve elektronske novine u Sand\u017eaku\",\"publisher\":{\"@id\":\"https:\/\/sandzakpress.net\/arhiva\/#\/schema\/person\/6e72b67d6e51910a1117b3b483ba20bd\"},\"potentialAction\":[{\"@type\":\"SearchAction\",\"target\":{\"@type\":\"EntryPoint\",\"urlTemplate\":\"https:\/\/sandzakpress.net\/arhiva\/?s={search_term_string}\"},\"query-input\":{\"@type\":\"PropertyValueSpecification\",\"valueRequired\":true,\"valueName\":\"search_term_string\"}}],\"inLanguage\":\"bs-BA\"},{\"@type\":[\"Person\",\"Organization\"],\"@id\":\"https:\/\/sandzakpress.net\/arhiva\/#\/schema\/person\/6e72b67d6e51910a1117b3b483ba20bd\",\"name\":\"Kul\",\"image\":{\"@type\":\"ImageObject\",\"inLanguage\":\"bs-BA\",\"@id\":\"https:\/\/sandzakpress.net\/arhiva\/#\/schema\/person\/image\/\",\"url\":\"https:\/\/secure.gravatar.com\/avatar\/42263f39aa27ac04c43cab85c280eb2e?s=96&d=mm&r=pg\",\"contentUrl\":\"https:\/\/secure.gravatar.com\/avatar\/42263f39aa27ac04c43cab85c280eb2e?s=96&d=mm&r=pg\",\"caption\":\"Kul\"},\"logo\":{\"@id\":\"https:\/\/sandzakpress.net\/arhiva\/#\/schema\/person\/image\/\"}},{\"@type\":\"Person\",\"@id\":\"https:\/\/sandzakpress.net\/arhiva\/#\/schema\/person\/c8baee722073534b583ea7bdb2e36c02\",\"name\":\"bosniak\",\"image\":{\"@type\":\"ImageObject\",\"inLanguage\":\"bs-BA\",\"@id\":\"https:\/\/sandzakpress.net\/arhiva\/#\/schema\/person\/image\/\",\"url\":\"https:\/\/secure.gravatar.com\/avatar\/a04fd330bfe3a36a72a0ad4a6d89fca7?s=96&d=mm&r=pg\",\"contentUrl\":\"https:\/\/secure.gravatar.com\/avatar\/a04fd330bfe3a36a72a0ad4a6d89fca7?s=96&d=mm&r=pg\",\"caption\":\"bosniak\"},\"url\":\"https:\/\/sandzakpress.net\/arhiva\/author\/bosniak\/\"}]}<\/script>\n<!-- \/ Yoast SEO Premium plugin. -->","yoast_head_json":{"title":"Muftija sand\u017ea\u010dki za Glas islama: \"\u0160ehidska krv je najskuplji emanet kojeg su nam preci ostavili\"","robots":{"index":"index","follow":"follow","max-snippet":"max-snippet:-1","max-image-preview":"max-image-preview:large","max-video-preview":"max-video-preview:-1"},"canonical":"https:\/\/sandzakpress.net\/arhiva\/muftija-sandzacki-za-glas-islama-sehidska-krv-je-najskuplji-emanet-kojeg-su-nam-preci-ostavili\/","og_locale":"bs_BA","og_type":"article","og_title":"Muftija sand\u017ea\u010dki za Glas islama: \"\u0160ehidska krv je najskuplji emanet kojeg su nam preci ostavili\"","og_description":"Sand\u017eak &#8211; Povod razgovora sa Muftijom sand\u017ea\u010dkim Muamer-ef. Zukorli\u0107em za ovaj broj Glas islama jeste Had\u017eet \u2013 70 godina od strijeljanja sand\u017ea\u010dkih prvi\u0161a i \u010detiri godine od sudara imama i vjernika sa srbijanskom \u017eandarmerijom pri odbrani Vakufske parcele \u201eMearif\u201c, ali i o drugim va\u017enim i aktuelnim temama: o Islamskoj zajednici \u2013 sedam godina od agresije [&hellip;]","og_url":"https:\/\/sandzakpress.net\/arhiva\/muftija-sandzacki-za-glas-islama-sehidska-krv-je-najskuplji-emanet-kojeg-su-nam-preci-ostavili\/","og_site_name":"Sand\u017eak PRESS","article_published_time":"2014-09-04T08:46:16+00:00","og_image":[{"width":909,"height":384,"url":"https:\/\/sandzakpress.net\/arhiva\/wp-content\/uploads\/2014\/09\/123.jpg","type":"image\/jpeg"}],"author":"bosniak","twitter_card":"summary_large_image","twitter_misc":{"Written by":"bosniak","Est. reading time":"7 minuta"},"schema":{"@context":"https:\/\/schema.org","@graph":[{"@type":"Article","@id":"https:\/\/sandzakpress.net\/arhiva\/muftija-sandzacki-za-glas-islama-sehidska-krv-je-najskuplji-emanet-kojeg-su-nam-preci-ostavili\/#article","isPartOf":{"@id":"https:\/\/sandzakpress.net\/arhiva\/muftija-sandzacki-za-glas-islama-sehidska-krv-je-najskuplji-emanet-kojeg-su-nam-preci-ostavili\/"},"author":{"name":"bosniak","@id":"https:\/\/sandzakpress.net\/arhiva\/#\/schema\/person\/c8baee722073534b583ea7bdb2e36c02"},"headline":"Muftija sand\u017ea\u010dki za Glas islama: &#8220;\u0160ehidska krv je najskuplji emanet kojeg su nam preci ostavili&#8221;","datePublished":"2014-09-04T08:46:16+00:00","mainEntityOfPage":{"@id":"https:\/\/sandzakpress.net\/arhiva\/muftija-sandzacki-za-glas-islama-sehidska-krv-je-najskuplji-emanet-kojeg-su-nam-preci-ostavili\/"},"wordCount":1397,"commentCount":16,"publisher":{"@id":"https:\/\/sandzakpress.net\/arhiva\/#\/schema\/person\/6e72b67d6e51910a1117b3b483ba20bd"},"image":{"@id":"https:\/\/sandzakpress.net\/arhiva\/muftija-sandzacki-za-glas-islama-sehidska-krv-je-najskuplji-emanet-kojeg-su-nam-preci-ostavili\/#primaryimage"},"thumbnailUrl":"https:\/\/sandzakpress.net\/arhiva\/wp-content\/uploads\/2014\/09\/123.jpg","keywords":["genocid u sand\u017eaku","muftija Muamer Zukorli\u0107","Islamska zajednica"],"articleSection":["Novi Pazar","Nacija","Sjenica","Tutin","VIJESTI DANA"],"inLanguage":"bs-BA","potentialAction":[{"@type":"CommentAction","name":"Comment","target":["https:\/\/sandzakpress.net\/arhiva\/muftija-sandzacki-za-glas-islama-sehidska-krv-je-najskuplji-emanet-kojeg-su-nam-preci-ostavili\/#respond"]}]},{"@type":"WebPage","@id":"https:\/\/sandzakpress.net\/arhiva\/muftija-sandzacki-za-glas-islama-sehidska-krv-je-najskuplji-emanet-kojeg-su-nam-preci-ostavili\/","url":"https:\/\/sandzakpress.net\/arhiva\/muftija-sandzacki-za-glas-islama-sehidska-krv-je-najskuplji-emanet-kojeg-su-nam-preci-ostavili\/","name":"Muftija sand\u017ea\u010dki za Glas islama: \"\u0160ehidska krv je najskuplji emanet kojeg su nam preci ostavili\"","isPartOf":{"@id":"https:\/\/sandzakpress.net\/arhiva\/#website"},"primaryImageOfPage":{"@id":"https:\/\/sandzakpress.net\/arhiva\/muftija-sandzacki-za-glas-islama-sehidska-krv-je-najskuplji-emanet-kojeg-su-nam-preci-ostavili\/#primaryimage"},"image":{"@id":"https:\/\/sandzakpress.net\/arhiva\/muftija-sandzacki-za-glas-islama-sehidska-krv-je-najskuplji-emanet-kojeg-su-nam-preci-ostavili\/#primaryimage"},"thumbnailUrl":"https:\/\/sandzakpress.net\/arhiva\/wp-content\/uploads\/2014\/09\/123.jpg","datePublished":"2014-09-04T08:46:16+00:00","breadcrumb":{"@id":"https:\/\/sandzakpress.net\/arhiva\/muftija-sandzacki-za-glas-islama-sehidska-krv-je-najskuplji-emanet-kojeg-su-nam-preci-ostavili\/#breadcrumb"},"inLanguage":"bs-BA","potentialAction":[{"@type":"ReadAction","target":["https:\/\/sandzakpress.net\/arhiva\/muftija-sandzacki-za-glas-islama-sehidska-krv-je-najskuplji-emanet-kojeg-su-nam-preci-ostavili\/"]}]},{"@type":"ImageObject","inLanguage":"bs-BA","@id":"https:\/\/sandzakpress.net\/arhiva\/muftija-sandzacki-za-glas-islama-sehidska-krv-je-najskuplji-emanet-kojeg-su-nam-preci-ostavili\/#primaryimage","url":"https:\/\/sandzakpress.net\/arhiva\/wp-content\/uploads\/2014\/09\/123.jpg","contentUrl":"https:\/\/sandzakpress.net\/arhiva\/wp-content\/uploads\/2014\/09\/123.jpg","width":909,"height":384},{"@type":"BreadcrumbList","@id":"https:\/\/sandzakpress.net\/arhiva\/muftija-sandzacki-za-glas-islama-sehidska-krv-je-najskuplji-emanet-kojeg-su-nam-preci-ostavili\/#breadcrumb","itemListElement":[{"@type":"ListItem","position":1,"name":"Home","item":"https:\/\/sandzakpress.net\/arhiva\/"},{"@type":"ListItem","position":2,"name":"Muftija sand\u017ea\u010dki za Glas islama: &#8220;\u0160ehidska krv je najskuplji emanet kojeg su nam preci ostavili&#8221;"}]},{"@type":"WebSite","@id":"https:\/\/sandzakpress.net\/arhiva\/#website","url":"https:\/\/sandzakpress.net\/arhiva\/","name":"Sand\u017eak PRESS","description":"Prve elektronske novine u Sand\u017eaku","publisher":{"@id":"https:\/\/sandzakpress.net\/arhiva\/#\/schema\/person\/6e72b67d6e51910a1117b3b483ba20bd"},"potentialAction":[{"@type":"SearchAction","target":{"@type":"EntryPoint","urlTemplate":"https:\/\/sandzakpress.net\/arhiva\/?s={search_term_string}"},"query-input":{"@type":"PropertyValueSpecification","valueRequired":true,"valueName":"search_term_string"}}],"inLanguage":"bs-BA"},{"@type":["Person","Organization"],"@id":"https:\/\/sandzakpress.net\/arhiva\/#\/schema\/person\/6e72b67d6e51910a1117b3b483ba20bd","name":"Kul","image":{"@type":"ImageObject","inLanguage":"bs-BA","@id":"https:\/\/sandzakpress.net\/arhiva\/#\/schema\/person\/image\/","url":"https:\/\/secure.gravatar.com\/avatar\/42263f39aa27ac04c43cab85c280eb2e?s=96&d=mm&r=pg","contentUrl":"https:\/\/secure.gravatar.com\/avatar\/42263f39aa27ac04c43cab85c280eb2e?s=96&d=mm&r=pg","caption":"Kul"},"logo":{"@id":"https:\/\/sandzakpress.net\/arhiva\/#\/schema\/person\/image\/"}},{"@type":"Person","@id":"https:\/\/sandzakpress.net\/arhiva\/#\/schema\/person\/c8baee722073534b583ea7bdb2e36c02","name":"bosniak","image":{"@type":"ImageObject","inLanguage":"bs-BA","@id":"https:\/\/sandzakpress.net\/arhiva\/#\/schema\/person\/image\/","url":"https:\/\/secure.gravatar.com\/avatar\/a04fd330bfe3a36a72a0ad4a6d89fca7?s=96&d=mm&r=pg","contentUrl":"https:\/\/secure.gravatar.com\/avatar\/a04fd330bfe3a36a72a0ad4a6d89fca7?s=96&d=mm&r=pg","caption":"bosniak"},"url":"https:\/\/sandzakpress.net\/arhiva\/author\/bosniak\/"}]}},"_links":{"self":[{"href":"https:\/\/sandzakpress.net\/arhiva\/wp-json\/wp\/v2\/posts\/111254"}],"collection":[{"href":"https:\/\/sandzakpress.net\/arhiva\/wp-json\/wp\/v2\/posts"}],"about":[{"href":"https:\/\/sandzakpress.net\/arhiva\/wp-json\/wp\/v2\/types\/post"}],"author":[{"embeddable":true,"href":"https:\/\/sandzakpress.net\/arhiva\/wp-json\/wp\/v2\/users\/83"}],"replies":[{"embeddable":true,"href":"https:\/\/sandzakpress.net\/arhiva\/wp-json\/wp\/v2\/comments?post=111254"}],"version-history":[{"count":0,"href":"https:\/\/sandzakpress.net\/arhiva\/wp-json\/wp\/v2\/posts\/111254\/revisions"}],"wp:featuredmedia":[{"embeddable":true,"href":"https:\/\/sandzakpress.net\/arhiva\/wp-json\/wp\/v2\/media\/111255"}],"wp:attachment":[{"href":"https:\/\/sandzakpress.net\/arhiva\/wp-json\/wp\/v2\/media?parent=111254"}],"wp:term":[{"taxonomy":"category","embeddable":true,"href":"https:\/\/sandzakpress.net\/arhiva\/wp-json\/wp\/v2\/categories?post=111254"},{"taxonomy":"post_tag","embeddable":true,"href":"https:\/\/sandzakpress.net\/arhiva\/wp-json\/wp\/v2\/tags?post=111254"}],"curies":[{"name":"wp","href":"https:\/\/api.w.org\/{rel}","templated":true}]}}