{"id":111222,"date":"2014-09-04T00:51:36","date_gmt":"2014-09-03T22:51:36","guid":{"rendered":"https:\/\/sandzakpress.net\/arhiva\/?p=111222"},"modified":"2014-09-04T00:51:36","modified_gmt":"2014-09-03T22:51:36","slug":"u-toku-pregovori-za-pustanje-un-mirovnjaka-na-slobodu","status":"publish","type":"post","link":"https:\/\/sandzakpress.net\/arhiva\/u-toku-pregovori-za-pustanje-un-mirovnjaka-na-slobodu\/","title":{"rendered":"U toku pregovori za pu\u0161tanje UN mirovnjaka na slobodu"},"content":{"rendered":"<p><a href=\"https:\/\/sandzakpress.net\/arhiva\/wp-content\/uploads\/2014\/09\/u-toku-pregovori-za-pustanje-un-mirovnjaka-na-slobodu_trt-bosanski-29218.jpg\"><img loading=\"lazy\" decoding=\"async\" class=\"aligncenter size-full wp-image-111223\" src=\"https:\/\/sandzakpress.net\/arhiva\/wp-content\/uploads\/2014\/09\/u-toku-pregovori-za-pustanje-un-mirovnjaka-na-slobodu_trt-bosanski-29218.jpg\" alt=\"u-toku-pregovori-za-pustanje-un-mirovnjaka-na-slobodu_trt-bosanski-29218\" width=\"600\" height=\"363\" \/><\/a><\/p>\n<div style=\"color: #414141;\"><strong>Sirija &#8211; Nastavljeni su pregovori sa teroristi\u010dkom organizacijom Front En-Nusra, koja u zarobljeni\u0161tvu dr\u017ei 44 pripadnika mirovne misije Ujedinjenih nacija na Golanskoj visoravni.<\/strong><\/div>\n<p style=\"color: #414141;\">Za pu\u0161tanje mirovnjaka sa Fid\u017eija na slobodu, en-Nusra je postavila tri uslova. Najprije \u017eeli da se u regije oko Damaska dostavi humanitarna pomo\u0107, zatim tra\u017ei da se en-Nusra skine sa UN-ove liste teroristi\u010dkih organizacija i nov\u010danu nadoknadu za pogibiju trojice boraca u sukobima sa UN-ovim snagama.<\/p>\n<p style=\"color: #414141;\">Komandant oru\u017eanih snaga Fid\u017eija, brigadni general Mosese Tikoitoga je u razgovoru sa novinarima u Suvi &#8211; glavnom gradu ove zemlje, rekao kako su u toku pregovori profesionalnih lica sa teroristi\u010dkom grupom.<\/p>\n<p style=\"color: #414141;\">Tikoitoga nije rekao da li \u0107e zahtjevi terorista biti ozbiljnije razmotreni.<\/p>\n<p style=\"color: #414141;\">Vi\u0161e od 1200 vojnika je raspore\u0111eno na Golanskoj visoravni u sklopu UN-ove posmatra\u010dke misije, postavljene 1974. godine. Protekle sedmice, 44 vojnika sa Fid\u017eija su kidnapovana nakon okr\u0161aja sa militantima en-Nusre.<\/p>\n<p style=\"color: #414141;\">(TRT)<\/p>\n","protected":false},"excerpt":{"rendered":"<p>Sirija &#8211; Nastavljeni su pregovori sa teroristi\u010dkom organizacijom Front En-Nusra, koja u zarobljeni\u0161tvu dr\u017ei 44 pripadnika mirovne misije Ujedinjenih nacija na Golanskoj visoravni. Za pu\u0161tanje mirovnjaka sa Fid\u017eija na slobodu, en-Nusra je postavila tri uslova. Najprije \u017eeli da se u regije oko Damaska dostavi humanitarna pomo\u0107, zatim tra\u017ei da se en-Nusra skine sa UN-ove liste [&hellip;]<\/p>\n","protected":false},"author":83,"featured_media":111223,"comment_status":"open","ping_status":"open","sticky":false,"template":"","format":"standard","meta":{"footnotes":""},"categories":[9],"tags":[10225],"class_list":{"0":"post-111222","1":"post","2":"type-post","3":"status-publish","4":"format-standard","5":"has-post-thumbnail","7":"category-svijet","8":"tag-sirija"},"yoast_head":"<!-- This site is optimized with the Yoast SEO Premium plugin v23.1 (Yoast SEO v24.9) - https:\/\/yoast.com\/wordpress\/plugins\/seo\/ -->\n<title>U toku pregovori za pu\u0161tanje UN mirovnjaka na slobodu<\/title>\n<meta name=\"robots\" content=\"index, follow, max-snippet:-1, max-image-preview:large, max-video-preview:-1\" \/>\n<link rel=\"canonical\" href=\"https:\/\/sandzakpress.net\/arhiva\/u-toku-pregovori-za-pustanje-un-mirovnjaka-na-slobodu\/\" \/>\n<meta property=\"og:locale\" content=\"bs_BA\" \/>\n<meta property=\"og:type\" content=\"article\" \/>\n<meta property=\"og:title\" content=\"U toku pregovori za pu\u0161tanje UN mirovnjaka na slobodu\" \/>\n<meta property=\"og:description\" content=\"Sirija &#8211; Nastavljeni su pregovori sa teroristi\u010dkom organizacijom Front En-Nusra, koja u zarobljeni\u0161tvu dr\u017ei 44 pripadnika mirovne misije Ujedinjenih nacija na Golanskoj visoravni. Za pu\u0161tanje mirovnjaka sa Fid\u017eija na slobodu, en-Nusra je postavila tri uslova. Najprije \u017eeli da se u regije oko Damaska dostavi humanitarna pomo\u0107, zatim tra\u017ei da se en-Nusra skine sa UN-ove liste [&hellip;]\" \/>\n<meta property=\"og:url\" content=\"https:\/\/sandzakpress.net\/arhiva\/u-toku-pregovori-za-pustanje-un-mirovnjaka-na-slobodu\/\" \/>\n<meta property=\"og:site_name\" content=\"Sand\u017eak PRESS\" \/>\n<meta property=\"article:published_time\" content=\"2014-09-03T22:51:36+00:00\" \/>\n<meta property=\"og:image\" content=\"https:\/\/sandzakpress.net\/arhiva\/wp-content\/uploads\/2014\/09\/u-toku-pregovori-za-pustanje-un-mirovnjaka-na-slobodu_trt-bosanski-29218.jpg\" \/>\n\t<meta property=\"og:image:width\" content=\"600\" \/>\n\t<meta property=\"og:image:height\" content=\"363\" \/>\n\t<meta property=\"og:image:type\" content=\"image\/jpeg\" \/>\n<meta name=\"author\" content=\"bosniak\" \/>\n<meta name=\"twitter:card\" content=\"summary_large_image\" \/>\n<meta name=\"twitter:label1\" content=\"Written by\" \/>\n\t<meta name=\"twitter:data1\" content=\"bosniak\" \/>\n\t<meta name=\"twitter:label2\" content=\"Est. reading time\" \/>\n\t<meta name=\"twitter:data2\" content=\"1 minuta\" \/>\n<script type=\"application\/ld+json\" class=\"yoast-schema-graph\">{\"@context\":\"https:\/\/schema.org\",\"@graph\":[{\"@type\":\"Article\",\"@id\":\"https:\/\/sandzakpress.net\/arhiva\/u-toku-pregovori-za-pustanje-un-mirovnjaka-na-slobodu\/#article\",\"isPartOf\":{\"@id\":\"https:\/\/sandzakpress.net\/arhiva\/u-toku-pregovori-za-pustanje-un-mirovnjaka-na-slobodu\/\"},\"author\":{\"name\":\"bosniak\",\"@id\":\"https:\/\/sandzakpress.net\/arhiva\/#\/schema\/person\/c8baee722073534b583ea7bdb2e36c02\"},\"headline\":\"U toku pregovori za pu\u0161tanje UN mirovnjaka na slobodu\",\"datePublished\":\"2014-09-03T22:51:36+00:00\",\"mainEntityOfPage\":{\"@id\":\"https:\/\/sandzakpress.net\/arhiva\/u-toku-pregovori-za-pustanje-un-mirovnjaka-na-slobodu\/\"},\"wordCount\":164,\"commentCount\":1,\"publisher\":{\"@id\":\"https:\/\/sandzakpress.net\/arhiva\/#\/schema\/person\/6e72b67d6e51910a1117b3b483ba20bd\"},\"image\":{\"@id\":\"https:\/\/sandzakpress.net\/arhiva\/u-toku-pregovori-za-pustanje-un-mirovnjaka-na-slobodu\/#primaryimage\"},\"thumbnailUrl\":\"https:\/\/sandzakpress.net\/arhiva\/wp-content\/uploads\/2014\/09\/u-toku-pregovori-za-pustanje-un-mirovnjaka-na-slobodu_trt-bosanski-29218.jpg\",\"keywords\":[\"Sirija\"],\"articleSection\":[\"Svijet\"],\"inLanguage\":\"bs-BA\",\"potentialAction\":[{\"@type\":\"CommentAction\",\"name\":\"Comment\",\"target\":[\"https:\/\/sandzakpress.net\/arhiva\/u-toku-pregovori-za-pustanje-un-mirovnjaka-na-slobodu\/#respond\"]}]},{\"@type\":\"WebPage\",\"@id\":\"https:\/\/sandzakpress.net\/arhiva\/u-toku-pregovori-za-pustanje-un-mirovnjaka-na-slobodu\/\",\"url\":\"https:\/\/sandzakpress.net\/arhiva\/u-toku-pregovori-za-pustanje-un-mirovnjaka-na-slobodu\/\",\"name\":\"U toku pregovori za pu\u0161tanje UN mirovnjaka na slobodu\",\"isPartOf\":{\"@id\":\"https:\/\/sandzakpress.net\/arhiva\/#website\"},\"primaryImageOfPage\":{\"@id\":\"https:\/\/sandzakpress.net\/arhiva\/u-toku-pregovori-za-pustanje-un-mirovnjaka-na-slobodu\/#primaryimage\"},\"image\":{\"@id\":\"https:\/\/sandzakpress.net\/arhiva\/u-toku-pregovori-za-pustanje-un-mirovnjaka-na-slobodu\/#primaryimage\"},\"thumbnailUrl\":\"https:\/\/sandzakpress.net\/arhiva\/wp-content\/uploads\/2014\/09\/u-toku-pregovori-za-pustanje-un-mirovnjaka-na-slobodu_trt-bosanski-29218.jpg\",\"datePublished\":\"2014-09-03T22:51:36+00:00\",\"breadcrumb\":{\"@id\":\"https:\/\/sandzakpress.net\/arhiva\/u-toku-pregovori-za-pustanje-un-mirovnjaka-na-slobodu\/#breadcrumb\"},\"inLanguage\":\"bs-BA\",\"potentialAction\":[{\"@type\":\"ReadAction\",\"target\":[\"https:\/\/sandzakpress.net\/arhiva\/u-toku-pregovori-za-pustanje-un-mirovnjaka-na-slobodu\/\"]}]},{\"@type\":\"ImageObject\",\"inLanguage\":\"bs-BA\",\"@id\":\"https:\/\/sandzakpress.net\/arhiva\/u-toku-pregovori-za-pustanje-un-mirovnjaka-na-slobodu\/#primaryimage\",\"url\":\"https:\/\/sandzakpress.net\/arhiva\/wp-content\/uploads\/2014\/09\/u-toku-pregovori-za-pustanje-un-mirovnjaka-na-slobodu_trt-bosanski-29218.jpg\",\"contentUrl\":\"https:\/\/sandzakpress.net\/arhiva\/wp-content\/uploads\/2014\/09\/u-toku-pregovori-za-pustanje-un-mirovnjaka-na-slobodu_trt-bosanski-29218.jpg\",\"width\":600,\"height\":363},{\"@type\":\"BreadcrumbList\",\"@id\":\"https:\/\/sandzakpress.net\/arhiva\/u-toku-pregovori-za-pustanje-un-mirovnjaka-na-slobodu\/#breadcrumb\",\"itemListElement\":[{\"@type\":\"ListItem\",\"position\":1,\"name\":\"Home\",\"item\":\"https:\/\/sandzakpress.net\/arhiva\/\"},{\"@type\":\"ListItem\",\"position\":2,\"name\":\"U toku pregovori za pu\u0161tanje UN mirovnjaka na slobodu\"}]},{\"@type\":\"WebSite\",\"@id\":\"https:\/\/sandzakpress.net\/arhiva\/#website\",\"url\":\"https:\/\/sandzakpress.net\/arhiva\/\",\"name\":\"Sand\u017eak PRESS\",\"description\":\"Prve elektronske novine u Sand\u017eaku\",\"publisher\":{\"@id\":\"https:\/\/sandzakpress.net\/arhiva\/#\/schema\/person\/6e72b67d6e51910a1117b3b483ba20bd\"},\"potentialAction\":[{\"@type\":\"SearchAction\",\"target\":{\"@type\":\"EntryPoint\",\"urlTemplate\":\"https:\/\/sandzakpress.net\/arhiva\/?s={search_term_string}\"},\"query-input\":{\"@type\":\"PropertyValueSpecification\",\"valueRequired\":true,\"valueName\":\"search_term_string\"}}],\"inLanguage\":\"bs-BA\"},{\"@type\":[\"Person\",\"Organization\"],\"@id\":\"https:\/\/sandzakpress.net\/arhiva\/#\/schema\/person\/6e72b67d6e51910a1117b3b483ba20bd\",\"name\":\"Kul\",\"image\":{\"@type\":\"ImageObject\",\"inLanguage\":\"bs-BA\",\"@id\":\"https:\/\/sandzakpress.net\/arhiva\/#\/schema\/person\/image\/\",\"url\":\"https:\/\/secure.gravatar.com\/avatar\/42263f39aa27ac04c43cab85c280eb2e?s=96&d=mm&r=pg\",\"contentUrl\":\"https:\/\/secure.gravatar.com\/avatar\/42263f39aa27ac04c43cab85c280eb2e?s=96&d=mm&r=pg\",\"caption\":\"Kul\"},\"logo\":{\"@id\":\"https:\/\/sandzakpress.net\/arhiva\/#\/schema\/person\/image\/\"}},{\"@type\":\"Person\",\"@id\":\"https:\/\/sandzakpress.net\/arhiva\/#\/schema\/person\/c8baee722073534b583ea7bdb2e36c02\",\"name\":\"bosniak\",\"image\":{\"@type\":\"ImageObject\",\"inLanguage\":\"bs-BA\",\"@id\":\"https:\/\/sandzakpress.net\/arhiva\/#\/schema\/person\/image\/\",\"url\":\"https:\/\/secure.gravatar.com\/avatar\/a04fd330bfe3a36a72a0ad4a6d89fca7?s=96&d=mm&r=pg\",\"contentUrl\":\"https:\/\/secure.gravatar.com\/avatar\/a04fd330bfe3a36a72a0ad4a6d89fca7?s=96&d=mm&r=pg\",\"caption\":\"bosniak\"},\"url\":\"https:\/\/sandzakpress.net\/arhiva\/author\/bosniak\/\"}]}<\/script>\n<!-- \/ Yoast SEO Premium plugin. -->","yoast_head_json":{"title":"U toku pregovori za pu\u0161tanje UN mirovnjaka na slobodu","robots":{"index":"index","follow":"follow","max-snippet":"max-snippet:-1","max-image-preview":"max-image-preview:large","max-video-preview":"max-video-preview:-1"},"canonical":"https:\/\/sandzakpress.net\/arhiva\/u-toku-pregovori-za-pustanje-un-mirovnjaka-na-slobodu\/","og_locale":"bs_BA","og_type":"article","og_title":"U toku pregovori za pu\u0161tanje UN mirovnjaka na slobodu","og_description":"Sirija &#8211; Nastavljeni su pregovori sa teroristi\u010dkom organizacijom Front En-Nusra, koja u zarobljeni\u0161tvu dr\u017ei 44 pripadnika mirovne misije Ujedinjenih nacija na Golanskoj visoravni. Za pu\u0161tanje mirovnjaka sa Fid\u017eija na slobodu, en-Nusra je postavila tri uslova. Najprije \u017eeli da se u regije oko Damaska dostavi humanitarna pomo\u0107, zatim tra\u017ei da se en-Nusra skine sa UN-ove liste [&hellip;]","og_url":"https:\/\/sandzakpress.net\/arhiva\/u-toku-pregovori-za-pustanje-un-mirovnjaka-na-slobodu\/","og_site_name":"Sand\u017eak PRESS","article_published_time":"2014-09-03T22:51:36+00:00","og_image":[{"width":600,"height":363,"url":"https:\/\/sandzakpress.net\/arhiva\/wp-content\/uploads\/2014\/09\/u-toku-pregovori-za-pustanje-un-mirovnjaka-na-slobodu_trt-bosanski-29218.jpg","type":"image\/jpeg"}],"author":"bosniak","twitter_card":"summary_large_image","twitter_misc":{"Written by":"bosniak","Est. reading time":"1 minuta"},"schema":{"@context":"https:\/\/schema.org","@graph":[{"@type":"Article","@id":"https:\/\/sandzakpress.net\/arhiva\/u-toku-pregovori-za-pustanje-un-mirovnjaka-na-slobodu\/#article","isPartOf":{"@id":"https:\/\/sandzakpress.net\/arhiva\/u-toku-pregovori-za-pustanje-un-mirovnjaka-na-slobodu\/"},"author":{"name":"bosniak","@id":"https:\/\/sandzakpress.net\/arhiva\/#\/schema\/person\/c8baee722073534b583ea7bdb2e36c02"},"headline":"U toku pregovori za pu\u0161tanje UN mirovnjaka na slobodu","datePublished":"2014-09-03T22:51:36+00:00","mainEntityOfPage":{"@id":"https:\/\/sandzakpress.net\/arhiva\/u-toku-pregovori-za-pustanje-un-mirovnjaka-na-slobodu\/"},"wordCount":164,"commentCount":1,"publisher":{"@id":"https:\/\/sandzakpress.net\/arhiva\/#\/schema\/person\/6e72b67d6e51910a1117b3b483ba20bd"},"image":{"@id":"https:\/\/sandzakpress.net\/arhiva\/u-toku-pregovori-za-pustanje-un-mirovnjaka-na-slobodu\/#primaryimage"},"thumbnailUrl":"https:\/\/sandzakpress.net\/arhiva\/wp-content\/uploads\/2014\/09\/u-toku-pregovori-za-pustanje-un-mirovnjaka-na-slobodu_trt-bosanski-29218.jpg","keywords":["Sirija"],"articleSection":["Svijet"],"inLanguage":"bs-BA","potentialAction":[{"@type":"CommentAction","name":"Comment","target":["https:\/\/sandzakpress.net\/arhiva\/u-toku-pregovori-za-pustanje-un-mirovnjaka-na-slobodu\/#respond"]}]},{"@type":"WebPage","@id":"https:\/\/sandzakpress.net\/arhiva\/u-toku-pregovori-za-pustanje-un-mirovnjaka-na-slobodu\/","url":"https:\/\/sandzakpress.net\/arhiva\/u-toku-pregovori-za-pustanje-un-mirovnjaka-na-slobodu\/","name":"U toku pregovori za pu\u0161tanje UN mirovnjaka na slobodu","isPartOf":{"@id":"https:\/\/sandzakpress.net\/arhiva\/#website"},"primaryImageOfPage":{"@id":"https:\/\/sandzakpress.net\/arhiva\/u-toku-pregovori-za-pustanje-un-mirovnjaka-na-slobodu\/#primaryimage"},"image":{"@id":"https:\/\/sandzakpress.net\/arhiva\/u-toku-pregovori-za-pustanje-un-mirovnjaka-na-slobodu\/#primaryimage"},"thumbnailUrl":"https:\/\/sandzakpress.net\/arhiva\/wp-content\/uploads\/2014\/09\/u-toku-pregovori-za-pustanje-un-mirovnjaka-na-slobodu_trt-bosanski-29218.jpg","datePublished":"2014-09-03T22:51:36+00:00","breadcrumb":{"@id":"https:\/\/sandzakpress.net\/arhiva\/u-toku-pregovori-za-pustanje-un-mirovnjaka-na-slobodu\/#breadcrumb"},"inLanguage":"bs-BA","potentialAction":[{"@type":"ReadAction","target":["https:\/\/sandzakpress.net\/arhiva\/u-toku-pregovori-za-pustanje-un-mirovnjaka-na-slobodu\/"]}]},{"@type":"ImageObject","inLanguage":"bs-BA","@id":"https:\/\/sandzakpress.net\/arhiva\/u-toku-pregovori-za-pustanje-un-mirovnjaka-na-slobodu\/#primaryimage","url":"https:\/\/sandzakpress.net\/arhiva\/wp-content\/uploads\/2014\/09\/u-toku-pregovori-za-pustanje-un-mirovnjaka-na-slobodu_trt-bosanski-29218.jpg","contentUrl":"https:\/\/sandzakpress.net\/arhiva\/wp-content\/uploads\/2014\/09\/u-toku-pregovori-za-pustanje-un-mirovnjaka-na-slobodu_trt-bosanski-29218.jpg","width":600,"height":363},{"@type":"BreadcrumbList","@id":"https:\/\/sandzakpress.net\/arhiva\/u-toku-pregovori-za-pustanje-un-mirovnjaka-na-slobodu\/#breadcrumb","itemListElement":[{"@type":"ListItem","position":1,"name":"Home","item":"https:\/\/sandzakpress.net\/arhiva\/"},{"@type":"ListItem","position":2,"name":"U toku pregovori za pu\u0161tanje UN mirovnjaka na slobodu"}]},{"@type":"WebSite","@id":"https:\/\/sandzakpress.net\/arhiva\/#website","url":"https:\/\/sandzakpress.net\/arhiva\/","name":"Sand\u017eak PRESS","description":"Prve elektronske novine u Sand\u017eaku","publisher":{"@id":"https:\/\/sandzakpress.net\/arhiva\/#\/schema\/person\/6e72b67d6e51910a1117b3b483ba20bd"},"potentialAction":[{"@type":"SearchAction","target":{"@type":"EntryPoint","urlTemplate":"https:\/\/sandzakpress.net\/arhiva\/?s={search_term_string}"},"query-input":{"@type":"PropertyValueSpecification","valueRequired":true,"valueName":"search_term_string"}}],"inLanguage":"bs-BA"},{"@type":["Person","Organization"],"@id":"https:\/\/sandzakpress.net\/arhiva\/#\/schema\/person\/6e72b67d6e51910a1117b3b483ba20bd","name":"Kul","image":{"@type":"ImageObject","inLanguage":"bs-BA","@id":"https:\/\/sandzakpress.net\/arhiva\/#\/schema\/person\/image\/","url":"https:\/\/secure.gravatar.com\/avatar\/42263f39aa27ac04c43cab85c280eb2e?s=96&d=mm&r=pg","contentUrl":"https:\/\/secure.gravatar.com\/avatar\/42263f39aa27ac04c43cab85c280eb2e?s=96&d=mm&r=pg","caption":"Kul"},"logo":{"@id":"https:\/\/sandzakpress.net\/arhiva\/#\/schema\/person\/image\/"}},{"@type":"Person","@id":"https:\/\/sandzakpress.net\/arhiva\/#\/schema\/person\/c8baee722073534b583ea7bdb2e36c02","name":"bosniak","image":{"@type":"ImageObject","inLanguage":"bs-BA","@id":"https:\/\/sandzakpress.net\/arhiva\/#\/schema\/person\/image\/","url":"https:\/\/secure.gravatar.com\/avatar\/a04fd330bfe3a36a72a0ad4a6d89fca7?s=96&d=mm&r=pg","contentUrl":"https:\/\/secure.gravatar.com\/avatar\/a04fd330bfe3a36a72a0ad4a6d89fca7?s=96&d=mm&r=pg","caption":"bosniak"},"url":"https:\/\/sandzakpress.net\/arhiva\/author\/bosniak\/"}]}},"_links":{"self":[{"href":"https:\/\/sandzakpress.net\/arhiva\/wp-json\/wp\/v2\/posts\/111222"}],"collection":[{"href":"https:\/\/sandzakpress.net\/arhiva\/wp-json\/wp\/v2\/posts"}],"about":[{"href":"https:\/\/sandzakpress.net\/arhiva\/wp-json\/wp\/v2\/types\/post"}],"author":[{"embeddable":true,"href":"https:\/\/sandzakpress.net\/arhiva\/wp-json\/wp\/v2\/users\/83"}],"replies":[{"embeddable":true,"href":"https:\/\/sandzakpress.net\/arhiva\/wp-json\/wp\/v2\/comments?post=111222"}],"version-history":[{"count":0,"href":"https:\/\/sandzakpress.net\/arhiva\/wp-json\/wp\/v2\/posts\/111222\/revisions"}],"wp:featuredmedia":[{"embeddable":true,"href":"https:\/\/sandzakpress.net\/arhiva\/wp-json\/wp\/v2\/media\/111223"}],"wp:attachment":[{"href":"https:\/\/sandzakpress.net\/arhiva\/wp-json\/wp\/v2\/media?parent=111222"}],"wp:term":[{"taxonomy":"category","embeddable":true,"href":"https:\/\/sandzakpress.net\/arhiva\/wp-json\/wp\/v2\/categories?post=111222"},{"taxonomy":"post_tag","embeddable":true,"href":"https:\/\/sandzakpress.net\/arhiva\/wp-json\/wp\/v2\/tags?post=111222"}],"curies":[{"name":"wp","href":"https:\/\/api.w.org\/{rel}","templated":true}]}}