{"id":111170,"date":"2014-09-03T01:51:12","date_gmt":"2014-09-02T23:51:12","guid":{"rendered":"https:\/\/sandzakpress.net\/arhiva\/?p=111170"},"modified":"2014-09-03T01:51:12","modified_gmt":"2014-09-02T23:51:12","slug":"euromost-bijelo-polje-da-pokrene-inicijativu-za-izgradnju-regionalne-deponije","status":"publish","type":"post","link":"https:\/\/sandzakpress.net\/arhiva\/euromost-bijelo-polje-da-pokrene-inicijativu-za-izgradnju-regionalne-deponije\/","title":{"rendered":"Euromost: Bijelo Polje da pokrene inicijativu za izgradnju regionalne deponije"},"content":{"rendered":"<p><a href=\"https:\/\/sandzakpress.net\/arhiva\/wp-content\/uploads\/2014\/09\/deponija.jpg\"><img loading=\"lazy\" decoding=\"async\" class=\"aligncenter size-full wp-image-111171\" src=\"https:\/\/sandzakpress.net\/arhiva\/wp-content\/uploads\/2014\/09\/deponija.jpg\" alt=\"deponija\" width=\"900\" height=\"598\" srcset=\"https:\/\/sandzakpress.net\/arhiva\/wp-content\/uploads\/2014\/09\/deponija.jpg 900w, https:\/\/sandzakpress.net\/arhiva\/wp-content\/uploads\/2014\/09\/deponija-616x409.jpg 616w\" sizes=\"(max-width: 900px) 100vw, 900px\" \/><\/a><\/p>\n<p><strong>Bijelo Polje &#8211;\u00a0<span style=\"color: #000000;\">Op\u0161tina Bijelo Polje mora odmah pokrenuti inicijativu za izgradnju regionalne deponije na sjeveru, u slu\u010daju da se ne dogovori sa drugim op\u0161tinama u tom dijelu zemlje, kazali su u nevladinoj organizaciji Euromost.<\/span><\/strong><\/p>\n<p>U toj organizaciji isti\u010du i da Op\u0161tina Bijelo Polje mora tra\u017eiti lokaciju za izgradnju svoje deponije jer je sada\u0161nja, privremena deponija koja se nalazi u mjestu Dobrakovo, planirana do 2016. godine odlukom lokalne skup\u0161tine.<\/p>\n<p style=\"color: #000000;\">\u201cVe\u0107 smo zatra\u017eili od Op\u0161tine Bijelo Polje da pokrene ovu inicijativu i dobili smo pozitivan odgovor. Predlo\u017eili \u00a0smo da \u00a0se prvo organizuje zajedni\u010dki sastanak predsjednika op\u0161tina sasjevera Crne Gore, uz prisustvo predstavnika resornih ministarstava, agencije za za\u0161titu \u017eivotne sredine, Kancelarije Evropske unije EU u Podgorici, stru\u010dnjaka u ovoj oblasti kao i nevladinih organizacija koje se bave za\u0161titom \u017eivotne sredine i da svi iskoriste svoje resurse i pomognu da se rije\u0161e ovaj problem\u201d, saop\u0161teno je iz Euromosta.<\/p>\n<p style=\"color: #000000;\">Predsjednici op\u0161tina na sjeveru moraju, isti\u010du u Euromostu, zajedno da rade i grade sjeverni region.<\/p>\n<p style=\"color: #000000;\">\u201cSigurni smo da su sada\u0161nji predsjednici Op\u0161tina sposobni i spremni da sve u\u010dine na polju razvijanja sjevernog \u00a0regiona uz pomo\u0107 Vlade Crne Gore, jer se sjever mora ma\u0107i sa dna na koji je pao. Rezlutat ovog sastanka treba da bude podsticaj i u drugim zajedni\u010dkim aktivnostima za razvoj sjevera, koji bi rezultirao spre\u010davanjem iseljavanja gra\u0111ana iz ovoga regiona kao i mogu\u0107i povratak\u201d, zaklju\u010dili su u Euromostu.<\/p>\n<p style=\"color: #000000;\">(cdm)<\/p>\n","protected":false},"excerpt":{"rendered":"<p>Bijelo Polje &#8211;\u00a0Op\u0161tina Bijelo Polje mora odmah pokrenuti inicijativu za izgradnju regionalne deponije na sjeveru, u slu\u010daju da se ne dogovori sa drugim op\u0161tinama u tom dijelu zemlje, kazali su u nevladinoj organizaciji Euromost. U toj organizaciji isti\u010du i da Op\u0161tina Bijelo Polje mora tra\u017eiti lokaciju za izgradnju svoje deponije jer je sada\u0161nja, privremena deponija [&hellip;]<\/p>\n","protected":false},"author":83,"featured_media":111171,"comment_status":"open","ping_status":"open","sticky":false,"template":"","format":"standard","meta":{"footnotes":""},"categories":[3,396],"tags":[],"class_list":{"0":"post-111170","1":"post","2":"type-post","3":"status-publish","4":"format-standard","5":"has-post-thumbnail","7":"category-privreda","8":"category-bijelo_polje"},"yoast_head":"<!-- This site is optimized with the Yoast SEO Premium plugin v23.1 (Yoast SEO v24.9) - https:\/\/yoast.com\/wordpress\/plugins\/seo\/ -->\n<title>Euromost: Bijelo Polje da pokrene inicijativu za izgradnju regionalne deponije<\/title>\n<meta name=\"robots\" content=\"index, follow, max-snippet:-1, max-image-preview:large, max-video-preview:-1\" \/>\n<link rel=\"canonical\" href=\"https:\/\/sandzakpress.net\/arhiva\/euromost-bijelo-polje-da-pokrene-inicijativu-za-izgradnju-regionalne-deponije\/\" \/>\n<meta property=\"og:locale\" content=\"bs_BA\" \/>\n<meta property=\"og:type\" content=\"article\" \/>\n<meta property=\"og:title\" content=\"Euromost: Bijelo Polje da pokrene inicijativu za izgradnju regionalne deponije\" \/>\n<meta property=\"og:description\" content=\"Bijelo Polje &#8211;\u00a0Op\u0161tina Bijelo Polje mora odmah pokrenuti inicijativu za izgradnju regionalne deponije na sjeveru, u slu\u010daju da se ne dogovori sa drugim op\u0161tinama u tom dijelu zemlje, kazali su u nevladinoj organizaciji Euromost. U toj organizaciji isti\u010du i da Op\u0161tina Bijelo Polje mora tra\u017eiti lokaciju za izgradnju svoje deponije jer je sada\u0161nja, privremena deponija [&hellip;]\" \/>\n<meta property=\"og:url\" content=\"https:\/\/sandzakpress.net\/arhiva\/euromost-bijelo-polje-da-pokrene-inicijativu-za-izgradnju-regionalne-deponije\/\" \/>\n<meta property=\"og:site_name\" content=\"Sand\u017eak PRESS\" \/>\n<meta property=\"article:published_time\" content=\"2014-09-02T23:51:12+00:00\" \/>\n<meta property=\"og:image\" content=\"https:\/\/sandzakpress.net\/arhiva\/wp-content\/uploads\/2014\/09\/deponija.jpg\" \/>\n\t<meta property=\"og:image:width\" content=\"900\" \/>\n\t<meta property=\"og:image:height\" content=\"598\" \/>\n\t<meta property=\"og:image:type\" content=\"image\/jpeg\" \/>\n<meta name=\"author\" content=\"bosniak\" \/>\n<meta name=\"twitter:card\" content=\"summary_large_image\" \/>\n<meta name=\"twitter:label1\" content=\"Written by\" \/>\n\t<meta name=\"twitter:data1\" content=\"bosniak\" \/>\n\t<meta name=\"twitter:label2\" content=\"Est. reading time\" \/>\n\t<meta name=\"twitter:data2\" content=\"1 minuta\" \/>\n<script type=\"application\/ld+json\" class=\"yoast-schema-graph\">{\"@context\":\"https:\/\/schema.org\",\"@graph\":[{\"@type\":\"Article\",\"@id\":\"https:\/\/sandzakpress.net\/arhiva\/euromost-bijelo-polje-da-pokrene-inicijativu-za-izgradnju-regionalne-deponije\/#article\",\"isPartOf\":{\"@id\":\"https:\/\/sandzakpress.net\/arhiva\/euromost-bijelo-polje-da-pokrene-inicijativu-za-izgradnju-regionalne-deponije\/\"},\"author\":{\"name\":\"bosniak\",\"@id\":\"https:\/\/sandzakpress.net\/arhiva\/#\/schema\/person\/c8baee722073534b583ea7bdb2e36c02\"},\"headline\":\"Euromost: Bijelo Polje da pokrene inicijativu za izgradnju regionalne deponije\",\"datePublished\":\"2014-09-02T23:51:12+00:00\",\"mainEntityOfPage\":{\"@id\":\"https:\/\/sandzakpress.net\/arhiva\/euromost-bijelo-polje-da-pokrene-inicijativu-za-izgradnju-regionalne-deponije\/\"},\"wordCount\":265,\"commentCount\":0,\"publisher\":{\"@id\":\"https:\/\/sandzakpress.net\/arhiva\/#\/schema\/person\/6e72b67d6e51910a1117b3b483ba20bd\"},\"image\":{\"@id\":\"https:\/\/sandzakpress.net\/arhiva\/euromost-bijelo-polje-da-pokrene-inicijativu-za-izgradnju-regionalne-deponije\/#primaryimage\"},\"thumbnailUrl\":\"https:\/\/sandzakpress.net\/arhiva\/wp-content\/uploads\/2014\/09\/deponija.jpg\",\"articleSection\":[\"Privreda\",\"Bijelo Polje\"],\"inLanguage\":\"bs-BA\",\"potentialAction\":[{\"@type\":\"CommentAction\",\"name\":\"Comment\",\"target\":[\"https:\/\/sandzakpress.net\/arhiva\/euromost-bijelo-polje-da-pokrene-inicijativu-za-izgradnju-regionalne-deponije\/#respond\"]}]},{\"@type\":\"WebPage\",\"@id\":\"https:\/\/sandzakpress.net\/arhiva\/euromost-bijelo-polje-da-pokrene-inicijativu-za-izgradnju-regionalne-deponije\/\",\"url\":\"https:\/\/sandzakpress.net\/arhiva\/euromost-bijelo-polje-da-pokrene-inicijativu-za-izgradnju-regionalne-deponije\/\",\"name\":\"Euromost: Bijelo Polje da pokrene inicijativu za izgradnju regionalne deponije\",\"isPartOf\":{\"@id\":\"https:\/\/sandzakpress.net\/arhiva\/#website\"},\"primaryImageOfPage\":{\"@id\":\"https:\/\/sandzakpress.net\/arhiva\/euromost-bijelo-polje-da-pokrene-inicijativu-za-izgradnju-regionalne-deponije\/#primaryimage\"},\"image\":{\"@id\":\"https:\/\/sandzakpress.net\/arhiva\/euromost-bijelo-polje-da-pokrene-inicijativu-za-izgradnju-regionalne-deponije\/#primaryimage\"},\"thumbnailUrl\":\"https:\/\/sandzakpress.net\/arhiva\/wp-content\/uploads\/2014\/09\/deponija.jpg\",\"datePublished\":\"2014-09-02T23:51:12+00:00\",\"breadcrumb\":{\"@id\":\"https:\/\/sandzakpress.net\/arhiva\/euromost-bijelo-polje-da-pokrene-inicijativu-za-izgradnju-regionalne-deponije\/#breadcrumb\"},\"inLanguage\":\"bs-BA\",\"potentialAction\":[{\"@type\":\"ReadAction\",\"target\":[\"https:\/\/sandzakpress.net\/arhiva\/euromost-bijelo-polje-da-pokrene-inicijativu-za-izgradnju-regionalne-deponije\/\"]}]},{\"@type\":\"ImageObject\",\"inLanguage\":\"bs-BA\",\"@id\":\"https:\/\/sandzakpress.net\/arhiva\/euromost-bijelo-polje-da-pokrene-inicijativu-za-izgradnju-regionalne-deponije\/#primaryimage\",\"url\":\"https:\/\/sandzakpress.net\/arhiva\/wp-content\/uploads\/2014\/09\/deponija.jpg\",\"contentUrl\":\"https:\/\/sandzakpress.net\/arhiva\/wp-content\/uploads\/2014\/09\/deponija.jpg\",\"width\":900,\"height\":598},{\"@type\":\"BreadcrumbList\",\"@id\":\"https:\/\/sandzakpress.net\/arhiva\/euromost-bijelo-polje-da-pokrene-inicijativu-za-izgradnju-regionalne-deponije\/#breadcrumb\",\"itemListElement\":[{\"@type\":\"ListItem\",\"position\":1,\"name\":\"Home\",\"item\":\"https:\/\/sandzakpress.net\/arhiva\/\"},{\"@type\":\"ListItem\",\"position\":2,\"name\":\"Euromost: Bijelo Polje da pokrene inicijativu za izgradnju regionalne deponije\"}]},{\"@type\":\"WebSite\",\"@id\":\"https:\/\/sandzakpress.net\/arhiva\/#website\",\"url\":\"https:\/\/sandzakpress.net\/arhiva\/\",\"name\":\"Sand\u017eak PRESS\",\"description\":\"Prve elektronske novine u Sand\u017eaku\",\"publisher\":{\"@id\":\"https:\/\/sandzakpress.net\/arhiva\/#\/schema\/person\/6e72b67d6e51910a1117b3b483ba20bd\"},\"potentialAction\":[{\"@type\":\"SearchAction\",\"target\":{\"@type\":\"EntryPoint\",\"urlTemplate\":\"https:\/\/sandzakpress.net\/arhiva\/?s={search_term_string}\"},\"query-input\":{\"@type\":\"PropertyValueSpecification\",\"valueRequired\":true,\"valueName\":\"search_term_string\"}}],\"inLanguage\":\"bs-BA\"},{\"@type\":[\"Person\",\"Organization\"],\"@id\":\"https:\/\/sandzakpress.net\/arhiva\/#\/schema\/person\/6e72b67d6e51910a1117b3b483ba20bd\",\"name\":\"Kul\",\"image\":{\"@type\":\"ImageObject\",\"inLanguage\":\"bs-BA\",\"@id\":\"https:\/\/sandzakpress.net\/arhiva\/#\/schema\/person\/image\/\",\"url\":\"https:\/\/secure.gravatar.com\/avatar\/42263f39aa27ac04c43cab85c280eb2e?s=96&d=mm&r=pg\",\"contentUrl\":\"https:\/\/secure.gravatar.com\/avatar\/42263f39aa27ac04c43cab85c280eb2e?s=96&d=mm&r=pg\",\"caption\":\"Kul\"},\"logo\":{\"@id\":\"https:\/\/sandzakpress.net\/arhiva\/#\/schema\/person\/image\/\"}},{\"@type\":\"Person\",\"@id\":\"https:\/\/sandzakpress.net\/arhiva\/#\/schema\/person\/c8baee722073534b583ea7bdb2e36c02\",\"name\":\"bosniak\",\"image\":{\"@type\":\"ImageObject\",\"inLanguage\":\"bs-BA\",\"@id\":\"https:\/\/sandzakpress.net\/arhiva\/#\/schema\/person\/image\/\",\"url\":\"https:\/\/secure.gravatar.com\/avatar\/a04fd330bfe3a36a72a0ad4a6d89fca7?s=96&d=mm&r=pg\",\"contentUrl\":\"https:\/\/secure.gravatar.com\/avatar\/a04fd330bfe3a36a72a0ad4a6d89fca7?s=96&d=mm&r=pg\",\"caption\":\"bosniak\"},\"url\":\"https:\/\/sandzakpress.net\/arhiva\/author\/bosniak\/\"}]}<\/script>\n<!-- \/ Yoast SEO Premium plugin. -->","yoast_head_json":{"title":"Euromost: Bijelo Polje da pokrene inicijativu za izgradnju regionalne deponije","robots":{"index":"index","follow":"follow","max-snippet":"max-snippet:-1","max-image-preview":"max-image-preview:large","max-video-preview":"max-video-preview:-1"},"canonical":"https:\/\/sandzakpress.net\/arhiva\/euromost-bijelo-polje-da-pokrene-inicijativu-za-izgradnju-regionalne-deponije\/","og_locale":"bs_BA","og_type":"article","og_title":"Euromost: Bijelo Polje da pokrene inicijativu za izgradnju regionalne deponije","og_description":"Bijelo Polje &#8211;\u00a0Op\u0161tina Bijelo Polje mora odmah pokrenuti inicijativu za izgradnju regionalne deponije na sjeveru, u slu\u010daju da se ne dogovori sa drugim op\u0161tinama u tom dijelu zemlje, kazali su u nevladinoj organizaciji Euromost. U toj organizaciji isti\u010du i da Op\u0161tina Bijelo Polje mora tra\u017eiti lokaciju za izgradnju svoje deponije jer je sada\u0161nja, privremena deponija [&hellip;]","og_url":"https:\/\/sandzakpress.net\/arhiva\/euromost-bijelo-polje-da-pokrene-inicijativu-za-izgradnju-regionalne-deponije\/","og_site_name":"Sand\u017eak PRESS","article_published_time":"2014-09-02T23:51:12+00:00","og_image":[{"width":900,"height":598,"url":"https:\/\/sandzakpress.net\/arhiva\/wp-content\/uploads\/2014\/09\/deponija.jpg","type":"image\/jpeg"}],"author":"bosniak","twitter_card":"summary_large_image","twitter_misc":{"Written by":"bosniak","Est. reading time":"1 minuta"},"schema":{"@context":"https:\/\/schema.org","@graph":[{"@type":"Article","@id":"https:\/\/sandzakpress.net\/arhiva\/euromost-bijelo-polje-da-pokrene-inicijativu-za-izgradnju-regionalne-deponije\/#article","isPartOf":{"@id":"https:\/\/sandzakpress.net\/arhiva\/euromost-bijelo-polje-da-pokrene-inicijativu-za-izgradnju-regionalne-deponije\/"},"author":{"name":"bosniak","@id":"https:\/\/sandzakpress.net\/arhiva\/#\/schema\/person\/c8baee722073534b583ea7bdb2e36c02"},"headline":"Euromost: Bijelo Polje da pokrene inicijativu za izgradnju regionalne deponije","datePublished":"2014-09-02T23:51:12+00:00","mainEntityOfPage":{"@id":"https:\/\/sandzakpress.net\/arhiva\/euromost-bijelo-polje-da-pokrene-inicijativu-za-izgradnju-regionalne-deponije\/"},"wordCount":265,"commentCount":0,"publisher":{"@id":"https:\/\/sandzakpress.net\/arhiva\/#\/schema\/person\/6e72b67d6e51910a1117b3b483ba20bd"},"image":{"@id":"https:\/\/sandzakpress.net\/arhiva\/euromost-bijelo-polje-da-pokrene-inicijativu-za-izgradnju-regionalne-deponije\/#primaryimage"},"thumbnailUrl":"https:\/\/sandzakpress.net\/arhiva\/wp-content\/uploads\/2014\/09\/deponija.jpg","articleSection":["Privreda","Bijelo Polje"],"inLanguage":"bs-BA","potentialAction":[{"@type":"CommentAction","name":"Comment","target":["https:\/\/sandzakpress.net\/arhiva\/euromost-bijelo-polje-da-pokrene-inicijativu-za-izgradnju-regionalne-deponije\/#respond"]}]},{"@type":"WebPage","@id":"https:\/\/sandzakpress.net\/arhiva\/euromost-bijelo-polje-da-pokrene-inicijativu-za-izgradnju-regionalne-deponije\/","url":"https:\/\/sandzakpress.net\/arhiva\/euromost-bijelo-polje-da-pokrene-inicijativu-za-izgradnju-regionalne-deponije\/","name":"Euromost: Bijelo Polje da pokrene inicijativu za izgradnju regionalne deponije","isPartOf":{"@id":"https:\/\/sandzakpress.net\/arhiva\/#website"},"primaryImageOfPage":{"@id":"https:\/\/sandzakpress.net\/arhiva\/euromost-bijelo-polje-da-pokrene-inicijativu-za-izgradnju-regionalne-deponije\/#primaryimage"},"image":{"@id":"https:\/\/sandzakpress.net\/arhiva\/euromost-bijelo-polje-da-pokrene-inicijativu-za-izgradnju-regionalne-deponije\/#primaryimage"},"thumbnailUrl":"https:\/\/sandzakpress.net\/arhiva\/wp-content\/uploads\/2014\/09\/deponija.jpg","datePublished":"2014-09-02T23:51:12+00:00","breadcrumb":{"@id":"https:\/\/sandzakpress.net\/arhiva\/euromost-bijelo-polje-da-pokrene-inicijativu-za-izgradnju-regionalne-deponije\/#breadcrumb"},"inLanguage":"bs-BA","potentialAction":[{"@type":"ReadAction","target":["https:\/\/sandzakpress.net\/arhiva\/euromost-bijelo-polje-da-pokrene-inicijativu-za-izgradnju-regionalne-deponije\/"]}]},{"@type":"ImageObject","inLanguage":"bs-BA","@id":"https:\/\/sandzakpress.net\/arhiva\/euromost-bijelo-polje-da-pokrene-inicijativu-za-izgradnju-regionalne-deponije\/#primaryimage","url":"https:\/\/sandzakpress.net\/arhiva\/wp-content\/uploads\/2014\/09\/deponija.jpg","contentUrl":"https:\/\/sandzakpress.net\/arhiva\/wp-content\/uploads\/2014\/09\/deponija.jpg","width":900,"height":598},{"@type":"BreadcrumbList","@id":"https:\/\/sandzakpress.net\/arhiva\/euromost-bijelo-polje-da-pokrene-inicijativu-za-izgradnju-regionalne-deponije\/#breadcrumb","itemListElement":[{"@type":"ListItem","position":1,"name":"Home","item":"https:\/\/sandzakpress.net\/arhiva\/"},{"@type":"ListItem","position":2,"name":"Euromost: Bijelo Polje da pokrene inicijativu za izgradnju regionalne deponije"}]},{"@type":"WebSite","@id":"https:\/\/sandzakpress.net\/arhiva\/#website","url":"https:\/\/sandzakpress.net\/arhiva\/","name":"Sand\u017eak PRESS","description":"Prve elektronske novine u Sand\u017eaku","publisher":{"@id":"https:\/\/sandzakpress.net\/arhiva\/#\/schema\/person\/6e72b67d6e51910a1117b3b483ba20bd"},"potentialAction":[{"@type":"SearchAction","target":{"@type":"EntryPoint","urlTemplate":"https:\/\/sandzakpress.net\/arhiva\/?s={search_term_string}"},"query-input":{"@type":"PropertyValueSpecification","valueRequired":true,"valueName":"search_term_string"}}],"inLanguage":"bs-BA"},{"@type":["Person","Organization"],"@id":"https:\/\/sandzakpress.net\/arhiva\/#\/schema\/person\/6e72b67d6e51910a1117b3b483ba20bd","name":"Kul","image":{"@type":"ImageObject","inLanguage":"bs-BA","@id":"https:\/\/sandzakpress.net\/arhiva\/#\/schema\/person\/image\/","url":"https:\/\/secure.gravatar.com\/avatar\/42263f39aa27ac04c43cab85c280eb2e?s=96&d=mm&r=pg","contentUrl":"https:\/\/secure.gravatar.com\/avatar\/42263f39aa27ac04c43cab85c280eb2e?s=96&d=mm&r=pg","caption":"Kul"},"logo":{"@id":"https:\/\/sandzakpress.net\/arhiva\/#\/schema\/person\/image\/"}},{"@type":"Person","@id":"https:\/\/sandzakpress.net\/arhiva\/#\/schema\/person\/c8baee722073534b583ea7bdb2e36c02","name":"bosniak","image":{"@type":"ImageObject","inLanguage":"bs-BA","@id":"https:\/\/sandzakpress.net\/arhiva\/#\/schema\/person\/image\/","url":"https:\/\/secure.gravatar.com\/avatar\/a04fd330bfe3a36a72a0ad4a6d89fca7?s=96&d=mm&r=pg","contentUrl":"https:\/\/secure.gravatar.com\/avatar\/a04fd330bfe3a36a72a0ad4a6d89fca7?s=96&d=mm&r=pg","caption":"bosniak"},"url":"https:\/\/sandzakpress.net\/arhiva\/author\/bosniak\/"}]}},"_links":{"self":[{"href":"https:\/\/sandzakpress.net\/arhiva\/wp-json\/wp\/v2\/posts\/111170"}],"collection":[{"href":"https:\/\/sandzakpress.net\/arhiva\/wp-json\/wp\/v2\/posts"}],"about":[{"href":"https:\/\/sandzakpress.net\/arhiva\/wp-json\/wp\/v2\/types\/post"}],"author":[{"embeddable":true,"href":"https:\/\/sandzakpress.net\/arhiva\/wp-json\/wp\/v2\/users\/83"}],"replies":[{"embeddable":true,"href":"https:\/\/sandzakpress.net\/arhiva\/wp-json\/wp\/v2\/comments?post=111170"}],"version-history":[{"count":0,"href":"https:\/\/sandzakpress.net\/arhiva\/wp-json\/wp\/v2\/posts\/111170\/revisions"}],"wp:featuredmedia":[{"embeddable":true,"href":"https:\/\/sandzakpress.net\/arhiva\/wp-json\/wp\/v2\/media\/111171"}],"wp:attachment":[{"href":"https:\/\/sandzakpress.net\/arhiva\/wp-json\/wp\/v2\/media?parent=111170"}],"wp:term":[{"taxonomy":"category","embeddable":true,"href":"https:\/\/sandzakpress.net\/arhiva\/wp-json\/wp\/v2\/categories?post=111170"},{"taxonomy":"post_tag","embeddable":true,"href":"https:\/\/sandzakpress.net\/arhiva\/wp-json\/wp\/v2\/tags?post=111170"}],"curies":[{"name":"wp","href":"https:\/\/api.w.org\/{rel}","templated":true}]}}