{"id":111166,"date":"2014-09-03T01:43:15","date_gmt":"2014-09-02T23:43:15","guid":{"rendered":"https:\/\/sandzakpress.net\/arhiva\/?p=111166"},"modified":"2014-09-03T01:43:15","modified_gmt":"2014-09-02T23:43:15","slug":"u-sukobima-u-benghaziju-ubijen-31-borac","status":"publish","type":"post","link":"https:\/\/sandzakpress.net\/arhiva\/u-sukobima-u-benghaziju-ubijen-31-borac\/","title":{"rendered":"U sukobima u Benghaziju ubijen 31 borac"},"content":{"rendered":"<p style=\"color: #323232;\"><a href=\"https:\/\/sandzakpress.net\/arhiva\/wp-content\/uploads\/2014\/09\/libija_bengazi_afp_getty.jpg\"><img loading=\"lazy\" decoding=\"async\" class=\"aligncenter size-full wp-image-111167\" src=\"https:\/\/sandzakpress.net\/arhiva\/wp-content\/uploads\/2014\/09\/libija_bengazi_afp_getty.jpg\" alt=\"libija_bengazi_afp_getty\" width=\"900\" height=\"574\" srcset=\"https:\/\/sandzakpress.net\/arhiva\/wp-content\/uploads\/2014\/09\/libija_bengazi_afp_getty.jpg 900w, https:\/\/sandzakpress.net\/arhiva\/wp-content\/uploads\/2014\/09\/libija_bengazi_afp_getty-616x392.jpg 616w\" sizes=\"(max-width: 900px) 100vw, 900px\" \/><\/a><\/p>\n<p style=\"color: #323232;\"><strong>Libija &#8211; U sukobima boraca rivalskih milicija oko aerodroma u isto\u010dnom libijskom gradu Benghaziju ubijen je 31 borac, a 36 ih je ranjeno, najnoviji su podaci koje je saop\u0107io libijski sigurnosni zvani\u010dnik.<\/strong><\/p>\n<p style=\"color: #323232;\">Isti izvor je naveo da su \u017eestoke borbe izbile oko me\u0111unarodnog aerodroma &#8220;Benina&#8221; izme\u0111u lojalista generala Halifa Hiftera i grupe milicije Revolucionarnog vije\u0107a Benghazija &#8211; \u0160ura kasno u ponedjeljak nave\u010der po lokalnom vremenu, nakon \u0161to su avioni generala Hiftera napali pozicije te grupe, koji su odgovorili artiljerijskom vatrom.<\/p>\n<p style=\"color: #323232;\">Agencija AP prenosi rije\u010di neimenovanog zvani\u010dnika, koji je naveo da je general Hifter izgubio 20 boraca i suprotna strana jo\u0161 11 svojih pripadnika.<\/p>\n<p style=\"color: #323232;\">U istim sukobima 36 boraca je ukupno ranjeno, dodaje ameri\u010dka agencija.<\/p>\n<p style=\"color: #323232;\">U\u00a0Libiji\u00a0se ne smiruje nasilje me\u0111u naoru\u017eanim milicijama koje su u\u010destvovale u svrgavanju dugogodi\u0161njeg libijskog lidera Muammara Gaddafija prije tri godine.<\/p>\n<p style=\"color: #323232;\"><strong>Ostavka Vlade<\/strong><\/p>\n<p style=\"color: #323232;\">Naoru\u017eane milicije su se okrenule jedne protiv drugih u borbi za stjecanje politi\u010dke dominacije i raspolaganje velikim naftnim resursima Libije.<\/p>\n<p style=\"color: #323232;\">Premijer te zemlje i njegova Vlada prije nekoliko dana podnijeli su ostavku, kako bi oslobodili prostor za novi sastav baziran na izborima odr\u017eanim u junu.<\/p>\n<p style=\"color: #323232;\">Vlada Abdullaha al-Thinnija je izjavila da, u skladu s Ustavom Libije, podnosi ostavku, kako bi dozvolila novom zastupni\u010dkom domu formiranje nove vlade.<\/p>\n<p style=\"color: #323232;\">Zastupni\u010dki dom je zamijenio Generalni nacionalni kongres u junu, ali se morao preseliti u Tobruk, na istok zemlje, zbog uli\u010dnih borbi u Tripoliju.<\/p>\n<p style=\"color: #323232;\">(Al Jazeera)<\/p>\n","protected":false},"excerpt":{"rendered":"<p>Libija &#8211; U sukobima boraca rivalskih milicija oko aerodroma u isto\u010dnom libijskom gradu Benghaziju ubijen je 31 borac, a 36 ih je ranjeno, najnoviji su podaci koje je saop\u0107io libijski sigurnosni zvani\u010dnik. Isti izvor je naveo da su \u017eestoke borbe izbile oko me\u0111unarodnog aerodroma &#8220;Benina&#8221; izme\u0111u lojalista generala Halifa Hiftera i grupe milicije Revolucionarnog vije\u0107a [&hellip;]<\/p>\n","protected":false},"author":83,"featured_media":111167,"comment_status":"open","ping_status":"open","sticky":false,"template":"","format":"standard","meta":{"footnotes":""},"categories":[9],"tags":[10342],"class_list":{"0":"post-111166","1":"post","2":"type-post","3":"status-publish","4":"format-standard","5":"has-post-thumbnail","7":"category-svijet","8":"tag-libija"},"yoast_head":"<!-- This site is optimized with the Yoast SEO Premium plugin v23.1 (Yoast SEO v24.9) - https:\/\/yoast.com\/wordpress\/plugins\/seo\/ -->\n<title>U sukobima u Benghaziju ubijen 31 borac<\/title>\n<meta name=\"robots\" content=\"index, follow, max-snippet:-1, max-image-preview:large, max-video-preview:-1\" \/>\n<link rel=\"canonical\" href=\"https:\/\/sandzakpress.net\/arhiva\/u-sukobima-u-benghaziju-ubijen-31-borac\/\" \/>\n<meta property=\"og:locale\" content=\"bs_BA\" \/>\n<meta property=\"og:type\" content=\"article\" \/>\n<meta property=\"og:title\" content=\"U sukobima u Benghaziju ubijen 31 borac\" \/>\n<meta property=\"og:description\" content=\"Libija &#8211; U sukobima boraca rivalskih milicija oko aerodroma u isto\u010dnom libijskom gradu Benghaziju ubijen je 31 borac, a 36 ih je ranjeno, najnoviji su podaci koje je saop\u0107io libijski sigurnosni zvani\u010dnik. Isti izvor je naveo da su \u017eestoke borbe izbile oko me\u0111unarodnog aerodroma &#8220;Benina&#8221; izme\u0111u lojalista generala Halifa Hiftera i grupe milicije Revolucionarnog vije\u0107a [&hellip;]\" \/>\n<meta property=\"og:url\" content=\"https:\/\/sandzakpress.net\/arhiva\/u-sukobima-u-benghaziju-ubijen-31-borac\/\" \/>\n<meta property=\"og:site_name\" content=\"Sand\u017eak PRESS\" \/>\n<meta property=\"article:published_time\" content=\"2014-09-02T23:43:15+00:00\" \/>\n<meta property=\"og:image\" content=\"https:\/\/sandzakpress.net\/arhiva\/wp-content\/uploads\/2014\/09\/libija_bengazi_afp_getty.jpg\" \/>\n\t<meta property=\"og:image:width\" content=\"900\" \/>\n\t<meta property=\"og:image:height\" content=\"574\" \/>\n\t<meta property=\"og:image:type\" content=\"image\/jpeg\" \/>\n<meta name=\"author\" content=\"bosniak\" \/>\n<meta name=\"twitter:card\" content=\"summary_large_image\" \/>\n<meta name=\"twitter:label1\" content=\"Written by\" \/>\n\t<meta name=\"twitter:data1\" content=\"bosniak\" \/>\n\t<meta name=\"twitter:label2\" content=\"Est. reading time\" \/>\n\t<meta name=\"twitter:data2\" content=\"1 minuta\" \/>\n<script type=\"application\/ld+json\" class=\"yoast-schema-graph\">{\"@context\":\"https:\/\/schema.org\",\"@graph\":[{\"@type\":\"Article\",\"@id\":\"https:\/\/sandzakpress.net\/arhiva\/u-sukobima-u-benghaziju-ubijen-31-borac\/#article\",\"isPartOf\":{\"@id\":\"https:\/\/sandzakpress.net\/arhiva\/u-sukobima-u-benghaziju-ubijen-31-borac\/\"},\"author\":{\"name\":\"bosniak\",\"@id\":\"https:\/\/sandzakpress.net\/arhiva\/#\/schema\/person\/c8baee722073534b583ea7bdb2e36c02\"},\"headline\":\"U sukobima u Benghaziju ubijen 31 borac\",\"datePublished\":\"2014-09-02T23:43:15+00:00\",\"mainEntityOfPage\":{\"@id\":\"https:\/\/sandzakpress.net\/arhiva\/u-sukobima-u-benghaziju-ubijen-31-borac\/\"},\"wordCount\":251,\"commentCount\":3,\"publisher\":{\"@id\":\"https:\/\/sandzakpress.net\/arhiva\/#\/schema\/person\/6e72b67d6e51910a1117b3b483ba20bd\"},\"image\":{\"@id\":\"https:\/\/sandzakpress.net\/arhiva\/u-sukobima-u-benghaziju-ubijen-31-borac\/#primaryimage\"},\"thumbnailUrl\":\"https:\/\/sandzakpress.net\/arhiva\/wp-content\/uploads\/2014\/09\/libija_bengazi_afp_getty.jpg\",\"keywords\":[\"libija\"],\"articleSection\":[\"Svijet\"],\"inLanguage\":\"bs-BA\",\"potentialAction\":[{\"@type\":\"CommentAction\",\"name\":\"Comment\",\"target\":[\"https:\/\/sandzakpress.net\/arhiva\/u-sukobima-u-benghaziju-ubijen-31-borac\/#respond\"]}]},{\"@type\":\"WebPage\",\"@id\":\"https:\/\/sandzakpress.net\/arhiva\/u-sukobima-u-benghaziju-ubijen-31-borac\/\",\"url\":\"https:\/\/sandzakpress.net\/arhiva\/u-sukobima-u-benghaziju-ubijen-31-borac\/\",\"name\":\"U sukobima u Benghaziju ubijen 31 borac\",\"isPartOf\":{\"@id\":\"https:\/\/sandzakpress.net\/arhiva\/#website\"},\"primaryImageOfPage\":{\"@id\":\"https:\/\/sandzakpress.net\/arhiva\/u-sukobima-u-benghaziju-ubijen-31-borac\/#primaryimage\"},\"image\":{\"@id\":\"https:\/\/sandzakpress.net\/arhiva\/u-sukobima-u-benghaziju-ubijen-31-borac\/#primaryimage\"},\"thumbnailUrl\":\"https:\/\/sandzakpress.net\/arhiva\/wp-content\/uploads\/2014\/09\/libija_bengazi_afp_getty.jpg\",\"datePublished\":\"2014-09-02T23:43:15+00:00\",\"breadcrumb\":{\"@id\":\"https:\/\/sandzakpress.net\/arhiva\/u-sukobima-u-benghaziju-ubijen-31-borac\/#breadcrumb\"},\"inLanguage\":\"bs-BA\",\"potentialAction\":[{\"@type\":\"ReadAction\",\"target\":[\"https:\/\/sandzakpress.net\/arhiva\/u-sukobima-u-benghaziju-ubijen-31-borac\/\"]}]},{\"@type\":\"ImageObject\",\"inLanguage\":\"bs-BA\",\"@id\":\"https:\/\/sandzakpress.net\/arhiva\/u-sukobima-u-benghaziju-ubijen-31-borac\/#primaryimage\",\"url\":\"https:\/\/sandzakpress.net\/arhiva\/wp-content\/uploads\/2014\/09\/libija_bengazi_afp_getty.jpg\",\"contentUrl\":\"https:\/\/sandzakpress.net\/arhiva\/wp-content\/uploads\/2014\/09\/libija_bengazi_afp_getty.jpg\",\"width\":900,\"height\":574},{\"@type\":\"BreadcrumbList\",\"@id\":\"https:\/\/sandzakpress.net\/arhiva\/u-sukobima-u-benghaziju-ubijen-31-borac\/#breadcrumb\",\"itemListElement\":[{\"@type\":\"ListItem\",\"position\":1,\"name\":\"Home\",\"item\":\"https:\/\/sandzakpress.net\/arhiva\/\"},{\"@type\":\"ListItem\",\"position\":2,\"name\":\"U sukobima u Benghaziju ubijen 31 borac\"}]},{\"@type\":\"WebSite\",\"@id\":\"https:\/\/sandzakpress.net\/arhiva\/#website\",\"url\":\"https:\/\/sandzakpress.net\/arhiva\/\",\"name\":\"Sand\u017eak PRESS\",\"description\":\"Prve elektronske novine u Sand\u017eaku\",\"publisher\":{\"@id\":\"https:\/\/sandzakpress.net\/arhiva\/#\/schema\/person\/6e72b67d6e51910a1117b3b483ba20bd\"},\"potentialAction\":[{\"@type\":\"SearchAction\",\"target\":{\"@type\":\"EntryPoint\",\"urlTemplate\":\"https:\/\/sandzakpress.net\/arhiva\/?s={search_term_string}\"},\"query-input\":{\"@type\":\"PropertyValueSpecification\",\"valueRequired\":true,\"valueName\":\"search_term_string\"}}],\"inLanguage\":\"bs-BA\"},{\"@type\":[\"Person\",\"Organization\"],\"@id\":\"https:\/\/sandzakpress.net\/arhiva\/#\/schema\/person\/6e72b67d6e51910a1117b3b483ba20bd\",\"name\":\"Kul\",\"image\":{\"@type\":\"ImageObject\",\"inLanguage\":\"bs-BA\",\"@id\":\"https:\/\/sandzakpress.net\/arhiva\/#\/schema\/person\/image\/\",\"url\":\"https:\/\/secure.gravatar.com\/avatar\/42263f39aa27ac04c43cab85c280eb2e?s=96&d=mm&r=pg\",\"contentUrl\":\"https:\/\/secure.gravatar.com\/avatar\/42263f39aa27ac04c43cab85c280eb2e?s=96&d=mm&r=pg\",\"caption\":\"Kul\"},\"logo\":{\"@id\":\"https:\/\/sandzakpress.net\/arhiva\/#\/schema\/person\/image\/\"}},{\"@type\":\"Person\",\"@id\":\"https:\/\/sandzakpress.net\/arhiva\/#\/schema\/person\/c8baee722073534b583ea7bdb2e36c02\",\"name\":\"bosniak\",\"image\":{\"@type\":\"ImageObject\",\"inLanguage\":\"bs-BA\",\"@id\":\"https:\/\/sandzakpress.net\/arhiva\/#\/schema\/person\/image\/\",\"url\":\"https:\/\/secure.gravatar.com\/avatar\/a04fd330bfe3a36a72a0ad4a6d89fca7?s=96&d=mm&r=pg\",\"contentUrl\":\"https:\/\/secure.gravatar.com\/avatar\/a04fd330bfe3a36a72a0ad4a6d89fca7?s=96&d=mm&r=pg\",\"caption\":\"bosniak\"},\"url\":\"https:\/\/sandzakpress.net\/arhiva\/author\/bosniak\/\"}]}<\/script>\n<!-- \/ Yoast SEO Premium plugin. -->","yoast_head_json":{"title":"U sukobima u Benghaziju ubijen 31 borac","robots":{"index":"index","follow":"follow","max-snippet":"max-snippet:-1","max-image-preview":"max-image-preview:large","max-video-preview":"max-video-preview:-1"},"canonical":"https:\/\/sandzakpress.net\/arhiva\/u-sukobima-u-benghaziju-ubijen-31-borac\/","og_locale":"bs_BA","og_type":"article","og_title":"U sukobima u Benghaziju ubijen 31 borac","og_description":"Libija &#8211; U sukobima boraca rivalskih milicija oko aerodroma u isto\u010dnom libijskom gradu Benghaziju ubijen je 31 borac, a 36 ih je ranjeno, najnoviji su podaci koje je saop\u0107io libijski sigurnosni zvani\u010dnik. Isti izvor je naveo da su \u017eestoke borbe izbile oko me\u0111unarodnog aerodroma &#8220;Benina&#8221; izme\u0111u lojalista generala Halifa Hiftera i grupe milicije Revolucionarnog vije\u0107a [&hellip;]","og_url":"https:\/\/sandzakpress.net\/arhiva\/u-sukobima-u-benghaziju-ubijen-31-borac\/","og_site_name":"Sand\u017eak PRESS","article_published_time":"2014-09-02T23:43:15+00:00","og_image":[{"width":900,"height":574,"url":"https:\/\/sandzakpress.net\/arhiva\/wp-content\/uploads\/2014\/09\/libija_bengazi_afp_getty.jpg","type":"image\/jpeg"}],"author":"bosniak","twitter_card":"summary_large_image","twitter_misc":{"Written by":"bosniak","Est. reading time":"1 minuta"},"schema":{"@context":"https:\/\/schema.org","@graph":[{"@type":"Article","@id":"https:\/\/sandzakpress.net\/arhiva\/u-sukobima-u-benghaziju-ubijen-31-borac\/#article","isPartOf":{"@id":"https:\/\/sandzakpress.net\/arhiva\/u-sukobima-u-benghaziju-ubijen-31-borac\/"},"author":{"name":"bosniak","@id":"https:\/\/sandzakpress.net\/arhiva\/#\/schema\/person\/c8baee722073534b583ea7bdb2e36c02"},"headline":"U sukobima u Benghaziju ubijen 31 borac","datePublished":"2014-09-02T23:43:15+00:00","mainEntityOfPage":{"@id":"https:\/\/sandzakpress.net\/arhiva\/u-sukobima-u-benghaziju-ubijen-31-borac\/"},"wordCount":251,"commentCount":3,"publisher":{"@id":"https:\/\/sandzakpress.net\/arhiva\/#\/schema\/person\/6e72b67d6e51910a1117b3b483ba20bd"},"image":{"@id":"https:\/\/sandzakpress.net\/arhiva\/u-sukobima-u-benghaziju-ubijen-31-borac\/#primaryimage"},"thumbnailUrl":"https:\/\/sandzakpress.net\/arhiva\/wp-content\/uploads\/2014\/09\/libija_bengazi_afp_getty.jpg","keywords":["libija"],"articleSection":["Svijet"],"inLanguage":"bs-BA","potentialAction":[{"@type":"CommentAction","name":"Comment","target":["https:\/\/sandzakpress.net\/arhiva\/u-sukobima-u-benghaziju-ubijen-31-borac\/#respond"]}]},{"@type":"WebPage","@id":"https:\/\/sandzakpress.net\/arhiva\/u-sukobima-u-benghaziju-ubijen-31-borac\/","url":"https:\/\/sandzakpress.net\/arhiva\/u-sukobima-u-benghaziju-ubijen-31-borac\/","name":"U sukobima u Benghaziju ubijen 31 borac","isPartOf":{"@id":"https:\/\/sandzakpress.net\/arhiva\/#website"},"primaryImageOfPage":{"@id":"https:\/\/sandzakpress.net\/arhiva\/u-sukobima-u-benghaziju-ubijen-31-borac\/#primaryimage"},"image":{"@id":"https:\/\/sandzakpress.net\/arhiva\/u-sukobima-u-benghaziju-ubijen-31-borac\/#primaryimage"},"thumbnailUrl":"https:\/\/sandzakpress.net\/arhiva\/wp-content\/uploads\/2014\/09\/libija_bengazi_afp_getty.jpg","datePublished":"2014-09-02T23:43:15+00:00","breadcrumb":{"@id":"https:\/\/sandzakpress.net\/arhiva\/u-sukobima-u-benghaziju-ubijen-31-borac\/#breadcrumb"},"inLanguage":"bs-BA","potentialAction":[{"@type":"ReadAction","target":["https:\/\/sandzakpress.net\/arhiva\/u-sukobima-u-benghaziju-ubijen-31-borac\/"]}]},{"@type":"ImageObject","inLanguage":"bs-BA","@id":"https:\/\/sandzakpress.net\/arhiva\/u-sukobima-u-benghaziju-ubijen-31-borac\/#primaryimage","url":"https:\/\/sandzakpress.net\/arhiva\/wp-content\/uploads\/2014\/09\/libija_bengazi_afp_getty.jpg","contentUrl":"https:\/\/sandzakpress.net\/arhiva\/wp-content\/uploads\/2014\/09\/libija_bengazi_afp_getty.jpg","width":900,"height":574},{"@type":"BreadcrumbList","@id":"https:\/\/sandzakpress.net\/arhiva\/u-sukobima-u-benghaziju-ubijen-31-borac\/#breadcrumb","itemListElement":[{"@type":"ListItem","position":1,"name":"Home","item":"https:\/\/sandzakpress.net\/arhiva\/"},{"@type":"ListItem","position":2,"name":"U sukobima u Benghaziju ubijen 31 borac"}]},{"@type":"WebSite","@id":"https:\/\/sandzakpress.net\/arhiva\/#website","url":"https:\/\/sandzakpress.net\/arhiva\/","name":"Sand\u017eak PRESS","description":"Prve elektronske novine u Sand\u017eaku","publisher":{"@id":"https:\/\/sandzakpress.net\/arhiva\/#\/schema\/person\/6e72b67d6e51910a1117b3b483ba20bd"},"potentialAction":[{"@type":"SearchAction","target":{"@type":"EntryPoint","urlTemplate":"https:\/\/sandzakpress.net\/arhiva\/?s={search_term_string}"},"query-input":{"@type":"PropertyValueSpecification","valueRequired":true,"valueName":"search_term_string"}}],"inLanguage":"bs-BA"},{"@type":["Person","Organization"],"@id":"https:\/\/sandzakpress.net\/arhiva\/#\/schema\/person\/6e72b67d6e51910a1117b3b483ba20bd","name":"Kul","image":{"@type":"ImageObject","inLanguage":"bs-BA","@id":"https:\/\/sandzakpress.net\/arhiva\/#\/schema\/person\/image\/","url":"https:\/\/secure.gravatar.com\/avatar\/42263f39aa27ac04c43cab85c280eb2e?s=96&d=mm&r=pg","contentUrl":"https:\/\/secure.gravatar.com\/avatar\/42263f39aa27ac04c43cab85c280eb2e?s=96&d=mm&r=pg","caption":"Kul"},"logo":{"@id":"https:\/\/sandzakpress.net\/arhiva\/#\/schema\/person\/image\/"}},{"@type":"Person","@id":"https:\/\/sandzakpress.net\/arhiva\/#\/schema\/person\/c8baee722073534b583ea7bdb2e36c02","name":"bosniak","image":{"@type":"ImageObject","inLanguage":"bs-BA","@id":"https:\/\/sandzakpress.net\/arhiva\/#\/schema\/person\/image\/","url":"https:\/\/secure.gravatar.com\/avatar\/a04fd330bfe3a36a72a0ad4a6d89fca7?s=96&d=mm&r=pg","contentUrl":"https:\/\/secure.gravatar.com\/avatar\/a04fd330bfe3a36a72a0ad4a6d89fca7?s=96&d=mm&r=pg","caption":"bosniak"},"url":"https:\/\/sandzakpress.net\/arhiva\/author\/bosniak\/"}]}},"_links":{"self":[{"href":"https:\/\/sandzakpress.net\/arhiva\/wp-json\/wp\/v2\/posts\/111166"}],"collection":[{"href":"https:\/\/sandzakpress.net\/arhiva\/wp-json\/wp\/v2\/posts"}],"about":[{"href":"https:\/\/sandzakpress.net\/arhiva\/wp-json\/wp\/v2\/types\/post"}],"author":[{"embeddable":true,"href":"https:\/\/sandzakpress.net\/arhiva\/wp-json\/wp\/v2\/users\/83"}],"replies":[{"embeddable":true,"href":"https:\/\/sandzakpress.net\/arhiva\/wp-json\/wp\/v2\/comments?post=111166"}],"version-history":[{"count":0,"href":"https:\/\/sandzakpress.net\/arhiva\/wp-json\/wp\/v2\/posts\/111166\/revisions"}],"wp:featuredmedia":[{"embeddable":true,"href":"https:\/\/sandzakpress.net\/arhiva\/wp-json\/wp\/v2\/media\/111167"}],"wp:attachment":[{"href":"https:\/\/sandzakpress.net\/arhiva\/wp-json\/wp\/v2\/media?parent=111166"}],"wp:term":[{"taxonomy":"category","embeddable":true,"href":"https:\/\/sandzakpress.net\/arhiva\/wp-json\/wp\/v2\/categories?post=111166"},{"taxonomy":"post_tag","embeddable":true,"href":"https:\/\/sandzakpress.net\/arhiva\/wp-json\/wp\/v2\/tags?post=111166"}],"curies":[{"name":"wp","href":"https:\/\/api.w.org\/{rel}","templated":true}]}}