{"id":111116,"date":"2014-09-01T19:54:59","date_gmt":"2014-09-01T17:54:59","guid":{"rendered":"https:\/\/sandzakpress.net\/arhiva\/?p=111116"},"modified":"2014-09-01T23:37:49","modified_gmt":"2014-09-01T21:37:49","slug":"pocele-sa-radom-skole-camil-sijaric-u-gazilaru-i-mese-selimovica-u-sestovu","status":"publish","type":"post","link":"https:\/\/sandzakpress.net\/arhiva\/pocele-sa-radom-skole-camil-sijaric-u-gazilaru-i-mese-selimovica-u-sestovu\/","title":{"rendered":"Po\u010dele sa radom \u0161kole &#8216;\u0106amil Sijari\u0107&#8217; na Gazilaru i &#8216;Me\u0161e Selimovi\u0107a&#8217; na \u0160estovu"},"content":{"rendered":"<p><img decoding=\"async\" class=\"aligncenter\" src=\"http:\/\/rtvnp.rs\/images\/stories\/otvorena_skola_camil_sijaric.jpg\" alt=\"\" \/><\/p>\n<p><strong>Novi Pazar &#8211; \u0160kola \u201c\u0106amil Sijari\u0107\u201d u Novom Pazaru sve\u010dano je\u00a0 pu\u0161tena u rad. \u0160kola \u0107e raditi u dve smene, a rastereti\u0107e \u0161kole \u201cRifat Burd\u017eovi\u0107 \u2013Tr\u0161o\u201d i \u201cVuk Kara\u017ei\u0107\u201d.<\/strong><\/p>\n<p>Ova \u0161kola poklon je turskog naroda Novom Pazaru preko razvojne agencije TIKA.<\/p>\n<p>U prisustvu velikog broja dece ,\u00a0 roditelja, gradona\u010delnika Novog Pazara dr Meha Mahmutovi\u0107a i njegovih saradnika, \u0161kola \u0106amil Sijari\u0107 u Novom Pazaru pu\u0161tena je u rad. Deca \u0107e poha\u0111ati nastavu u moderno opremljenoj \u0161koli i sa dobrim uslovima za rad.<\/p>\n<p>Direktor Hajradin Selimovi\u0107 je zahvalio svima koji su dali doprinos\u00a0 da se\u00a0 izgradi \u0161kola \u0106amil Sijari\u0107 , koja je od velikog zna\u010daja za unapre\u0111enje obrazovanja u Novom Pazaru.<\/p>\n<p>\u201c\u0160kola \u0107e raditi u dve smene, prva u 7:30, a druga u 13:30\u201d, rekao je Selimovi\u0107.<\/p>\n<p>Prvi \u010dovek Novog Pazara gradona\u010delnik dr Meho Mahmutovi\u0107\u00a0 je prilikom otvaranja ove obrazovne ustanove rekao da danas veliki dan za grad Novi Pazar. Prema njegovim re\u010dima\u00a0 nova \u0161kola jedan od najzna\u010dajnijih projekata u ovom kraju, posebno u Novom Pazaru koji ima problem sa prebukiranim \u0161kolama zbog \u010dega deca moraju da nastavu pohadjaju u tri smene.<\/p>\n<p>\u201cNa\u017ealost jo\u0161 uvek ima \u0161kola u Noovm Pazaru, gde deca idu u tri smene. Da ne bi to vi\u0161e bio slu\u010daj u Novom Pazaru, izgradnja novih \u0161kola re\u0161ava te problem. Ove godine dve nove \u0161kole, a nadam se da \u0107emo uspeti da naparvimop jo\u0161 dve I taj problem \u0107e biti re\u0161en. Ovo je savremeni objekat, koji je napravljen po svim standardima I na\u0161a deca \u0107e imati idealne uslove za rad. Ove godine \u0107e imati 650 \u0111aka, a do godine se nadam i hiljadu u\u010denika. U lokalnoj samoupravi \u0107ete uvek imati prijatelje, koji \u0107e sve u\u010diniti da va\u0161a deca imaju idealne uslove, a od njih o\u010dekujemo da svojim rezultatima i pobedama na raznim takmi\u010denjima reprezentuju pre svih vas roditelje, pa onda i svoj grad\u201d, kazao je Mahmutovi\u0107.<\/p>\n<p>Uslovima u novoj \u0161koli zadovoljni su i \u0111aci i roditelji. Prema njihovim re\u010dima \u0161kola, koja \u0107e biti bli\u017ea njihovim ku\u0107ama je od velikog zna\u010daja.<\/p>\n<p>\u0110acima prvacima, predstavnici gradskih vlasti uru\u010dili su poklone i deci po\u017eeleli uspe\u0161an po\u010detak nove \u0161kolske godine.<\/p>\n<div class=\"youtube-embed\" data-video_id=\"cboPsgAMQmg\"><iframe loading=\"lazy\" title=\"Otvaranje O\u0160 \u0106amil Sjari\u0107\" width=\"696\" height=\"522\" src=\"https:\/\/www.youtube.com\/embed\/cboPsgAMQmg?feature=oembed&#038;enablejsapi=1\" frameborder=\"0\" allow=\"accelerometer; autoplay; encrypted-media; gyroscope; picture-in-picture\" allowfullscreen><\/iframe><\/div>\n<p>De\u010diji \u017eagor danas je prvi put ispunio dvori\u0161te i hodnike\u00a0 O\u0160 \u201eMe\u0161a Selimovi\u0107\u201c, koja je pu\u0161tena u rad. U dvori\u0161tu ove institucije mogao se videti osmeh dece i zadovoljstvo roditelja zbog nove \u0161kole, koja je opremljena po najsavremenijim standardima.<\/p>\n<p>Direktor \u0161kole Me\u0161a Selimovi\u0107 Veroljub Sta\u0161evi\u0107 ka\u017ee da je otvaranje ovog velelepnog objekta, kojim \u0107e se svi di\u010diti,\u00a0 istorijski trenutak.\u00a0 On se nada da \u0107e iz ove \u0161kole iza\u0107i\u00a0 generacije \u0111aka, kojima \u0107e se svi ponositi.<\/p>\n<p>\u201cOni u\u010denici, koji su po\u010deli da poha\u0111aju ovu \u0161kolu, govori\u0107e o tome sa ponosom\u201d, rekao je Sta\u0161evi\u0107.<\/p>\n<p>Narodni poslanik Nikola Jolovi\u0107 ka\u017ee da je otvaranje \u0161kola\u00a0 bio mukotrpan i dugotrajan proces i da se nadljudskim naporima postiglo da one na vreme po\u010dnu da rade.<\/p>\n<p>\u201cOtvaranjem novih \u0161kola, otvorila su se i nova radna mesta, \u0161to pokazuje da je ova Vlada na dobrom putu I da nas vodi u EU\u201d, kazao je Jolovi\u0107.<\/p>\n<p>\u201eDve \u0161kole u Novom Pazaru su velike investicije i samo jedna ko\u0161ta ne\u0161to vi\u0161e od dva miliona evra\u201c,rekao je gradona\u010delnik Novog Pazara dr Meho Mahmutovi\u0107. On je velikom broju roditelja u dvori\u0161tu \u0161kole Me\u0161a Selimovi\u0107 poru\u010dio da od danas po\u010dinje nova era u Novom Pazaru.<\/p>\n<p>I prvacima u ovoj \u0161koli,uru\u010deni su pokloni. Grad Novi Pazar ve\u0107 tradicionalno za prvake, kojih godi\u0161nje ima 1750,obezbedi poklone.<\/p>\n<p>\u0160kola &#8220;Me\u0161a Selimovi\u0107&#8221; izgra\u0111ena je uz pomo\u0107 Ministarstva prosvete sredstvima Evropske investicione banke, a smanji\u0107e broj \u0111aka u osnovnoj \u0161koli\u00a0 Bratstvo\u00a0 u Novom Pazaru, koja je sa preko dve hiljade djaka, bila jedna od najve\u0107ih u Srbiji.<\/p>\n<p>Od ove \u0161kolske godine na podru\u010dju grada radi\u0107e 10 osnovnih \u0161kola. Na celoj teritoriji Novog Pazara ima 15 osnovnih \u0161kola sa blizu 12.500 daka.<\/p>\n<div class=\"youtube-embed\" data-video_id=\"FIW0dR-Y2Fs\"><iframe loading=\"lazy\" title=\"Otvaranje O\u0160 Me\u0161a Selimovi\u0107\" width=\"696\" height=\"522\" src=\"https:\/\/www.youtube.com\/embed\/FIW0dR-Y2Fs?feature=oembed&#038;enablejsapi=1\" frameborder=\"0\" allow=\"accelerometer; autoplay; encrypted-media; gyroscope; picture-in-picture\" allowfullscreen><\/iframe><\/div>\n","protected":false},"excerpt":{"rendered":"<p>Bo\u0161njaci i Srbi dobili po jednu \u0161kolu u Novom Pazaru &#8230; Interesantno je \u0161to je prete\u017eno srpska \u0161kola u \u0160estovu nazvana po Me\u0161i Selimovi\u0107u<\/p>\n","protected":false},"author":83,"featured_media":111117,"comment_status":"open","ping_status":"open","sticky":false,"template":"","format":"standard","meta":{"footnotes":""},"categories":[72,4,8957],"tags":[10248],"class_list":{"0":"post-111116","1":"post","2":"type-post","3":"status-publish","4":"format-standard","5":"has-post-thumbnail","7":"category-novi-pazar","8":"category-obrazovanje","9":"category-vijesti-dana","10":"tag-gradska-uprava-novi-pazar"},"yoast_head":"<!-- This site is optimized with the Yoast SEO Premium plugin v23.1 (Yoast SEO v24.9) - https:\/\/yoast.com\/wordpress\/plugins\/seo\/ -->\n<title>Po\u010dele sa radom \u0161kole &#039;\u0106amil Sijari\u0107&#039; na Gazilaru i &#039;Me\u0161e Selimovi\u0107a&#039; na \u0160estovu<\/title>\n<meta name=\"robots\" content=\"index, follow, max-snippet:-1, max-image-preview:large, max-video-preview:-1\" \/>\n<link rel=\"canonical\" href=\"https:\/\/sandzakpress.net\/arhiva\/pocele-sa-radom-skole-camil-sijaric-u-gazilaru-i-mese-selimovica-u-sestovu\/\" \/>\n<meta property=\"og:locale\" content=\"bs_BA\" \/>\n<meta property=\"og:type\" content=\"article\" \/>\n<meta property=\"og:title\" content=\"Po\u010dele sa radom \u0161kole &#039;\u0106amil Sijari\u0107&#039; na Gazilaru i &#039;Me\u0161e Selimovi\u0107a&#039; na \u0160estovu\" \/>\n<meta property=\"og:description\" content=\"Bo\u0161njaci i Srbi dobili po jednu \u0161kolu u Novom Pazaru ... Interesantno je \u0161to je prete\u017eno srpska \u0161kola u \u0160estovu nazvana po Me\u0161i Selimovi\u0107u\" \/>\n<meta property=\"og:url\" content=\"https:\/\/sandzakpress.net\/arhiva\/pocele-sa-radom-skole-camil-sijaric-u-gazilaru-i-mese-selimovica-u-sestovu\/\" \/>\n<meta property=\"og:site_name\" content=\"Sand\u017eak PRESS\" \/>\n<meta property=\"article:published_time\" content=\"2014-09-01T17:54:59+00:00\" \/>\n<meta property=\"article:modified_time\" content=\"2014-09-01T21:37:49+00:00\" \/>\n<meta property=\"og:image\" content=\"https:\/\/sandzakpress.net\/arhiva\/wp-content\/uploads\/2014\/09\/otvorena_skola_camil_sijaric.jpg\" \/>\n\t<meta property=\"og:image:width\" content=\"500\" \/>\n\t<meta property=\"og:image:height\" content=\"350\" \/>\n\t<meta property=\"og:image:type\" content=\"image\/jpeg\" \/>\n<meta name=\"author\" content=\"bosniak\" \/>\n<meta name=\"twitter:card\" content=\"summary_large_image\" \/>\n<meta name=\"twitter:label1\" content=\"Written by\" \/>\n\t<meta name=\"twitter:data1\" content=\"bosniak\" \/>\n\t<meta name=\"twitter:label2\" content=\"Est. reading time\" \/>\n\t<meta name=\"twitter:data2\" content=\"3 minute\" \/>\n<script type=\"application\/ld+json\" class=\"yoast-schema-graph\">{\"@context\":\"https:\/\/schema.org\",\"@graph\":[{\"@type\":\"Article\",\"@id\":\"https:\/\/sandzakpress.net\/arhiva\/pocele-sa-radom-skole-camil-sijaric-u-gazilaru-i-mese-selimovica-u-sestovu\/#article\",\"isPartOf\":{\"@id\":\"https:\/\/sandzakpress.net\/arhiva\/pocele-sa-radom-skole-camil-sijaric-u-gazilaru-i-mese-selimovica-u-sestovu\/\"},\"author\":{\"name\":\"bosniak\",\"@id\":\"https:\/\/sandzakpress.net\/arhiva\/#\/schema\/person\/c8baee722073534b583ea7bdb2e36c02\"},\"headline\":\"Po\u010dele sa radom \u0161kole &#8216;\u0106amil Sijari\u0107&#8217; na Gazilaru i &#8216;Me\u0161e Selimovi\u0107a&#8217; na \u0160estovu\",\"datePublished\":\"2014-09-01T17:54:59+00:00\",\"dateModified\":\"2014-09-01T21:37:49+00:00\",\"mainEntityOfPage\":{\"@id\":\"https:\/\/sandzakpress.net\/arhiva\/pocele-sa-radom-skole-camil-sijaric-u-gazilaru-i-mese-selimovica-u-sestovu\/\"},\"wordCount\":711,\"commentCount\":5,\"publisher\":{\"@id\":\"https:\/\/sandzakpress.net\/arhiva\/#\/schema\/person\/6e72b67d6e51910a1117b3b483ba20bd\"},\"image\":{\"@id\":\"https:\/\/sandzakpress.net\/arhiva\/pocele-sa-radom-skole-camil-sijaric-u-gazilaru-i-mese-selimovica-u-sestovu\/#primaryimage\"},\"thumbnailUrl\":\"https:\/\/sandzakpress.net\/arhiva\/wp-content\/uploads\/2014\/09\/otvorena_skola_camil_sijaric.jpg\",\"keywords\":[\"Vlast u Novom Pazaru\"],\"articleSection\":[\"Novi Pazar\",\"Obrazovanje\",\"VIJESTI DANA\"],\"inLanguage\":\"bs-BA\",\"potentialAction\":[{\"@type\":\"CommentAction\",\"name\":\"Comment\",\"target\":[\"https:\/\/sandzakpress.net\/arhiva\/pocele-sa-radom-skole-camil-sijaric-u-gazilaru-i-mese-selimovica-u-sestovu\/#respond\"]}]},{\"@type\":\"WebPage\",\"@id\":\"https:\/\/sandzakpress.net\/arhiva\/pocele-sa-radom-skole-camil-sijaric-u-gazilaru-i-mese-selimovica-u-sestovu\/\",\"url\":\"https:\/\/sandzakpress.net\/arhiva\/pocele-sa-radom-skole-camil-sijaric-u-gazilaru-i-mese-selimovica-u-sestovu\/\",\"name\":\"Po\u010dele sa radom \u0161kole '\u0106amil Sijari\u0107' na Gazilaru i 'Me\u0161e Selimovi\u0107a' na \u0160estovu\",\"isPartOf\":{\"@id\":\"https:\/\/sandzakpress.net\/arhiva\/#website\"},\"primaryImageOfPage\":{\"@id\":\"https:\/\/sandzakpress.net\/arhiva\/pocele-sa-radom-skole-camil-sijaric-u-gazilaru-i-mese-selimovica-u-sestovu\/#primaryimage\"},\"image\":{\"@id\":\"https:\/\/sandzakpress.net\/arhiva\/pocele-sa-radom-skole-camil-sijaric-u-gazilaru-i-mese-selimovica-u-sestovu\/#primaryimage\"},\"thumbnailUrl\":\"https:\/\/sandzakpress.net\/arhiva\/wp-content\/uploads\/2014\/09\/otvorena_skola_camil_sijaric.jpg\",\"datePublished\":\"2014-09-01T17:54:59+00:00\",\"dateModified\":\"2014-09-01T21:37:49+00:00\",\"breadcrumb\":{\"@id\":\"https:\/\/sandzakpress.net\/arhiva\/pocele-sa-radom-skole-camil-sijaric-u-gazilaru-i-mese-selimovica-u-sestovu\/#breadcrumb\"},\"inLanguage\":\"bs-BA\",\"potentialAction\":[{\"@type\":\"ReadAction\",\"target\":[\"https:\/\/sandzakpress.net\/arhiva\/pocele-sa-radom-skole-camil-sijaric-u-gazilaru-i-mese-selimovica-u-sestovu\/\"]}]},{\"@type\":\"ImageObject\",\"inLanguage\":\"bs-BA\",\"@id\":\"https:\/\/sandzakpress.net\/arhiva\/pocele-sa-radom-skole-camil-sijaric-u-gazilaru-i-mese-selimovica-u-sestovu\/#primaryimage\",\"url\":\"https:\/\/sandzakpress.net\/arhiva\/wp-content\/uploads\/2014\/09\/otvorena_skola_camil_sijaric.jpg\",\"contentUrl\":\"https:\/\/sandzakpress.net\/arhiva\/wp-content\/uploads\/2014\/09\/otvorena_skola_camil_sijaric.jpg\",\"width\":500,\"height\":350},{\"@type\":\"BreadcrumbList\",\"@id\":\"https:\/\/sandzakpress.net\/arhiva\/pocele-sa-radom-skole-camil-sijaric-u-gazilaru-i-mese-selimovica-u-sestovu\/#breadcrumb\",\"itemListElement\":[{\"@type\":\"ListItem\",\"position\":1,\"name\":\"Home\",\"item\":\"https:\/\/sandzakpress.net\/arhiva\/\"},{\"@type\":\"ListItem\",\"position\":2,\"name\":\"Po\u010dele sa radom \u0161kole &#8216;\u0106amil Sijari\u0107&#8217; na Gazilaru i &#8216;Me\u0161e Selimovi\u0107a&#8217; na \u0160estovu\"}]},{\"@type\":\"WebSite\",\"@id\":\"https:\/\/sandzakpress.net\/arhiva\/#website\",\"url\":\"https:\/\/sandzakpress.net\/arhiva\/\",\"name\":\"Sand\u017eak PRESS\",\"description\":\"Prve elektronske novine u Sand\u017eaku\",\"publisher\":{\"@id\":\"https:\/\/sandzakpress.net\/arhiva\/#\/schema\/person\/6e72b67d6e51910a1117b3b483ba20bd\"},\"potentialAction\":[{\"@type\":\"SearchAction\",\"target\":{\"@type\":\"EntryPoint\",\"urlTemplate\":\"https:\/\/sandzakpress.net\/arhiva\/?s={search_term_string}\"},\"query-input\":{\"@type\":\"PropertyValueSpecification\",\"valueRequired\":true,\"valueName\":\"search_term_string\"}}],\"inLanguage\":\"bs-BA\"},{\"@type\":[\"Person\",\"Organization\"],\"@id\":\"https:\/\/sandzakpress.net\/arhiva\/#\/schema\/person\/6e72b67d6e51910a1117b3b483ba20bd\",\"name\":\"Kul\",\"image\":{\"@type\":\"ImageObject\",\"inLanguage\":\"bs-BA\",\"@id\":\"https:\/\/sandzakpress.net\/arhiva\/#\/schema\/person\/image\/\",\"url\":\"https:\/\/secure.gravatar.com\/avatar\/42263f39aa27ac04c43cab85c280eb2e?s=96&d=mm&r=pg\",\"contentUrl\":\"https:\/\/secure.gravatar.com\/avatar\/42263f39aa27ac04c43cab85c280eb2e?s=96&d=mm&r=pg\",\"caption\":\"Kul\"},\"logo\":{\"@id\":\"https:\/\/sandzakpress.net\/arhiva\/#\/schema\/person\/image\/\"}},{\"@type\":\"Person\",\"@id\":\"https:\/\/sandzakpress.net\/arhiva\/#\/schema\/person\/c8baee722073534b583ea7bdb2e36c02\",\"name\":\"bosniak\",\"image\":{\"@type\":\"ImageObject\",\"inLanguage\":\"bs-BA\",\"@id\":\"https:\/\/sandzakpress.net\/arhiva\/#\/schema\/person\/image\/\",\"url\":\"https:\/\/secure.gravatar.com\/avatar\/a04fd330bfe3a36a72a0ad4a6d89fca7?s=96&d=mm&r=pg\",\"contentUrl\":\"https:\/\/secure.gravatar.com\/avatar\/a04fd330bfe3a36a72a0ad4a6d89fca7?s=96&d=mm&r=pg\",\"caption\":\"bosniak\"},\"url\":\"https:\/\/sandzakpress.net\/arhiva\/author\/bosniak\/\"}]}<\/script>\n<!-- \/ Yoast SEO Premium plugin. -->","yoast_head_json":{"title":"Po\u010dele sa radom \u0161kole '\u0106amil Sijari\u0107' na Gazilaru i 'Me\u0161e Selimovi\u0107a' na \u0160estovu","robots":{"index":"index","follow":"follow","max-snippet":"max-snippet:-1","max-image-preview":"max-image-preview:large","max-video-preview":"max-video-preview:-1"},"canonical":"https:\/\/sandzakpress.net\/arhiva\/pocele-sa-radom-skole-camil-sijaric-u-gazilaru-i-mese-selimovica-u-sestovu\/","og_locale":"bs_BA","og_type":"article","og_title":"Po\u010dele sa radom \u0161kole '\u0106amil Sijari\u0107' na Gazilaru i 'Me\u0161e Selimovi\u0107a' na \u0160estovu","og_description":"Bo\u0161njaci i Srbi dobili po jednu \u0161kolu u Novom Pazaru ... Interesantno je \u0161to je prete\u017eno srpska \u0161kola u \u0160estovu nazvana po Me\u0161i Selimovi\u0107u","og_url":"https:\/\/sandzakpress.net\/arhiva\/pocele-sa-radom-skole-camil-sijaric-u-gazilaru-i-mese-selimovica-u-sestovu\/","og_site_name":"Sand\u017eak PRESS","article_published_time":"2014-09-01T17:54:59+00:00","article_modified_time":"2014-09-01T21:37:49+00:00","og_image":[{"width":500,"height":350,"url":"https:\/\/sandzakpress.net\/arhiva\/wp-content\/uploads\/2014\/09\/otvorena_skola_camil_sijaric.jpg","type":"image\/jpeg"}],"author":"bosniak","twitter_card":"summary_large_image","twitter_misc":{"Written by":"bosniak","Est. reading time":"3 minute"},"schema":{"@context":"https:\/\/schema.org","@graph":[{"@type":"Article","@id":"https:\/\/sandzakpress.net\/arhiva\/pocele-sa-radom-skole-camil-sijaric-u-gazilaru-i-mese-selimovica-u-sestovu\/#article","isPartOf":{"@id":"https:\/\/sandzakpress.net\/arhiva\/pocele-sa-radom-skole-camil-sijaric-u-gazilaru-i-mese-selimovica-u-sestovu\/"},"author":{"name":"bosniak","@id":"https:\/\/sandzakpress.net\/arhiva\/#\/schema\/person\/c8baee722073534b583ea7bdb2e36c02"},"headline":"Po\u010dele sa radom \u0161kole &#8216;\u0106amil Sijari\u0107&#8217; na Gazilaru i &#8216;Me\u0161e Selimovi\u0107a&#8217; na \u0160estovu","datePublished":"2014-09-01T17:54:59+00:00","dateModified":"2014-09-01T21:37:49+00:00","mainEntityOfPage":{"@id":"https:\/\/sandzakpress.net\/arhiva\/pocele-sa-radom-skole-camil-sijaric-u-gazilaru-i-mese-selimovica-u-sestovu\/"},"wordCount":711,"commentCount":5,"publisher":{"@id":"https:\/\/sandzakpress.net\/arhiva\/#\/schema\/person\/6e72b67d6e51910a1117b3b483ba20bd"},"image":{"@id":"https:\/\/sandzakpress.net\/arhiva\/pocele-sa-radom-skole-camil-sijaric-u-gazilaru-i-mese-selimovica-u-sestovu\/#primaryimage"},"thumbnailUrl":"https:\/\/sandzakpress.net\/arhiva\/wp-content\/uploads\/2014\/09\/otvorena_skola_camil_sijaric.jpg","keywords":["Vlast u Novom Pazaru"],"articleSection":["Novi Pazar","Obrazovanje","VIJESTI DANA"],"inLanguage":"bs-BA","potentialAction":[{"@type":"CommentAction","name":"Comment","target":["https:\/\/sandzakpress.net\/arhiva\/pocele-sa-radom-skole-camil-sijaric-u-gazilaru-i-mese-selimovica-u-sestovu\/#respond"]}]},{"@type":"WebPage","@id":"https:\/\/sandzakpress.net\/arhiva\/pocele-sa-radom-skole-camil-sijaric-u-gazilaru-i-mese-selimovica-u-sestovu\/","url":"https:\/\/sandzakpress.net\/arhiva\/pocele-sa-radom-skole-camil-sijaric-u-gazilaru-i-mese-selimovica-u-sestovu\/","name":"Po\u010dele sa radom \u0161kole '\u0106amil Sijari\u0107' na Gazilaru i 'Me\u0161e Selimovi\u0107a' na \u0160estovu","isPartOf":{"@id":"https:\/\/sandzakpress.net\/arhiva\/#website"},"primaryImageOfPage":{"@id":"https:\/\/sandzakpress.net\/arhiva\/pocele-sa-radom-skole-camil-sijaric-u-gazilaru-i-mese-selimovica-u-sestovu\/#primaryimage"},"image":{"@id":"https:\/\/sandzakpress.net\/arhiva\/pocele-sa-radom-skole-camil-sijaric-u-gazilaru-i-mese-selimovica-u-sestovu\/#primaryimage"},"thumbnailUrl":"https:\/\/sandzakpress.net\/arhiva\/wp-content\/uploads\/2014\/09\/otvorena_skola_camil_sijaric.jpg","datePublished":"2014-09-01T17:54:59+00:00","dateModified":"2014-09-01T21:37:49+00:00","breadcrumb":{"@id":"https:\/\/sandzakpress.net\/arhiva\/pocele-sa-radom-skole-camil-sijaric-u-gazilaru-i-mese-selimovica-u-sestovu\/#breadcrumb"},"inLanguage":"bs-BA","potentialAction":[{"@type":"ReadAction","target":["https:\/\/sandzakpress.net\/arhiva\/pocele-sa-radom-skole-camil-sijaric-u-gazilaru-i-mese-selimovica-u-sestovu\/"]}]},{"@type":"ImageObject","inLanguage":"bs-BA","@id":"https:\/\/sandzakpress.net\/arhiva\/pocele-sa-radom-skole-camil-sijaric-u-gazilaru-i-mese-selimovica-u-sestovu\/#primaryimage","url":"https:\/\/sandzakpress.net\/arhiva\/wp-content\/uploads\/2014\/09\/otvorena_skola_camil_sijaric.jpg","contentUrl":"https:\/\/sandzakpress.net\/arhiva\/wp-content\/uploads\/2014\/09\/otvorena_skola_camil_sijaric.jpg","width":500,"height":350},{"@type":"BreadcrumbList","@id":"https:\/\/sandzakpress.net\/arhiva\/pocele-sa-radom-skole-camil-sijaric-u-gazilaru-i-mese-selimovica-u-sestovu\/#breadcrumb","itemListElement":[{"@type":"ListItem","position":1,"name":"Home","item":"https:\/\/sandzakpress.net\/arhiva\/"},{"@type":"ListItem","position":2,"name":"Po\u010dele sa radom \u0161kole &#8216;\u0106amil Sijari\u0107&#8217; na Gazilaru i &#8216;Me\u0161e Selimovi\u0107a&#8217; na \u0160estovu"}]},{"@type":"WebSite","@id":"https:\/\/sandzakpress.net\/arhiva\/#website","url":"https:\/\/sandzakpress.net\/arhiva\/","name":"Sand\u017eak PRESS","description":"Prve elektronske novine u Sand\u017eaku","publisher":{"@id":"https:\/\/sandzakpress.net\/arhiva\/#\/schema\/person\/6e72b67d6e51910a1117b3b483ba20bd"},"potentialAction":[{"@type":"SearchAction","target":{"@type":"EntryPoint","urlTemplate":"https:\/\/sandzakpress.net\/arhiva\/?s={search_term_string}"},"query-input":{"@type":"PropertyValueSpecification","valueRequired":true,"valueName":"search_term_string"}}],"inLanguage":"bs-BA"},{"@type":["Person","Organization"],"@id":"https:\/\/sandzakpress.net\/arhiva\/#\/schema\/person\/6e72b67d6e51910a1117b3b483ba20bd","name":"Kul","image":{"@type":"ImageObject","inLanguage":"bs-BA","@id":"https:\/\/sandzakpress.net\/arhiva\/#\/schema\/person\/image\/","url":"https:\/\/secure.gravatar.com\/avatar\/42263f39aa27ac04c43cab85c280eb2e?s=96&d=mm&r=pg","contentUrl":"https:\/\/secure.gravatar.com\/avatar\/42263f39aa27ac04c43cab85c280eb2e?s=96&d=mm&r=pg","caption":"Kul"},"logo":{"@id":"https:\/\/sandzakpress.net\/arhiva\/#\/schema\/person\/image\/"}},{"@type":"Person","@id":"https:\/\/sandzakpress.net\/arhiva\/#\/schema\/person\/c8baee722073534b583ea7bdb2e36c02","name":"bosniak","image":{"@type":"ImageObject","inLanguage":"bs-BA","@id":"https:\/\/sandzakpress.net\/arhiva\/#\/schema\/person\/image\/","url":"https:\/\/secure.gravatar.com\/avatar\/a04fd330bfe3a36a72a0ad4a6d89fca7?s=96&d=mm&r=pg","contentUrl":"https:\/\/secure.gravatar.com\/avatar\/a04fd330bfe3a36a72a0ad4a6d89fca7?s=96&d=mm&r=pg","caption":"bosniak"},"url":"https:\/\/sandzakpress.net\/arhiva\/author\/bosniak\/"}]}},"_links":{"self":[{"href":"https:\/\/sandzakpress.net\/arhiva\/wp-json\/wp\/v2\/posts\/111116"}],"collection":[{"href":"https:\/\/sandzakpress.net\/arhiva\/wp-json\/wp\/v2\/posts"}],"about":[{"href":"https:\/\/sandzakpress.net\/arhiva\/wp-json\/wp\/v2\/types\/post"}],"author":[{"embeddable":true,"href":"https:\/\/sandzakpress.net\/arhiva\/wp-json\/wp\/v2\/users\/83"}],"replies":[{"embeddable":true,"href":"https:\/\/sandzakpress.net\/arhiva\/wp-json\/wp\/v2\/comments?post=111116"}],"version-history":[{"count":0,"href":"https:\/\/sandzakpress.net\/arhiva\/wp-json\/wp\/v2\/posts\/111116\/revisions"}],"wp:featuredmedia":[{"embeddable":true,"href":"https:\/\/sandzakpress.net\/arhiva\/wp-json\/wp\/v2\/media\/111117"}],"wp:attachment":[{"href":"https:\/\/sandzakpress.net\/arhiva\/wp-json\/wp\/v2\/media?parent=111116"}],"wp:term":[{"taxonomy":"category","embeddable":true,"href":"https:\/\/sandzakpress.net\/arhiva\/wp-json\/wp\/v2\/categories?post=111116"},{"taxonomy":"post_tag","embeddable":true,"href":"https:\/\/sandzakpress.net\/arhiva\/wp-json\/wp\/v2\/tags?post=111116"}],"curies":[{"name":"wp","href":"https:\/\/api.w.org\/{rel}","templated":true}]}}