{"id":1111,"date":"2010-01-09T15:01:10","date_gmt":"2010-01-09T14:01:10","guid":{"rendered":"https:\/\/sandzakpress.net\/arhiva\/?p=1111"},"modified":"2010-01-09T15:01:10","modified_gmt":"2010-01-09T14:01:10","slug":"2-godine-druzenja-uz-radio-bir","status":"publish","type":"post","link":"https:\/\/sandzakpress.net\/arhiva\/2-godine-druzenja-uz-radio-bir\/","title":{"rendered":"2 godine dru\u017eenja uz Radio &#8220;Bir&#8221;"},"content":{"rendered":"<p><strong><a href=\"https:\/\/sandzakpress.net\/arhiva\/wp-content\/uploads\/2010\/01\/radio-bir-live.jpg\"><img loading=\"lazy\" decoding=\"async\" class=\"alignleft size-full wp-image-1112\" title=\"radio-bir-live\" src=\"https:\/\/sandzakpress.net\/arhiva\/wp-content\/uploads\/2010\/01\/radio-bir-live.jpg\" alt=\"\" width=\"190\" height=\"140\" \/><\/a>BiH &#8211; U nedjelju 10. januara posebnim radijskim programom Radio \u201eBIR&#8221;\u00a0 obilje\u017eava dvije godine postojanja. Druga godi\u0161njica velika je radost i \u010dast za uposlene na Radiju BIR, posebno kada se uzme \u010dinjenica da je\u00a0cilj Radija &#8220;Bir&#8221;\u00a0prenositi glas dobra i vjere i univerzalnih ljudskih vrijednosti na savremen medijski na\u010din. \u017delja Radia \u201eBIR&#8221; od po\u010detka emitovanja\u00a0je bila\u00a0da oni koji ga slu\u0161aju mogu duhovno obogatiti svoj \u017eivot. <\/strong><\/p>\n<p>&#8211; &#8220;Posebni program je prilika, ne samo da se pohvalimo, nego da uka\u017eemo na neke mahane, gre\u0161ke i propuste, a sve u cilju da budemo bolji i uspje\u0161niji i u narednom periodu&#8221;, kazala je za na\u0161 portal v.d. Glavnog urednika programa Radija &#8220;Bir&#8221; Emira Musa.<\/p>\n<p><strong> <\/strong><\/p>\n<p><strong>Kratak hronolo\u0161ki presjek rada Radija BIR<\/strong><\/p>\n<p>Ekperimentalni radijski program RTV IZ &#8220;BIR&#8221; je po\u010deo sa emitiranjem 1. muharrema 1429., odnosno 10. januara 2008. godine, dok je emitiranje redovnog programa krenulo 4. safera 1429., odnosno 11. februara 2008. godine.<\/p>\n<p>Od 21. aprila 2008. godine radio &#8220;BIR&#8221; je program emitirao od 7.00 do 19.00 sati svaki dan.<\/p>\n<p>Od 1. marta 2009. godine radio \u201eBIR&#8221; emituje program <strong>24h!<\/strong><\/p>\n<p>U programskoj shemi zastupljeni su sljede\u0107i programi: vjerski, obrazovni, dje\u010diji i omladinski, muzi\u010dki, sportski, marketing i informativno-politi\u010dki program.<\/p>\n<p>Uposlenici i saradnici Radija \u201eBIR&#8221; sa ponosom i zadovoljstvom nastoje odgovoriti izazovima koje pred njih postavlja realizacija programa.<\/p>\n<p>Tokom dvogodi\u0161njeg postojanja program Radija \u201eBIR&#8221; se uvijek prilago\u0111avao potrebama slu\u0161atelja. Novinarska i ekipa tehni\u010dkih realizatora svakodnevno priprema 24 sata programa, preko 15 dnevnih rubrika,\u00a0 sedmi\u010dno 21 autorsku emisiju, te godi\u0161nje niz \u00a0specijalnih programa kao \u0161to su obilje\u017eavanje Sedmice ro\u0111enja Muhameda a.s., Sedmica posve\u0107ena obilje\u017eavanju godi\u0161njice genocida u Srebrenici, Ajvatovica, Ramazanski program, Had\u017e itd.<\/p>\n<p><strong> <\/strong><\/p>\n<p><strong>Pokivenost signalom<\/strong><\/p>\n<p>Na zemaljskoj mre\u017ei Radio \u201eBIR&#8221; pokriva 1,4 miliona stanovnika putem svojih predajnika u: Sarajevu, Tuzlu, Zenici, Bu\u017eimu, Vi\u0161egradu, Fojnici, Stocu i Fo\u010di.<\/p>\n<p>Radio Bir se od 20. augusta 2008. godine emitira u\u017eivo preko Interneta. Na taj na\u010din je omogu\u0107eno na\u0161im slu\u0161aocima da nas mogu slu\u0161ati u cijelome svijetu. Od. 1 augusta 2009. program Radija \u201eBIR&#8221; mogu\u0107e je pratiti i putem satelita.<\/p>\n<p>Povodom druge godi\u0161njice direktor Radija \u201eBIR&#8221; gosp. Remzija Piti\u0107 je za na\u0161 portal izjavio:<\/p>\n<ul>\n<li>&#8211; Imamo pre\u0111ene dvije godine trnovitog puta. Imamo rezultat kojim smo prezadovoljni i mi i na\u0161i slu\u0161atelji. Malo se stanica mo\u017ee pohvaliti ve\u0107im rezultatom u ovako kratkom periodu. Hvala svima koji su na bilo koji na\u010din pisali povijest s nama. \u017delim \u010destitati svim ljudima koji nose teret ovoga posla i odgovaraju na izazove i potrebe na najbolji na\u010din. Idemo dalje, idemo bolje, idemo s Bo\u017eijom pomo\u0107i, stabilnije. Mi volimo ovu zemlju, volimo njen narod, volimo na\u0161u Zajednicu i nastavit \u0107emo tako u susret novim obavezama i izazovima. Budimo zajedno budimo \u201eBIR&#8221;, rekao je u kratkoj izjavi direktor Radija \u201eBir&#8221; gosp. Remzija Piti\u0107.<\/li>\n<\/ul>\n<p>Izvor: <strong>Rijaset.ba<\/strong><\/p>\n","protected":false},"excerpt":{"rendered":"<p>BiH &#8211; U nedjelju 10. januara posebnim radijskim programom Radio \u201eBIR&#8221;\u00a0 obilje\u017eava dvije godine postojanja. Druga godi\u0161njica velika je radost i \u010dast za uposlene na Radiju BIR, posebno kada se uzme \u010dinjenica da je\u00a0cilj Radija &#8220;Bir&#8221;\u00a0prenositi glas dobra i vjere i univerzalnih ljudskih vrijednosti na savremen medijski na\u010din. \u017delja Radia \u201eBIR&#8221; od po\u010detka emitovanja\u00a0je bila\u00a0da [&hellip;]<\/p>\n","protected":false},"author":83,"featured_media":1112,"comment_status":"open","ping_status":"open","sticky":false,"template":"","format":"standard","meta":{"footnotes":""},"categories":[16],"tags":[],"class_list":{"0":"post-1111","1":"post","2":"type-post","3":"status-publish","4":"format-standard","5":"has-post-thumbnail","7":"category-novine"},"yoast_head":"<!-- This site is optimized with the Yoast SEO Premium plugin v23.1 (Yoast SEO v24.9) - https:\/\/yoast.com\/wordpress\/plugins\/seo\/ -->\n<title>2 godine dru\u017eenja uz Radio &quot;Bir&quot;<\/title>\n<meta name=\"robots\" content=\"index, follow, max-snippet:-1, max-image-preview:large, max-video-preview:-1\" \/>\n<link rel=\"canonical\" href=\"https:\/\/sandzakpress.net\/arhiva\/2-godine-druzenja-uz-radio-bir\/\" \/>\n<meta property=\"og:locale\" content=\"bs_BA\" \/>\n<meta property=\"og:type\" content=\"article\" \/>\n<meta property=\"og:title\" content=\"2 godine dru\u017eenja uz Radio &quot;Bir&quot;\" \/>\n<meta property=\"og:description\" content=\"BiH &#8211; U nedjelju 10. januara posebnim radijskim programom Radio \u201eBIR&#8221;\u00a0 obilje\u017eava dvije godine postojanja. Druga godi\u0161njica velika je radost i \u010dast za uposlene na Radiju BIR, posebno kada se uzme \u010dinjenica da je\u00a0cilj Radija &#8220;Bir&#8221;\u00a0prenositi glas dobra i vjere i univerzalnih ljudskih vrijednosti na savremen medijski na\u010din. \u017delja Radia \u201eBIR&#8221; od po\u010detka emitovanja\u00a0je bila\u00a0da [&hellip;]\" \/>\n<meta property=\"og:url\" content=\"https:\/\/sandzakpress.net\/arhiva\/2-godine-druzenja-uz-radio-bir\/\" \/>\n<meta property=\"og:site_name\" content=\"Sand\u017eak PRESS\" \/>\n<meta property=\"article:published_time\" content=\"2010-01-09T14:01:10+00:00\" \/>\n<meta property=\"og:image\" content=\"https:\/\/sandzakpress.net\/arhiva\/wp-content\/uploads\/2010\/01\/radio-bir-live.jpg\" \/>\n\t<meta property=\"og:image:width\" content=\"190\" \/>\n\t<meta property=\"og:image:height\" content=\"140\" \/>\n\t<meta property=\"og:image:type\" content=\"image\/jpeg\" \/>\n<meta name=\"author\" content=\"bosniak\" \/>\n<meta name=\"twitter:card\" content=\"summary_large_image\" \/>\n<meta name=\"twitter:label1\" content=\"Written by\" \/>\n\t<meta name=\"twitter:data1\" content=\"bosniak\" \/>\n\t<meta name=\"twitter:label2\" content=\"Est. reading time\" \/>\n\t<meta name=\"twitter:data2\" content=\"2 minute\" \/>\n<script type=\"application\/ld+json\" class=\"yoast-schema-graph\">{\"@context\":\"https:\/\/schema.org\",\"@graph\":[{\"@type\":\"Article\",\"@id\":\"https:\/\/sandzakpress.net\/arhiva\/2-godine-druzenja-uz-radio-bir\/#article\",\"isPartOf\":{\"@id\":\"https:\/\/sandzakpress.net\/arhiva\/2-godine-druzenja-uz-radio-bir\/\"},\"author\":{\"name\":\"bosniak\",\"@id\":\"https:\/\/sandzakpress.net\/arhiva\/#\/schema\/person\/c8baee722073534b583ea7bdb2e36c02\"},\"headline\":\"2 godine dru\u017eenja uz Radio &#8220;Bir&#8221;\",\"datePublished\":\"2010-01-09T14:01:10+00:00\",\"mainEntityOfPage\":{\"@id\":\"https:\/\/sandzakpress.net\/arhiva\/2-godine-druzenja-uz-radio-bir\/\"},\"wordCount\":482,\"commentCount\":0,\"publisher\":{\"@id\":\"https:\/\/sandzakpress.net\/arhiva\/#\/schema\/person\/6e72b67d6e51910a1117b3b483ba20bd\"},\"image\":{\"@id\":\"https:\/\/sandzakpress.net\/arhiva\/2-godine-druzenja-uz-radio-bir\/#primaryimage\"},\"thumbnailUrl\":\"https:\/\/sandzakpress.net\/arhiva\/wp-content\/uploads\/2010\/01\/radio-bir-live.jpg\",\"articleSection\":[\"Novine\"],\"inLanguage\":\"bs-BA\",\"potentialAction\":[{\"@type\":\"CommentAction\",\"name\":\"Comment\",\"target\":[\"https:\/\/sandzakpress.net\/arhiva\/2-godine-druzenja-uz-radio-bir\/#respond\"]}]},{\"@type\":\"WebPage\",\"@id\":\"https:\/\/sandzakpress.net\/arhiva\/2-godine-druzenja-uz-radio-bir\/\",\"url\":\"https:\/\/sandzakpress.net\/arhiva\/2-godine-druzenja-uz-radio-bir\/\",\"name\":\"2 godine dru\u017eenja uz Radio \\\"Bir\\\"\",\"isPartOf\":{\"@id\":\"https:\/\/sandzakpress.net\/arhiva\/#website\"},\"primaryImageOfPage\":{\"@id\":\"https:\/\/sandzakpress.net\/arhiva\/2-godine-druzenja-uz-radio-bir\/#primaryimage\"},\"image\":{\"@id\":\"https:\/\/sandzakpress.net\/arhiva\/2-godine-druzenja-uz-radio-bir\/#primaryimage\"},\"thumbnailUrl\":\"https:\/\/sandzakpress.net\/arhiva\/wp-content\/uploads\/2010\/01\/radio-bir-live.jpg\",\"datePublished\":\"2010-01-09T14:01:10+00:00\",\"breadcrumb\":{\"@id\":\"https:\/\/sandzakpress.net\/arhiva\/2-godine-druzenja-uz-radio-bir\/#breadcrumb\"},\"inLanguage\":\"bs-BA\",\"potentialAction\":[{\"@type\":\"ReadAction\",\"target\":[\"https:\/\/sandzakpress.net\/arhiva\/2-godine-druzenja-uz-radio-bir\/\"]}]},{\"@type\":\"ImageObject\",\"inLanguage\":\"bs-BA\",\"@id\":\"https:\/\/sandzakpress.net\/arhiva\/2-godine-druzenja-uz-radio-bir\/#primaryimage\",\"url\":\"https:\/\/sandzakpress.net\/arhiva\/wp-content\/uploads\/2010\/01\/radio-bir-live.jpg\",\"contentUrl\":\"https:\/\/sandzakpress.net\/arhiva\/wp-content\/uploads\/2010\/01\/radio-bir-live.jpg\",\"width\":190,\"height\":140},{\"@type\":\"BreadcrumbList\",\"@id\":\"https:\/\/sandzakpress.net\/arhiva\/2-godine-druzenja-uz-radio-bir\/#breadcrumb\",\"itemListElement\":[{\"@type\":\"ListItem\",\"position\":1,\"name\":\"Home\",\"item\":\"https:\/\/sandzakpress.net\/arhiva\/\"},{\"@type\":\"ListItem\",\"position\":2,\"name\":\"2 godine dru\u017eenja uz Radio &#8220;Bir&#8221;\"}]},{\"@type\":\"WebSite\",\"@id\":\"https:\/\/sandzakpress.net\/arhiva\/#website\",\"url\":\"https:\/\/sandzakpress.net\/arhiva\/\",\"name\":\"Sand\u017eak PRESS\",\"description\":\"Prve elektronske novine u Sand\u017eaku\",\"publisher\":{\"@id\":\"https:\/\/sandzakpress.net\/arhiva\/#\/schema\/person\/6e72b67d6e51910a1117b3b483ba20bd\"},\"potentialAction\":[{\"@type\":\"SearchAction\",\"target\":{\"@type\":\"EntryPoint\",\"urlTemplate\":\"https:\/\/sandzakpress.net\/arhiva\/?s={search_term_string}\"},\"query-input\":{\"@type\":\"PropertyValueSpecification\",\"valueRequired\":true,\"valueName\":\"search_term_string\"}}],\"inLanguage\":\"bs-BA\"},{\"@type\":[\"Person\",\"Organization\"],\"@id\":\"https:\/\/sandzakpress.net\/arhiva\/#\/schema\/person\/6e72b67d6e51910a1117b3b483ba20bd\",\"name\":\"Kul\",\"image\":{\"@type\":\"ImageObject\",\"inLanguage\":\"bs-BA\",\"@id\":\"https:\/\/sandzakpress.net\/arhiva\/#\/schema\/person\/image\/\",\"url\":\"https:\/\/secure.gravatar.com\/avatar\/42263f39aa27ac04c43cab85c280eb2e?s=96&d=mm&r=pg\",\"contentUrl\":\"https:\/\/secure.gravatar.com\/avatar\/42263f39aa27ac04c43cab85c280eb2e?s=96&d=mm&r=pg\",\"caption\":\"Kul\"},\"logo\":{\"@id\":\"https:\/\/sandzakpress.net\/arhiva\/#\/schema\/person\/image\/\"}},{\"@type\":\"Person\",\"@id\":\"https:\/\/sandzakpress.net\/arhiva\/#\/schema\/person\/c8baee722073534b583ea7bdb2e36c02\",\"name\":\"bosniak\",\"image\":{\"@type\":\"ImageObject\",\"inLanguage\":\"bs-BA\",\"@id\":\"https:\/\/sandzakpress.net\/arhiva\/#\/schema\/person\/image\/\",\"url\":\"https:\/\/secure.gravatar.com\/avatar\/a04fd330bfe3a36a72a0ad4a6d89fca7?s=96&d=mm&r=pg\",\"contentUrl\":\"https:\/\/secure.gravatar.com\/avatar\/a04fd330bfe3a36a72a0ad4a6d89fca7?s=96&d=mm&r=pg\",\"caption\":\"bosniak\"},\"url\":\"https:\/\/sandzakpress.net\/arhiva\/author\/bosniak\/\"}]}<\/script>\n<!-- \/ Yoast SEO Premium plugin. -->","yoast_head_json":{"title":"2 godine dru\u017eenja uz Radio \"Bir\"","robots":{"index":"index","follow":"follow","max-snippet":"max-snippet:-1","max-image-preview":"max-image-preview:large","max-video-preview":"max-video-preview:-1"},"canonical":"https:\/\/sandzakpress.net\/arhiva\/2-godine-druzenja-uz-radio-bir\/","og_locale":"bs_BA","og_type":"article","og_title":"2 godine dru\u017eenja uz Radio \"Bir\"","og_description":"BiH &#8211; U nedjelju 10. januara posebnim radijskim programom Radio \u201eBIR&#8221;\u00a0 obilje\u017eava dvije godine postojanja. Druga godi\u0161njica velika je radost i \u010dast za uposlene na Radiju BIR, posebno kada se uzme \u010dinjenica da je\u00a0cilj Radija &#8220;Bir&#8221;\u00a0prenositi glas dobra i vjere i univerzalnih ljudskih vrijednosti na savremen medijski na\u010din. \u017delja Radia \u201eBIR&#8221; od po\u010detka emitovanja\u00a0je bila\u00a0da [&hellip;]","og_url":"https:\/\/sandzakpress.net\/arhiva\/2-godine-druzenja-uz-radio-bir\/","og_site_name":"Sand\u017eak PRESS","article_published_time":"2010-01-09T14:01:10+00:00","og_image":[{"width":190,"height":140,"url":"https:\/\/sandzakpress.net\/arhiva\/wp-content\/uploads\/2010\/01\/radio-bir-live.jpg","type":"image\/jpeg"}],"author":"bosniak","twitter_card":"summary_large_image","twitter_misc":{"Written by":"bosniak","Est. reading time":"2 minute"},"schema":{"@context":"https:\/\/schema.org","@graph":[{"@type":"Article","@id":"https:\/\/sandzakpress.net\/arhiva\/2-godine-druzenja-uz-radio-bir\/#article","isPartOf":{"@id":"https:\/\/sandzakpress.net\/arhiva\/2-godine-druzenja-uz-radio-bir\/"},"author":{"name":"bosniak","@id":"https:\/\/sandzakpress.net\/arhiva\/#\/schema\/person\/c8baee722073534b583ea7bdb2e36c02"},"headline":"2 godine dru\u017eenja uz Radio &#8220;Bir&#8221;","datePublished":"2010-01-09T14:01:10+00:00","mainEntityOfPage":{"@id":"https:\/\/sandzakpress.net\/arhiva\/2-godine-druzenja-uz-radio-bir\/"},"wordCount":482,"commentCount":0,"publisher":{"@id":"https:\/\/sandzakpress.net\/arhiva\/#\/schema\/person\/6e72b67d6e51910a1117b3b483ba20bd"},"image":{"@id":"https:\/\/sandzakpress.net\/arhiva\/2-godine-druzenja-uz-radio-bir\/#primaryimage"},"thumbnailUrl":"https:\/\/sandzakpress.net\/arhiva\/wp-content\/uploads\/2010\/01\/radio-bir-live.jpg","articleSection":["Novine"],"inLanguage":"bs-BA","potentialAction":[{"@type":"CommentAction","name":"Comment","target":["https:\/\/sandzakpress.net\/arhiva\/2-godine-druzenja-uz-radio-bir\/#respond"]}]},{"@type":"WebPage","@id":"https:\/\/sandzakpress.net\/arhiva\/2-godine-druzenja-uz-radio-bir\/","url":"https:\/\/sandzakpress.net\/arhiva\/2-godine-druzenja-uz-radio-bir\/","name":"2 godine dru\u017eenja uz Radio \"Bir\"","isPartOf":{"@id":"https:\/\/sandzakpress.net\/arhiva\/#website"},"primaryImageOfPage":{"@id":"https:\/\/sandzakpress.net\/arhiva\/2-godine-druzenja-uz-radio-bir\/#primaryimage"},"image":{"@id":"https:\/\/sandzakpress.net\/arhiva\/2-godine-druzenja-uz-radio-bir\/#primaryimage"},"thumbnailUrl":"https:\/\/sandzakpress.net\/arhiva\/wp-content\/uploads\/2010\/01\/radio-bir-live.jpg","datePublished":"2010-01-09T14:01:10+00:00","breadcrumb":{"@id":"https:\/\/sandzakpress.net\/arhiva\/2-godine-druzenja-uz-radio-bir\/#breadcrumb"},"inLanguage":"bs-BA","potentialAction":[{"@type":"ReadAction","target":["https:\/\/sandzakpress.net\/arhiva\/2-godine-druzenja-uz-radio-bir\/"]}]},{"@type":"ImageObject","inLanguage":"bs-BA","@id":"https:\/\/sandzakpress.net\/arhiva\/2-godine-druzenja-uz-radio-bir\/#primaryimage","url":"https:\/\/sandzakpress.net\/arhiva\/wp-content\/uploads\/2010\/01\/radio-bir-live.jpg","contentUrl":"https:\/\/sandzakpress.net\/arhiva\/wp-content\/uploads\/2010\/01\/radio-bir-live.jpg","width":190,"height":140},{"@type":"BreadcrumbList","@id":"https:\/\/sandzakpress.net\/arhiva\/2-godine-druzenja-uz-radio-bir\/#breadcrumb","itemListElement":[{"@type":"ListItem","position":1,"name":"Home","item":"https:\/\/sandzakpress.net\/arhiva\/"},{"@type":"ListItem","position":2,"name":"2 godine dru\u017eenja uz Radio &#8220;Bir&#8221;"}]},{"@type":"WebSite","@id":"https:\/\/sandzakpress.net\/arhiva\/#website","url":"https:\/\/sandzakpress.net\/arhiva\/","name":"Sand\u017eak PRESS","description":"Prve elektronske novine u Sand\u017eaku","publisher":{"@id":"https:\/\/sandzakpress.net\/arhiva\/#\/schema\/person\/6e72b67d6e51910a1117b3b483ba20bd"},"potentialAction":[{"@type":"SearchAction","target":{"@type":"EntryPoint","urlTemplate":"https:\/\/sandzakpress.net\/arhiva\/?s={search_term_string}"},"query-input":{"@type":"PropertyValueSpecification","valueRequired":true,"valueName":"search_term_string"}}],"inLanguage":"bs-BA"},{"@type":["Person","Organization"],"@id":"https:\/\/sandzakpress.net\/arhiva\/#\/schema\/person\/6e72b67d6e51910a1117b3b483ba20bd","name":"Kul","image":{"@type":"ImageObject","inLanguage":"bs-BA","@id":"https:\/\/sandzakpress.net\/arhiva\/#\/schema\/person\/image\/","url":"https:\/\/secure.gravatar.com\/avatar\/42263f39aa27ac04c43cab85c280eb2e?s=96&d=mm&r=pg","contentUrl":"https:\/\/secure.gravatar.com\/avatar\/42263f39aa27ac04c43cab85c280eb2e?s=96&d=mm&r=pg","caption":"Kul"},"logo":{"@id":"https:\/\/sandzakpress.net\/arhiva\/#\/schema\/person\/image\/"}},{"@type":"Person","@id":"https:\/\/sandzakpress.net\/arhiva\/#\/schema\/person\/c8baee722073534b583ea7bdb2e36c02","name":"bosniak","image":{"@type":"ImageObject","inLanguage":"bs-BA","@id":"https:\/\/sandzakpress.net\/arhiva\/#\/schema\/person\/image\/","url":"https:\/\/secure.gravatar.com\/avatar\/a04fd330bfe3a36a72a0ad4a6d89fca7?s=96&d=mm&r=pg","contentUrl":"https:\/\/secure.gravatar.com\/avatar\/a04fd330bfe3a36a72a0ad4a6d89fca7?s=96&d=mm&r=pg","caption":"bosniak"},"url":"https:\/\/sandzakpress.net\/arhiva\/author\/bosniak\/"}]}},"_links":{"self":[{"href":"https:\/\/sandzakpress.net\/arhiva\/wp-json\/wp\/v2\/posts\/1111"}],"collection":[{"href":"https:\/\/sandzakpress.net\/arhiva\/wp-json\/wp\/v2\/posts"}],"about":[{"href":"https:\/\/sandzakpress.net\/arhiva\/wp-json\/wp\/v2\/types\/post"}],"author":[{"embeddable":true,"href":"https:\/\/sandzakpress.net\/arhiva\/wp-json\/wp\/v2\/users\/83"}],"replies":[{"embeddable":true,"href":"https:\/\/sandzakpress.net\/arhiva\/wp-json\/wp\/v2\/comments?post=1111"}],"version-history":[{"count":0,"href":"https:\/\/sandzakpress.net\/arhiva\/wp-json\/wp\/v2\/posts\/1111\/revisions"}],"wp:featuredmedia":[{"embeddable":true,"href":"https:\/\/sandzakpress.net\/arhiva\/wp-json\/wp\/v2\/media\/1112"}],"wp:attachment":[{"href":"https:\/\/sandzakpress.net\/arhiva\/wp-json\/wp\/v2\/media?parent=1111"}],"wp:term":[{"taxonomy":"category","embeddable":true,"href":"https:\/\/sandzakpress.net\/arhiva\/wp-json\/wp\/v2\/categories?post=1111"},{"taxonomy":"post_tag","embeddable":true,"href":"https:\/\/sandzakpress.net\/arhiva\/wp-json\/wp\/v2\/tags?post=1111"}],"curies":[{"name":"wp","href":"https:\/\/api.w.org\/{rel}","templated":true}]}}