{"id":111084,"date":"2014-08-31T01:28:40","date_gmt":"2014-08-30T23:28:40","guid":{"rendered":"https:\/\/sandzakpress.net\/arhiva\/?p=111084"},"modified":"2014-08-31T01:28:40","modified_gmt":"2014-08-30T23:28:40","slug":"minut-od-srece","status":"publish","type":"post","link":"https:\/\/sandzakpress.net\/arhiva\/minut-od-srece\/","title":{"rendered":"Minut od sre\u0107e"},"content":{"rendered":"<p><a href=\"https:\/\/sandzakpress.net\/arhiva\/wp-content\/uploads\/2014\/08\/Admir-Fole-Beganovic-anfas.jpg\"><img loading=\"lazy\" decoding=\"async\" class=\"size-full wp-image-111085 alignleft\" src=\"https:\/\/sandzakpress.net\/arhiva\/wp-content\/uploads\/2014\/08\/Admir-Fole-Beganovic-anfas.jpg\" alt=\"Admir-Fole-Beganovic-anfas\" width=\"255\" height=\"249\" \/><\/a>Jo\u0161 jednom je zakazao komunikacijski kod na relaciji istine i medija. Da li je do konekcije, da li je neko na istinu \u201eopalio delete\u201c to \u0107e \u201epokazati istraga\u201c ali je evidentno da neko \u017eeli da na kundaku la\u017ei udari jo\u0161 jednu recku. Istina je ozbiljan proces i ma koliko bje\u017eali od nje ipak ona stigne do cilja. I kao \u0161to jednom re\u010de muftija Zukorli\u0107: \u201eSa pozicije la\u017ei, istina je la\u017e\u201c. Uvijek je bilo da novinari istu situaciju vide istim o\u010dima ali razli\u010dito pi\u0161u i pri\u010daju.<\/p>\n<p><span style=\"color: #000000;\">Beogradski mediji su nedavno objavili informaciju da je me\u010d dva gladijatora koji je trebao biti odr\u017ean u Novom Pazaru prekinut i prije po\u010detka. Borba \u201ekralja Beograda\u201c Kristijana Golubovi\u0107a i \u201egladijatora Sand\u017eaka\u201c Adnana Ali\u0107a nije odr\u017eana zbog masovne tu\u010de u dvorani \u201ePendik\u201c. Informacija u kojoj nema ni grama \u017eive vage la\u017ei. Ali la\u017e ne bi bila to \u0161to jeste i pojedini beogradski mediji ne bi bili to \u0161to jesu kada ne bi barem malo \u201ezabiberili\u201c pozivaju\u0107i se na \u201evjerodostojan izvor\u201c. Na video snimcima se i ne vidi ko je zapo\u010deo tu\u010du ali je evidentno da su mediji sa Dunava poku\u0161ali \u201ezaobi\u0107i istinu\u201c. Novinari su prenijeli vijest da su \u201evehabije\u201c, \u201ebradonje iz Pazara\u201c po\u010deli tu\u010du \u201ena pravdi Boga\u201c i samo zbog toga \u0161to su, eto zamisli brate, \u017eeljni belaja. Ali krenimo redom.<\/span><\/p>\n<p><span style=\"color: #000000;\">Grupa navija\u010da iz Beograda koja je do\u0161la bodriti Golubovi\u0107a prilikom ulaska u ring njihovog idola uz neizbje\u017eno skandiranje imena prikazali su neizostavnu ikonografiju koja prati ovakva i sli\u010dna de\u0161avanja. Tri prsta u srcu Sand\u017eaka. Kulturna, sportska, duhovna ili neka druga provokacija ali ipak provokacija. Sli\u010dan \u201efolklor\u201c nije stran ni pjeva\u010dima ni sportistima.\u00a0<\/span><br style=\"color: #000000;\" \/><br style=\"color: #000000;\" \/><span style=\"color: #000000;\">I nije problem navijati \u201eza svoga\u201c ali je problem kada se provocira, namjerno i planirano.<\/span><br style=\"color: #000000;\" \/><span style=\"color: #000000;\">Neko je pri\u017eeljkivao \u201ebal vampira\u201c a dobio batine.<\/span><br style=\"color: #000000;\" \/><br style=\"color: #000000;\" \/><span style=\"color: #000000;\">Navija\u010di iz Pazara osjetiv\u0161i provokaciju reagovali su kao \u0161to bi reagovali svi koji uvredu ne \u017eele nositi na du\u0161i.<\/span><\/p>\n<table style=\"color: #000000;\" border=\"0\" width=\"620\" cellspacing=\"0\" cellpadding=\"5\" align=\"center\" bgcolor=\"Gainsboro\">\n<tbody>\n<tr>\n<td align=\"left\"><center><img decoding=\"async\" src=\"http:\/\/www.bosnjaci.net\/foto\/Kristijan_Golubovic_Adnana_Alic_masovna_tuca_u_Pazaru_zbog_srednjeg_i_tri_prsta.jpg\" alt=\"\" width=\"620\" border=\"0\" \/><br \/>\nU Novom Pazaru dobili batine od publike zbog provokacija pokazivanja srednjeg prsta i tri prsta<\/center><\/td>\n<\/tr>\n<\/tbody>\n<\/table>\n<p><span style=\"color: #000000;\">\u0160ta bi bilo da je neko iz Sand\u017eaka na sred Terazija prou\u010dio ezan? Pored batina dobio bi i nekoliko godina strijeljanja, tri puta do\u017eivotnu i jo\u0161 toliko toga i onoga \u010dega nema ni u ameri\u010dkom sudstvu.<\/span><br style=\"color: #000000;\" \/><span style=\"color: #000000;\">\u0160armantne budala\u0161tine beogradski mediji napisa\u0161e al&#8217; ne reko\u0161e da su gori i ve\u0107i belaj zaustavile \u201ebradonje iz Pazara\u201c.\u00a0<\/span><br style=\"color: #000000;\" \/><br style=\"color: #000000;\" \/><span style=\"color: #000000;\">Niko ne napisa da su navija\u010de iz Sand\u017eaka da ne provale u ring i nagrnu na Kristijana zaustavili ljudi iz Pazara.\u00a0<\/span><br style=\"color: #000000;\" \/><br style=\"color: #000000;\" \/><span style=\"color: #000000;\">Brojala se polomljena rebra, izgubljeni zubi, iskrenute vilice, bezbrojne modrice, krive ki\u010dme i za glavnog i de\u017eurnog krivca proglasi\u0161e se oni koji su sprije\u010dili rat.<\/span><br style=\"color: #000000;\" \/><span style=\"color: #000000;\">A o provokaciji ni slova.\u00a0<\/span><br style=\"color: #000000;\" \/><br style=\"color: #000000;\" \/><span style=\"color: #000000;\">Mada me reakcija kolega iz Beograda nije iznenadila jer ve\u0107 godinama \u201e\u0161ilje\u201c i petljaju ipak sam \u201ena prvu\u201c reagovao &#8211; nije po\u0161teno.<\/span><br style=\"color: #000000;\" \/><br style=\"color: #000000;\" \/><span style=\"color: #000000;\">Naravno da u takvim situacijama \u201eproklju\u010da krv\u201c, na provokaciju i nepravdu se reaguje pogotovo ako se zna \u0161ta se njom \u017eeli postici. Bilo je i psovke i uvreda sa obje strane, ali \u0161ta o\u010dekivati.<\/span><\/p>\n<p><span style=\"color: #000000;\">\u201eKo je po\u010deo rat?\u201c. Pitanje koje su iz Srbije nametnuli majci Evropi.<\/span><\/p>\n<p><span style=\"color: #000000;\">Uvijek je kriv neko drugi. I kada belaj zakuca na vrata najlak\u0161e je i reci i napisati &#8211; oni nas mrze.<\/span><br style=\"color: #000000;\" \/><span style=\"color: #000000;\">Nazva me kolega iz Beograda. I na kraju razgovora spomenuh mu \u201esporni me\u010d\u201c.<\/span><\/p>\n<p><span style=\"color: #000000;\">&#8211; \u201eEto vidi\u0161 \u0161ta se sve ne\u0107e do\u010dekati. Da muslimani u Srbiji brane Srbe\u201c.<\/span><\/p>\n<p><span style=\"color: #000000;\">\u201eZnam kralju ali ovi tvoji druga\u010dije pi\u0161u\u201c &#8211; odgovorih mu.<\/span><\/p>\n<p><span style=\"color: #000000;\">&#8211; \u201eA, znam i ko pi\u0161e i za\u0161to pi\u0161e. Zna\u0161 onu pjesmu Elvisa Kurtovi\u0107a &#8216;U modi je biti \u0161upak&#8217;. E takav je i napisao\u201c. Ma sve se zna al&#8217; eto, ima ljudi koji vole pro\u010ditati i ono \u0161to je sjeverno od istine, &#8211; odgovori mi kolega.<\/span><br style=\"color: #000000;\" \/><br style=\"color: #000000;\" \/><span style=\"color: #000000;\">Dobro je da se sve zavr\u0161ilo. Belaj je zaustavljen. I mada se la\u017e \u0161irila brzinom munje, mada su o\u010dekivali da \u0107e neko biti sretan a neko tu\u017ean na satu paklenog plana kazaljka je stala minut do njihove sre\u0107e.<\/span><\/p>\n<p><span style=\"color: #000000;\">Istina kao temeljni pojam i vjere i \u017eivota uop\u0161te &#8211; izronila je, kao i obi\u010dno.<\/span><\/p>\n<div class=\"youtube-embed\" data-video_id=\"PyLFQFbyfAQ\"><iframe loading=\"lazy\" title=\"Kristijan Golubovic vs Adnan Nane Alic MASOVNA TUCA - INCIDENTI NOVI PAZAR\" width=\"696\" height=\"392\" src=\"https:\/\/www.youtube.com\/embed\/PyLFQFbyfAQ?feature=oembed&#038;enablejsapi=1\" frameborder=\"0\" allow=\"accelerometer; autoplay; encrypted-media; gyroscope; picture-in-picture\" allowfullscreen><\/iframe><\/div>\n<p>Autor:\u00a0<strong style=\"color: #000000;\">Admir F. Beganovi\u0107<\/strong><\/p>\n","protected":false},"excerpt":{"rendered":"<p>Admir F. Beganovi\u0107<\/p>\n","protected":false},"author":83,"featured_media":111085,"comment_status":"open","ping_status":"open","sticky":false,"template":"","format":"standard","meta":{"footnotes":""},"categories":[10196],"tags":[],"class_list":{"0":"post-111084","1":"post","2":"type-post","3":"status-publish","4":"format-standard","5":"has-post-thumbnail","7":"category-iz-pera-nasih-autora"},"yoast_head":"<!-- This site is optimized with the Yoast SEO Premium plugin v23.1 (Yoast SEO v24.9) - https:\/\/yoast.com\/wordpress\/plugins\/seo\/ -->\n<title>Minut od sre\u0107e<\/title>\n<meta name=\"robots\" content=\"index, follow, max-snippet:-1, max-image-preview:large, max-video-preview:-1\" \/>\n<link rel=\"canonical\" href=\"https:\/\/sandzakpress.net\/arhiva\/minut-od-srece\/\" \/>\n<meta property=\"og:locale\" content=\"bs_BA\" \/>\n<meta property=\"og:type\" content=\"article\" \/>\n<meta property=\"og:title\" content=\"Minut od sre\u0107e\" \/>\n<meta property=\"og:description\" content=\"Admir F. Beganovi\u0107\" \/>\n<meta property=\"og:url\" content=\"https:\/\/sandzakpress.net\/arhiva\/minut-od-srece\/\" \/>\n<meta property=\"og:site_name\" content=\"Sand\u017eak PRESS\" \/>\n<meta property=\"article:published_time\" content=\"2014-08-30T23:28:40+00:00\" \/>\n<meta property=\"og:image\" content=\"https:\/\/sandzakpress.net\/arhiva\/wp-content\/uploads\/2014\/08\/Admir-Fole-Beganovic-anfas.jpg\" \/>\n\t<meta property=\"og:image:width\" content=\"255\" \/>\n\t<meta property=\"og:image:height\" content=\"249\" \/>\n\t<meta property=\"og:image:type\" content=\"image\/jpeg\" \/>\n<meta name=\"author\" content=\"bosniak\" \/>\n<meta name=\"twitter:card\" content=\"summary_large_image\" \/>\n<meta name=\"twitter:label1\" content=\"Written by\" \/>\n\t<meta name=\"twitter:data1\" content=\"bosniak\" \/>\n\t<meta name=\"twitter:label2\" content=\"Est. reading time\" \/>\n\t<meta name=\"twitter:data2\" content=\"4 minute\" \/>\n<script type=\"application\/ld+json\" class=\"yoast-schema-graph\">{\"@context\":\"https:\/\/schema.org\",\"@graph\":[{\"@type\":\"Article\",\"@id\":\"https:\/\/sandzakpress.net\/arhiva\/minut-od-srece\/#article\",\"isPartOf\":{\"@id\":\"https:\/\/sandzakpress.net\/arhiva\/minut-od-srece\/\"},\"author\":{\"name\":\"bosniak\",\"@id\":\"https:\/\/sandzakpress.net\/arhiva\/#\/schema\/person\/c8baee722073534b583ea7bdb2e36c02\"},\"headline\":\"Minut od sre\u0107e\",\"datePublished\":\"2014-08-30T23:28:40+00:00\",\"mainEntityOfPage\":{\"@id\":\"https:\/\/sandzakpress.net\/arhiva\/minut-od-srece\/\"},\"wordCount\":739,\"commentCount\":0,\"publisher\":{\"@id\":\"https:\/\/sandzakpress.net\/arhiva\/#\/schema\/person\/6e72b67d6e51910a1117b3b483ba20bd\"},\"image\":{\"@id\":\"https:\/\/sandzakpress.net\/arhiva\/minut-od-srece\/#primaryimage\"},\"thumbnailUrl\":\"https:\/\/sandzakpress.net\/arhiva\/wp-content\/uploads\/2014\/08\/Admir-Fole-Beganovic-anfas.jpg\",\"articleSection\":[\"Iz pera na\u0161ih autora\"],\"inLanguage\":\"bs-BA\",\"potentialAction\":[{\"@type\":\"CommentAction\",\"name\":\"Comment\",\"target\":[\"https:\/\/sandzakpress.net\/arhiva\/minut-od-srece\/#respond\"]}]},{\"@type\":\"WebPage\",\"@id\":\"https:\/\/sandzakpress.net\/arhiva\/minut-od-srece\/\",\"url\":\"https:\/\/sandzakpress.net\/arhiva\/minut-od-srece\/\",\"name\":\"Minut od sre\u0107e\",\"isPartOf\":{\"@id\":\"https:\/\/sandzakpress.net\/arhiva\/#website\"},\"primaryImageOfPage\":{\"@id\":\"https:\/\/sandzakpress.net\/arhiva\/minut-od-srece\/#primaryimage\"},\"image\":{\"@id\":\"https:\/\/sandzakpress.net\/arhiva\/minut-od-srece\/#primaryimage\"},\"thumbnailUrl\":\"https:\/\/sandzakpress.net\/arhiva\/wp-content\/uploads\/2014\/08\/Admir-Fole-Beganovic-anfas.jpg\",\"datePublished\":\"2014-08-30T23:28:40+00:00\",\"breadcrumb\":{\"@id\":\"https:\/\/sandzakpress.net\/arhiva\/minut-od-srece\/#breadcrumb\"},\"inLanguage\":\"bs-BA\",\"potentialAction\":[{\"@type\":\"ReadAction\",\"target\":[\"https:\/\/sandzakpress.net\/arhiva\/minut-od-srece\/\"]}]},{\"@type\":\"ImageObject\",\"inLanguage\":\"bs-BA\",\"@id\":\"https:\/\/sandzakpress.net\/arhiva\/minut-od-srece\/#primaryimage\",\"url\":\"https:\/\/sandzakpress.net\/arhiva\/wp-content\/uploads\/2014\/08\/Admir-Fole-Beganovic-anfas.jpg\",\"contentUrl\":\"https:\/\/sandzakpress.net\/arhiva\/wp-content\/uploads\/2014\/08\/Admir-Fole-Beganovic-anfas.jpg\",\"width\":255,\"height\":249},{\"@type\":\"BreadcrumbList\",\"@id\":\"https:\/\/sandzakpress.net\/arhiva\/minut-od-srece\/#breadcrumb\",\"itemListElement\":[{\"@type\":\"ListItem\",\"position\":1,\"name\":\"Home\",\"item\":\"https:\/\/sandzakpress.net\/arhiva\/\"},{\"@type\":\"ListItem\",\"position\":2,\"name\":\"Minut od sre\u0107e\"}]},{\"@type\":\"WebSite\",\"@id\":\"https:\/\/sandzakpress.net\/arhiva\/#website\",\"url\":\"https:\/\/sandzakpress.net\/arhiva\/\",\"name\":\"Sand\u017eak PRESS\",\"description\":\"Prve elektronske novine u Sand\u017eaku\",\"publisher\":{\"@id\":\"https:\/\/sandzakpress.net\/arhiva\/#\/schema\/person\/6e72b67d6e51910a1117b3b483ba20bd\"},\"potentialAction\":[{\"@type\":\"SearchAction\",\"target\":{\"@type\":\"EntryPoint\",\"urlTemplate\":\"https:\/\/sandzakpress.net\/arhiva\/?s={search_term_string}\"},\"query-input\":{\"@type\":\"PropertyValueSpecification\",\"valueRequired\":true,\"valueName\":\"search_term_string\"}}],\"inLanguage\":\"bs-BA\"},{\"@type\":[\"Person\",\"Organization\"],\"@id\":\"https:\/\/sandzakpress.net\/arhiva\/#\/schema\/person\/6e72b67d6e51910a1117b3b483ba20bd\",\"name\":\"Kul\",\"image\":{\"@type\":\"ImageObject\",\"inLanguage\":\"bs-BA\",\"@id\":\"https:\/\/sandzakpress.net\/arhiva\/#\/schema\/person\/image\/\",\"url\":\"https:\/\/secure.gravatar.com\/avatar\/42263f39aa27ac04c43cab85c280eb2e?s=96&d=mm&r=pg\",\"contentUrl\":\"https:\/\/secure.gravatar.com\/avatar\/42263f39aa27ac04c43cab85c280eb2e?s=96&d=mm&r=pg\",\"caption\":\"Kul\"},\"logo\":{\"@id\":\"https:\/\/sandzakpress.net\/arhiva\/#\/schema\/person\/image\/\"}},{\"@type\":\"Person\",\"@id\":\"https:\/\/sandzakpress.net\/arhiva\/#\/schema\/person\/c8baee722073534b583ea7bdb2e36c02\",\"name\":\"bosniak\",\"image\":{\"@type\":\"ImageObject\",\"inLanguage\":\"bs-BA\",\"@id\":\"https:\/\/sandzakpress.net\/arhiva\/#\/schema\/person\/image\/\",\"url\":\"https:\/\/secure.gravatar.com\/avatar\/a04fd330bfe3a36a72a0ad4a6d89fca7?s=96&d=mm&r=pg\",\"contentUrl\":\"https:\/\/secure.gravatar.com\/avatar\/a04fd330bfe3a36a72a0ad4a6d89fca7?s=96&d=mm&r=pg\",\"caption\":\"bosniak\"},\"url\":\"https:\/\/sandzakpress.net\/arhiva\/author\/bosniak\/\"}]}<\/script>\n<!-- \/ Yoast SEO Premium plugin. -->","yoast_head_json":{"title":"Minut od sre\u0107e","robots":{"index":"index","follow":"follow","max-snippet":"max-snippet:-1","max-image-preview":"max-image-preview:large","max-video-preview":"max-video-preview:-1"},"canonical":"https:\/\/sandzakpress.net\/arhiva\/minut-od-srece\/","og_locale":"bs_BA","og_type":"article","og_title":"Minut od sre\u0107e","og_description":"Admir F. Beganovi\u0107","og_url":"https:\/\/sandzakpress.net\/arhiva\/minut-od-srece\/","og_site_name":"Sand\u017eak PRESS","article_published_time":"2014-08-30T23:28:40+00:00","og_image":[{"width":255,"height":249,"url":"https:\/\/sandzakpress.net\/arhiva\/wp-content\/uploads\/2014\/08\/Admir-Fole-Beganovic-anfas.jpg","type":"image\/jpeg"}],"author":"bosniak","twitter_card":"summary_large_image","twitter_misc":{"Written by":"bosniak","Est. reading time":"4 minute"},"schema":{"@context":"https:\/\/schema.org","@graph":[{"@type":"Article","@id":"https:\/\/sandzakpress.net\/arhiva\/minut-od-srece\/#article","isPartOf":{"@id":"https:\/\/sandzakpress.net\/arhiva\/minut-od-srece\/"},"author":{"name":"bosniak","@id":"https:\/\/sandzakpress.net\/arhiva\/#\/schema\/person\/c8baee722073534b583ea7bdb2e36c02"},"headline":"Minut od sre\u0107e","datePublished":"2014-08-30T23:28:40+00:00","mainEntityOfPage":{"@id":"https:\/\/sandzakpress.net\/arhiva\/minut-od-srece\/"},"wordCount":739,"commentCount":0,"publisher":{"@id":"https:\/\/sandzakpress.net\/arhiva\/#\/schema\/person\/6e72b67d6e51910a1117b3b483ba20bd"},"image":{"@id":"https:\/\/sandzakpress.net\/arhiva\/minut-od-srece\/#primaryimage"},"thumbnailUrl":"https:\/\/sandzakpress.net\/arhiva\/wp-content\/uploads\/2014\/08\/Admir-Fole-Beganovic-anfas.jpg","articleSection":["Iz pera na\u0161ih autora"],"inLanguage":"bs-BA","potentialAction":[{"@type":"CommentAction","name":"Comment","target":["https:\/\/sandzakpress.net\/arhiva\/minut-od-srece\/#respond"]}]},{"@type":"WebPage","@id":"https:\/\/sandzakpress.net\/arhiva\/minut-od-srece\/","url":"https:\/\/sandzakpress.net\/arhiva\/minut-od-srece\/","name":"Minut od sre\u0107e","isPartOf":{"@id":"https:\/\/sandzakpress.net\/arhiva\/#website"},"primaryImageOfPage":{"@id":"https:\/\/sandzakpress.net\/arhiva\/minut-od-srece\/#primaryimage"},"image":{"@id":"https:\/\/sandzakpress.net\/arhiva\/minut-od-srece\/#primaryimage"},"thumbnailUrl":"https:\/\/sandzakpress.net\/arhiva\/wp-content\/uploads\/2014\/08\/Admir-Fole-Beganovic-anfas.jpg","datePublished":"2014-08-30T23:28:40+00:00","breadcrumb":{"@id":"https:\/\/sandzakpress.net\/arhiva\/minut-od-srece\/#breadcrumb"},"inLanguage":"bs-BA","potentialAction":[{"@type":"ReadAction","target":["https:\/\/sandzakpress.net\/arhiva\/minut-od-srece\/"]}]},{"@type":"ImageObject","inLanguage":"bs-BA","@id":"https:\/\/sandzakpress.net\/arhiva\/minut-od-srece\/#primaryimage","url":"https:\/\/sandzakpress.net\/arhiva\/wp-content\/uploads\/2014\/08\/Admir-Fole-Beganovic-anfas.jpg","contentUrl":"https:\/\/sandzakpress.net\/arhiva\/wp-content\/uploads\/2014\/08\/Admir-Fole-Beganovic-anfas.jpg","width":255,"height":249},{"@type":"BreadcrumbList","@id":"https:\/\/sandzakpress.net\/arhiva\/minut-od-srece\/#breadcrumb","itemListElement":[{"@type":"ListItem","position":1,"name":"Home","item":"https:\/\/sandzakpress.net\/arhiva\/"},{"@type":"ListItem","position":2,"name":"Minut od sre\u0107e"}]},{"@type":"WebSite","@id":"https:\/\/sandzakpress.net\/arhiva\/#website","url":"https:\/\/sandzakpress.net\/arhiva\/","name":"Sand\u017eak PRESS","description":"Prve elektronske novine u Sand\u017eaku","publisher":{"@id":"https:\/\/sandzakpress.net\/arhiva\/#\/schema\/person\/6e72b67d6e51910a1117b3b483ba20bd"},"potentialAction":[{"@type":"SearchAction","target":{"@type":"EntryPoint","urlTemplate":"https:\/\/sandzakpress.net\/arhiva\/?s={search_term_string}"},"query-input":{"@type":"PropertyValueSpecification","valueRequired":true,"valueName":"search_term_string"}}],"inLanguage":"bs-BA"},{"@type":["Person","Organization"],"@id":"https:\/\/sandzakpress.net\/arhiva\/#\/schema\/person\/6e72b67d6e51910a1117b3b483ba20bd","name":"Kul","image":{"@type":"ImageObject","inLanguage":"bs-BA","@id":"https:\/\/sandzakpress.net\/arhiva\/#\/schema\/person\/image\/","url":"https:\/\/secure.gravatar.com\/avatar\/42263f39aa27ac04c43cab85c280eb2e?s=96&d=mm&r=pg","contentUrl":"https:\/\/secure.gravatar.com\/avatar\/42263f39aa27ac04c43cab85c280eb2e?s=96&d=mm&r=pg","caption":"Kul"},"logo":{"@id":"https:\/\/sandzakpress.net\/arhiva\/#\/schema\/person\/image\/"}},{"@type":"Person","@id":"https:\/\/sandzakpress.net\/arhiva\/#\/schema\/person\/c8baee722073534b583ea7bdb2e36c02","name":"bosniak","image":{"@type":"ImageObject","inLanguage":"bs-BA","@id":"https:\/\/sandzakpress.net\/arhiva\/#\/schema\/person\/image\/","url":"https:\/\/secure.gravatar.com\/avatar\/a04fd330bfe3a36a72a0ad4a6d89fca7?s=96&d=mm&r=pg","contentUrl":"https:\/\/secure.gravatar.com\/avatar\/a04fd330bfe3a36a72a0ad4a6d89fca7?s=96&d=mm&r=pg","caption":"bosniak"},"url":"https:\/\/sandzakpress.net\/arhiva\/author\/bosniak\/"}]}},"_links":{"self":[{"href":"https:\/\/sandzakpress.net\/arhiva\/wp-json\/wp\/v2\/posts\/111084"}],"collection":[{"href":"https:\/\/sandzakpress.net\/arhiva\/wp-json\/wp\/v2\/posts"}],"about":[{"href":"https:\/\/sandzakpress.net\/arhiva\/wp-json\/wp\/v2\/types\/post"}],"author":[{"embeddable":true,"href":"https:\/\/sandzakpress.net\/arhiva\/wp-json\/wp\/v2\/users\/83"}],"replies":[{"embeddable":true,"href":"https:\/\/sandzakpress.net\/arhiva\/wp-json\/wp\/v2\/comments?post=111084"}],"version-history":[{"count":0,"href":"https:\/\/sandzakpress.net\/arhiva\/wp-json\/wp\/v2\/posts\/111084\/revisions"}],"wp:featuredmedia":[{"embeddable":true,"href":"https:\/\/sandzakpress.net\/arhiva\/wp-json\/wp\/v2\/media\/111085"}],"wp:attachment":[{"href":"https:\/\/sandzakpress.net\/arhiva\/wp-json\/wp\/v2\/media?parent=111084"}],"wp:term":[{"taxonomy":"category","embeddable":true,"href":"https:\/\/sandzakpress.net\/arhiva\/wp-json\/wp\/v2\/categories?post=111084"},{"taxonomy":"post_tag","embeddable":true,"href":"https:\/\/sandzakpress.net\/arhiva\/wp-json\/wp\/v2\/tags?post=111084"}],"curies":[{"name":"wp","href":"https:\/\/api.w.org\/{rel}","templated":true}]}}