{"id":111064,"date":"2014-08-30T21:04:56","date_gmt":"2014-08-30T19:04:56","guid":{"rendered":"https:\/\/sandzakpress.net\/arhiva\/?p=111064"},"modified":"2014-08-31T11:43:16","modified_gmt":"2014-08-31T09:43:16","slug":"aktivna-priprema-za-70-godina-sehida-hadzeta","status":"publish","type":"post","link":"https:\/\/sandzakpress.net\/arhiva\/aktivna-priprema-za-70-ggodina-sehida-hadzeta","title":{"rendered":"Aktivna priprema za 70. godi\u0161njicu \u0160ehida Had\u017eeta"},"content":{"rendered":"<p><a href=\"https:\/\/sandzakpress.net\/arhiva\/wp-content\/uploads\/2014\/08\/5533140a844136435b91d8af0d5f0973cccbcda9489c6634d08bf2dc844608a5.jpg\"><img loading=\"lazy\" decoding=\"async\" class=\"aligncenter size-full wp-image-111104\" src=\"https:\/\/sandzakpress.net\/arhiva\/wp-content\/uploads\/2014\/08\/5533140a844136435b91d8af0d5f0973cccbcda9489c6634d08bf2dc844608a5.jpg\" alt=\"5533140a844136435b91d8af0d5f0973cccbcda9489c6634d08bf2dc844608a5\" width=\"905\" height=\"1280\" srcset=\"https:\/\/sandzakpress.net\/arhiva\/wp-content\/uploads\/2014\/08\/5533140a844136435b91d8af0d5f0973cccbcda9489c6634d08bf2dc844608a5.jpg 905w, https:\/\/sandzakpress.net\/arhiva\/wp-content\/uploads\/2014\/08\/5533140a844136435b91d8af0d5f0973cccbcda9489c6634d08bf2dc844608a5-616x871.jpg 616w\" sizes=\"(max-width: 905px) 100vw, 905px\" \/><\/a><\/p>\n<p><strong>Novi Pazar &#8211; 4. Septembra 2014 godine se navr\u0161ava\u00a0 70 godina od stravi\u010dnog zlocina koje su komunisti\u010dke vlasti po\u010dinile nad muslimanima Novog Pazara.<\/strong><\/p>\n<p>\u010ci\u0161\u0107enjem Vakifa ,, MEARIF\u201c na\u00a0 Had\u017eetu po\u010dele su pripreme za obilje\u017eavanje godi\u0161nice od genocida. Ina\u010de, Me\u0161ihat Islamske zajednice u saradniji sa Bo\u0161nja\u010dkom kulturnom zajednicom, organizira u \u010detvrtak POHOD NA HAD\u017dET. Bo\u0161njaci Sand\u017eaka okupit \u0107e se na Trgu Gazi Isa-bega Ishakovi\u0107a u 13:30, odakle polaze u\u00a0 Pohod\u00a0 do Vakufa Mearif na Had\u017eetu, gdje \u0107e biti prou\u010den Jasin i uprili\u010diti dova za sve \u0161ehide.<\/p>\n<p>Ispred Bo\u0161nja\u010dke kulturne zajednice\u00a0 obratio se predsjednik BKZ-a Admir Muratovi\u0107.<\/p>\n<p>On je izme\u0111u ostalog rekao: ,,Ovo mjesto na kojem se nalazimo bilo je popri\u0161te masovnih streljanja, na \u017ealost na ovom mjestu se nalaze masovne grobnice, ubijenih Bo\u0161njaka. Podsje\u0107amo javnost\u00a0 da su\u00a0 od novembra\u00a0 1944 god., pa sve do po\u010detka 1946 godine, po kratkom postupku, bez prava na odbranu, na izno\u0161enje argumentacije u svoju korist streljano preko dvije hiljade\u00a0 Bosnjaka, uglavnom elita bo\u0161nja\u010dkog naroda iz tog perioda.\u201d<\/p>\n<div class=\"youtube-embed\" data-video_id=\"Pmj1UScopSc\"><iframe loading=\"lazy\" title=\"POHOD NA HAD\u017dET 2014\" width=\"696\" height=\"522\" src=\"https:\/\/www.youtube.com\/embed\/Pmj1UScopSc?feature=oembed&#038;enablejsapi=1\" frameborder=\"0\" allow=\"accelerometer; autoplay; encrypted-media; gyroscope; picture-in-picture\" allowfullscreen><\/iframe><\/div>\n<p>Muratovi\u0107 tako\u0111er nagla\u0161ava da: ,, Onaj ko nema svijesti , nema prava na svijetlu budu\u0107nost. U tom kontekstu mi smo danas, zahvaljuju\u0107i na\u0161im mladim aktivistima Islamske zajednice i BKZ-a, izasli ovdje kako bi o\u010distili ovaj prostor i pripremili ga za obilje\u017eavanje 4. Septembra kada \u0107e se desiti tradicionalni Pohod na Had\u017eet.<\/p>\n<p>Profesor Muratovi\u0107 zahvalio je mladima koji su dali svoj doprinos, na po\u010detku obilje\u017eavanja historiskog doga\u0111aja, posebno va\u017enog za Bo\u0161njake.<\/p>\n<p>Na Vakufu Meririf bio je i Asmir ef. Crnovr\u0161anin koji je pomogao da se akcija \u010di\u0161\u0107enja sprovede na najbolji na\u010din i tim putem pozvao rekao: ,, Tu smo kako bi smo se prisjetili na\u0161ih najuglednijih gra\u0111ana Novoga Pazara.\u201c<\/p>\n<p>Prema rije\u010dima\u00a0 mladih aktivista ove \u00a0akcije, \u00a0rado se odazivaju svakom pozivu i na ovaj na\u010din pokazuju primjer svojim vr\u0161njacima.<\/p>\n<div class=\"youtube-embed\" data-video_id=\"PIY7zNQq_D0\"><iframe loading=\"lazy\" title=\"Pripreme za &quot;Pohod na Had\u017eet&quot;\" width=\"696\" height=\"522\" src=\"https:\/\/www.youtube.com\/embed\/PIY7zNQq_D0?feature=oembed&#038;enablejsapi=1\" frameborder=\"0\" allow=\"accelerometer; autoplay; encrypted-media; gyroscope; picture-in-picture\" allowfullscreen><\/iframe><\/div>\n<p>Prema rije\u010dima profesora Internacionalnog univerziteta u Novom Pazaru Mustafe Feti\u0107a :<\/p>\n<p>,,Zelio bih ubudu\u0107e da svijest gra\u0111anja, svijest Bosnjaka, muslimana bude na tom nivou da se ne moraju pozivati, ve\u0107 kad god vide ili \u010duju da ima sli\u010dna akcija \u010di\u0161\u0107enja vakufa, ure\u0111ivanja d\u017eamija, sre\u0111ivanja svih hajrata koji sluze narodu da uzmu u\u010de\u0161\u0107a bez posebnog poziva i bez kampanje.\u201c<\/p>\n<p>4. Septembra 2014 godine do\u0111ite na Vakuf ,,Mearif \u201e na Had\u017eetu da zajedno prou\u010dimo dovu stradalim Bo\u0161njacima.<\/p>\n<p>SANA &#8211; D\u017eenefa Ze\u0107ovi\u0107<\/p>\n<p>&nbsp;<\/p>\n","protected":false},"excerpt":{"rendered":"<p>4. septembar &#8211; \u010detvrtak &#8211; 70 godina!!!<\/p>\n","protected":false},"author":83,"featured_media":111104,"comment_status":"open","ping_status":"open","sticky":false,"template":"","format":"standard","meta":{"footnotes":""},"categories":[72,800,52,327,392,393,394,8957],"tags":[10204,10229,10288],"class_list":{"0":"post-111064","1":"post","2":"type-post","3":"status-publish","4":"format-standard","5":"has-post-thumbnail","7":"category-novi-pazar","8":"category-nacija","9":"category-sjenica","10":"category-tutin","11":"category-prijepolje_","12":"category-priboj","13":"category-nova-varos","14":"category-vijesti-dana","15":"tag-muftija-muamer-zukorlic","16":"tag-islamska-zajednica","17":"tag-autonomija-sandzaka"},"yoast_head":"<!-- This site is optimized with the Yoast SEO Premium plugin v23.1 (Yoast SEO v24.9) - https:\/\/yoast.com\/wordpress\/plugins\/seo\/ -->\n<title>Aktivna priprema za 70. godi\u0161njicu \u0160ehida Had\u017eeta<\/title>\n<meta name=\"robots\" content=\"index, follow, max-snippet:-1, max-image-preview:large, max-video-preview:-1\" \/>\n<link rel=\"canonical\" href=\"https:\/\/sandzakpress.net\/arhiva\/aktivna-priprema-za-70-ggodina-sehida-hadzeta\/\" \/>\n<meta property=\"og:locale\" content=\"bs_BA\" \/>\n<meta property=\"og:type\" content=\"article\" \/>\n<meta property=\"og:title\" content=\"Aktivna priprema za 70. godi\u0161njicu \u0160ehida Had\u017eeta\" \/>\n<meta property=\"og:description\" content=\"4. septembar - \u010detvrtak - 70 godina!!!\" \/>\n<meta property=\"og:url\" content=\"https:\/\/sandzakpress.net\/arhiva\/aktivna-priprema-za-70-ggodina-sehida-hadzeta\/\" \/>\n<meta property=\"og:site_name\" content=\"Sand\u017eak PRESS\" \/>\n<meta property=\"article:published_time\" content=\"2014-08-30T19:04:56+00:00\" \/>\n<meta property=\"article:modified_time\" content=\"2014-08-31T09:43:16+00:00\" \/>\n<meta property=\"og:image\" content=\"https:\/\/sandzakpress.net\/arhiva\/wp-content\/uploads\/2014\/08\/5533140a844136435b91d8af0d5f0973cccbcda9489c6634d08bf2dc844608a5.jpg\" \/>\n\t<meta property=\"og:image:width\" content=\"905\" \/>\n\t<meta property=\"og:image:height\" content=\"1280\" \/>\n\t<meta property=\"og:image:type\" content=\"image\/jpeg\" \/>\n<meta name=\"author\" content=\"bosniak\" \/>\n<meta name=\"twitter:card\" content=\"summary_large_image\" \/>\n<meta name=\"twitter:label1\" content=\"Written by\" \/>\n\t<meta name=\"twitter:data1\" content=\"bosniak\" \/>\n\t<meta name=\"twitter:label2\" content=\"Est. reading time\" \/>\n\t<meta name=\"twitter:data2\" content=\"2 minute\" \/>\n<script type=\"application\/ld+json\" class=\"yoast-schema-graph\">{\"@context\":\"https:\/\/schema.org\",\"@graph\":[{\"@type\":\"Article\",\"@id\":\"https:\/\/sandzakpress.net\/arhiva\/aktivna-priprema-za-70-ggodina-sehida-hadzeta\/#article\",\"isPartOf\":{\"@id\":\"https:\/\/sandzakpress.net\/arhiva\/aktivna-priprema-za-70-ggodina-sehida-hadzeta\/\"},\"author\":{\"name\":\"bosniak\",\"@id\":\"https:\/\/sandzakpress.net\/arhiva\/#\/schema\/person\/c8baee722073534b583ea7bdb2e36c02\"},\"headline\":\"Aktivna priprema za 70. godi\u0161njicu \u0160ehida Had\u017eeta\",\"datePublished\":\"2014-08-30T19:04:56+00:00\",\"dateModified\":\"2014-08-31T09:43:16+00:00\",\"mainEntityOfPage\":{\"@id\":\"https:\/\/sandzakpress.net\/arhiva\/aktivna-priprema-za-70-ggodina-sehida-hadzeta\/\"},\"wordCount\":446,\"commentCount\":101,\"publisher\":{\"@id\":\"https:\/\/sandzakpress.net\/arhiva\/#\/schema\/person\/6e72b67d6e51910a1117b3b483ba20bd\"},\"image\":{\"@id\":\"https:\/\/sandzakpress.net\/arhiva\/aktivna-priprema-za-70-ggodina-sehida-hadzeta\/#primaryimage\"},\"thumbnailUrl\":\"https:\/\/sandzakpress.net\/arhiva\/wp-content\/uploads\/2014\/08\/5533140a844136435b91d8af0d5f0973cccbcda9489c6634d08bf2dc844608a5.jpg\",\"keywords\":[\"muftija Muamer Zukorli\u0107\",\"Islamska zajednica\",\"Autonomija Sand\u017eaka\"],\"articleSection\":[\"Novi Pazar\",\"Nacija\",\"Sjenica\",\"Tutin\",\"Prijepolje\",\"Priboj\",\"Nova Varo\u0161\",\"VIJESTI DANA\"],\"inLanguage\":\"bs-BA\",\"potentialAction\":[{\"@type\":\"CommentAction\",\"name\":\"Comment\",\"target\":[\"https:\/\/sandzakpress.net\/arhiva\/aktivna-priprema-za-70-ggodina-sehida-hadzeta\/#respond\"]}]},{\"@type\":\"WebPage\",\"@id\":\"https:\/\/sandzakpress.net\/arhiva\/aktivna-priprema-za-70-ggodina-sehida-hadzeta\/\",\"url\":\"https:\/\/sandzakpress.net\/arhiva\/aktivna-priprema-za-70-ggodina-sehida-hadzeta\/\",\"name\":\"Aktivna priprema za 70. godi\u0161njicu \u0160ehida Had\u017eeta\",\"isPartOf\":{\"@id\":\"https:\/\/sandzakpress.net\/arhiva\/#website\"},\"primaryImageOfPage\":{\"@id\":\"https:\/\/sandzakpress.net\/arhiva\/aktivna-priprema-za-70-ggodina-sehida-hadzeta\/#primaryimage\"},\"image\":{\"@id\":\"https:\/\/sandzakpress.net\/arhiva\/aktivna-priprema-za-70-ggodina-sehida-hadzeta\/#primaryimage\"},\"thumbnailUrl\":\"https:\/\/sandzakpress.net\/arhiva\/wp-content\/uploads\/2014\/08\/5533140a844136435b91d8af0d5f0973cccbcda9489c6634d08bf2dc844608a5.jpg\",\"datePublished\":\"2014-08-30T19:04:56+00:00\",\"dateModified\":\"2014-08-31T09:43:16+00:00\",\"breadcrumb\":{\"@id\":\"https:\/\/sandzakpress.net\/arhiva\/aktivna-priprema-za-70-ggodina-sehida-hadzeta\/#breadcrumb\"},\"inLanguage\":\"bs-BA\",\"potentialAction\":[{\"@type\":\"ReadAction\",\"target\":[\"https:\/\/sandzakpress.net\/arhiva\/aktivna-priprema-za-70-ggodina-sehida-hadzeta\/\"]}]},{\"@type\":\"ImageObject\",\"inLanguage\":\"bs-BA\",\"@id\":\"https:\/\/sandzakpress.net\/arhiva\/aktivna-priprema-za-70-ggodina-sehida-hadzeta\/#primaryimage\",\"url\":\"https:\/\/sandzakpress.net\/arhiva\/wp-content\/uploads\/2014\/08\/5533140a844136435b91d8af0d5f0973cccbcda9489c6634d08bf2dc844608a5.jpg\",\"contentUrl\":\"https:\/\/sandzakpress.net\/arhiva\/wp-content\/uploads\/2014\/08\/5533140a844136435b91d8af0d5f0973cccbcda9489c6634d08bf2dc844608a5.jpg\",\"width\":905,\"height\":1280},{\"@type\":\"BreadcrumbList\",\"@id\":\"https:\/\/sandzakpress.net\/arhiva\/aktivna-priprema-za-70-ggodina-sehida-hadzeta\/#breadcrumb\",\"itemListElement\":[{\"@type\":\"ListItem\",\"position\":1,\"name\":\"Home\",\"item\":\"https:\/\/sandzakpress.net\/arhiva\/\"},{\"@type\":\"ListItem\",\"position\":2,\"name\":\"Aktivna priprema za 70. godi\u0161njicu \u0160ehida Had\u017eeta\"}]},{\"@type\":\"WebSite\",\"@id\":\"https:\/\/sandzakpress.net\/arhiva\/#website\",\"url\":\"https:\/\/sandzakpress.net\/arhiva\/\",\"name\":\"Sand\u017eak PRESS\",\"description\":\"Prve elektronske novine u Sand\u017eaku\",\"publisher\":{\"@id\":\"https:\/\/sandzakpress.net\/arhiva\/#\/schema\/person\/6e72b67d6e51910a1117b3b483ba20bd\"},\"potentialAction\":[{\"@type\":\"SearchAction\",\"target\":{\"@type\":\"EntryPoint\",\"urlTemplate\":\"https:\/\/sandzakpress.net\/arhiva\/?s={search_term_string}\"},\"query-input\":{\"@type\":\"PropertyValueSpecification\",\"valueRequired\":true,\"valueName\":\"search_term_string\"}}],\"inLanguage\":\"bs-BA\"},{\"@type\":[\"Person\",\"Organization\"],\"@id\":\"https:\/\/sandzakpress.net\/arhiva\/#\/schema\/person\/6e72b67d6e51910a1117b3b483ba20bd\",\"name\":\"Kul\",\"image\":{\"@type\":\"ImageObject\",\"inLanguage\":\"bs-BA\",\"@id\":\"https:\/\/sandzakpress.net\/arhiva\/#\/schema\/person\/image\/\",\"url\":\"https:\/\/secure.gravatar.com\/avatar\/42263f39aa27ac04c43cab85c280eb2e?s=96&d=mm&r=pg\",\"contentUrl\":\"https:\/\/secure.gravatar.com\/avatar\/42263f39aa27ac04c43cab85c280eb2e?s=96&d=mm&r=pg\",\"caption\":\"Kul\"},\"logo\":{\"@id\":\"https:\/\/sandzakpress.net\/arhiva\/#\/schema\/person\/image\/\"}},{\"@type\":\"Person\",\"@id\":\"https:\/\/sandzakpress.net\/arhiva\/#\/schema\/person\/c8baee722073534b583ea7bdb2e36c02\",\"name\":\"bosniak\",\"image\":{\"@type\":\"ImageObject\",\"inLanguage\":\"bs-BA\",\"@id\":\"https:\/\/sandzakpress.net\/arhiva\/#\/schema\/person\/image\/\",\"url\":\"https:\/\/secure.gravatar.com\/avatar\/a04fd330bfe3a36a72a0ad4a6d89fca7?s=96&d=mm&r=pg\",\"contentUrl\":\"https:\/\/secure.gravatar.com\/avatar\/a04fd330bfe3a36a72a0ad4a6d89fca7?s=96&d=mm&r=pg\",\"caption\":\"bosniak\"},\"url\":\"https:\/\/sandzakpress.net\/arhiva\/author\/bosniak\/\"}]}<\/script>\n<!-- \/ Yoast SEO Premium plugin. -->","yoast_head_json":{"title":"Aktivna priprema za 70. godi\u0161njicu \u0160ehida Had\u017eeta","robots":{"index":"index","follow":"follow","max-snippet":"max-snippet:-1","max-image-preview":"max-image-preview:large","max-video-preview":"max-video-preview:-1"},"canonical":"https:\/\/sandzakpress.net\/arhiva\/aktivna-priprema-za-70-ggodina-sehida-hadzeta\/","og_locale":"bs_BA","og_type":"article","og_title":"Aktivna priprema za 70. godi\u0161njicu \u0160ehida Had\u017eeta","og_description":"4. septembar - \u010detvrtak - 70 godina!!!","og_url":"https:\/\/sandzakpress.net\/arhiva\/aktivna-priprema-za-70-ggodina-sehida-hadzeta\/","og_site_name":"Sand\u017eak PRESS","article_published_time":"2014-08-30T19:04:56+00:00","article_modified_time":"2014-08-31T09:43:16+00:00","og_image":[{"width":905,"height":1280,"url":"https:\/\/sandzakpress.net\/arhiva\/wp-content\/uploads\/2014\/08\/5533140a844136435b91d8af0d5f0973cccbcda9489c6634d08bf2dc844608a5.jpg","type":"image\/jpeg"}],"author":"bosniak","twitter_card":"summary_large_image","twitter_misc":{"Written by":"bosniak","Est. reading time":"2 minute"},"schema":{"@context":"https:\/\/schema.org","@graph":[{"@type":"Article","@id":"https:\/\/sandzakpress.net\/arhiva\/aktivna-priprema-za-70-ggodina-sehida-hadzeta\/#article","isPartOf":{"@id":"https:\/\/sandzakpress.net\/arhiva\/aktivna-priprema-za-70-ggodina-sehida-hadzeta\/"},"author":{"name":"bosniak","@id":"https:\/\/sandzakpress.net\/arhiva\/#\/schema\/person\/c8baee722073534b583ea7bdb2e36c02"},"headline":"Aktivna priprema za 70. godi\u0161njicu \u0160ehida Had\u017eeta","datePublished":"2014-08-30T19:04:56+00:00","dateModified":"2014-08-31T09:43:16+00:00","mainEntityOfPage":{"@id":"https:\/\/sandzakpress.net\/arhiva\/aktivna-priprema-za-70-ggodina-sehida-hadzeta\/"},"wordCount":446,"commentCount":101,"publisher":{"@id":"https:\/\/sandzakpress.net\/arhiva\/#\/schema\/person\/6e72b67d6e51910a1117b3b483ba20bd"},"image":{"@id":"https:\/\/sandzakpress.net\/arhiva\/aktivna-priprema-za-70-ggodina-sehida-hadzeta\/#primaryimage"},"thumbnailUrl":"https:\/\/sandzakpress.net\/arhiva\/wp-content\/uploads\/2014\/08\/5533140a844136435b91d8af0d5f0973cccbcda9489c6634d08bf2dc844608a5.jpg","keywords":["muftija Muamer Zukorli\u0107","Islamska zajednica","Autonomija Sand\u017eaka"],"articleSection":["Novi Pazar","Nacija","Sjenica","Tutin","Prijepolje","Priboj","Nova Varo\u0161","VIJESTI DANA"],"inLanguage":"bs-BA","potentialAction":[{"@type":"CommentAction","name":"Comment","target":["https:\/\/sandzakpress.net\/arhiva\/aktivna-priprema-za-70-ggodina-sehida-hadzeta\/#respond"]}]},{"@type":"WebPage","@id":"https:\/\/sandzakpress.net\/arhiva\/aktivna-priprema-za-70-ggodina-sehida-hadzeta\/","url":"https:\/\/sandzakpress.net\/arhiva\/aktivna-priprema-za-70-ggodina-sehida-hadzeta\/","name":"Aktivna priprema za 70. godi\u0161njicu \u0160ehida Had\u017eeta","isPartOf":{"@id":"https:\/\/sandzakpress.net\/arhiva\/#website"},"primaryImageOfPage":{"@id":"https:\/\/sandzakpress.net\/arhiva\/aktivna-priprema-za-70-ggodina-sehida-hadzeta\/#primaryimage"},"image":{"@id":"https:\/\/sandzakpress.net\/arhiva\/aktivna-priprema-za-70-ggodina-sehida-hadzeta\/#primaryimage"},"thumbnailUrl":"https:\/\/sandzakpress.net\/arhiva\/wp-content\/uploads\/2014\/08\/5533140a844136435b91d8af0d5f0973cccbcda9489c6634d08bf2dc844608a5.jpg","datePublished":"2014-08-30T19:04:56+00:00","dateModified":"2014-08-31T09:43:16+00:00","breadcrumb":{"@id":"https:\/\/sandzakpress.net\/arhiva\/aktivna-priprema-za-70-ggodina-sehida-hadzeta\/#breadcrumb"},"inLanguage":"bs-BA","potentialAction":[{"@type":"ReadAction","target":["https:\/\/sandzakpress.net\/arhiva\/aktivna-priprema-za-70-ggodina-sehida-hadzeta\/"]}]},{"@type":"ImageObject","inLanguage":"bs-BA","@id":"https:\/\/sandzakpress.net\/arhiva\/aktivna-priprema-za-70-ggodina-sehida-hadzeta\/#primaryimage","url":"https:\/\/sandzakpress.net\/arhiva\/wp-content\/uploads\/2014\/08\/5533140a844136435b91d8af0d5f0973cccbcda9489c6634d08bf2dc844608a5.jpg","contentUrl":"https:\/\/sandzakpress.net\/arhiva\/wp-content\/uploads\/2014\/08\/5533140a844136435b91d8af0d5f0973cccbcda9489c6634d08bf2dc844608a5.jpg","width":905,"height":1280},{"@type":"BreadcrumbList","@id":"https:\/\/sandzakpress.net\/arhiva\/aktivna-priprema-za-70-ggodina-sehida-hadzeta\/#breadcrumb","itemListElement":[{"@type":"ListItem","position":1,"name":"Home","item":"https:\/\/sandzakpress.net\/arhiva\/"},{"@type":"ListItem","position":2,"name":"Aktivna priprema za 70. godi\u0161njicu \u0160ehida Had\u017eeta"}]},{"@type":"WebSite","@id":"https:\/\/sandzakpress.net\/arhiva\/#website","url":"https:\/\/sandzakpress.net\/arhiva\/","name":"Sand\u017eak PRESS","description":"Prve elektronske novine u Sand\u017eaku","publisher":{"@id":"https:\/\/sandzakpress.net\/arhiva\/#\/schema\/person\/6e72b67d6e51910a1117b3b483ba20bd"},"potentialAction":[{"@type":"SearchAction","target":{"@type":"EntryPoint","urlTemplate":"https:\/\/sandzakpress.net\/arhiva\/?s={search_term_string}"},"query-input":{"@type":"PropertyValueSpecification","valueRequired":true,"valueName":"search_term_string"}}],"inLanguage":"bs-BA"},{"@type":["Person","Organization"],"@id":"https:\/\/sandzakpress.net\/arhiva\/#\/schema\/person\/6e72b67d6e51910a1117b3b483ba20bd","name":"Kul","image":{"@type":"ImageObject","inLanguage":"bs-BA","@id":"https:\/\/sandzakpress.net\/arhiva\/#\/schema\/person\/image\/","url":"https:\/\/secure.gravatar.com\/avatar\/42263f39aa27ac04c43cab85c280eb2e?s=96&d=mm&r=pg","contentUrl":"https:\/\/secure.gravatar.com\/avatar\/42263f39aa27ac04c43cab85c280eb2e?s=96&d=mm&r=pg","caption":"Kul"},"logo":{"@id":"https:\/\/sandzakpress.net\/arhiva\/#\/schema\/person\/image\/"}},{"@type":"Person","@id":"https:\/\/sandzakpress.net\/arhiva\/#\/schema\/person\/c8baee722073534b583ea7bdb2e36c02","name":"bosniak","image":{"@type":"ImageObject","inLanguage":"bs-BA","@id":"https:\/\/sandzakpress.net\/arhiva\/#\/schema\/person\/image\/","url":"https:\/\/secure.gravatar.com\/avatar\/a04fd330bfe3a36a72a0ad4a6d89fca7?s=96&d=mm&r=pg","contentUrl":"https:\/\/secure.gravatar.com\/avatar\/a04fd330bfe3a36a72a0ad4a6d89fca7?s=96&d=mm&r=pg","caption":"bosniak"},"url":"https:\/\/sandzakpress.net\/arhiva\/author\/bosniak\/"}]}},"_links":{"self":[{"href":"https:\/\/sandzakpress.net\/arhiva\/wp-json\/wp\/v2\/posts\/111064"}],"collection":[{"href":"https:\/\/sandzakpress.net\/arhiva\/wp-json\/wp\/v2\/posts"}],"about":[{"href":"https:\/\/sandzakpress.net\/arhiva\/wp-json\/wp\/v2\/types\/post"}],"author":[{"embeddable":true,"href":"https:\/\/sandzakpress.net\/arhiva\/wp-json\/wp\/v2\/users\/83"}],"replies":[{"embeddable":true,"href":"https:\/\/sandzakpress.net\/arhiva\/wp-json\/wp\/v2\/comments?post=111064"}],"version-history":[{"count":0,"href":"https:\/\/sandzakpress.net\/arhiva\/wp-json\/wp\/v2\/posts\/111064\/revisions"}],"wp:featuredmedia":[{"embeddable":true,"href":"https:\/\/sandzakpress.net\/arhiva\/wp-json\/wp\/v2\/media\/111104"}],"wp:attachment":[{"href":"https:\/\/sandzakpress.net\/arhiva\/wp-json\/wp\/v2\/media?parent=111064"}],"wp:term":[{"taxonomy":"category","embeddable":true,"href":"https:\/\/sandzakpress.net\/arhiva\/wp-json\/wp\/v2\/categories?post=111064"},{"taxonomy":"post_tag","embeddable":true,"href":"https:\/\/sandzakpress.net\/arhiva\/wp-json\/wp\/v2\/tags?post=111064"}],"curies":[{"name":"wp","href":"https:\/\/api.w.org\/{rel}","templated":true}]}}