{"id":110970,"date":"2014-08-28T11:19:16","date_gmt":"2014-08-28T09:19:16","guid":{"rendered":"https:\/\/sandzakpress.net\/arhiva\/?p=110970"},"modified":"2014-08-28T11:20:27","modified_gmt":"2014-08-28T09:20:27","slug":"omerovic-ugljanin-dok-je-sjedio-u-vladi-ni-jednom-rijecju-nije-spominjao-ugrozenost-bosnjaka","status":"publish","type":"post","link":"https:\/\/sandzakpress.net\/arhiva\/omerovic-ugljanin-dok-je-sjedio-u-vladi-ni-jednom-rijecju-nije-spominjao-ugrozenost-bosnjaka\/","title":{"rendered":"Omerovi\u0107 &#8211; Ugljanin dok je sjedio u Vladi, ni jednom rije\u010dju nije spominjao ugro\u017eenost Bo\u0161njaka"},"content":{"rendered":"<p><strong><span style=\"font-size: 10pt;\"><img loading=\"lazy\" decoding=\"async\" class=\"alignleft\" src=\"http:\/\/radiostoplus.com\/images\/clanci\/POLITIKA\/meho_omerovich.jpg\" alt=\"\" width=\"393\" height=\"265\" \/>Sjeverni Sand\u017eak &#8211; Potpredsjednik Socijaldemokratske partije Srbije Meho Omerovi\u0107 ocijenio je danas da je izjava predsjednika Stranke demokratske akcije Sand\u017eaka Sulejmana Ugljanina da se sprovodi &#8220;vi\u0161edecenijski teror prema Bo\u0161njacima&#8221;, marketin\u0161ki trik pred izbore za nacionalne savjete manjina.<\/span><\/strong><\/p>\n<p><span style=\"font-size: 10pt;\">Komentari\u0161u\u0107i izjavu Ugljanina da \u0107e biti nosilac liste za predstoje\u0107e izbore za Bo\u0161nja\u010dko nacionalno ve\u0107e zbog &#8220;vi\u0161edecenijskog terora dr\u017eave prema Bo\u0161njacima&#8221;, nerije\u0161enog pitanja Bo\u0161njaka i Sand\u017eaka, Omerovi\u0107 je rekao da je to zloupotreba nacionalnih prava manjina u trenutku kada treba da se odr\u017ee izbori za nacionalne savete.<\/span><\/p>\n<p><span style=\"font-size: 10pt;\">&#8220;Ugljanin ni jednom rije\u010dju nije spominjao ugro\u017eenost Bo\u0161njaka \u0161est godina dok je sjedio u Vladi Srbije. Odnos u Sand\u017eaku i narodu kome pripada on sagledava isklju\u010divo iz li\u010dnog ili interesa stranke koju vodi. Oni i BNV do\u017eivljavaju kao strana\u010dku pr\u0107iju sa kojom mogu da rade \u0161ta ho\u0107e&#8221;, istakao je Omerovi\u0107.<\/span><\/p>\n<p><span style=\"font-size: 10pt;\">On je izrazio nadu da \u0107e na predstoje\u0107im izborima Bo\u0161njaci dati povjerenje ljudima koji nisu vezani za stranke i onima koji \u0107e se baviti isklju\u010divo pitanjima od interesa za bo\u0161nja\u010dku nacionalnu zajednicu.<\/span><\/p>\n<p><span style=\"font-size: 10pt;\">&#8220;To su obrazovanje, vaspitanje, jezik, pismo, kultura&#8221;, kazao je on istakav\u0161i da se do sada, BNV na \u010delu sa Esadom D\u017eud\u017eom bavilo dnevnom politikom i &#8220;glupostima&#8221; kao \u0161to su ukidanje prefiksa -vi\u0107 i -i\u0107 iz prezimena Bo\u0161njaka.<\/span><\/p>\n<p>(Blic)<\/p>\n","protected":false},"excerpt":{"rendered":"<p>Sjeverni Sand\u017eak &#8211; Potpredsjednik Socijaldemokratske partije Srbije Meho Omerovi\u0107 ocijenio je danas da je izjava predsjednika Stranke demokratske akcije Sand\u017eaka Sulejmana Ugljanina da se sprovodi &#8220;vi\u0161edecenijski teror prema Bo\u0161njacima&#8221;, marketin\u0161ki trik pred izbore za nacionalne savjete manjina. Komentari\u0161u\u0107i izjavu Ugljanina da \u0107e biti nosilac liste za predstoje\u0107e izbore za Bo\u0161nja\u010dko nacionalno ve\u0107e zbog &#8220;vi\u0161edecenijskog terora [&hellip;]<\/p>\n","protected":false},"author":83,"featured_media":110973,"comment_status":"open","ping_status":"open","sticky":false,"template":"","format":"standard","meta":{"footnotes":""},"categories":[72,1,52,327,392,393,394,8957],"tags":[10255,10257],"class_list":{"0":"post-110970","1":"post","2":"type-post","3":"status-publish","4":"format-standard","5":"has-post-thumbnail","7":"category-novi-pazar","8":"category-politika","9":"category-sjenica","10":"category-tutin","11":"category-prijepolje_","12":"category-priboj","13":"category-nova-varos","14":"category-vijesti-dana","15":"tag-sda","16":"tag-sdp"},"yoast_head":"<!-- This site is optimized with the Yoast SEO Premium plugin v23.1 (Yoast SEO v24.9) - https:\/\/yoast.com\/wordpress\/plugins\/seo\/ -->\n<title>Omerovi\u0107 - Ugljanin dok je sjedio u Vladi, ni jednom rije\u010dju nije spominjao ugro\u017eenost Bo\u0161njaka<\/title>\n<meta name=\"robots\" content=\"index, follow, max-snippet:-1, max-image-preview:large, max-video-preview:-1\" \/>\n<link rel=\"canonical\" href=\"https:\/\/sandzakpress.net\/arhiva\/omerovic-ugljanin-dok-je-sjedio-u-vladi-ni-jednom-rijecju-nije-spominjao-ugrozenost-bosnjaka\/\" \/>\n<meta property=\"og:locale\" content=\"bs_BA\" \/>\n<meta property=\"og:type\" content=\"article\" \/>\n<meta property=\"og:title\" content=\"Omerovi\u0107 - Ugljanin dok je sjedio u Vladi, ni jednom rije\u010dju nije spominjao ugro\u017eenost Bo\u0161njaka\" \/>\n<meta property=\"og:description\" content=\"Sjeverni Sand\u017eak &#8211; Potpredsjednik Socijaldemokratske partije Srbije Meho Omerovi\u0107 ocijenio je danas da je izjava predsjednika Stranke demokratske akcije Sand\u017eaka Sulejmana Ugljanina da se sprovodi &#8220;vi\u0161edecenijski teror prema Bo\u0161njacima&#8221;, marketin\u0161ki trik pred izbore za nacionalne savjete manjina. Komentari\u0161u\u0107i izjavu Ugljanina da \u0107e biti nosilac liste za predstoje\u0107e izbore za Bo\u0161nja\u010dko nacionalno ve\u0107e zbog &#8220;vi\u0161edecenijskog terora [&hellip;]\" \/>\n<meta property=\"og:url\" content=\"https:\/\/sandzakpress.net\/arhiva\/omerovic-ugljanin-dok-je-sjedio-u-vladi-ni-jednom-rijecju-nije-spominjao-ugrozenost-bosnjaka\/\" \/>\n<meta property=\"og:site_name\" content=\"Sand\u017eak PRESS\" \/>\n<meta property=\"article:published_time\" content=\"2014-08-28T09:19:16+00:00\" \/>\n<meta property=\"article:modified_time\" content=\"2014-08-28T09:20:27+00:00\" \/>\n<meta property=\"og:image\" content=\"https:\/\/sandzakpress.net\/arhiva\/wp-content\/uploads\/2014\/08\/meho_omerovich.jpg\" \/>\n\t<meta property=\"og:image:width\" content=\"609\" \/>\n\t<meta property=\"og:image:height\" content=\"411\" \/>\n\t<meta property=\"og:image:type\" content=\"image\/jpeg\" \/>\n<meta name=\"author\" content=\"bosniak\" \/>\n<meta name=\"twitter:card\" content=\"summary_large_image\" \/>\n<meta name=\"twitter:label1\" content=\"Written by\" \/>\n\t<meta name=\"twitter:data1\" content=\"bosniak\" \/>\n\t<meta name=\"twitter:label2\" content=\"Est. reading time\" \/>\n\t<meta name=\"twitter:data2\" content=\"1 minuta\" \/>\n<script type=\"application\/ld+json\" class=\"yoast-schema-graph\">{\"@context\":\"https:\/\/schema.org\",\"@graph\":[{\"@type\":\"Article\",\"@id\":\"https:\/\/sandzakpress.net\/arhiva\/omerovic-ugljanin-dok-je-sjedio-u-vladi-ni-jednom-rijecju-nije-spominjao-ugrozenost-bosnjaka\/#article\",\"isPartOf\":{\"@id\":\"https:\/\/sandzakpress.net\/arhiva\/omerovic-ugljanin-dok-je-sjedio-u-vladi-ni-jednom-rijecju-nije-spominjao-ugrozenost-bosnjaka\/\"},\"author\":{\"name\":\"bosniak\",\"@id\":\"https:\/\/sandzakpress.net\/arhiva\/#\/schema\/person\/c8baee722073534b583ea7bdb2e36c02\"},\"headline\":\"Omerovi\u0107 &#8211; Ugljanin dok je sjedio u Vladi, ni jednom rije\u010dju nije spominjao ugro\u017eenost Bo\u0161njaka\",\"datePublished\":\"2014-08-28T09:19:16+00:00\",\"dateModified\":\"2014-08-28T09:20:27+00:00\",\"mainEntityOfPage\":{\"@id\":\"https:\/\/sandzakpress.net\/arhiva\/omerovic-ugljanin-dok-je-sjedio-u-vladi-ni-jednom-rijecju-nije-spominjao-ugrozenost-bosnjaka\/\"},\"wordCount\":259,\"commentCount\":18,\"publisher\":{\"@id\":\"https:\/\/sandzakpress.net\/arhiva\/#\/schema\/person\/6e72b67d6e51910a1117b3b483ba20bd\"},\"image\":{\"@id\":\"https:\/\/sandzakpress.net\/arhiva\/omerovic-ugljanin-dok-je-sjedio-u-vladi-ni-jednom-rijecju-nije-spominjao-ugrozenost-bosnjaka\/#primaryimage\"},\"thumbnailUrl\":\"https:\/\/sandzakpress.net\/arhiva\/wp-content\/uploads\/2014\/08\/meho_omerovich.jpg\",\"keywords\":[\"SDA\",\"SDPS\"],\"articleSection\":[\"Novi Pazar\",\"Politika\",\"Sjenica\",\"Tutin\",\"Prijepolje\",\"Priboj\",\"Nova Varo\u0161\",\"VIJESTI DANA\"],\"inLanguage\":\"bs-BA\",\"potentialAction\":[{\"@type\":\"CommentAction\",\"name\":\"Comment\",\"target\":[\"https:\/\/sandzakpress.net\/arhiva\/omerovic-ugljanin-dok-je-sjedio-u-vladi-ni-jednom-rijecju-nije-spominjao-ugrozenost-bosnjaka\/#respond\"]}]},{\"@type\":\"WebPage\",\"@id\":\"https:\/\/sandzakpress.net\/arhiva\/omerovic-ugljanin-dok-je-sjedio-u-vladi-ni-jednom-rijecju-nije-spominjao-ugrozenost-bosnjaka\/\",\"url\":\"https:\/\/sandzakpress.net\/arhiva\/omerovic-ugljanin-dok-je-sjedio-u-vladi-ni-jednom-rijecju-nije-spominjao-ugrozenost-bosnjaka\/\",\"name\":\"Omerovi\u0107 - Ugljanin dok je sjedio u Vladi, ni jednom rije\u010dju nije spominjao ugro\u017eenost Bo\u0161njaka\",\"isPartOf\":{\"@id\":\"https:\/\/sandzakpress.net\/arhiva\/#website\"},\"primaryImageOfPage\":{\"@id\":\"https:\/\/sandzakpress.net\/arhiva\/omerovic-ugljanin-dok-je-sjedio-u-vladi-ni-jednom-rijecju-nije-spominjao-ugrozenost-bosnjaka\/#primaryimage\"},\"image\":{\"@id\":\"https:\/\/sandzakpress.net\/arhiva\/omerovic-ugljanin-dok-je-sjedio-u-vladi-ni-jednom-rijecju-nije-spominjao-ugrozenost-bosnjaka\/#primaryimage\"},\"thumbnailUrl\":\"https:\/\/sandzakpress.net\/arhiva\/wp-content\/uploads\/2014\/08\/meho_omerovich.jpg\",\"datePublished\":\"2014-08-28T09:19:16+00:00\",\"dateModified\":\"2014-08-28T09:20:27+00:00\",\"breadcrumb\":{\"@id\":\"https:\/\/sandzakpress.net\/arhiva\/omerovic-ugljanin-dok-je-sjedio-u-vladi-ni-jednom-rijecju-nije-spominjao-ugrozenost-bosnjaka\/#breadcrumb\"},\"inLanguage\":\"bs-BA\",\"potentialAction\":[{\"@type\":\"ReadAction\",\"target\":[\"https:\/\/sandzakpress.net\/arhiva\/omerovic-ugljanin-dok-je-sjedio-u-vladi-ni-jednom-rijecju-nije-spominjao-ugrozenost-bosnjaka\/\"]}]},{\"@type\":\"ImageObject\",\"inLanguage\":\"bs-BA\",\"@id\":\"https:\/\/sandzakpress.net\/arhiva\/omerovic-ugljanin-dok-je-sjedio-u-vladi-ni-jednom-rijecju-nije-spominjao-ugrozenost-bosnjaka\/#primaryimage\",\"url\":\"https:\/\/sandzakpress.net\/arhiva\/wp-content\/uploads\/2014\/08\/meho_omerovich.jpg\",\"contentUrl\":\"https:\/\/sandzakpress.net\/arhiva\/wp-content\/uploads\/2014\/08\/meho_omerovich.jpg\",\"width\":609,\"height\":411},{\"@type\":\"BreadcrumbList\",\"@id\":\"https:\/\/sandzakpress.net\/arhiva\/omerovic-ugljanin-dok-je-sjedio-u-vladi-ni-jednom-rijecju-nije-spominjao-ugrozenost-bosnjaka\/#breadcrumb\",\"itemListElement\":[{\"@type\":\"ListItem\",\"position\":1,\"name\":\"Home\",\"item\":\"https:\/\/sandzakpress.net\/arhiva\/\"},{\"@type\":\"ListItem\",\"position\":2,\"name\":\"Omerovi\u0107 &#8211; Ugljanin dok je sjedio u Vladi, ni jednom rije\u010dju nije spominjao ugro\u017eenost Bo\u0161njaka\"}]},{\"@type\":\"WebSite\",\"@id\":\"https:\/\/sandzakpress.net\/arhiva\/#website\",\"url\":\"https:\/\/sandzakpress.net\/arhiva\/\",\"name\":\"Sand\u017eak PRESS\",\"description\":\"Prve elektronske novine u Sand\u017eaku\",\"publisher\":{\"@id\":\"https:\/\/sandzakpress.net\/arhiva\/#\/schema\/person\/6e72b67d6e51910a1117b3b483ba20bd\"},\"potentialAction\":[{\"@type\":\"SearchAction\",\"target\":{\"@type\":\"EntryPoint\",\"urlTemplate\":\"https:\/\/sandzakpress.net\/arhiva\/?s={search_term_string}\"},\"query-input\":{\"@type\":\"PropertyValueSpecification\",\"valueRequired\":true,\"valueName\":\"search_term_string\"}}],\"inLanguage\":\"bs-BA\"},{\"@type\":[\"Person\",\"Organization\"],\"@id\":\"https:\/\/sandzakpress.net\/arhiva\/#\/schema\/person\/6e72b67d6e51910a1117b3b483ba20bd\",\"name\":\"Kul\",\"image\":{\"@type\":\"ImageObject\",\"inLanguage\":\"bs-BA\",\"@id\":\"https:\/\/sandzakpress.net\/arhiva\/#\/schema\/person\/image\/\",\"url\":\"https:\/\/secure.gravatar.com\/avatar\/42263f39aa27ac04c43cab85c280eb2e?s=96&d=mm&r=pg\",\"contentUrl\":\"https:\/\/secure.gravatar.com\/avatar\/42263f39aa27ac04c43cab85c280eb2e?s=96&d=mm&r=pg\",\"caption\":\"Kul\"},\"logo\":{\"@id\":\"https:\/\/sandzakpress.net\/arhiva\/#\/schema\/person\/image\/\"}},{\"@type\":\"Person\",\"@id\":\"https:\/\/sandzakpress.net\/arhiva\/#\/schema\/person\/c8baee722073534b583ea7bdb2e36c02\",\"name\":\"bosniak\",\"image\":{\"@type\":\"ImageObject\",\"inLanguage\":\"bs-BA\",\"@id\":\"https:\/\/sandzakpress.net\/arhiva\/#\/schema\/person\/image\/\",\"url\":\"https:\/\/secure.gravatar.com\/avatar\/a04fd330bfe3a36a72a0ad4a6d89fca7?s=96&d=mm&r=pg\",\"contentUrl\":\"https:\/\/secure.gravatar.com\/avatar\/a04fd330bfe3a36a72a0ad4a6d89fca7?s=96&d=mm&r=pg\",\"caption\":\"bosniak\"},\"url\":\"https:\/\/sandzakpress.net\/arhiva\/author\/bosniak\/\"}]}<\/script>\n<!-- \/ Yoast SEO Premium plugin. -->","yoast_head_json":{"title":"Omerovi\u0107 - Ugljanin dok je sjedio u Vladi, ni jednom rije\u010dju nije spominjao ugro\u017eenost Bo\u0161njaka","robots":{"index":"index","follow":"follow","max-snippet":"max-snippet:-1","max-image-preview":"max-image-preview:large","max-video-preview":"max-video-preview:-1"},"canonical":"https:\/\/sandzakpress.net\/arhiva\/omerovic-ugljanin-dok-je-sjedio-u-vladi-ni-jednom-rijecju-nije-spominjao-ugrozenost-bosnjaka\/","og_locale":"bs_BA","og_type":"article","og_title":"Omerovi\u0107 - Ugljanin dok je sjedio u Vladi, ni jednom rije\u010dju nije spominjao ugro\u017eenost Bo\u0161njaka","og_description":"Sjeverni Sand\u017eak &#8211; Potpredsjednik Socijaldemokratske partije Srbije Meho Omerovi\u0107 ocijenio je danas da je izjava predsjednika Stranke demokratske akcije Sand\u017eaka Sulejmana Ugljanina da se sprovodi &#8220;vi\u0161edecenijski teror prema Bo\u0161njacima&#8221;, marketin\u0161ki trik pred izbore za nacionalne savjete manjina. Komentari\u0161u\u0107i izjavu Ugljanina da \u0107e biti nosilac liste za predstoje\u0107e izbore za Bo\u0161nja\u010dko nacionalno ve\u0107e zbog &#8220;vi\u0161edecenijskog terora [&hellip;]","og_url":"https:\/\/sandzakpress.net\/arhiva\/omerovic-ugljanin-dok-je-sjedio-u-vladi-ni-jednom-rijecju-nije-spominjao-ugrozenost-bosnjaka\/","og_site_name":"Sand\u017eak PRESS","article_published_time":"2014-08-28T09:19:16+00:00","article_modified_time":"2014-08-28T09:20:27+00:00","og_image":[{"width":609,"height":411,"url":"https:\/\/sandzakpress.net\/arhiva\/wp-content\/uploads\/2014\/08\/meho_omerovich.jpg","type":"image\/jpeg"}],"author":"bosniak","twitter_card":"summary_large_image","twitter_misc":{"Written by":"bosniak","Est. reading time":"1 minuta"},"schema":{"@context":"https:\/\/schema.org","@graph":[{"@type":"Article","@id":"https:\/\/sandzakpress.net\/arhiva\/omerovic-ugljanin-dok-je-sjedio-u-vladi-ni-jednom-rijecju-nije-spominjao-ugrozenost-bosnjaka\/#article","isPartOf":{"@id":"https:\/\/sandzakpress.net\/arhiva\/omerovic-ugljanin-dok-je-sjedio-u-vladi-ni-jednom-rijecju-nije-spominjao-ugrozenost-bosnjaka\/"},"author":{"name":"bosniak","@id":"https:\/\/sandzakpress.net\/arhiva\/#\/schema\/person\/c8baee722073534b583ea7bdb2e36c02"},"headline":"Omerovi\u0107 &#8211; Ugljanin dok je sjedio u Vladi, ni jednom rije\u010dju nije spominjao ugro\u017eenost Bo\u0161njaka","datePublished":"2014-08-28T09:19:16+00:00","dateModified":"2014-08-28T09:20:27+00:00","mainEntityOfPage":{"@id":"https:\/\/sandzakpress.net\/arhiva\/omerovic-ugljanin-dok-je-sjedio-u-vladi-ni-jednom-rijecju-nije-spominjao-ugrozenost-bosnjaka\/"},"wordCount":259,"commentCount":18,"publisher":{"@id":"https:\/\/sandzakpress.net\/arhiva\/#\/schema\/person\/6e72b67d6e51910a1117b3b483ba20bd"},"image":{"@id":"https:\/\/sandzakpress.net\/arhiva\/omerovic-ugljanin-dok-je-sjedio-u-vladi-ni-jednom-rijecju-nije-spominjao-ugrozenost-bosnjaka\/#primaryimage"},"thumbnailUrl":"https:\/\/sandzakpress.net\/arhiva\/wp-content\/uploads\/2014\/08\/meho_omerovich.jpg","keywords":["SDA","SDPS"],"articleSection":["Novi Pazar","Politika","Sjenica","Tutin","Prijepolje","Priboj","Nova Varo\u0161","VIJESTI DANA"],"inLanguage":"bs-BA","potentialAction":[{"@type":"CommentAction","name":"Comment","target":["https:\/\/sandzakpress.net\/arhiva\/omerovic-ugljanin-dok-je-sjedio-u-vladi-ni-jednom-rijecju-nije-spominjao-ugrozenost-bosnjaka\/#respond"]}]},{"@type":"WebPage","@id":"https:\/\/sandzakpress.net\/arhiva\/omerovic-ugljanin-dok-je-sjedio-u-vladi-ni-jednom-rijecju-nije-spominjao-ugrozenost-bosnjaka\/","url":"https:\/\/sandzakpress.net\/arhiva\/omerovic-ugljanin-dok-je-sjedio-u-vladi-ni-jednom-rijecju-nije-spominjao-ugrozenost-bosnjaka\/","name":"Omerovi\u0107 - Ugljanin dok je sjedio u Vladi, ni jednom rije\u010dju nije spominjao ugro\u017eenost Bo\u0161njaka","isPartOf":{"@id":"https:\/\/sandzakpress.net\/arhiva\/#website"},"primaryImageOfPage":{"@id":"https:\/\/sandzakpress.net\/arhiva\/omerovic-ugljanin-dok-je-sjedio-u-vladi-ni-jednom-rijecju-nije-spominjao-ugrozenost-bosnjaka\/#primaryimage"},"image":{"@id":"https:\/\/sandzakpress.net\/arhiva\/omerovic-ugljanin-dok-je-sjedio-u-vladi-ni-jednom-rijecju-nije-spominjao-ugrozenost-bosnjaka\/#primaryimage"},"thumbnailUrl":"https:\/\/sandzakpress.net\/arhiva\/wp-content\/uploads\/2014\/08\/meho_omerovich.jpg","datePublished":"2014-08-28T09:19:16+00:00","dateModified":"2014-08-28T09:20:27+00:00","breadcrumb":{"@id":"https:\/\/sandzakpress.net\/arhiva\/omerovic-ugljanin-dok-je-sjedio-u-vladi-ni-jednom-rijecju-nije-spominjao-ugrozenost-bosnjaka\/#breadcrumb"},"inLanguage":"bs-BA","potentialAction":[{"@type":"ReadAction","target":["https:\/\/sandzakpress.net\/arhiva\/omerovic-ugljanin-dok-je-sjedio-u-vladi-ni-jednom-rijecju-nije-spominjao-ugrozenost-bosnjaka\/"]}]},{"@type":"ImageObject","inLanguage":"bs-BA","@id":"https:\/\/sandzakpress.net\/arhiva\/omerovic-ugljanin-dok-je-sjedio-u-vladi-ni-jednom-rijecju-nije-spominjao-ugrozenost-bosnjaka\/#primaryimage","url":"https:\/\/sandzakpress.net\/arhiva\/wp-content\/uploads\/2014\/08\/meho_omerovich.jpg","contentUrl":"https:\/\/sandzakpress.net\/arhiva\/wp-content\/uploads\/2014\/08\/meho_omerovich.jpg","width":609,"height":411},{"@type":"BreadcrumbList","@id":"https:\/\/sandzakpress.net\/arhiva\/omerovic-ugljanin-dok-je-sjedio-u-vladi-ni-jednom-rijecju-nije-spominjao-ugrozenost-bosnjaka\/#breadcrumb","itemListElement":[{"@type":"ListItem","position":1,"name":"Home","item":"https:\/\/sandzakpress.net\/arhiva\/"},{"@type":"ListItem","position":2,"name":"Omerovi\u0107 &#8211; Ugljanin dok je sjedio u Vladi, ni jednom rije\u010dju nije spominjao ugro\u017eenost Bo\u0161njaka"}]},{"@type":"WebSite","@id":"https:\/\/sandzakpress.net\/arhiva\/#website","url":"https:\/\/sandzakpress.net\/arhiva\/","name":"Sand\u017eak PRESS","description":"Prve elektronske novine u Sand\u017eaku","publisher":{"@id":"https:\/\/sandzakpress.net\/arhiva\/#\/schema\/person\/6e72b67d6e51910a1117b3b483ba20bd"},"potentialAction":[{"@type":"SearchAction","target":{"@type":"EntryPoint","urlTemplate":"https:\/\/sandzakpress.net\/arhiva\/?s={search_term_string}"},"query-input":{"@type":"PropertyValueSpecification","valueRequired":true,"valueName":"search_term_string"}}],"inLanguage":"bs-BA"},{"@type":["Person","Organization"],"@id":"https:\/\/sandzakpress.net\/arhiva\/#\/schema\/person\/6e72b67d6e51910a1117b3b483ba20bd","name":"Kul","image":{"@type":"ImageObject","inLanguage":"bs-BA","@id":"https:\/\/sandzakpress.net\/arhiva\/#\/schema\/person\/image\/","url":"https:\/\/secure.gravatar.com\/avatar\/42263f39aa27ac04c43cab85c280eb2e?s=96&d=mm&r=pg","contentUrl":"https:\/\/secure.gravatar.com\/avatar\/42263f39aa27ac04c43cab85c280eb2e?s=96&d=mm&r=pg","caption":"Kul"},"logo":{"@id":"https:\/\/sandzakpress.net\/arhiva\/#\/schema\/person\/image\/"}},{"@type":"Person","@id":"https:\/\/sandzakpress.net\/arhiva\/#\/schema\/person\/c8baee722073534b583ea7bdb2e36c02","name":"bosniak","image":{"@type":"ImageObject","inLanguage":"bs-BA","@id":"https:\/\/sandzakpress.net\/arhiva\/#\/schema\/person\/image\/","url":"https:\/\/secure.gravatar.com\/avatar\/a04fd330bfe3a36a72a0ad4a6d89fca7?s=96&d=mm&r=pg","contentUrl":"https:\/\/secure.gravatar.com\/avatar\/a04fd330bfe3a36a72a0ad4a6d89fca7?s=96&d=mm&r=pg","caption":"bosniak"},"url":"https:\/\/sandzakpress.net\/arhiva\/author\/bosniak\/"}]}},"_links":{"self":[{"href":"https:\/\/sandzakpress.net\/arhiva\/wp-json\/wp\/v2\/posts\/110970"}],"collection":[{"href":"https:\/\/sandzakpress.net\/arhiva\/wp-json\/wp\/v2\/posts"}],"about":[{"href":"https:\/\/sandzakpress.net\/arhiva\/wp-json\/wp\/v2\/types\/post"}],"author":[{"embeddable":true,"href":"https:\/\/sandzakpress.net\/arhiva\/wp-json\/wp\/v2\/users\/83"}],"replies":[{"embeddable":true,"href":"https:\/\/sandzakpress.net\/arhiva\/wp-json\/wp\/v2\/comments?post=110970"}],"version-history":[{"count":0,"href":"https:\/\/sandzakpress.net\/arhiva\/wp-json\/wp\/v2\/posts\/110970\/revisions"}],"wp:featuredmedia":[{"embeddable":true,"href":"https:\/\/sandzakpress.net\/arhiva\/wp-json\/wp\/v2\/media\/110973"}],"wp:attachment":[{"href":"https:\/\/sandzakpress.net\/arhiva\/wp-json\/wp\/v2\/media?parent=110970"}],"wp:term":[{"taxonomy":"category","embeddable":true,"href":"https:\/\/sandzakpress.net\/arhiva\/wp-json\/wp\/v2\/categories?post=110970"},{"taxonomy":"post_tag","embeddable":true,"href":"https:\/\/sandzakpress.net\/arhiva\/wp-json\/wp\/v2\/tags?post=110970"}],"curies":[{"name":"wp","href":"https:\/\/api.w.org\/{rel}","templated":true}]}}