{"id":110916,"date":"2014-08-27T16:37:02","date_gmt":"2014-08-27T14:37:02","guid":{"rendered":"https:\/\/sandzakpress.net\/arhiva\/?p=110916"},"modified":"2014-08-28T00:04:54","modified_gmt":"2014-08-27T22:04:54","slug":"mahmutovic-za-al-jazeera-necemo-izaci-na-izbori-za-bnv-niti-cemo-koga-podrzati","status":"publish","type":"post","link":"https:\/\/sandzakpress.net\/arhiva\/mahmutovic-za-al-jazeera-necemo-izaci-na-izbori-za-bnv-niti-cemo-koga-podrzati\/","title":{"rendered":"Mahmutovi\u0107 za Al Jazeeru &#8211; Ne\u0107emo iza\u0107i na izbore za BNV, niti \u0107emo koga podr\u017eati"},"content":{"rendered":"<p><img loading=\"lazy\" decoding=\"async\" class=\"aligncenter size-full wp-image-110918\" src=\"https:\/\/sandzakpress.net\/arhiva\/wp-content\/uploads\/2014\/08\/Capture7.png\" alt=\"Capture\" width=\"556\" height=\"369\" \/><\/p>\n<p style=\"text-align: left;\"><strong>Sjeverni Sand\u017eak &#8211; Za dva mjeseca Bo\u0161njaci u Srbiji ponovno \u0107e birati sastav svog nacionalnog vije\u0107a. Iako kampanja jo\u0161 nije po\u010dela, politi\u010dke tenzije su podignute.<\/strong><\/p>\n<p>Meho Mahmutovi\u0107 je istakao da njegova stranka ne\u0107e iza\u0107i na izbora za BNV, niti \u0107e koga podr\u017eati.<\/p>\n<p style=\"color: #323232;\">&#8220;Oni su privatno davali licencu nastavnicima &#8211; ko mo\u017ee da predaje bosanski jezik. Treba da ima univerzitet, da su to obrazovani ljudi, koji zaista daju pravo nastavnicima i u\u010diteljima, a ne vi u\u0111ete i &#8211; evo vam licenca. Koji su to kriterijumi, koja su to pravila?&#8221;, ka\u017ee Mehmo Mahmutovi\u0107 iz SDP.<\/p>\n<p><iframe loading=\"lazy\" title=\"Izbori za vije\u0107a nacionalnih manjina u Srbiji\" width=\"696\" height=\"392\" src=\"https:\/\/www.youtube.com\/embed\/dr1TmP2L-7U?start=58&#038;feature=oembed\" frameborder=\"0\" allow=\"accelerometer; autoplay; encrypted-media; gyroscope; picture-in-picture\" allowfullscreen><\/iframe><\/p>\n","protected":false},"excerpt":{"rendered":"<p>Sjeverni Sand\u017eak &#8211; Za dva mjeseca Bo\u0161njaci u Srbiji ponovno \u0107e birati sastav svog nacionalnog vije\u0107a. Iako kampanja jo\u0161 nije po\u010dela, politi\u010dke tenzije su podignute. Meho Mahmutovi\u0107 je istakao da njegova stranka ne\u0107e iza\u0107i na izbora za BNV, niti \u0107e koga podr\u017eati. &#8220;Oni su privatno davali licencu nastavnicima &#8211; ko mo\u017ee da predaje bosanski jezik. [&hellip;]<\/p>\n","protected":false},"author":83,"featured_media":110918,"comment_status":"open","ping_status":"open","sticky":false,"template":"","format":"standard","meta":{"footnotes":""},"categories":[72,1,52,327,392,393,394,8957],"tags":[10257],"class_list":{"0":"post-110916","1":"post","2":"type-post","3":"status-publish","4":"format-standard","5":"has-post-thumbnail","7":"category-novi-pazar","8":"category-politika","9":"category-sjenica","10":"category-tutin","11":"category-prijepolje_","12":"category-priboj","13":"category-nova-varos","14":"category-vijesti-dana","15":"tag-sdp"},"yoast_head":"<!-- This site is optimized with the Yoast SEO Premium plugin v23.1 (Yoast SEO v24.9) - https:\/\/yoast.com\/wordpress\/plugins\/seo\/ -->\n<title>Mahmutovi\u0107 za Al Jazeeru - Ne\u0107emo iza\u0107i na izbore za BNV, niti \u0107emo koga podr\u017eati<\/title>\n<meta name=\"robots\" content=\"index, follow, max-snippet:-1, max-image-preview:large, max-video-preview:-1\" \/>\n<link rel=\"canonical\" href=\"https:\/\/sandzakpress.net\/arhiva\/mahmutovic-za-al-jazeera-necemo-izaci-na-izbori-za-bnv-niti-cemo-koga-podrzati\/\" \/>\n<meta property=\"og:locale\" content=\"bs_BA\" \/>\n<meta property=\"og:type\" content=\"article\" \/>\n<meta property=\"og:title\" content=\"Mahmutovi\u0107 za Al Jazeeru - Ne\u0107emo iza\u0107i na izbore za BNV, niti \u0107emo koga podr\u017eati\" \/>\n<meta property=\"og:description\" content=\"Sjeverni Sand\u017eak &#8211; Za dva mjeseca Bo\u0161njaci u Srbiji ponovno \u0107e birati sastav svog nacionalnog vije\u0107a. Iako kampanja jo\u0161 nije po\u010dela, politi\u010dke tenzije su podignute. Meho Mahmutovi\u0107 je istakao da njegova stranka ne\u0107e iza\u0107i na izbora za BNV, niti \u0107e koga podr\u017eati. &#8220;Oni su privatno davali licencu nastavnicima &#8211; ko mo\u017ee da predaje bosanski jezik. [&hellip;]\" \/>\n<meta property=\"og:url\" content=\"https:\/\/sandzakpress.net\/arhiva\/mahmutovic-za-al-jazeera-necemo-izaci-na-izbori-za-bnv-niti-cemo-koga-podrzati\/\" \/>\n<meta property=\"og:site_name\" content=\"Sand\u017eak PRESS\" \/>\n<meta property=\"article:published_time\" content=\"2014-08-27T14:37:02+00:00\" \/>\n<meta property=\"article:modified_time\" content=\"2014-08-27T22:04:54+00:00\" \/>\n<meta property=\"og:image\" content=\"https:\/\/sandzakpress.net\/arhiva\/wp-content\/uploads\/2014\/08\/Capture7.png\" \/>\n\t<meta property=\"og:image:width\" content=\"556\" \/>\n\t<meta property=\"og:image:height\" content=\"369\" \/>\n\t<meta property=\"og:image:type\" content=\"image\/png\" \/>\n<meta name=\"author\" content=\"bosniak\" \/>\n<meta name=\"twitter:card\" content=\"summary_large_image\" \/>\n<meta name=\"twitter:label1\" content=\"Written by\" \/>\n\t<meta name=\"twitter:data1\" content=\"bosniak\" \/>\n\t<meta name=\"twitter:label2\" content=\"Est. reading time\" \/>\n\t<meta name=\"twitter:data2\" content=\"1 minuta\" \/>\n<script type=\"application\/ld+json\" class=\"yoast-schema-graph\">{\"@context\":\"https:\/\/schema.org\",\"@graph\":[{\"@type\":\"Article\",\"@id\":\"https:\/\/sandzakpress.net\/arhiva\/mahmutovic-za-al-jazeera-necemo-izaci-na-izbori-za-bnv-niti-cemo-koga-podrzati\/#article\",\"isPartOf\":{\"@id\":\"https:\/\/sandzakpress.net\/arhiva\/mahmutovic-za-al-jazeera-necemo-izaci-na-izbori-za-bnv-niti-cemo-koga-podrzati\/\"},\"author\":{\"name\":\"bosniak\",\"@id\":\"https:\/\/sandzakpress.net\/arhiva\/#\/schema\/person\/c8baee722073534b583ea7bdb2e36c02\"},\"headline\":\"Mahmutovi\u0107 za Al Jazeeru &#8211; Ne\u0107emo iza\u0107i na izbore za BNV, niti \u0107emo koga podr\u017eati\",\"datePublished\":\"2014-08-27T14:37:02+00:00\",\"dateModified\":\"2014-08-27T22:04:54+00:00\",\"mainEntityOfPage\":{\"@id\":\"https:\/\/sandzakpress.net\/arhiva\/mahmutovic-za-al-jazeera-necemo-izaci-na-izbori-za-bnv-niti-cemo-koga-podrzati\/\"},\"wordCount\":132,\"commentCount\":17,\"publisher\":{\"@id\":\"https:\/\/sandzakpress.net\/arhiva\/#\/schema\/person\/6e72b67d6e51910a1117b3b483ba20bd\"},\"image\":{\"@id\":\"https:\/\/sandzakpress.net\/arhiva\/mahmutovic-za-al-jazeera-necemo-izaci-na-izbori-za-bnv-niti-cemo-koga-podrzati\/#primaryimage\"},\"thumbnailUrl\":\"https:\/\/sandzakpress.net\/arhiva\/wp-content\/uploads\/2014\/08\/Capture7.png\",\"keywords\":[\"SDPS\"],\"articleSection\":[\"Novi Pazar\",\"Politika\",\"Sjenica\",\"Tutin\",\"Prijepolje\",\"Priboj\",\"Nova Varo\u0161\",\"VIJESTI DANA\"],\"inLanguage\":\"bs-BA\",\"potentialAction\":[{\"@type\":\"CommentAction\",\"name\":\"Comment\",\"target\":[\"https:\/\/sandzakpress.net\/arhiva\/mahmutovic-za-al-jazeera-necemo-izaci-na-izbori-za-bnv-niti-cemo-koga-podrzati\/#respond\"]}]},{\"@type\":\"WebPage\",\"@id\":\"https:\/\/sandzakpress.net\/arhiva\/mahmutovic-za-al-jazeera-necemo-izaci-na-izbori-za-bnv-niti-cemo-koga-podrzati\/\",\"url\":\"https:\/\/sandzakpress.net\/arhiva\/mahmutovic-za-al-jazeera-necemo-izaci-na-izbori-za-bnv-niti-cemo-koga-podrzati\/\",\"name\":\"Mahmutovi\u0107 za Al Jazeeru - Ne\u0107emo iza\u0107i na izbore za BNV, niti \u0107emo koga podr\u017eati\",\"isPartOf\":{\"@id\":\"https:\/\/sandzakpress.net\/arhiva\/#website\"},\"primaryImageOfPage\":{\"@id\":\"https:\/\/sandzakpress.net\/arhiva\/mahmutovic-za-al-jazeera-necemo-izaci-na-izbori-za-bnv-niti-cemo-koga-podrzati\/#primaryimage\"},\"image\":{\"@id\":\"https:\/\/sandzakpress.net\/arhiva\/mahmutovic-za-al-jazeera-necemo-izaci-na-izbori-za-bnv-niti-cemo-koga-podrzati\/#primaryimage\"},\"thumbnailUrl\":\"https:\/\/sandzakpress.net\/arhiva\/wp-content\/uploads\/2014\/08\/Capture7.png\",\"datePublished\":\"2014-08-27T14:37:02+00:00\",\"dateModified\":\"2014-08-27T22:04:54+00:00\",\"breadcrumb\":{\"@id\":\"https:\/\/sandzakpress.net\/arhiva\/mahmutovic-za-al-jazeera-necemo-izaci-na-izbori-za-bnv-niti-cemo-koga-podrzati\/#breadcrumb\"},\"inLanguage\":\"bs-BA\",\"potentialAction\":[{\"@type\":\"ReadAction\",\"target\":[\"https:\/\/sandzakpress.net\/arhiva\/mahmutovic-za-al-jazeera-necemo-izaci-na-izbori-za-bnv-niti-cemo-koga-podrzati\/\"]}]},{\"@type\":\"ImageObject\",\"inLanguage\":\"bs-BA\",\"@id\":\"https:\/\/sandzakpress.net\/arhiva\/mahmutovic-za-al-jazeera-necemo-izaci-na-izbori-za-bnv-niti-cemo-koga-podrzati\/#primaryimage\",\"url\":\"https:\/\/sandzakpress.net\/arhiva\/wp-content\/uploads\/2014\/08\/Capture7.png\",\"contentUrl\":\"https:\/\/sandzakpress.net\/arhiva\/wp-content\/uploads\/2014\/08\/Capture7.png\",\"width\":556,\"height\":369},{\"@type\":\"BreadcrumbList\",\"@id\":\"https:\/\/sandzakpress.net\/arhiva\/mahmutovic-za-al-jazeera-necemo-izaci-na-izbori-za-bnv-niti-cemo-koga-podrzati\/#breadcrumb\",\"itemListElement\":[{\"@type\":\"ListItem\",\"position\":1,\"name\":\"Home\",\"item\":\"https:\/\/sandzakpress.net\/arhiva\/\"},{\"@type\":\"ListItem\",\"position\":2,\"name\":\"Mahmutovi\u0107 za Al Jazeeru &#8211; Ne\u0107emo iza\u0107i na izbore za BNV, niti \u0107emo koga podr\u017eati\"}]},{\"@type\":\"WebSite\",\"@id\":\"https:\/\/sandzakpress.net\/arhiva\/#website\",\"url\":\"https:\/\/sandzakpress.net\/arhiva\/\",\"name\":\"Sand\u017eak PRESS\",\"description\":\"Prve elektronske novine u Sand\u017eaku\",\"publisher\":{\"@id\":\"https:\/\/sandzakpress.net\/arhiva\/#\/schema\/person\/6e72b67d6e51910a1117b3b483ba20bd\"},\"potentialAction\":[{\"@type\":\"SearchAction\",\"target\":{\"@type\":\"EntryPoint\",\"urlTemplate\":\"https:\/\/sandzakpress.net\/arhiva\/?s={search_term_string}\"},\"query-input\":{\"@type\":\"PropertyValueSpecification\",\"valueRequired\":true,\"valueName\":\"search_term_string\"}}],\"inLanguage\":\"bs-BA\"},{\"@type\":[\"Person\",\"Organization\"],\"@id\":\"https:\/\/sandzakpress.net\/arhiva\/#\/schema\/person\/6e72b67d6e51910a1117b3b483ba20bd\",\"name\":\"Kul\",\"image\":{\"@type\":\"ImageObject\",\"inLanguage\":\"bs-BA\",\"@id\":\"https:\/\/sandzakpress.net\/arhiva\/#\/schema\/person\/image\/\",\"url\":\"https:\/\/secure.gravatar.com\/avatar\/42263f39aa27ac04c43cab85c280eb2e?s=96&d=mm&r=pg\",\"contentUrl\":\"https:\/\/secure.gravatar.com\/avatar\/42263f39aa27ac04c43cab85c280eb2e?s=96&d=mm&r=pg\",\"caption\":\"Kul\"},\"logo\":{\"@id\":\"https:\/\/sandzakpress.net\/arhiva\/#\/schema\/person\/image\/\"}},{\"@type\":\"Person\",\"@id\":\"https:\/\/sandzakpress.net\/arhiva\/#\/schema\/person\/c8baee722073534b583ea7bdb2e36c02\",\"name\":\"bosniak\",\"image\":{\"@type\":\"ImageObject\",\"inLanguage\":\"bs-BA\",\"@id\":\"https:\/\/sandzakpress.net\/arhiva\/#\/schema\/person\/image\/\",\"url\":\"https:\/\/secure.gravatar.com\/avatar\/a04fd330bfe3a36a72a0ad4a6d89fca7?s=96&d=mm&r=pg\",\"contentUrl\":\"https:\/\/secure.gravatar.com\/avatar\/a04fd330bfe3a36a72a0ad4a6d89fca7?s=96&d=mm&r=pg\",\"caption\":\"bosniak\"},\"url\":\"https:\/\/sandzakpress.net\/arhiva\/author\/bosniak\/\"}]}<\/script>\n<!-- \/ Yoast SEO Premium plugin. -->","yoast_head_json":{"title":"Mahmutovi\u0107 za Al Jazeeru - Ne\u0107emo iza\u0107i na izbore za BNV, niti \u0107emo koga podr\u017eati","robots":{"index":"index","follow":"follow","max-snippet":"max-snippet:-1","max-image-preview":"max-image-preview:large","max-video-preview":"max-video-preview:-1"},"canonical":"https:\/\/sandzakpress.net\/arhiva\/mahmutovic-za-al-jazeera-necemo-izaci-na-izbori-za-bnv-niti-cemo-koga-podrzati\/","og_locale":"bs_BA","og_type":"article","og_title":"Mahmutovi\u0107 za Al Jazeeru - Ne\u0107emo iza\u0107i na izbore za BNV, niti \u0107emo koga podr\u017eati","og_description":"Sjeverni Sand\u017eak &#8211; Za dva mjeseca Bo\u0161njaci u Srbiji ponovno \u0107e birati sastav svog nacionalnog vije\u0107a. Iako kampanja jo\u0161 nije po\u010dela, politi\u010dke tenzije su podignute. Meho Mahmutovi\u0107 je istakao da njegova stranka ne\u0107e iza\u0107i na izbora za BNV, niti \u0107e koga podr\u017eati. &#8220;Oni su privatno davali licencu nastavnicima &#8211; ko mo\u017ee da predaje bosanski jezik. [&hellip;]","og_url":"https:\/\/sandzakpress.net\/arhiva\/mahmutovic-za-al-jazeera-necemo-izaci-na-izbori-za-bnv-niti-cemo-koga-podrzati\/","og_site_name":"Sand\u017eak PRESS","article_published_time":"2014-08-27T14:37:02+00:00","article_modified_time":"2014-08-27T22:04:54+00:00","og_image":[{"width":556,"height":369,"url":"https:\/\/sandzakpress.net\/arhiva\/wp-content\/uploads\/2014\/08\/Capture7.png","type":"image\/png"}],"author":"bosniak","twitter_card":"summary_large_image","twitter_misc":{"Written by":"bosniak","Est. reading time":"1 minuta"},"schema":{"@context":"https:\/\/schema.org","@graph":[{"@type":"Article","@id":"https:\/\/sandzakpress.net\/arhiva\/mahmutovic-za-al-jazeera-necemo-izaci-na-izbori-za-bnv-niti-cemo-koga-podrzati\/#article","isPartOf":{"@id":"https:\/\/sandzakpress.net\/arhiva\/mahmutovic-za-al-jazeera-necemo-izaci-na-izbori-za-bnv-niti-cemo-koga-podrzati\/"},"author":{"name":"bosniak","@id":"https:\/\/sandzakpress.net\/arhiva\/#\/schema\/person\/c8baee722073534b583ea7bdb2e36c02"},"headline":"Mahmutovi\u0107 za Al Jazeeru &#8211; Ne\u0107emo iza\u0107i na izbore za BNV, niti \u0107emo koga podr\u017eati","datePublished":"2014-08-27T14:37:02+00:00","dateModified":"2014-08-27T22:04:54+00:00","mainEntityOfPage":{"@id":"https:\/\/sandzakpress.net\/arhiva\/mahmutovic-za-al-jazeera-necemo-izaci-na-izbori-za-bnv-niti-cemo-koga-podrzati\/"},"wordCount":132,"commentCount":17,"publisher":{"@id":"https:\/\/sandzakpress.net\/arhiva\/#\/schema\/person\/6e72b67d6e51910a1117b3b483ba20bd"},"image":{"@id":"https:\/\/sandzakpress.net\/arhiva\/mahmutovic-za-al-jazeera-necemo-izaci-na-izbori-za-bnv-niti-cemo-koga-podrzati\/#primaryimage"},"thumbnailUrl":"https:\/\/sandzakpress.net\/arhiva\/wp-content\/uploads\/2014\/08\/Capture7.png","keywords":["SDPS"],"articleSection":["Novi Pazar","Politika","Sjenica","Tutin","Prijepolje","Priboj","Nova Varo\u0161","VIJESTI DANA"],"inLanguage":"bs-BA","potentialAction":[{"@type":"CommentAction","name":"Comment","target":["https:\/\/sandzakpress.net\/arhiva\/mahmutovic-za-al-jazeera-necemo-izaci-na-izbori-za-bnv-niti-cemo-koga-podrzati\/#respond"]}]},{"@type":"WebPage","@id":"https:\/\/sandzakpress.net\/arhiva\/mahmutovic-za-al-jazeera-necemo-izaci-na-izbori-za-bnv-niti-cemo-koga-podrzati\/","url":"https:\/\/sandzakpress.net\/arhiva\/mahmutovic-za-al-jazeera-necemo-izaci-na-izbori-za-bnv-niti-cemo-koga-podrzati\/","name":"Mahmutovi\u0107 za Al Jazeeru - Ne\u0107emo iza\u0107i na izbore za BNV, niti \u0107emo koga podr\u017eati","isPartOf":{"@id":"https:\/\/sandzakpress.net\/arhiva\/#website"},"primaryImageOfPage":{"@id":"https:\/\/sandzakpress.net\/arhiva\/mahmutovic-za-al-jazeera-necemo-izaci-na-izbori-za-bnv-niti-cemo-koga-podrzati\/#primaryimage"},"image":{"@id":"https:\/\/sandzakpress.net\/arhiva\/mahmutovic-za-al-jazeera-necemo-izaci-na-izbori-za-bnv-niti-cemo-koga-podrzati\/#primaryimage"},"thumbnailUrl":"https:\/\/sandzakpress.net\/arhiva\/wp-content\/uploads\/2014\/08\/Capture7.png","datePublished":"2014-08-27T14:37:02+00:00","dateModified":"2014-08-27T22:04:54+00:00","breadcrumb":{"@id":"https:\/\/sandzakpress.net\/arhiva\/mahmutovic-za-al-jazeera-necemo-izaci-na-izbori-za-bnv-niti-cemo-koga-podrzati\/#breadcrumb"},"inLanguage":"bs-BA","potentialAction":[{"@type":"ReadAction","target":["https:\/\/sandzakpress.net\/arhiva\/mahmutovic-za-al-jazeera-necemo-izaci-na-izbori-za-bnv-niti-cemo-koga-podrzati\/"]}]},{"@type":"ImageObject","inLanguage":"bs-BA","@id":"https:\/\/sandzakpress.net\/arhiva\/mahmutovic-za-al-jazeera-necemo-izaci-na-izbori-za-bnv-niti-cemo-koga-podrzati\/#primaryimage","url":"https:\/\/sandzakpress.net\/arhiva\/wp-content\/uploads\/2014\/08\/Capture7.png","contentUrl":"https:\/\/sandzakpress.net\/arhiva\/wp-content\/uploads\/2014\/08\/Capture7.png","width":556,"height":369},{"@type":"BreadcrumbList","@id":"https:\/\/sandzakpress.net\/arhiva\/mahmutovic-za-al-jazeera-necemo-izaci-na-izbori-za-bnv-niti-cemo-koga-podrzati\/#breadcrumb","itemListElement":[{"@type":"ListItem","position":1,"name":"Home","item":"https:\/\/sandzakpress.net\/arhiva\/"},{"@type":"ListItem","position":2,"name":"Mahmutovi\u0107 za Al Jazeeru &#8211; Ne\u0107emo iza\u0107i na izbore za BNV, niti \u0107emo koga podr\u017eati"}]},{"@type":"WebSite","@id":"https:\/\/sandzakpress.net\/arhiva\/#website","url":"https:\/\/sandzakpress.net\/arhiva\/","name":"Sand\u017eak PRESS","description":"Prve elektronske novine u Sand\u017eaku","publisher":{"@id":"https:\/\/sandzakpress.net\/arhiva\/#\/schema\/person\/6e72b67d6e51910a1117b3b483ba20bd"},"potentialAction":[{"@type":"SearchAction","target":{"@type":"EntryPoint","urlTemplate":"https:\/\/sandzakpress.net\/arhiva\/?s={search_term_string}"},"query-input":{"@type":"PropertyValueSpecification","valueRequired":true,"valueName":"search_term_string"}}],"inLanguage":"bs-BA"},{"@type":["Person","Organization"],"@id":"https:\/\/sandzakpress.net\/arhiva\/#\/schema\/person\/6e72b67d6e51910a1117b3b483ba20bd","name":"Kul","image":{"@type":"ImageObject","inLanguage":"bs-BA","@id":"https:\/\/sandzakpress.net\/arhiva\/#\/schema\/person\/image\/","url":"https:\/\/secure.gravatar.com\/avatar\/42263f39aa27ac04c43cab85c280eb2e?s=96&d=mm&r=pg","contentUrl":"https:\/\/secure.gravatar.com\/avatar\/42263f39aa27ac04c43cab85c280eb2e?s=96&d=mm&r=pg","caption":"Kul"},"logo":{"@id":"https:\/\/sandzakpress.net\/arhiva\/#\/schema\/person\/image\/"}},{"@type":"Person","@id":"https:\/\/sandzakpress.net\/arhiva\/#\/schema\/person\/c8baee722073534b583ea7bdb2e36c02","name":"bosniak","image":{"@type":"ImageObject","inLanguage":"bs-BA","@id":"https:\/\/sandzakpress.net\/arhiva\/#\/schema\/person\/image\/","url":"https:\/\/secure.gravatar.com\/avatar\/a04fd330bfe3a36a72a0ad4a6d89fca7?s=96&d=mm&r=pg","contentUrl":"https:\/\/secure.gravatar.com\/avatar\/a04fd330bfe3a36a72a0ad4a6d89fca7?s=96&d=mm&r=pg","caption":"bosniak"},"url":"https:\/\/sandzakpress.net\/arhiva\/author\/bosniak\/"}]}},"_links":{"self":[{"href":"https:\/\/sandzakpress.net\/arhiva\/wp-json\/wp\/v2\/posts\/110916"}],"collection":[{"href":"https:\/\/sandzakpress.net\/arhiva\/wp-json\/wp\/v2\/posts"}],"about":[{"href":"https:\/\/sandzakpress.net\/arhiva\/wp-json\/wp\/v2\/types\/post"}],"author":[{"embeddable":true,"href":"https:\/\/sandzakpress.net\/arhiva\/wp-json\/wp\/v2\/users\/83"}],"replies":[{"embeddable":true,"href":"https:\/\/sandzakpress.net\/arhiva\/wp-json\/wp\/v2\/comments?post=110916"}],"version-history":[{"count":0,"href":"https:\/\/sandzakpress.net\/arhiva\/wp-json\/wp\/v2\/posts\/110916\/revisions"}],"wp:featuredmedia":[{"embeddable":true,"href":"https:\/\/sandzakpress.net\/arhiva\/wp-json\/wp\/v2\/media\/110918"}],"wp:attachment":[{"href":"https:\/\/sandzakpress.net\/arhiva\/wp-json\/wp\/v2\/media?parent=110916"}],"wp:term":[{"taxonomy":"category","embeddable":true,"href":"https:\/\/sandzakpress.net\/arhiva\/wp-json\/wp\/v2\/categories?post=110916"},{"taxonomy":"post_tag","embeddable":true,"href":"https:\/\/sandzakpress.net\/arhiva\/wp-json\/wp\/v2\/tags?post=110916"}],"curies":[{"name":"wp","href":"https:\/\/api.w.org\/{rel}","templated":true}]}}