{"id":110912,"date":"2014-08-27T16:23:09","date_gmt":"2014-08-27T14:23:09","guid":{"rendered":"https:\/\/sandzakpress.net\/arhiva\/?p=110912"},"modified":"2014-08-27T16:23:09","modified_gmt":"2014-08-27T14:23:09","slug":"predsjednistvo-bdz-imenovalo-edina-derleka-za-portparola-stranke","status":"publish","type":"post","link":"https:\/\/sandzakpress.net\/arhiva\/predsjednistvo-bdz-imenovalo-edina-derleka-za-portparola-stranke\/","title":{"rendered":"Predsjedni\u0161tvo BDZ imenovalo Edina \u0110erleka za portparola stranke"},"content":{"rendered":"<p><strong><img decoding=\"async\" class=\"alignleft\" src=\"https:\/\/sandzakpress.net\/arhiva\/wp-content\/uploads\/2014\/03\/REC_7395-300x220.jpg\" alt=\"\" \/>Novi Pazar &#8211; 26. 8. 2014. godine odr\u017eana je sjednica Predsjedni\u0161tva BDZ Sand\u017eaka na kojoj su usvojene strategija daljeg rada, rekonstrukcije i razvoja strana\u010dke infrastrukture na svim nivoima organiziranja.<\/strong><\/p>\n<p>Predsjedni\u0161tvo je zauzelo stav da \u0107e BDZ Sand\u017eaka jo\u0161 sna\u017enije nastaviti odgovornu politi\u010dku borbu na putu ostvarivanja svi prava Bo\u0161njaka i drugih gra\u0111ana Srbije, pobolj\u0161anja ukupnog standarda gra\u0111ana, obezbje\u0111ivanja boljeg kvaliteta \u017eivota, stvaranja ambijenta u kome \u0107e mladi mo\u0107i da vide perspektivu i budu\u0107nost u Sand\u017eaku i Srbiji, te bespo\u0161tednog anga\u017eiranja na putu sprje\u010davanja politi\u010dkog i svakog drugog kriminala, mita, korupcije, partizacije i drugih\u00a0 po\u0161asti nezdrave i neodogovrne politi\u010dke ponude u Sand\u017eaku i Srbiji, \u0161to je preduvjet bilo kakvog prosperiteta na\u0161ega dru\u0161tva.<\/p>\n<p>Predsjedni\u0161tvo je donijelo odluka da se za portparola stranke imenuje prof. Edin \u0110erlek koji \u0107e u narednom periodu biti lice zadu\u017eeno za kontak sa medijima ispred Bo\u0161nja\u010dke demokratske zajednice Sand\u017eaka.<\/p>\n<p>(BDZ)<\/p>\n","protected":false},"excerpt":{"rendered":"<p>Novi Pazar &#8211; 26. 8. 2014. godine odr\u017eana je sjednica Predsjedni\u0161tva BDZ Sand\u017eaka na kojoj su usvojene strategija daljeg rada, rekonstrukcije i razvoja strana\u010dke infrastrukture na svim nivoima organiziranja. Predsjedni\u0161tvo je zauzelo stav da \u0107e BDZ Sand\u017eaka jo\u0161 sna\u017enije nastaviti odgovornu politi\u010dku borbu na putu ostvarivanja svi prava Bo\u0161njaka i drugih gra\u0111ana Srbije, pobolj\u0161anja ukupnog [&hellip;]<\/p>\n","protected":false},"author":83,"featured_media":110913,"comment_status":"open","ping_status":"open","sticky":false,"template":"","format":"standard","meta":{"footnotes":""},"categories":[72,1,52,327,392,393,8957],"tags":[10223],"class_list":{"0":"post-110912","1":"post","2":"type-post","3":"status-publish","4":"format-standard","5":"has-post-thumbnail","7":"category-novi-pazar","8":"category-politika","9":"category-sjenica","10":"category-tutin","11":"category-prijepolje_","12":"category-priboj","13":"category-vijesti-dana","14":"tag-bdz"},"yoast_head":"<!-- This site is optimized with the Yoast SEO Premium plugin v23.1 (Yoast SEO v24.9) - https:\/\/yoast.com\/wordpress\/plugins\/seo\/ -->\n<title>Predsjedni\u0161tvo BDZ imenovalo Edina \u0110erleka za portparola stranke<\/title>\n<meta name=\"robots\" content=\"index, follow, max-snippet:-1, max-image-preview:large, max-video-preview:-1\" \/>\n<link rel=\"canonical\" href=\"https:\/\/sandzakpress.net\/arhiva\/predsjednistvo-bdz-imenovalo-edina-derleka-za-portparola-stranke\/\" \/>\n<meta property=\"og:locale\" content=\"bs_BA\" \/>\n<meta property=\"og:type\" content=\"article\" \/>\n<meta property=\"og:title\" content=\"Predsjedni\u0161tvo BDZ imenovalo Edina \u0110erleka za portparola stranke\" \/>\n<meta property=\"og:description\" content=\"Novi Pazar &#8211; 26. 8. 2014. godine odr\u017eana je sjednica Predsjedni\u0161tva BDZ Sand\u017eaka na kojoj su usvojene strategija daljeg rada, rekonstrukcije i razvoja strana\u010dke infrastrukture na svim nivoima organiziranja. Predsjedni\u0161tvo je zauzelo stav da \u0107e BDZ Sand\u017eaka jo\u0161 sna\u017enije nastaviti odgovornu politi\u010dku borbu na putu ostvarivanja svi prava Bo\u0161njaka i drugih gra\u0111ana Srbije, pobolj\u0161anja ukupnog [&hellip;]\" \/>\n<meta property=\"og:url\" content=\"https:\/\/sandzakpress.net\/arhiva\/predsjednistvo-bdz-imenovalo-edina-derleka-za-portparola-stranke\/\" \/>\n<meta property=\"og:site_name\" content=\"Sand\u017eak PRESS\" \/>\n<meta property=\"article:published_time\" content=\"2014-08-27T14:23:09+00:00\" \/>\n<meta property=\"og:image\" content=\"https:\/\/sandzakpress.net\/arhiva\/wp-content\/uploads\/2014\/08\/REC_7395-300x220.jpg\" \/>\n\t<meta property=\"og:image:width\" content=\"300\" \/>\n\t<meta property=\"og:image:height\" content=\"220\" \/>\n\t<meta property=\"og:image:type\" content=\"image\/jpeg\" \/>\n<meta name=\"author\" content=\"bosniak\" \/>\n<meta name=\"twitter:card\" content=\"summary_large_image\" \/>\n<meta name=\"twitter:label1\" content=\"Written by\" \/>\n\t<meta name=\"twitter:data1\" content=\"bosniak\" \/>\n\t<meta name=\"twitter:label2\" content=\"Est. reading time\" \/>\n\t<meta name=\"twitter:data2\" content=\"1 minuta\" \/>\n<script type=\"application\/ld+json\" class=\"yoast-schema-graph\">{\"@context\":\"https:\/\/schema.org\",\"@graph\":[{\"@type\":\"Article\",\"@id\":\"https:\/\/sandzakpress.net\/arhiva\/predsjednistvo-bdz-imenovalo-edina-derleka-za-portparola-stranke\/#article\",\"isPartOf\":{\"@id\":\"https:\/\/sandzakpress.net\/arhiva\/predsjednistvo-bdz-imenovalo-edina-derleka-za-portparola-stranke\/\"},\"author\":{\"name\":\"bosniak\",\"@id\":\"https:\/\/sandzakpress.net\/arhiva\/#\/schema\/person\/c8baee722073534b583ea7bdb2e36c02\"},\"headline\":\"Predsjedni\u0161tvo BDZ imenovalo Edina \u0110erleka za portparola stranke\",\"datePublished\":\"2014-08-27T14:23:09+00:00\",\"mainEntityOfPage\":{\"@id\":\"https:\/\/sandzakpress.net\/arhiva\/predsjednistvo-bdz-imenovalo-edina-derleka-za-portparola-stranke\/\"},\"wordCount\":178,\"commentCount\":12,\"publisher\":{\"@id\":\"https:\/\/sandzakpress.net\/arhiva\/#\/schema\/person\/6e72b67d6e51910a1117b3b483ba20bd\"},\"image\":{\"@id\":\"https:\/\/sandzakpress.net\/arhiva\/predsjednistvo-bdz-imenovalo-edina-derleka-za-portparola-stranke\/#primaryimage\"},\"thumbnailUrl\":\"https:\/\/sandzakpress.net\/arhiva\/wp-content\/uploads\/2014\/08\/REC_7395-300x220.jpg\",\"keywords\":[\"BDZ\"],\"articleSection\":[\"Novi Pazar\",\"Politika\",\"Sjenica\",\"Tutin\",\"Prijepolje\",\"Priboj\",\"VIJESTI DANA\"],\"inLanguage\":\"bs-BA\",\"potentialAction\":[{\"@type\":\"CommentAction\",\"name\":\"Comment\",\"target\":[\"https:\/\/sandzakpress.net\/arhiva\/predsjednistvo-bdz-imenovalo-edina-derleka-za-portparola-stranke\/#respond\"]}]},{\"@type\":\"WebPage\",\"@id\":\"https:\/\/sandzakpress.net\/arhiva\/predsjednistvo-bdz-imenovalo-edina-derleka-za-portparola-stranke\/\",\"url\":\"https:\/\/sandzakpress.net\/arhiva\/predsjednistvo-bdz-imenovalo-edina-derleka-za-portparola-stranke\/\",\"name\":\"Predsjedni\u0161tvo BDZ imenovalo Edina \u0110erleka za portparola stranke\",\"isPartOf\":{\"@id\":\"https:\/\/sandzakpress.net\/arhiva\/#website\"},\"primaryImageOfPage\":{\"@id\":\"https:\/\/sandzakpress.net\/arhiva\/predsjednistvo-bdz-imenovalo-edina-derleka-za-portparola-stranke\/#primaryimage\"},\"image\":{\"@id\":\"https:\/\/sandzakpress.net\/arhiva\/predsjednistvo-bdz-imenovalo-edina-derleka-za-portparola-stranke\/#primaryimage\"},\"thumbnailUrl\":\"https:\/\/sandzakpress.net\/arhiva\/wp-content\/uploads\/2014\/08\/REC_7395-300x220.jpg\",\"datePublished\":\"2014-08-27T14:23:09+00:00\",\"breadcrumb\":{\"@id\":\"https:\/\/sandzakpress.net\/arhiva\/predsjednistvo-bdz-imenovalo-edina-derleka-za-portparola-stranke\/#breadcrumb\"},\"inLanguage\":\"bs-BA\",\"potentialAction\":[{\"@type\":\"ReadAction\",\"target\":[\"https:\/\/sandzakpress.net\/arhiva\/predsjednistvo-bdz-imenovalo-edina-derleka-za-portparola-stranke\/\"]}]},{\"@type\":\"ImageObject\",\"inLanguage\":\"bs-BA\",\"@id\":\"https:\/\/sandzakpress.net\/arhiva\/predsjednistvo-bdz-imenovalo-edina-derleka-za-portparola-stranke\/#primaryimage\",\"url\":\"https:\/\/sandzakpress.net\/arhiva\/wp-content\/uploads\/2014\/08\/REC_7395-300x220.jpg\",\"contentUrl\":\"https:\/\/sandzakpress.net\/arhiva\/wp-content\/uploads\/2014\/08\/REC_7395-300x220.jpg\",\"width\":300,\"height\":220},{\"@type\":\"BreadcrumbList\",\"@id\":\"https:\/\/sandzakpress.net\/arhiva\/predsjednistvo-bdz-imenovalo-edina-derleka-za-portparola-stranke\/#breadcrumb\",\"itemListElement\":[{\"@type\":\"ListItem\",\"position\":1,\"name\":\"Home\",\"item\":\"https:\/\/sandzakpress.net\/arhiva\/\"},{\"@type\":\"ListItem\",\"position\":2,\"name\":\"Predsjedni\u0161tvo BDZ imenovalo Edina \u0110erleka za portparola stranke\"}]},{\"@type\":\"WebSite\",\"@id\":\"https:\/\/sandzakpress.net\/arhiva\/#website\",\"url\":\"https:\/\/sandzakpress.net\/arhiva\/\",\"name\":\"Sand\u017eak PRESS\",\"description\":\"Prve elektronske novine u Sand\u017eaku\",\"publisher\":{\"@id\":\"https:\/\/sandzakpress.net\/arhiva\/#\/schema\/person\/6e72b67d6e51910a1117b3b483ba20bd\"},\"potentialAction\":[{\"@type\":\"SearchAction\",\"target\":{\"@type\":\"EntryPoint\",\"urlTemplate\":\"https:\/\/sandzakpress.net\/arhiva\/?s={search_term_string}\"},\"query-input\":{\"@type\":\"PropertyValueSpecification\",\"valueRequired\":true,\"valueName\":\"search_term_string\"}}],\"inLanguage\":\"bs-BA\"},{\"@type\":[\"Person\",\"Organization\"],\"@id\":\"https:\/\/sandzakpress.net\/arhiva\/#\/schema\/person\/6e72b67d6e51910a1117b3b483ba20bd\",\"name\":\"Kul\",\"image\":{\"@type\":\"ImageObject\",\"inLanguage\":\"bs-BA\",\"@id\":\"https:\/\/sandzakpress.net\/arhiva\/#\/schema\/person\/image\/\",\"url\":\"https:\/\/secure.gravatar.com\/avatar\/42263f39aa27ac04c43cab85c280eb2e?s=96&d=mm&r=pg\",\"contentUrl\":\"https:\/\/secure.gravatar.com\/avatar\/42263f39aa27ac04c43cab85c280eb2e?s=96&d=mm&r=pg\",\"caption\":\"Kul\"},\"logo\":{\"@id\":\"https:\/\/sandzakpress.net\/arhiva\/#\/schema\/person\/image\/\"}},{\"@type\":\"Person\",\"@id\":\"https:\/\/sandzakpress.net\/arhiva\/#\/schema\/person\/c8baee722073534b583ea7bdb2e36c02\",\"name\":\"bosniak\",\"image\":{\"@type\":\"ImageObject\",\"inLanguage\":\"bs-BA\",\"@id\":\"https:\/\/sandzakpress.net\/arhiva\/#\/schema\/person\/image\/\",\"url\":\"https:\/\/secure.gravatar.com\/avatar\/a04fd330bfe3a36a72a0ad4a6d89fca7?s=96&d=mm&r=pg\",\"contentUrl\":\"https:\/\/secure.gravatar.com\/avatar\/a04fd330bfe3a36a72a0ad4a6d89fca7?s=96&d=mm&r=pg\",\"caption\":\"bosniak\"},\"url\":\"https:\/\/sandzakpress.net\/arhiva\/author\/bosniak\/\"}]}<\/script>\n<!-- \/ Yoast SEO Premium plugin. -->","yoast_head_json":{"title":"Predsjedni\u0161tvo BDZ imenovalo Edina \u0110erleka za portparola stranke","robots":{"index":"index","follow":"follow","max-snippet":"max-snippet:-1","max-image-preview":"max-image-preview:large","max-video-preview":"max-video-preview:-1"},"canonical":"https:\/\/sandzakpress.net\/arhiva\/predsjednistvo-bdz-imenovalo-edina-derleka-za-portparola-stranke\/","og_locale":"bs_BA","og_type":"article","og_title":"Predsjedni\u0161tvo BDZ imenovalo Edina \u0110erleka za portparola stranke","og_description":"Novi Pazar &#8211; 26. 8. 2014. godine odr\u017eana je sjednica Predsjedni\u0161tva BDZ Sand\u017eaka na kojoj su usvojene strategija daljeg rada, rekonstrukcije i razvoja strana\u010dke infrastrukture na svim nivoima organiziranja. Predsjedni\u0161tvo je zauzelo stav da \u0107e BDZ Sand\u017eaka jo\u0161 sna\u017enije nastaviti odgovornu politi\u010dku borbu na putu ostvarivanja svi prava Bo\u0161njaka i drugih gra\u0111ana Srbije, pobolj\u0161anja ukupnog [&hellip;]","og_url":"https:\/\/sandzakpress.net\/arhiva\/predsjednistvo-bdz-imenovalo-edina-derleka-za-portparola-stranke\/","og_site_name":"Sand\u017eak PRESS","article_published_time":"2014-08-27T14:23:09+00:00","og_image":[{"width":300,"height":220,"url":"https:\/\/sandzakpress.net\/arhiva\/wp-content\/uploads\/2014\/08\/REC_7395-300x220.jpg","type":"image\/jpeg"}],"author":"bosniak","twitter_card":"summary_large_image","twitter_misc":{"Written by":"bosniak","Est. reading time":"1 minuta"},"schema":{"@context":"https:\/\/schema.org","@graph":[{"@type":"Article","@id":"https:\/\/sandzakpress.net\/arhiva\/predsjednistvo-bdz-imenovalo-edina-derleka-za-portparola-stranke\/#article","isPartOf":{"@id":"https:\/\/sandzakpress.net\/arhiva\/predsjednistvo-bdz-imenovalo-edina-derleka-za-portparola-stranke\/"},"author":{"name":"bosniak","@id":"https:\/\/sandzakpress.net\/arhiva\/#\/schema\/person\/c8baee722073534b583ea7bdb2e36c02"},"headline":"Predsjedni\u0161tvo BDZ imenovalo Edina \u0110erleka za portparola stranke","datePublished":"2014-08-27T14:23:09+00:00","mainEntityOfPage":{"@id":"https:\/\/sandzakpress.net\/arhiva\/predsjednistvo-bdz-imenovalo-edina-derleka-za-portparola-stranke\/"},"wordCount":178,"commentCount":12,"publisher":{"@id":"https:\/\/sandzakpress.net\/arhiva\/#\/schema\/person\/6e72b67d6e51910a1117b3b483ba20bd"},"image":{"@id":"https:\/\/sandzakpress.net\/arhiva\/predsjednistvo-bdz-imenovalo-edina-derleka-za-portparola-stranke\/#primaryimage"},"thumbnailUrl":"https:\/\/sandzakpress.net\/arhiva\/wp-content\/uploads\/2014\/08\/REC_7395-300x220.jpg","keywords":["BDZ"],"articleSection":["Novi Pazar","Politika","Sjenica","Tutin","Prijepolje","Priboj","VIJESTI DANA"],"inLanguage":"bs-BA","potentialAction":[{"@type":"CommentAction","name":"Comment","target":["https:\/\/sandzakpress.net\/arhiva\/predsjednistvo-bdz-imenovalo-edina-derleka-za-portparola-stranke\/#respond"]}]},{"@type":"WebPage","@id":"https:\/\/sandzakpress.net\/arhiva\/predsjednistvo-bdz-imenovalo-edina-derleka-za-portparola-stranke\/","url":"https:\/\/sandzakpress.net\/arhiva\/predsjednistvo-bdz-imenovalo-edina-derleka-za-portparola-stranke\/","name":"Predsjedni\u0161tvo BDZ imenovalo Edina \u0110erleka za portparola stranke","isPartOf":{"@id":"https:\/\/sandzakpress.net\/arhiva\/#website"},"primaryImageOfPage":{"@id":"https:\/\/sandzakpress.net\/arhiva\/predsjednistvo-bdz-imenovalo-edina-derleka-za-portparola-stranke\/#primaryimage"},"image":{"@id":"https:\/\/sandzakpress.net\/arhiva\/predsjednistvo-bdz-imenovalo-edina-derleka-za-portparola-stranke\/#primaryimage"},"thumbnailUrl":"https:\/\/sandzakpress.net\/arhiva\/wp-content\/uploads\/2014\/08\/REC_7395-300x220.jpg","datePublished":"2014-08-27T14:23:09+00:00","breadcrumb":{"@id":"https:\/\/sandzakpress.net\/arhiva\/predsjednistvo-bdz-imenovalo-edina-derleka-za-portparola-stranke\/#breadcrumb"},"inLanguage":"bs-BA","potentialAction":[{"@type":"ReadAction","target":["https:\/\/sandzakpress.net\/arhiva\/predsjednistvo-bdz-imenovalo-edina-derleka-za-portparola-stranke\/"]}]},{"@type":"ImageObject","inLanguage":"bs-BA","@id":"https:\/\/sandzakpress.net\/arhiva\/predsjednistvo-bdz-imenovalo-edina-derleka-za-portparola-stranke\/#primaryimage","url":"https:\/\/sandzakpress.net\/arhiva\/wp-content\/uploads\/2014\/08\/REC_7395-300x220.jpg","contentUrl":"https:\/\/sandzakpress.net\/arhiva\/wp-content\/uploads\/2014\/08\/REC_7395-300x220.jpg","width":300,"height":220},{"@type":"BreadcrumbList","@id":"https:\/\/sandzakpress.net\/arhiva\/predsjednistvo-bdz-imenovalo-edina-derleka-za-portparola-stranke\/#breadcrumb","itemListElement":[{"@type":"ListItem","position":1,"name":"Home","item":"https:\/\/sandzakpress.net\/arhiva\/"},{"@type":"ListItem","position":2,"name":"Predsjedni\u0161tvo BDZ imenovalo Edina \u0110erleka za portparola stranke"}]},{"@type":"WebSite","@id":"https:\/\/sandzakpress.net\/arhiva\/#website","url":"https:\/\/sandzakpress.net\/arhiva\/","name":"Sand\u017eak PRESS","description":"Prve elektronske novine u Sand\u017eaku","publisher":{"@id":"https:\/\/sandzakpress.net\/arhiva\/#\/schema\/person\/6e72b67d6e51910a1117b3b483ba20bd"},"potentialAction":[{"@type":"SearchAction","target":{"@type":"EntryPoint","urlTemplate":"https:\/\/sandzakpress.net\/arhiva\/?s={search_term_string}"},"query-input":{"@type":"PropertyValueSpecification","valueRequired":true,"valueName":"search_term_string"}}],"inLanguage":"bs-BA"},{"@type":["Person","Organization"],"@id":"https:\/\/sandzakpress.net\/arhiva\/#\/schema\/person\/6e72b67d6e51910a1117b3b483ba20bd","name":"Kul","image":{"@type":"ImageObject","inLanguage":"bs-BA","@id":"https:\/\/sandzakpress.net\/arhiva\/#\/schema\/person\/image\/","url":"https:\/\/secure.gravatar.com\/avatar\/42263f39aa27ac04c43cab85c280eb2e?s=96&d=mm&r=pg","contentUrl":"https:\/\/secure.gravatar.com\/avatar\/42263f39aa27ac04c43cab85c280eb2e?s=96&d=mm&r=pg","caption":"Kul"},"logo":{"@id":"https:\/\/sandzakpress.net\/arhiva\/#\/schema\/person\/image\/"}},{"@type":"Person","@id":"https:\/\/sandzakpress.net\/arhiva\/#\/schema\/person\/c8baee722073534b583ea7bdb2e36c02","name":"bosniak","image":{"@type":"ImageObject","inLanguage":"bs-BA","@id":"https:\/\/sandzakpress.net\/arhiva\/#\/schema\/person\/image\/","url":"https:\/\/secure.gravatar.com\/avatar\/a04fd330bfe3a36a72a0ad4a6d89fca7?s=96&d=mm&r=pg","contentUrl":"https:\/\/secure.gravatar.com\/avatar\/a04fd330bfe3a36a72a0ad4a6d89fca7?s=96&d=mm&r=pg","caption":"bosniak"},"url":"https:\/\/sandzakpress.net\/arhiva\/author\/bosniak\/"}]}},"_links":{"self":[{"href":"https:\/\/sandzakpress.net\/arhiva\/wp-json\/wp\/v2\/posts\/110912"}],"collection":[{"href":"https:\/\/sandzakpress.net\/arhiva\/wp-json\/wp\/v2\/posts"}],"about":[{"href":"https:\/\/sandzakpress.net\/arhiva\/wp-json\/wp\/v2\/types\/post"}],"author":[{"embeddable":true,"href":"https:\/\/sandzakpress.net\/arhiva\/wp-json\/wp\/v2\/users\/83"}],"replies":[{"embeddable":true,"href":"https:\/\/sandzakpress.net\/arhiva\/wp-json\/wp\/v2\/comments?post=110912"}],"version-history":[{"count":0,"href":"https:\/\/sandzakpress.net\/arhiva\/wp-json\/wp\/v2\/posts\/110912\/revisions"}],"wp:featuredmedia":[{"embeddable":true,"href":"https:\/\/sandzakpress.net\/arhiva\/wp-json\/wp\/v2\/media\/110913"}],"wp:attachment":[{"href":"https:\/\/sandzakpress.net\/arhiva\/wp-json\/wp\/v2\/media?parent=110912"}],"wp:term":[{"taxonomy":"category","embeddable":true,"href":"https:\/\/sandzakpress.net\/arhiva\/wp-json\/wp\/v2\/categories?post=110912"},{"taxonomy":"post_tag","embeddable":true,"href":"https:\/\/sandzakpress.net\/arhiva\/wp-json\/wp\/v2\/tags?post=110912"}],"curies":[{"name":"wp","href":"https:\/\/api.w.org\/{rel}","templated":true}]}}