{"id":110899,"date":"2014-08-27T11:40:24","date_gmt":"2014-08-27T09:40:24","guid":{"rendered":"https:\/\/sandzakpress.net\/arhiva\/?p=110899"},"modified":"2014-08-27T11:40:24","modified_gmt":"2014-08-27T09:40:24","slug":"iskonska-svjetlost-u-bosanskoj-tami","status":"publish","type":"post","link":"https:\/\/sandzakpress.net\/arhiva\/iskonska-svjetlost-u-bosanskoj-tami\/","title":{"rendered":"Iskonska svjetlost u bosanskoj tami"},"content":{"rendered":"<p><a href=\"https:\/\/sandzakpress.net\/arhiva\/wp-content\/uploads\/2014\/08\/tunnel-lum-1.jpg\"><img loading=\"lazy\" decoding=\"async\" class=\"aligncenter size-full wp-image-110902\" src=\"https:\/\/sandzakpress.net\/arhiva\/wp-content\/uploads\/2014\/08\/tunnel-lum-1.jpg\" alt=\"tunnel-lum (1)\" width=\"480\" height=\"640\" \/><\/a><\/p>\n<p>&#8221;Jedno obe\u0107ah, ali kasnije se predomislih, jer na\u0111oh bolje&#8221;.<\/p>\n<p><span style=\"color: rgb(0, 0, 0);\">Kada je u pitanju na\u0161 nacionalni, li\u010dni ili duhovni razvoj koji vodi sazrijevanju i dostizanju zavidnih nivoa sre\u0107nijih naroda bitno je shvatiti da do razvoja nemo\u017ee se do\u0107i bez unutarnjih promjena. U tim promjenama neophodno je obuhvatiti promjene stavova, promjene mi\u0161ljenja, promjene ideja, promjene vjerovanja, promjene u do\u017eivljavanju sebe i drugih koji \u010dine dio okru\u017eenja u kojem se nalazimo, zatim promjene i shvatanje na materijalnom i naravno duhovnom planu. Sve ove promjene nama su neophodne kako na putu li\u010dnog razvoja tako i za razvoj nase zajednice. Zapravo po tim ta\u010dkama moguce je definisati da li se \u010dini pomak u pozitivnom pravcu ili stagniramo i dalje na mjestu sa kojeg smo zapo\u010deli promjene. Nete\u017eeci ili ne\u017eeleci promjene na\u0107i \u0107emo se u monotonom razmi\u0161ljanju i raditi svakodnevno jedno te isto \u0161to dovodi do nezavidnog polo\u017eaja i lo\u0161eg duhovnog stanja.<\/span><\/p>\n<p><span style=\"color: rgb(0, 0, 0);\">Sa druge strane osbe koje puno putuju, \u010ditaju, permanentno \u010dine nova poznanstva i koji su spremni za nove poduhvate, de\u0161avanja, prihvatanja novih emaneta, neizbjezno su pozitivni za dru\u0161tvo i korisni za zajednicu u svakom segmentu zivota.<\/span><\/p>\n<p><img loading=\"lazy\" decoding=\"async\" class=\"aligncenter size-full wp-image-110900\" src=\"https:\/\/sandzakpress.net\/arhiva\/wp-content\/uploads\/2014\/08\/ceric.jpg\" alt=\"ceric\" width=\"640\" height=\"458\" srcset=\"https:\/\/sandzakpress.net\/arhiva\/wp-content\/uploads\/2014\/08\/ceric.jpg 640w, https:\/\/sandzakpress.net\/arhiva\/wp-content\/uploads\/2014\/08\/ceric-616x440.jpg 616w\" sizes=\"(max-width: 640px) 100vw, 640px\" \/><\/p>\n<p><span style=\"color: rgb(0, 0, 0);\">Ako poku\u0161amo realno posmatrati predizbornu utrku i dnevnopoliti\u010dka de\u0161avanja na bo\u0161nja\u010dkoj sceni lahko \u0107emo se razo\u010darati, jer trenutno oni pravi a i oni \u00ab po potrebi \u00bb Bo\u0161njaci su se plasirali na nekakvoj listi &#8221;nadrealista&#8221;. Na toj preduga\u010dkoj lisit ( mislim na kandidate za bo\u0161nja\u010dkog \u010dlana Predsjedni\u0161tva) koja naciji \u017eivot zna\u0107i rijetki su oni koji su se istinski i iz patriotskog ubje\u0111enja zauzeli da spase \u0161to se u Bosni spasiti mo\u017ee. Ve\u0107ini sa te famozne liste je ve\u0107 uvje\u017ebana \u0161ema, kako se do\u010depati fotelje jer ze\u0111 za vla\u0161\u0107u im je pomutila razum pa su se dali svakakvim javnim egzibicijama i izjavama. Kad ih pogledamo vidimo da je ta\u010dna ona izreka da je vlast porok od kojeg se te\u0161ko ili nikako ne lije\u010di. U toj pomr\u010dini pojedina\u010dne politi\u010dke nezaja\u017eljivosti jedina nada i zvjezda vodilja koja se nazire je dr. Mustafa Ceri\u0107, onaj koji je uvijek znao ko je, odkuda je, onaj koji je posjetio svako bo\u0161nja\u010dko selo i grad na Balkanu i dijaspori i svugdje na zemaljskoj kugli gdje se \u010dulo da Bo\u0161njak bistvuje. Njegova toplina i o\u010dinska pa\u017enja i bri\u017enost za svakog iz svojeg jata ne ostavlja nikog ko je imao priliku da ga upozna ravnodu\u0161nim. I pored bezbroj spletki i niskih udaraca protukandidata bo\u0161nja\u010dka lokomotiva kojom upravljaju istrajni borci za naciju hrabro nastavlja \u0161iriti pozitivnu energiju u bo\u0161nja\u010dkom korpusu. Istinske patriote su shvatile poruku koju budu\u0107i \u010dlan predsjedni\u0161tava \u0161alje i sa njima je besjeda skoro i privedena kraju, ostao je jo\u0161 i te\u017ei dio pri\u0107e a to su oni nad kojima je biv\u0161i sistem ostavio i jako puno neizlje\u0107ivih posljedica i jo\u0161 da bi stvar bila komplikovanija te frustracije su prenijete na jedan dio mla\u0111eg narastaja koji ih je automatski absorbirao i kao rezultat smo dobili dvije generacije &#8221;patriotski deformisanih&#8221; bo\u0161njaka, koji jo\u0161 uvijek ustaju na \u201eHej Slaveni\u201c ili ti Dedinje smatraju duhovnim centrom.. Takve individue se lahko prepoznaju po izra\u017eenoj odbojnosti spram svega sto je izvorni bo\u0161nja\u010dki duh, sa lahko\u0107om idu u krajnost i neosnovano optu\u017euju i daju pridike. Sve \u0161to asocira na na\u0161u lijepu vjeru je povod za neumorne frustracije i beskrajne negativne komentare po socijalnim mre\u017eama, internet portalima&#8230; itd.<\/span><\/p>\n<p><span style=\"color: rgb(0, 0, 0);\">Ipak u Bo\u0161njaka nikada nije ni\u0161ta olahko dobijeno, tako da i ova borba ne\u0107e biti lahka ve\u0107 naprotiv zanimljiva i te\u0161ka, ali time \u0107e pobjeda biti dostojanstvenija, svetija i ljep\u0161a.. U svakom slu\u0107aju neovisno o ishodu utrke za bo\u0161nja\u010dkog \u010dlana predsjedni\u0161tva, postavnjeni su novi ar\u0161ini kojih \u0107e morati novi predstavnik bo\u0161njaka pridr\u017eavati, vrijeme je svjedok svemu a Allah najbolje zna.<\/span><\/p>\n<p><img loading=\"lazy\" decoding=\"async\" class=\"aligncenter size-full wp-image-110901\" src=\"https:\/\/sandzakpress.net\/arhiva\/wp-content\/uploads\/2014\/08\/mufti-Ceric.jpg\" alt=\"mufti Ceric\" width=\"744\" height=\"424\" srcset=\"https:\/\/sandzakpress.net\/arhiva\/wp-content\/uploads\/2014\/08\/mufti-Ceric.jpg 744w, https:\/\/sandzakpress.net\/arhiva\/wp-content\/uploads\/2014\/08\/mufti-Ceric-616x351.jpg 616w, https:\/\/sandzakpress.net\/arhiva\/wp-content\/uploads\/2014\/08\/mufti-Ceric-350x200.jpg 350w\" sizes=\"(max-width: 744px) 100vw, 744px\" \/><\/p>\n<p><span style=\"color: rgb(0, 0, 0);\">Na nama je da se kona\u010dno savjesno po\u010dnemo odnositi prema dr\u017eavi, naciji ali sami prema sebi.<\/span><\/p>\n<p>Autor: <strong>Ned\u017ead \u0106eman<\/strong><\/p>\n","protected":false},"excerpt":{"rendered":"<p>Ned\u017ead \u0106eman<\/p>\n","protected":false},"author":83,"featured_media":110902,"comment_status":"open","ping_status":"open","sticky":false,"template":"","format":"standard","meta":{"footnotes":""},"categories":[10196],"tags":[10233,10366],"class_list":{"0":"post-110899","1":"post","2":"type-post","3":"status-publish","4":"format-standard","5":"has-post-thumbnail","7":"category-iz-pera-nasih-autora","8":"tag-dr-mustafa-ceric","9":"tag-nedzad-ceman"},"yoast_head":"<!-- This site is optimized with the Yoast SEO Premium plugin v23.1 (Yoast SEO v24.9) - https:\/\/yoast.com\/wordpress\/plugins\/seo\/ -->\n<title>Iskonska svjetlost u bosanskoj tami<\/title>\n<meta name=\"robots\" content=\"index, follow, max-snippet:-1, max-image-preview:large, max-video-preview:-1\" \/>\n<link rel=\"canonical\" href=\"https:\/\/sandzakpress.net\/arhiva\/iskonska-svjetlost-u-bosanskoj-tami\/\" \/>\n<meta property=\"og:locale\" content=\"bs_BA\" \/>\n<meta property=\"og:type\" content=\"article\" \/>\n<meta property=\"og:title\" content=\"Iskonska svjetlost u bosanskoj tami\" \/>\n<meta property=\"og:description\" content=\"Ned\u017ead \u0106eman\" \/>\n<meta property=\"og:url\" content=\"https:\/\/sandzakpress.net\/arhiva\/iskonska-svjetlost-u-bosanskoj-tami\/\" \/>\n<meta property=\"og:site_name\" content=\"Sand\u017eak PRESS\" \/>\n<meta property=\"article:published_time\" content=\"2014-08-27T09:40:24+00:00\" \/>\n<meta property=\"og:image\" content=\"https:\/\/sandzakpress.net\/arhiva\/wp-content\/uploads\/2014\/08\/tunnel-lum-1.jpg\" \/>\n\t<meta property=\"og:image:width\" content=\"480\" \/>\n\t<meta property=\"og:image:height\" content=\"640\" \/>\n\t<meta property=\"og:image:type\" content=\"image\/jpeg\" \/>\n<meta name=\"author\" content=\"bosniak\" \/>\n<meta name=\"twitter:card\" content=\"summary_large_image\" \/>\n<meta name=\"twitter:label1\" content=\"Written by\" \/>\n\t<meta name=\"twitter:data1\" content=\"bosniak\" \/>\n\t<meta name=\"twitter:label2\" content=\"Est. reading time\" \/>\n\t<meta name=\"twitter:data2\" content=\"3 minute\" \/>\n<script type=\"application\/ld+json\" class=\"yoast-schema-graph\">{\"@context\":\"https:\/\/schema.org\",\"@graph\":[{\"@type\":\"Article\",\"@id\":\"https:\/\/sandzakpress.net\/arhiva\/iskonska-svjetlost-u-bosanskoj-tami\/#article\",\"isPartOf\":{\"@id\":\"https:\/\/sandzakpress.net\/arhiva\/iskonska-svjetlost-u-bosanskoj-tami\/\"},\"author\":{\"name\":\"bosniak\",\"@id\":\"https:\/\/sandzakpress.net\/arhiva\/#\/schema\/person\/c8baee722073534b583ea7bdb2e36c02\"},\"headline\":\"Iskonska svjetlost u bosanskoj tami\",\"datePublished\":\"2014-08-27T09:40:24+00:00\",\"mainEntityOfPage\":{\"@id\":\"https:\/\/sandzakpress.net\/arhiva\/iskonska-svjetlost-u-bosanskoj-tami\/\"},\"wordCount\":703,\"commentCount\":0,\"publisher\":{\"@id\":\"https:\/\/sandzakpress.net\/arhiva\/#\/schema\/person\/6e72b67d6e51910a1117b3b483ba20bd\"},\"image\":{\"@id\":\"https:\/\/sandzakpress.net\/arhiva\/iskonska-svjetlost-u-bosanskoj-tami\/#primaryimage\"},\"thumbnailUrl\":\"https:\/\/sandzakpress.net\/arhiva\/wp-content\/uploads\/2014\/08\/tunnel-lum-1.jpg\",\"keywords\":[\"Dr. Mustafa Ceri\u0107\",\"Ned\u017ead \u0106eman\"],\"articleSection\":[\"Iz pera na\u0161ih autora\"],\"inLanguage\":\"bs-BA\",\"potentialAction\":[{\"@type\":\"CommentAction\",\"name\":\"Comment\",\"target\":[\"https:\/\/sandzakpress.net\/arhiva\/iskonska-svjetlost-u-bosanskoj-tami\/#respond\"]}]},{\"@type\":\"WebPage\",\"@id\":\"https:\/\/sandzakpress.net\/arhiva\/iskonska-svjetlost-u-bosanskoj-tami\/\",\"url\":\"https:\/\/sandzakpress.net\/arhiva\/iskonska-svjetlost-u-bosanskoj-tami\/\",\"name\":\"Iskonska svjetlost u bosanskoj tami\",\"isPartOf\":{\"@id\":\"https:\/\/sandzakpress.net\/arhiva\/#website\"},\"primaryImageOfPage\":{\"@id\":\"https:\/\/sandzakpress.net\/arhiva\/iskonska-svjetlost-u-bosanskoj-tami\/#primaryimage\"},\"image\":{\"@id\":\"https:\/\/sandzakpress.net\/arhiva\/iskonska-svjetlost-u-bosanskoj-tami\/#primaryimage\"},\"thumbnailUrl\":\"https:\/\/sandzakpress.net\/arhiva\/wp-content\/uploads\/2014\/08\/tunnel-lum-1.jpg\",\"datePublished\":\"2014-08-27T09:40:24+00:00\",\"breadcrumb\":{\"@id\":\"https:\/\/sandzakpress.net\/arhiva\/iskonska-svjetlost-u-bosanskoj-tami\/#breadcrumb\"},\"inLanguage\":\"bs-BA\",\"potentialAction\":[{\"@type\":\"ReadAction\",\"target\":[\"https:\/\/sandzakpress.net\/arhiva\/iskonska-svjetlost-u-bosanskoj-tami\/\"]}]},{\"@type\":\"ImageObject\",\"inLanguage\":\"bs-BA\",\"@id\":\"https:\/\/sandzakpress.net\/arhiva\/iskonska-svjetlost-u-bosanskoj-tami\/#primaryimage\",\"url\":\"https:\/\/sandzakpress.net\/arhiva\/wp-content\/uploads\/2014\/08\/tunnel-lum-1.jpg\",\"contentUrl\":\"https:\/\/sandzakpress.net\/arhiva\/wp-content\/uploads\/2014\/08\/tunnel-lum-1.jpg\",\"width\":480,\"height\":640},{\"@type\":\"BreadcrumbList\",\"@id\":\"https:\/\/sandzakpress.net\/arhiva\/iskonska-svjetlost-u-bosanskoj-tami\/#breadcrumb\",\"itemListElement\":[{\"@type\":\"ListItem\",\"position\":1,\"name\":\"Home\",\"item\":\"https:\/\/sandzakpress.net\/arhiva\/\"},{\"@type\":\"ListItem\",\"position\":2,\"name\":\"Iskonska svjetlost u bosanskoj tami\"}]},{\"@type\":\"WebSite\",\"@id\":\"https:\/\/sandzakpress.net\/arhiva\/#website\",\"url\":\"https:\/\/sandzakpress.net\/arhiva\/\",\"name\":\"Sand\u017eak PRESS\",\"description\":\"Prve elektronske novine u Sand\u017eaku\",\"publisher\":{\"@id\":\"https:\/\/sandzakpress.net\/arhiva\/#\/schema\/person\/6e72b67d6e51910a1117b3b483ba20bd\"},\"potentialAction\":[{\"@type\":\"SearchAction\",\"target\":{\"@type\":\"EntryPoint\",\"urlTemplate\":\"https:\/\/sandzakpress.net\/arhiva\/?s={search_term_string}\"},\"query-input\":{\"@type\":\"PropertyValueSpecification\",\"valueRequired\":true,\"valueName\":\"search_term_string\"}}],\"inLanguage\":\"bs-BA\"},{\"@type\":[\"Person\",\"Organization\"],\"@id\":\"https:\/\/sandzakpress.net\/arhiva\/#\/schema\/person\/6e72b67d6e51910a1117b3b483ba20bd\",\"name\":\"Kul\",\"image\":{\"@type\":\"ImageObject\",\"inLanguage\":\"bs-BA\",\"@id\":\"https:\/\/sandzakpress.net\/arhiva\/#\/schema\/person\/image\/\",\"url\":\"https:\/\/secure.gravatar.com\/avatar\/42263f39aa27ac04c43cab85c280eb2e?s=96&d=mm&r=pg\",\"contentUrl\":\"https:\/\/secure.gravatar.com\/avatar\/42263f39aa27ac04c43cab85c280eb2e?s=96&d=mm&r=pg\",\"caption\":\"Kul\"},\"logo\":{\"@id\":\"https:\/\/sandzakpress.net\/arhiva\/#\/schema\/person\/image\/\"}},{\"@type\":\"Person\",\"@id\":\"https:\/\/sandzakpress.net\/arhiva\/#\/schema\/person\/c8baee722073534b583ea7bdb2e36c02\",\"name\":\"bosniak\",\"image\":{\"@type\":\"ImageObject\",\"inLanguage\":\"bs-BA\",\"@id\":\"https:\/\/sandzakpress.net\/arhiva\/#\/schema\/person\/image\/\",\"url\":\"https:\/\/secure.gravatar.com\/avatar\/a04fd330bfe3a36a72a0ad4a6d89fca7?s=96&d=mm&r=pg\",\"contentUrl\":\"https:\/\/secure.gravatar.com\/avatar\/a04fd330bfe3a36a72a0ad4a6d89fca7?s=96&d=mm&r=pg\",\"caption\":\"bosniak\"},\"url\":\"https:\/\/sandzakpress.net\/arhiva\/author\/bosniak\/\"}]}<\/script>\n<!-- \/ Yoast SEO Premium plugin. -->","yoast_head_json":{"title":"Iskonska svjetlost u bosanskoj tami","robots":{"index":"index","follow":"follow","max-snippet":"max-snippet:-1","max-image-preview":"max-image-preview:large","max-video-preview":"max-video-preview:-1"},"canonical":"https:\/\/sandzakpress.net\/arhiva\/iskonska-svjetlost-u-bosanskoj-tami\/","og_locale":"bs_BA","og_type":"article","og_title":"Iskonska svjetlost u bosanskoj tami","og_description":"Ned\u017ead \u0106eman","og_url":"https:\/\/sandzakpress.net\/arhiva\/iskonska-svjetlost-u-bosanskoj-tami\/","og_site_name":"Sand\u017eak PRESS","article_published_time":"2014-08-27T09:40:24+00:00","og_image":[{"width":480,"height":640,"url":"https:\/\/sandzakpress.net\/arhiva\/wp-content\/uploads\/2014\/08\/tunnel-lum-1.jpg","type":"image\/jpeg"}],"author":"bosniak","twitter_card":"summary_large_image","twitter_misc":{"Written by":"bosniak","Est. reading time":"3 minute"},"schema":{"@context":"https:\/\/schema.org","@graph":[{"@type":"Article","@id":"https:\/\/sandzakpress.net\/arhiva\/iskonska-svjetlost-u-bosanskoj-tami\/#article","isPartOf":{"@id":"https:\/\/sandzakpress.net\/arhiva\/iskonska-svjetlost-u-bosanskoj-tami\/"},"author":{"name":"bosniak","@id":"https:\/\/sandzakpress.net\/arhiva\/#\/schema\/person\/c8baee722073534b583ea7bdb2e36c02"},"headline":"Iskonska svjetlost u bosanskoj tami","datePublished":"2014-08-27T09:40:24+00:00","mainEntityOfPage":{"@id":"https:\/\/sandzakpress.net\/arhiva\/iskonska-svjetlost-u-bosanskoj-tami\/"},"wordCount":703,"commentCount":0,"publisher":{"@id":"https:\/\/sandzakpress.net\/arhiva\/#\/schema\/person\/6e72b67d6e51910a1117b3b483ba20bd"},"image":{"@id":"https:\/\/sandzakpress.net\/arhiva\/iskonska-svjetlost-u-bosanskoj-tami\/#primaryimage"},"thumbnailUrl":"https:\/\/sandzakpress.net\/arhiva\/wp-content\/uploads\/2014\/08\/tunnel-lum-1.jpg","keywords":["Dr. Mustafa Ceri\u0107","Ned\u017ead \u0106eman"],"articleSection":["Iz pera na\u0161ih autora"],"inLanguage":"bs-BA","potentialAction":[{"@type":"CommentAction","name":"Comment","target":["https:\/\/sandzakpress.net\/arhiva\/iskonska-svjetlost-u-bosanskoj-tami\/#respond"]}]},{"@type":"WebPage","@id":"https:\/\/sandzakpress.net\/arhiva\/iskonska-svjetlost-u-bosanskoj-tami\/","url":"https:\/\/sandzakpress.net\/arhiva\/iskonska-svjetlost-u-bosanskoj-tami\/","name":"Iskonska svjetlost u bosanskoj tami","isPartOf":{"@id":"https:\/\/sandzakpress.net\/arhiva\/#website"},"primaryImageOfPage":{"@id":"https:\/\/sandzakpress.net\/arhiva\/iskonska-svjetlost-u-bosanskoj-tami\/#primaryimage"},"image":{"@id":"https:\/\/sandzakpress.net\/arhiva\/iskonska-svjetlost-u-bosanskoj-tami\/#primaryimage"},"thumbnailUrl":"https:\/\/sandzakpress.net\/arhiva\/wp-content\/uploads\/2014\/08\/tunnel-lum-1.jpg","datePublished":"2014-08-27T09:40:24+00:00","breadcrumb":{"@id":"https:\/\/sandzakpress.net\/arhiva\/iskonska-svjetlost-u-bosanskoj-tami\/#breadcrumb"},"inLanguage":"bs-BA","potentialAction":[{"@type":"ReadAction","target":["https:\/\/sandzakpress.net\/arhiva\/iskonska-svjetlost-u-bosanskoj-tami\/"]}]},{"@type":"ImageObject","inLanguage":"bs-BA","@id":"https:\/\/sandzakpress.net\/arhiva\/iskonska-svjetlost-u-bosanskoj-tami\/#primaryimage","url":"https:\/\/sandzakpress.net\/arhiva\/wp-content\/uploads\/2014\/08\/tunnel-lum-1.jpg","contentUrl":"https:\/\/sandzakpress.net\/arhiva\/wp-content\/uploads\/2014\/08\/tunnel-lum-1.jpg","width":480,"height":640},{"@type":"BreadcrumbList","@id":"https:\/\/sandzakpress.net\/arhiva\/iskonska-svjetlost-u-bosanskoj-tami\/#breadcrumb","itemListElement":[{"@type":"ListItem","position":1,"name":"Home","item":"https:\/\/sandzakpress.net\/arhiva\/"},{"@type":"ListItem","position":2,"name":"Iskonska svjetlost u bosanskoj tami"}]},{"@type":"WebSite","@id":"https:\/\/sandzakpress.net\/arhiva\/#website","url":"https:\/\/sandzakpress.net\/arhiva\/","name":"Sand\u017eak PRESS","description":"Prve elektronske novine u Sand\u017eaku","publisher":{"@id":"https:\/\/sandzakpress.net\/arhiva\/#\/schema\/person\/6e72b67d6e51910a1117b3b483ba20bd"},"potentialAction":[{"@type":"SearchAction","target":{"@type":"EntryPoint","urlTemplate":"https:\/\/sandzakpress.net\/arhiva\/?s={search_term_string}"},"query-input":{"@type":"PropertyValueSpecification","valueRequired":true,"valueName":"search_term_string"}}],"inLanguage":"bs-BA"},{"@type":["Person","Organization"],"@id":"https:\/\/sandzakpress.net\/arhiva\/#\/schema\/person\/6e72b67d6e51910a1117b3b483ba20bd","name":"Kul","image":{"@type":"ImageObject","inLanguage":"bs-BA","@id":"https:\/\/sandzakpress.net\/arhiva\/#\/schema\/person\/image\/","url":"https:\/\/secure.gravatar.com\/avatar\/42263f39aa27ac04c43cab85c280eb2e?s=96&d=mm&r=pg","contentUrl":"https:\/\/secure.gravatar.com\/avatar\/42263f39aa27ac04c43cab85c280eb2e?s=96&d=mm&r=pg","caption":"Kul"},"logo":{"@id":"https:\/\/sandzakpress.net\/arhiva\/#\/schema\/person\/image\/"}},{"@type":"Person","@id":"https:\/\/sandzakpress.net\/arhiva\/#\/schema\/person\/c8baee722073534b583ea7bdb2e36c02","name":"bosniak","image":{"@type":"ImageObject","inLanguage":"bs-BA","@id":"https:\/\/sandzakpress.net\/arhiva\/#\/schema\/person\/image\/","url":"https:\/\/secure.gravatar.com\/avatar\/a04fd330bfe3a36a72a0ad4a6d89fca7?s=96&d=mm&r=pg","contentUrl":"https:\/\/secure.gravatar.com\/avatar\/a04fd330bfe3a36a72a0ad4a6d89fca7?s=96&d=mm&r=pg","caption":"bosniak"},"url":"https:\/\/sandzakpress.net\/arhiva\/author\/bosniak\/"}]}},"_links":{"self":[{"href":"https:\/\/sandzakpress.net\/arhiva\/wp-json\/wp\/v2\/posts\/110899"}],"collection":[{"href":"https:\/\/sandzakpress.net\/arhiva\/wp-json\/wp\/v2\/posts"}],"about":[{"href":"https:\/\/sandzakpress.net\/arhiva\/wp-json\/wp\/v2\/types\/post"}],"author":[{"embeddable":true,"href":"https:\/\/sandzakpress.net\/arhiva\/wp-json\/wp\/v2\/users\/83"}],"replies":[{"embeddable":true,"href":"https:\/\/sandzakpress.net\/arhiva\/wp-json\/wp\/v2\/comments?post=110899"}],"version-history":[{"count":0,"href":"https:\/\/sandzakpress.net\/arhiva\/wp-json\/wp\/v2\/posts\/110899\/revisions"}],"wp:featuredmedia":[{"embeddable":true,"href":"https:\/\/sandzakpress.net\/arhiva\/wp-json\/wp\/v2\/media\/110902"}],"wp:attachment":[{"href":"https:\/\/sandzakpress.net\/arhiva\/wp-json\/wp\/v2\/media?parent=110899"}],"wp:term":[{"taxonomy":"category","embeddable":true,"href":"https:\/\/sandzakpress.net\/arhiva\/wp-json\/wp\/v2\/categories?post=110899"},{"taxonomy":"post_tag","embeddable":true,"href":"https:\/\/sandzakpress.net\/arhiva\/wp-json\/wp\/v2\/tags?post=110899"}],"curies":[{"name":"wp","href":"https:\/\/api.w.org\/{rel}","templated":true}]}}