{"id":110833,"date":"2014-08-24T01:49:44","date_gmt":"2014-08-23T23:49:44","guid":{"rendered":"https:\/\/sandzakpress.net\/arhiva\/?p=110833"},"modified":"2014-08-24T01:49:44","modified_gmt":"2014-08-23T23:49:44","slug":"osijek-dobija-islamski-centar","status":"publish","type":"post","link":"https:\/\/sandzakpress.net\/arhiva\/osijek-dobija-islamski-centar\/","title":{"rendered":"Osijek dobija Islamski centar"},"content":{"rendered":"<p><a href=\"https:\/\/sandzakpress.net\/arhiva\/wp-content\/uploads\/2014\/08\/islamski_centar_osijek_unutrasnjost_main.jpg\"><img loading=\"lazy\" decoding=\"async\" class=\"aligncenter size-full wp-image-110834\" src=\"https:\/\/sandzakpress.net\/arhiva\/wp-content\/uploads\/2014\/08\/islamski_centar_osijek_unutrasnjost_main.jpg\" alt=\"islamski_centar_osijek_unutrasnjost_main\" width=\"900\" height=\"600\" srcset=\"https:\/\/sandzakpress.net\/arhiva\/wp-content\/uploads\/2014\/08\/islamski_centar_osijek_unutrasnjost_main.jpg 900w, https:\/\/sandzakpress.net\/arhiva\/wp-content\/uploads\/2014\/08\/islamski_centar_osijek_unutrasnjost_main-616x410.jpg 616w\" sizes=\"(max-width: 900px) 100vw, 900px\" \/><\/a><\/p>\n<p><strong>Hrvatska &#8211;\u00a0Med\u017elis Islamske zajednice u Osijeku izabrao je najbolji projekat prema kojem \u0107e u tom gradu po\u010deti izgradnju\u00a0Islamskog centra\u00a0vrijednog gotovo tri miliona eura.<\/strong><\/p>\n<p style=\"color: #323232;\">Stru\u010dni petero\u010dlani \u017eiri u Osijeku je 19. jula ove godine od ukupno 33 rada pristigla na konkurs prihvatio najbolji \u2013 onaj po kojem \u0107e za pet mjeseci po\u010deti izgradnju. U \u017eiriju su u\u010destovali uglavnom arhitekti, me\u0111u njima predstavnici lokalnog, osje\u010dkog Med\u017elisa i Me\u0161ihata, dogradona\u010delnik Grada Osijeka, predstavnik \u017dupanije osje\u010dko-baranjske i Osje\u010dkog dru\u0161tva arhitekata. \u010clanovi \u017eirija su se jednoglasno slo\u017eili pri izboru najboljeg rada.<\/p>\n<p style=\"color: #323232;\">Ukupna povr\u0161ina budu\u0107eg centra za 2.000 registriranih vjernika muslimana iz Osijeka i okoline iznosit \u0107e 3.277 metara kvadratnih, a povr\u0161ina same gra\u0111evine iznosit \u0107e 1.590 kvadrata. Visina munare s polumjesecom na vrhu iznosit \u0107e 30 metara. Uz molitveni prostor koji je izvana izgledom \u010detvrtast, iznutra sferi\u010dan, bit \u0107e naslonjene ostale pomo\u0107ne prostorije Islamskog centra s jednom velikom i vi\u0161e manjih, otvorenih i zatvorenih zelenih povr\u0161ina. Centar \u0107e se graditi u osje\u010dkoj ulici Rastanci.<\/p>\n<p style=\"color: #323232;\">Predsjednik Gra\u0111evinskog odbora i \u010dlan \u017eirija cijelog projekta izgradnje Enver Re\u010dica je izjavio kako o\u010dekuje da \u0107e kamen temeljac za novi Islamski centar biti polo\u017een za otprilike pet mjeseci, koliko je potrebno za dobijanje svih potrebnih administrativnih dozvola i izradu projektne dokumentacije, koja obuhvata sve detalje izgradnje. Sama izgradnja, prema Re\u010dicinoj procjeni, trajat \u0107e najmanje godinu do godinu i po dana.<\/p>\n<p style=\"color: #323232;\"><strong>Prezentacija projekta na izlo\u017ebi u Osijeku<\/strong><\/p>\n<p style=\"color: #323232;\">Projekat \u0107e u potpunosti finansirati Me\u0161ihat Islamske zajednice, a izvo\u0111a\u010d radova bit \u0107e odabran putem javnog konkursa. Re\u010dica je kazao kako \u0107e vjerojatno pristi\u0107i i ve\u0107ih donacija, te da su Grad i \u017dupanija pomogli u pripremnoj fazi &#8211; do izbora najboljeg projekta.<\/p>\n<p style=\"color: #323232;\">Prvu nagradu stru\u010dnog \u017eirija i 40.000 kuna (5.000 eura) dobio je projekt kojeg je izradio tim od sedam stru\u010dnjaka studija \u201ePROARH Matekovi\u0107 d.o.o.\u201c iz Zagreba. Po njihovom \u0107e se nacrtu graditi\u00a0d\u017eamija\u00a0u sklopu koje \u0107e biti i Islamski centar.<\/p>\n<p style=\"color: #323232;\">Dodijeljena je i druga nagrada za projekat, vrijedna 24.000 kuna (3.000 eura), arhitektonskom studiju iz Zagreba, te tre\u0107a nagrada studiju iz Ljubljane u iznosu od 16.000 kuna (2.000 eura).<\/p>\n<p style=\"color: #323232;\">Iz prvonagra\u0111enog zagreba\u010dkog studija \u201ePROARH Matekovi\u0107\u201c su poru\u010dili kako o\u010dekuju izradu sljede\u0107e faze projekta, koja \u0107e uklju\u010divati i izradu same makete zgrade.<\/p>\n<p style=\"color: #323232;\">Predsjednik GO Enver Re\u010dica je naglasio kako se \u017eiri pri izboru najboljeg rada vodio, prije svega, stru\u010dno\u0161\u0107u, te najavio po\u010detkom septembra otvorenje izlo\u017ebe u osje\u010dkoj Gradskoj galeriji, na kojoj \u0107e biti prezentirani svi radovi koji su stigli na konkurs.<\/p>\n<p style=\"color: #323232;\">(Al Jazeera)<\/p>\n","protected":false},"excerpt":{"rendered":"<p>Hrvatska &#8211;\u00a0Med\u017elis Islamske zajednice u Osijeku izabrao je najbolji projekat prema kojem \u0107e u tom gradu po\u010deti izgradnju\u00a0Islamskog centra\u00a0vrijednog gotovo tri miliona eura. Stru\u010dni petero\u010dlani \u017eiri u Osijeku je 19. jula ove godine od ukupno 33 rada pristigla na konkurs prihvatio najbolji \u2013 onaj po kojem \u0107e za pet mjeseci po\u010deti izgradnju. U \u017eiriju su [&hellip;]<\/p>\n","protected":false},"author":83,"featured_media":110834,"comment_status":"open","ping_status":"open","sticky":false,"template":"","format":"standard","meta":{"footnotes":""},"categories":[802,10306],"tags":[],"class_list":{"0":"post-110833","1":"post","2":"type-post","3":"status-publish","4":"format-standard","5":"has-post-thumbnail","7":"category-islamska_zajednica","8":"category-hrvatska"},"yoast_head":"<!-- This site is optimized with the Yoast SEO Premium plugin v23.1 (Yoast SEO v24.9) - https:\/\/yoast.com\/wordpress\/plugins\/seo\/ -->\n<title>Osijek dobija Islamski centar<\/title>\n<meta name=\"robots\" content=\"index, follow, max-snippet:-1, max-image-preview:large, max-video-preview:-1\" \/>\n<link rel=\"canonical\" href=\"https:\/\/sandzakpress.net\/arhiva\/osijek-dobija-islamski-centar\/\" \/>\n<meta property=\"og:locale\" content=\"bs_BA\" \/>\n<meta property=\"og:type\" content=\"article\" \/>\n<meta property=\"og:title\" content=\"Osijek dobija Islamski centar\" \/>\n<meta property=\"og:description\" content=\"Hrvatska &#8211;\u00a0Med\u017elis Islamske zajednice u Osijeku izabrao je najbolji projekat prema kojem \u0107e u tom gradu po\u010deti izgradnju\u00a0Islamskog centra\u00a0vrijednog gotovo tri miliona eura. Stru\u010dni petero\u010dlani \u017eiri u Osijeku je 19. jula ove godine od ukupno 33 rada pristigla na konkurs prihvatio najbolji \u2013 onaj po kojem \u0107e za pet mjeseci po\u010deti izgradnju. U \u017eiriju su [&hellip;]\" \/>\n<meta property=\"og:url\" content=\"https:\/\/sandzakpress.net\/arhiva\/osijek-dobija-islamski-centar\/\" \/>\n<meta property=\"og:site_name\" content=\"Sand\u017eak PRESS\" \/>\n<meta property=\"article:published_time\" content=\"2014-08-23T23:49:44+00:00\" \/>\n<meta property=\"og:image\" content=\"https:\/\/sandzakpress.net\/arhiva\/wp-content\/uploads\/2014\/08\/islamski_centar_osijek_unutrasnjost_main.jpg\" \/>\n\t<meta property=\"og:image:width\" content=\"900\" \/>\n\t<meta property=\"og:image:height\" content=\"600\" \/>\n\t<meta property=\"og:image:type\" content=\"image\/jpeg\" \/>\n<meta name=\"author\" content=\"bosniak\" \/>\n<meta name=\"twitter:card\" content=\"summary_large_image\" \/>\n<meta name=\"twitter:label1\" content=\"Written by\" \/>\n\t<meta name=\"twitter:data1\" content=\"bosniak\" \/>\n\t<meta name=\"twitter:label2\" content=\"Est. reading time\" \/>\n\t<meta name=\"twitter:data2\" content=\"2 minute\" \/>\n<script type=\"application\/ld+json\" class=\"yoast-schema-graph\">{\"@context\":\"https:\/\/schema.org\",\"@graph\":[{\"@type\":\"Article\",\"@id\":\"https:\/\/sandzakpress.net\/arhiva\/osijek-dobija-islamski-centar\/#article\",\"isPartOf\":{\"@id\":\"https:\/\/sandzakpress.net\/arhiva\/osijek-dobija-islamski-centar\/\"},\"author\":{\"name\":\"bosniak\",\"@id\":\"https:\/\/sandzakpress.net\/arhiva\/#\/schema\/person\/c8baee722073534b583ea7bdb2e36c02\"},\"headline\":\"Osijek dobija Islamski centar\",\"datePublished\":\"2014-08-23T23:49:44+00:00\",\"mainEntityOfPage\":{\"@id\":\"https:\/\/sandzakpress.net\/arhiva\/osijek-dobija-islamski-centar\/\"},\"wordCount\":447,\"commentCount\":1,\"publisher\":{\"@id\":\"https:\/\/sandzakpress.net\/arhiva\/#\/schema\/person\/6e72b67d6e51910a1117b3b483ba20bd\"},\"image\":{\"@id\":\"https:\/\/sandzakpress.net\/arhiva\/osijek-dobija-islamski-centar\/#primaryimage\"},\"thumbnailUrl\":\"https:\/\/sandzakpress.net\/arhiva\/wp-content\/uploads\/2014\/08\/islamski_centar_osijek_unutrasnjost_main.jpg\",\"articleSection\":[\"Islamska zajednica\",\"Hrvatska\"],\"inLanguage\":\"bs-BA\",\"potentialAction\":[{\"@type\":\"CommentAction\",\"name\":\"Comment\",\"target\":[\"https:\/\/sandzakpress.net\/arhiva\/osijek-dobija-islamski-centar\/#respond\"]}]},{\"@type\":\"WebPage\",\"@id\":\"https:\/\/sandzakpress.net\/arhiva\/osijek-dobija-islamski-centar\/\",\"url\":\"https:\/\/sandzakpress.net\/arhiva\/osijek-dobija-islamski-centar\/\",\"name\":\"Osijek dobija Islamski centar\",\"isPartOf\":{\"@id\":\"https:\/\/sandzakpress.net\/arhiva\/#website\"},\"primaryImageOfPage\":{\"@id\":\"https:\/\/sandzakpress.net\/arhiva\/osijek-dobija-islamski-centar\/#primaryimage\"},\"image\":{\"@id\":\"https:\/\/sandzakpress.net\/arhiva\/osijek-dobija-islamski-centar\/#primaryimage\"},\"thumbnailUrl\":\"https:\/\/sandzakpress.net\/arhiva\/wp-content\/uploads\/2014\/08\/islamski_centar_osijek_unutrasnjost_main.jpg\",\"datePublished\":\"2014-08-23T23:49:44+00:00\",\"breadcrumb\":{\"@id\":\"https:\/\/sandzakpress.net\/arhiva\/osijek-dobija-islamski-centar\/#breadcrumb\"},\"inLanguage\":\"bs-BA\",\"potentialAction\":[{\"@type\":\"ReadAction\",\"target\":[\"https:\/\/sandzakpress.net\/arhiva\/osijek-dobija-islamski-centar\/\"]}]},{\"@type\":\"ImageObject\",\"inLanguage\":\"bs-BA\",\"@id\":\"https:\/\/sandzakpress.net\/arhiva\/osijek-dobija-islamski-centar\/#primaryimage\",\"url\":\"https:\/\/sandzakpress.net\/arhiva\/wp-content\/uploads\/2014\/08\/islamski_centar_osijek_unutrasnjost_main.jpg\",\"contentUrl\":\"https:\/\/sandzakpress.net\/arhiva\/wp-content\/uploads\/2014\/08\/islamski_centar_osijek_unutrasnjost_main.jpg\",\"width\":900,\"height\":600},{\"@type\":\"BreadcrumbList\",\"@id\":\"https:\/\/sandzakpress.net\/arhiva\/osijek-dobija-islamski-centar\/#breadcrumb\",\"itemListElement\":[{\"@type\":\"ListItem\",\"position\":1,\"name\":\"Home\",\"item\":\"https:\/\/sandzakpress.net\/arhiva\/\"},{\"@type\":\"ListItem\",\"position\":2,\"name\":\"Osijek dobija Islamski centar\"}]},{\"@type\":\"WebSite\",\"@id\":\"https:\/\/sandzakpress.net\/arhiva\/#website\",\"url\":\"https:\/\/sandzakpress.net\/arhiva\/\",\"name\":\"Sand\u017eak PRESS\",\"description\":\"Prve elektronske novine u Sand\u017eaku\",\"publisher\":{\"@id\":\"https:\/\/sandzakpress.net\/arhiva\/#\/schema\/person\/6e72b67d6e51910a1117b3b483ba20bd\"},\"potentialAction\":[{\"@type\":\"SearchAction\",\"target\":{\"@type\":\"EntryPoint\",\"urlTemplate\":\"https:\/\/sandzakpress.net\/arhiva\/?s={search_term_string}\"},\"query-input\":{\"@type\":\"PropertyValueSpecification\",\"valueRequired\":true,\"valueName\":\"search_term_string\"}}],\"inLanguage\":\"bs-BA\"},{\"@type\":[\"Person\",\"Organization\"],\"@id\":\"https:\/\/sandzakpress.net\/arhiva\/#\/schema\/person\/6e72b67d6e51910a1117b3b483ba20bd\",\"name\":\"Kul\",\"image\":{\"@type\":\"ImageObject\",\"inLanguage\":\"bs-BA\",\"@id\":\"https:\/\/sandzakpress.net\/arhiva\/#\/schema\/person\/image\/\",\"url\":\"https:\/\/secure.gravatar.com\/avatar\/42263f39aa27ac04c43cab85c280eb2e?s=96&d=mm&r=pg\",\"contentUrl\":\"https:\/\/secure.gravatar.com\/avatar\/42263f39aa27ac04c43cab85c280eb2e?s=96&d=mm&r=pg\",\"caption\":\"Kul\"},\"logo\":{\"@id\":\"https:\/\/sandzakpress.net\/arhiva\/#\/schema\/person\/image\/\"}},{\"@type\":\"Person\",\"@id\":\"https:\/\/sandzakpress.net\/arhiva\/#\/schema\/person\/c8baee722073534b583ea7bdb2e36c02\",\"name\":\"bosniak\",\"image\":{\"@type\":\"ImageObject\",\"inLanguage\":\"bs-BA\",\"@id\":\"https:\/\/sandzakpress.net\/arhiva\/#\/schema\/person\/image\/\",\"url\":\"https:\/\/secure.gravatar.com\/avatar\/a04fd330bfe3a36a72a0ad4a6d89fca7?s=96&d=mm&r=pg\",\"contentUrl\":\"https:\/\/secure.gravatar.com\/avatar\/a04fd330bfe3a36a72a0ad4a6d89fca7?s=96&d=mm&r=pg\",\"caption\":\"bosniak\"},\"url\":\"https:\/\/sandzakpress.net\/arhiva\/author\/bosniak\/\"}]}<\/script>\n<!-- \/ Yoast SEO Premium plugin. -->","yoast_head_json":{"title":"Osijek dobija Islamski centar","robots":{"index":"index","follow":"follow","max-snippet":"max-snippet:-1","max-image-preview":"max-image-preview:large","max-video-preview":"max-video-preview:-1"},"canonical":"https:\/\/sandzakpress.net\/arhiva\/osijek-dobija-islamski-centar\/","og_locale":"bs_BA","og_type":"article","og_title":"Osijek dobija Islamski centar","og_description":"Hrvatska &#8211;\u00a0Med\u017elis Islamske zajednice u Osijeku izabrao je najbolji projekat prema kojem \u0107e u tom gradu po\u010deti izgradnju\u00a0Islamskog centra\u00a0vrijednog gotovo tri miliona eura. Stru\u010dni petero\u010dlani \u017eiri u Osijeku je 19. jula ove godine od ukupno 33 rada pristigla na konkurs prihvatio najbolji \u2013 onaj po kojem \u0107e za pet mjeseci po\u010deti izgradnju. U \u017eiriju su [&hellip;]","og_url":"https:\/\/sandzakpress.net\/arhiva\/osijek-dobija-islamski-centar\/","og_site_name":"Sand\u017eak PRESS","article_published_time":"2014-08-23T23:49:44+00:00","og_image":[{"width":900,"height":600,"url":"https:\/\/sandzakpress.net\/arhiva\/wp-content\/uploads\/2014\/08\/islamski_centar_osijek_unutrasnjost_main.jpg","type":"image\/jpeg"}],"author":"bosniak","twitter_card":"summary_large_image","twitter_misc":{"Written by":"bosniak","Est. reading time":"2 minute"},"schema":{"@context":"https:\/\/schema.org","@graph":[{"@type":"Article","@id":"https:\/\/sandzakpress.net\/arhiva\/osijek-dobija-islamski-centar\/#article","isPartOf":{"@id":"https:\/\/sandzakpress.net\/arhiva\/osijek-dobija-islamski-centar\/"},"author":{"name":"bosniak","@id":"https:\/\/sandzakpress.net\/arhiva\/#\/schema\/person\/c8baee722073534b583ea7bdb2e36c02"},"headline":"Osijek dobija Islamski centar","datePublished":"2014-08-23T23:49:44+00:00","mainEntityOfPage":{"@id":"https:\/\/sandzakpress.net\/arhiva\/osijek-dobija-islamski-centar\/"},"wordCount":447,"commentCount":1,"publisher":{"@id":"https:\/\/sandzakpress.net\/arhiva\/#\/schema\/person\/6e72b67d6e51910a1117b3b483ba20bd"},"image":{"@id":"https:\/\/sandzakpress.net\/arhiva\/osijek-dobija-islamski-centar\/#primaryimage"},"thumbnailUrl":"https:\/\/sandzakpress.net\/arhiva\/wp-content\/uploads\/2014\/08\/islamski_centar_osijek_unutrasnjost_main.jpg","articleSection":["Islamska zajednica","Hrvatska"],"inLanguage":"bs-BA","potentialAction":[{"@type":"CommentAction","name":"Comment","target":["https:\/\/sandzakpress.net\/arhiva\/osijek-dobija-islamski-centar\/#respond"]}]},{"@type":"WebPage","@id":"https:\/\/sandzakpress.net\/arhiva\/osijek-dobija-islamski-centar\/","url":"https:\/\/sandzakpress.net\/arhiva\/osijek-dobija-islamski-centar\/","name":"Osijek dobija Islamski centar","isPartOf":{"@id":"https:\/\/sandzakpress.net\/arhiva\/#website"},"primaryImageOfPage":{"@id":"https:\/\/sandzakpress.net\/arhiva\/osijek-dobija-islamski-centar\/#primaryimage"},"image":{"@id":"https:\/\/sandzakpress.net\/arhiva\/osijek-dobija-islamski-centar\/#primaryimage"},"thumbnailUrl":"https:\/\/sandzakpress.net\/arhiva\/wp-content\/uploads\/2014\/08\/islamski_centar_osijek_unutrasnjost_main.jpg","datePublished":"2014-08-23T23:49:44+00:00","breadcrumb":{"@id":"https:\/\/sandzakpress.net\/arhiva\/osijek-dobija-islamski-centar\/#breadcrumb"},"inLanguage":"bs-BA","potentialAction":[{"@type":"ReadAction","target":["https:\/\/sandzakpress.net\/arhiva\/osijek-dobija-islamski-centar\/"]}]},{"@type":"ImageObject","inLanguage":"bs-BA","@id":"https:\/\/sandzakpress.net\/arhiva\/osijek-dobija-islamski-centar\/#primaryimage","url":"https:\/\/sandzakpress.net\/arhiva\/wp-content\/uploads\/2014\/08\/islamski_centar_osijek_unutrasnjost_main.jpg","contentUrl":"https:\/\/sandzakpress.net\/arhiva\/wp-content\/uploads\/2014\/08\/islamski_centar_osijek_unutrasnjost_main.jpg","width":900,"height":600},{"@type":"BreadcrumbList","@id":"https:\/\/sandzakpress.net\/arhiva\/osijek-dobija-islamski-centar\/#breadcrumb","itemListElement":[{"@type":"ListItem","position":1,"name":"Home","item":"https:\/\/sandzakpress.net\/arhiva\/"},{"@type":"ListItem","position":2,"name":"Osijek dobija Islamski centar"}]},{"@type":"WebSite","@id":"https:\/\/sandzakpress.net\/arhiva\/#website","url":"https:\/\/sandzakpress.net\/arhiva\/","name":"Sand\u017eak PRESS","description":"Prve elektronske novine u Sand\u017eaku","publisher":{"@id":"https:\/\/sandzakpress.net\/arhiva\/#\/schema\/person\/6e72b67d6e51910a1117b3b483ba20bd"},"potentialAction":[{"@type":"SearchAction","target":{"@type":"EntryPoint","urlTemplate":"https:\/\/sandzakpress.net\/arhiva\/?s={search_term_string}"},"query-input":{"@type":"PropertyValueSpecification","valueRequired":true,"valueName":"search_term_string"}}],"inLanguage":"bs-BA"},{"@type":["Person","Organization"],"@id":"https:\/\/sandzakpress.net\/arhiva\/#\/schema\/person\/6e72b67d6e51910a1117b3b483ba20bd","name":"Kul","image":{"@type":"ImageObject","inLanguage":"bs-BA","@id":"https:\/\/sandzakpress.net\/arhiva\/#\/schema\/person\/image\/","url":"https:\/\/secure.gravatar.com\/avatar\/42263f39aa27ac04c43cab85c280eb2e?s=96&d=mm&r=pg","contentUrl":"https:\/\/secure.gravatar.com\/avatar\/42263f39aa27ac04c43cab85c280eb2e?s=96&d=mm&r=pg","caption":"Kul"},"logo":{"@id":"https:\/\/sandzakpress.net\/arhiva\/#\/schema\/person\/image\/"}},{"@type":"Person","@id":"https:\/\/sandzakpress.net\/arhiva\/#\/schema\/person\/c8baee722073534b583ea7bdb2e36c02","name":"bosniak","image":{"@type":"ImageObject","inLanguage":"bs-BA","@id":"https:\/\/sandzakpress.net\/arhiva\/#\/schema\/person\/image\/","url":"https:\/\/secure.gravatar.com\/avatar\/a04fd330bfe3a36a72a0ad4a6d89fca7?s=96&d=mm&r=pg","contentUrl":"https:\/\/secure.gravatar.com\/avatar\/a04fd330bfe3a36a72a0ad4a6d89fca7?s=96&d=mm&r=pg","caption":"bosniak"},"url":"https:\/\/sandzakpress.net\/arhiva\/author\/bosniak\/"}]}},"_links":{"self":[{"href":"https:\/\/sandzakpress.net\/arhiva\/wp-json\/wp\/v2\/posts\/110833"}],"collection":[{"href":"https:\/\/sandzakpress.net\/arhiva\/wp-json\/wp\/v2\/posts"}],"about":[{"href":"https:\/\/sandzakpress.net\/arhiva\/wp-json\/wp\/v2\/types\/post"}],"author":[{"embeddable":true,"href":"https:\/\/sandzakpress.net\/arhiva\/wp-json\/wp\/v2\/users\/83"}],"replies":[{"embeddable":true,"href":"https:\/\/sandzakpress.net\/arhiva\/wp-json\/wp\/v2\/comments?post=110833"}],"version-history":[{"count":0,"href":"https:\/\/sandzakpress.net\/arhiva\/wp-json\/wp\/v2\/posts\/110833\/revisions"}],"wp:featuredmedia":[{"embeddable":true,"href":"https:\/\/sandzakpress.net\/arhiva\/wp-json\/wp\/v2\/media\/110834"}],"wp:attachment":[{"href":"https:\/\/sandzakpress.net\/arhiva\/wp-json\/wp\/v2\/media?parent=110833"}],"wp:term":[{"taxonomy":"category","embeddable":true,"href":"https:\/\/sandzakpress.net\/arhiva\/wp-json\/wp\/v2\/categories?post=110833"},{"taxonomy":"post_tag","embeddable":true,"href":"https:\/\/sandzakpress.net\/arhiva\/wp-json\/wp\/v2\/tags?post=110833"}],"curies":[{"name":"wp","href":"https:\/\/api.w.org\/{rel}","templated":true}]}}