{"id":110821,"date":"2014-08-24T01:29:30","date_gmt":"2014-08-23T23:29:30","guid":{"rendered":"https:\/\/sandzakpress.net\/arhiva\/?p=110821"},"modified":"2014-08-24T01:29:30","modified_gmt":"2014-08-23T23:29:30","slug":"delegacija-americke-ambasade-posjetila-mesihat","status":"publish","type":"post","link":"https:\/\/sandzakpress.net\/arhiva\/delegacija-americke-ambasade-posjetila-mesihat\/","title":{"rendered":"Delegacija Ameri\u010dke ambasade posjetila Me\u0161ihat"},"content":{"rendered":"<p><img decoding=\"async\" class=\"aligncenter\" src=\"http:\/\/mesihat.org\/images\/stories\/predstavnici%20mesihata%20-%20americka%20ambasada.jpg\" alt=\"\" border=\"0\" \/><\/p>\n<p><strong>Amerika, Novi Pazar &#8211;\u00a0<span style=\"color: #000000;\">U petak, 22.08.2014., predstavnici politi\u010dkog odjeljenja Ameri\u010dke ambasade u Beogradu posjetili su Me\u0161ihat IZ-e i tom prilikom razgovarali sa direktorom Medrese \u201eGazi Isa-beg\u201c Re\u0161ad-ef. Plojovi\u0107em i dekanom Fakulteta za islamske studije dr. Enver-ef. Gici\u0107em.<\/span><\/strong><\/p>\n<p style=\"color: #000000;\">Direktor Plojovi\u0107 je upoznao goste sa ustrojstvom Islamske zajednice, njenim ranijim i aktuelnim djelovanjem, rezultatima postignutim na polju odgojno-obrazovnog rada nakon osnivanja obrazovnih ustanova od Medrese do Univerziteta, humanitarnim aktivnostima, kao i problemima sa kojima se Islamska zajednica suo\u010dava.<\/p>\n<p style=\"color: #000000;\">Delegacija se interesovala za op\u0161te stanje u Islamskoj zajednici i dru\u0161tvu, probleme i na\u010dine njihovog rje\u0161avanja, iskazuju\u0107i svoju spremnost za u\u010de\u0161\u0107e u njihovom rje\u0161avanju. Bilo je rije\u010di i o konkretnim projektima saradnje na polju obrazovnog i rada sa mladima, kao i na polju preno\u0161enja istine o muslimanima i stanju u regiji Sand\u017eak, sa ciljem ispravljanja krive slike, kako je vrlo \u010desto predstavljen ovaj kraj i muslimani koji \u017eive u njemu.<\/p>\n<p style=\"color: #000000;\">Delegacija Me\u0161ihata je istakla da su Bo\u0161njaci muslimani autohtono stanovni\u0161tvo ove regije, evropski narod, da dijele i zagovaraju islamske vrijednosti, a brojne od njih su one za koje se zala\u017ee i Evropska unija, poput tolerancije, su\u017eivota, po\u0161tovanja ljudskih prava, slobode itd.<\/p>\n<p style=\"color: #000000;\">Predstavnici Ameri\u010dke ambasade su naglasili da \u0107e nastaviti budno pratiti doga\u0111aje i razvoj situacije na ovom prostoru i da \u0107e vrlo brzo ponuditi konkretne projekte me\u0111usobne saradnje.<\/p>\n<p style=\"color: #000000;\">(mesihat)<\/p>\n","protected":false},"excerpt":{"rendered":"<p>Amerika, Novi Pazar &#8211;\u00a0U petak, 22.08.2014., predstavnici politi\u010dkog odjeljenja Ameri\u010dke ambasade u Beogradu posjetili su Me\u0161ihat IZ-e i tom prilikom razgovarali sa direktorom Medrese \u201eGazi Isa-beg\u201c Re\u0161ad-ef. Plojovi\u0107em i dekanom Fakulteta za islamske studije dr. Enver-ef. Gici\u0107em. Direktor Plojovi\u0107 je upoznao goste sa ustrojstvom Islamske zajednice, njenim ranijim i aktuelnim djelovanjem, rezultatima postignutim na polju [&hellip;]<\/p>\n","protected":false},"author":83,"featured_media":110822,"comment_status":"open","ping_status":"open","sticky":false,"template":"","format":"standard","meta":{"footnotes":""},"categories":[72,3012,802],"tags":[],"class_list":{"0":"post-110821","1":"post","2":"type-post","3":"status-publish","4":"format-standard","5":"has-post-thumbnail","7":"category-novi-pazar","8":"category-amerika-gradovi","9":"category-islamska_zajednica"},"yoast_head":"<!-- This site is optimized with the Yoast SEO Premium plugin v23.1 (Yoast SEO v24.9) - https:\/\/yoast.com\/wordpress\/plugins\/seo\/ -->\n<title>Delegacija Ameri\u010dke ambasade posjetila Me\u0161ihat<\/title>\n<meta name=\"robots\" content=\"index, follow, max-snippet:-1, max-image-preview:large, max-video-preview:-1\" \/>\n<link rel=\"canonical\" href=\"https:\/\/sandzakpress.net\/arhiva\/delegacija-americke-ambasade-posjetila-mesihat\/\" \/>\n<meta property=\"og:locale\" content=\"bs_BA\" \/>\n<meta property=\"og:type\" content=\"article\" \/>\n<meta property=\"og:title\" content=\"Delegacija Ameri\u010dke ambasade posjetila Me\u0161ihat\" \/>\n<meta property=\"og:description\" content=\"Amerika, Novi Pazar &#8211;\u00a0U petak, 22.08.2014., predstavnici politi\u010dkog odjeljenja Ameri\u010dke ambasade u Beogradu posjetili su Me\u0161ihat IZ-e i tom prilikom razgovarali sa direktorom Medrese \u201eGazi Isa-beg\u201c Re\u0161ad-ef. Plojovi\u0107em i dekanom Fakulteta za islamske studije dr. Enver-ef. Gici\u0107em. Direktor Plojovi\u0107 je upoznao goste sa ustrojstvom Islamske zajednice, njenim ranijim i aktuelnim djelovanjem, rezultatima postignutim na polju [&hellip;]\" \/>\n<meta property=\"og:url\" content=\"https:\/\/sandzakpress.net\/arhiva\/delegacija-americke-ambasade-posjetila-mesihat\/\" \/>\n<meta property=\"og:site_name\" content=\"Sand\u017eak PRESS\" \/>\n<meta property=\"article:published_time\" content=\"2014-08-23T23:29:30+00:00\" \/>\n<meta property=\"og:image\" content=\"https:\/\/sandzakpress.net\/arhiva\/wp-content\/uploads\/2014\/08\/predstavnici-mesihata-americka-ambasada.jpg\" \/>\n\t<meta property=\"og:image:width\" content=\"800\" \/>\n\t<meta property=\"og:image:height\" content=\"532\" \/>\n\t<meta property=\"og:image:type\" content=\"image\/jpeg\" \/>\n<meta name=\"author\" content=\"bosniak\" \/>\n<meta name=\"twitter:card\" content=\"summary_large_image\" \/>\n<meta name=\"twitter:label1\" content=\"Written by\" \/>\n\t<meta name=\"twitter:data1\" content=\"bosniak\" \/>\n\t<meta name=\"twitter:label2\" content=\"Est. reading time\" \/>\n\t<meta name=\"twitter:data2\" content=\"1 minuta\" \/>\n<script type=\"application\/ld+json\" class=\"yoast-schema-graph\">{\"@context\":\"https:\/\/schema.org\",\"@graph\":[{\"@type\":\"Article\",\"@id\":\"https:\/\/sandzakpress.net\/arhiva\/delegacija-americke-ambasade-posjetila-mesihat\/#article\",\"isPartOf\":{\"@id\":\"https:\/\/sandzakpress.net\/arhiva\/delegacija-americke-ambasade-posjetila-mesihat\/\"},\"author\":{\"name\":\"bosniak\",\"@id\":\"https:\/\/sandzakpress.net\/arhiva\/#\/schema\/person\/c8baee722073534b583ea7bdb2e36c02\"},\"headline\":\"Delegacija Ameri\u010dke ambasade posjetila Me\u0161ihat\",\"datePublished\":\"2014-08-23T23:29:30+00:00\",\"mainEntityOfPage\":{\"@id\":\"https:\/\/sandzakpress.net\/arhiva\/delegacija-americke-ambasade-posjetila-mesihat\/\"},\"wordCount\":249,\"commentCount\":2,\"publisher\":{\"@id\":\"https:\/\/sandzakpress.net\/arhiva\/#\/schema\/person\/6e72b67d6e51910a1117b3b483ba20bd\"},\"image\":{\"@id\":\"https:\/\/sandzakpress.net\/arhiva\/delegacija-americke-ambasade-posjetila-mesihat\/#primaryimage\"},\"thumbnailUrl\":\"https:\/\/sandzakpress.net\/arhiva\/wp-content\/uploads\/2014\/08\/predstavnici-mesihata-americka-ambasada.jpg\",\"articleSection\":[\"Novi Pazar\",\"Amerika\",\"Islamska zajednica\"],\"inLanguage\":\"bs-BA\",\"potentialAction\":[{\"@type\":\"CommentAction\",\"name\":\"Comment\",\"target\":[\"https:\/\/sandzakpress.net\/arhiva\/delegacija-americke-ambasade-posjetila-mesihat\/#respond\"]}]},{\"@type\":\"WebPage\",\"@id\":\"https:\/\/sandzakpress.net\/arhiva\/delegacija-americke-ambasade-posjetila-mesihat\/\",\"url\":\"https:\/\/sandzakpress.net\/arhiva\/delegacija-americke-ambasade-posjetila-mesihat\/\",\"name\":\"Delegacija Ameri\u010dke ambasade posjetila Me\u0161ihat\",\"isPartOf\":{\"@id\":\"https:\/\/sandzakpress.net\/arhiva\/#website\"},\"primaryImageOfPage\":{\"@id\":\"https:\/\/sandzakpress.net\/arhiva\/delegacija-americke-ambasade-posjetila-mesihat\/#primaryimage\"},\"image\":{\"@id\":\"https:\/\/sandzakpress.net\/arhiva\/delegacija-americke-ambasade-posjetila-mesihat\/#primaryimage\"},\"thumbnailUrl\":\"https:\/\/sandzakpress.net\/arhiva\/wp-content\/uploads\/2014\/08\/predstavnici-mesihata-americka-ambasada.jpg\",\"datePublished\":\"2014-08-23T23:29:30+00:00\",\"breadcrumb\":{\"@id\":\"https:\/\/sandzakpress.net\/arhiva\/delegacija-americke-ambasade-posjetila-mesihat\/#breadcrumb\"},\"inLanguage\":\"bs-BA\",\"potentialAction\":[{\"@type\":\"ReadAction\",\"target\":[\"https:\/\/sandzakpress.net\/arhiva\/delegacija-americke-ambasade-posjetila-mesihat\/\"]}]},{\"@type\":\"ImageObject\",\"inLanguage\":\"bs-BA\",\"@id\":\"https:\/\/sandzakpress.net\/arhiva\/delegacija-americke-ambasade-posjetila-mesihat\/#primaryimage\",\"url\":\"https:\/\/sandzakpress.net\/arhiva\/wp-content\/uploads\/2014\/08\/predstavnici-mesihata-americka-ambasada.jpg\",\"contentUrl\":\"https:\/\/sandzakpress.net\/arhiva\/wp-content\/uploads\/2014\/08\/predstavnici-mesihata-americka-ambasada.jpg\",\"width\":800,\"height\":532},{\"@type\":\"BreadcrumbList\",\"@id\":\"https:\/\/sandzakpress.net\/arhiva\/delegacija-americke-ambasade-posjetila-mesihat\/#breadcrumb\",\"itemListElement\":[{\"@type\":\"ListItem\",\"position\":1,\"name\":\"Home\",\"item\":\"https:\/\/sandzakpress.net\/arhiva\/\"},{\"@type\":\"ListItem\",\"position\":2,\"name\":\"Delegacija Ameri\u010dke ambasade posjetila Me\u0161ihat\"}]},{\"@type\":\"WebSite\",\"@id\":\"https:\/\/sandzakpress.net\/arhiva\/#website\",\"url\":\"https:\/\/sandzakpress.net\/arhiva\/\",\"name\":\"Sand\u017eak PRESS\",\"description\":\"Prve elektronske novine u Sand\u017eaku\",\"publisher\":{\"@id\":\"https:\/\/sandzakpress.net\/arhiva\/#\/schema\/person\/6e72b67d6e51910a1117b3b483ba20bd\"},\"potentialAction\":[{\"@type\":\"SearchAction\",\"target\":{\"@type\":\"EntryPoint\",\"urlTemplate\":\"https:\/\/sandzakpress.net\/arhiva\/?s={search_term_string}\"},\"query-input\":{\"@type\":\"PropertyValueSpecification\",\"valueRequired\":true,\"valueName\":\"search_term_string\"}}],\"inLanguage\":\"bs-BA\"},{\"@type\":[\"Person\",\"Organization\"],\"@id\":\"https:\/\/sandzakpress.net\/arhiva\/#\/schema\/person\/6e72b67d6e51910a1117b3b483ba20bd\",\"name\":\"Kul\",\"image\":{\"@type\":\"ImageObject\",\"inLanguage\":\"bs-BA\",\"@id\":\"https:\/\/sandzakpress.net\/arhiva\/#\/schema\/person\/image\/\",\"url\":\"https:\/\/secure.gravatar.com\/avatar\/42263f39aa27ac04c43cab85c280eb2e?s=96&d=mm&r=pg\",\"contentUrl\":\"https:\/\/secure.gravatar.com\/avatar\/42263f39aa27ac04c43cab85c280eb2e?s=96&d=mm&r=pg\",\"caption\":\"Kul\"},\"logo\":{\"@id\":\"https:\/\/sandzakpress.net\/arhiva\/#\/schema\/person\/image\/\"}},{\"@type\":\"Person\",\"@id\":\"https:\/\/sandzakpress.net\/arhiva\/#\/schema\/person\/c8baee722073534b583ea7bdb2e36c02\",\"name\":\"bosniak\",\"image\":{\"@type\":\"ImageObject\",\"inLanguage\":\"bs-BA\",\"@id\":\"https:\/\/sandzakpress.net\/arhiva\/#\/schema\/person\/image\/\",\"url\":\"https:\/\/secure.gravatar.com\/avatar\/a04fd330bfe3a36a72a0ad4a6d89fca7?s=96&d=mm&r=pg\",\"contentUrl\":\"https:\/\/secure.gravatar.com\/avatar\/a04fd330bfe3a36a72a0ad4a6d89fca7?s=96&d=mm&r=pg\",\"caption\":\"bosniak\"},\"url\":\"https:\/\/sandzakpress.net\/arhiva\/author\/bosniak\/\"}]}<\/script>\n<!-- \/ Yoast SEO Premium plugin. -->","yoast_head_json":{"title":"Delegacija Ameri\u010dke ambasade posjetila Me\u0161ihat","robots":{"index":"index","follow":"follow","max-snippet":"max-snippet:-1","max-image-preview":"max-image-preview:large","max-video-preview":"max-video-preview:-1"},"canonical":"https:\/\/sandzakpress.net\/arhiva\/delegacija-americke-ambasade-posjetila-mesihat\/","og_locale":"bs_BA","og_type":"article","og_title":"Delegacija Ameri\u010dke ambasade posjetila Me\u0161ihat","og_description":"Amerika, Novi Pazar &#8211;\u00a0U petak, 22.08.2014., predstavnici politi\u010dkog odjeljenja Ameri\u010dke ambasade u Beogradu posjetili su Me\u0161ihat IZ-e i tom prilikom razgovarali sa direktorom Medrese \u201eGazi Isa-beg\u201c Re\u0161ad-ef. Plojovi\u0107em i dekanom Fakulteta za islamske studije dr. Enver-ef. Gici\u0107em. Direktor Plojovi\u0107 je upoznao goste sa ustrojstvom Islamske zajednice, njenim ranijim i aktuelnim djelovanjem, rezultatima postignutim na polju [&hellip;]","og_url":"https:\/\/sandzakpress.net\/arhiva\/delegacija-americke-ambasade-posjetila-mesihat\/","og_site_name":"Sand\u017eak PRESS","article_published_time":"2014-08-23T23:29:30+00:00","og_image":[{"width":800,"height":532,"url":"https:\/\/sandzakpress.net\/arhiva\/wp-content\/uploads\/2014\/08\/predstavnici-mesihata-americka-ambasada.jpg","type":"image\/jpeg"}],"author":"bosniak","twitter_card":"summary_large_image","twitter_misc":{"Written by":"bosniak","Est. reading time":"1 minuta"},"schema":{"@context":"https:\/\/schema.org","@graph":[{"@type":"Article","@id":"https:\/\/sandzakpress.net\/arhiva\/delegacija-americke-ambasade-posjetila-mesihat\/#article","isPartOf":{"@id":"https:\/\/sandzakpress.net\/arhiva\/delegacija-americke-ambasade-posjetila-mesihat\/"},"author":{"name":"bosniak","@id":"https:\/\/sandzakpress.net\/arhiva\/#\/schema\/person\/c8baee722073534b583ea7bdb2e36c02"},"headline":"Delegacija Ameri\u010dke ambasade posjetila Me\u0161ihat","datePublished":"2014-08-23T23:29:30+00:00","mainEntityOfPage":{"@id":"https:\/\/sandzakpress.net\/arhiva\/delegacija-americke-ambasade-posjetila-mesihat\/"},"wordCount":249,"commentCount":2,"publisher":{"@id":"https:\/\/sandzakpress.net\/arhiva\/#\/schema\/person\/6e72b67d6e51910a1117b3b483ba20bd"},"image":{"@id":"https:\/\/sandzakpress.net\/arhiva\/delegacija-americke-ambasade-posjetila-mesihat\/#primaryimage"},"thumbnailUrl":"https:\/\/sandzakpress.net\/arhiva\/wp-content\/uploads\/2014\/08\/predstavnici-mesihata-americka-ambasada.jpg","articleSection":["Novi Pazar","Amerika","Islamska zajednica"],"inLanguage":"bs-BA","potentialAction":[{"@type":"CommentAction","name":"Comment","target":["https:\/\/sandzakpress.net\/arhiva\/delegacija-americke-ambasade-posjetila-mesihat\/#respond"]}]},{"@type":"WebPage","@id":"https:\/\/sandzakpress.net\/arhiva\/delegacija-americke-ambasade-posjetila-mesihat\/","url":"https:\/\/sandzakpress.net\/arhiva\/delegacija-americke-ambasade-posjetila-mesihat\/","name":"Delegacija Ameri\u010dke ambasade posjetila Me\u0161ihat","isPartOf":{"@id":"https:\/\/sandzakpress.net\/arhiva\/#website"},"primaryImageOfPage":{"@id":"https:\/\/sandzakpress.net\/arhiva\/delegacija-americke-ambasade-posjetila-mesihat\/#primaryimage"},"image":{"@id":"https:\/\/sandzakpress.net\/arhiva\/delegacija-americke-ambasade-posjetila-mesihat\/#primaryimage"},"thumbnailUrl":"https:\/\/sandzakpress.net\/arhiva\/wp-content\/uploads\/2014\/08\/predstavnici-mesihata-americka-ambasada.jpg","datePublished":"2014-08-23T23:29:30+00:00","breadcrumb":{"@id":"https:\/\/sandzakpress.net\/arhiva\/delegacija-americke-ambasade-posjetila-mesihat\/#breadcrumb"},"inLanguage":"bs-BA","potentialAction":[{"@type":"ReadAction","target":["https:\/\/sandzakpress.net\/arhiva\/delegacija-americke-ambasade-posjetila-mesihat\/"]}]},{"@type":"ImageObject","inLanguage":"bs-BA","@id":"https:\/\/sandzakpress.net\/arhiva\/delegacija-americke-ambasade-posjetila-mesihat\/#primaryimage","url":"https:\/\/sandzakpress.net\/arhiva\/wp-content\/uploads\/2014\/08\/predstavnici-mesihata-americka-ambasada.jpg","contentUrl":"https:\/\/sandzakpress.net\/arhiva\/wp-content\/uploads\/2014\/08\/predstavnici-mesihata-americka-ambasada.jpg","width":800,"height":532},{"@type":"BreadcrumbList","@id":"https:\/\/sandzakpress.net\/arhiva\/delegacija-americke-ambasade-posjetila-mesihat\/#breadcrumb","itemListElement":[{"@type":"ListItem","position":1,"name":"Home","item":"https:\/\/sandzakpress.net\/arhiva\/"},{"@type":"ListItem","position":2,"name":"Delegacija Ameri\u010dke ambasade posjetila Me\u0161ihat"}]},{"@type":"WebSite","@id":"https:\/\/sandzakpress.net\/arhiva\/#website","url":"https:\/\/sandzakpress.net\/arhiva\/","name":"Sand\u017eak PRESS","description":"Prve elektronske novine u Sand\u017eaku","publisher":{"@id":"https:\/\/sandzakpress.net\/arhiva\/#\/schema\/person\/6e72b67d6e51910a1117b3b483ba20bd"},"potentialAction":[{"@type":"SearchAction","target":{"@type":"EntryPoint","urlTemplate":"https:\/\/sandzakpress.net\/arhiva\/?s={search_term_string}"},"query-input":{"@type":"PropertyValueSpecification","valueRequired":true,"valueName":"search_term_string"}}],"inLanguage":"bs-BA"},{"@type":["Person","Organization"],"@id":"https:\/\/sandzakpress.net\/arhiva\/#\/schema\/person\/6e72b67d6e51910a1117b3b483ba20bd","name":"Kul","image":{"@type":"ImageObject","inLanguage":"bs-BA","@id":"https:\/\/sandzakpress.net\/arhiva\/#\/schema\/person\/image\/","url":"https:\/\/secure.gravatar.com\/avatar\/42263f39aa27ac04c43cab85c280eb2e?s=96&d=mm&r=pg","contentUrl":"https:\/\/secure.gravatar.com\/avatar\/42263f39aa27ac04c43cab85c280eb2e?s=96&d=mm&r=pg","caption":"Kul"},"logo":{"@id":"https:\/\/sandzakpress.net\/arhiva\/#\/schema\/person\/image\/"}},{"@type":"Person","@id":"https:\/\/sandzakpress.net\/arhiva\/#\/schema\/person\/c8baee722073534b583ea7bdb2e36c02","name":"bosniak","image":{"@type":"ImageObject","inLanguage":"bs-BA","@id":"https:\/\/sandzakpress.net\/arhiva\/#\/schema\/person\/image\/","url":"https:\/\/secure.gravatar.com\/avatar\/a04fd330bfe3a36a72a0ad4a6d89fca7?s=96&d=mm&r=pg","contentUrl":"https:\/\/secure.gravatar.com\/avatar\/a04fd330bfe3a36a72a0ad4a6d89fca7?s=96&d=mm&r=pg","caption":"bosniak"},"url":"https:\/\/sandzakpress.net\/arhiva\/author\/bosniak\/"}]}},"_links":{"self":[{"href":"https:\/\/sandzakpress.net\/arhiva\/wp-json\/wp\/v2\/posts\/110821"}],"collection":[{"href":"https:\/\/sandzakpress.net\/arhiva\/wp-json\/wp\/v2\/posts"}],"about":[{"href":"https:\/\/sandzakpress.net\/arhiva\/wp-json\/wp\/v2\/types\/post"}],"author":[{"embeddable":true,"href":"https:\/\/sandzakpress.net\/arhiva\/wp-json\/wp\/v2\/users\/83"}],"replies":[{"embeddable":true,"href":"https:\/\/sandzakpress.net\/arhiva\/wp-json\/wp\/v2\/comments?post=110821"}],"version-history":[{"count":0,"href":"https:\/\/sandzakpress.net\/arhiva\/wp-json\/wp\/v2\/posts\/110821\/revisions"}],"wp:featuredmedia":[{"embeddable":true,"href":"https:\/\/sandzakpress.net\/arhiva\/wp-json\/wp\/v2\/media\/110822"}],"wp:attachment":[{"href":"https:\/\/sandzakpress.net\/arhiva\/wp-json\/wp\/v2\/media?parent=110821"}],"wp:term":[{"taxonomy":"category","embeddable":true,"href":"https:\/\/sandzakpress.net\/arhiva\/wp-json\/wp\/v2\/categories?post=110821"},{"taxonomy":"post_tag","embeddable":true,"href":"https:\/\/sandzakpress.net\/arhiva\/wp-json\/wp\/v2\/tags?post=110821"}],"curies":[{"name":"wp","href":"https:\/\/api.w.org\/{rel}","templated":true}]}}