{"id":110753,"date":"2014-08-22T18:53:54","date_gmt":"2014-08-22T16:53:54","guid":{"rendered":"https:\/\/sandzakpress.net\/arhiva\/?p=110753"},"modified":"2014-08-22T18:53:54","modified_gmt":"2014-08-22T16:53:54","slug":"djeca-amisa-imuna-na-moderne-bolesti-i-alergije","status":"publish","type":"post","link":"https:\/\/sandzakpress.net\/arhiva\/djeca-amisa-imuna-na-moderne-bolesti-i-alergije\/","title":{"rendered":"Djeca Ami\u0161a imuna na moderne bolesti i alergije"},"content":{"rendered":"<p style=\"color: #4e4e4e;\"><strong><img loading=\"lazy\" decoding=\"async\" class=\"alignleft\" src=\"http:\/\/philosophers-stone.co.uk\/wordpress\/wp-content\/uploads\/2013\/06\/Amish-Kids-2.jpg\" alt=\"\" width=\"341\" height=\"244\" \/>Djeca Ami\u0161a, odrasla na seoskim farmama na sjeveru ameri\u010dke savezne dr\u017eave Indijane, ne pate od astme, dijabetesa, alergija, niti bilo kojeg oblika savremenih bolesti.<\/strong><\/p>\n<p style=\"color: #4e4e4e;\">\u0160vicarski nau\u010dnik\u00a0<strong><em>Mark Holbrejhm<\/em><\/strong>\u00a0koji je istra\u017eivao zdravlje ami\u0161ke djece ka\u017ee:<br \/>\n\u201cZaklju\u010dak je da je stopa savremenih oboljenja veoma, veoma niska kod ami\u0161ke djece. Zaista, kao da postoji ne\u0161to \u0161to \u0161titi ami\u0161ku djecu, a \u0161ta je to i dalje ostaje nejasno. \u201d<\/p>\n<p style=\"color: #4e4e4e;\"><span id=\"more-10352\"><\/span>Istra\u017eiva\u010di su uspore\u0111ivali djecu odraslu u relativno zdravim, ruralnim sredinama i do\u0161li su do zaklju\u010dka da su Ami\u0161ka djeca zdravija od djece odrasle na evropskim farmama. \u0160ta vi\u0161e, u posljednjih 20 godina zabilje\u017eeno je svega nekoliko ami\u0161ke djece koja su bila alergi\u010dna na ne\u0161to.<\/p>\n<p style=\"color: #4e4e4e;\">Ina\u010de, ami\u0161ke porodice, od kojih mnoge vuku korijene upravo iz \u0160vicarske, \u017eive u prirodi, daleko od gradova, hrane se organski gajenom hranom, i veoma su religiozne.<\/p>\n<h4 style=\"color: #4e4e4e;\"><strong><em>Savremene bolesti gotovo nepoznate<\/em><\/strong><\/h4>\n<p style=\"color: #4e4e4e;\">Ina\u010de, jo\u0161 ranije je pisano o odli\u010dnom mentalnom zdravlju Ami\u0161a i \u010dinjenici da u ovoj zajednici jednostavno ne postoji autizam \u2013 \u0161to svakako nije samo puka slu\u010dajnost. Naime, konvencionalna medicina je \u010desto zbunjena time \u0161to Ami\u0161i nemaju iskustva s autizmom, ili bilo kojom drugom pote\u0161ko\u0107om s u\u010denjem koje predstavljaju po\u0161ast dana\u0161njeg tehnolo\u0161kog dru\u0161tva.<\/p>\n<p style=\"color: #4e4e4e;\">Oni \u017eive u dru\u0161tvu koje se, prema shvatanjima prosje\u010dnih Amerikanaca, koji imaju problema s gojazno\u0161\u0107u, dijabetesom, sr\u010danim bolestima, autizmom, i koje je zahvatila moralna kataklizma, vodi staromodnim idealima. Ami\u0161ka prehrana se sastoji od organske hrane, svje\u017eih, lokalno uzgojenih proizvoda, a \u0161to je veoma bitno, oni se uglavnom ne vakcini\u0161u. Uprkos \u010dinjenici da farmaceutska industrija ula\u017ee veliki novac u kampanju za vakcinaciju i upotrebu vje\u0161ta\u010dkih ljekova,\u00a0<strong><em>bolesti srca, rak i dijabetes su gotovo nepoznati u ami\u0161kim selima.<\/em><\/strong><\/p>\n<h4><strong><em>Zdrava hrana, bez GMO-a i velika inteligencija<\/em><\/strong><\/h4>\n<p>Hrana koju ami\u0161i jedu su organski proizvodi starih sorti uzgajani isklju\u010divo na organskom \u0111ubrivu i ove zajednice se nikada nisu susrele s GMO-hranom. U dosada\u0161njem istra\u017eivanju zdravlja Ami\u0161a registrovano je samo tri slu\u010daja autizma kod njihove djece. Od tih troje, za dvoje je jasno dokazano da su bila vakcinisana.<\/p>\n<p>Prvi slu\u010daj je bilo kinesko dijete koje je primilo brojne vakcine prije nego \u0161to je usvojeno od strane porodice Ami\u0161a. Drugi je bio redak slu\u010daj u porodici Ami\u0161a koji su podlegli propagandi i medicinskom pritisku za vakcinisanje svoga djeteta. Pojedini \u201cnau\u010dnici\u201d tvrde da Ami\u0161i o\u010dito imaju poseban super-gen koji ih \u010dini imunim na brojne bolesti savremenog doba.<\/p>\n<p>Tako\u0111er, jo\u0161 jedna karakteristika Ami\u0161a, a koja je malo poznata, jeste da su oni inteligentniji, s izuzetno naprednom vje\u0161tinom pisanja koja je na fakultetskom nivou, iako mnogi od njih nikada nisu studirali.<\/p>\n<p>&nbsp;<\/p>\n<p>&nbsp;<\/p>\n<p>Izvor: <strong>tinkturedrsulca.com<\/strong><\/p>\n","protected":false},"excerpt":{"rendered":"<p>Zdravlje<\/p>\n","protected":false},"author":125,"featured_media":110754,"comment_status":"open","ping_status":"open","sticky":false,"template":"","format":"standard","meta":{"footnotes":""},"categories":[813,10429],"tags":[],"class_list":{"0":"post-110753","1":"post","2":"type-post","3":"status-publish","4":"format-standard","5":"has-post-thumbnail","7":"category-zdravlje","8":"category-vazno"},"yoast_head":"<!-- This site is optimized with the Yoast SEO Premium plugin v23.1 (Yoast SEO v24.9) - https:\/\/yoast.com\/wordpress\/plugins\/seo\/ -->\n<title>Djeca Ami\u0161a imuna na moderne bolesti i alergije<\/title>\n<meta name=\"robots\" content=\"index, follow, max-snippet:-1, max-image-preview:large, max-video-preview:-1\" \/>\n<link rel=\"canonical\" href=\"https:\/\/sandzakpress.net\/arhiva\/djeca-amisa-imuna-na-moderne-bolesti-i-alergije\/\" \/>\n<meta property=\"og:locale\" content=\"bs_BA\" \/>\n<meta property=\"og:type\" content=\"article\" \/>\n<meta property=\"og:title\" content=\"Djeca Ami\u0161a imuna na moderne bolesti i alergije\" \/>\n<meta property=\"og:description\" content=\"Zdravlje\" \/>\n<meta property=\"og:url\" content=\"https:\/\/sandzakpress.net\/arhiva\/djeca-amisa-imuna-na-moderne-bolesti-i-alergije\/\" \/>\n<meta property=\"og:site_name\" content=\"Sand\u017eak PRESS\" \/>\n<meta property=\"article:published_time\" content=\"2014-08-22T16:53:54+00:00\" \/>\n<meta property=\"og:image\" content=\"https:\/\/sandzakpress.net\/arhiva\/wp-content\/uploads\/2014\/08\/Amish-Kids-2.jpg\" \/>\n\t<meta property=\"og:image:width\" content=\"610\" \/>\n\t<meta property=\"og:image:height\" content=\"436\" \/>\n\t<meta property=\"og:image:type\" content=\"image\/jpeg\" \/>\n<meta name=\"author\" content=\"Korektor\" \/>\n<meta name=\"twitter:card\" content=\"summary_large_image\" \/>\n<meta name=\"twitter:label1\" content=\"Written by\" \/>\n\t<meta name=\"twitter:data1\" content=\"Korektor\" \/>\n\t<meta name=\"twitter:label2\" content=\"Est. reading time\" \/>\n\t<meta name=\"twitter:data2\" content=\"2 minute\" \/>\n<script type=\"application\/ld+json\" class=\"yoast-schema-graph\">{\"@context\":\"https:\/\/schema.org\",\"@graph\":[{\"@type\":\"Article\",\"@id\":\"https:\/\/sandzakpress.net\/arhiva\/djeca-amisa-imuna-na-moderne-bolesti-i-alergije\/#article\",\"isPartOf\":{\"@id\":\"https:\/\/sandzakpress.net\/arhiva\/djeca-amisa-imuna-na-moderne-bolesti-i-alergije\/\"},\"author\":{\"name\":\"Korektor\",\"@id\":\"https:\/\/sandzakpress.net\/arhiva\/#\/schema\/person\/b71f9565a8a6ce38c0200f1cf59c368c\"},\"headline\":\"Djeca Ami\u0161a imuna na moderne bolesti i alergije\",\"datePublished\":\"2014-08-22T16:53:54+00:00\",\"mainEntityOfPage\":{\"@id\":\"https:\/\/sandzakpress.net\/arhiva\/djeca-amisa-imuna-na-moderne-bolesti-i-alergije\/\"},\"wordCount\":488,\"commentCount\":1,\"publisher\":{\"@id\":\"https:\/\/sandzakpress.net\/arhiva\/#\/schema\/person\/6e72b67d6e51910a1117b3b483ba20bd\"},\"image\":{\"@id\":\"https:\/\/sandzakpress.net\/arhiva\/djeca-amisa-imuna-na-moderne-bolesti-i-alergije\/#primaryimage\"},\"thumbnailUrl\":\"https:\/\/sandzakpress.net\/arhiva\/wp-content\/uploads\/2014\/08\/Amish-Kids-2.jpg\",\"articleSection\":[\"Zdravlje\",\"VA\u017dNO!\"],\"inLanguage\":\"bs-BA\",\"potentialAction\":[{\"@type\":\"CommentAction\",\"name\":\"Comment\",\"target\":[\"https:\/\/sandzakpress.net\/arhiva\/djeca-amisa-imuna-na-moderne-bolesti-i-alergije\/#respond\"]}]},{\"@type\":\"WebPage\",\"@id\":\"https:\/\/sandzakpress.net\/arhiva\/djeca-amisa-imuna-na-moderne-bolesti-i-alergije\/\",\"url\":\"https:\/\/sandzakpress.net\/arhiva\/djeca-amisa-imuna-na-moderne-bolesti-i-alergije\/\",\"name\":\"Djeca Ami\u0161a imuna na moderne bolesti i alergije\",\"isPartOf\":{\"@id\":\"https:\/\/sandzakpress.net\/arhiva\/#website\"},\"primaryImageOfPage\":{\"@id\":\"https:\/\/sandzakpress.net\/arhiva\/djeca-amisa-imuna-na-moderne-bolesti-i-alergije\/#primaryimage\"},\"image\":{\"@id\":\"https:\/\/sandzakpress.net\/arhiva\/djeca-amisa-imuna-na-moderne-bolesti-i-alergije\/#primaryimage\"},\"thumbnailUrl\":\"https:\/\/sandzakpress.net\/arhiva\/wp-content\/uploads\/2014\/08\/Amish-Kids-2.jpg\",\"datePublished\":\"2014-08-22T16:53:54+00:00\",\"breadcrumb\":{\"@id\":\"https:\/\/sandzakpress.net\/arhiva\/djeca-amisa-imuna-na-moderne-bolesti-i-alergije\/#breadcrumb\"},\"inLanguage\":\"bs-BA\",\"potentialAction\":[{\"@type\":\"ReadAction\",\"target\":[\"https:\/\/sandzakpress.net\/arhiva\/djeca-amisa-imuna-na-moderne-bolesti-i-alergije\/\"]}]},{\"@type\":\"ImageObject\",\"inLanguage\":\"bs-BA\",\"@id\":\"https:\/\/sandzakpress.net\/arhiva\/djeca-amisa-imuna-na-moderne-bolesti-i-alergije\/#primaryimage\",\"url\":\"https:\/\/sandzakpress.net\/arhiva\/wp-content\/uploads\/2014\/08\/Amish-Kids-2.jpg\",\"contentUrl\":\"https:\/\/sandzakpress.net\/arhiva\/wp-content\/uploads\/2014\/08\/Amish-Kids-2.jpg\",\"width\":610,\"height\":436},{\"@type\":\"BreadcrumbList\",\"@id\":\"https:\/\/sandzakpress.net\/arhiva\/djeca-amisa-imuna-na-moderne-bolesti-i-alergije\/#breadcrumb\",\"itemListElement\":[{\"@type\":\"ListItem\",\"position\":1,\"name\":\"Home\",\"item\":\"https:\/\/sandzakpress.net\/arhiva\/\"},{\"@type\":\"ListItem\",\"position\":2,\"name\":\"Djeca Ami\u0161a imuna na moderne bolesti i alergije\"}]},{\"@type\":\"WebSite\",\"@id\":\"https:\/\/sandzakpress.net\/arhiva\/#website\",\"url\":\"https:\/\/sandzakpress.net\/arhiva\/\",\"name\":\"Sand\u017eak PRESS\",\"description\":\"Prve elektronske novine u Sand\u017eaku\",\"publisher\":{\"@id\":\"https:\/\/sandzakpress.net\/arhiva\/#\/schema\/person\/6e72b67d6e51910a1117b3b483ba20bd\"},\"potentialAction\":[{\"@type\":\"SearchAction\",\"target\":{\"@type\":\"EntryPoint\",\"urlTemplate\":\"https:\/\/sandzakpress.net\/arhiva\/?s={search_term_string}\"},\"query-input\":{\"@type\":\"PropertyValueSpecification\",\"valueRequired\":true,\"valueName\":\"search_term_string\"}}],\"inLanguage\":\"bs-BA\"},{\"@type\":[\"Person\",\"Organization\"],\"@id\":\"https:\/\/sandzakpress.net\/arhiva\/#\/schema\/person\/6e72b67d6e51910a1117b3b483ba20bd\",\"name\":\"Kul\",\"image\":{\"@type\":\"ImageObject\",\"inLanguage\":\"bs-BA\",\"@id\":\"https:\/\/sandzakpress.net\/arhiva\/#\/schema\/person\/image\/\",\"url\":\"https:\/\/secure.gravatar.com\/avatar\/42263f39aa27ac04c43cab85c280eb2e?s=96&d=mm&r=pg\",\"contentUrl\":\"https:\/\/secure.gravatar.com\/avatar\/42263f39aa27ac04c43cab85c280eb2e?s=96&d=mm&r=pg\",\"caption\":\"Kul\"},\"logo\":{\"@id\":\"https:\/\/sandzakpress.net\/arhiva\/#\/schema\/person\/image\/\"}},{\"@type\":\"Person\",\"@id\":\"https:\/\/sandzakpress.net\/arhiva\/#\/schema\/person\/b71f9565a8a6ce38c0200f1cf59c368c\",\"name\":\"Korektor\",\"image\":{\"@type\":\"ImageObject\",\"inLanguage\":\"bs-BA\",\"@id\":\"https:\/\/sandzakpress.net\/arhiva\/#\/schema\/person\/image\/\",\"url\":\"https:\/\/secure.gravatar.com\/avatar\/ae3388ff9b8eb74e0751a069466905f6?s=96&d=mm&r=pg\",\"contentUrl\":\"https:\/\/secure.gravatar.com\/avatar\/ae3388ff9b8eb74e0751a069466905f6?s=96&d=mm&r=pg\",\"caption\":\"Korektor\"},\"url\":\"https:\/\/sandzakpress.net\/arhiva\/author\/korektor\/\"}]}<\/script>\n<!-- \/ Yoast SEO Premium plugin. -->","yoast_head_json":{"title":"Djeca Ami\u0161a imuna na moderne bolesti i alergije","robots":{"index":"index","follow":"follow","max-snippet":"max-snippet:-1","max-image-preview":"max-image-preview:large","max-video-preview":"max-video-preview:-1"},"canonical":"https:\/\/sandzakpress.net\/arhiva\/djeca-amisa-imuna-na-moderne-bolesti-i-alergije\/","og_locale":"bs_BA","og_type":"article","og_title":"Djeca Ami\u0161a imuna na moderne bolesti i alergije","og_description":"Zdravlje","og_url":"https:\/\/sandzakpress.net\/arhiva\/djeca-amisa-imuna-na-moderne-bolesti-i-alergije\/","og_site_name":"Sand\u017eak PRESS","article_published_time":"2014-08-22T16:53:54+00:00","og_image":[{"width":610,"height":436,"url":"https:\/\/sandzakpress.net\/arhiva\/wp-content\/uploads\/2014\/08\/Amish-Kids-2.jpg","type":"image\/jpeg"}],"author":"Korektor","twitter_card":"summary_large_image","twitter_misc":{"Written by":"Korektor","Est. reading time":"2 minute"},"schema":{"@context":"https:\/\/schema.org","@graph":[{"@type":"Article","@id":"https:\/\/sandzakpress.net\/arhiva\/djeca-amisa-imuna-na-moderne-bolesti-i-alergije\/#article","isPartOf":{"@id":"https:\/\/sandzakpress.net\/arhiva\/djeca-amisa-imuna-na-moderne-bolesti-i-alergije\/"},"author":{"name":"Korektor","@id":"https:\/\/sandzakpress.net\/arhiva\/#\/schema\/person\/b71f9565a8a6ce38c0200f1cf59c368c"},"headline":"Djeca Ami\u0161a imuna na moderne bolesti i alergije","datePublished":"2014-08-22T16:53:54+00:00","mainEntityOfPage":{"@id":"https:\/\/sandzakpress.net\/arhiva\/djeca-amisa-imuna-na-moderne-bolesti-i-alergije\/"},"wordCount":488,"commentCount":1,"publisher":{"@id":"https:\/\/sandzakpress.net\/arhiva\/#\/schema\/person\/6e72b67d6e51910a1117b3b483ba20bd"},"image":{"@id":"https:\/\/sandzakpress.net\/arhiva\/djeca-amisa-imuna-na-moderne-bolesti-i-alergije\/#primaryimage"},"thumbnailUrl":"https:\/\/sandzakpress.net\/arhiva\/wp-content\/uploads\/2014\/08\/Amish-Kids-2.jpg","articleSection":["Zdravlje","VA\u017dNO!"],"inLanguage":"bs-BA","potentialAction":[{"@type":"CommentAction","name":"Comment","target":["https:\/\/sandzakpress.net\/arhiva\/djeca-amisa-imuna-na-moderne-bolesti-i-alergije\/#respond"]}]},{"@type":"WebPage","@id":"https:\/\/sandzakpress.net\/arhiva\/djeca-amisa-imuna-na-moderne-bolesti-i-alergije\/","url":"https:\/\/sandzakpress.net\/arhiva\/djeca-amisa-imuna-na-moderne-bolesti-i-alergije\/","name":"Djeca Ami\u0161a imuna na moderne bolesti i alergije","isPartOf":{"@id":"https:\/\/sandzakpress.net\/arhiva\/#website"},"primaryImageOfPage":{"@id":"https:\/\/sandzakpress.net\/arhiva\/djeca-amisa-imuna-na-moderne-bolesti-i-alergije\/#primaryimage"},"image":{"@id":"https:\/\/sandzakpress.net\/arhiva\/djeca-amisa-imuna-na-moderne-bolesti-i-alergije\/#primaryimage"},"thumbnailUrl":"https:\/\/sandzakpress.net\/arhiva\/wp-content\/uploads\/2014\/08\/Amish-Kids-2.jpg","datePublished":"2014-08-22T16:53:54+00:00","breadcrumb":{"@id":"https:\/\/sandzakpress.net\/arhiva\/djeca-amisa-imuna-na-moderne-bolesti-i-alergije\/#breadcrumb"},"inLanguage":"bs-BA","potentialAction":[{"@type":"ReadAction","target":["https:\/\/sandzakpress.net\/arhiva\/djeca-amisa-imuna-na-moderne-bolesti-i-alergije\/"]}]},{"@type":"ImageObject","inLanguage":"bs-BA","@id":"https:\/\/sandzakpress.net\/arhiva\/djeca-amisa-imuna-na-moderne-bolesti-i-alergije\/#primaryimage","url":"https:\/\/sandzakpress.net\/arhiva\/wp-content\/uploads\/2014\/08\/Amish-Kids-2.jpg","contentUrl":"https:\/\/sandzakpress.net\/arhiva\/wp-content\/uploads\/2014\/08\/Amish-Kids-2.jpg","width":610,"height":436},{"@type":"BreadcrumbList","@id":"https:\/\/sandzakpress.net\/arhiva\/djeca-amisa-imuna-na-moderne-bolesti-i-alergije\/#breadcrumb","itemListElement":[{"@type":"ListItem","position":1,"name":"Home","item":"https:\/\/sandzakpress.net\/arhiva\/"},{"@type":"ListItem","position":2,"name":"Djeca Ami\u0161a imuna na moderne bolesti i alergije"}]},{"@type":"WebSite","@id":"https:\/\/sandzakpress.net\/arhiva\/#website","url":"https:\/\/sandzakpress.net\/arhiva\/","name":"Sand\u017eak PRESS","description":"Prve elektronske novine u Sand\u017eaku","publisher":{"@id":"https:\/\/sandzakpress.net\/arhiva\/#\/schema\/person\/6e72b67d6e51910a1117b3b483ba20bd"},"potentialAction":[{"@type":"SearchAction","target":{"@type":"EntryPoint","urlTemplate":"https:\/\/sandzakpress.net\/arhiva\/?s={search_term_string}"},"query-input":{"@type":"PropertyValueSpecification","valueRequired":true,"valueName":"search_term_string"}}],"inLanguage":"bs-BA"},{"@type":["Person","Organization"],"@id":"https:\/\/sandzakpress.net\/arhiva\/#\/schema\/person\/6e72b67d6e51910a1117b3b483ba20bd","name":"Kul","image":{"@type":"ImageObject","inLanguage":"bs-BA","@id":"https:\/\/sandzakpress.net\/arhiva\/#\/schema\/person\/image\/","url":"https:\/\/secure.gravatar.com\/avatar\/42263f39aa27ac04c43cab85c280eb2e?s=96&d=mm&r=pg","contentUrl":"https:\/\/secure.gravatar.com\/avatar\/42263f39aa27ac04c43cab85c280eb2e?s=96&d=mm&r=pg","caption":"Kul"},"logo":{"@id":"https:\/\/sandzakpress.net\/arhiva\/#\/schema\/person\/image\/"}},{"@type":"Person","@id":"https:\/\/sandzakpress.net\/arhiva\/#\/schema\/person\/b71f9565a8a6ce38c0200f1cf59c368c","name":"Korektor","image":{"@type":"ImageObject","inLanguage":"bs-BA","@id":"https:\/\/sandzakpress.net\/arhiva\/#\/schema\/person\/image\/","url":"https:\/\/secure.gravatar.com\/avatar\/ae3388ff9b8eb74e0751a069466905f6?s=96&d=mm&r=pg","contentUrl":"https:\/\/secure.gravatar.com\/avatar\/ae3388ff9b8eb74e0751a069466905f6?s=96&d=mm&r=pg","caption":"Korektor"},"url":"https:\/\/sandzakpress.net\/arhiva\/author\/korektor\/"}]}},"_links":{"self":[{"href":"https:\/\/sandzakpress.net\/arhiva\/wp-json\/wp\/v2\/posts\/110753"}],"collection":[{"href":"https:\/\/sandzakpress.net\/arhiva\/wp-json\/wp\/v2\/posts"}],"about":[{"href":"https:\/\/sandzakpress.net\/arhiva\/wp-json\/wp\/v2\/types\/post"}],"author":[{"embeddable":true,"href":"https:\/\/sandzakpress.net\/arhiva\/wp-json\/wp\/v2\/users\/125"}],"replies":[{"embeddable":true,"href":"https:\/\/sandzakpress.net\/arhiva\/wp-json\/wp\/v2\/comments?post=110753"}],"version-history":[{"count":0,"href":"https:\/\/sandzakpress.net\/arhiva\/wp-json\/wp\/v2\/posts\/110753\/revisions"}],"wp:featuredmedia":[{"embeddable":true,"href":"https:\/\/sandzakpress.net\/arhiva\/wp-json\/wp\/v2\/media\/110754"}],"wp:attachment":[{"href":"https:\/\/sandzakpress.net\/arhiva\/wp-json\/wp\/v2\/media?parent=110753"}],"wp:term":[{"taxonomy":"category","embeddable":true,"href":"https:\/\/sandzakpress.net\/arhiva\/wp-json\/wp\/v2\/categories?post=110753"},{"taxonomy":"post_tag","embeddable":true,"href":"https:\/\/sandzakpress.net\/arhiva\/wp-json\/wp\/v2\/tags?post=110753"}],"curies":[{"name":"wp","href":"https:\/\/api.w.org\/{rel}","templated":true}]}}