{"id":110742,"date":"2014-08-22T16:12:39","date_gmt":"2014-08-22T14:12:39","guid":{"rendered":"https:\/\/sandzakpress.net\/arhiva\/?p=110742"},"modified":"2014-08-22T16:14:12","modified_gmt":"2014-08-22T14:14:12","slug":"na-internacionalnom-univerzitetu-pocinje-ii-upisni-rok","status":"publish","type":"post","link":"https:\/\/sandzakpress.net\/arhiva\/na-internacionalnom-univerzitetu-pocinje-ii-upisni-rok\/","title":{"rendered":"Na Internacionalnom univerzitetu po\u010dinje II upisni rok"},"content":{"rendered":"<div class=\"youtube-embed\" data-video_id=\"vpUSoUmS4OM\"><iframe loading=\"lazy\" title=\"Po\u010dinje upus studenata na IUNP u septembarskom upisnom roku\" width=\"696\" height=\"522\" src=\"https:\/\/www.youtube.com\/embed\/vpUSoUmS4OM?feature=oembed&#038;enablejsapi=1\" frameborder=\"0\" allow=\"accelerometer; autoplay; encrypted-media; gyroscope; picture-in-picture\" allowfullscreen><\/iframe><\/div>\n<p style=\"color: #565347;\"><strong>Novi Pazar &#8211; Septembarski upisni rok za upis na osnovne akademske studije u akademskoj 2014\/2015 godini na Internacionalnom univerzitetu u Novom Pazaru po\u010dinje u ponedjeljak, 25. avgusta, i predaja dokumentacije traja\u0107e do 12. septembra 2014. godine. Od upisne dokumentacije neophodno je dostaviti:<\/strong><\/p>\n<p style=\"color: #565347;\"><strong>1. Diplomu i svjedo\u010danstva svih razreda \u010detvorogodi\u0161nje srednje \u0161kole;<\/strong><\/p>\n<p><strong>2. Izvod iz mati\u010dne knjige ro\u0111enih;<\/strong><\/p>\n<p><strong>3. Priznanica o upla\u0107enim tro\u0161kovima za prijemni ispit.<\/strong><\/p>\n<p style=\"color: #565347;\">Prijemni ispiti odr\u017ea\u0107e se u subotu, 13. septembra, u 11 h, a rezultati \u0107e biti objavljeni 15. septembra 2014. godine. Upis primljenih kandidata obavi\u0107e se u periodu od 16. do 20. septembra 2014. g. Budu\u0107i bruco\u0161i mogu upisati neki od smjerova sa \u0161est Departmana Internacionalnog univerziteta u Novom Pazaru.<\/p>\n<p style=\"color: #565347;\">(UNINP)<\/p>\n","protected":false},"excerpt":{"rendered":"<p>Novi Pazar &#8211; Septembarski upisni rok za upis na osnovne akademske studije u akademskoj 2014\/2015 godini na Internacionalnom univerzitetu u Novom Pazaru po\u010dinje u ponedjeljak, 25. avgusta, i predaja dokumentacije traja\u0107e do 12. septembra 2014. godine. Od upisne dokumentacije neophodno je dostaviti: 1. Diplomu i svjedo\u010danstva svih razreda \u010detvorogodi\u0161nje srednje \u0161kole; 2. Izvod iz mati\u010dne [&hellip;]<\/p>\n","protected":false},"author":83,"featured_media":110743,"comment_status":"open","ping_status":"open","sticky":false,"template":"","format":"standard","meta":{"footnotes":""},"categories":[398,72,52,327,392,4,8957],"tags":[10272],"class_list":{"0":"post-110742","1":"post","2":"type-post","3":"status-publish","4":"format-standard","5":"has-post-thumbnail","7":"category-rozaje","8":"category-novi-pazar","9":"category-sjenica","10":"category-tutin","11":"category-prijepolje_","12":"category-obrazovanje","13":"category-vijesti-dana","14":"tag-internacionalni-univerzitet-u-novom-pazaru"},"yoast_head":"<!-- This site is optimized with the Yoast SEO Premium plugin v23.1 (Yoast SEO v24.9) - https:\/\/yoast.com\/wordpress\/plugins\/seo\/ -->\n<title>Na Internacionalnom univerzitetu po\u010dinje II upisni rok<\/title>\n<meta name=\"robots\" content=\"index, follow, max-snippet:-1, max-image-preview:large, max-video-preview:-1\" \/>\n<link rel=\"canonical\" href=\"https:\/\/sandzakpress.net\/arhiva\/na-internacionalnom-univerzitetu-pocinje-ii-upisni-rok\/\" \/>\n<meta property=\"og:locale\" content=\"bs_BA\" \/>\n<meta property=\"og:type\" content=\"article\" \/>\n<meta property=\"og:title\" content=\"Na Internacionalnom univerzitetu po\u010dinje II upisni rok\" \/>\n<meta property=\"og:description\" content=\"Novi Pazar &#8211; Septembarski upisni rok za upis na osnovne akademske studije u akademskoj 2014\/2015 godini na Internacionalnom univerzitetu u Novom Pazaru po\u010dinje u ponedjeljak, 25. avgusta, i predaja dokumentacije traja\u0107e do 12. septembra 2014. godine. Od upisne dokumentacije neophodno je dostaviti: 1. Diplomu i svjedo\u010danstva svih razreda \u010detvorogodi\u0161nje srednje \u0161kole; 2. Izvod iz mati\u010dne [&hellip;]\" \/>\n<meta property=\"og:url\" content=\"https:\/\/sandzakpress.net\/arhiva\/na-internacionalnom-univerzitetu-pocinje-ii-upisni-rok\/\" \/>\n<meta property=\"og:site_name\" content=\"Sand\u017eak PRESS\" \/>\n<meta property=\"article:published_time\" content=\"2014-08-22T14:12:39+00:00\" \/>\n<meta property=\"article:modified_time\" content=\"2014-08-22T14:14:12+00:00\" \/>\n<meta property=\"og:image\" content=\"https:\/\/sandzakpress.net\/arhiva\/wp-content\/uploads\/2014\/08\/058.jpg\" \/>\n\t<meta property=\"og:image:width\" content=\"480\" \/>\n\t<meta property=\"og:image:height\" content=\"360\" \/>\n\t<meta property=\"og:image:type\" content=\"image\/jpeg\" \/>\n<meta name=\"author\" content=\"bosniak\" \/>\n<meta name=\"twitter:card\" content=\"summary_large_image\" \/>\n<meta name=\"twitter:label1\" content=\"Written by\" \/>\n\t<meta name=\"twitter:data1\" content=\"bosniak\" \/>\n\t<meta name=\"twitter:label2\" content=\"Est. reading time\" \/>\n\t<meta name=\"twitter:data2\" content=\"1 minuta\" \/>\n<script type=\"application\/ld+json\" class=\"yoast-schema-graph\">{\"@context\":\"https:\/\/schema.org\",\"@graph\":[{\"@type\":\"Article\",\"@id\":\"https:\/\/sandzakpress.net\/arhiva\/na-internacionalnom-univerzitetu-pocinje-ii-upisni-rok\/#article\",\"isPartOf\":{\"@id\":\"https:\/\/sandzakpress.net\/arhiva\/na-internacionalnom-univerzitetu-pocinje-ii-upisni-rok\/\"},\"author\":{\"name\":\"bosniak\",\"@id\":\"https:\/\/sandzakpress.net\/arhiva\/#\/schema\/person\/c8baee722073534b583ea7bdb2e36c02\"},\"headline\":\"Na Internacionalnom univerzitetu po\u010dinje II upisni rok\",\"datePublished\":\"2014-08-22T14:12:39+00:00\",\"dateModified\":\"2014-08-22T14:14:12+00:00\",\"mainEntityOfPage\":{\"@id\":\"https:\/\/sandzakpress.net\/arhiva\/na-internacionalnom-univerzitetu-pocinje-ii-upisni-rok\/\"},\"wordCount\":130,\"commentCount\":0,\"publisher\":{\"@id\":\"https:\/\/sandzakpress.net\/arhiva\/#\/schema\/person\/6e72b67d6e51910a1117b3b483ba20bd\"},\"image\":{\"@id\":\"https:\/\/sandzakpress.net\/arhiva\/na-internacionalnom-univerzitetu-pocinje-ii-upisni-rok\/#primaryimage\"},\"thumbnailUrl\":\"https:\/\/sandzakpress.net\/arhiva\/wp-content\/uploads\/2014\/08\/058.jpg\",\"keywords\":[\"Internacionalni univerzitet u Novom Pazaru\"],\"articleSection\":[\"Ro\u017eaje\",\"Novi Pazar\",\"Sjenica\",\"Tutin\",\"Prijepolje\",\"Obrazovanje\",\"VIJESTI DANA\"],\"inLanguage\":\"bs-BA\",\"potentialAction\":[{\"@type\":\"CommentAction\",\"name\":\"Comment\",\"target\":[\"https:\/\/sandzakpress.net\/arhiva\/na-internacionalnom-univerzitetu-pocinje-ii-upisni-rok\/#respond\"]}]},{\"@type\":\"WebPage\",\"@id\":\"https:\/\/sandzakpress.net\/arhiva\/na-internacionalnom-univerzitetu-pocinje-ii-upisni-rok\/\",\"url\":\"https:\/\/sandzakpress.net\/arhiva\/na-internacionalnom-univerzitetu-pocinje-ii-upisni-rok\/\",\"name\":\"Na Internacionalnom univerzitetu po\u010dinje II upisni rok\",\"isPartOf\":{\"@id\":\"https:\/\/sandzakpress.net\/arhiva\/#website\"},\"primaryImageOfPage\":{\"@id\":\"https:\/\/sandzakpress.net\/arhiva\/na-internacionalnom-univerzitetu-pocinje-ii-upisni-rok\/#primaryimage\"},\"image\":{\"@id\":\"https:\/\/sandzakpress.net\/arhiva\/na-internacionalnom-univerzitetu-pocinje-ii-upisni-rok\/#primaryimage\"},\"thumbnailUrl\":\"https:\/\/sandzakpress.net\/arhiva\/wp-content\/uploads\/2014\/08\/058.jpg\",\"datePublished\":\"2014-08-22T14:12:39+00:00\",\"dateModified\":\"2014-08-22T14:14:12+00:00\",\"breadcrumb\":{\"@id\":\"https:\/\/sandzakpress.net\/arhiva\/na-internacionalnom-univerzitetu-pocinje-ii-upisni-rok\/#breadcrumb\"},\"inLanguage\":\"bs-BA\",\"potentialAction\":[{\"@type\":\"ReadAction\",\"target\":[\"https:\/\/sandzakpress.net\/arhiva\/na-internacionalnom-univerzitetu-pocinje-ii-upisni-rok\/\"]}]},{\"@type\":\"ImageObject\",\"inLanguage\":\"bs-BA\",\"@id\":\"https:\/\/sandzakpress.net\/arhiva\/na-internacionalnom-univerzitetu-pocinje-ii-upisni-rok\/#primaryimage\",\"url\":\"https:\/\/sandzakpress.net\/arhiva\/wp-content\/uploads\/2014\/08\/058.jpg\",\"contentUrl\":\"https:\/\/sandzakpress.net\/arhiva\/wp-content\/uploads\/2014\/08\/058.jpg\",\"width\":480,\"height\":360},{\"@type\":\"BreadcrumbList\",\"@id\":\"https:\/\/sandzakpress.net\/arhiva\/na-internacionalnom-univerzitetu-pocinje-ii-upisni-rok\/#breadcrumb\",\"itemListElement\":[{\"@type\":\"ListItem\",\"position\":1,\"name\":\"Home\",\"item\":\"https:\/\/sandzakpress.net\/arhiva\/\"},{\"@type\":\"ListItem\",\"position\":2,\"name\":\"Na Internacionalnom univerzitetu po\u010dinje II upisni rok\"}]},{\"@type\":\"WebSite\",\"@id\":\"https:\/\/sandzakpress.net\/arhiva\/#website\",\"url\":\"https:\/\/sandzakpress.net\/arhiva\/\",\"name\":\"Sand\u017eak PRESS\",\"description\":\"Prve elektronske novine u Sand\u017eaku\",\"publisher\":{\"@id\":\"https:\/\/sandzakpress.net\/arhiva\/#\/schema\/person\/6e72b67d6e51910a1117b3b483ba20bd\"},\"potentialAction\":[{\"@type\":\"SearchAction\",\"target\":{\"@type\":\"EntryPoint\",\"urlTemplate\":\"https:\/\/sandzakpress.net\/arhiva\/?s={search_term_string}\"},\"query-input\":{\"@type\":\"PropertyValueSpecification\",\"valueRequired\":true,\"valueName\":\"search_term_string\"}}],\"inLanguage\":\"bs-BA\"},{\"@type\":[\"Person\",\"Organization\"],\"@id\":\"https:\/\/sandzakpress.net\/arhiva\/#\/schema\/person\/6e72b67d6e51910a1117b3b483ba20bd\",\"name\":\"Kul\",\"image\":{\"@type\":\"ImageObject\",\"inLanguage\":\"bs-BA\",\"@id\":\"https:\/\/sandzakpress.net\/arhiva\/#\/schema\/person\/image\/\",\"url\":\"https:\/\/secure.gravatar.com\/avatar\/42263f39aa27ac04c43cab85c280eb2e?s=96&d=mm&r=pg\",\"contentUrl\":\"https:\/\/secure.gravatar.com\/avatar\/42263f39aa27ac04c43cab85c280eb2e?s=96&d=mm&r=pg\",\"caption\":\"Kul\"},\"logo\":{\"@id\":\"https:\/\/sandzakpress.net\/arhiva\/#\/schema\/person\/image\/\"}},{\"@type\":\"Person\",\"@id\":\"https:\/\/sandzakpress.net\/arhiva\/#\/schema\/person\/c8baee722073534b583ea7bdb2e36c02\",\"name\":\"bosniak\",\"image\":{\"@type\":\"ImageObject\",\"inLanguage\":\"bs-BA\",\"@id\":\"https:\/\/sandzakpress.net\/arhiva\/#\/schema\/person\/image\/\",\"url\":\"https:\/\/secure.gravatar.com\/avatar\/a04fd330bfe3a36a72a0ad4a6d89fca7?s=96&d=mm&r=pg\",\"contentUrl\":\"https:\/\/secure.gravatar.com\/avatar\/a04fd330bfe3a36a72a0ad4a6d89fca7?s=96&d=mm&r=pg\",\"caption\":\"bosniak\"},\"url\":\"https:\/\/sandzakpress.net\/arhiva\/author\/bosniak\/\"}]}<\/script>\n<!-- \/ Yoast SEO Premium plugin. -->","yoast_head_json":{"title":"Na Internacionalnom univerzitetu po\u010dinje II upisni rok","robots":{"index":"index","follow":"follow","max-snippet":"max-snippet:-1","max-image-preview":"max-image-preview:large","max-video-preview":"max-video-preview:-1"},"canonical":"https:\/\/sandzakpress.net\/arhiva\/na-internacionalnom-univerzitetu-pocinje-ii-upisni-rok\/","og_locale":"bs_BA","og_type":"article","og_title":"Na Internacionalnom univerzitetu po\u010dinje II upisni rok","og_description":"Novi Pazar &#8211; Septembarski upisni rok za upis na osnovne akademske studije u akademskoj 2014\/2015 godini na Internacionalnom univerzitetu u Novom Pazaru po\u010dinje u ponedjeljak, 25. avgusta, i predaja dokumentacije traja\u0107e do 12. septembra 2014. godine. Od upisne dokumentacije neophodno je dostaviti: 1. Diplomu i svjedo\u010danstva svih razreda \u010detvorogodi\u0161nje srednje \u0161kole; 2. Izvod iz mati\u010dne [&hellip;]","og_url":"https:\/\/sandzakpress.net\/arhiva\/na-internacionalnom-univerzitetu-pocinje-ii-upisni-rok\/","og_site_name":"Sand\u017eak PRESS","article_published_time":"2014-08-22T14:12:39+00:00","article_modified_time":"2014-08-22T14:14:12+00:00","og_image":[{"width":480,"height":360,"url":"https:\/\/sandzakpress.net\/arhiva\/wp-content\/uploads\/2014\/08\/058.jpg","type":"image\/jpeg"}],"author":"bosniak","twitter_card":"summary_large_image","twitter_misc":{"Written by":"bosniak","Est. reading time":"1 minuta"},"schema":{"@context":"https:\/\/schema.org","@graph":[{"@type":"Article","@id":"https:\/\/sandzakpress.net\/arhiva\/na-internacionalnom-univerzitetu-pocinje-ii-upisni-rok\/#article","isPartOf":{"@id":"https:\/\/sandzakpress.net\/arhiva\/na-internacionalnom-univerzitetu-pocinje-ii-upisni-rok\/"},"author":{"name":"bosniak","@id":"https:\/\/sandzakpress.net\/arhiva\/#\/schema\/person\/c8baee722073534b583ea7bdb2e36c02"},"headline":"Na Internacionalnom univerzitetu po\u010dinje II upisni rok","datePublished":"2014-08-22T14:12:39+00:00","dateModified":"2014-08-22T14:14:12+00:00","mainEntityOfPage":{"@id":"https:\/\/sandzakpress.net\/arhiva\/na-internacionalnom-univerzitetu-pocinje-ii-upisni-rok\/"},"wordCount":130,"commentCount":0,"publisher":{"@id":"https:\/\/sandzakpress.net\/arhiva\/#\/schema\/person\/6e72b67d6e51910a1117b3b483ba20bd"},"image":{"@id":"https:\/\/sandzakpress.net\/arhiva\/na-internacionalnom-univerzitetu-pocinje-ii-upisni-rok\/#primaryimage"},"thumbnailUrl":"https:\/\/sandzakpress.net\/arhiva\/wp-content\/uploads\/2014\/08\/058.jpg","keywords":["Internacionalni univerzitet u Novom Pazaru"],"articleSection":["Ro\u017eaje","Novi Pazar","Sjenica","Tutin","Prijepolje","Obrazovanje","VIJESTI DANA"],"inLanguage":"bs-BA","potentialAction":[{"@type":"CommentAction","name":"Comment","target":["https:\/\/sandzakpress.net\/arhiva\/na-internacionalnom-univerzitetu-pocinje-ii-upisni-rok\/#respond"]}]},{"@type":"WebPage","@id":"https:\/\/sandzakpress.net\/arhiva\/na-internacionalnom-univerzitetu-pocinje-ii-upisni-rok\/","url":"https:\/\/sandzakpress.net\/arhiva\/na-internacionalnom-univerzitetu-pocinje-ii-upisni-rok\/","name":"Na Internacionalnom univerzitetu po\u010dinje II upisni rok","isPartOf":{"@id":"https:\/\/sandzakpress.net\/arhiva\/#website"},"primaryImageOfPage":{"@id":"https:\/\/sandzakpress.net\/arhiva\/na-internacionalnom-univerzitetu-pocinje-ii-upisni-rok\/#primaryimage"},"image":{"@id":"https:\/\/sandzakpress.net\/arhiva\/na-internacionalnom-univerzitetu-pocinje-ii-upisni-rok\/#primaryimage"},"thumbnailUrl":"https:\/\/sandzakpress.net\/arhiva\/wp-content\/uploads\/2014\/08\/058.jpg","datePublished":"2014-08-22T14:12:39+00:00","dateModified":"2014-08-22T14:14:12+00:00","breadcrumb":{"@id":"https:\/\/sandzakpress.net\/arhiva\/na-internacionalnom-univerzitetu-pocinje-ii-upisni-rok\/#breadcrumb"},"inLanguage":"bs-BA","potentialAction":[{"@type":"ReadAction","target":["https:\/\/sandzakpress.net\/arhiva\/na-internacionalnom-univerzitetu-pocinje-ii-upisni-rok\/"]}]},{"@type":"ImageObject","inLanguage":"bs-BA","@id":"https:\/\/sandzakpress.net\/arhiva\/na-internacionalnom-univerzitetu-pocinje-ii-upisni-rok\/#primaryimage","url":"https:\/\/sandzakpress.net\/arhiva\/wp-content\/uploads\/2014\/08\/058.jpg","contentUrl":"https:\/\/sandzakpress.net\/arhiva\/wp-content\/uploads\/2014\/08\/058.jpg","width":480,"height":360},{"@type":"BreadcrumbList","@id":"https:\/\/sandzakpress.net\/arhiva\/na-internacionalnom-univerzitetu-pocinje-ii-upisni-rok\/#breadcrumb","itemListElement":[{"@type":"ListItem","position":1,"name":"Home","item":"https:\/\/sandzakpress.net\/arhiva\/"},{"@type":"ListItem","position":2,"name":"Na Internacionalnom univerzitetu po\u010dinje II upisni rok"}]},{"@type":"WebSite","@id":"https:\/\/sandzakpress.net\/arhiva\/#website","url":"https:\/\/sandzakpress.net\/arhiva\/","name":"Sand\u017eak PRESS","description":"Prve elektronske novine u Sand\u017eaku","publisher":{"@id":"https:\/\/sandzakpress.net\/arhiva\/#\/schema\/person\/6e72b67d6e51910a1117b3b483ba20bd"},"potentialAction":[{"@type":"SearchAction","target":{"@type":"EntryPoint","urlTemplate":"https:\/\/sandzakpress.net\/arhiva\/?s={search_term_string}"},"query-input":{"@type":"PropertyValueSpecification","valueRequired":true,"valueName":"search_term_string"}}],"inLanguage":"bs-BA"},{"@type":["Person","Organization"],"@id":"https:\/\/sandzakpress.net\/arhiva\/#\/schema\/person\/6e72b67d6e51910a1117b3b483ba20bd","name":"Kul","image":{"@type":"ImageObject","inLanguage":"bs-BA","@id":"https:\/\/sandzakpress.net\/arhiva\/#\/schema\/person\/image\/","url":"https:\/\/secure.gravatar.com\/avatar\/42263f39aa27ac04c43cab85c280eb2e?s=96&d=mm&r=pg","contentUrl":"https:\/\/secure.gravatar.com\/avatar\/42263f39aa27ac04c43cab85c280eb2e?s=96&d=mm&r=pg","caption":"Kul"},"logo":{"@id":"https:\/\/sandzakpress.net\/arhiva\/#\/schema\/person\/image\/"}},{"@type":"Person","@id":"https:\/\/sandzakpress.net\/arhiva\/#\/schema\/person\/c8baee722073534b583ea7bdb2e36c02","name":"bosniak","image":{"@type":"ImageObject","inLanguage":"bs-BA","@id":"https:\/\/sandzakpress.net\/arhiva\/#\/schema\/person\/image\/","url":"https:\/\/secure.gravatar.com\/avatar\/a04fd330bfe3a36a72a0ad4a6d89fca7?s=96&d=mm&r=pg","contentUrl":"https:\/\/secure.gravatar.com\/avatar\/a04fd330bfe3a36a72a0ad4a6d89fca7?s=96&d=mm&r=pg","caption":"bosniak"},"url":"https:\/\/sandzakpress.net\/arhiva\/author\/bosniak\/"}]}},"_links":{"self":[{"href":"https:\/\/sandzakpress.net\/arhiva\/wp-json\/wp\/v2\/posts\/110742"}],"collection":[{"href":"https:\/\/sandzakpress.net\/arhiva\/wp-json\/wp\/v2\/posts"}],"about":[{"href":"https:\/\/sandzakpress.net\/arhiva\/wp-json\/wp\/v2\/types\/post"}],"author":[{"embeddable":true,"href":"https:\/\/sandzakpress.net\/arhiva\/wp-json\/wp\/v2\/users\/83"}],"replies":[{"embeddable":true,"href":"https:\/\/sandzakpress.net\/arhiva\/wp-json\/wp\/v2\/comments?post=110742"}],"version-history":[{"count":0,"href":"https:\/\/sandzakpress.net\/arhiva\/wp-json\/wp\/v2\/posts\/110742\/revisions"}],"wp:featuredmedia":[{"embeddable":true,"href":"https:\/\/sandzakpress.net\/arhiva\/wp-json\/wp\/v2\/media\/110743"}],"wp:attachment":[{"href":"https:\/\/sandzakpress.net\/arhiva\/wp-json\/wp\/v2\/media?parent=110742"}],"wp:term":[{"taxonomy":"category","embeddable":true,"href":"https:\/\/sandzakpress.net\/arhiva\/wp-json\/wp\/v2\/categories?post=110742"},{"taxonomy":"post_tag","embeddable":true,"href":"https:\/\/sandzakpress.net\/arhiva\/wp-json\/wp\/v2\/tags?post=110742"}],"curies":[{"name":"wp","href":"https:\/\/api.w.org\/{rel}","templated":true}]}}