{"id":110542,"date":"2016-11-17T09:00:02","date_gmt":"2016-11-17T08:00:02","guid":{"rendered":"https:\/\/sandzakpress.net\/arhiva\/?p=110542"},"modified":"2018-05-21T23:35:51","modified_gmt":"2018-05-21T21:35:51","slug":"dom-kulture-se-nalazi-na-vakufu-ejub-begove-dzamije-a-setaliste-na-vakufu-kolo-dzamije","status":"publish","type":"post","link":"https:\/\/sandzakpress.net\/arhiva\/dom-kulture-se-nalazi-na-vakufu-ejub-begove-dzamije-a-setaliste-na-vakufu-kolo-dzamije\/","title":{"rendered":"Dom Kulture se nalazi na vakufu Ejub-begove d\u017eamije a setali\u0161te na vakufu Kolo d\u017eamije"},"content":{"rendered":"<p><img loading=\"lazy\" decoding=\"async\" class=\"aligncenter size-full wp-image-110543\" src=\"https:\/\/sandzakpress.net\/arhiva\/wp-content\/uploads\/2014\/08\/Capture19.jpg\" alt=\"Capture\" width=\"792\" height=\"408\" srcset=\"https:\/\/sandzakpress.net\/arhiva\/wp-content\/uploads\/2014\/08\/Capture19.jpg 792w, https:\/\/sandzakpress.net\/arhiva\/wp-content\/uploads\/2014\/08\/Capture19-616x317.jpg 616w\" sizes=\"(max-width: 792px) 100vw, 792px\" \/><\/p>\n<p><strong><em>Novi Pazar &#8211; Kako se kalio Sand\u017eak? Ko je gradio a ko ru\u0161io historiju? Kome su smetale d\u017eamije?<\/em><\/strong><\/p>\n<p>Sand\u017eak, bolno ime za mnoge. Poznat po posebnoj arhitekturi, posebnim ljudima i posebnoj kulturi. Velikani koji su branili d\u017eamije od komunista koji su ih bez imalo milosti ru\u0161ili, ni danas ne mogu biti ponosni. Na istim mjestima nisu sagradjene nove.<\/p>\n<p>Madem i Sinan ili Ejup-begova d\u017eamija u Novom Pazaru, simbol grada u XVI vijeku, sru\u0161ena je 1959.godine. Komunisti su mislili da historija po\u010dinje sa njima pa su nemilosrdno ru\u0161ili ono \u0161to su stolje\u0107ima stvarala carstva koja su smatrana demokrati\u010dnijim i kulturnijim od njihovog re\u017eima.\u00a0 Na mjestu gdje je nekada bila jedna od najljep\u0161ih d\u017eamija u to vrijeme u Novom Pazaru , danas se nalazi Dom Kulture. \u00a0Isiti slu\u010daj i sa \u010duvenom Kolo d\u017eamijom , koja se nalazila \u00a0koju je izgradio Kapud\u017ei-ba\u0161a Hamza i pored nje 25 trgovki \u010diji je godi\u0161nji prihod od zakupa iznosio 2.236.ak\u010di. Na obnavljanju d\u017eamije ra\u0111eno je 1571 godine. Vakufska fondacija\u00a0 krajem XVI . stolje\u0107a raspolagala je sumom od 50.000 ak\u010di.<\/p>\n<p><img loading=\"lazy\" decoding=\"async\" class=\"aligncenter size-full wp-image-110545\" src=\"https:\/\/sandzakpress.net\/arhiva\/wp-content\/uploads\/2014\/08\/Isabegovadzamija21.jpg\" alt=\"Isabegovadzamija2\" width=\"600\" height=\"303\" \/><\/p>\n<p><strong><em>\u010cijom inicijativom se na tim temeljima danas nalazi \u0161etali\u0161te?<\/em><\/strong><\/p>\n<p>Me\u0161ihat Islamske zajednice u Srbiji podnio je zahtjev Direkciji za restituciju za vra\u0107anje vakufske imovine.\u00a0 Zahtjev obuhvata i vra\u0107anje Ejup begove d\u017eamije.<\/p>\n<p>\u201e Razlog koji je tada navodno istaknut zbog \u010dega se ru\u0161i ova d\u017eamija, jeste urbanisti\u010dko ure\u0111enje grada. Kolo d\u017eamija, nekada najve\u0107a d\u017eamija u Novom Pazaru u tom periodu,\u00a0 nalazila na mjestu gdje se seku ulice \u0160abana Ko\u010de i 28. Novembra \u201c, isti\u010de sekretar Me\u0161ihata Islamske zajednice u Srbiji, Ferid Buli\u0107.<\/p>\n<p>Dopis smo poslali i Gradskoj upravi Novi Pazar, kako bismo dobili konkretnije informacije o dozvoli za izgradnju Doma kulture, ali povratnu informaciju nismo dobili. Po svemu sude\u0107i ovo je bolno pitanje za one koji strahuju od povratka vakufske imovine.<\/p>\n<p>Buli\u0107 smatra da vlast u Novom Pazaru idalje nije zainteresovana za povra\u0107aj vakufske imovine Islamskoj zajednici. Podvla\u010di, da tu imovinu niko ne mo\u017ee otu\u0111iti.<\/p>\n<div class=\"youtube-embed\" data-video_id=\"O9rdeIjTxio\"><iframe loading=\"lazy\" title=\"Poru\u0161ene d\u017eamije u Novom Pazaru\" width=\"696\" height=\"522\" src=\"https:\/\/www.youtube.com\/embed\/O9rdeIjTxio?feature=oembed&#038;enablejsapi=1\" frameborder=\"0\" allow=\"accelerometer; autoplay; encrypted-media; gyroscope; picture-in-picture\" allowfullscreen><\/iframe><\/div>\n<p>Pedeset d\u017eamija samo u Novom Pazaru. Da li je za Sand\u017eaklije dovoljno?<\/p>\n<p>Gra\u0111ani slo\u017eni. Postoje\u0107e vjerske objekte treba \u010duvati a na podizanju novih aktivno trebaju svi raditi.<\/p>\n<p>Mnogi nisu zaboravili, idalje se sje\u0107aju.\u00a0 Kroz historiju i autorska djela \u017eele probuditi svijest naroda. Kako povratiti izgubljeno? Prema informacijama do kojih je do\u0161la agencija SANA, Ejup Begova i Kolo d\u017eamija samo su jedne od mnogih poru\u0161enih d\u017eamija u Sand\u017eaku, na \u010dijim su temeljima izgra\u0111ene dr\u017eavne institucija.<\/p>\n<p>SANA &#8211; Meka De\u010dkovi\u0107<\/p>\n","protected":false},"excerpt":{"rendered":"<p>Vakat je i ovi vakufi da se vrate Islamskoj zajednici &#8230;<\/p>\n","protected":false},"author":83,"featured_media":110543,"comment_status":"open","ping_status":"open","sticky":false,"template":"","format":"standard","meta":{"footnotes":""},"categories":[72,800,8957],"tags":[10248],"class_list":{"0":"post-110542","1":"post","2":"type-post","3":"status-publish","4":"format-standard","5":"has-post-thumbnail","7":"category-novi-pazar","8":"category-nacija","9":"category-vijesti-dana","10":"tag-gradska-uprava-novi-pazar"},"yoast_head":"<!-- This site is optimized with the Yoast SEO Premium plugin v23.1 (Yoast SEO v24.9) - https:\/\/yoast.com\/wordpress\/plugins\/seo\/ -->\n<title>Dom Kulture se nalazi na vakufu Ejub-begove d\u017eamije a setali\u0161te na vakufu Kolo d\u017eamije<\/title>\n<meta name=\"robots\" content=\"index, follow, max-snippet:-1, max-image-preview:large, max-video-preview:-1\" \/>\n<link rel=\"canonical\" href=\"https:\/\/sandzakpress.net\/arhiva\/dom-kulture-se-nalazi-na-vakufu-ejub-begove-dzamije-a-setaliste-na-vakufu-kolo-dzamije\/\" \/>\n<meta property=\"og:locale\" content=\"bs_BA\" \/>\n<meta property=\"og:type\" content=\"article\" \/>\n<meta property=\"og:title\" content=\"Dom Kulture se nalazi na vakufu Ejub-begove d\u017eamije a setali\u0161te na vakufu Kolo d\u017eamije\" \/>\n<meta property=\"og:description\" content=\"Vakat je i ovi vakufi da se vrate Islamskoj zajednici ...\" \/>\n<meta property=\"og:url\" content=\"https:\/\/sandzakpress.net\/arhiva\/dom-kulture-se-nalazi-na-vakufu-ejub-begove-dzamije-a-setaliste-na-vakufu-kolo-dzamije\/\" \/>\n<meta property=\"og:site_name\" content=\"Sand\u017eak PRESS\" \/>\n<meta property=\"article:published_time\" content=\"2016-11-17T08:00:02+00:00\" \/>\n<meta property=\"article:modified_time\" content=\"2018-05-21T21:35:51+00:00\" \/>\n<meta property=\"og:image\" content=\"https:\/\/sandzakpress.net\/arhiva\/wp-content\/uploads\/2014\/08\/Capture19.jpg\" \/>\n\t<meta property=\"og:image:width\" content=\"792\" \/>\n\t<meta property=\"og:image:height\" content=\"408\" \/>\n\t<meta property=\"og:image:type\" content=\"image\/jpeg\" \/>\n<meta name=\"author\" content=\"bosniak\" \/>\n<meta name=\"twitter:card\" content=\"summary_large_image\" \/>\n<meta name=\"twitter:label1\" content=\"Written by\" \/>\n\t<meta name=\"twitter:data1\" content=\"bosniak\" \/>\n\t<meta name=\"twitter:label2\" content=\"Est. reading time\" \/>\n\t<meta name=\"twitter:data2\" content=\"2 minute\" \/>\n<script type=\"application\/ld+json\" class=\"yoast-schema-graph\">{\"@context\":\"https:\/\/schema.org\",\"@graph\":[{\"@type\":\"Article\",\"@id\":\"https:\/\/sandzakpress.net\/arhiva\/dom-kulture-se-nalazi-na-vakufu-ejub-begove-dzamije-a-setaliste-na-vakufu-kolo-dzamije\/#article\",\"isPartOf\":{\"@id\":\"https:\/\/sandzakpress.net\/arhiva\/dom-kulture-se-nalazi-na-vakufu-ejub-begove-dzamije-a-setaliste-na-vakufu-kolo-dzamije\/\"},\"author\":{\"name\":\"bosniak\",\"@id\":\"https:\/\/sandzakpress.net\/arhiva\/#\/schema\/person\/c8baee722073534b583ea7bdb2e36c02\"},\"headline\":\"Dom Kulture se nalazi na vakufu Ejub-begove d\u017eamije a setali\u0161te na vakufu Kolo d\u017eamije\",\"datePublished\":\"2016-11-17T08:00:02+00:00\",\"dateModified\":\"2018-05-21T21:35:51+00:00\",\"mainEntityOfPage\":{\"@id\":\"https:\/\/sandzakpress.net\/arhiva\/dom-kulture-se-nalazi-na-vakufu-ejub-begove-dzamije-a-setaliste-na-vakufu-kolo-dzamije\/\"},\"wordCount\":469,\"commentCount\":39,\"publisher\":{\"@id\":\"https:\/\/sandzakpress.net\/arhiva\/#\/schema\/person\/6e72b67d6e51910a1117b3b483ba20bd\"},\"image\":{\"@id\":\"https:\/\/sandzakpress.net\/arhiva\/dom-kulture-se-nalazi-na-vakufu-ejub-begove-dzamije-a-setaliste-na-vakufu-kolo-dzamije\/#primaryimage\"},\"thumbnailUrl\":\"https:\/\/sandzakpress.net\/arhiva\/wp-content\/uploads\/2014\/08\/Capture19.jpg\",\"keywords\":[\"Vlast u Novom Pazaru\"],\"articleSection\":[\"Novi Pazar\",\"Nacija\",\"VIJESTI DANA\"],\"inLanguage\":\"bs-BA\",\"potentialAction\":[{\"@type\":\"CommentAction\",\"name\":\"Comment\",\"target\":[\"https:\/\/sandzakpress.net\/arhiva\/dom-kulture-se-nalazi-na-vakufu-ejub-begove-dzamije-a-setaliste-na-vakufu-kolo-dzamije\/#respond\"]}]},{\"@type\":\"WebPage\",\"@id\":\"https:\/\/sandzakpress.net\/arhiva\/dom-kulture-se-nalazi-na-vakufu-ejub-begove-dzamije-a-setaliste-na-vakufu-kolo-dzamije\/\",\"url\":\"https:\/\/sandzakpress.net\/arhiva\/dom-kulture-se-nalazi-na-vakufu-ejub-begove-dzamije-a-setaliste-na-vakufu-kolo-dzamije\/\",\"name\":\"Dom Kulture se nalazi na vakufu Ejub-begove d\u017eamije a setali\u0161te na vakufu Kolo d\u017eamije\",\"isPartOf\":{\"@id\":\"https:\/\/sandzakpress.net\/arhiva\/#website\"},\"primaryImageOfPage\":{\"@id\":\"https:\/\/sandzakpress.net\/arhiva\/dom-kulture-se-nalazi-na-vakufu-ejub-begove-dzamije-a-setaliste-na-vakufu-kolo-dzamije\/#primaryimage\"},\"image\":{\"@id\":\"https:\/\/sandzakpress.net\/arhiva\/dom-kulture-se-nalazi-na-vakufu-ejub-begove-dzamije-a-setaliste-na-vakufu-kolo-dzamije\/#primaryimage\"},\"thumbnailUrl\":\"https:\/\/sandzakpress.net\/arhiva\/wp-content\/uploads\/2014\/08\/Capture19.jpg\",\"datePublished\":\"2016-11-17T08:00:02+00:00\",\"dateModified\":\"2018-05-21T21:35:51+00:00\",\"breadcrumb\":{\"@id\":\"https:\/\/sandzakpress.net\/arhiva\/dom-kulture-se-nalazi-na-vakufu-ejub-begove-dzamije-a-setaliste-na-vakufu-kolo-dzamije\/#breadcrumb\"},\"inLanguage\":\"bs-BA\",\"potentialAction\":[{\"@type\":\"ReadAction\",\"target\":[\"https:\/\/sandzakpress.net\/arhiva\/dom-kulture-se-nalazi-na-vakufu-ejub-begove-dzamije-a-setaliste-na-vakufu-kolo-dzamije\/\"]}]},{\"@type\":\"ImageObject\",\"inLanguage\":\"bs-BA\",\"@id\":\"https:\/\/sandzakpress.net\/arhiva\/dom-kulture-se-nalazi-na-vakufu-ejub-begove-dzamije-a-setaliste-na-vakufu-kolo-dzamije\/#primaryimage\",\"url\":\"https:\/\/sandzakpress.net\/arhiva\/wp-content\/uploads\/2014\/08\/Capture19.jpg\",\"contentUrl\":\"https:\/\/sandzakpress.net\/arhiva\/wp-content\/uploads\/2014\/08\/Capture19.jpg\",\"width\":792,\"height\":408},{\"@type\":\"BreadcrumbList\",\"@id\":\"https:\/\/sandzakpress.net\/arhiva\/dom-kulture-se-nalazi-na-vakufu-ejub-begove-dzamije-a-setaliste-na-vakufu-kolo-dzamije\/#breadcrumb\",\"itemListElement\":[{\"@type\":\"ListItem\",\"position\":1,\"name\":\"Home\",\"item\":\"https:\/\/sandzakpress.net\/arhiva\/\"},{\"@type\":\"ListItem\",\"position\":2,\"name\":\"Dom Kulture se nalazi na vakufu Ejub-begove d\u017eamije a setali\u0161te na vakufu Kolo d\u017eamije\"}]},{\"@type\":\"WebSite\",\"@id\":\"https:\/\/sandzakpress.net\/arhiva\/#website\",\"url\":\"https:\/\/sandzakpress.net\/arhiva\/\",\"name\":\"Sand\u017eak PRESS\",\"description\":\"Prve elektronske novine u Sand\u017eaku\",\"publisher\":{\"@id\":\"https:\/\/sandzakpress.net\/arhiva\/#\/schema\/person\/6e72b67d6e51910a1117b3b483ba20bd\"},\"potentialAction\":[{\"@type\":\"SearchAction\",\"target\":{\"@type\":\"EntryPoint\",\"urlTemplate\":\"https:\/\/sandzakpress.net\/arhiva\/?s={search_term_string}\"},\"query-input\":{\"@type\":\"PropertyValueSpecification\",\"valueRequired\":true,\"valueName\":\"search_term_string\"}}],\"inLanguage\":\"bs-BA\"},{\"@type\":[\"Person\",\"Organization\"],\"@id\":\"https:\/\/sandzakpress.net\/arhiva\/#\/schema\/person\/6e72b67d6e51910a1117b3b483ba20bd\",\"name\":\"Kul\",\"image\":{\"@type\":\"ImageObject\",\"inLanguage\":\"bs-BA\",\"@id\":\"https:\/\/sandzakpress.net\/arhiva\/#\/schema\/person\/image\/\",\"url\":\"https:\/\/secure.gravatar.com\/avatar\/42263f39aa27ac04c43cab85c280eb2e?s=96&d=mm&r=pg\",\"contentUrl\":\"https:\/\/secure.gravatar.com\/avatar\/42263f39aa27ac04c43cab85c280eb2e?s=96&d=mm&r=pg\",\"caption\":\"Kul\"},\"logo\":{\"@id\":\"https:\/\/sandzakpress.net\/arhiva\/#\/schema\/person\/image\/\"}},{\"@type\":\"Person\",\"@id\":\"https:\/\/sandzakpress.net\/arhiva\/#\/schema\/person\/c8baee722073534b583ea7bdb2e36c02\",\"name\":\"bosniak\",\"image\":{\"@type\":\"ImageObject\",\"inLanguage\":\"bs-BA\",\"@id\":\"https:\/\/sandzakpress.net\/arhiva\/#\/schema\/person\/image\/\",\"url\":\"https:\/\/secure.gravatar.com\/avatar\/a04fd330bfe3a36a72a0ad4a6d89fca7?s=96&d=mm&r=pg\",\"contentUrl\":\"https:\/\/secure.gravatar.com\/avatar\/a04fd330bfe3a36a72a0ad4a6d89fca7?s=96&d=mm&r=pg\",\"caption\":\"bosniak\"},\"url\":\"https:\/\/sandzakpress.net\/arhiva\/author\/bosniak\/\"}]}<\/script>\n<!-- \/ Yoast SEO Premium plugin. -->","yoast_head_json":{"title":"Dom Kulture se nalazi na vakufu Ejub-begove d\u017eamije a setali\u0161te na vakufu Kolo d\u017eamije","robots":{"index":"index","follow":"follow","max-snippet":"max-snippet:-1","max-image-preview":"max-image-preview:large","max-video-preview":"max-video-preview:-1"},"canonical":"https:\/\/sandzakpress.net\/arhiva\/dom-kulture-se-nalazi-na-vakufu-ejub-begove-dzamije-a-setaliste-na-vakufu-kolo-dzamije\/","og_locale":"bs_BA","og_type":"article","og_title":"Dom Kulture se nalazi na vakufu Ejub-begove d\u017eamije a setali\u0161te na vakufu Kolo d\u017eamije","og_description":"Vakat je i ovi vakufi da se vrate Islamskoj zajednici ...","og_url":"https:\/\/sandzakpress.net\/arhiva\/dom-kulture-se-nalazi-na-vakufu-ejub-begove-dzamije-a-setaliste-na-vakufu-kolo-dzamije\/","og_site_name":"Sand\u017eak PRESS","article_published_time":"2016-11-17T08:00:02+00:00","article_modified_time":"2018-05-21T21:35:51+00:00","og_image":[{"width":792,"height":408,"url":"https:\/\/sandzakpress.net\/arhiva\/wp-content\/uploads\/2014\/08\/Capture19.jpg","type":"image\/jpeg"}],"author":"bosniak","twitter_card":"summary_large_image","twitter_misc":{"Written by":"bosniak","Est. reading time":"2 minute"},"schema":{"@context":"https:\/\/schema.org","@graph":[{"@type":"Article","@id":"https:\/\/sandzakpress.net\/arhiva\/dom-kulture-se-nalazi-na-vakufu-ejub-begove-dzamije-a-setaliste-na-vakufu-kolo-dzamije\/#article","isPartOf":{"@id":"https:\/\/sandzakpress.net\/arhiva\/dom-kulture-se-nalazi-na-vakufu-ejub-begove-dzamije-a-setaliste-na-vakufu-kolo-dzamije\/"},"author":{"name":"bosniak","@id":"https:\/\/sandzakpress.net\/arhiva\/#\/schema\/person\/c8baee722073534b583ea7bdb2e36c02"},"headline":"Dom Kulture se nalazi na vakufu Ejub-begove d\u017eamije a setali\u0161te na vakufu Kolo d\u017eamije","datePublished":"2016-11-17T08:00:02+00:00","dateModified":"2018-05-21T21:35:51+00:00","mainEntityOfPage":{"@id":"https:\/\/sandzakpress.net\/arhiva\/dom-kulture-se-nalazi-na-vakufu-ejub-begove-dzamije-a-setaliste-na-vakufu-kolo-dzamije\/"},"wordCount":469,"commentCount":39,"publisher":{"@id":"https:\/\/sandzakpress.net\/arhiva\/#\/schema\/person\/6e72b67d6e51910a1117b3b483ba20bd"},"image":{"@id":"https:\/\/sandzakpress.net\/arhiva\/dom-kulture-se-nalazi-na-vakufu-ejub-begove-dzamije-a-setaliste-na-vakufu-kolo-dzamije\/#primaryimage"},"thumbnailUrl":"https:\/\/sandzakpress.net\/arhiva\/wp-content\/uploads\/2014\/08\/Capture19.jpg","keywords":["Vlast u Novom Pazaru"],"articleSection":["Novi Pazar","Nacija","VIJESTI DANA"],"inLanguage":"bs-BA","potentialAction":[{"@type":"CommentAction","name":"Comment","target":["https:\/\/sandzakpress.net\/arhiva\/dom-kulture-se-nalazi-na-vakufu-ejub-begove-dzamije-a-setaliste-na-vakufu-kolo-dzamije\/#respond"]}]},{"@type":"WebPage","@id":"https:\/\/sandzakpress.net\/arhiva\/dom-kulture-se-nalazi-na-vakufu-ejub-begove-dzamije-a-setaliste-na-vakufu-kolo-dzamije\/","url":"https:\/\/sandzakpress.net\/arhiva\/dom-kulture-se-nalazi-na-vakufu-ejub-begove-dzamije-a-setaliste-na-vakufu-kolo-dzamije\/","name":"Dom Kulture se nalazi na vakufu Ejub-begove d\u017eamije a setali\u0161te na vakufu Kolo d\u017eamije","isPartOf":{"@id":"https:\/\/sandzakpress.net\/arhiva\/#website"},"primaryImageOfPage":{"@id":"https:\/\/sandzakpress.net\/arhiva\/dom-kulture-se-nalazi-na-vakufu-ejub-begove-dzamije-a-setaliste-na-vakufu-kolo-dzamije\/#primaryimage"},"image":{"@id":"https:\/\/sandzakpress.net\/arhiva\/dom-kulture-se-nalazi-na-vakufu-ejub-begove-dzamije-a-setaliste-na-vakufu-kolo-dzamije\/#primaryimage"},"thumbnailUrl":"https:\/\/sandzakpress.net\/arhiva\/wp-content\/uploads\/2014\/08\/Capture19.jpg","datePublished":"2016-11-17T08:00:02+00:00","dateModified":"2018-05-21T21:35:51+00:00","breadcrumb":{"@id":"https:\/\/sandzakpress.net\/arhiva\/dom-kulture-se-nalazi-na-vakufu-ejub-begove-dzamije-a-setaliste-na-vakufu-kolo-dzamije\/#breadcrumb"},"inLanguage":"bs-BA","potentialAction":[{"@type":"ReadAction","target":["https:\/\/sandzakpress.net\/arhiva\/dom-kulture-se-nalazi-na-vakufu-ejub-begove-dzamije-a-setaliste-na-vakufu-kolo-dzamije\/"]}]},{"@type":"ImageObject","inLanguage":"bs-BA","@id":"https:\/\/sandzakpress.net\/arhiva\/dom-kulture-se-nalazi-na-vakufu-ejub-begove-dzamije-a-setaliste-na-vakufu-kolo-dzamije\/#primaryimage","url":"https:\/\/sandzakpress.net\/arhiva\/wp-content\/uploads\/2014\/08\/Capture19.jpg","contentUrl":"https:\/\/sandzakpress.net\/arhiva\/wp-content\/uploads\/2014\/08\/Capture19.jpg","width":792,"height":408},{"@type":"BreadcrumbList","@id":"https:\/\/sandzakpress.net\/arhiva\/dom-kulture-se-nalazi-na-vakufu-ejub-begove-dzamije-a-setaliste-na-vakufu-kolo-dzamije\/#breadcrumb","itemListElement":[{"@type":"ListItem","position":1,"name":"Home","item":"https:\/\/sandzakpress.net\/arhiva\/"},{"@type":"ListItem","position":2,"name":"Dom Kulture se nalazi na vakufu Ejub-begove d\u017eamije a setali\u0161te na vakufu Kolo d\u017eamije"}]},{"@type":"WebSite","@id":"https:\/\/sandzakpress.net\/arhiva\/#website","url":"https:\/\/sandzakpress.net\/arhiva\/","name":"Sand\u017eak PRESS","description":"Prve elektronske novine u Sand\u017eaku","publisher":{"@id":"https:\/\/sandzakpress.net\/arhiva\/#\/schema\/person\/6e72b67d6e51910a1117b3b483ba20bd"},"potentialAction":[{"@type":"SearchAction","target":{"@type":"EntryPoint","urlTemplate":"https:\/\/sandzakpress.net\/arhiva\/?s={search_term_string}"},"query-input":{"@type":"PropertyValueSpecification","valueRequired":true,"valueName":"search_term_string"}}],"inLanguage":"bs-BA"},{"@type":["Person","Organization"],"@id":"https:\/\/sandzakpress.net\/arhiva\/#\/schema\/person\/6e72b67d6e51910a1117b3b483ba20bd","name":"Kul","image":{"@type":"ImageObject","inLanguage":"bs-BA","@id":"https:\/\/sandzakpress.net\/arhiva\/#\/schema\/person\/image\/","url":"https:\/\/secure.gravatar.com\/avatar\/42263f39aa27ac04c43cab85c280eb2e?s=96&d=mm&r=pg","contentUrl":"https:\/\/secure.gravatar.com\/avatar\/42263f39aa27ac04c43cab85c280eb2e?s=96&d=mm&r=pg","caption":"Kul"},"logo":{"@id":"https:\/\/sandzakpress.net\/arhiva\/#\/schema\/person\/image\/"}},{"@type":"Person","@id":"https:\/\/sandzakpress.net\/arhiva\/#\/schema\/person\/c8baee722073534b583ea7bdb2e36c02","name":"bosniak","image":{"@type":"ImageObject","inLanguage":"bs-BA","@id":"https:\/\/sandzakpress.net\/arhiva\/#\/schema\/person\/image\/","url":"https:\/\/secure.gravatar.com\/avatar\/a04fd330bfe3a36a72a0ad4a6d89fca7?s=96&d=mm&r=pg","contentUrl":"https:\/\/secure.gravatar.com\/avatar\/a04fd330bfe3a36a72a0ad4a6d89fca7?s=96&d=mm&r=pg","caption":"bosniak"},"url":"https:\/\/sandzakpress.net\/arhiva\/author\/bosniak\/"}]}},"_links":{"self":[{"href":"https:\/\/sandzakpress.net\/arhiva\/wp-json\/wp\/v2\/posts\/110542"}],"collection":[{"href":"https:\/\/sandzakpress.net\/arhiva\/wp-json\/wp\/v2\/posts"}],"about":[{"href":"https:\/\/sandzakpress.net\/arhiva\/wp-json\/wp\/v2\/types\/post"}],"author":[{"embeddable":true,"href":"https:\/\/sandzakpress.net\/arhiva\/wp-json\/wp\/v2\/users\/83"}],"replies":[{"embeddable":true,"href":"https:\/\/sandzakpress.net\/arhiva\/wp-json\/wp\/v2\/comments?post=110542"}],"version-history":[{"count":0,"href":"https:\/\/sandzakpress.net\/arhiva\/wp-json\/wp\/v2\/posts\/110542\/revisions"}],"wp:featuredmedia":[{"embeddable":true,"href":"https:\/\/sandzakpress.net\/arhiva\/wp-json\/wp\/v2\/media\/110543"}],"wp:attachment":[{"href":"https:\/\/sandzakpress.net\/arhiva\/wp-json\/wp\/v2\/media?parent=110542"}],"wp:term":[{"taxonomy":"category","embeddable":true,"href":"https:\/\/sandzakpress.net\/arhiva\/wp-json\/wp\/v2\/categories?post=110542"},{"taxonomy":"post_tag","embeddable":true,"href":"https:\/\/sandzakpress.net\/arhiva\/wp-json\/wp\/v2\/tags?post=110542"}],"curies":[{"name":"wp","href":"https:\/\/api.w.org\/{rel}","templated":true}]}}