{"id":110540,"date":"2014-08-17T12:03:25","date_gmt":"2014-08-17T10:03:25","guid":{"rendered":"https:\/\/sandzakpress.net\/arhiva\/?p=110540"},"modified":"2014-08-17T12:03:25","modified_gmt":"2014-08-17T10:03:25","slug":"da-li-ce-zakon-srbije-tretirati-na-isti-nacin-cetnike-iz-ukrajine-i-mudzahedine-sa-bliskog-istoka","status":"publish","type":"post","link":"https:\/\/sandzakpress.net\/arhiva\/da-li-ce-zakon-srbije-tretirati-na-isti-nacin-cetnike-iz-ukrajine-i-mudzahedine-sa-bliskog-istoka\/","title":{"rendered":"Da li \u0107e zakon Srbije tretirati na isti na\u010din \u010detnike iz Ukrajine i mud\u017eahedine sa Bliskog Istoka?"},"content":{"rendered":"<p><img loading=\"lazy\" decoding=\"async\" class=\"aligncenter size-full wp-image-110541\" src=\"https:\/\/sandzakpress.net\/arhiva\/wp-content\/uploads\/2014\/08\/cetnici_sevastopol_645663S0.jpg\" alt=\"Nemiri u Ukrajini 080314\" width=\"1600\" height=\"622\" srcset=\"https:\/\/sandzakpress.net\/arhiva\/wp-content\/uploads\/2014\/08\/cetnici_sevastopol_645663S0.jpg 1600w, https:\/\/sandzakpress.net\/arhiva\/wp-content\/uploads\/2014\/08\/cetnici_sevastopol_645663S0-616x239.jpg 616w, https:\/\/sandzakpress.net\/arhiva\/wp-content\/uploads\/2014\/08\/cetnici_sevastopol_645663S0-1400x544.jpg 1400w\" sizes=\"(max-width: 1600px) 100vw, 1600px\" \/><\/p>\n<p><strong>Sand\u017eak &#8211; Koliko je mladosti na stranim rati\u0161tima, posebno u Siriji I Iraku niko ne zna. Postojanje zakona ograni\u010dilo je djelovanje ovda\u0161njih sigurnosnih slu\u017ebi. Na\u017ealost, znamo tek kad se pojave smrtovnice.<\/strong><\/p>\n<p>U Bosni I Hercegovini usvojen zakon prema kojem se ka\u017enjava odlazak na rati\u0161ta, kao I organizatori odlazaka. U Srbiji najavljene zakonske izmjene. Razliku ne\u0107e praviti. Predvi\u0111ena kazna je do 12 godina zatvora. Tako ka\u017ee politi\u010dar Rasim Ljaji\u0107. \u010cinjenica je da ljudi odlaze iz religijskih i politi\u010dkih razloga, kao I da su to ina\u010de ljudi koji su slabog imovinstog stanja.<\/p>\n<p>Gra\u0111ani Novog Pazara izbjegavaju govoriti o ovoj osjetljivoj temi. Da komentiraju ipak se odlu\u010duju stariji, s\u2019 obzirom na, kako ka\u017eu, \u017eivotna iskustva.<\/p>\n<p>Dr\u017eava jo\u0161 nema zakon, sigurnosne slu\u017ebe bez njeg\u2019 ne mogu funkcionirati, s\u2019 toga ostaju apeli I mi\u0161ljenja psihologa o odlascima ovih ljudi. Dr\u017eava je u strahu da nakon povratka tih ljudi sa rati\u0161ta postoji mogu\u0107nost bezbjednosne krize.<\/p>\n<p>Organizacija pod nazivom \u201c\u010cETNI\u010cKI POKRET, zapravo su srpski dobrovoljci koji su prvo djelovali na Krimu, potom I u drugim dijelovima Ukrajine. Ova \u010detni\u010dka grupa nije skrivala lice na snimcima sa bradama, \u0161ubarama I kokardama. Njen predstavnik Stevan Vukojevi\u0107 javno ka\u017ee ne strahuje od najavljenih zakonskih izmjena.<\/p>\n<div class=\"youtube-embed\" data-video_id=\"zEaLitHpiaM\"><iframe loading=\"lazy\" title=\"Odlazak mladih na strana rati\u0161ta\" width=\"696\" height=\"522\" src=\"https:\/\/www.youtube.com\/embed\/zEaLitHpiaM?feature=oembed&#038;enablejsapi=1\" frameborder=\"0\" allow=\"accelerometer; autoplay; encrypted-media; gyroscope; picture-in-picture\" allowfullscreen><\/iframe><\/div>\n<p>\u201cPotencijalni problem je jedan broj ljudi koji odlaze na rati\u0161ta \u0161irom sveta . Ti ljudi, kada se vrate, mogu da postanu bezbednosna pretnja. Naravno,\u00a0mi imamo ozbiljnu policiju i\u00a0 bezbjednosne slu\u017ebe u ovoj zemlji\u00a0 i ne\u0107emo dozvoliti da to eskalira na bilo koji na\u010din, ali je\u00a0 na\u0161a du\u017enost i da na tu opasnost upozorimo\u201d, kazao je Ministar Stefanovi\u0107, dodaju\u0107i da za sada nema nekih ekstremnijih izazova te vrste.<\/p>\n<p>Zadnja informacija hap\u0161enja sti\u017ee sa Kosova. Uhap\u0161eni imami Zekerija Kazimi I Lulzim Kaba\u0161i zbog, kako se navodi, povezanosti sa regrutacijom i slanjem dobrovoljaca u Siriju i Irak. Gra\u0111ani se pitaju ho\u0107e li isti zakon va\u017eiti I za Mud\u017eahedine I za \u010cetnike?<\/p>\n<p>Postavlja se pitanje da li nas u Sand\u017eaku o\u010dekuje isti scenario kao I na Kosovu?<\/p>\n<p>SANA &#8211; Hamza \u0160krijelj<\/p>\n","protected":false},"excerpt":{"rendered":"<p>Sand\u017eak &#8211; Koliko je mladosti na stranim rati\u0161tima, posebno u Siriji I Iraku niko ne zna. Postojanje zakona ograni\u010dilo je djelovanje ovda\u0161njih sigurnosnih slu\u017ebi. Na\u017ealost, znamo tek kad se pojave smrtovnice. U Bosni I Hercegovini usvojen zakon prema kojem se ka\u017enjava odlazak na rati\u0161ta, kao I organizatori odlazaka. U Srbiji najavljene zakonske izmjene. Razliku ne\u0107e [&hellip;]<\/p>\n","protected":false},"author":83,"featured_media":110541,"comment_status":"open","ping_status":"open","sticky":false,"template":"","format":"standard","meta":{"footnotes":""},"categories":[72,1,52,327,8957],"tags":[10225],"class_list":{"0":"post-110540","1":"post","2":"type-post","3":"status-publish","4":"format-standard","5":"has-post-thumbnail","7":"category-novi-pazar","8":"category-politika","9":"category-sjenica","10":"category-tutin","11":"category-vijesti-dana","12":"tag-sirija"},"yoast_head":"<!-- This site is optimized with the Yoast SEO Premium plugin v23.1 (Yoast SEO v24.9) - https:\/\/yoast.com\/wordpress\/plugins\/seo\/ -->\n<title>Da li \u0107e zakon Srbije tretirati na isti na\u010din \u010detnike iz Ukrajine i mud\u017eahedine sa Bliskog Istoka?<\/title>\n<meta name=\"robots\" content=\"index, follow, max-snippet:-1, max-image-preview:large, max-video-preview:-1\" \/>\n<link rel=\"canonical\" href=\"https:\/\/sandzakpress.net\/arhiva\/da-li-ce-zakon-srbije-tretirati-na-isti-nacin-cetnike-iz-ukrajine-i-mudzahedine-sa-bliskog-istoka\/\" \/>\n<meta property=\"og:locale\" content=\"bs_BA\" \/>\n<meta property=\"og:type\" content=\"article\" \/>\n<meta property=\"og:title\" content=\"Da li \u0107e zakon Srbije tretirati na isti na\u010din \u010detnike iz Ukrajine i mud\u017eahedine sa Bliskog Istoka?\" \/>\n<meta property=\"og:description\" content=\"Sand\u017eak &#8211; Koliko je mladosti na stranim rati\u0161tima, posebno u Siriji I Iraku niko ne zna. Postojanje zakona ograni\u010dilo je djelovanje ovda\u0161njih sigurnosnih slu\u017ebi. Na\u017ealost, znamo tek kad se pojave smrtovnice. U Bosni I Hercegovini usvojen zakon prema kojem se ka\u017enjava odlazak na rati\u0161ta, kao I organizatori odlazaka. U Srbiji najavljene zakonske izmjene. Razliku ne\u0107e [&hellip;]\" \/>\n<meta property=\"og:url\" content=\"https:\/\/sandzakpress.net\/arhiva\/da-li-ce-zakon-srbije-tretirati-na-isti-nacin-cetnike-iz-ukrajine-i-mudzahedine-sa-bliskog-istoka\/\" \/>\n<meta property=\"og:site_name\" content=\"Sand\u017eak PRESS\" \/>\n<meta property=\"article:published_time\" content=\"2014-08-17T10:03:25+00:00\" \/>\n<meta property=\"og:image\" content=\"https:\/\/sandzakpress.net\/arhiva\/wp-content\/uploads\/2014\/08\/cetnici_sevastopol_645663S0.jpg\" \/>\n\t<meta property=\"og:image:width\" content=\"1600\" \/>\n\t<meta property=\"og:image:height\" content=\"622\" \/>\n\t<meta property=\"og:image:type\" content=\"image\/jpeg\" \/>\n<meta name=\"author\" content=\"bosniak\" \/>\n<meta name=\"twitter:card\" content=\"summary_large_image\" \/>\n<meta name=\"twitter:label1\" content=\"Written by\" \/>\n\t<meta name=\"twitter:data1\" content=\"bosniak\" \/>\n\t<meta name=\"twitter:label2\" content=\"Est. reading time\" \/>\n\t<meta name=\"twitter:data2\" content=\"2 minute\" \/>\n<script type=\"application\/ld+json\" class=\"yoast-schema-graph\">{\"@context\":\"https:\/\/schema.org\",\"@graph\":[{\"@type\":\"Article\",\"@id\":\"https:\/\/sandzakpress.net\/arhiva\/da-li-ce-zakon-srbije-tretirati-na-isti-nacin-cetnike-iz-ukrajine-i-mudzahedine-sa-bliskog-istoka\/#article\",\"isPartOf\":{\"@id\":\"https:\/\/sandzakpress.net\/arhiva\/da-li-ce-zakon-srbije-tretirati-na-isti-nacin-cetnike-iz-ukrajine-i-mudzahedine-sa-bliskog-istoka\/\"},\"author\":{\"name\":\"bosniak\",\"@id\":\"https:\/\/sandzakpress.net\/arhiva\/#\/schema\/person\/c8baee722073534b583ea7bdb2e36c02\"},\"headline\":\"Da li \u0107e zakon Srbije tretirati na isti na\u010din \u010detnike iz Ukrajine i mud\u017eahedine sa Bliskog Istoka?\",\"datePublished\":\"2014-08-17T10:03:25+00:00\",\"mainEntityOfPage\":{\"@id\":\"https:\/\/sandzakpress.net\/arhiva\/da-li-ce-zakon-srbije-tretirati-na-isti-nacin-cetnike-iz-ukrajine-i-mudzahedine-sa-bliskog-istoka\/\"},\"wordCount\":390,\"commentCount\":3,\"publisher\":{\"@id\":\"https:\/\/sandzakpress.net\/arhiva\/#\/schema\/person\/6e72b67d6e51910a1117b3b483ba20bd\"},\"image\":{\"@id\":\"https:\/\/sandzakpress.net\/arhiva\/da-li-ce-zakon-srbije-tretirati-na-isti-nacin-cetnike-iz-ukrajine-i-mudzahedine-sa-bliskog-istoka\/#primaryimage\"},\"thumbnailUrl\":\"https:\/\/sandzakpress.net\/arhiva\/wp-content\/uploads\/2014\/08\/cetnici_sevastopol_645663S0.jpg\",\"keywords\":[\"Sirija\"],\"articleSection\":[\"Novi Pazar\",\"Politika\",\"Sjenica\",\"Tutin\",\"VIJESTI DANA\"],\"inLanguage\":\"bs-BA\",\"potentialAction\":[{\"@type\":\"CommentAction\",\"name\":\"Comment\",\"target\":[\"https:\/\/sandzakpress.net\/arhiva\/da-li-ce-zakon-srbije-tretirati-na-isti-nacin-cetnike-iz-ukrajine-i-mudzahedine-sa-bliskog-istoka\/#respond\"]}]},{\"@type\":\"WebPage\",\"@id\":\"https:\/\/sandzakpress.net\/arhiva\/da-li-ce-zakon-srbije-tretirati-na-isti-nacin-cetnike-iz-ukrajine-i-mudzahedine-sa-bliskog-istoka\/\",\"url\":\"https:\/\/sandzakpress.net\/arhiva\/da-li-ce-zakon-srbije-tretirati-na-isti-nacin-cetnike-iz-ukrajine-i-mudzahedine-sa-bliskog-istoka\/\",\"name\":\"Da li \u0107e zakon Srbije tretirati na isti na\u010din \u010detnike iz Ukrajine i mud\u017eahedine sa Bliskog Istoka?\",\"isPartOf\":{\"@id\":\"https:\/\/sandzakpress.net\/arhiva\/#website\"},\"primaryImageOfPage\":{\"@id\":\"https:\/\/sandzakpress.net\/arhiva\/da-li-ce-zakon-srbije-tretirati-na-isti-nacin-cetnike-iz-ukrajine-i-mudzahedine-sa-bliskog-istoka\/#primaryimage\"},\"image\":{\"@id\":\"https:\/\/sandzakpress.net\/arhiva\/da-li-ce-zakon-srbije-tretirati-na-isti-nacin-cetnike-iz-ukrajine-i-mudzahedine-sa-bliskog-istoka\/#primaryimage\"},\"thumbnailUrl\":\"https:\/\/sandzakpress.net\/arhiva\/wp-content\/uploads\/2014\/08\/cetnici_sevastopol_645663S0.jpg\",\"datePublished\":\"2014-08-17T10:03:25+00:00\",\"breadcrumb\":{\"@id\":\"https:\/\/sandzakpress.net\/arhiva\/da-li-ce-zakon-srbije-tretirati-na-isti-nacin-cetnike-iz-ukrajine-i-mudzahedine-sa-bliskog-istoka\/#breadcrumb\"},\"inLanguage\":\"bs-BA\",\"potentialAction\":[{\"@type\":\"ReadAction\",\"target\":[\"https:\/\/sandzakpress.net\/arhiva\/da-li-ce-zakon-srbije-tretirati-na-isti-nacin-cetnike-iz-ukrajine-i-mudzahedine-sa-bliskog-istoka\/\"]}]},{\"@type\":\"ImageObject\",\"inLanguage\":\"bs-BA\",\"@id\":\"https:\/\/sandzakpress.net\/arhiva\/da-li-ce-zakon-srbije-tretirati-na-isti-nacin-cetnike-iz-ukrajine-i-mudzahedine-sa-bliskog-istoka\/#primaryimage\",\"url\":\"https:\/\/sandzakpress.net\/arhiva\/wp-content\/uploads\/2014\/08\/cetnici_sevastopol_645663S0.jpg\",\"contentUrl\":\"https:\/\/sandzakpress.net\/arhiva\/wp-content\/uploads\/2014\/08\/cetnici_sevastopol_645663S0.jpg\",\"width\":1600,\"height\":622},{\"@type\":\"BreadcrumbList\",\"@id\":\"https:\/\/sandzakpress.net\/arhiva\/da-li-ce-zakon-srbije-tretirati-na-isti-nacin-cetnike-iz-ukrajine-i-mudzahedine-sa-bliskog-istoka\/#breadcrumb\",\"itemListElement\":[{\"@type\":\"ListItem\",\"position\":1,\"name\":\"Home\",\"item\":\"https:\/\/sandzakpress.net\/arhiva\/\"},{\"@type\":\"ListItem\",\"position\":2,\"name\":\"Da li \u0107e zakon Srbije tretirati na isti na\u010din \u010detnike iz Ukrajine i mud\u017eahedine sa Bliskog Istoka?\"}]},{\"@type\":\"WebSite\",\"@id\":\"https:\/\/sandzakpress.net\/arhiva\/#website\",\"url\":\"https:\/\/sandzakpress.net\/arhiva\/\",\"name\":\"Sand\u017eak PRESS\",\"description\":\"Prve elektronske novine u Sand\u017eaku\",\"publisher\":{\"@id\":\"https:\/\/sandzakpress.net\/arhiva\/#\/schema\/person\/6e72b67d6e51910a1117b3b483ba20bd\"},\"potentialAction\":[{\"@type\":\"SearchAction\",\"target\":{\"@type\":\"EntryPoint\",\"urlTemplate\":\"https:\/\/sandzakpress.net\/arhiva\/?s={search_term_string}\"},\"query-input\":{\"@type\":\"PropertyValueSpecification\",\"valueRequired\":true,\"valueName\":\"search_term_string\"}}],\"inLanguage\":\"bs-BA\"},{\"@type\":[\"Person\",\"Organization\"],\"@id\":\"https:\/\/sandzakpress.net\/arhiva\/#\/schema\/person\/6e72b67d6e51910a1117b3b483ba20bd\",\"name\":\"Kul\",\"image\":{\"@type\":\"ImageObject\",\"inLanguage\":\"bs-BA\",\"@id\":\"https:\/\/sandzakpress.net\/arhiva\/#\/schema\/person\/image\/\",\"url\":\"https:\/\/secure.gravatar.com\/avatar\/42263f39aa27ac04c43cab85c280eb2e?s=96&d=mm&r=pg\",\"contentUrl\":\"https:\/\/secure.gravatar.com\/avatar\/42263f39aa27ac04c43cab85c280eb2e?s=96&d=mm&r=pg\",\"caption\":\"Kul\"},\"logo\":{\"@id\":\"https:\/\/sandzakpress.net\/arhiva\/#\/schema\/person\/image\/\"}},{\"@type\":\"Person\",\"@id\":\"https:\/\/sandzakpress.net\/arhiva\/#\/schema\/person\/c8baee722073534b583ea7bdb2e36c02\",\"name\":\"bosniak\",\"image\":{\"@type\":\"ImageObject\",\"inLanguage\":\"bs-BA\",\"@id\":\"https:\/\/sandzakpress.net\/arhiva\/#\/schema\/person\/image\/\",\"url\":\"https:\/\/secure.gravatar.com\/avatar\/a04fd330bfe3a36a72a0ad4a6d89fca7?s=96&d=mm&r=pg\",\"contentUrl\":\"https:\/\/secure.gravatar.com\/avatar\/a04fd330bfe3a36a72a0ad4a6d89fca7?s=96&d=mm&r=pg\",\"caption\":\"bosniak\"},\"url\":\"https:\/\/sandzakpress.net\/arhiva\/author\/bosniak\/\"}]}<\/script>\n<!-- \/ Yoast SEO Premium plugin. -->","yoast_head_json":{"title":"Da li \u0107e zakon Srbije tretirati na isti na\u010din \u010detnike iz Ukrajine i mud\u017eahedine sa Bliskog Istoka?","robots":{"index":"index","follow":"follow","max-snippet":"max-snippet:-1","max-image-preview":"max-image-preview:large","max-video-preview":"max-video-preview:-1"},"canonical":"https:\/\/sandzakpress.net\/arhiva\/da-li-ce-zakon-srbije-tretirati-na-isti-nacin-cetnike-iz-ukrajine-i-mudzahedine-sa-bliskog-istoka\/","og_locale":"bs_BA","og_type":"article","og_title":"Da li \u0107e zakon Srbije tretirati na isti na\u010din \u010detnike iz Ukrajine i mud\u017eahedine sa Bliskog Istoka?","og_description":"Sand\u017eak &#8211; Koliko je mladosti na stranim rati\u0161tima, posebno u Siriji I Iraku niko ne zna. Postojanje zakona ograni\u010dilo je djelovanje ovda\u0161njih sigurnosnih slu\u017ebi. Na\u017ealost, znamo tek kad se pojave smrtovnice. U Bosni I Hercegovini usvojen zakon prema kojem se ka\u017enjava odlazak na rati\u0161ta, kao I organizatori odlazaka. U Srbiji najavljene zakonske izmjene. Razliku ne\u0107e [&hellip;]","og_url":"https:\/\/sandzakpress.net\/arhiva\/da-li-ce-zakon-srbije-tretirati-na-isti-nacin-cetnike-iz-ukrajine-i-mudzahedine-sa-bliskog-istoka\/","og_site_name":"Sand\u017eak PRESS","article_published_time":"2014-08-17T10:03:25+00:00","og_image":[{"width":1600,"height":622,"url":"https:\/\/sandzakpress.net\/arhiva\/wp-content\/uploads\/2014\/08\/cetnici_sevastopol_645663S0.jpg","type":"image\/jpeg"}],"author":"bosniak","twitter_card":"summary_large_image","twitter_misc":{"Written by":"bosniak","Est. reading time":"2 minute"},"schema":{"@context":"https:\/\/schema.org","@graph":[{"@type":"Article","@id":"https:\/\/sandzakpress.net\/arhiva\/da-li-ce-zakon-srbije-tretirati-na-isti-nacin-cetnike-iz-ukrajine-i-mudzahedine-sa-bliskog-istoka\/#article","isPartOf":{"@id":"https:\/\/sandzakpress.net\/arhiva\/da-li-ce-zakon-srbije-tretirati-na-isti-nacin-cetnike-iz-ukrajine-i-mudzahedine-sa-bliskog-istoka\/"},"author":{"name":"bosniak","@id":"https:\/\/sandzakpress.net\/arhiva\/#\/schema\/person\/c8baee722073534b583ea7bdb2e36c02"},"headline":"Da li \u0107e zakon Srbije tretirati na isti na\u010din \u010detnike iz Ukrajine i mud\u017eahedine sa Bliskog Istoka?","datePublished":"2014-08-17T10:03:25+00:00","mainEntityOfPage":{"@id":"https:\/\/sandzakpress.net\/arhiva\/da-li-ce-zakon-srbije-tretirati-na-isti-nacin-cetnike-iz-ukrajine-i-mudzahedine-sa-bliskog-istoka\/"},"wordCount":390,"commentCount":3,"publisher":{"@id":"https:\/\/sandzakpress.net\/arhiva\/#\/schema\/person\/6e72b67d6e51910a1117b3b483ba20bd"},"image":{"@id":"https:\/\/sandzakpress.net\/arhiva\/da-li-ce-zakon-srbije-tretirati-na-isti-nacin-cetnike-iz-ukrajine-i-mudzahedine-sa-bliskog-istoka\/#primaryimage"},"thumbnailUrl":"https:\/\/sandzakpress.net\/arhiva\/wp-content\/uploads\/2014\/08\/cetnici_sevastopol_645663S0.jpg","keywords":["Sirija"],"articleSection":["Novi Pazar","Politika","Sjenica","Tutin","VIJESTI DANA"],"inLanguage":"bs-BA","potentialAction":[{"@type":"CommentAction","name":"Comment","target":["https:\/\/sandzakpress.net\/arhiva\/da-li-ce-zakon-srbije-tretirati-na-isti-nacin-cetnike-iz-ukrajine-i-mudzahedine-sa-bliskog-istoka\/#respond"]}]},{"@type":"WebPage","@id":"https:\/\/sandzakpress.net\/arhiva\/da-li-ce-zakon-srbije-tretirati-na-isti-nacin-cetnike-iz-ukrajine-i-mudzahedine-sa-bliskog-istoka\/","url":"https:\/\/sandzakpress.net\/arhiva\/da-li-ce-zakon-srbije-tretirati-na-isti-nacin-cetnike-iz-ukrajine-i-mudzahedine-sa-bliskog-istoka\/","name":"Da li \u0107e zakon Srbije tretirati na isti na\u010din \u010detnike iz Ukrajine i mud\u017eahedine sa Bliskog Istoka?","isPartOf":{"@id":"https:\/\/sandzakpress.net\/arhiva\/#website"},"primaryImageOfPage":{"@id":"https:\/\/sandzakpress.net\/arhiva\/da-li-ce-zakon-srbije-tretirati-na-isti-nacin-cetnike-iz-ukrajine-i-mudzahedine-sa-bliskog-istoka\/#primaryimage"},"image":{"@id":"https:\/\/sandzakpress.net\/arhiva\/da-li-ce-zakon-srbije-tretirati-na-isti-nacin-cetnike-iz-ukrajine-i-mudzahedine-sa-bliskog-istoka\/#primaryimage"},"thumbnailUrl":"https:\/\/sandzakpress.net\/arhiva\/wp-content\/uploads\/2014\/08\/cetnici_sevastopol_645663S0.jpg","datePublished":"2014-08-17T10:03:25+00:00","breadcrumb":{"@id":"https:\/\/sandzakpress.net\/arhiva\/da-li-ce-zakon-srbije-tretirati-na-isti-nacin-cetnike-iz-ukrajine-i-mudzahedine-sa-bliskog-istoka\/#breadcrumb"},"inLanguage":"bs-BA","potentialAction":[{"@type":"ReadAction","target":["https:\/\/sandzakpress.net\/arhiva\/da-li-ce-zakon-srbije-tretirati-na-isti-nacin-cetnike-iz-ukrajine-i-mudzahedine-sa-bliskog-istoka\/"]}]},{"@type":"ImageObject","inLanguage":"bs-BA","@id":"https:\/\/sandzakpress.net\/arhiva\/da-li-ce-zakon-srbije-tretirati-na-isti-nacin-cetnike-iz-ukrajine-i-mudzahedine-sa-bliskog-istoka\/#primaryimage","url":"https:\/\/sandzakpress.net\/arhiva\/wp-content\/uploads\/2014\/08\/cetnici_sevastopol_645663S0.jpg","contentUrl":"https:\/\/sandzakpress.net\/arhiva\/wp-content\/uploads\/2014\/08\/cetnici_sevastopol_645663S0.jpg","width":1600,"height":622},{"@type":"BreadcrumbList","@id":"https:\/\/sandzakpress.net\/arhiva\/da-li-ce-zakon-srbije-tretirati-na-isti-nacin-cetnike-iz-ukrajine-i-mudzahedine-sa-bliskog-istoka\/#breadcrumb","itemListElement":[{"@type":"ListItem","position":1,"name":"Home","item":"https:\/\/sandzakpress.net\/arhiva\/"},{"@type":"ListItem","position":2,"name":"Da li \u0107e zakon Srbije tretirati na isti na\u010din \u010detnike iz Ukrajine i mud\u017eahedine sa Bliskog Istoka?"}]},{"@type":"WebSite","@id":"https:\/\/sandzakpress.net\/arhiva\/#website","url":"https:\/\/sandzakpress.net\/arhiva\/","name":"Sand\u017eak PRESS","description":"Prve elektronske novine u Sand\u017eaku","publisher":{"@id":"https:\/\/sandzakpress.net\/arhiva\/#\/schema\/person\/6e72b67d6e51910a1117b3b483ba20bd"},"potentialAction":[{"@type":"SearchAction","target":{"@type":"EntryPoint","urlTemplate":"https:\/\/sandzakpress.net\/arhiva\/?s={search_term_string}"},"query-input":{"@type":"PropertyValueSpecification","valueRequired":true,"valueName":"search_term_string"}}],"inLanguage":"bs-BA"},{"@type":["Person","Organization"],"@id":"https:\/\/sandzakpress.net\/arhiva\/#\/schema\/person\/6e72b67d6e51910a1117b3b483ba20bd","name":"Kul","image":{"@type":"ImageObject","inLanguage":"bs-BA","@id":"https:\/\/sandzakpress.net\/arhiva\/#\/schema\/person\/image\/","url":"https:\/\/secure.gravatar.com\/avatar\/42263f39aa27ac04c43cab85c280eb2e?s=96&d=mm&r=pg","contentUrl":"https:\/\/secure.gravatar.com\/avatar\/42263f39aa27ac04c43cab85c280eb2e?s=96&d=mm&r=pg","caption":"Kul"},"logo":{"@id":"https:\/\/sandzakpress.net\/arhiva\/#\/schema\/person\/image\/"}},{"@type":"Person","@id":"https:\/\/sandzakpress.net\/arhiva\/#\/schema\/person\/c8baee722073534b583ea7bdb2e36c02","name":"bosniak","image":{"@type":"ImageObject","inLanguage":"bs-BA","@id":"https:\/\/sandzakpress.net\/arhiva\/#\/schema\/person\/image\/","url":"https:\/\/secure.gravatar.com\/avatar\/a04fd330bfe3a36a72a0ad4a6d89fca7?s=96&d=mm&r=pg","contentUrl":"https:\/\/secure.gravatar.com\/avatar\/a04fd330bfe3a36a72a0ad4a6d89fca7?s=96&d=mm&r=pg","caption":"bosniak"},"url":"https:\/\/sandzakpress.net\/arhiva\/author\/bosniak\/"}]}},"_links":{"self":[{"href":"https:\/\/sandzakpress.net\/arhiva\/wp-json\/wp\/v2\/posts\/110540"}],"collection":[{"href":"https:\/\/sandzakpress.net\/arhiva\/wp-json\/wp\/v2\/posts"}],"about":[{"href":"https:\/\/sandzakpress.net\/arhiva\/wp-json\/wp\/v2\/types\/post"}],"author":[{"embeddable":true,"href":"https:\/\/sandzakpress.net\/arhiva\/wp-json\/wp\/v2\/users\/83"}],"replies":[{"embeddable":true,"href":"https:\/\/sandzakpress.net\/arhiva\/wp-json\/wp\/v2\/comments?post=110540"}],"version-history":[{"count":0,"href":"https:\/\/sandzakpress.net\/arhiva\/wp-json\/wp\/v2\/posts\/110540\/revisions"}],"wp:featuredmedia":[{"embeddable":true,"href":"https:\/\/sandzakpress.net\/arhiva\/wp-json\/wp\/v2\/media\/110541"}],"wp:attachment":[{"href":"https:\/\/sandzakpress.net\/arhiva\/wp-json\/wp\/v2\/media?parent=110540"}],"wp:term":[{"taxonomy":"category","embeddable":true,"href":"https:\/\/sandzakpress.net\/arhiva\/wp-json\/wp\/v2\/categories?post=110540"},{"taxonomy":"post_tag","embeddable":true,"href":"https:\/\/sandzakpress.net\/arhiva\/wp-json\/wp\/v2\/tags?post=110540"}],"curies":[{"name":"wp","href":"https:\/\/api.w.org\/{rel}","templated":true}]}}