{"id":110452,"date":"2014-08-15T00:41:40","date_gmt":"2014-08-14T22:41:40","guid":{"rendered":"https:\/\/sandzakpress.net\/arhiva\/?p=110452"},"modified":"2014-08-15T00:41:40","modified_gmt":"2014-08-14T22:41:40","slug":"kceri-moja-ucitelju-moj-i-radosti-moja","status":"publish","type":"post","link":"https:\/\/sandzakpress.net\/arhiva\/kceri-moja-ucitelju-moj-i-radosti-moja\/","title":{"rendered":"&#8220;K\u0107eri moja, u\u010ditelju moj i radosti moja&#8221;"},"content":{"rendered":"<p class=\"single-thumbnail-title post-title-color gdl-title\"><a href=\"https:\/\/sandzakpress.net\/arhiva\/wp-content\/uploads\/2014\/08\/Capture17.jpg\"><img loading=\"lazy\" decoding=\"async\" class=\"aligncenter size-full wp-image-110453\" src=\"https:\/\/sandzakpress.net\/arhiva\/wp-content\/uploads\/2014\/08\/Capture17.jpg\" alt=\"Capture\" width=\"644\" height=\"479\" srcset=\"https:\/\/sandzakpress.net\/arhiva\/wp-content\/uploads\/2014\/08\/Capture17.jpg 644w, https:\/\/sandzakpress.net\/arhiva\/wp-content\/uploads\/2014\/08\/Capture17-616x458.jpg 616w\" sizes=\"(max-width: 644px) 100vw, 644px\" \/><\/a><\/p>\n<p class=\"single-thumbnail-title post-title-color gdl-title\"><strong>Pismo Muhammeda el-Baltad\u017eija k\u0107erci Esmi na godi\u0161njicu njenog ubistva<\/strong><\/p>\n<p class=\"single-thumbnail-title post-title-color gdl-title\">Dr. Muhammed el-Baltad\u017ei, jedan od vo\u0111a Muslimanske bra\u0107e i raspu\u0161tene Partije slobode i pravde, osu\u0111en na smrtnu kaznu, uputio je pismo, obra\u0107aju\u0107i se svojoj k\u0107erki Esmi, koja je prije godinu dana ubijena u nasilnom razbijanju demonstracija na trgu er-Rabi\u2019a. On je u pismu kazao:<\/p>\n<p style=\"color: #666666;\"><span style=\"color: rgb(0, 0, 0);\">\u201eK\u0107eri moja, u\u010ditelju moj, uzoru moj i radosti moja, ve\u0107 je godina pro\u0161la kako je tvoja \u010dista du\u0161a oti\u0161la njenom Stvoritelju, me\u0111u zvijezdama \u0161ehida koji su tog osvjedo\u010denog dana oti\u0161le svome Gospodaru, toga dana koji \u0107e biti upam\u0107en u knjigama historije poput dana kada su \u201evlasnici rovova\u201c bacali ljude u vatru ili poput dana velike \u017ealosti na Kerbeli.<\/span><\/p>\n<p style=\"color: #666666;\"><span style=\"color: rgb(0, 0, 0);\"><img loading=\"lazy\" decoding=\"async\" class=\"alignright\" style=\"font-weight: inherit; font-style: inherit;\" src=\"http:\/\/1-ps.googleusercontent.com\/x\/www.islambosna.ba\/4.bp.blogspot.com\/-1Nb1k8Bhw8w\/Ui65NZLouCI\/AAAAAAAAAzw\/iQxsmA5_mA0\/s1600\/272x401xAsmaa+Biltagi.2jpg.jpg.pagespeed.ic.gU7-hvidur.jpg\" alt=\"\" width=\"272\" height=\"401\" \/>To su \u010diste du\u0161e koje su se uzdigle na nebesa brane\u0107i i dr\u017ee\u0107i se istine, du\u0161e koje su svojim imanom savladale sve oblike poni\u017eenja, tla\u010denja, nasilja i nepravde. Za njih nasilje i nepravda nemaju nikakvog zna\u010daja.<\/span><\/p>\n<p style=\"color: #666666;\"><span style=\"color: rgb(0, 0, 0);\">Draga k\u0107eri,od onog trenutka kada su objavljene va\u0161e srednjo\u0161kolske ocjene, zatim raspisan konkurs za fakultet, radostan sam zbog uspjeha koji je Allah dao tvojim drugaricama, istim onim od kojih si uvijek bila naprednija i bolji u\u010denik. U jednom trenutku sam za\u017eelio da si tu, da ti \u010destitam, ali, tako mi Allaha, moja radost je bila ve\u0107a zato \u0161to te je Uzvi\u0161eni Allah odabrao, akobogda, da bude\u0161 od one male skupine potonjih generacija koje su u vrijednosti i dobru sustigle one mnogobrojne iz prvih generacija. Da bude\u0161 me\u0111u one \u201ena koje je Uzvi\u0161eni Allah izlio svoje blagodati; vjerovjesnike, istinoljubive, \u0161ehide i dobre Allahove robove.\u201c<\/span><\/p>\n<p style=\"color: #666666;\"><span style=\"color: rgb(0, 0, 0);\">Draga k\u0107eri, moju \u010de\u017enju za tvojim lijepim licem, nje\u017enim osmjehom i tvojim blagim prisustvom i razboritim razumom zna jedino Allah. On mi je i dao strpljivosti da ovo izdr\u017eim. Ali, u isto vrijeme ti \u017eivi\u0161 me\u0111u nama, nisi nas napustila. Prilikom jedne posjete tvoje majke u zatvoru, iznenadio sam se kada mi je kazala: \u201eEsma je \u017eiva i ona je jo\u0161 me\u0111u nama.\u201c Ja sam joj potvrdno odgovorio: \u201eDa, ona je \u017eiva kod svoga Gospodara i u izobilju je.\u201c Na to mi je ona odgovorila: \u201eOna \u017eivi i me\u0111u nama, \u017eive njene rije\u010di, postupci i djela. Ona nas prati u na\u0161oj borbi i \u017eivotu.\u201c Ispri\u010dala mi je da \u010desto susre\u0107e tvoje prijatelje koji joj prenose svoje probleme, neda\u0107e i isku\u0161enja u kojima se nalaze, situacije iz kojih nemaju izlaza, a koji bi, onda, usnili tebe i ti bi ih u snu upu\u0107ivala na dobro. Pomislio sam u sebe: Blagoslovljena neka si, draga moja, Allah je dao koristi u tvojim postupcima i prije i poslije tvog \u0161ehadeta.<\/span><\/p>\n<p style=\"color: #666666;\"><span style=\"color: rgb(0, 0, 0);\">K\u0107eri moja i u\u010ditelju moj, Allah je htio da tvoja pogibija od vojnog snajperiste bude dokaz i argument ispravnosti\u00a0 onoga \u0161to si \u0161titila i zbog \u010dega si ubijena. Borila si se i poginula da bi u potpunosti odbacila mogu\u0107nost da se vojna vlast vrati nakon januarske revolucije, koja je pokrenuta kako bi se okon\u010dalo ru\u0161enje, uni\u0161tavanje smutnja i zaostalost u \u0161ta je vojska godinama uvla\u010dila zemlju. Tvoja pogibija je dokaz da oni koji su iza\u0161li protiv vojnog udara nisu iza\u0161li zbog jedne grupe, jedne organizacije ili jedne osobe. Ti si posljednja osoba za koju bih mogao kazati da je bila pristrasna u slije\u0111enju jedne organizacije ili fanati\u010dna u odanosti jednom \u010dovjeku. \u010cak, \u010desto puta se nisi slagala sa pokretom Muslimanske bra\u0107e, posebno u pogledu, kako si ti tvrdila, neopravdanog popu\u0161tanja pred vojskom i pitanja odmazde nad ubicama iz januarske revolucije. Tvoje ubistvo, kao nenaoru\u017eanog civila, koji nije imao ni kamen u ruci, dokaz je da je njihova meta bio svako ko je kazao \u2018Ne\u2019 vojnom udaru i suprotstavio se nasilju i nasilnicima. To \u0161to si poginula od vojnih aviona koji su letjeli iznad tvoje glave ili raspore\u0111enih snajperista po okolnim zgradama, mu\u010dki i na prevaru, dokaz je njihove nemo\u0107i i nebitnosti. To je najve\u0107i dokaz pravednosti, ispravnosti i istinitosti stava onih koji odbacuju ovo vojno nasilje i tiraniju, nasilje vojske opremljene oru\u017ejem i oru\u0111em za koje ovaj narod odvaja od svoga zalogaja kako bi se borili protiv cionista, a ne da bi njime ubijali nedu\u017ene sinove ove zemlje. Ali, vojska ih je upotrebila u ubijanju svoga naroda, nametanju svoje dominacije i \u0161irenju smutnje.<\/span><\/p>\n<p style=\"color: #666666;\"><span style=\"color: rgb(0, 0, 0);\"><img loading=\"lazy\" decoding=\"async\" class=\"alignleft\" style=\"font-weight: inherit; font-style: inherit;\" src=\"http:\/\/1-ps.googleusercontent.com\/x\/www.islambosna.ba\/storage6.gear3rd.com\/files\/thumbs\/2013\/09\/07\/413x232x13785445556a153-original-1.jpg.pagespeed.ic._UH_0sW3jZ.jpg\" alt=\"\" width=\"413\" height=\"232\" \/>K\u0107eri moja, u\u010ditelju moj i radosti moja, uprkos ubistvima na\u0161ih najmilijih kojima smo bili izlo\u017eeni, uprkos desetinama sudskih procesa koji se vode protiv nas i na\u0161ih porodica, uprkos zaplijeni na\u0161e imovine i otkazima, uprkos smrtnim kaznama i do\u017eivotnim robijama, uprkos hap\u0161enjima na\u0161ih sinova i k\u0107eri koji nisu ubijeni, tako mi Allaha, uprkos svemu tome, nismo te zaboravili ni koliko jedan treptaj oka. Nismo zaboravili ni tvoju bra\u0107u i sestre koji su poginuli kao \u0161ehidi. Nismo zaboravili va\u0161u \u017ertvu koju ste prinijeli na ovom putu.\u00a0 Tako mi Allaha, nismo tu\u017eni zbog onoga \u0161to nas je zadesilo, nismo malaksali, niti smo oslabili ili klonuli. Mi i danas kora\u010damo va\u0161im stopama, va\u0161om stazom. Imamo samo dva izbora: pobjedu ili \u0161ehadet na Allahovom putu! K\u0107eri, ono \u0161to smo pre\u017eivjeli prethodne godine, ubistva, zlo\u010dini, prolijevanje krvi, ti\u0161ina i strah koji primje\u0107ujemo, la\u017ei, varke, zablude, medijska kampanja, sve to nam je samo pove\u0107alo uvjerenje da smo mi na Istini, a oni u zabludi i da \u0107e pobjeda, s Allahovom dozvolom, neminovno do\u0107i.<\/span><\/p>\n<p style=\"color: #666666;\"><span style=\"color: rgb(0, 0, 0);\">K\u0107eri moja, u\u010ditelju moj i radosti moja, nakon ove godine koja je protekla bez tebe, dunjalu\u010dki \u017eivot za nas nema nikakve vrijednosti vi\u0161e, zatvori nas vi\u0161e ne pla\u0161e, nije nas strah ni od smrti, a smrtne kazne nam ne unose paniku i uznemirenje. Ti si nas nau\u010dila, svojom \u010distom krvlju, svojom plemenitom i vjerni\u010dkom du\u0161om kako se \u017ertvovati. Podu\u010dila si nas kako se \u017ertvovati na Allahovom putu radi istine, pravde i slobode.<\/span><\/p>\n<p style=\"color: #666666;\"><span style=\"color: rgb(0, 0, 0);\">Na kraju, molim Allaha za tebe i tvoju bra\u0107u i sestre \u0161ehide na svakom namazu. Molim Ga da vam podigne stupnjeve, da vas u\u010dini Sebi bliskima. Molim Ga da nas ispuni strpljivo\u0161\u0107u i postojano\u0161\u0107u dok se ne pridru\u017eimo vama me\u0111u Allahove dobre robove, na Havdu Poslanikovom, s.a.v.s., oko koga \u0107e biti i ashabi, da se obraduju kada nas vide, jer \u0107e znati da su iza sebe ostavili ljude, koji su iskreno izvr\u0161ili ono \u0161to su Allahu zavjet dali i koji nisu ni\u0161ta od vjere promijenili!<\/span><\/p>\n<p style=\"color: #666666;\"><span style=\"color: rgb(0, 0, 0);\">(IslamBosna)<\/span><\/p>\n","protected":false},"excerpt":{"rendered":"<p>Dr. Muhammed el-Baltad\u017ei \u00a0<\/p>\n","protected":false},"author":83,"featured_media":110453,"comment_status":"open","ping_status":"open","sticky":false,"template":"","format":"standard","meta":{"footnotes":""},"categories":[10196],"tags":[],"class_list":{"0":"post-110452","1":"post","2":"type-post","3":"status-publish","4":"format-standard","5":"has-post-thumbnail","7":"category-iz-pera-nasih-autora"},"yoast_head":"<!-- This site is optimized with the Yoast SEO Premium plugin v23.1 (Yoast SEO v24.9) - https:\/\/yoast.com\/wordpress\/plugins\/seo\/ -->\n<title>&quot;K\u0107eri moja, u\u010ditelju moj i radosti moja&quot;<\/title>\n<meta name=\"robots\" content=\"index, follow, max-snippet:-1, max-image-preview:large, max-video-preview:-1\" \/>\n<link rel=\"canonical\" href=\"https:\/\/sandzakpress.net\/arhiva\/kceri-moja-ucitelju-moj-i-radosti-moja\/\" \/>\n<meta property=\"og:locale\" content=\"bs_BA\" \/>\n<meta property=\"og:type\" content=\"article\" \/>\n<meta property=\"og:title\" content=\"&quot;K\u0107eri moja, u\u010ditelju moj i radosti moja&quot;\" \/>\n<meta property=\"og:description\" content=\"Dr. Muhammed el-Baltad\u017ei \u00a0\" \/>\n<meta property=\"og:url\" content=\"https:\/\/sandzakpress.net\/arhiva\/kceri-moja-ucitelju-moj-i-radosti-moja\/\" \/>\n<meta property=\"og:site_name\" content=\"Sand\u017eak PRESS\" \/>\n<meta property=\"article:published_time\" content=\"2014-08-14T22:41:40+00:00\" \/>\n<meta property=\"og:image\" content=\"https:\/\/sandzakpress.net\/arhiva\/wp-content\/uploads\/2014\/08\/Capture17.jpg\" \/>\n\t<meta property=\"og:image:width\" content=\"644\" \/>\n\t<meta property=\"og:image:height\" content=\"479\" \/>\n\t<meta property=\"og:image:type\" content=\"image\/jpeg\" \/>\n<meta name=\"author\" content=\"bosniak\" \/>\n<meta name=\"twitter:card\" content=\"summary_large_image\" \/>\n<meta name=\"twitter:label1\" content=\"Written by\" \/>\n\t<meta name=\"twitter:data1\" content=\"bosniak\" \/>\n\t<meta name=\"twitter:label2\" content=\"Est. reading time\" \/>\n\t<meta name=\"twitter:data2\" content=\"6 minuta\" \/>\n<script type=\"application\/ld+json\" class=\"yoast-schema-graph\">{\"@context\":\"https:\/\/schema.org\",\"@graph\":[{\"@type\":\"Article\",\"@id\":\"https:\/\/sandzakpress.net\/arhiva\/kceri-moja-ucitelju-moj-i-radosti-moja\/#article\",\"isPartOf\":{\"@id\":\"https:\/\/sandzakpress.net\/arhiva\/kceri-moja-ucitelju-moj-i-radosti-moja\/\"},\"author\":{\"name\":\"bosniak\",\"@id\":\"https:\/\/sandzakpress.net\/arhiva\/#\/schema\/person\/c8baee722073534b583ea7bdb2e36c02\"},\"headline\":\"&#8220;K\u0107eri moja, u\u010ditelju moj i radosti moja&#8221;\",\"datePublished\":\"2014-08-14T22:41:40+00:00\",\"mainEntityOfPage\":{\"@id\":\"https:\/\/sandzakpress.net\/arhiva\/kceri-moja-ucitelju-moj-i-radosti-moja\/\"},\"wordCount\":1131,\"commentCount\":1,\"publisher\":{\"@id\":\"https:\/\/sandzakpress.net\/arhiva\/#\/schema\/person\/6e72b67d6e51910a1117b3b483ba20bd\"},\"image\":{\"@id\":\"https:\/\/sandzakpress.net\/arhiva\/kceri-moja-ucitelju-moj-i-radosti-moja\/#primaryimage\"},\"thumbnailUrl\":\"https:\/\/sandzakpress.net\/arhiva\/wp-content\/uploads\/2014\/08\/Capture17.jpg\",\"articleSection\":[\"Iz pera na\u0161ih autora\"],\"inLanguage\":\"bs-BA\",\"potentialAction\":[{\"@type\":\"CommentAction\",\"name\":\"Comment\",\"target\":[\"https:\/\/sandzakpress.net\/arhiva\/kceri-moja-ucitelju-moj-i-radosti-moja\/#respond\"]}]},{\"@type\":\"WebPage\",\"@id\":\"https:\/\/sandzakpress.net\/arhiva\/kceri-moja-ucitelju-moj-i-radosti-moja\/\",\"url\":\"https:\/\/sandzakpress.net\/arhiva\/kceri-moja-ucitelju-moj-i-radosti-moja\/\",\"name\":\"\\\"K\u0107eri moja, u\u010ditelju moj i radosti moja\\\"\",\"isPartOf\":{\"@id\":\"https:\/\/sandzakpress.net\/arhiva\/#website\"},\"primaryImageOfPage\":{\"@id\":\"https:\/\/sandzakpress.net\/arhiva\/kceri-moja-ucitelju-moj-i-radosti-moja\/#primaryimage\"},\"image\":{\"@id\":\"https:\/\/sandzakpress.net\/arhiva\/kceri-moja-ucitelju-moj-i-radosti-moja\/#primaryimage\"},\"thumbnailUrl\":\"https:\/\/sandzakpress.net\/arhiva\/wp-content\/uploads\/2014\/08\/Capture17.jpg\",\"datePublished\":\"2014-08-14T22:41:40+00:00\",\"breadcrumb\":{\"@id\":\"https:\/\/sandzakpress.net\/arhiva\/kceri-moja-ucitelju-moj-i-radosti-moja\/#breadcrumb\"},\"inLanguage\":\"bs-BA\",\"potentialAction\":[{\"@type\":\"ReadAction\",\"target\":[\"https:\/\/sandzakpress.net\/arhiva\/kceri-moja-ucitelju-moj-i-radosti-moja\/\"]}]},{\"@type\":\"ImageObject\",\"inLanguage\":\"bs-BA\",\"@id\":\"https:\/\/sandzakpress.net\/arhiva\/kceri-moja-ucitelju-moj-i-radosti-moja\/#primaryimage\",\"url\":\"https:\/\/sandzakpress.net\/arhiva\/wp-content\/uploads\/2014\/08\/Capture17.jpg\",\"contentUrl\":\"https:\/\/sandzakpress.net\/arhiva\/wp-content\/uploads\/2014\/08\/Capture17.jpg\",\"width\":644,\"height\":479},{\"@type\":\"BreadcrumbList\",\"@id\":\"https:\/\/sandzakpress.net\/arhiva\/kceri-moja-ucitelju-moj-i-radosti-moja\/#breadcrumb\",\"itemListElement\":[{\"@type\":\"ListItem\",\"position\":1,\"name\":\"Home\",\"item\":\"https:\/\/sandzakpress.net\/arhiva\/\"},{\"@type\":\"ListItem\",\"position\":2,\"name\":\"&#8220;K\u0107eri moja, u\u010ditelju moj i radosti moja&#8221;\"}]},{\"@type\":\"WebSite\",\"@id\":\"https:\/\/sandzakpress.net\/arhiva\/#website\",\"url\":\"https:\/\/sandzakpress.net\/arhiva\/\",\"name\":\"Sand\u017eak PRESS\",\"description\":\"Prve elektronske novine u Sand\u017eaku\",\"publisher\":{\"@id\":\"https:\/\/sandzakpress.net\/arhiva\/#\/schema\/person\/6e72b67d6e51910a1117b3b483ba20bd\"},\"potentialAction\":[{\"@type\":\"SearchAction\",\"target\":{\"@type\":\"EntryPoint\",\"urlTemplate\":\"https:\/\/sandzakpress.net\/arhiva\/?s={search_term_string}\"},\"query-input\":{\"@type\":\"PropertyValueSpecification\",\"valueRequired\":true,\"valueName\":\"search_term_string\"}}],\"inLanguage\":\"bs-BA\"},{\"@type\":[\"Person\",\"Organization\"],\"@id\":\"https:\/\/sandzakpress.net\/arhiva\/#\/schema\/person\/6e72b67d6e51910a1117b3b483ba20bd\",\"name\":\"Kul\",\"image\":{\"@type\":\"ImageObject\",\"inLanguage\":\"bs-BA\",\"@id\":\"https:\/\/sandzakpress.net\/arhiva\/#\/schema\/person\/image\/\",\"url\":\"https:\/\/secure.gravatar.com\/avatar\/42263f39aa27ac04c43cab85c280eb2e?s=96&d=mm&r=pg\",\"contentUrl\":\"https:\/\/secure.gravatar.com\/avatar\/42263f39aa27ac04c43cab85c280eb2e?s=96&d=mm&r=pg\",\"caption\":\"Kul\"},\"logo\":{\"@id\":\"https:\/\/sandzakpress.net\/arhiva\/#\/schema\/person\/image\/\"}},{\"@type\":\"Person\",\"@id\":\"https:\/\/sandzakpress.net\/arhiva\/#\/schema\/person\/c8baee722073534b583ea7bdb2e36c02\",\"name\":\"bosniak\",\"image\":{\"@type\":\"ImageObject\",\"inLanguage\":\"bs-BA\",\"@id\":\"https:\/\/sandzakpress.net\/arhiva\/#\/schema\/person\/image\/\",\"url\":\"https:\/\/secure.gravatar.com\/avatar\/a04fd330bfe3a36a72a0ad4a6d89fca7?s=96&d=mm&r=pg\",\"contentUrl\":\"https:\/\/secure.gravatar.com\/avatar\/a04fd330bfe3a36a72a0ad4a6d89fca7?s=96&d=mm&r=pg\",\"caption\":\"bosniak\"},\"url\":\"https:\/\/sandzakpress.net\/arhiva\/author\/bosniak\/\"}]}<\/script>\n<!-- \/ Yoast SEO Premium plugin. -->","yoast_head_json":{"title":"\"K\u0107eri moja, u\u010ditelju moj i radosti moja\"","robots":{"index":"index","follow":"follow","max-snippet":"max-snippet:-1","max-image-preview":"max-image-preview:large","max-video-preview":"max-video-preview:-1"},"canonical":"https:\/\/sandzakpress.net\/arhiva\/kceri-moja-ucitelju-moj-i-radosti-moja\/","og_locale":"bs_BA","og_type":"article","og_title":"\"K\u0107eri moja, u\u010ditelju moj i radosti moja\"","og_description":"Dr. Muhammed el-Baltad\u017ei \u00a0","og_url":"https:\/\/sandzakpress.net\/arhiva\/kceri-moja-ucitelju-moj-i-radosti-moja\/","og_site_name":"Sand\u017eak PRESS","article_published_time":"2014-08-14T22:41:40+00:00","og_image":[{"width":644,"height":479,"url":"https:\/\/sandzakpress.net\/arhiva\/wp-content\/uploads\/2014\/08\/Capture17.jpg","type":"image\/jpeg"}],"author":"bosniak","twitter_card":"summary_large_image","twitter_misc":{"Written by":"bosniak","Est. reading time":"6 minuta"},"schema":{"@context":"https:\/\/schema.org","@graph":[{"@type":"Article","@id":"https:\/\/sandzakpress.net\/arhiva\/kceri-moja-ucitelju-moj-i-radosti-moja\/#article","isPartOf":{"@id":"https:\/\/sandzakpress.net\/arhiva\/kceri-moja-ucitelju-moj-i-radosti-moja\/"},"author":{"name":"bosniak","@id":"https:\/\/sandzakpress.net\/arhiva\/#\/schema\/person\/c8baee722073534b583ea7bdb2e36c02"},"headline":"&#8220;K\u0107eri moja, u\u010ditelju moj i radosti moja&#8221;","datePublished":"2014-08-14T22:41:40+00:00","mainEntityOfPage":{"@id":"https:\/\/sandzakpress.net\/arhiva\/kceri-moja-ucitelju-moj-i-radosti-moja\/"},"wordCount":1131,"commentCount":1,"publisher":{"@id":"https:\/\/sandzakpress.net\/arhiva\/#\/schema\/person\/6e72b67d6e51910a1117b3b483ba20bd"},"image":{"@id":"https:\/\/sandzakpress.net\/arhiva\/kceri-moja-ucitelju-moj-i-radosti-moja\/#primaryimage"},"thumbnailUrl":"https:\/\/sandzakpress.net\/arhiva\/wp-content\/uploads\/2014\/08\/Capture17.jpg","articleSection":["Iz pera na\u0161ih autora"],"inLanguage":"bs-BA","potentialAction":[{"@type":"CommentAction","name":"Comment","target":["https:\/\/sandzakpress.net\/arhiva\/kceri-moja-ucitelju-moj-i-radosti-moja\/#respond"]}]},{"@type":"WebPage","@id":"https:\/\/sandzakpress.net\/arhiva\/kceri-moja-ucitelju-moj-i-radosti-moja\/","url":"https:\/\/sandzakpress.net\/arhiva\/kceri-moja-ucitelju-moj-i-radosti-moja\/","name":"\"K\u0107eri moja, u\u010ditelju moj i radosti moja\"","isPartOf":{"@id":"https:\/\/sandzakpress.net\/arhiva\/#website"},"primaryImageOfPage":{"@id":"https:\/\/sandzakpress.net\/arhiva\/kceri-moja-ucitelju-moj-i-radosti-moja\/#primaryimage"},"image":{"@id":"https:\/\/sandzakpress.net\/arhiva\/kceri-moja-ucitelju-moj-i-radosti-moja\/#primaryimage"},"thumbnailUrl":"https:\/\/sandzakpress.net\/arhiva\/wp-content\/uploads\/2014\/08\/Capture17.jpg","datePublished":"2014-08-14T22:41:40+00:00","breadcrumb":{"@id":"https:\/\/sandzakpress.net\/arhiva\/kceri-moja-ucitelju-moj-i-radosti-moja\/#breadcrumb"},"inLanguage":"bs-BA","potentialAction":[{"@type":"ReadAction","target":["https:\/\/sandzakpress.net\/arhiva\/kceri-moja-ucitelju-moj-i-radosti-moja\/"]}]},{"@type":"ImageObject","inLanguage":"bs-BA","@id":"https:\/\/sandzakpress.net\/arhiva\/kceri-moja-ucitelju-moj-i-radosti-moja\/#primaryimage","url":"https:\/\/sandzakpress.net\/arhiva\/wp-content\/uploads\/2014\/08\/Capture17.jpg","contentUrl":"https:\/\/sandzakpress.net\/arhiva\/wp-content\/uploads\/2014\/08\/Capture17.jpg","width":644,"height":479},{"@type":"BreadcrumbList","@id":"https:\/\/sandzakpress.net\/arhiva\/kceri-moja-ucitelju-moj-i-radosti-moja\/#breadcrumb","itemListElement":[{"@type":"ListItem","position":1,"name":"Home","item":"https:\/\/sandzakpress.net\/arhiva\/"},{"@type":"ListItem","position":2,"name":"&#8220;K\u0107eri moja, u\u010ditelju moj i radosti moja&#8221;"}]},{"@type":"WebSite","@id":"https:\/\/sandzakpress.net\/arhiva\/#website","url":"https:\/\/sandzakpress.net\/arhiva\/","name":"Sand\u017eak PRESS","description":"Prve elektronske novine u Sand\u017eaku","publisher":{"@id":"https:\/\/sandzakpress.net\/arhiva\/#\/schema\/person\/6e72b67d6e51910a1117b3b483ba20bd"},"potentialAction":[{"@type":"SearchAction","target":{"@type":"EntryPoint","urlTemplate":"https:\/\/sandzakpress.net\/arhiva\/?s={search_term_string}"},"query-input":{"@type":"PropertyValueSpecification","valueRequired":true,"valueName":"search_term_string"}}],"inLanguage":"bs-BA"},{"@type":["Person","Organization"],"@id":"https:\/\/sandzakpress.net\/arhiva\/#\/schema\/person\/6e72b67d6e51910a1117b3b483ba20bd","name":"Kul","image":{"@type":"ImageObject","inLanguage":"bs-BA","@id":"https:\/\/sandzakpress.net\/arhiva\/#\/schema\/person\/image\/","url":"https:\/\/secure.gravatar.com\/avatar\/42263f39aa27ac04c43cab85c280eb2e?s=96&d=mm&r=pg","contentUrl":"https:\/\/secure.gravatar.com\/avatar\/42263f39aa27ac04c43cab85c280eb2e?s=96&d=mm&r=pg","caption":"Kul"},"logo":{"@id":"https:\/\/sandzakpress.net\/arhiva\/#\/schema\/person\/image\/"}},{"@type":"Person","@id":"https:\/\/sandzakpress.net\/arhiva\/#\/schema\/person\/c8baee722073534b583ea7bdb2e36c02","name":"bosniak","image":{"@type":"ImageObject","inLanguage":"bs-BA","@id":"https:\/\/sandzakpress.net\/arhiva\/#\/schema\/person\/image\/","url":"https:\/\/secure.gravatar.com\/avatar\/a04fd330bfe3a36a72a0ad4a6d89fca7?s=96&d=mm&r=pg","contentUrl":"https:\/\/secure.gravatar.com\/avatar\/a04fd330bfe3a36a72a0ad4a6d89fca7?s=96&d=mm&r=pg","caption":"bosniak"},"url":"https:\/\/sandzakpress.net\/arhiva\/author\/bosniak\/"}]}},"_links":{"self":[{"href":"https:\/\/sandzakpress.net\/arhiva\/wp-json\/wp\/v2\/posts\/110452"}],"collection":[{"href":"https:\/\/sandzakpress.net\/arhiva\/wp-json\/wp\/v2\/posts"}],"about":[{"href":"https:\/\/sandzakpress.net\/arhiva\/wp-json\/wp\/v2\/types\/post"}],"author":[{"embeddable":true,"href":"https:\/\/sandzakpress.net\/arhiva\/wp-json\/wp\/v2\/users\/83"}],"replies":[{"embeddable":true,"href":"https:\/\/sandzakpress.net\/arhiva\/wp-json\/wp\/v2\/comments?post=110452"}],"version-history":[{"count":0,"href":"https:\/\/sandzakpress.net\/arhiva\/wp-json\/wp\/v2\/posts\/110452\/revisions"}],"wp:featuredmedia":[{"embeddable":true,"href":"https:\/\/sandzakpress.net\/arhiva\/wp-json\/wp\/v2\/media\/110453"}],"wp:attachment":[{"href":"https:\/\/sandzakpress.net\/arhiva\/wp-json\/wp\/v2\/media?parent=110452"}],"wp:term":[{"taxonomy":"category","embeddable":true,"href":"https:\/\/sandzakpress.net\/arhiva\/wp-json\/wp\/v2\/categories?post=110452"},{"taxonomy":"post_tag","embeddable":true,"href":"https:\/\/sandzakpress.net\/arhiva\/wp-json\/wp\/v2\/tags?post=110452"}],"curies":[{"name":"wp","href":"https:\/\/api.w.org\/{rel}","templated":true}]}}