{"id":110437,"date":"2014-08-14T18:26:27","date_gmt":"2014-08-14T16:26:27","guid":{"rendered":"https:\/\/sandzakpress.net\/arhiva\/?p=110437"},"modified":"2014-08-14T18:26:27","modified_gmt":"2014-08-14T16:26:27","slug":"deneral-es-sisi-na-umri-pitao-za-pravac-kible-kako-bi-klanjao","status":"publish","type":"post","link":"https:\/\/sandzakpress.net\/arhiva\/deneral-es-sisi-na-umri-pitao-za-pravac-kible-kako-bi-klanjao\/","title":{"rendered":"\u0110eneral Es-Sisi na umri pitao za pravac kible kako bi klanjao"},"content":{"rendered":"<p><a href=\"https:\/\/sandzakpress.net\/arhiva\/wp-content\/uploads\/2014\/08\/140779188472.jpg\"><img loading=\"lazy\" decoding=\"async\" class=\"aligncenter size-full wp-image-110438\" src=\"https:\/\/sandzakpress.net\/arhiva\/wp-content\/uploads\/2014\/08\/140779188472.jpg\" alt=\"140779188472\" width=\"686\" height=\"515\" srcset=\"https:\/\/sandzakpress.net\/arhiva\/wp-content\/uploads\/2014\/08\/140779188472.jpg 686w, https:\/\/sandzakpress.net\/arhiva\/wp-content\/uploads\/2014\/08\/140779188472-616x462.jpg 616w\" sizes=\"(max-width: 686px) 100vw, 686px\" \/><\/a><\/p>\n<p><strong><span style=\"color: #000000;\">Egipat &#8211;\u00a0Elektronski portali na arapskom jeziku prenose danas vijest, pozivaju\u0107i se na izvore bliske nedavnim de\u0161avanjima u Haremu i posjeti egipatskog krvnika Es-Sisija, da je general, zbunjen u Haremu postavio pitanje \u010dovjeku zadu\u017eenom za otklju\u010davanje Kabe; \u201cGdje je ovdje kibla, da bih mogao klanjati.\u201d<\/span><\/strong><\/p>\n<p style=\"color: #666666;\"><span style=\"color: #000000;\">Portal dodaje da je ovo pitanje zbunilo \u010dovjeka koji je kazao da mo\u017ee klanjati na kojem god mjestu \u017eeli. Tako\u0111er, izvori navode da es-Sisi pri ulasku u Kabu nije pokazao nialo skru\u0161enosti i skromnosti, ve\u0107 se po\u010deo raspitivati o unutra\u0161njosti Kabe i njenoj historiji. Ovo je prvi put da es-Sisi obavi umru iako je bio dugogodi\u0161nji vojni ata\u0161e u egipatskoj ambasadi u Rijadu.<\/span><\/p>\n<p style=\"color: #666666;\"><span style=\"color: #000000;\">(IslamBosna)<\/span><\/p>\n","protected":false},"excerpt":{"rendered":"<p>Egipat &#8211;\u00a0Elektronski portali na arapskom jeziku prenose danas vijest, pozivaju\u0107i se na izvore bliske nedavnim de\u0161avanjima u Haremu i posjeti egipatskog krvnika Es-Sisija, da je general, zbunjen u Haremu postavio pitanje \u010dovjeku zadu\u017eenom za otklju\u010davanje Kabe; \u201cGdje je ovdje kibla, da bih mogao klanjati.\u201d Portal dodaje da je ovo pitanje zbunilo \u010dovjeka koji je kazao [&hellip;]<\/p>\n","protected":false},"author":83,"featured_media":110438,"comment_status":"open","ping_status":"open","sticky":false,"template":"","format":"standard","meta":{"footnotes":""},"categories":[9,10429],"tags":[10228],"class_list":{"0":"post-110437","1":"post","2":"type-post","3":"status-publish","4":"format-standard","5":"has-post-thumbnail","7":"category-svijet","8":"category-vazno","9":"tag-egipat"},"yoast_head":"<!-- This site is optimized with the Yoast SEO Premium plugin v23.1 (Yoast SEO v24.9) - https:\/\/yoast.com\/wordpress\/plugins\/seo\/ -->\n<title>\u0110eneral Es-Sisi na umri pitao za pravac kible kako bi klanjao<\/title>\n<meta name=\"robots\" content=\"index, follow, max-snippet:-1, max-image-preview:large, max-video-preview:-1\" \/>\n<link rel=\"canonical\" href=\"https:\/\/sandzakpress.net\/arhiva\/deneral-es-sisi-na-umri-pitao-za-pravac-kible-kako-bi-klanjao\/\" \/>\n<meta property=\"og:locale\" content=\"bs_BA\" \/>\n<meta property=\"og:type\" content=\"article\" \/>\n<meta property=\"og:title\" content=\"\u0110eneral Es-Sisi na umri pitao za pravac kible kako bi klanjao\" \/>\n<meta property=\"og:description\" content=\"Egipat &#8211;\u00a0Elektronski portali na arapskom jeziku prenose danas vijest, pozivaju\u0107i se na izvore bliske nedavnim de\u0161avanjima u Haremu i posjeti egipatskog krvnika Es-Sisija, da je general, zbunjen u Haremu postavio pitanje \u010dovjeku zadu\u017eenom za otklju\u010davanje Kabe; \u201cGdje je ovdje kibla, da bih mogao klanjati.\u201d Portal dodaje da je ovo pitanje zbunilo \u010dovjeka koji je kazao [&hellip;]\" \/>\n<meta property=\"og:url\" content=\"https:\/\/sandzakpress.net\/arhiva\/deneral-es-sisi-na-umri-pitao-za-pravac-kible-kako-bi-klanjao\/\" \/>\n<meta property=\"og:site_name\" content=\"Sand\u017eak PRESS\" \/>\n<meta property=\"article:published_time\" content=\"2014-08-14T16:26:27+00:00\" \/>\n<meta property=\"og:image\" content=\"https:\/\/sandzakpress.net\/arhiva\/wp-content\/uploads\/2014\/08\/140779188472.jpg\" \/>\n\t<meta property=\"og:image:width\" content=\"686\" \/>\n\t<meta property=\"og:image:height\" content=\"515\" \/>\n\t<meta property=\"og:image:type\" content=\"image\/jpeg\" \/>\n<meta name=\"author\" content=\"bosniak\" \/>\n<meta name=\"twitter:card\" content=\"summary_large_image\" \/>\n<meta name=\"twitter:label1\" content=\"Written by\" \/>\n\t<meta name=\"twitter:data1\" content=\"bosniak\" \/>\n\t<meta name=\"twitter:label2\" content=\"Est. reading time\" \/>\n\t<meta name=\"twitter:data2\" content=\"1 minuta\" \/>\n<script type=\"application\/ld+json\" class=\"yoast-schema-graph\">{\"@context\":\"https:\/\/schema.org\",\"@graph\":[{\"@type\":\"Article\",\"@id\":\"https:\/\/sandzakpress.net\/arhiva\/deneral-es-sisi-na-umri-pitao-za-pravac-kible-kako-bi-klanjao\/#article\",\"isPartOf\":{\"@id\":\"https:\/\/sandzakpress.net\/arhiva\/deneral-es-sisi-na-umri-pitao-za-pravac-kible-kako-bi-klanjao\/\"},\"author\":{\"name\":\"bosniak\",\"@id\":\"https:\/\/sandzakpress.net\/arhiva\/#\/schema\/person\/c8baee722073534b583ea7bdb2e36c02\"},\"headline\":\"\u0110eneral Es-Sisi na umri pitao za pravac kible kako bi klanjao\",\"datePublished\":\"2014-08-14T16:26:27+00:00\",\"mainEntityOfPage\":{\"@id\":\"https:\/\/sandzakpress.net\/arhiva\/deneral-es-sisi-na-umri-pitao-za-pravac-kible-kako-bi-klanjao\/\"},\"wordCount\":131,\"commentCount\":4,\"publisher\":{\"@id\":\"https:\/\/sandzakpress.net\/arhiva\/#\/schema\/person\/6e72b67d6e51910a1117b3b483ba20bd\"},\"image\":{\"@id\":\"https:\/\/sandzakpress.net\/arhiva\/deneral-es-sisi-na-umri-pitao-za-pravac-kible-kako-bi-klanjao\/#primaryimage\"},\"thumbnailUrl\":\"https:\/\/sandzakpress.net\/arhiva\/wp-content\/uploads\/2014\/08\/140779188472.jpg\",\"keywords\":[\"Egipat\"],\"articleSection\":[\"Svijet\",\"VA\u017dNO!\"],\"inLanguage\":\"bs-BA\",\"potentialAction\":[{\"@type\":\"CommentAction\",\"name\":\"Comment\",\"target\":[\"https:\/\/sandzakpress.net\/arhiva\/deneral-es-sisi-na-umri-pitao-za-pravac-kible-kako-bi-klanjao\/#respond\"]}]},{\"@type\":\"WebPage\",\"@id\":\"https:\/\/sandzakpress.net\/arhiva\/deneral-es-sisi-na-umri-pitao-za-pravac-kible-kako-bi-klanjao\/\",\"url\":\"https:\/\/sandzakpress.net\/arhiva\/deneral-es-sisi-na-umri-pitao-za-pravac-kible-kako-bi-klanjao\/\",\"name\":\"\u0110eneral Es-Sisi na umri pitao za pravac kible kako bi klanjao\",\"isPartOf\":{\"@id\":\"https:\/\/sandzakpress.net\/arhiva\/#website\"},\"primaryImageOfPage\":{\"@id\":\"https:\/\/sandzakpress.net\/arhiva\/deneral-es-sisi-na-umri-pitao-za-pravac-kible-kako-bi-klanjao\/#primaryimage\"},\"image\":{\"@id\":\"https:\/\/sandzakpress.net\/arhiva\/deneral-es-sisi-na-umri-pitao-za-pravac-kible-kako-bi-klanjao\/#primaryimage\"},\"thumbnailUrl\":\"https:\/\/sandzakpress.net\/arhiva\/wp-content\/uploads\/2014\/08\/140779188472.jpg\",\"datePublished\":\"2014-08-14T16:26:27+00:00\",\"breadcrumb\":{\"@id\":\"https:\/\/sandzakpress.net\/arhiva\/deneral-es-sisi-na-umri-pitao-za-pravac-kible-kako-bi-klanjao\/#breadcrumb\"},\"inLanguage\":\"bs-BA\",\"potentialAction\":[{\"@type\":\"ReadAction\",\"target\":[\"https:\/\/sandzakpress.net\/arhiva\/deneral-es-sisi-na-umri-pitao-za-pravac-kible-kako-bi-klanjao\/\"]}]},{\"@type\":\"ImageObject\",\"inLanguage\":\"bs-BA\",\"@id\":\"https:\/\/sandzakpress.net\/arhiva\/deneral-es-sisi-na-umri-pitao-za-pravac-kible-kako-bi-klanjao\/#primaryimage\",\"url\":\"https:\/\/sandzakpress.net\/arhiva\/wp-content\/uploads\/2014\/08\/140779188472.jpg\",\"contentUrl\":\"https:\/\/sandzakpress.net\/arhiva\/wp-content\/uploads\/2014\/08\/140779188472.jpg\",\"width\":686,\"height\":515},{\"@type\":\"BreadcrumbList\",\"@id\":\"https:\/\/sandzakpress.net\/arhiva\/deneral-es-sisi-na-umri-pitao-za-pravac-kible-kako-bi-klanjao\/#breadcrumb\",\"itemListElement\":[{\"@type\":\"ListItem\",\"position\":1,\"name\":\"Home\",\"item\":\"https:\/\/sandzakpress.net\/arhiva\/\"},{\"@type\":\"ListItem\",\"position\":2,\"name\":\"\u0110eneral Es-Sisi na umri pitao za pravac kible kako bi klanjao\"}]},{\"@type\":\"WebSite\",\"@id\":\"https:\/\/sandzakpress.net\/arhiva\/#website\",\"url\":\"https:\/\/sandzakpress.net\/arhiva\/\",\"name\":\"Sand\u017eak PRESS\",\"description\":\"Prve elektronske novine u Sand\u017eaku\",\"publisher\":{\"@id\":\"https:\/\/sandzakpress.net\/arhiva\/#\/schema\/person\/6e72b67d6e51910a1117b3b483ba20bd\"},\"potentialAction\":[{\"@type\":\"SearchAction\",\"target\":{\"@type\":\"EntryPoint\",\"urlTemplate\":\"https:\/\/sandzakpress.net\/arhiva\/?s={search_term_string}\"},\"query-input\":{\"@type\":\"PropertyValueSpecification\",\"valueRequired\":true,\"valueName\":\"search_term_string\"}}],\"inLanguage\":\"bs-BA\"},{\"@type\":[\"Person\",\"Organization\"],\"@id\":\"https:\/\/sandzakpress.net\/arhiva\/#\/schema\/person\/6e72b67d6e51910a1117b3b483ba20bd\",\"name\":\"Kul\",\"image\":{\"@type\":\"ImageObject\",\"inLanguage\":\"bs-BA\",\"@id\":\"https:\/\/sandzakpress.net\/arhiva\/#\/schema\/person\/image\/\",\"url\":\"https:\/\/secure.gravatar.com\/avatar\/42263f39aa27ac04c43cab85c280eb2e?s=96&d=mm&r=pg\",\"contentUrl\":\"https:\/\/secure.gravatar.com\/avatar\/42263f39aa27ac04c43cab85c280eb2e?s=96&d=mm&r=pg\",\"caption\":\"Kul\"},\"logo\":{\"@id\":\"https:\/\/sandzakpress.net\/arhiva\/#\/schema\/person\/image\/\"}},{\"@type\":\"Person\",\"@id\":\"https:\/\/sandzakpress.net\/arhiva\/#\/schema\/person\/c8baee722073534b583ea7bdb2e36c02\",\"name\":\"bosniak\",\"image\":{\"@type\":\"ImageObject\",\"inLanguage\":\"bs-BA\",\"@id\":\"https:\/\/sandzakpress.net\/arhiva\/#\/schema\/person\/image\/\",\"url\":\"https:\/\/secure.gravatar.com\/avatar\/a04fd330bfe3a36a72a0ad4a6d89fca7?s=96&d=mm&r=pg\",\"contentUrl\":\"https:\/\/secure.gravatar.com\/avatar\/a04fd330bfe3a36a72a0ad4a6d89fca7?s=96&d=mm&r=pg\",\"caption\":\"bosniak\"},\"url\":\"https:\/\/sandzakpress.net\/arhiva\/author\/bosniak\/\"}]}<\/script>\n<!-- \/ Yoast SEO Premium plugin. -->","yoast_head_json":{"title":"\u0110eneral Es-Sisi na umri pitao za pravac kible kako bi klanjao","robots":{"index":"index","follow":"follow","max-snippet":"max-snippet:-1","max-image-preview":"max-image-preview:large","max-video-preview":"max-video-preview:-1"},"canonical":"https:\/\/sandzakpress.net\/arhiva\/deneral-es-sisi-na-umri-pitao-za-pravac-kible-kako-bi-klanjao\/","og_locale":"bs_BA","og_type":"article","og_title":"\u0110eneral Es-Sisi na umri pitao za pravac kible kako bi klanjao","og_description":"Egipat &#8211;\u00a0Elektronski portali na arapskom jeziku prenose danas vijest, pozivaju\u0107i se na izvore bliske nedavnim de\u0161avanjima u Haremu i posjeti egipatskog krvnika Es-Sisija, da je general, zbunjen u Haremu postavio pitanje \u010dovjeku zadu\u017eenom za otklju\u010davanje Kabe; \u201cGdje je ovdje kibla, da bih mogao klanjati.\u201d Portal dodaje da je ovo pitanje zbunilo \u010dovjeka koji je kazao [&hellip;]","og_url":"https:\/\/sandzakpress.net\/arhiva\/deneral-es-sisi-na-umri-pitao-za-pravac-kible-kako-bi-klanjao\/","og_site_name":"Sand\u017eak PRESS","article_published_time":"2014-08-14T16:26:27+00:00","og_image":[{"width":686,"height":515,"url":"https:\/\/sandzakpress.net\/arhiva\/wp-content\/uploads\/2014\/08\/140779188472.jpg","type":"image\/jpeg"}],"author":"bosniak","twitter_card":"summary_large_image","twitter_misc":{"Written by":"bosniak","Est. reading time":"1 minuta"},"schema":{"@context":"https:\/\/schema.org","@graph":[{"@type":"Article","@id":"https:\/\/sandzakpress.net\/arhiva\/deneral-es-sisi-na-umri-pitao-za-pravac-kible-kako-bi-klanjao\/#article","isPartOf":{"@id":"https:\/\/sandzakpress.net\/arhiva\/deneral-es-sisi-na-umri-pitao-za-pravac-kible-kako-bi-klanjao\/"},"author":{"name":"bosniak","@id":"https:\/\/sandzakpress.net\/arhiva\/#\/schema\/person\/c8baee722073534b583ea7bdb2e36c02"},"headline":"\u0110eneral Es-Sisi na umri pitao za pravac kible kako bi klanjao","datePublished":"2014-08-14T16:26:27+00:00","mainEntityOfPage":{"@id":"https:\/\/sandzakpress.net\/arhiva\/deneral-es-sisi-na-umri-pitao-za-pravac-kible-kako-bi-klanjao\/"},"wordCount":131,"commentCount":4,"publisher":{"@id":"https:\/\/sandzakpress.net\/arhiva\/#\/schema\/person\/6e72b67d6e51910a1117b3b483ba20bd"},"image":{"@id":"https:\/\/sandzakpress.net\/arhiva\/deneral-es-sisi-na-umri-pitao-za-pravac-kible-kako-bi-klanjao\/#primaryimage"},"thumbnailUrl":"https:\/\/sandzakpress.net\/arhiva\/wp-content\/uploads\/2014\/08\/140779188472.jpg","keywords":["Egipat"],"articleSection":["Svijet","VA\u017dNO!"],"inLanguage":"bs-BA","potentialAction":[{"@type":"CommentAction","name":"Comment","target":["https:\/\/sandzakpress.net\/arhiva\/deneral-es-sisi-na-umri-pitao-za-pravac-kible-kako-bi-klanjao\/#respond"]}]},{"@type":"WebPage","@id":"https:\/\/sandzakpress.net\/arhiva\/deneral-es-sisi-na-umri-pitao-za-pravac-kible-kako-bi-klanjao\/","url":"https:\/\/sandzakpress.net\/arhiva\/deneral-es-sisi-na-umri-pitao-za-pravac-kible-kako-bi-klanjao\/","name":"\u0110eneral Es-Sisi na umri pitao za pravac kible kako bi klanjao","isPartOf":{"@id":"https:\/\/sandzakpress.net\/arhiva\/#website"},"primaryImageOfPage":{"@id":"https:\/\/sandzakpress.net\/arhiva\/deneral-es-sisi-na-umri-pitao-za-pravac-kible-kako-bi-klanjao\/#primaryimage"},"image":{"@id":"https:\/\/sandzakpress.net\/arhiva\/deneral-es-sisi-na-umri-pitao-za-pravac-kible-kako-bi-klanjao\/#primaryimage"},"thumbnailUrl":"https:\/\/sandzakpress.net\/arhiva\/wp-content\/uploads\/2014\/08\/140779188472.jpg","datePublished":"2014-08-14T16:26:27+00:00","breadcrumb":{"@id":"https:\/\/sandzakpress.net\/arhiva\/deneral-es-sisi-na-umri-pitao-za-pravac-kible-kako-bi-klanjao\/#breadcrumb"},"inLanguage":"bs-BA","potentialAction":[{"@type":"ReadAction","target":["https:\/\/sandzakpress.net\/arhiva\/deneral-es-sisi-na-umri-pitao-za-pravac-kible-kako-bi-klanjao\/"]}]},{"@type":"ImageObject","inLanguage":"bs-BA","@id":"https:\/\/sandzakpress.net\/arhiva\/deneral-es-sisi-na-umri-pitao-za-pravac-kible-kako-bi-klanjao\/#primaryimage","url":"https:\/\/sandzakpress.net\/arhiva\/wp-content\/uploads\/2014\/08\/140779188472.jpg","contentUrl":"https:\/\/sandzakpress.net\/arhiva\/wp-content\/uploads\/2014\/08\/140779188472.jpg","width":686,"height":515},{"@type":"BreadcrumbList","@id":"https:\/\/sandzakpress.net\/arhiva\/deneral-es-sisi-na-umri-pitao-za-pravac-kible-kako-bi-klanjao\/#breadcrumb","itemListElement":[{"@type":"ListItem","position":1,"name":"Home","item":"https:\/\/sandzakpress.net\/arhiva\/"},{"@type":"ListItem","position":2,"name":"\u0110eneral Es-Sisi na umri pitao za pravac kible kako bi klanjao"}]},{"@type":"WebSite","@id":"https:\/\/sandzakpress.net\/arhiva\/#website","url":"https:\/\/sandzakpress.net\/arhiva\/","name":"Sand\u017eak PRESS","description":"Prve elektronske novine u Sand\u017eaku","publisher":{"@id":"https:\/\/sandzakpress.net\/arhiva\/#\/schema\/person\/6e72b67d6e51910a1117b3b483ba20bd"},"potentialAction":[{"@type":"SearchAction","target":{"@type":"EntryPoint","urlTemplate":"https:\/\/sandzakpress.net\/arhiva\/?s={search_term_string}"},"query-input":{"@type":"PropertyValueSpecification","valueRequired":true,"valueName":"search_term_string"}}],"inLanguage":"bs-BA"},{"@type":["Person","Organization"],"@id":"https:\/\/sandzakpress.net\/arhiva\/#\/schema\/person\/6e72b67d6e51910a1117b3b483ba20bd","name":"Kul","image":{"@type":"ImageObject","inLanguage":"bs-BA","@id":"https:\/\/sandzakpress.net\/arhiva\/#\/schema\/person\/image\/","url":"https:\/\/secure.gravatar.com\/avatar\/42263f39aa27ac04c43cab85c280eb2e?s=96&d=mm&r=pg","contentUrl":"https:\/\/secure.gravatar.com\/avatar\/42263f39aa27ac04c43cab85c280eb2e?s=96&d=mm&r=pg","caption":"Kul"},"logo":{"@id":"https:\/\/sandzakpress.net\/arhiva\/#\/schema\/person\/image\/"}},{"@type":"Person","@id":"https:\/\/sandzakpress.net\/arhiva\/#\/schema\/person\/c8baee722073534b583ea7bdb2e36c02","name":"bosniak","image":{"@type":"ImageObject","inLanguage":"bs-BA","@id":"https:\/\/sandzakpress.net\/arhiva\/#\/schema\/person\/image\/","url":"https:\/\/secure.gravatar.com\/avatar\/a04fd330bfe3a36a72a0ad4a6d89fca7?s=96&d=mm&r=pg","contentUrl":"https:\/\/secure.gravatar.com\/avatar\/a04fd330bfe3a36a72a0ad4a6d89fca7?s=96&d=mm&r=pg","caption":"bosniak"},"url":"https:\/\/sandzakpress.net\/arhiva\/author\/bosniak\/"}]}},"_links":{"self":[{"href":"https:\/\/sandzakpress.net\/arhiva\/wp-json\/wp\/v2\/posts\/110437"}],"collection":[{"href":"https:\/\/sandzakpress.net\/arhiva\/wp-json\/wp\/v2\/posts"}],"about":[{"href":"https:\/\/sandzakpress.net\/arhiva\/wp-json\/wp\/v2\/types\/post"}],"author":[{"embeddable":true,"href":"https:\/\/sandzakpress.net\/arhiva\/wp-json\/wp\/v2\/users\/83"}],"replies":[{"embeddable":true,"href":"https:\/\/sandzakpress.net\/arhiva\/wp-json\/wp\/v2\/comments?post=110437"}],"version-history":[{"count":0,"href":"https:\/\/sandzakpress.net\/arhiva\/wp-json\/wp\/v2\/posts\/110437\/revisions"}],"wp:featuredmedia":[{"embeddable":true,"href":"https:\/\/sandzakpress.net\/arhiva\/wp-json\/wp\/v2\/media\/110438"}],"wp:attachment":[{"href":"https:\/\/sandzakpress.net\/arhiva\/wp-json\/wp\/v2\/media?parent=110437"}],"wp:term":[{"taxonomy":"category","embeddable":true,"href":"https:\/\/sandzakpress.net\/arhiva\/wp-json\/wp\/v2\/categories?post=110437"},{"taxonomy":"post_tag","embeddable":true,"href":"https:\/\/sandzakpress.net\/arhiva\/wp-json\/wp\/v2\/tags?post=110437"}],"curies":[{"name":"wp","href":"https:\/\/api.w.org\/{rel}","templated":true}]}}