{"id":110411,"date":"2014-08-14T01:04:33","date_gmt":"2014-08-13T23:04:33","guid":{"rendered":"https:\/\/sandzakpress.net\/arhiva\/?p=110411"},"modified":"2014-08-14T15:45:29","modified_gmt":"2014-08-14T13:45:29","slug":"zasto-su-sirijske-opozicione-grupe-ujedinjenje-protiv-idis-a","status":"publish","type":"post","link":"https:\/\/sandzakpress.net\/arhiva\/zasto-su-sirijske-opozicione-grupe-ujedinjenje-protiv-idis-a\/","title":{"rendered":"Za\u0161to su sirijske opozicione grupe ujedinjenje protiv IDI\u0160-a?"},"content":{"rendered":"<p style=\"color: #666666;\"><a href=\"https:\/\/sandzakpress.net\/arhiva\/wp-content\/uploads\/2014\/08\/Capture14.jpg\"><img loading=\"lazy\" decoding=\"async\" class=\"aligncenter size-full wp-image-110412\" src=\"https:\/\/sandzakpress.net\/arhiva\/wp-content\/uploads\/2014\/08\/Capture14.jpg\" alt=\"Capture\" width=\"791\" height=\"444\" srcset=\"https:\/\/sandzakpress.net\/arhiva\/wp-content\/uploads\/2014\/08\/Capture14.jpg 791w, https:\/\/sandzakpress.net\/arhiva\/wp-content\/uploads\/2014\/08\/Capture14-616x345.jpg 616w\" sizes=\"(max-width: 791px) 100vw, 791px\" \/><\/a><\/p>\n<p style=\"color: #666666;\"><span style=\"color: #000000;\">Novinar i reditelj, Bilal Abdulkerim poja\u0161njava zbog \u010dega su sirijske\u00a0opozicione oru\u017eane grupe ujedinjene protiv Islamske dr\u017eave Iraka i el-\u0160ema\/ IDI\u0160.<\/span><\/p>\n<p style=\"color: #666666;\"><span style=\"color: #000000;\">Bio je januar 2013. i islamske grupe su, u to vrijeme predvo\u0111ene D\u017eebhat el-Nusrom i Ahrar el-\u0160emom,\u00a0na uzdi dr\u017eale sirijski re\u017eim. Gradovi i mjesta su padali sedmi\u010dno i \u010dinilo se da niko nije bio u stanju zaustaviti njihovo napredovanje. Jo\u0161 nekoliko dobrih borbi i vjerujem da bi re\u017eim pao.<\/span><\/p>\n<p style=\"color: #666666;\"><span style=\"color: #000000;\">Mu\u0161karci i \u017eene su podjednako hvalili mud\u017eahide, kako strane tako i doma\u0107e, zbog njihovih herojskih nastojanja i \u017ertve. Bila je to atmosfera koju ne mo\u017eete ni zamisliti ako niste bili tamo, poput mene. \u010cinilo se da nije pitanje ho\u0107e li re\u017eim pasti- ve\u0107 kada.<\/span><\/p>\n<p style=\"color: #666666;\"><span style=\"color: #000000;\">Borci su doslovno molili svoje zapovjednike da ih uvrste u sljede\u0107i napad i plakali bi ukoliko bi bili odbijeni. Kako sam do\u0161ao iz SAD-a, nisam bio naviknut da vidim odrasle mu\u0161karce kako pla\u010du \u2013 nisam mogao vjerovati. Onda se odjednom dogodilo ne\u0161to \u0161to je skrhalo sve nade. Ebu Bekr el-Bagdadi je odvojio svoju vojsku od D\u017eebhat el-Nusre i oformio IDI\u0160, sada poznat kao \u2018Islamska dr\u017eava\u2019\/ID.<\/span><\/p>\n<p style=\"color: #666666;\"><span style=\"color: #000000;\"><strong style=\"font-style: inherit;\">IDI\u0160<\/strong><\/span><\/p>\n<p style=\"color: #666666;\"><span style=\"color: #000000;\">Proveo sam dosta vremena snimaju\u0107i u Siriji, a upoznao sam i pripadnike IDI\u0160-a koji su sada dio islamske dr\u017eave koja se prote\u017ee izme\u0111u Sirije i Iraka. Ja sam novinar ali sam tako\u0111er i ljudsko bi\u0107e. S obzirom na \u010dinjenicu da sam musliman i da imam 43 godine, dovoljno sam star da bih mogao biti otac ve\u0107ini tamo\u0161njih boraca, \u0161to je dovelo do takvog stepena po\u0161tovanja kojeg mnogi novinari nisu imali.<\/span><\/p>\n<p style=\"color: #666666;\"><span style=\"color: #000000;\">Vidio sam veliki broj taktika koje je IDI\u0160 koristio i podsticao sam one koje sam mogao da im se ne pridru\u017ee. Jedni su poslu\u0161ali, drugi nisu. Me\u0111utim, \u010desto sam se pitao zbog \u010dega? Ljudi \u0107e mi sada slati poruke na Facebook pitaju\u0107i me zbog \u010dega nisam sretan \u0161to sada postoji \u2018islamska dr\u017eava\u2019 i \u0161to je ne podr\u017eavam.<\/span><\/p>\n<p style=\"color: #666666;\"><span style=\"color: #000000;\">Pitate se koji su to osnovni razlozi sukoba me\u0111u grupama? Da li se nastojalo da se sukobljene strane ujedine? Poku\u0161at \u0107u da odgovorim na pojedina od ovih pitanja najbolje \u0161to mogu u seriji \u010dlanaka koji slijede.<\/span><\/p>\n<p style=\"color: #666666;\"><span style=\"color: #000000;\">Pojedinci \u0107e misliti da sam pristran, neki \u0107e me protekfiriti (izop\u0107iti iz islama) zbog toga \u0161to govorim ono za \u0161ta smatram da je istina, a drugi \u0107e samo odbaciti ono \u0161to imam re\u0107i.<\/span><\/p>\n<p style=\"color: #666666;\"><span style=\"color: #000000;\"><strong style=\"font-style: inherit;\">Dr. Hussejn Sulejman<\/strong><\/span><\/p>\n<p style=\"color: #666666;\"><span style=\"color: #000000;\"><img loading=\"lazy\" decoding=\"async\" class=\"alignleft\" style=\"font-weight: inherit; font-style: inherit;\" src=\"http:\/\/1-ps.googleusercontent.com\/x\/www.islambosna.ba\/www.5pillarz.com\/wp-content\/uploads\/2014\/08\/300x166xdr-abu-rayyan.png.pagespeed.ic.vnW_SQPuzy.webp\" alt=\"\" width=\"300\" height=\"166\" \/>Iako ovo nije ta\u010dka odakle su\u00a0 po\u010deli sukobi izme\u0111u opozicionara i IDI\u0160-a, dobra je osnova za po\u010detak, tako da mo\u017eete po\u010deti da razumijete\u00a0atmosferu. Ja \u0107u svoje kratko putovanje po\u010deti pri\u010dom o dr. Hussejnu Sulejmanu koji je bio poznat kao Ebu Rejjan. On je bio vi\u0161i zapovjednik Ahrar el-\u0160ema, jedne od naju\u010dinkovitnijih sirijskih opozicionih oru\u017eanih grupa koje se bore protiv Assadovih snaga. Pro\u0161le godine bilo je nekoliko velikih sukoba izme\u0111u IDI\u0160-a i Ahrar el-\u0160ema, naro\u010dito oko sela Maskana. Ebu Rejjan je oti\u0161ao do IDI\u0160-a kako bi se spor rije\u0161io. Ono \u0161to se zatim dogodilo je ne\u0161to, za \u0161ta znam, da \u0107e svaki musliman koji je \u010duo za IDI\u0160 ili za \u2018islamsku dr\u017eavu\u2019 znati da je samo jedna od pri\u010da te vrste.<\/span><\/p>\n<p style=\"color: #666666;\"><span style=\"color: #000000;\">U januaru ove godine, Ebu Rejjana su uhapsile snage IDI\u0160-a kada je oti\u0161ao u njihovo sjedi\u0161te kao posrednik u sporu izme\u0111u dvije grupe. Kako se nije vratio u bazu, Ahrar el-\u0160am je kontaktirao IDI\u0160 kako bi se raspitali o njemu. U po\u010detku su negirali govore\u0107i da ne znaju ni\u0161ta o njemu.<\/span><\/p>\n<p style=\"color: #666666;\"><span style=\"color: #000000;\">Me\u0111utim, nekoliko dana kasnije jedan od zatvorenika koji je bio u istom zatvoru kao dr. Ebu Rejjan je pu\u0161ten, i obavijestio je vo\u0111u Ahrar e-\u0160ama, Hassana Abbuda da je zapovjednik zarobljen. IDI\u0160 se suo\u010dio sa dokazom da su zatvorili Ebu Rejjan. Nakon toga, priznali su da je njihov zarobljenik i da je sada optu\u017een za neke \u2018ozbiljne\u2019 zlo\u010dine.<\/span><\/p>\n<p style=\"color: #666666;\"><span style=\"color: #000000;\">Hassan Abbud im je rekao da zna da su optu\u017ebe izmi\u0161ljene, uostalom, Ebu Rejjan je oti\u0161ao direktno do njih, i da je jedino po\u0161teno da mu sudi nezavisan sud, a on \u0107e po\u0161tovati njihovu odluku. Nakon brojih rasprava kome i gdje da se slu\u010daj prepusti, pregovori su zavr\u0161eni bez dogovora. Nakon 20 dana pritvora,\u00a0Ebu Rejjanovo tijelo je poslato njegovoj porodici u sljede\u0107em stanju:<\/span><\/p>\n<p style=\"color: #666666;\"><span style=\"color: #000000;\">&#8211; Desno uho odsje\u010deno (forenzi\u010dka ispitivanja su pokazala da se to dogodilo prije smrti)<img loading=\"lazy\" decoding=\"async\" class=\"alignright\" style=\"font-weight: inherit; font-style: inherit;\" src=\"http:\/\/1-ps.googleusercontent.com\/x\/www.islambosna.ba\/www.bilalabdulkareem.com\/wp-content\/uploads\/2014\/08\/300x168xDSC_0010-300x168.jpg.pagespeed.ic.m9KjS_Gcw-.webp\" alt=\"Tortured and Murdered\" width=\"300\" height=\"168\" \/><\/span><\/p>\n<p style=\"color: #666666;\"><span style=\"color: #000000;\">&#8211; ugrizi na donjoj i gornjoj usni (\u0161to ukazuje da je trpio jaku bol)<\/span><\/p>\n<p style=\"color: #666666;\"><span style=\"color: #000000;\">&#8211; slomljena lijeva noga<\/span><\/p>\n<p style=\"color: #666666;\"><span style=\"color: #000000;\">-slomljen prst dok su njegovi otmi\u010dari poku\u0161avali odsje\u0107i prst no\u017eem (tako\u0111er prije smrti)<\/span><\/p>\n<p style=\"color: #666666;\"><span style=\"color: #000000;\">&#8211; slomljen lijevi zglob ruke<\/span><\/p>\n<p style=\"color: #666666;\"><span style=\"color: #000000;\">&#8211; 21 rupa od metka, 10 u glavu, jedan u lijevu ruku (otprilike 12 sati prije nego \u0161to je smrt nastupila)<\/span><\/p>\n<p style=\"color: #666666;\"><span style=\"color: #000000;\"><strong style=\"font-style: inherit;\">Posredni\u0161tvo<\/strong><\/span><\/p>\n<p style=\"color: #666666;\"><span style=\"color: #000000;\">\u0160ejh Jusuf el-Ahmed je poku\u0161ao posredovati nakon \u0161to je\u00a0 IDI\u0160 izjavio da bi mora postojati jedan sudija iz Ahrar el-\u0160ama i jedan sudija iz IDI\u0160-a koji bi donijeli odluku. \u0160ejh Jusuf el-Ahmed je sugerisao da ovaj na\u010din su\u0111enja ne\u0107e dovesti do nezavisne presude i da ne\u0107e dovesti do mirnog razrje\u0161enja spora. Stoga je u pismu upu\u017eenom Hassan Abbudiju i Ebu Bekru el-Bagdadiju predlo\u017eio da trebaju okupiti predstavnici iz drugih grupacija koje se bore u Siriji izvan Ahrar el-\u0160ama i IDI\u0160-a \u00a0i da oni izaberu u\u010denjaka koji \u0107e presuditi.<\/span><\/p>\n<p style=\"color: #666666;\"><span style=\"color: #000000;\"><img loading=\"lazy\" decoding=\"async\" class=\"alignleft\" style=\"font-weight: inherit; font-style: inherit;\" src=\"http:\/\/1-ps.googleusercontent.com\/x\/www.islambosna.ba\/www.5pillarz.com\/wp-content\/uploads\/2014\/07\/300x300xbaghdadi-300x300.jpg.pagespeed.ic.IjVX3S7Tco.webp\" alt=\"The previous images of al Baghdadi have matched his most recent images.\" width=\"300\" height=\"300\" \/>Nekolio uglednih u\u010denjaka u d\u017eihadskom pokretu Sirije poku\u0161alo je da interveni\u0161e da se pitanje istra\u017ei i po\u010dinitelji kazne. Me\u0111utim IDI\u0160 je odbio da odgovori na njihove zahtjeve jer\u00a0su\u00a0stava da su islamska dr\u017eava i da nema potrebe za neovisnim sudstvom. Ovo se smatralo velikim \u010dinom izdaje od strane Ahrar el-\u0160ama i drugih vjerskih grupacija koje se bore u ratu jer njihovo odbijanje da se pojave na \u0161erijatskom sudu je suprotno svemu onome za \u0161ta se bore u Siriji. Osim toga dr. Hussejn im je poslat kao glasnik i osoba koja je bila pod za\u0161titom, kao \u0161to su to uobi\u010dajeno mirovni izaslanici. Osim toga osje\u0107ali su se izdanim jer mu\u010denje je klju\u010dni element sirijskog re\u017eima u borbi protiv njih.<\/span><\/p>\n<p style=\"color: #666666;\"><span style=\"color: #000000;\">Ovaj doga\u0111aj je bio jedan od iskri koji je pokrenuo internu borbu me\u0111u islamskim grupama koje su povezani sa FSA\/Oslobodila\u010dkom sirijskom vojskom na jednoj strani i IDI\u0160-a na drugoj. Nijedna od islamskih grupa se niti povezuje niti je u savezu sa IDI\u0160-om.<\/span><\/p>\n<p style=\"color: #666666;\"><span style=\"color: #000000;\">Iz Ahrar el-\u0160ama su kazali da Ebu Rejjan nije izveden ni na jedan sud za svoje navodne zlo\u010dine ve\u0107 je samo pogubljen. FSA, i druge brigade su se ujedinile, jer su imali problema sa IDI\u0160-om koji ne priznaju prava bilo kojih muslimana koji im se protive i njihovu ideologiju. Tokom tog vremena i sada, ID je poku\u0161ala da prika\u017ee da je ovo rat onih koji \u017eele \u0161erijatsko pravo (odnosno njih) i onih koji \u017eele demokratiju (tj. svaku drugu grupaciju). Iz prve ruke sam slu\u0161ao svjedo\u010denja da su zatvori \u2018islamske dr\u017eave\u2019 puni siroma\u0161nih Sirijaca i stranaca koji su osumnji\u010deni za zlo\u010dine i zatvoreni bez su\u0111enja. Za pojedine se nije ni \u010dulo ni\u0161ta vi\u0161e od kad su zatvoreni.<\/span><\/p>\n<p style=\"color: #666666;\"><span style=\"color: #000000;\">Osnovni problem koji ve\u0107ina grupa unutar Sirije ima sa ID je da se oni sami uzdi\u017eu \u010dak i iznad islamskog prava za koji navode da su do\u0161li da ga uspostave. Ugledni u\u010denjaci d\u017eihadskih krugova, poput Ebu Muhammeda el-Makdisija i Ebu Katade su osudili ID\u00a0zbog njihovog djelovanja i njihovih stalnih odbijanja da se pojave na nezavisnim islamskih sudovima da bi se prevazi\u0161le razlike. ID\u00a0smatra da su oni islamska dr\u017eava i da se problemi dr\u017eave rje\u0161avaju jedino unutar dr\u017eave, \u0161to zna\u010di njihovi sudovi sa njihovim sudijama.<\/span><\/p>\n<p style=\"color: #666666;\"><span style=\"color: #000000;\">Du\u017enost muslimana \u0161irom svijeta, koji o\u010digledno nisu vi\u0161e voljni da prihvate postoje\u0107i status quo, je da odlu\u010de koji \u0107e biti njihov novi identitet. Oni koji ih podr\u017eavaju, ili oni koji misle da podr\u017eavaju miliciju \u2018islamske dr\u017eave\u2019 ne bi trebali da la\u017eno pla\u010du kada Benjamin Netanyahu ubije Palestince jer jo\u0161 nisu izvr\u0161ili pritisak na Ebu Bekra el-Bagdadija da odgovori na optu\u017ebe za zatvaranje, mu\u010denje i ubistvo dr. Hussejna Sulejmana.<\/span><\/p>\n<p style=\"color: #666666;\"><span style=\"color: #000000;\">Nedostatak odgovornosti je stvorio atmosferu gdje vo\u0111e u muslimanskom svijetu su previ\u0161e navikle da skre\u0107u sa pitanja koja su im upu\u0107ena ukoliko to ne zna\u010di smrt, a to je postala i osobina vodstva IDI\u0160-a.<\/span><\/p>\n<p style=\"color: #666666;\"><span style=\"color: #000000;\">Autor:<strong style=\"font-style: inherit;\"> Bilal Abdulkerim<\/strong><\/span><\/p>\n<p style=\"color: #666666;\">(IslamBosna)<\/p>\n","protected":false},"excerpt":{"rendered":"<p>Bilal Abdulkerim<\/p>\n","protected":false},"author":83,"featured_media":110412,"comment_status":"open","ping_status":"open","sticky":false,"template":"","format":"standard","meta":{"footnotes":""},"categories":[10196],"tags":[10225,10453],"class_list":{"0":"post-110411","1":"post","2":"type-post","3":"status-publish","4":"format-standard","5":"has-post-thumbnail","7":"category-iz-pera-nasih-autora","8":"tag-sirija","9":"tag-irak"},"yoast_head":"<!-- This site is optimized with the Yoast SEO Premium plugin v23.1 (Yoast SEO v24.9) - https:\/\/yoast.com\/wordpress\/plugins\/seo\/ -->\n<title>Za\u0161to su sirijske opozicione grupe ujedinjenje protiv IDI\u0160-a?<\/title>\n<meta name=\"robots\" content=\"index, follow, max-snippet:-1, max-image-preview:large, max-video-preview:-1\" \/>\n<link rel=\"canonical\" href=\"https:\/\/sandzakpress.net\/arhiva\/zasto-su-sirijske-opozicione-grupe-ujedinjenje-protiv-idis-a\/\" \/>\n<meta property=\"og:locale\" content=\"bs_BA\" \/>\n<meta property=\"og:type\" content=\"article\" \/>\n<meta property=\"og:title\" content=\"Za\u0161to su sirijske opozicione grupe ujedinjenje protiv IDI\u0160-a?\" \/>\n<meta property=\"og:description\" content=\"Bilal Abdulkerim\" \/>\n<meta property=\"og:url\" content=\"https:\/\/sandzakpress.net\/arhiva\/zasto-su-sirijske-opozicione-grupe-ujedinjenje-protiv-idis-a\/\" \/>\n<meta property=\"og:site_name\" content=\"Sand\u017eak PRESS\" \/>\n<meta property=\"article:published_time\" content=\"2014-08-13T23:04:33+00:00\" \/>\n<meta property=\"article:modified_time\" content=\"2014-08-14T13:45:29+00:00\" \/>\n<meta property=\"og:image\" content=\"https:\/\/sandzakpress.net\/arhiva\/wp-content\/uploads\/2014\/08\/Capture14.jpg\" \/>\n\t<meta property=\"og:image:width\" content=\"791\" \/>\n\t<meta property=\"og:image:height\" content=\"444\" \/>\n\t<meta property=\"og:image:type\" content=\"image\/jpeg\" \/>\n<meta name=\"author\" content=\"bosniak\" \/>\n<meta name=\"twitter:card\" content=\"summary_large_image\" \/>\n<meta name=\"twitter:label1\" content=\"Written by\" \/>\n\t<meta name=\"twitter:data1\" content=\"bosniak\" \/>\n\t<meta name=\"twitter:label2\" content=\"Est. reading time\" \/>\n\t<meta name=\"twitter:data2\" content=\"7 minuta\" \/>\n<script type=\"application\/ld+json\" class=\"yoast-schema-graph\">{\"@context\":\"https:\/\/schema.org\",\"@graph\":[{\"@type\":\"Article\",\"@id\":\"https:\/\/sandzakpress.net\/arhiva\/zasto-su-sirijske-opozicione-grupe-ujedinjenje-protiv-idis-a\/#article\",\"isPartOf\":{\"@id\":\"https:\/\/sandzakpress.net\/arhiva\/zasto-su-sirijske-opozicione-grupe-ujedinjenje-protiv-idis-a\/\"},\"author\":{\"name\":\"bosniak\",\"@id\":\"https:\/\/sandzakpress.net\/arhiva\/#\/schema\/person\/c8baee722073534b583ea7bdb2e36c02\"},\"headline\":\"Za\u0161to su sirijske opozicione grupe ujedinjenje protiv IDI\u0160-a?\",\"datePublished\":\"2014-08-13T23:04:33+00:00\",\"dateModified\":\"2014-08-14T13:45:29+00:00\",\"mainEntityOfPage\":{\"@id\":\"https:\/\/sandzakpress.net\/arhiva\/zasto-su-sirijske-opozicione-grupe-ujedinjenje-protiv-idis-a\/\"},\"wordCount\":1484,\"commentCount\":5,\"publisher\":{\"@id\":\"https:\/\/sandzakpress.net\/arhiva\/#\/schema\/person\/6e72b67d6e51910a1117b3b483ba20bd\"},\"image\":{\"@id\":\"https:\/\/sandzakpress.net\/arhiva\/zasto-su-sirijske-opozicione-grupe-ujedinjenje-protiv-idis-a\/#primaryimage\"},\"thumbnailUrl\":\"https:\/\/sandzakpress.net\/arhiva\/wp-content\/uploads\/2014\/08\/Capture14.jpg\",\"keywords\":[\"Sirija\",\"Irak\"],\"articleSection\":[\"Iz pera na\u0161ih autora\"],\"inLanguage\":\"bs-BA\",\"potentialAction\":[{\"@type\":\"CommentAction\",\"name\":\"Comment\",\"target\":[\"https:\/\/sandzakpress.net\/arhiva\/zasto-su-sirijske-opozicione-grupe-ujedinjenje-protiv-idis-a\/#respond\"]}]},{\"@type\":\"WebPage\",\"@id\":\"https:\/\/sandzakpress.net\/arhiva\/zasto-su-sirijske-opozicione-grupe-ujedinjenje-protiv-idis-a\/\",\"url\":\"https:\/\/sandzakpress.net\/arhiva\/zasto-su-sirijske-opozicione-grupe-ujedinjenje-protiv-idis-a\/\",\"name\":\"Za\u0161to su sirijske opozicione grupe ujedinjenje protiv IDI\u0160-a?\",\"isPartOf\":{\"@id\":\"https:\/\/sandzakpress.net\/arhiva\/#website\"},\"primaryImageOfPage\":{\"@id\":\"https:\/\/sandzakpress.net\/arhiva\/zasto-su-sirijske-opozicione-grupe-ujedinjenje-protiv-idis-a\/#primaryimage\"},\"image\":{\"@id\":\"https:\/\/sandzakpress.net\/arhiva\/zasto-su-sirijske-opozicione-grupe-ujedinjenje-protiv-idis-a\/#primaryimage\"},\"thumbnailUrl\":\"https:\/\/sandzakpress.net\/arhiva\/wp-content\/uploads\/2014\/08\/Capture14.jpg\",\"datePublished\":\"2014-08-13T23:04:33+00:00\",\"dateModified\":\"2014-08-14T13:45:29+00:00\",\"breadcrumb\":{\"@id\":\"https:\/\/sandzakpress.net\/arhiva\/zasto-su-sirijske-opozicione-grupe-ujedinjenje-protiv-idis-a\/#breadcrumb\"},\"inLanguage\":\"bs-BA\",\"potentialAction\":[{\"@type\":\"ReadAction\",\"target\":[\"https:\/\/sandzakpress.net\/arhiva\/zasto-su-sirijske-opozicione-grupe-ujedinjenje-protiv-idis-a\/\"]}]},{\"@type\":\"ImageObject\",\"inLanguage\":\"bs-BA\",\"@id\":\"https:\/\/sandzakpress.net\/arhiva\/zasto-su-sirijske-opozicione-grupe-ujedinjenje-protiv-idis-a\/#primaryimage\",\"url\":\"https:\/\/sandzakpress.net\/arhiva\/wp-content\/uploads\/2014\/08\/Capture14.jpg\",\"contentUrl\":\"https:\/\/sandzakpress.net\/arhiva\/wp-content\/uploads\/2014\/08\/Capture14.jpg\",\"width\":791,\"height\":444},{\"@type\":\"BreadcrumbList\",\"@id\":\"https:\/\/sandzakpress.net\/arhiva\/zasto-su-sirijske-opozicione-grupe-ujedinjenje-protiv-idis-a\/#breadcrumb\",\"itemListElement\":[{\"@type\":\"ListItem\",\"position\":1,\"name\":\"Home\",\"item\":\"https:\/\/sandzakpress.net\/arhiva\/\"},{\"@type\":\"ListItem\",\"position\":2,\"name\":\"Za\u0161to su sirijske opozicione grupe ujedinjenje protiv IDI\u0160-a?\"}]},{\"@type\":\"WebSite\",\"@id\":\"https:\/\/sandzakpress.net\/arhiva\/#website\",\"url\":\"https:\/\/sandzakpress.net\/arhiva\/\",\"name\":\"Sand\u017eak PRESS\",\"description\":\"Prve elektronske novine u Sand\u017eaku\",\"publisher\":{\"@id\":\"https:\/\/sandzakpress.net\/arhiva\/#\/schema\/person\/6e72b67d6e51910a1117b3b483ba20bd\"},\"potentialAction\":[{\"@type\":\"SearchAction\",\"target\":{\"@type\":\"EntryPoint\",\"urlTemplate\":\"https:\/\/sandzakpress.net\/arhiva\/?s={search_term_string}\"},\"query-input\":{\"@type\":\"PropertyValueSpecification\",\"valueRequired\":true,\"valueName\":\"search_term_string\"}}],\"inLanguage\":\"bs-BA\"},{\"@type\":[\"Person\",\"Organization\"],\"@id\":\"https:\/\/sandzakpress.net\/arhiva\/#\/schema\/person\/6e72b67d6e51910a1117b3b483ba20bd\",\"name\":\"Kul\",\"image\":{\"@type\":\"ImageObject\",\"inLanguage\":\"bs-BA\",\"@id\":\"https:\/\/sandzakpress.net\/arhiva\/#\/schema\/person\/image\/\",\"url\":\"https:\/\/secure.gravatar.com\/avatar\/42263f39aa27ac04c43cab85c280eb2e?s=96&d=mm&r=pg\",\"contentUrl\":\"https:\/\/secure.gravatar.com\/avatar\/42263f39aa27ac04c43cab85c280eb2e?s=96&d=mm&r=pg\",\"caption\":\"Kul\"},\"logo\":{\"@id\":\"https:\/\/sandzakpress.net\/arhiva\/#\/schema\/person\/image\/\"}},{\"@type\":\"Person\",\"@id\":\"https:\/\/sandzakpress.net\/arhiva\/#\/schema\/person\/c8baee722073534b583ea7bdb2e36c02\",\"name\":\"bosniak\",\"image\":{\"@type\":\"ImageObject\",\"inLanguage\":\"bs-BA\",\"@id\":\"https:\/\/sandzakpress.net\/arhiva\/#\/schema\/person\/image\/\",\"url\":\"https:\/\/secure.gravatar.com\/avatar\/a04fd330bfe3a36a72a0ad4a6d89fca7?s=96&d=mm&r=pg\",\"contentUrl\":\"https:\/\/secure.gravatar.com\/avatar\/a04fd330bfe3a36a72a0ad4a6d89fca7?s=96&d=mm&r=pg\",\"caption\":\"bosniak\"},\"url\":\"https:\/\/sandzakpress.net\/arhiva\/author\/bosniak\/\"}]}<\/script>\n<!-- \/ Yoast SEO Premium plugin. -->","yoast_head_json":{"title":"Za\u0161to su sirijske opozicione grupe ujedinjenje protiv IDI\u0160-a?","robots":{"index":"index","follow":"follow","max-snippet":"max-snippet:-1","max-image-preview":"max-image-preview:large","max-video-preview":"max-video-preview:-1"},"canonical":"https:\/\/sandzakpress.net\/arhiva\/zasto-su-sirijske-opozicione-grupe-ujedinjenje-protiv-idis-a\/","og_locale":"bs_BA","og_type":"article","og_title":"Za\u0161to su sirijske opozicione grupe ujedinjenje protiv IDI\u0160-a?","og_description":"Bilal Abdulkerim","og_url":"https:\/\/sandzakpress.net\/arhiva\/zasto-su-sirijske-opozicione-grupe-ujedinjenje-protiv-idis-a\/","og_site_name":"Sand\u017eak PRESS","article_published_time":"2014-08-13T23:04:33+00:00","article_modified_time":"2014-08-14T13:45:29+00:00","og_image":[{"width":791,"height":444,"url":"https:\/\/sandzakpress.net\/arhiva\/wp-content\/uploads\/2014\/08\/Capture14.jpg","type":"image\/jpeg"}],"author":"bosniak","twitter_card":"summary_large_image","twitter_misc":{"Written by":"bosniak","Est. reading time":"7 minuta"},"schema":{"@context":"https:\/\/schema.org","@graph":[{"@type":"Article","@id":"https:\/\/sandzakpress.net\/arhiva\/zasto-su-sirijske-opozicione-grupe-ujedinjenje-protiv-idis-a\/#article","isPartOf":{"@id":"https:\/\/sandzakpress.net\/arhiva\/zasto-su-sirijske-opozicione-grupe-ujedinjenje-protiv-idis-a\/"},"author":{"name":"bosniak","@id":"https:\/\/sandzakpress.net\/arhiva\/#\/schema\/person\/c8baee722073534b583ea7bdb2e36c02"},"headline":"Za\u0161to su sirijske opozicione grupe ujedinjenje protiv IDI\u0160-a?","datePublished":"2014-08-13T23:04:33+00:00","dateModified":"2014-08-14T13:45:29+00:00","mainEntityOfPage":{"@id":"https:\/\/sandzakpress.net\/arhiva\/zasto-su-sirijske-opozicione-grupe-ujedinjenje-protiv-idis-a\/"},"wordCount":1484,"commentCount":5,"publisher":{"@id":"https:\/\/sandzakpress.net\/arhiva\/#\/schema\/person\/6e72b67d6e51910a1117b3b483ba20bd"},"image":{"@id":"https:\/\/sandzakpress.net\/arhiva\/zasto-su-sirijske-opozicione-grupe-ujedinjenje-protiv-idis-a\/#primaryimage"},"thumbnailUrl":"https:\/\/sandzakpress.net\/arhiva\/wp-content\/uploads\/2014\/08\/Capture14.jpg","keywords":["Sirija","Irak"],"articleSection":["Iz pera na\u0161ih autora"],"inLanguage":"bs-BA","potentialAction":[{"@type":"CommentAction","name":"Comment","target":["https:\/\/sandzakpress.net\/arhiva\/zasto-su-sirijske-opozicione-grupe-ujedinjenje-protiv-idis-a\/#respond"]}]},{"@type":"WebPage","@id":"https:\/\/sandzakpress.net\/arhiva\/zasto-su-sirijske-opozicione-grupe-ujedinjenje-protiv-idis-a\/","url":"https:\/\/sandzakpress.net\/arhiva\/zasto-su-sirijske-opozicione-grupe-ujedinjenje-protiv-idis-a\/","name":"Za\u0161to su sirijske opozicione grupe ujedinjenje protiv IDI\u0160-a?","isPartOf":{"@id":"https:\/\/sandzakpress.net\/arhiva\/#website"},"primaryImageOfPage":{"@id":"https:\/\/sandzakpress.net\/arhiva\/zasto-su-sirijske-opozicione-grupe-ujedinjenje-protiv-idis-a\/#primaryimage"},"image":{"@id":"https:\/\/sandzakpress.net\/arhiva\/zasto-su-sirijske-opozicione-grupe-ujedinjenje-protiv-idis-a\/#primaryimage"},"thumbnailUrl":"https:\/\/sandzakpress.net\/arhiva\/wp-content\/uploads\/2014\/08\/Capture14.jpg","datePublished":"2014-08-13T23:04:33+00:00","dateModified":"2014-08-14T13:45:29+00:00","breadcrumb":{"@id":"https:\/\/sandzakpress.net\/arhiva\/zasto-su-sirijske-opozicione-grupe-ujedinjenje-protiv-idis-a\/#breadcrumb"},"inLanguage":"bs-BA","potentialAction":[{"@type":"ReadAction","target":["https:\/\/sandzakpress.net\/arhiva\/zasto-su-sirijske-opozicione-grupe-ujedinjenje-protiv-idis-a\/"]}]},{"@type":"ImageObject","inLanguage":"bs-BA","@id":"https:\/\/sandzakpress.net\/arhiva\/zasto-su-sirijske-opozicione-grupe-ujedinjenje-protiv-idis-a\/#primaryimage","url":"https:\/\/sandzakpress.net\/arhiva\/wp-content\/uploads\/2014\/08\/Capture14.jpg","contentUrl":"https:\/\/sandzakpress.net\/arhiva\/wp-content\/uploads\/2014\/08\/Capture14.jpg","width":791,"height":444},{"@type":"BreadcrumbList","@id":"https:\/\/sandzakpress.net\/arhiva\/zasto-su-sirijske-opozicione-grupe-ujedinjenje-protiv-idis-a\/#breadcrumb","itemListElement":[{"@type":"ListItem","position":1,"name":"Home","item":"https:\/\/sandzakpress.net\/arhiva\/"},{"@type":"ListItem","position":2,"name":"Za\u0161to su sirijske opozicione grupe ujedinjenje protiv IDI\u0160-a?"}]},{"@type":"WebSite","@id":"https:\/\/sandzakpress.net\/arhiva\/#website","url":"https:\/\/sandzakpress.net\/arhiva\/","name":"Sand\u017eak PRESS","description":"Prve elektronske novine u Sand\u017eaku","publisher":{"@id":"https:\/\/sandzakpress.net\/arhiva\/#\/schema\/person\/6e72b67d6e51910a1117b3b483ba20bd"},"potentialAction":[{"@type":"SearchAction","target":{"@type":"EntryPoint","urlTemplate":"https:\/\/sandzakpress.net\/arhiva\/?s={search_term_string}"},"query-input":{"@type":"PropertyValueSpecification","valueRequired":true,"valueName":"search_term_string"}}],"inLanguage":"bs-BA"},{"@type":["Person","Organization"],"@id":"https:\/\/sandzakpress.net\/arhiva\/#\/schema\/person\/6e72b67d6e51910a1117b3b483ba20bd","name":"Kul","image":{"@type":"ImageObject","inLanguage":"bs-BA","@id":"https:\/\/sandzakpress.net\/arhiva\/#\/schema\/person\/image\/","url":"https:\/\/secure.gravatar.com\/avatar\/42263f39aa27ac04c43cab85c280eb2e?s=96&d=mm&r=pg","contentUrl":"https:\/\/secure.gravatar.com\/avatar\/42263f39aa27ac04c43cab85c280eb2e?s=96&d=mm&r=pg","caption":"Kul"},"logo":{"@id":"https:\/\/sandzakpress.net\/arhiva\/#\/schema\/person\/image\/"}},{"@type":"Person","@id":"https:\/\/sandzakpress.net\/arhiva\/#\/schema\/person\/c8baee722073534b583ea7bdb2e36c02","name":"bosniak","image":{"@type":"ImageObject","inLanguage":"bs-BA","@id":"https:\/\/sandzakpress.net\/arhiva\/#\/schema\/person\/image\/","url":"https:\/\/secure.gravatar.com\/avatar\/a04fd330bfe3a36a72a0ad4a6d89fca7?s=96&d=mm&r=pg","contentUrl":"https:\/\/secure.gravatar.com\/avatar\/a04fd330bfe3a36a72a0ad4a6d89fca7?s=96&d=mm&r=pg","caption":"bosniak"},"url":"https:\/\/sandzakpress.net\/arhiva\/author\/bosniak\/"}]}},"_links":{"self":[{"href":"https:\/\/sandzakpress.net\/arhiva\/wp-json\/wp\/v2\/posts\/110411"}],"collection":[{"href":"https:\/\/sandzakpress.net\/arhiva\/wp-json\/wp\/v2\/posts"}],"about":[{"href":"https:\/\/sandzakpress.net\/arhiva\/wp-json\/wp\/v2\/types\/post"}],"author":[{"embeddable":true,"href":"https:\/\/sandzakpress.net\/arhiva\/wp-json\/wp\/v2\/users\/83"}],"replies":[{"embeddable":true,"href":"https:\/\/sandzakpress.net\/arhiva\/wp-json\/wp\/v2\/comments?post=110411"}],"version-history":[{"count":0,"href":"https:\/\/sandzakpress.net\/arhiva\/wp-json\/wp\/v2\/posts\/110411\/revisions"}],"wp:featuredmedia":[{"embeddable":true,"href":"https:\/\/sandzakpress.net\/arhiva\/wp-json\/wp\/v2\/media\/110412"}],"wp:attachment":[{"href":"https:\/\/sandzakpress.net\/arhiva\/wp-json\/wp\/v2\/media?parent=110411"}],"wp:term":[{"taxonomy":"category","embeddable":true,"href":"https:\/\/sandzakpress.net\/arhiva\/wp-json\/wp\/v2\/categories?post=110411"},{"taxonomy":"post_tag","embeddable":true,"href":"https:\/\/sandzakpress.net\/arhiva\/wp-json\/wp\/v2\/tags?post=110411"}],"curies":[{"name":"wp","href":"https:\/\/api.w.org\/{rel}","templated":true}]}}