{"id":109947,"date":"2014-08-05T19:31:25","date_gmt":"2014-08-05T17:31:25","guid":{"rendered":"https:\/\/sandzakpress.net\/arhiva\/?p=109947"},"modified":"2014-08-05T19:31:25","modified_gmt":"2014-08-05T17:31:25","slug":"susret-dijaspore-na-alipasinim-izvorima","status":"publish","type":"post","link":"https:\/\/sandzakpress.net\/arhiva\/susret-dijaspore-na-alipasinim-izvorima\/","title":{"rendered":"Susret dijaspore na Alipa\u0161inim izvorima"},"content":{"rendered":"<p style=\"color: #444444;\"><a href=\"https:\/\/sandzakpress.net\/arhiva\/wp-content\/uploads\/2014\/08\/Alipasini-izvori-11-620x400.jpg\"><img loading=\"lazy\" decoding=\"async\" class=\"aligncenter size-full wp-image-109948\" src=\"https:\/\/sandzakpress.net\/arhiva\/wp-content\/uploads\/2014\/08\/Alipasini-izvori-11-620x400.jpg\" alt=\"Alipasini-izvori-11-620x400\" width=\"620\" height=\"400\" srcset=\"https:\/\/sandzakpress.net\/arhiva\/wp-content\/uploads\/2014\/08\/Alipasini-izvori-11-620x400.jpg 620w, https:\/\/sandzakpress.net\/arhiva\/wp-content\/uploads\/2014\/08\/Alipasini-izvori-11-620x400-616x397.jpg 616w\" sizes=\"(max-width: 620px) 100vw, 620px\" \/><\/a><\/p>\n<p style=\"color: #444444;\"><strong>Gusinje &#8211; Susretom ljudi koji \u017eive \u0161irom svijeta, a \u010dije je porijeklo vezano za Ju\u017eni Sand\u017eak, danas je obilje\u017een Dan dijaspore, u Gusinju, na sjeveru Crne Gore.<\/strong><\/p>\n<p style=\"color: #444444;\">Na poznatom turisti\u010dkom izleti\u0161tu Alipa\u0161inim izvorima danas su se mogli \u010duti mnogi strani jezici, jer ljudi koji su porijeklom sa prostora Gusinja, Plava, Berana i Ro\u017eaja \u017eive \u0161irom svijeta. Mnogi su do\u0161li iz Amerike, gdje prema procjenama \u017eivi vi\u0161e od 30 hiljada Gusinjana. Na Alipa\u0161inim izvorima su i ljudi koji \u017eive u Evropi, Australiji, Japanu, kao i u zemljama regije, a ponajvi\u0161e ih je stiglo iz Sarajeva.<\/p>\n<p style=\"color: #444444;\">Izet Deljanin je danas sa svojom suprugom i unucima do\u0161ao na ovaj tradicionalni susret dijaspore. Ka\u017ee da je u Americi od 1995.<\/p>\n<p style=\"color: #444444;\">\u201cDolazim skoro svake godine. Ovo je moj rodni kraj, moj narod. Vjerujte, ve\u0107ina nas koji su rasuti po svijetu \u017eivi za dan kada \u0107emo se opet ovdje sresti\u201d, pri\u010da Deljanin. Njegova supruga Nak\u0161ija ka\u017ee da je ove godine mnogo vi\u0161e naroda sa strane do\u0161lo na odmor, nego prethodnih.<\/p>\n<p style=\"color: #444444;\">\u201cEvo vidite, pola sata nam je trebalo da stignemo do Alipa\u0161inih izvora\u201d, ka\u017ee Nak\u0161ija, dok njihovi unuci Adrijan i Elvin lagano tr\u010dkaraju po velikoj livadi na ovom izleti\u0161tu.<\/p>\n<p style=\"color: #444444;\">\u201cDolazimo \u010detvrtu godinu uzastopno. Cilj nam je da na\u0161a unu\u010dad nau\u010de na\u0161 jezik i da znaju odakle je porijeklo njihovog \u0111eda i oca. Jer, oni su ro\u0111eni u Americi\u201d, ka\u017ee Izet Deljanin, koji \u017eivi u Njujorku.<\/p>\n<p style=\"color: #444444;\">Tradicionalni susret na Alipa\u0161inim izvorima mnogima ostane u sje\u0107anju do kraja \u017eivota. Jer, u danu kada se na hiljade ljudi sretne na ovom izleti\u0161tu, prosto je nemogu\u0107e da se ne rodi neka nova ljubav. Prema rije\u010dima dugogodi\u0161njeg novinara iz Gusinja Rifata Grude, \u010desto se i po desetak brakova sklopi u ovom danu.<\/p>\n<p style=\"color: #444444;\"><a href=\"https:\/\/sandzakpress.net\/arhiva\/wp-content\/uploads\/2014\/08\/Alipasini-izvori-2.jpg\"><img loading=\"lazy\" decoding=\"async\" class=\"aligncenter size-full wp-image-109949\" src=\"https:\/\/sandzakpress.net\/arhiva\/wp-content\/uploads\/2014\/08\/Alipasini-izvori-2.jpg\" alt=\"Alipasini-izvori-2\" width=\"620\" height=\"400\" srcset=\"https:\/\/sandzakpress.net\/arhiva\/wp-content\/uploads\/2014\/08\/Alipasini-izvori-2.jpg 620w, https:\/\/sandzakpress.net\/arhiva\/wp-content\/uploads\/2014\/08\/Alipasini-izvori-2-616x397.jpg 616w\" sizes=\"(max-width: 620px) 100vw, 620px\" \/><\/a><\/p>\n<p style=\"color: #444444;\">\u201cSada je malo druga\u010dije, jer ljudi imaju telefone, internet, vi\u0161e su u kontaktu. Ranije je bio obi\u010daj da do\u0111u ljudi sa strane, kojima je Gusinje i Plav rodno mjesto. Onda bi oni oti\u0161li na Alipa\u0161ine izvore, pa bi tako tra\u017eili curu za svog sina, koji je u Americi. Pokazali bi njegovu sliku, i tako bi se sklopio brak. Naravno, sada je sve to druga\u010dije\u201d, pri\u010da Rifat nekada\u0161nji obi\u010daj ovog mjesta.<\/p>\n<p style=\"color: #444444;\">Danas je na Alipa\u0161inim izvorima bilo vi\u0161e hiljada ljudi. \u0160etnja oko izvora za mnoge je vi\u0161e od obi\u010daja. Oko izvora su postavljene tezge gdje se prodaje sve i sva\u0161ta. Nudi se i hrana, i to \u0107evapi, specijalitet ovog mjesta.<\/p>\n<p style=\"color: #444444;\">Mnogi igraju gusinjsko kolo Alaturko. Nakon susreta na Alipa\u0161inim izvorima, mnogi se vra\u0107aju u grad, gdje je ve\u010deras popularno pro\u0161etati gusinjskim korzom.<\/p>\n<p style=\"color: #444444;\">(Anadolija)<\/p>\n","protected":false},"excerpt":{"rendered":"<p>Gusinje &#8211; Susretom ljudi koji \u017eive \u0161irom svijeta, a \u010dije je porijeklo vezano za Ju\u017eni Sand\u017eak, danas je obilje\u017een Dan dijaspore, u Gusinju, na sjeveru Crne Gore. Na poznatom turisti\u010dkom izleti\u0161tu Alipa\u0161inim izvorima danas su se mogli \u010duti mnogi strani jezici, jer ljudi koji su porijeklom sa prostora Gusinja, Plava, Berana i Ro\u017eaja \u017eive \u0161irom [&hellip;]<\/p>\n","protected":false},"author":83,"featured_media":109948,"comment_status":"open","ping_status":"open","sticky":false,"template":"","format":"standard","meta":{"footnotes":""},"categories":[800,9538,10173],"tags":[],"class_list":{"0":"post-109947","1":"post","2":"type-post","3":"status-publish","4":"format-standard","5":"has-post-thumbnail","7":"category-nacija","8":"category-njemacka-dijaspora-gradovi-vase-vijesti","9":"category-gusinje-vase-vijesti"},"yoast_head":"<!-- This site is optimized with the Yoast SEO Premium plugin v23.1 (Yoast SEO v24.9) - https:\/\/yoast.com\/wordpress\/plugins\/seo\/ -->\n<title>Susret dijaspore na Alipa\u0161inim izvorima<\/title>\n<meta name=\"robots\" content=\"index, follow, max-snippet:-1, max-image-preview:large, max-video-preview:-1\" \/>\n<link rel=\"canonical\" href=\"https:\/\/sandzakpress.net\/arhiva\/susret-dijaspore-na-alipasinim-izvorima\/\" \/>\n<meta property=\"og:locale\" content=\"bs_BA\" \/>\n<meta property=\"og:type\" content=\"article\" \/>\n<meta property=\"og:title\" content=\"Susret dijaspore na Alipa\u0161inim izvorima\" \/>\n<meta property=\"og:description\" content=\"Gusinje &#8211; Susretom ljudi koji \u017eive \u0161irom svijeta, a \u010dije je porijeklo vezano za Ju\u017eni Sand\u017eak, danas je obilje\u017een Dan dijaspore, u Gusinju, na sjeveru Crne Gore. Na poznatom turisti\u010dkom izleti\u0161tu Alipa\u0161inim izvorima danas su se mogli \u010duti mnogi strani jezici, jer ljudi koji su porijeklom sa prostora Gusinja, Plava, Berana i Ro\u017eaja \u017eive \u0161irom [&hellip;]\" \/>\n<meta property=\"og:url\" content=\"https:\/\/sandzakpress.net\/arhiva\/susret-dijaspore-na-alipasinim-izvorima\/\" \/>\n<meta property=\"og:site_name\" content=\"Sand\u017eak PRESS\" \/>\n<meta property=\"article:published_time\" content=\"2014-08-05T17:31:25+00:00\" \/>\n<meta property=\"og:image\" content=\"https:\/\/sandzakpress.net\/arhiva\/wp-content\/uploads\/2014\/08\/Alipasini-izvori-11-620x400.jpg\" \/>\n\t<meta property=\"og:image:width\" content=\"620\" \/>\n\t<meta property=\"og:image:height\" content=\"400\" \/>\n\t<meta property=\"og:image:type\" content=\"image\/jpeg\" \/>\n<meta name=\"author\" content=\"bosniak\" \/>\n<meta name=\"twitter:card\" content=\"summary_large_image\" \/>\n<meta name=\"twitter:label1\" content=\"Written by\" \/>\n\t<meta name=\"twitter:data1\" content=\"bosniak\" \/>\n\t<meta name=\"twitter:label2\" content=\"Est. reading time\" \/>\n\t<meta name=\"twitter:data2\" content=\"2 minute\" \/>\n<script type=\"application\/ld+json\" class=\"yoast-schema-graph\">{\"@context\":\"https:\/\/schema.org\",\"@graph\":[{\"@type\":\"Article\",\"@id\":\"https:\/\/sandzakpress.net\/arhiva\/susret-dijaspore-na-alipasinim-izvorima\/#article\",\"isPartOf\":{\"@id\":\"https:\/\/sandzakpress.net\/arhiva\/susret-dijaspore-na-alipasinim-izvorima\/\"},\"author\":{\"name\":\"bosniak\",\"@id\":\"https:\/\/sandzakpress.net\/arhiva\/#\/schema\/person\/c8baee722073534b583ea7bdb2e36c02\"},\"headline\":\"Susret dijaspore na Alipa\u0161inim izvorima\",\"datePublished\":\"2014-08-05T17:31:25+00:00\",\"mainEntityOfPage\":{\"@id\":\"https:\/\/sandzakpress.net\/arhiva\/susret-dijaspore-na-alipasinim-izvorima\/\"},\"wordCount\":471,\"commentCount\":0,\"publisher\":{\"@id\":\"https:\/\/sandzakpress.net\/arhiva\/#\/schema\/person\/6e72b67d6e51910a1117b3b483ba20bd\"},\"image\":{\"@id\":\"https:\/\/sandzakpress.net\/arhiva\/susret-dijaspore-na-alipasinim-izvorima\/#primaryimage\"},\"thumbnailUrl\":\"https:\/\/sandzakpress.net\/arhiva\/wp-content\/uploads\/2014\/08\/Alipasini-izvori-11-620x400.jpg\",\"articleSection\":[\"Nacija\",\"Njema\u010dka\",\"Gusinje\"],\"inLanguage\":\"bs-BA\",\"potentialAction\":[{\"@type\":\"CommentAction\",\"name\":\"Comment\",\"target\":[\"https:\/\/sandzakpress.net\/arhiva\/susret-dijaspore-na-alipasinim-izvorima\/#respond\"]}]},{\"@type\":\"WebPage\",\"@id\":\"https:\/\/sandzakpress.net\/arhiva\/susret-dijaspore-na-alipasinim-izvorima\/\",\"url\":\"https:\/\/sandzakpress.net\/arhiva\/susret-dijaspore-na-alipasinim-izvorima\/\",\"name\":\"Susret dijaspore na Alipa\u0161inim izvorima\",\"isPartOf\":{\"@id\":\"https:\/\/sandzakpress.net\/arhiva\/#website\"},\"primaryImageOfPage\":{\"@id\":\"https:\/\/sandzakpress.net\/arhiva\/susret-dijaspore-na-alipasinim-izvorima\/#primaryimage\"},\"image\":{\"@id\":\"https:\/\/sandzakpress.net\/arhiva\/susret-dijaspore-na-alipasinim-izvorima\/#primaryimage\"},\"thumbnailUrl\":\"https:\/\/sandzakpress.net\/arhiva\/wp-content\/uploads\/2014\/08\/Alipasini-izvori-11-620x400.jpg\",\"datePublished\":\"2014-08-05T17:31:25+00:00\",\"breadcrumb\":{\"@id\":\"https:\/\/sandzakpress.net\/arhiva\/susret-dijaspore-na-alipasinim-izvorima\/#breadcrumb\"},\"inLanguage\":\"bs-BA\",\"potentialAction\":[{\"@type\":\"ReadAction\",\"target\":[\"https:\/\/sandzakpress.net\/arhiva\/susret-dijaspore-na-alipasinim-izvorima\/\"]}]},{\"@type\":\"ImageObject\",\"inLanguage\":\"bs-BA\",\"@id\":\"https:\/\/sandzakpress.net\/arhiva\/susret-dijaspore-na-alipasinim-izvorima\/#primaryimage\",\"url\":\"https:\/\/sandzakpress.net\/arhiva\/wp-content\/uploads\/2014\/08\/Alipasini-izvori-11-620x400.jpg\",\"contentUrl\":\"https:\/\/sandzakpress.net\/arhiva\/wp-content\/uploads\/2014\/08\/Alipasini-izvori-11-620x400.jpg\",\"width\":620,\"height\":400},{\"@type\":\"BreadcrumbList\",\"@id\":\"https:\/\/sandzakpress.net\/arhiva\/susret-dijaspore-na-alipasinim-izvorima\/#breadcrumb\",\"itemListElement\":[{\"@type\":\"ListItem\",\"position\":1,\"name\":\"Home\",\"item\":\"https:\/\/sandzakpress.net\/arhiva\/\"},{\"@type\":\"ListItem\",\"position\":2,\"name\":\"Susret dijaspore na Alipa\u0161inim izvorima\"}]},{\"@type\":\"WebSite\",\"@id\":\"https:\/\/sandzakpress.net\/arhiva\/#website\",\"url\":\"https:\/\/sandzakpress.net\/arhiva\/\",\"name\":\"Sand\u017eak PRESS\",\"description\":\"Prve elektronske novine u Sand\u017eaku\",\"publisher\":{\"@id\":\"https:\/\/sandzakpress.net\/arhiva\/#\/schema\/person\/6e72b67d6e51910a1117b3b483ba20bd\"},\"potentialAction\":[{\"@type\":\"SearchAction\",\"target\":{\"@type\":\"EntryPoint\",\"urlTemplate\":\"https:\/\/sandzakpress.net\/arhiva\/?s={search_term_string}\"},\"query-input\":{\"@type\":\"PropertyValueSpecification\",\"valueRequired\":true,\"valueName\":\"search_term_string\"}}],\"inLanguage\":\"bs-BA\"},{\"@type\":[\"Person\",\"Organization\"],\"@id\":\"https:\/\/sandzakpress.net\/arhiva\/#\/schema\/person\/6e72b67d6e51910a1117b3b483ba20bd\",\"name\":\"Kul\",\"image\":{\"@type\":\"ImageObject\",\"inLanguage\":\"bs-BA\",\"@id\":\"https:\/\/sandzakpress.net\/arhiva\/#\/schema\/person\/image\/\",\"url\":\"https:\/\/secure.gravatar.com\/avatar\/42263f39aa27ac04c43cab85c280eb2e?s=96&d=mm&r=pg\",\"contentUrl\":\"https:\/\/secure.gravatar.com\/avatar\/42263f39aa27ac04c43cab85c280eb2e?s=96&d=mm&r=pg\",\"caption\":\"Kul\"},\"logo\":{\"@id\":\"https:\/\/sandzakpress.net\/arhiva\/#\/schema\/person\/image\/\"}},{\"@type\":\"Person\",\"@id\":\"https:\/\/sandzakpress.net\/arhiva\/#\/schema\/person\/c8baee722073534b583ea7bdb2e36c02\",\"name\":\"bosniak\",\"image\":{\"@type\":\"ImageObject\",\"inLanguage\":\"bs-BA\",\"@id\":\"https:\/\/sandzakpress.net\/arhiva\/#\/schema\/person\/image\/\",\"url\":\"https:\/\/secure.gravatar.com\/avatar\/a04fd330bfe3a36a72a0ad4a6d89fca7?s=96&d=mm&r=pg\",\"contentUrl\":\"https:\/\/secure.gravatar.com\/avatar\/a04fd330bfe3a36a72a0ad4a6d89fca7?s=96&d=mm&r=pg\",\"caption\":\"bosniak\"},\"url\":\"https:\/\/sandzakpress.net\/arhiva\/author\/bosniak\/\"}]}<\/script>\n<!-- \/ Yoast SEO Premium plugin. -->","yoast_head_json":{"title":"Susret dijaspore na Alipa\u0161inim izvorima","robots":{"index":"index","follow":"follow","max-snippet":"max-snippet:-1","max-image-preview":"max-image-preview:large","max-video-preview":"max-video-preview:-1"},"canonical":"https:\/\/sandzakpress.net\/arhiva\/susret-dijaspore-na-alipasinim-izvorima\/","og_locale":"bs_BA","og_type":"article","og_title":"Susret dijaspore na Alipa\u0161inim izvorima","og_description":"Gusinje &#8211; Susretom ljudi koji \u017eive \u0161irom svijeta, a \u010dije je porijeklo vezano za Ju\u017eni Sand\u017eak, danas je obilje\u017een Dan dijaspore, u Gusinju, na sjeveru Crne Gore. Na poznatom turisti\u010dkom izleti\u0161tu Alipa\u0161inim izvorima danas su se mogli \u010duti mnogi strani jezici, jer ljudi koji su porijeklom sa prostora Gusinja, Plava, Berana i Ro\u017eaja \u017eive \u0161irom [&hellip;]","og_url":"https:\/\/sandzakpress.net\/arhiva\/susret-dijaspore-na-alipasinim-izvorima\/","og_site_name":"Sand\u017eak PRESS","article_published_time":"2014-08-05T17:31:25+00:00","og_image":[{"width":620,"height":400,"url":"https:\/\/sandzakpress.net\/arhiva\/wp-content\/uploads\/2014\/08\/Alipasini-izvori-11-620x400.jpg","type":"image\/jpeg"}],"author":"bosniak","twitter_card":"summary_large_image","twitter_misc":{"Written by":"bosniak","Est. reading time":"2 minute"},"schema":{"@context":"https:\/\/schema.org","@graph":[{"@type":"Article","@id":"https:\/\/sandzakpress.net\/arhiva\/susret-dijaspore-na-alipasinim-izvorima\/#article","isPartOf":{"@id":"https:\/\/sandzakpress.net\/arhiva\/susret-dijaspore-na-alipasinim-izvorima\/"},"author":{"name":"bosniak","@id":"https:\/\/sandzakpress.net\/arhiva\/#\/schema\/person\/c8baee722073534b583ea7bdb2e36c02"},"headline":"Susret dijaspore na Alipa\u0161inim izvorima","datePublished":"2014-08-05T17:31:25+00:00","mainEntityOfPage":{"@id":"https:\/\/sandzakpress.net\/arhiva\/susret-dijaspore-na-alipasinim-izvorima\/"},"wordCount":471,"commentCount":0,"publisher":{"@id":"https:\/\/sandzakpress.net\/arhiva\/#\/schema\/person\/6e72b67d6e51910a1117b3b483ba20bd"},"image":{"@id":"https:\/\/sandzakpress.net\/arhiva\/susret-dijaspore-na-alipasinim-izvorima\/#primaryimage"},"thumbnailUrl":"https:\/\/sandzakpress.net\/arhiva\/wp-content\/uploads\/2014\/08\/Alipasini-izvori-11-620x400.jpg","articleSection":["Nacija","Njema\u010dka","Gusinje"],"inLanguage":"bs-BA","potentialAction":[{"@type":"CommentAction","name":"Comment","target":["https:\/\/sandzakpress.net\/arhiva\/susret-dijaspore-na-alipasinim-izvorima\/#respond"]}]},{"@type":"WebPage","@id":"https:\/\/sandzakpress.net\/arhiva\/susret-dijaspore-na-alipasinim-izvorima\/","url":"https:\/\/sandzakpress.net\/arhiva\/susret-dijaspore-na-alipasinim-izvorima\/","name":"Susret dijaspore na Alipa\u0161inim izvorima","isPartOf":{"@id":"https:\/\/sandzakpress.net\/arhiva\/#website"},"primaryImageOfPage":{"@id":"https:\/\/sandzakpress.net\/arhiva\/susret-dijaspore-na-alipasinim-izvorima\/#primaryimage"},"image":{"@id":"https:\/\/sandzakpress.net\/arhiva\/susret-dijaspore-na-alipasinim-izvorima\/#primaryimage"},"thumbnailUrl":"https:\/\/sandzakpress.net\/arhiva\/wp-content\/uploads\/2014\/08\/Alipasini-izvori-11-620x400.jpg","datePublished":"2014-08-05T17:31:25+00:00","breadcrumb":{"@id":"https:\/\/sandzakpress.net\/arhiva\/susret-dijaspore-na-alipasinim-izvorima\/#breadcrumb"},"inLanguage":"bs-BA","potentialAction":[{"@type":"ReadAction","target":["https:\/\/sandzakpress.net\/arhiva\/susret-dijaspore-na-alipasinim-izvorima\/"]}]},{"@type":"ImageObject","inLanguage":"bs-BA","@id":"https:\/\/sandzakpress.net\/arhiva\/susret-dijaspore-na-alipasinim-izvorima\/#primaryimage","url":"https:\/\/sandzakpress.net\/arhiva\/wp-content\/uploads\/2014\/08\/Alipasini-izvori-11-620x400.jpg","contentUrl":"https:\/\/sandzakpress.net\/arhiva\/wp-content\/uploads\/2014\/08\/Alipasini-izvori-11-620x400.jpg","width":620,"height":400},{"@type":"BreadcrumbList","@id":"https:\/\/sandzakpress.net\/arhiva\/susret-dijaspore-na-alipasinim-izvorima\/#breadcrumb","itemListElement":[{"@type":"ListItem","position":1,"name":"Home","item":"https:\/\/sandzakpress.net\/arhiva\/"},{"@type":"ListItem","position":2,"name":"Susret dijaspore na Alipa\u0161inim izvorima"}]},{"@type":"WebSite","@id":"https:\/\/sandzakpress.net\/arhiva\/#website","url":"https:\/\/sandzakpress.net\/arhiva\/","name":"Sand\u017eak PRESS","description":"Prve elektronske novine u Sand\u017eaku","publisher":{"@id":"https:\/\/sandzakpress.net\/arhiva\/#\/schema\/person\/6e72b67d6e51910a1117b3b483ba20bd"},"potentialAction":[{"@type":"SearchAction","target":{"@type":"EntryPoint","urlTemplate":"https:\/\/sandzakpress.net\/arhiva\/?s={search_term_string}"},"query-input":{"@type":"PropertyValueSpecification","valueRequired":true,"valueName":"search_term_string"}}],"inLanguage":"bs-BA"},{"@type":["Person","Organization"],"@id":"https:\/\/sandzakpress.net\/arhiva\/#\/schema\/person\/6e72b67d6e51910a1117b3b483ba20bd","name":"Kul","image":{"@type":"ImageObject","inLanguage":"bs-BA","@id":"https:\/\/sandzakpress.net\/arhiva\/#\/schema\/person\/image\/","url":"https:\/\/secure.gravatar.com\/avatar\/42263f39aa27ac04c43cab85c280eb2e?s=96&d=mm&r=pg","contentUrl":"https:\/\/secure.gravatar.com\/avatar\/42263f39aa27ac04c43cab85c280eb2e?s=96&d=mm&r=pg","caption":"Kul"},"logo":{"@id":"https:\/\/sandzakpress.net\/arhiva\/#\/schema\/person\/image\/"}},{"@type":"Person","@id":"https:\/\/sandzakpress.net\/arhiva\/#\/schema\/person\/c8baee722073534b583ea7bdb2e36c02","name":"bosniak","image":{"@type":"ImageObject","inLanguage":"bs-BA","@id":"https:\/\/sandzakpress.net\/arhiva\/#\/schema\/person\/image\/","url":"https:\/\/secure.gravatar.com\/avatar\/a04fd330bfe3a36a72a0ad4a6d89fca7?s=96&d=mm&r=pg","contentUrl":"https:\/\/secure.gravatar.com\/avatar\/a04fd330bfe3a36a72a0ad4a6d89fca7?s=96&d=mm&r=pg","caption":"bosniak"},"url":"https:\/\/sandzakpress.net\/arhiva\/author\/bosniak\/"}]}},"_links":{"self":[{"href":"https:\/\/sandzakpress.net\/arhiva\/wp-json\/wp\/v2\/posts\/109947"}],"collection":[{"href":"https:\/\/sandzakpress.net\/arhiva\/wp-json\/wp\/v2\/posts"}],"about":[{"href":"https:\/\/sandzakpress.net\/arhiva\/wp-json\/wp\/v2\/types\/post"}],"author":[{"embeddable":true,"href":"https:\/\/sandzakpress.net\/arhiva\/wp-json\/wp\/v2\/users\/83"}],"replies":[{"embeddable":true,"href":"https:\/\/sandzakpress.net\/arhiva\/wp-json\/wp\/v2\/comments?post=109947"}],"version-history":[{"count":0,"href":"https:\/\/sandzakpress.net\/arhiva\/wp-json\/wp\/v2\/posts\/109947\/revisions"}],"wp:featuredmedia":[{"embeddable":true,"href":"https:\/\/sandzakpress.net\/arhiva\/wp-json\/wp\/v2\/media\/109948"}],"wp:attachment":[{"href":"https:\/\/sandzakpress.net\/arhiva\/wp-json\/wp\/v2\/media?parent=109947"}],"wp:term":[{"taxonomy":"category","embeddable":true,"href":"https:\/\/sandzakpress.net\/arhiva\/wp-json\/wp\/v2\/categories?post=109947"},{"taxonomy":"post_tag","embeddable":true,"href":"https:\/\/sandzakpress.net\/arhiva\/wp-json\/wp\/v2\/tags?post=109947"}],"curies":[{"name":"wp","href":"https:\/\/api.w.org\/{rel}","templated":true}]}}